{"id":3593,"date":"2012-10-09T00:00:00","date_gmt":"2012-10-08T22:00:00","guid":{"rendered":"https:\/\/lightweb.dev\/l\/svm-temp\/lattare-att-boka-bil-hos-helle-hollis\/"},"modified":"2012-10-09T00:00:00","modified_gmt":"2012-10-08T22:00:00","slug":"lattare-att-boka-bil-hos-helle-hollis","status":"publish","type":"post","link":"https:\/\/lightweb.dev\/l\/svm-temp\/artiklar\/lattare-att-boka-bil-hos-helle-hollis\/","title":{"rendered":"L\u00e4ttare att boka bil hos Helle Hollis"},"content":{"rendered":"<p> Helle Hollis lanserade f\u00f6r ett \u00e5r sedan en helt ny och modern design p\u00e5 sin hemsida. Nu i oktober f\u00f6ljer vi upp med en modernisering och f\u00f6renkling av sj\u00e4lva bokningsprocessen. Internet \u00e4r idag den viktigaste f\u00f6rs\u00e4ljningskanalen f\u00f6r oss, menar administrativa direkt\u00f6ren Hans Hugo From.<br \/>\nVi vill d\u00e4rf\u00f6r g\u00f6ra det \u00e4nnu l\u00e4ttare att boka en bil p\u00e5 www.hellehollis.com. Programmet \u00e4r framtaget av Helle Hollis egen IT avdelning i samarbete med marketing avdelningen. Vi har l\u00e5tit kunder g\u00f6ra test bokningar f\u00f6r att vara helt s\u00e4kra p\u00e5 att anv\u00e4ndarv\u00e4nligheten \u00e4r den allra b\u00e4sta. Bokning g\u00f6rs i 3 enkla steg med klara besked p\u00e5 vilka rabatter och f\u00f6rdelar den valda bilgruppen inneb\u00e4r. Ni betalar inte i f\u00f6rv\u00e4g och er bil bekr\u00e4ftas automatiskt per email eller SMS.<br \/>\nDet nya bokningssystemet \u00e4r nu helt samordnat med v\u00e5rt uthyrningssystem och processen sker helt automatiskt. Helle Hollis kan d\u00e4rf\u00f6r erbjuda en s\u00e4rskild webb rabatt. Kunden kan dessutom hela tidenn kontrollera sitt kundkonto, sina bokningar och sina uppn\u00e5dda rabatter.<br \/>\nF\u00f6r alla Home Owners klubbmedlemmarna betyder det fler f\u00f6rdelar. Medlemmar kan nu se sin hopsparade bonus rabatt p\u00e5 vald bilgrupp och sj\u00e4lv best\u00e4mma hur mycket rabatt de vill anv\u00e4nda vid varje hyrnings tillf\u00e4lle. Systemet lagrar ocks\u00e5 personliga upplysningar f\u00f6r framtida bokningar. Vi vet alla, att det \u00e4r enklast att kommunicera p\u00e5 sitt eget spr\u00e5k. www.hellehollis.com finns nu p\u00e5 6 spr\u00e5k; danska, engelska, spanska, tyska, franska och holl\u00e4ndska, s\u00e4ger Hans Hugo From, som f\u00f6rv\u00e4ntar att ny design och enklare bokningsprocess skall f\u00e5 \u00e4nnu fler kunder att boka hyrbil p\u00e5 www.hellehollis.com <\/p>\n","protected":false},"excerpt":{"rendered":"<p>Helle Hollis lanserade f\u00f6r ett \u00e5r sedan en helt ny och modern design p\u00e5 sin hemsida. Nu i oktober f\u00f6ljer vi upp med en modernisering och f\u00f6renkling av sj\u00e4lva bokningsprocessen. Internet \u00e4r idag den viktigaste f\u00f6rs\u00e4ljningskanalen f\u00f6r oss, menar administrativa direkt\u00f6ren Hans Hugo From. Vi vill d\u00e4rf\u00f6r g\u00f6ra det \u00e4nnu l\u00e4ttare att boka en bil [&hellip;]<\/p>\n","protected":false},"author":8,"featured_media":0,"comment_status":"open","ping_status":"open","sticky":false,"template":"","format":"standard","meta":{"_et_pb_use_builder":"","_et_pb_old_content":"","_et_gb_content_width":"","footnotes":""},"categories":[396,4],"tags":[],"class_list":["post-3593","post","type-post","status-publish","format-standard","hentry","category-arkiv-artiklar","category-artiklar"],"yoast_head":"<!-- This site is optimized with the Yoast SEO Premium plugin v26.2 (Yoast SEO v27.5) - https:\/\/yoast.com\/product\/yoast-seo-premium-wordpress\/ -->\n<title>L\u00e4ttare att boka bil hos Helle Hollis - Svenska Magasinet<\/title>\n<meta name=\"robots\" content=\"noindex, follow, max-snippet:-1, max-image-preview:large, max-video-preview:-1\" \/>\n<meta property=\"og:locale\" content=\"sv_SE\" \/>\n<meta property=\"og:type\" content=\"article\" \/>\n<meta property=\"og:title\" content=\"L\u00e4ttare att boka bil hos Helle Hollis\" \/>\n<meta property=\"og:description\" content=\"Helle Hollis lanserade f\u00f6r ett \u00e5r sedan en helt ny och modern design p\u00e5 sin hemsida. Nu i oktober f\u00f6ljer vi upp med en modernisering och f\u00f6renkling av sj\u00e4lva bokningsprocessen. Internet \u00e4r idag den viktigaste f\u00f6rs\u00e4ljningskanalen f\u00f6r oss, menar administrativa direkt\u00f6ren Hans Hugo From. Vi vill d\u00e4rf\u00f6r g\u00f6ra det \u00e4nnu l\u00e4ttare att boka en bil [&hellip;]\" \/>\n<meta property=\"og:url\" content=\"https:\/\/lightweb.dev\/l\/svm-temp\/artiklar\/lattare-att-boka-bil-hos-helle-hollis\/\" \/>\n<meta property=\"og:site_name\" content=\"Svenska Magasinet\" \/>\n<meta property=\"article:publisher\" content=\"https:\/\/www.facebook.com\/svenskamagasinet\" \/>\n<meta property=\"article:published_time\" content=\"2012-10-08T22:00:00+00:00\" \/>\n<meta name=\"author\" content=\"Redaktionen SvM\" \/>\n<meta name=\"twitter:card\" content=\"summary_large_image\" \/>\n<meta name=\"twitter:creator\" content=\"@SvenskaMagasine\" \/>\n<meta name=\"twitter:site\" content=\"@SvenskaMagasine\" \/>\n<script type=\"application\/ld+json\" class=\"yoast-schema-graph\">{\"@context\":\"https:\\\/\\\/schema.org\",\"@graph\":[{\"@type\":\"Article\",\"@id\":\"https:\\\/\\\/lightweb.dev\\\/l\\\/svm-temp\\\/artiklar\\\/lattare-att-boka-bil-hos-helle-hollis\\\/#article\",\"isPartOf\":{\"@id\":\"https:\\\/\\\/lightweb.dev\\\/l\\\/svm-temp\\\/artiklar\\\/lattare-att-boka-bil-hos-helle-hollis\\\/\"},\"author\":{\"name\":\"Redaktionen SvM\",\"@id\":\"https:\\\/\\\/lightweb.dev\\\/l\\\/svm-temp\\\/#\\\/schema\\\/person\\\/206a3bda5b607b0c25e1749191e4d837\"},\"headline\":\"L\u00e4ttare att boka bil hos Helle Hollis\",\"datePublished\":\"2012-10-08T22:00:00+00:00\",\"mainEntityOfPage\":{\"@id\":\"https:\\\/\\\/lightweb.dev\\\/l\\\/svm-temp\\\/artiklar\\\/lattare-att-boka-bil-hos-helle-hollis\\\/\"},\"wordCount\":304,\"commentCount\":0,\"publisher\":{\"@id\":\"https:\\\/\\\/lightweb.dev\\\/l\\\/svm-temp\\\/#organization\"},\"articleSection\":[\"Arkiv\",\"Artiklar\"],\"inLanguage\":\"sv-SE\"},{\"@type\":\"WebPage\",\"@id\":\"https:\\\/\\\/lightweb.dev\\\/l\\\/svm-temp\\\/artiklar\\\/lattare-att-boka-bil-hos-helle-hollis\\\/\",\"url\":\"https:\\\/\\\/lightweb.dev\\\/l\\\/svm-temp\\\/artiklar\\\/lattare-att-boka-bil-hos-helle-hollis\\\/\",\"name\":\"L\u00e4ttare att boka bil hos Helle Hollis - Svenska Magasinet\",\"isPartOf\":{\"@id\":\"https:\\\/\\\/lightweb.dev\\\/l\\\/svm-temp\\\/#website\"},\"datePublished\":\"2012-10-08T22:00:00+00:00\",\"breadcrumb\":{\"@id\":\"https:\\\/\\\/lightweb.dev\\\/l\\\/svm-temp\\\/artiklar\\\/lattare-att-boka-bil-hos-helle-hollis\\\/#breadcrumb\"},\"inLanguage\":\"sv-SE\",\"potentialAction\":[{\"@type\":\"ReadAction\",\"target\":[\"https:\\\/\\\/lightweb.dev\\\/l\\\/svm-temp\\\/artiklar\\\/lattare-att-boka-bil-hos-helle-hollis\\\/\"]}]},{\"@type\":\"BreadcrumbList\",\"@id\":\"https:\\\/\\\/lightweb.dev\\\/l\\\/svm-temp\\\/artiklar\\\/lattare-att-boka-bil-hos-helle-hollis\\\/#breadcrumb\",\"itemListElement\":[{\"@type\":\"ListItem\",\"position\":1,\"name\":\"Hem\",\"item\":\"https:\\\/\\\/lightweb.dev\\\/l\\\/svm-temp\\\/\"},{\"@type\":\"ListItem\",\"position\":2,\"name\":\"L\u00e4ttare att boka bil hos Helle Hollis\"}]},{\"@type\":\"WebSite\",\"@id\":\"https:\\\/\\\/lightweb.dev\\\/l\\\/svm-temp\\\/#website\",\"url\":\"https:\\\/\\\/lightweb.dev\\\/l\\\/svm-temp\\\/\",\"name\":\"Svenska Magasinet\",\"description\":\"Dina Spanska nyheter p&aring; Svenska\",\"publisher\":{\"@id\":\"https:\\\/\\\/lightweb.dev\\\/l\\\/svm-temp\\\/#organization\"},\"potentialAction\":[{\"@type\":\"SearchAction\",\"target\":{\"@type\":\"EntryPoint\",\"urlTemplate\":\"https:\\\/\\\/lightweb.dev\\\/l\\\/svm-temp\\\/?s={search_term_string}\"},\"query-input\":{\"@type\":\"PropertyValueSpecification\",\"valueRequired\":true,\"valueName\":\"search_term_string\"}}],\"inLanguage\":\"sv-SE\"},{\"@type\":\"Organization\",\"@id\":\"https:\\\/\\\/lightweb.dev\\\/l\\\/svm-temp\\\/#organization\",\"name\":\"Melkerson y Nott SL\",\"alternateName\":\"Svenska Magasinet\",\"url\":\"https:\\\/\\\/lightweb.dev\\\/l\\\/svm-temp\\\/\",\"logo\":{\"@type\":\"ImageObject\",\"inLanguage\":\"sv-SE\",\"@id\":\"https:\\\/\\\/lightweb.dev\\\/l\\\/svm-temp\\\/#\\\/schema\\\/logo\\\/image\\\/\",\"url\":\"https:\\\/\\\/lightweb.dev\\\/l\\\/svm-temp\\\/wp-content\\\/uploads\\\/2025\\\/02\\\/SvM-logo-Xtra-Centrerad-SVART.png\",\"contentUrl\":\"https:\\\/\\\/lightweb.dev\\\/l\\\/svm-temp\\\/wp-content\\\/uploads\\\/2025\\\/02\\\/SvM-logo-Xtra-Centrerad-SVART.png\",\"width\":300,\"height\":99,\"caption\":\"Melkerson y Nott SL\"},\"image\":{\"@id\":\"https:\\\/\\\/lightweb.dev\\\/l\\\/svm-temp\\\/#\\\/schema\\\/logo\\\/image\\\/\"},\"sameAs\":[\"https:\\\/\\\/www.facebook.com\\\/svenskamagasinet\",\"https:\\\/\\\/x.com\\\/SvenskaMagasine\"]},{\"@type\":\"Person\",\"@id\":\"https:\\\/\\\/lightweb.dev\\\/l\\\/svm-temp\\\/#\\\/schema\\\/person\\\/206a3bda5b607b0c25e1749191e4d837\",\"name\":\"Redaktionen SvM\",\"description\":\"Redaktionen\",\"sameAs\":[\"https:\\\/\\\/lightweb.dev\\\/l\\\/svm-temp\"],\"url\":\"https:\\\/\\\/lightweb.dev\\\/l\\\/svm-temp\\\/reporter\\\/redaktionen\\\/\"}]}<\/script>\n<!-- \/ Yoast SEO Premium plugin. -->","yoast_head_json":{"title":"L\u00e4ttare att boka bil hos Helle Hollis - Svenska Magasinet","robots":{"index":"noindex","follow":"follow","max-snippet":"max-snippet:-1","max-image-preview":"max-image-preview:large","max-video-preview":"max-video-preview:-1"},"og_locale":"sv_SE","og_type":"article","og_title":"L\u00e4ttare att boka bil hos Helle Hollis","og_description":"Helle Hollis lanserade f\u00f6r ett \u00e5r sedan en helt ny och modern design p\u00e5 sin hemsida. Nu i oktober f\u00f6ljer vi upp med en modernisering och f\u00f6renkling av sj\u00e4lva bokningsprocessen. Internet \u00e4r idag den viktigaste f\u00f6rs\u00e4ljningskanalen f\u00f6r oss, menar administrativa direkt\u00f6ren Hans Hugo From. Vi vill d\u00e4rf\u00f6r g\u00f6ra det \u00e4nnu l\u00e4ttare att boka en bil [&hellip;]","og_url":"https:\/\/lightweb.dev\/l\/svm-temp\/artiklar\/lattare-att-boka-bil-hos-helle-hollis\/","og_site_name":"Svenska Magasinet","article_publisher":"https:\/\/www.facebook.com\/svenskamagasinet","article_published_time":"2012-10-08T22:00:00+00:00","author":"Redaktionen SvM","twitter_card":"summary_large_image","twitter_creator":"@SvenskaMagasine","twitter_site":"@SvenskaMagasine","schema":{"@context":"https:\/\/schema.org","@graph":[{"@type":"Article","@id":"https:\/\/lightweb.dev\/l\/svm-temp\/artiklar\/lattare-att-boka-bil-hos-helle-hollis\/#article","isPartOf":{"@id":"https:\/\/lightweb.dev\/l\/svm-temp\/artiklar\/lattare-att-boka-bil-hos-helle-hollis\/"},"author":{"name":"Redaktionen SvM","@id":"https:\/\/lightweb.dev\/l\/svm-temp\/#\/schema\/person\/206a3bda5b607b0c25e1749191e4d837"},"headline":"L\u00e4ttare att boka bil hos Helle Hollis","datePublished":"2012-10-08T22:00:00+00:00","mainEntityOfPage":{"@id":"https:\/\/lightweb.dev\/l\/svm-temp\/artiklar\/lattare-att-boka-bil-hos-helle-hollis\/"},"wordCount":304,"commentCount":0,"publisher":{"@id":"https:\/\/lightweb.dev\/l\/svm-temp\/#organization"},"articleSection":["Arkiv","Artiklar"],"inLanguage":"sv-SE"},{"@type":"WebPage","@id":"https:\/\/lightweb.dev\/l\/svm-temp\/artiklar\/lattare-att-boka-bil-hos-helle-hollis\/","url":"https:\/\/lightweb.dev\/l\/svm-temp\/artiklar\/lattare-att-boka-bil-hos-helle-hollis\/","name":"L\u00e4ttare att boka bil hos Helle Hollis - Svenska Magasinet","isPartOf":{"@id":"https:\/\/lightweb.dev\/l\/svm-temp\/#website"},"datePublished":"2012-10-08T22:00:00+00:00","breadcrumb":{"@id":"https:\/\/lightweb.dev\/l\/svm-temp\/artiklar\/lattare-att-boka-bil-hos-helle-hollis\/#breadcrumb"},"inLanguage":"sv-SE","potentialAction":[{"@type":"ReadAction","target":["https:\/\/lightweb.dev\/l\/svm-temp\/artiklar\/lattare-att-boka-bil-hos-helle-hollis\/"]}]},{"@type":"BreadcrumbList","@id":"https:\/\/lightweb.dev\/l\/svm-temp\/artiklar\/lattare-att-boka-bil-hos-helle-hollis\/#breadcrumb","itemListElement":[{"@type":"ListItem","position":1,"name":"Hem","item":"https:\/\/lightweb.dev\/l\/svm-temp\/"},{"@type":"ListItem","position":2,"name":"L\u00e4ttare att boka bil hos Helle Hollis"}]},{"@type":"WebSite","@id":"https:\/\/lightweb.dev\/l\/svm-temp\/#website","url":"https:\/\/lightweb.dev\/l\/svm-temp\/","name":"Svenska Magasinet","description":"Dina Spanska nyheter p&aring; Svenska","publisher":{"@id":"https:\/\/lightweb.dev\/l\/svm-temp\/#organization"},"potentialAction":[{"@type":"SearchAction","target":{"@type":"EntryPoint","urlTemplate":"https:\/\/lightweb.dev\/l\/svm-temp\/?s={search_term_string}"},"query-input":{"@type":"PropertyValueSpecification","valueRequired":true,"valueName":"search_term_string"}}],"inLanguage":"sv-SE"},{"@type":"Organization","@id":"https:\/\/lightweb.dev\/l\/svm-temp\/#organization","name":"Melkerson y Nott SL","alternateName":"Svenska Magasinet","url":"https:\/\/lightweb.dev\/l\/svm-temp\/","logo":{"@type":"ImageObject","inLanguage":"sv-SE","@id":"https:\/\/lightweb.dev\/l\/svm-temp\/#\/schema\/logo\/image\/","url":"https:\/\/lightweb.dev\/l\/svm-temp\/wp-content\/uploads\/2025\/02\/SvM-logo-Xtra-Centrerad-SVART.png","contentUrl":"https:\/\/lightweb.dev\/l\/svm-temp\/wp-content\/uploads\/2025\/02\/SvM-logo-Xtra-Centrerad-SVART.png","width":300,"height":99,"caption":"Melkerson y Nott SL"},"image":{"@id":"https:\/\/lightweb.dev\/l\/svm-temp\/#\/schema\/logo\/image\/"},"sameAs":["https:\/\/www.facebook.com\/svenskamagasinet","https:\/\/x.com\/SvenskaMagasine"]},{"@type":"Person","@id":"https:\/\/lightweb.dev\/l\/svm-temp\/#\/schema\/person\/206a3bda5b607b0c25e1749191e4d837","name":"Redaktionen SvM","description":"Redaktionen","sameAs":["https:\/\/lightweb.dev\/l\/svm-temp"],"url":"https:\/\/lightweb.dev\/l\/svm-temp\/reporter\/redaktionen\/"}]}},"_links":{"self":[{"href":"https:\/\/lightweb.dev\/l\/svm-temp\/wp-json\/wp\/v2\/posts\/3593","targetHints":{"allow":["GET"]}}],"collection":[{"href":"https:\/\/lightweb.dev\/l\/svm-temp\/wp-json\/wp\/v2\/posts"}],"about":[{"href":"https:\/\/lightweb.dev\/l\/svm-temp\/wp-json\/wp\/v2\/types\/post"}],"author":[{"embeddable":true,"href":"https:\/\/lightweb.dev\/l\/svm-temp\/wp-json\/wp\/v2\/users\/8"}],"replies":[{"embeddable":true,"href":"https:\/\/lightweb.dev\/l\/svm-temp\/wp-json\/wp\/v2\/comments?post=3593"}],"version-history":[{"count":0,"href":"https:\/\/lightweb.dev\/l\/svm-temp\/wp-json\/wp\/v2\/posts\/3593\/revisions"}],"wp:attachment":[{"href":"https:\/\/lightweb.dev\/l\/svm-temp\/wp-json\/wp\/v2\/media?parent=3593"}],"wp:term":[{"taxonomy":"category","embeddable":true,"href":"https:\/\/lightweb.dev\/l\/svm-temp\/wp-json\/wp\/v2\/categories?post=3593"},{"taxonomy":"post_tag","embeddable":true,"href":"https:\/\/lightweb.dev\/l\/svm-temp\/wp-json\/wp\/v2\/tags?post=3593"}],"curies":[{"name":"wp","href":"https:\/\/api.w.org\/{rel}","templated":true}]}}