{"id":3594,"date":"2012-10-09T00:00:00","date_gmt":"2012-10-08T22:00:00","guid":{"rendered":"https:\/\/lightweb.dev\/l\/svm-temp\/svenska-dagstidningar-pa-solkusten\/"},"modified":"2012-10-09T00:00:00","modified_gmt":"2012-10-08T22:00:00","slug":"svenska-dagstidningar-pa-solkusten","status":"publish","type":"post","link":"https:\/\/lightweb.dev\/l\/svm-temp\/artiklar\/svenska-dagstidningar-pa-solkusten\/","title":{"rendered":"Svenska dagstidningar p\u00e5 Solkusten"},"content":{"rendered":"<p> Johan Jansson heter killen som sk\u00f6ter utdelningen av alla skandinaviska tidningar utmed Solkusten, fr\u00e5n Almu\u00f1ecar i \u00f6st och till Puerto Duquesa i Manilva i v\u00e4st. De k\u00f6r ut till alla abonnenter samt till ett 90-tal f\u00f6rs\u00e4ljningsst\u00e4llen utefter denna str\u00e4cka. De flesta abonnenter och f\u00f6rs\u00e4jningsst\u00e4llen ligger i omr\u00e5dena Torremolinos, Fuengirola och Marbella men Johan vill g\u00e4rna ha mer abonnenter i Manilva samt Almu\u00f1ecar. Man kan abonnera p\u00e5 alla titlar och l\u00e4gga upp abonnemanget som man vill med bara vissa dagar i veckan eller olika titlar olika dagar. Alla varianter \u00e4r m\u00f6jliga. Johan erbjuder svenska, danska, finska och norska dagstidningar. Man kan ocks\u00e5 f\u00e5 hemk\u00f6rt norska eller svenska veckotidningar till sin adress.<br \/>\nJohan hoppas kunna f\u00e5 ner \u00e4ven finska och danska veckotidningar till Solkusten inom kort, men har lite saker kvar d\u00e4r att l\u00f6sa. Just nu \u00e4r det 3-4 bilar som t\u00e4cker str\u00e4ckan ovan m\u00e5ndag till l\u00f6rdag och om n\u00e5gon vill samarbeta eller ha hj\u00e4lp med transport, s\u00e5 g\u00e5r det bra att h\u00f6ra av sig.<br \/>\nNi som \u00e4r intresserade av att abonnera kan ta kontakt med Johan p\u00e5 telefon 689 439 751 eller skicka en mail till malaganewspapers@gmail.com.<br \/>\nSvenska titlar \u00e4r Svensk Damtidning, Allers, \u00c5ret Runt, Hemmets Veckotidning, Se och H\u00f6r. Svenska Dagbladet, Dagens Nyheter, Dagens Industri, Expressen, Aftonbladet, Sydsvenska Dagbladet, GP, GT, Kv\u00e4llsposten. <\/p>\n","protected":false},"excerpt":{"rendered":"<p>Johan Jansson heter killen som sk\u00f6ter utdelningen av alla skandinaviska tidningar utmed Solkusten, fr\u00e5n Almu\u00f1ecar i \u00f6st och till Puerto Duquesa i Manilva i v\u00e4st. De k\u00f6r ut till alla abonnenter samt till ett 90-tal f\u00f6rs\u00e4ljningsst\u00e4llen utefter denna str\u00e4cka. De flesta abonnenter och f\u00f6rs\u00e4jningsst\u00e4llen ligger i omr\u00e5dena Torremolinos, Fuengirola och Marbella men Johan vill g\u00e4rna [&hellip;]<\/p>\n","protected":false},"author":8,"featured_media":0,"comment_status":"open","ping_status":"open","sticky":false,"template":"","format":"standard","meta":{"_et_pb_use_builder":"","_et_pb_old_content":"","_et_gb_content_width":"","footnotes":""},"categories":[396,4],"tags":[],"class_list":["post-3594","post","type-post","status-publish","format-standard","hentry","category-arkiv-artiklar","category-artiklar"],"yoast_head":"<!-- This site is optimized with the Yoast SEO Premium plugin v26.2 (Yoast SEO v27.5) - https:\/\/yoast.com\/product\/yoast-seo-premium-wordpress\/ -->\n<title>Svenska dagstidningar p\u00e5 Solkusten - Svenska Magasinet<\/title>\n<meta name=\"robots\" content=\"noindex, follow, max-snippet:-1, max-image-preview:large, max-video-preview:-1\" \/>\n<meta property=\"og:locale\" content=\"sv_SE\" \/>\n<meta property=\"og:type\" content=\"article\" \/>\n<meta property=\"og:title\" content=\"Svenska dagstidningar p\u00e5 Solkusten\" \/>\n<meta property=\"og:description\" content=\"Johan Jansson heter killen som sk\u00f6ter utdelningen av alla skandinaviska tidningar utmed Solkusten, fr\u00e5n Almu\u00f1ecar i \u00f6st och till Puerto Duquesa i Manilva i v\u00e4st. De k\u00f6r ut till alla abonnenter samt till ett 90-tal f\u00f6rs\u00e4ljningsst\u00e4llen utefter denna str\u00e4cka. De flesta abonnenter och f\u00f6rs\u00e4jningsst\u00e4llen ligger i omr\u00e5dena Torremolinos, Fuengirola och Marbella men Johan vill g\u00e4rna [&hellip;]\" \/>\n<meta property=\"og:url\" content=\"https:\/\/lightweb.dev\/l\/svm-temp\/artiklar\/svenska-dagstidningar-pa-solkusten\/\" \/>\n<meta property=\"og:site_name\" content=\"Svenska Magasinet\" \/>\n<meta property=\"article:publisher\" content=\"https:\/\/www.facebook.com\/svenskamagasinet\" \/>\n<meta property=\"article:published_time\" content=\"2012-10-08T22:00:00+00:00\" \/>\n<meta name=\"author\" content=\"Redaktionen SvM\" \/>\n<meta name=\"twitter:card\" content=\"summary_large_image\" \/>\n<meta name=\"twitter:creator\" content=\"@SvenskaMagasine\" \/>\n<meta name=\"twitter:site\" content=\"@SvenskaMagasine\" \/>\n<script type=\"application\/ld+json\" class=\"yoast-schema-graph\">{\"@context\":\"https:\\\/\\\/schema.org\",\"@graph\":[{\"@type\":\"Article\",\"@id\":\"https:\\\/\\\/lightweb.dev\\\/l\\\/svm-temp\\\/artiklar\\\/svenska-dagstidningar-pa-solkusten\\\/#article\",\"isPartOf\":{\"@id\":\"https:\\\/\\\/lightweb.dev\\\/l\\\/svm-temp\\\/artiklar\\\/svenska-dagstidningar-pa-solkusten\\\/\"},\"author\":{\"name\":\"Redaktionen SvM\",\"@id\":\"https:\\\/\\\/lightweb.dev\\\/l\\\/svm-temp\\\/#\\\/schema\\\/person\\\/206a3bda5b607b0c25e1749191e4d837\"},\"headline\":\"Svenska dagstidningar p\u00e5 Solkusten\",\"datePublished\":\"2012-10-08T22:00:00+00:00\",\"mainEntityOfPage\":{\"@id\":\"https:\\\/\\\/lightweb.dev\\\/l\\\/svm-temp\\\/artiklar\\\/svenska-dagstidningar-pa-solkusten\\\/\"},\"wordCount\":245,\"commentCount\":0,\"publisher\":{\"@id\":\"https:\\\/\\\/lightweb.dev\\\/l\\\/svm-temp\\\/#organization\"},\"articleSection\":[\"Arkiv\",\"Artiklar\"],\"inLanguage\":\"sv-SE\"},{\"@type\":\"WebPage\",\"@id\":\"https:\\\/\\\/lightweb.dev\\\/l\\\/svm-temp\\\/artiklar\\\/svenska-dagstidningar-pa-solkusten\\\/\",\"url\":\"https:\\\/\\\/lightweb.dev\\\/l\\\/svm-temp\\\/artiklar\\\/svenska-dagstidningar-pa-solkusten\\\/\",\"name\":\"Svenska dagstidningar p\u00e5 Solkusten - Svenska Magasinet\",\"isPartOf\":{\"@id\":\"https:\\\/\\\/lightweb.dev\\\/l\\\/svm-temp\\\/#website\"},\"datePublished\":\"2012-10-08T22:00:00+00:00\",\"breadcrumb\":{\"@id\":\"https:\\\/\\\/lightweb.dev\\\/l\\\/svm-temp\\\/artiklar\\\/svenska-dagstidningar-pa-solkusten\\\/#breadcrumb\"},\"inLanguage\":\"sv-SE\",\"potentialAction\":[{\"@type\":\"ReadAction\",\"target\":[\"https:\\\/\\\/lightweb.dev\\\/l\\\/svm-temp\\\/artiklar\\\/svenska-dagstidningar-pa-solkusten\\\/\"]}]},{\"@type\":\"BreadcrumbList\",\"@id\":\"https:\\\/\\\/lightweb.dev\\\/l\\\/svm-temp\\\/artiklar\\\/svenska-dagstidningar-pa-solkusten\\\/#breadcrumb\",\"itemListElement\":[{\"@type\":\"ListItem\",\"position\":1,\"name\":\"Hem\",\"item\":\"https:\\\/\\\/lightweb.dev\\\/l\\\/svm-temp\\\/\"},{\"@type\":\"ListItem\",\"position\":2,\"name\":\"Svenska dagstidningar p\u00e5 Solkusten\"}]},{\"@type\":\"WebSite\",\"@id\":\"https:\\\/\\\/lightweb.dev\\\/l\\\/svm-temp\\\/#website\",\"url\":\"https:\\\/\\\/lightweb.dev\\\/l\\\/svm-temp\\\/\",\"name\":\"Svenska Magasinet\",\"description\":\"Dina Spanska nyheter p&aring; Svenska\",\"publisher\":{\"@id\":\"https:\\\/\\\/lightweb.dev\\\/l\\\/svm-temp\\\/#organization\"},\"potentialAction\":[{\"@type\":\"SearchAction\",\"target\":{\"@type\":\"EntryPoint\",\"urlTemplate\":\"https:\\\/\\\/lightweb.dev\\\/l\\\/svm-temp\\\/?s={search_term_string}\"},\"query-input\":{\"@type\":\"PropertyValueSpecification\",\"valueRequired\":true,\"valueName\":\"search_term_string\"}}],\"inLanguage\":\"sv-SE\"},{\"@type\":\"Organization\",\"@id\":\"https:\\\/\\\/lightweb.dev\\\/l\\\/svm-temp\\\/#organization\",\"name\":\"Melkerson y Nott SL\",\"alternateName\":\"Svenska Magasinet\",\"url\":\"https:\\\/\\\/lightweb.dev\\\/l\\\/svm-temp\\\/\",\"logo\":{\"@type\":\"ImageObject\",\"inLanguage\":\"sv-SE\",\"@id\":\"https:\\\/\\\/lightweb.dev\\\/l\\\/svm-temp\\\/#\\\/schema\\\/logo\\\/image\\\/\",\"url\":\"https:\\\/\\\/lightweb.dev\\\/l\\\/svm-temp\\\/wp-content\\\/uploads\\\/2025\\\/02\\\/SvM-logo-Xtra-Centrerad-SVART.png\",\"contentUrl\":\"https:\\\/\\\/lightweb.dev\\\/l\\\/svm-temp\\\/wp-content\\\/uploads\\\/2025\\\/02\\\/SvM-logo-Xtra-Centrerad-SVART.png\",\"width\":300,\"height\":99,\"caption\":\"Melkerson y Nott SL\"},\"image\":{\"@id\":\"https:\\\/\\\/lightweb.dev\\\/l\\\/svm-temp\\\/#\\\/schema\\\/logo\\\/image\\\/\"},\"sameAs\":[\"https:\\\/\\\/www.facebook.com\\\/svenskamagasinet\",\"https:\\\/\\\/x.com\\\/SvenskaMagasine\"]},{\"@type\":\"Person\",\"@id\":\"https:\\\/\\\/lightweb.dev\\\/l\\\/svm-temp\\\/#\\\/schema\\\/person\\\/206a3bda5b607b0c25e1749191e4d837\",\"name\":\"Redaktionen SvM\",\"description\":\"Redaktionen\",\"sameAs\":[\"https:\\\/\\\/lightweb.dev\\\/l\\\/svm-temp\"],\"url\":\"https:\\\/\\\/lightweb.dev\\\/l\\\/svm-temp\\\/reporter\\\/redaktionen\\\/\"}]}<\/script>\n<!-- \/ Yoast SEO Premium plugin. -->","yoast_head_json":{"title":"Svenska dagstidningar p\u00e5 Solkusten - Svenska Magasinet","robots":{"index":"noindex","follow":"follow","max-snippet":"max-snippet:-1","max-image-preview":"max-image-preview:large","max-video-preview":"max-video-preview:-1"},"og_locale":"sv_SE","og_type":"article","og_title":"Svenska dagstidningar p\u00e5 Solkusten","og_description":"Johan Jansson heter killen som sk\u00f6ter utdelningen av alla skandinaviska tidningar utmed Solkusten, fr\u00e5n Almu\u00f1ecar i \u00f6st och till Puerto Duquesa i Manilva i v\u00e4st. De k\u00f6r ut till alla abonnenter samt till ett 90-tal f\u00f6rs\u00e4ljningsst\u00e4llen utefter denna str\u00e4cka. De flesta abonnenter och f\u00f6rs\u00e4jningsst\u00e4llen ligger i omr\u00e5dena Torremolinos, Fuengirola och Marbella men Johan vill g\u00e4rna [&hellip;]","og_url":"https:\/\/lightweb.dev\/l\/svm-temp\/artiklar\/svenska-dagstidningar-pa-solkusten\/","og_site_name":"Svenska Magasinet","article_publisher":"https:\/\/www.facebook.com\/svenskamagasinet","article_published_time":"2012-10-08T22:00:00+00:00","author":"Redaktionen SvM","twitter_card":"summary_large_image","twitter_creator":"@SvenskaMagasine","twitter_site":"@SvenskaMagasine","schema":{"@context":"https:\/\/schema.org","@graph":[{"@type":"Article","@id":"https:\/\/lightweb.dev\/l\/svm-temp\/artiklar\/svenska-dagstidningar-pa-solkusten\/#article","isPartOf":{"@id":"https:\/\/lightweb.dev\/l\/svm-temp\/artiklar\/svenska-dagstidningar-pa-solkusten\/"},"author":{"name":"Redaktionen SvM","@id":"https:\/\/lightweb.dev\/l\/svm-temp\/#\/schema\/person\/206a3bda5b607b0c25e1749191e4d837"},"headline":"Svenska dagstidningar p\u00e5 Solkusten","datePublished":"2012-10-08T22:00:00+00:00","mainEntityOfPage":{"@id":"https:\/\/lightweb.dev\/l\/svm-temp\/artiklar\/svenska-dagstidningar-pa-solkusten\/"},"wordCount":245,"commentCount":0,"publisher":{"@id":"https:\/\/lightweb.dev\/l\/svm-temp\/#organization"},"articleSection":["Arkiv","Artiklar"],"inLanguage":"sv-SE"},{"@type":"WebPage","@id":"https:\/\/lightweb.dev\/l\/svm-temp\/artiklar\/svenska-dagstidningar-pa-solkusten\/","url":"https:\/\/lightweb.dev\/l\/svm-temp\/artiklar\/svenska-dagstidningar-pa-solkusten\/","name":"Svenska dagstidningar p\u00e5 Solkusten - Svenska Magasinet","isPartOf":{"@id":"https:\/\/lightweb.dev\/l\/svm-temp\/#website"},"datePublished":"2012-10-08T22:00:00+00:00","breadcrumb":{"@id":"https:\/\/lightweb.dev\/l\/svm-temp\/artiklar\/svenska-dagstidningar-pa-solkusten\/#breadcrumb"},"inLanguage":"sv-SE","potentialAction":[{"@type":"ReadAction","target":["https:\/\/lightweb.dev\/l\/svm-temp\/artiklar\/svenska-dagstidningar-pa-solkusten\/"]}]},{"@type":"BreadcrumbList","@id":"https:\/\/lightweb.dev\/l\/svm-temp\/artiklar\/svenska-dagstidningar-pa-solkusten\/#breadcrumb","itemListElement":[{"@type":"ListItem","position":1,"name":"Hem","item":"https:\/\/lightweb.dev\/l\/svm-temp\/"},{"@type":"ListItem","position":2,"name":"Svenska dagstidningar p\u00e5 Solkusten"}]},{"@type":"WebSite","@id":"https:\/\/lightweb.dev\/l\/svm-temp\/#website","url":"https:\/\/lightweb.dev\/l\/svm-temp\/","name":"Svenska Magasinet","description":"Dina Spanska nyheter p&aring; Svenska","publisher":{"@id":"https:\/\/lightweb.dev\/l\/svm-temp\/#organization"},"potentialAction":[{"@type":"SearchAction","target":{"@type":"EntryPoint","urlTemplate":"https:\/\/lightweb.dev\/l\/svm-temp\/?s={search_term_string}"},"query-input":{"@type":"PropertyValueSpecification","valueRequired":true,"valueName":"search_term_string"}}],"inLanguage":"sv-SE"},{"@type":"Organization","@id":"https:\/\/lightweb.dev\/l\/svm-temp\/#organization","name":"Melkerson y Nott SL","alternateName":"Svenska Magasinet","url":"https:\/\/lightweb.dev\/l\/svm-temp\/","logo":{"@type":"ImageObject","inLanguage":"sv-SE","@id":"https:\/\/lightweb.dev\/l\/svm-temp\/#\/schema\/logo\/image\/","url":"https:\/\/lightweb.dev\/l\/svm-temp\/wp-content\/uploads\/2025\/02\/SvM-logo-Xtra-Centrerad-SVART.png","contentUrl":"https:\/\/lightweb.dev\/l\/svm-temp\/wp-content\/uploads\/2025\/02\/SvM-logo-Xtra-Centrerad-SVART.png","width":300,"height":99,"caption":"Melkerson y Nott SL"},"image":{"@id":"https:\/\/lightweb.dev\/l\/svm-temp\/#\/schema\/logo\/image\/"},"sameAs":["https:\/\/www.facebook.com\/svenskamagasinet","https:\/\/x.com\/SvenskaMagasine"]},{"@type":"Person","@id":"https:\/\/lightweb.dev\/l\/svm-temp\/#\/schema\/person\/206a3bda5b607b0c25e1749191e4d837","name":"Redaktionen SvM","description":"Redaktionen","sameAs":["https:\/\/lightweb.dev\/l\/svm-temp"],"url":"https:\/\/lightweb.dev\/l\/svm-temp\/reporter\/redaktionen\/"}]}},"_links":{"self":[{"href":"https:\/\/lightweb.dev\/l\/svm-temp\/wp-json\/wp\/v2\/posts\/3594","targetHints":{"allow":["GET"]}}],"collection":[{"href":"https:\/\/lightweb.dev\/l\/svm-temp\/wp-json\/wp\/v2\/posts"}],"about":[{"href":"https:\/\/lightweb.dev\/l\/svm-temp\/wp-json\/wp\/v2\/types\/post"}],"author":[{"embeddable":true,"href":"https:\/\/lightweb.dev\/l\/svm-temp\/wp-json\/wp\/v2\/users\/8"}],"replies":[{"embeddable":true,"href":"https:\/\/lightweb.dev\/l\/svm-temp\/wp-json\/wp\/v2\/comments?post=3594"}],"version-history":[{"count":0,"href":"https:\/\/lightweb.dev\/l\/svm-temp\/wp-json\/wp\/v2\/posts\/3594\/revisions"}],"wp:attachment":[{"href":"https:\/\/lightweb.dev\/l\/svm-temp\/wp-json\/wp\/v2\/media?parent=3594"}],"wp:term":[{"taxonomy":"category","embeddable":true,"href":"https:\/\/lightweb.dev\/l\/svm-temp\/wp-json\/wp\/v2\/categories?post=3594"},{"taxonomy":"post_tag","embeddable":true,"href":"https:\/\/lightweb.dev\/l\/svm-temp\/wp-json\/wp\/v2\/tags?post=3594"}],"curies":[{"name":"wp","href":"https:\/\/api.w.org\/{rel}","templated":true}]}}