{"id":3596,"date":"2012-10-09T00:00:00","date_gmt":"2012-10-08T22:00:00","guid":{"rendered":"https:\/\/lightweb.dev\/l\/svm-temp\/forare-som-orsakar-trafikolyckor\/"},"modified":"2012-10-09T00:00:00","modified_gmt":"2012-10-08T22:00:00","slug":"forare-som-orsakar-trafikolyckor","status":"publish","type":"post","link":"https:\/\/lightweb.dev\/l\/svm-temp\/artiklar\/forare-som-orsakar-trafikolyckor\/","title":{"rendered":"F\u00f6rare som orsakar trafikolyckor"},"content":{"rendered":"<p> Enligt f\u00f6rs\u00e4kringsbolaget L\u00ednea Directa beror 3 av 4 trafikolyckor p\u00e5 bilf\u00f6raren. N\u00e4r vi befinner oss i en besv\u00e4rlig eller farlig situation som bilf\u00f6rare, har vi bara en br\u00e5kdel av en sekund att ta ett beslut och utf\u00f6ra en handling p\u00e5 ett riktigt s\u00e4tt.  Siffror visar att 73 %  av trafikolyckor orsakas av f\u00f6rare som fattat fel beslut, j\u00e4mf\u00f6rt med 27 % som agerade korrekt. F\u00f6ljaktligen, n\u00e4r f\u00f6raren fattar fel beslut, med d\u00f6dsfall eller skada som resultat, \u00e4r siffran d\u00e4rf\u00f6r tre g\u00e5nger s\u00e5 stor.<br \/>\nDetta \u00e4r slutsatsen av en studie, \u201cBeslutstagande vid bilk\u00f6rning\u201d, d\u00e4r man analyserat 174.000 trafikolyckor med d\u00f6dsfall eller skada som resultat. Detta betyder att under de senaste 4 \u00e5ren, n\u00e4rmare 130.000 trafikolyckor har kunnat undvikas om f\u00f6rarna hade haft m\u00f6jlighet att v\u00e4rdera farorna p\u00e5 v\u00e4gen korrekt. De fr\u00e4msta misstagen g\u00f6rs av f\u00f6rare som \u00e4r distraherade av n\u00e5got, ansluter till v\u00e4gar p\u00e5 inkorrekt s\u00e4tt, sv\u00e4nger felaktigt, k\u00f6r om olagligt och inte h\u00e5ller tillr\u00e4ckligt l\u00e5ngt avst\u00e5nd till framf\u00f6rvarande fordon.<br \/>\nN\u00e4r det g\u00e4ller olika typer av v\u00e4gar, bekr\u00e4ftar Linea Direktas studie, att vanliga v\u00e4gar \u00e4r de farligaste eftersom hela 76 % av olyckor sker just h\u00e4r. P\u00e5 v\u00e4gar med dubbla k\u00f6rbanor och motorv\u00e4gar, \u00e4r de vanligaste typerna av olyckor d\u00e4r det \u00e4r f\u00f6rarens fel, p\u00e5k\u00f6rning bakifr\u00e5n och fordonskrascher beroende p\u00e5 pl\u00f6tslig inbromsning och byte av k\u00f6rf\u00e4lt.<br \/>\nF\u00f6rarprofil p\u00e5 de mest olycksdrabbade \u00e4r m\u00e4n i \u00e5ldern 18 till 24 som haft k\u00f6rkort mindre \u00e4n tv\u00e5 \u00e5r och de som \u00e4r \u00f6ver 65 \u00e5r. De yngre p g a att de inte f\u00f6rst\u00e5r riskerna och de \u00e4ldre f\u00f6r att de har f\u00f6rlorat viss k\u00f6rskicklighet. De minst drabbade och de som tar de b\u00e4sta besluten, \u00e4r kvinnor i \u00e5ldern 35 &#8211; 64 som haft k\u00f6rkort i 15 \u00e5r eller l\u00e4ngre.<br \/>\nRing L\u00ednea Directa nu p\u00e5 tel  902 123 104 <\/p>\n","protected":false},"excerpt":{"rendered":"<p>Enligt f\u00f6rs\u00e4kringsbolaget L\u00ednea Directa beror 3 av 4 trafikolyckor p\u00e5 bilf\u00f6raren. N\u00e4r vi befinner oss i en besv\u00e4rlig eller farlig situation som bilf\u00f6rare, har vi bara en br\u00e5kdel av en sekund att ta ett beslut och utf\u00f6ra en handling p\u00e5 ett riktigt s\u00e4tt. Siffror visar att 73 % av trafikolyckor orsakas av f\u00f6rare som fattat [&hellip;]<\/p>\n","protected":false},"author":8,"featured_media":0,"comment_status":"open","ping_status":"open","sticky":false,"template":"","format":"standard","meta":{"_et_pb_use_builder":"","_et_pb_old_content":"","_et_gb_content_width":"","footnotes":""},"categories":[396,4],"tags":[],"class_list":["post-3596","post","type-post","status-publish","format-standard","hentry","category-arkiv-artiklar","category-artiklar"],"yoast_head":"<!-- This site is optimized with the Yoast SEO Premium plugin v26.2 (Yoast SEO v27.5) - https:\/\/yoast.com\/product\/yoast-seo-premium-wordpress\/ -->\n<title>F\u00f6rare som orsakar trafikolyckor - Svenska Magasinet<\/title>\n<meta name=\"robots\" content=\"noindex, follow, max-snippet:-1, max-image-preview:large, max-video-preview:-1\" \/>\n<meta property=\"og:locale\" content=\"sv_SE\" \/>\n<meta property=\"og:type\" content=\"article\" \/>\n<meta property=\"og:title\" content=\"F\u00f6rare som orsakar trafikolyckor\" \/>\n<meta property=\"og:description\" content=\"Enligt f\u00f6rs\u00e4kringsbolaget L\u00ednea Directa beror 3 av 4 trafikolyckor p\u00e5 bilf\u00f6raren. N\u00e4r vi befinner oss i en besv\u00e4rlig eller farlig situation som bilf\u00f6rare, har vi bara en br\u00e5kdel av en sekund att ta ett beslut och utf\u00f6ra en handling p\u00e5 ett riktigt s\u00e4tt. Siffror visar att 73 % av trafikolyckor orsakas av f\u00f6rare som fattat [&hellip;]\" \/>\n<meta property=\"og:url\" content=\"https:\/\/lightweb.dev\/l\/svm-temp\/artiklar\/forare-som-orsakar-trafikolyckor\/\" \/>\n<meta property=\"og:site_name\" content=\"Svenska Magasinet\" \/>\n<meta property=\"article:publisher\" content=\"https:\/\/www.facebook.com\/svenskamagasinet\" \/>\n<meta property=\"article:published_time\" content=\"2012-10-08T22:00:00+00:00\" \/>\n<meta name=\"author\" content=\"Redaktionen SvM\" \/>\n<meta name=\"twitter:card\" content=\"summary_large_image\" \/>\n<meta name=\"twitter:creator\" content=\"@SvenskaMagasine\" \/>\n<meta name=\"twitter:site\" content=\"@SvenskaMagasine\" \/>\n<script type=\"application\/ld+json\" class=\"yoast-schema-graph\">{\"@context\":\"https:\\\/\\\/schema.org\",\"@graph\":[{\"@type\":\"Article\",\"@id\":\"https:\\\/\\\/lightweb.dev\\\/l\\\/svm-temp\\\/artiklar\\\/forare-som-orsakar-trafikolyckor\\\/#article\",\"isPartOf\":{\"@id\":\"https:\\\/\\\/lightweb.dev\\\/l\\\/svm-temp\\\/artiklar\\\/forare-som-orsakar-trafikolyckor\\\/\"},\"author\":{\"name\":\"Redaktionen SvM\",\"@id\":\"https:\\\/\\\/lightweb.dev\\\/l\\\/svm-temp\\\/#\\\/schema\\\/person\\\/206a3bda5b607b0c25e1749191e4d837\"},\"headline\":\"F\u00f6rare som orsakar trafikolyckor\",\"datePublished\":\"2012-10-08T22:00:00+00:00\",\"mainEntityOfPage\":{\"@id\":\"https:\\\/\\\/lightweb.dev\\\/l\\\/svm-temp\\\/artiklar\\\/forare-som-orsakar-trafikolyckor\\\/\"},\"wordCount\":350,\"commentCount\":0,\"publisher\":{\"@id\":\"https:\\\/\\\/lightweb.dev\\\/l\\\/svm-temp\\\/#organization\"},\"articleSection\":[\"Arkiv\",\"Artiklar\"],\"inLanguage\":\"sv-SE\"},{\"@type\":\"WebPage\",\"@id\":\"https:\\\/\\\/lightweb.dev\\\/l\\\/svm-temp\\\/artiklar\\\/forare-som-orsakar-trafikolyckor\\\/\",\"url\":\"https:\\\/\\\/lightweb.dev\\\/l\\\/svm-temp\\\/artiklar\\\/forare-som-orsakar-trafikolyckor\\\/\",\"name\":\"F\u00f6rare som orsakar trafikolyckor - Svenska Magasinet\",\"isPartOf\":{\"@id\":\"https:\\\/\\\/lightweb.dev\\\/l\\\/svm-temp\\\/#website\"},\"datePublished\":\"2012-10-08T22:00:00+00:00\",\"breadcrumb\":{\"@id\":\"https:\\\/\\\/lightweb.dev\\\/l\\\/svm-temp\\\/artiklar\\\/forare-som-orsakar-trafikolyckor\\\/#breadcrumb\"},\"inLanguage\":\"sv-SE\",\"potentialAction\":[{\"@type\":\"ReadAction\",\"target\":[\"https:\\\/\\\/lightweb.dev\\\/l\\\/svm-temp\\\/artiklar\\\/forare-som-orsakar-trafikolyckor\\\/\"]}]},{\"@type\":\"BreadcrumbList\",\"@id\":\"https:\\\/\\\/lightweb.dev\\\/l\\\/svm-temp\\\/artiklar\\\/forare-som-orsakar-trafikolyckor\\\/#breadcrumb\",\"itemListElement\":[{\"@type\":\"ListItem\",\"position\":1,\"name\":\"Hem\",\"item\":\"https:\\\/\\\/lightweb.dev\\\/l\\\/svm-temp\\\/\"},{\"@type\":\"ListItem\",\"position\":2,\"name\":\"F\u00f6rare som orsakar trafikolyckor\"}]},{\"@type\":\"WebSite\",\"@id\":\"https:\\\/\\\/lightweb.dev\\\/l\\\/svm-temp\\\/#website\",\"url\":\"https:\\\/\\\/lightweb.dev\\\/l\\\/svm-temp\\\/\",\"name\":\"Svenska Magasinet\",\"description\":\"Dina Spanska nyheter p&aring; Svenska\",\"publisher\":{\"@id\":\"https:\\\/\\\/lightweb.dev\\\/l\\\/svm-temp\\\/#organization\"},\"potentialAction\":[{\"@type\":\"SearchAction\",\"target\":{\"@type\":\"EntryPoint\",\"urlTemplate\":\"https:\\\/\\\/lightweb.dev\\\/l\\\/svm-temp\\\/?s={search_term_string}\"},\"query-input\":{\"@type\":\"PropertyValueSpecification\",\"valueRequired\":true,\"valueName\":\"search_term_string\"}}],\"inLanguage\":\"sv-SE\"},{\"@type\":\"Organization\",\"@id\":\"https:\\\/\\\/lightweb.dev\\\/l\\\/svm-temp\\\/#organization\",\"name\":\"Melkerson y Nott SL\",\"alternateName\":\"Svenska Magasinet\",\"url\":\"https:\\\/\\\/lightweb.dev\\\/l\\\/svm-temp\\\/\",\"logo\":{\"@type\":\"ImageObject\",\"inLanguage\":\"sv-SE\",\"@id\":\"https:\\\/\\\/lightweb.dev\\\/l\\\/svm-temp\\\/#\\\/schema\\\/logo\\\/image\\\/\",\"url\":\"https:\\\/\\\/lightweb.dev\\\/l\\\/svm-temp\\\/wp-content\\\/uploads\\\/2025\\\/02\\\/SvM-logo-Xtra-Centrerad-SVART.png\",\"contentUrl\":\"https:\\\/\\\/lightweb.dev\\\/l\\\/svm-temp\\\/wp-content\\\/uploads\\\/2025\\\/02\\\/SvM-logo-Xtra-Centrerad-SVART.png\",\"width\":300,\"height\":99,\"caption\":\"Melkerson y Nott SL\"},\"image\":{\"@id\":\"https:\\\/\\\/lightweb.dev\\\/l\\\/svm-temp\\\/#\\\/schema\\\/logo\\\/image\\\/\"},\"sameAs\":[\"https:\\\/\\\/www.facebook.com\\\/svenskamagasinet\",\"https:\\\/\\\/x.com\\\/SvenskaMagasine\"]},{\"@type\":\"Person\",\"@id\":\"https:\\\/\\\/lightweb.dev\\\/l\\\/svm-temp\\\/#\\\/schema\\\/person\\\/206a3bda5b607b0c25e1749191e4d837\",\"name\":\"Redaktionen SvM\",\"description\":\"Redaktionen\",\"sameAs\":[\"https:\\\/\\\/lightweb.dev\\\/l\\\/svm-temp\"],\"url\":\"https:\\\/\\\/lightweb.dev\\\/l\\\/svm-temp\\\/reporter\\\/redaktionen\\\/\"}]}<\/script>\n<!-- \/ Yoast SEO Premium plugin. -->","yoast_head_json":{"title":"F\u00f6rare som orsakar trafikolyckor - Svenska Magasinet","robots":{"index":"noindex","follow":"follow","max-snippet":"max-snippet:-1","max-image-preview":"max-image-preview:large","max-video-preview":"max-video-preview:-1"},"og_locale":"sv_SE","og_type":"article","og_title":"F\u00f6rare som orsakar trafikolyckor","og_description":"Enligt f\u00f6rs\u00e4kringsbolaget L\u00ednea Directa beror 3 av 4 trafikolyckor p\u00e5 bilf\u00f6raren. N\u00e4r vi befinner oss i en besv\u00e4rlig eller farlig situation som bilf\u00f6rare, har vi bara en br\u00e5kdel av en sekund att ta ett beslut och utf\u00f6ra en handling p\u00e5 ett riktigt s\u00e4tt. Siffror visar att 73 % av trafikolyckor orsakas av f\u00f6rare som fattat [&hellip;]","og_url":"https:\/\/lightweb.dev\/l\/svm-temp\/artiklar\/forare-som-orsakar-trafikolyckor\/","og_site_name":"Svenska Magasinet","article_publisher":"https:\/\/www.facebook.com\/svenskamagasinet","article_published_time":"2012-10-08T22:00:00+00:00","author":"Redaktionen SvM","twitter_card":"summary_large_image","twitter_creator":"@SvenskaMagasine","twitter_site":"@SvenskaMagasine","schema":{"@context":"https:\/\/schema.org","@graph":[{"@type":"Article","@id":"https:\/\/lightweb.dev\/l\/svm-temp\/artiklar\/forare-som-orsakar-trafikolyckor\/#article","isPartOf":{"@id":"https:\/\/lightweb.dev\/l\/svm-temp\/artiklar\/forare-som-orsakar-trafikolyckor\/"},"author":{"name":"Redaktionen SvM","@id":"https:\/\/lightweb.dev\/l\/svm-temp\/#\/schema\/person\/206a3bda5b607b0c25e1749191e4d837"},"headline":"F\u00f6rare som orsakar trafikolyckor","datePublished":"2012-10-08T22:00:00+00:00","mainEntityOfPage":{"@id":"https:\/\/lightweb.dev\/l\/svm-temp\/artiklar\/forare-som-orsakar-trafikolyckor\/"},"wordCount":350,"commentCount":0,"publisher":{"@id":"https:\/\/lightweb.dev\/l\/svm-temp\/#organization"},"articleSection":["Arkiv","Artiklar"],"inLanguage":"sv-SE"},{"@type":"WebPage","@id":"https:\/\/lightweb.dev\/l\/svm-temp\/artiklar\/forare-som-orsakar-trafikolyckor\/","url":"https:\/\/lightweb.dev\/l\/svm-temp\/artiklar\/forare-som-orsakar-trafikolyckor\/","name":"F\u00f6rare som orsakar trafikolyckor - Svenska Magasinet","isPartOf":{"@id":"https:\/\/lightweb.dev\/l\/svm-temp\/#website"},"datePublished":"2012-10-08T22:00:00+00:00","breadcrumb":{"@id":"https:\/\/lightweb.dev\/l\/svm-temp\/artiklar\/forare-som-orsakar-trafikolyckor\/#breadcrumb"},"inLanguage":"sv-SE","potentialAction":[{"@type":"ReadAction","target":["https:\/\/lightweb.dev\/l\/svm-temp\/artiklar\/forare-som-orsakar-trafikolyckor\/"]}]},{"@type":"BreadcrumbList","@id":"https:\/\/lightweb.dev\/l\/svm-temp\/artiklar\/forare-som-orsakar-trafikolyckor\/#breadcrumb","itemListElement":[{"@type":"ListItem","position":1,"name":"Hem","item":"https:\/\/lightweb.dev\/l\/svm-temp\/"},{"@type":"ListItem","position":2,"name":"F\u00f6rare som orsakar trafikolyckor"}]},{"@type":"WebSite","@id":"https:\/\/lightweb.dev\/l\/svm-temp\/#website","url":"https:\/\/lightweb.dev\/l\/svm-temp\/","name":"Svenska Magasinet","description":"Dina Spanska nyheter p&aring; Svenska","publisher":{"@id":"https:\/\/lightweb.dev\/l\/svm-temp\/#organization"},"potentialAction":[{"@type":"SearchAction","target":{"@type":"EntryPoint","urlTemplate":"https:\/\/lightweb.dev\/l\/svm-temp\/?s={search_term_string}"},"query-input":{"@type":"PropertyValueSpecification","valueRequired":true,"valueName":"search_term_string"}}],"inLanguage":"sv-SE"},{"@type":"Organization","@id":"https:\/\/lightweb.dev\/l\/svm-temp\/#organization","name":"Melkerson y Nott SL","alternateName":"Svenska Magasinet","url":"https:\/\/lightweb.dev\/l\/svm-temp\/","logo":{"@type":"ImageObject","inLanguage":"sv-SE","@id":"https:\/\/lightweb.dev\/l\/svm-temp\/#\/schema\/logo\/image\/","url":"https:\/\/lightweb.dev\/l\/svm-temp\/wp-content\/uploads\/2025\/02\/SvM-logo-Xtra-Centrerad-SVART.png","contentUrl":"https:\/\/lightweb.dev\/l\/svm-temp\/wp-content\/uploads\/2025\/02\/SvM-logo-Xtra-Centrerad-SVART.png","width":300,"height":99,"caption":"Melkerson y Nott SL"},"image":{"@id":"https:\/\/lightweb.dev\/l\/svm-temp\/#\/schema\/logo\/image\/"},"sameAs":["https:\/\/www.facebook.com\/svenskamagasinet","https:\/\/x.com\/SvenskaMagasine"]},{"@type":"Person","@id":"https:\/\/lightweb.dev\/l\/svm-temp\/#\/schema\/person\/206a3bda5b607b0c25e1749191e4d837","name":"Redaktionen SvM","description":"Redaktionen","sameAs":["https:\/\/lightweb.dev\/l\/svm-temp"],"url":"https:\/\/lightweb.dev\/l\/svm-temp\/reporter\/redaktionen\/"}]}},"_links":{"self":[{"href":"https:\/\/lightweb.dev\/l\/svm-temp\/wp-json\/wp\/v2\/posts\/3596","targetHints":{"allow":["GET"]}}],"collection":[{"href":"https:\/\/lightweb.dev\/l\/svm-temp\/wp-json\/wp\/v2\/posts"}],"about":[{"href":"https:\/\/lightweb.dev\/l\/svm-temp\/wp-json\/wp\/v2\/types\/post"}],"author":[{"embeddable":true,"href":"https:\/\/lightweb.dev\/l\/svm-temp\/wp-json\/wp\/v2\/users\/8"}],"replies":[{"embeddable":true,"href":"https:\/\/lightweb.dev\/l\/svm-temp\/wp-json\/wp\/v2\/comments?post=3596"}],"version-history":[{"count":0,"href":"https:\/\/lightweb.dev\/l\/svm-temp\/wp-json\/wp\/v2\/posts\/3596\/revisions"}],"wp:attachment":[{"href":"https:\/\/lightweb.dev\/l\/svm-temp\/wp-json\/wp\/v2\/media?parent=3596"}],"wp:term":[{"taxonomy":"category","embeddable":true,"href":"https:\/\/lightweb.dev\/l\/svm-temp\/wp-json\/wp\/v2\/categories?post=3596"},{"taxonomy":"post_tag","embeddable":true,"href":"https:\/\/lightweb.dev\/l\/svm-temp\/wp-json\/wp\/v2\/tags?post=3596"}],"curies":[{"name":"wp","href":"https:\/\/api.w.org\/{rel}","templated":true}]}}