{"id":3597,"date":"2012-10-04T00:00:00","date_gmt":"2012-10-03T22:00:00","guid":{"rendered":"https:\/\/lightweb.dev\/l\/svm-temp\/fragor-om-arvsskatten\/"},"modified":"2012-10-04T00:00:00","modified_gmt":"2012-10-03T22:00:00","slug":"fragor-om-arvsskatten","status":"publish","type":"post","link":"https:\/\/lightweb.dev\/l\/svm-temp\/artiklar\/fragor-om-arvsskatten\/","title":{"rendered":"Fr\u00e5gor om arvsskatten"},"content":{"rendered":"<p> Fr\u00e5ga: Jag och min man \u00e4r svenska medborgare och bosatta i Spanien sedan 10 \u00e5r. Vi har tv\u00e5 gemensamma barn och min man har d\u00e4rut\u00f6ver en dotter fr\u00e5n ett tidigare \u00e4ktenskap. Ett av v\u00e5ra barn bor i Spanien och de andra i Sverige. Vi har nu h\u00f6rt att arvsskatten kan vara mycket h\u00f6g. Vad beh\u00f6ver vi t\u00e4nka p\u00e5 inf\u00f6r framtiden? Av advokat G\u00f6ran Rise<br \/>\nSverige har som bekant ingen arvsskatt. Det har d\u00e4remot vissa autonoma regioner i Spanien, t.ex. Andalusien. Att t\u00e4nka p\u00e5 \u00e4r ocks\u00e5 att arvingar som inte har skatter\u00e4ttsligt hemvist i Spanien taxeras enligt statlig arvsskatt. Arvsskatten \u00e4r h\u00f6g och progressiv. H\u00f6gsta skattesats \u00e4r 34 % p\u00e5 arvslotten, men skatten kan i extrema fall bli betydligt h\u00f6gre.<br \/>\nArv efter svensk medborgare som \u00e4r bosatt i Spanien f\u00f6rdelas enligt svensk r\u00e4tt genom att bodelning\/arvskifteshandling (herencia) uppr\u00e4ttas inf\u00f6r spansk notarie. P\u00e5 arvslotten utg\u00e5r s\u00e5lunda spansk arvsskatt.<br \/>\nEfter en svensk medborgare, som har skattehemvist i Spanien, skall all egendom upptagas i arvskiftet, dvs. \u00e4ven egendom som inte \u00e4r bel\u00e4gen i Spanien, t.ex. bankkonton i Luxemburg och sommarstugan i Sverige. Egendomen antecknas till marknadsv\u00e4rde minus skulder.<\/p>\n<p>Jag r\u00e5der Dig att Du tillsammans med Din make g\u00e5r igenom Era tillg\u00e5ngar och skulder och g\u00f6r en hypotetisk f\u00f6rdelning och arvskifte. Med detta underlag kan Du g\u00f6ra en ber\u00e4kning av vilka skatter som skall utg\u00e5 f\u00f6r de efterlevande. Enligt svensk arvsr\u00e4tt \u00e4rver efterlevande make f\u00f6re gemensamma barn dock att s.k. s\u00e4rkullbarn, i Ert fall Din makes dotter i ett tidigare \u00e4ktenskap, har r\u00e4tt att utf\u00e5 sitt arv efter honom. <\/p>\n<p>Du skall t\u00e4nka p\u00e5 att svensk r\u00e4tt inneh\u00e5ller m\u00f6jligheter att i levande livet f\u00f6rdela egendom mellan makar genom \u00e4ktenskapsf\u00f6rord. Det kan vara l\u00e4mpligt ur arvsskattesynpunkt att omvandla giftor\u00e4ttsgods till enskild egendom. <\/p>\n<p>Ni b\u00f6r ocks\u00e5 \u00f6verv\u00e4ga om Ni skall uppr\u00e4tta ett svenskt testamente, vilket kan begr\u00e4nsa arvslotten f\u00f6r Din makes dotter.<\/p>\n<p>Arvsskatteplanering, och i synnerhet internationell s\u00e5dan, kr\u00e4ver en specialist. <\/p>\n<p>Mitt r\u00e5d \u00e4r att Du kontaktar en advokat med kunskaper inom detta r\u00e4ttsomr\u00e5de, innan det \u00e4r f\u00f6r sent! <\/p>\n<p>Ny lagstiftning \u00e4r dessutom p\u00e5 g\u00e5ng, som inneb\u00e4r att spansk arvsr\u00e4tt skall till\u00e4mpas p\u00e5 svenska medborgare med skatter\u00e4ttshemvist i Spanien.<\/p>\n<p>Fr\u00e5ga advokaten<br \/>\nDenna text \u00e4r skriven av advokat G\u00f6ran Rise p\u00e5 Advokatfirman G\u00f6ran Rise. Har du n\u00e5gon fr\u00e5ga kan du e-posta den till: info@advokatgoranrise.com. Du kan ocks\u00e5 ringa p\u00e5 tlf 952 908 237.<\/p>\n","protected":false},"excerpt":{"rendered":"<p>Fr\u00e5ga: Jag och min man \u00e4r svenska medborgare och bosatta i Spanien sedan 10 \u00e5r. Vi har tv\u00e5 gemensamma barn och min man har d\u00e4rut\u00f6ver en dotter fr\u00e5n ett tidigare \u00e4ktenskap. Ett av v\u00e5ra barn bor i Spanien och de andra i Sverige. Vi har nu h\u00f6rt att arvsskatten kan vara mycket h\u00f6g. Vad beh\u00f6ver [&hellip;]<\/p>\n","protected":false},"author":8,"featured_media":3598,"comment_status":"open","ping_status":"open","sticky":false,"template":"","format":"standard","meta":{"_et_pb_use_builder":"","_et_pb_old_content":"","_et_gb_content_width":"","footnotes":""},"categories":[396,4],"tags":[],"class_list":["post-3597","post","type-post","status-publish","format-standard","has-post-thumbnail","hentry","category-arkiv-artiklar","category-artiklar"],"yoast_head":"<!-- This site is optimized with the Yoast SEO Premium plugin v26.2 (Yoast SEO v27.5) - https:\/\/yoast.com\/product\/yoast-seo-premium-wordpress\/ -->\n<title>Fr\u00e5gor om arvsskatten - Svenska Magasinet<\/title>\n<meta name=\"robots\" content=\"noindex, follow, max-snippet:-1, max-image-preview:large, max-video-preview:-1\" \/>\n<meta property=\"og:locale\" content=\"sv_SE\" \/>\n<meta property=\"og:type\" content=\"article\" \/>\n<meta property=\"og:title\" content=\"Fr\u00e5gor om arvsskatten\" \/>\n<meta property=\"og:description\" content=\"Fr\u00e5ga: Jag och min man \u00e4r svenska medborgare och bosatta i Spanien sedan 10 \u00e5r. Vi har tv\u00e5 gemensamma barn och min man har d\u00e4rut\u00f6ver en dotter fr\u00e5n ett tidigare \u00e4ktenskap. Ett av v\u00e5ra barn bor i Spanien och de andra i Sverige. Vi har nu h\u00f6rt att arvsskatten kan vara mycket h\u00f6g. Vad beh\u00f6ver [&hellip;]\" \/>\n<meta property=\"og:url\" content=\"https:\/\/lightweb.dev\/l\/svm-temp\/artiklar\/fragor-om-arvsskatten\/\" \/>\n<meta property=\"og:site_name\" content=\"Svenska Magasinet\" \/>\n<meta property=\"article:publisher\" content=\"https:\/\/www.facebook.com\/svenskamagasinet\" \/>\n<meta property=\"article:published_time\" content=\"2012-10-03T22:00:00+00:00\" \/>\n<meta property=\"og:image\" content=\"https:\/\/lightweb.dev\/l\/svm-temp\/wp-content\/uploads\/2022\/04\/frgor-om-arvsskatten.png\" \/>\n\t<meta property=\"og:image:width\" content=\"280\" \/>\n\t<meta property=\"og:image:height\" content=\"386\" \/>\n\t<meta property=\"og:image:type\" content=\"image\/png\" \/>\n<meta name=\"author\" content=\"Redaktionen SvM\" \/>\n<meta name=\"twitter:card\" content=\"summary_large_image\" \/>\n<meta name=\"twitter:creator\" content=\"@SvenskaMagasine\" \/>\n<meta name=\"twitter:site\" content=\"@SvenskaMagasine\" \/>\n<script type=\"application\/ld+json\" class=\"yoast-schema-graph\">{\"@context\":\"https:\\\/\\\/schema.org\",\"@graph\":[{\"@type\":\"Article\",\"@id\":\"https:\\\/\\\/lightweb.dev\\\/l\\\/svm-temp\\\/artiklar\\\/fragor-om-arvsskatten\\\/#article\",\"isPartOf\":{\"@id\":\"https:\\\/\\\/lightweb.dev\\\/l\\\/svm-temp\\\/artiklar\\\/fragor-om-arvsskatten\\\/\"},\"author\":{\"name\":\"Redaktionen SvM\",\"@id\":\"https:\\\/\\\/lightweb.dev\\\/l\\\/svm-temp\\\/#\\\/schema\\\/person\\\/206a3bda5b607b0c25e1749191e4d837\"},\"headline\":\"Fr\u00e5gor om arvsskatten\",\"datePublished\":\"2012-10-03T22:00:00+00:00\",\"mainEntityOfPage\":{\"@id\":\"https:\\\/\\\/lightweb.dev\\\/l\\\/svm-temp\\\/artiklar\\\/fragor-om-arvsskatten\\\/\"},\"wordCount\":454,\"commentCount\":0,\"publisher\":{\"@id\":\"https:\\\/\\\/lightweb.dev\\\/l\\\/svm-temp\\\/#organization\"},\"image\":{\"@id\":\"https:\\\/\\\/lightweb.dev\\\/l\\\/svm-temp\\\/artiklar\\\/fragor-om-arvsskatten\\\/#primaryimage\"},\"thumbnailUrl\":\"https:\\\/\\\/lightweb.dev\\\/l\\\/svm-temp\\\/wp-content\\\/uploads\\\/2022\\\/04\\\/frgor-om-arvsskatten.png\",\"articleSection\":[\"Arkiv\",\"Artiklar\"],\"inLanguage\":\"sv-SE\"},{\"@type\":\"WebPage\",\"@id\":\"https:\\\/\\\/lightweb.dev\\\/l\\\/svm-temp\\\/artiklar\\\/fragor-om-arvsskatten\\\/\",\"url\":\"https:\\\/\\\/lightweb.dev\\\/l\\\/svm-temp\\\/artiklar\\\/fragor-om-arvsskatten\\\/\",\"name\":\"Fr\u00e5gor om arvsskatten - Svenska Magasinet\",\"isPartOf\":{\"@id\":\"https:\\\/\\\/lightweb.dev\\\/l\\\/svm-temp\\\/#website\"},\"primaryImageOfPage\":{\"@id\":\"https:\\\/\\\/lightweb.dev\\\/l\\\/svm-temp\\\/artiklar\\\/fragor-om-arvsskatten\\\/#primaryimage\"},\"image\":{\"@id\":\"https:\\\/\\\/lightweb.dev\\\/l\\\/svm-temp\\\/artiklar\\\/fragor-om-arvsskatten\\\/#primaryimage\"},\"thumbnailUrl\":\"https:\\\/\\\/lightweb.dev\\\/l\\\/svm-temp\\\/wp-content\\\/uploads\\\/2022\\\/04\\\/frgor-om-arvsskatten.png\",\"datePublished\":\"2012-10-03T22:00:00+00:00\",\"breadcrumb\":{\"@id\":\"https:\\\/\\\/lightweb.dev\\\/l\\\/svm-temp\\\/artiklar\\\/fragor-om-arvsskatten\\\/#breadcrumb\"},\"inLanguage\":\"sv-SE\",\"potentialAction\":[{\"@type\":\"ReadAction\",\"target\":[\"https:\\\/\\\/lightweb.dev\\\/l\\\/svm-temp\\\/artiklar\\\/fragor-om-arvsskatten\\\/\"]}]},{\"@type\":\"ImageObject\",\"inLanguage\":\"sv-SE\",\"@id\":\"https:\\\/\\\/lightweb.dev\\\/l\\\/svm-temp\\\/artiklar\\\/fragor-om-arvsskatten\\\/#primaryimage\",\"url\":\"https:\\\/\\\/lightweb.dev\\\/l\\\/svm-temp\\\/wp-content\\\/uploads\\\/2022\\\/04\\\/frgor-om-arvsskatten.png\",\"contentUrl\":\"https:\\\/\\\/lightweb.dev\\\/l\\\/svm-temp\\\/wp-content\\\/uploads\\\/2022\\\/04\\\/frgor-om-arvsskatten.png\",\"width\":280,\"height\":386},{\"@type\":\"BreadcrumbList\",\"@id\":\"https:\\\/\\\/lightweb.dev\\\/l\\\/svm-temp\\\/artiklar\\\/fragor-om-arvsskatten\\\/#breadcrumb\",\"itemListElement\":[{\"@type\":\"ListItem\",\"position\":1,\"name\":\"Hem\",\"item\":\"https:\\\/\\\/lightweb.dev\\\/l\\\/svm-temp\\\/\"},{\"@type\":\"ListItem\",\"position\":2,\"name\":\"Fr\u00e5gor om arvsskatten\"}]},{\"@type\":\"WebSite\",\"@id\":\"https:\\\/\\\/lightweb.dev\\\/l\\\/svm-temp\\\/#website\",\"url\":\"https:\\\/\\\/lightweb.dev\\\/l\\\/svm-temp\\\/\",\"name\":\"Svenska Magasinet\",\"description\":\"Dina Spanska nyheter p&aring; Svenska\",\"publisher\":{\"@id\":\"https:\\\/\\\/lightweb.dev\\\/l\\\/svm-temp\\\/#organization\"},\"potentialAction\":[{\"@type\":\"SearchAction\",\"target\":{\"@type\":\"EntryPoint\",\"urlTemplate\":\"https:\\\/\\\/lightweb.dev\\\/l\\\/svm-temp\\\/?s={search_term_string}\"},\"query-input\":{\"@type\":\"PropertyValueSpecification\",\"valueRequired\":true,\"valueName\":\"search_term_string\"}}],\"inLanguage\":\"sv-SE\"},{\"@type\":\"Organization\",\"@id\":\"https:\\\/\\\/lightweb.dev\\\/l\\\/svm-temp\\\/#organization\",\"name\":\"Melkerson y Nott SL\",\"alternateName\":\"Svenska Magasinet\",\"url\":\"https:\\\/\\\/lightweb.dev\\\/l\\\/svm-temp\\\/\",\"logo\":{\"@type\":\"ImageObject\",\"inLanguage\":\"sv-SE\",\"@id\":\"https:\\\/\\\/lightweb.dev\\\/l\\\/svm-temp\\\/#\\\/schema\\\/logo\\\/image\\\/\",\"url\":\"https:\\\/\\\/lightweb.dev\\\/l\\\/svm-temp\\\/wp-content\\\/uploads\\\/2025\\\/02\\\/SvM-logo-Xtra-Centrerad-SVART.png\",\"contentUrl\":\"https:\\\/\\\/lightweb.dev\\\/l\\\/svm-temp\\\/wp-content\\\/uploads\\\/2025\\\/02\\\/SvM-logo-Xtra-Centrerad-SVART.png\",\"width\":300,\"height\":99,\"caption\":\"Melkerson y Nott SL\"},\"image\":{\"@id\":\"https:\\\/\\\/lightweb.dev\\\/l\\\/svm-temp\\\/#\\\/schema\\\/logo\\\/image\\\/\"},\"sameAs\":[\"https:\\\/\\\/www.facebook.com\\\/svenskamagasinet\",\"https:\\\/\\\/x.com\\\/SvenskaMagasine\"]},{\"@type\":\"Person\",\"@id\":\"https:\\\/\\\/lightweb.dev\\\/l\\\/svm-temp\\\/#\\\/schema\\\/person\\\/206a3bda5b607b0c25e1749191e4d837\",\"name\":\"Redaktionen SvM\",\"description\":\"Redaktionen\",\"sameAs\":[\"https:\\\/\\\/lightweb.dev\\\/l\\\/svm-temp\"],\"url\":\"https:\\\/\\\/lightweb.dev\\\/l\\\/svm-temp\\\/reporter\\\/redaktionen\\\/\"}]}<\/script>\n<!-- \/ Yoast SEO Premium plugin. -->","yoast_head_json":{"title":"Fr\u00e5gor om arvsskatten - Svenska Magasinet","robots":{"index":"noindex","follow":"follow","max-snippet":"max-snippet:-1","max-image-preview":"max-image-preview:large","max-video-preview":"max-video-preview:-1"},"og_locale":"sv_SE","og_type":"article","og_title":"Fr\u00e5gor om arvsskatten","og_description":"Fr\u00e5ga: Jag och min man \u00e4r svenska medborgare och bosatta i Spanien sedan 10 \u00e5r. Vi har tv\u00e5 gemensamma barn och min man har d\u00e4rut\u00f6ver en dotter fr\u00e5n ett tidigare \u00e4ktenskap. Ett av v\u00e5ra barn bor i Spanien och de andra i Sverige. Vi har nu h\u00f6rt att arvsskatten kan vara mycket h\u00f6g. Vad beh\u00f6ver [&hellip;]","og_url":"https:\/\/lightweb.dev\/l\/svm-temp\/artiklar\/fragor-om-arvsskatten\/","og_site_name":"Svenska Magasinet","article_publisher":"https:\/\/www.facebook.com\/svenskamagasinet","article_published_time":"2012-10-03T22:00:00+00:00","og_image":[{"width":280,"height":386,"url":"https:\/\/lightweb.dev\/l\/svm-temp\/wp-content\/uploads\/2022\/04\/frgor-om-arvsskatten.png","type":"image\/png"}],"author":"Redaktionen SvM","twitter_card":"summary_large_image","twitter_creator":"@SvenskaMagasine","twitter_site":"@SvenskaMagasine","schema":{"@context":"https:\/\/schema.org","@graph":[{"@type":"Article","@id":"https:\/\/lightweb.dev\/l\/svm-temp\/artiklar\/fragor-om-arvsskatten\/#article","isPartOf":{"@id":"https:\/\/lightweb.dev\/l\/svm-temp\/artiklar\/fragor-om-arvsskatten\/"},"author":{"name":"Redaktionen SvM","@id":"https:\/\/lightweb.dev\/l\/svm-temp\/#\/schema\/person\/206a3bda5b607b0c25e1749191e4d837"},"headline":"Fr\u00e5gor om arvsskatten","datePublished":"2012-10-03T22:00:00+00:00","mainEntityOfPage":{"@id":"https:\/\/lightweb.dev\/l\/svm-temp\/artiklar\/fragor-om-arvsskatten\/"},"wordCount":454,"commentCount":0,"publisher":{"@id":"https:\/\/lightweb.dev\/l\/svm-temp\/#organization"},"image":{"@id":"https:\/\/lightweb.dev\/l\/svm-temp\/artiklar\/fragor-om-arvsskatten\/#primaryimage"},"thumbnailUrl":"https:\/\/lightweb.dev\/l\/svm-temp\/wp-content\/uploads\/2022\/04\/frgor-om-arvsskatten.png","articleSection":["Arkiv","Artiklar"],"inLanguage":"sv-SE"},{"@type":"WebPage","@id":"https:\/\/lightweb.dev\/l\/svm-temp\/artiklar\/fragor-om-arvsskatten\/","url":"https:\/\/lightweb.dev\/l\/svm-temp\/artiklar\/fragor-om-arvsskatten\/","name":"Fr\u00e5gor om arvsskatten - Svenska Magasinet","isPartOf":{"@id":"https:\/\/lightweb.dev\/l\/svm-temp\/#website"},"primaryImageOfPage":{"@id":"https:\/\/lightweb.dev\/l\/svm-temp\/artiklar\/fragor-om-arvsskatten\/#primaryimage"},"image":{"@id":"https:\/\/lightweb.dev\/l\/svm-temp\/artiklar\/fragor-om-arvsskatten\/#primaryimage"},"thumbnailUrl":"https:\/\/lightweb.dev\/l\/svm-temp\/wp-content\/uploads\/2022\/04\/frgor-om-arvsskatten.png","datePublished":"2012-10-03T22:00:00+00:00","breadcrumb":{"@id":"https:\/\/lightweb.dev\/l\/svm-temp\/artiklar\/fragor-om-arvsskatten\/#breadcrumb"},"inLanguage":"sv-SE","potentialAction":[{"@type":"ReadAction","target":["https:\/\/lightweb.dev\/l\/svm-temp\/artiklar\/fragor-om-arvsskatten\/"]}]},{"@type":"ImageObject","inLanguage":"sv-SE","@id":"https:\/\/lightweb.dev\/l\/svm-temp\/artiklar\/fragor-om-arvsskatten\/#primaryimage","url":"https:\/\/lightweb.dev\/l\/svm-temp\/wp-content\/uploads\/2022\/04\/frgor-om-arvsskatten.png","contentUrl":"https:\/\/lightweb.dev\/l\/svm-temp\/wp-content\/uploads\/2022\/04\/frgor-om-arvsskatten.png","width":280,"height":386},{"@type":"BreadcrumbList","@id":"https:\/\/lightweb.dev\/l\/svm-temp\/artiklar\/fragor-om-arvsskatten\/#breadcrumb","itemListElement":[{"@type":"ListItem","position":1,"name":"Hem","item":"https:\/\/lightweb.dev\/l\/svm-temp\/"},{"@type":"ListItem","position":2,"name":"Fr\u00e5gor om arvsskatten"}]},{"@type":"WebSite","@id":"https:\/\/lightweb.dev\/l\/svm-temp\/#website","url":"https:\/\/lightweb.dev\/l\/svm-temp\/","name":"Svenska Magasinet","description":"Dina Spanska nyheter p&aring; Svenska","publisher":{"@id":"https:\/\/lightweb.dev\/l\/svm-temp\/#organization"},"potentialAction":[{"@type":"SearchAction","target":{"@type":"EntryPoint","urlTemplate":"https:\/\/lightweb.dev\/l\/svm-temp\/?s={search_term_string}"},"query-input":{"@type":"PropertyValueSpecification","valueRequired":true,"valueName":"search_term_string"}}],"inLanguage":"sv-SE"},{"@type":"Organization","@id":"https:\/\/lightweb.dev\/l\/svm-temp\/#organization","name":"Melkerson y Nott SL","alternateName":"Svenska Magasinet","url":"https:\/\/lightweb.dev\/l\/svm-temp\/","logo":{"@type":"ImageObject","inLanguage":"sv-SE","@id":"https:\/\/lightweb.dev\/l\/svm-temp\/#\/schema\/logo\/image\/","url":"https:\/\/lightweb.dev\/l\/svm-temp\/wp-content\/uploads\/2025\/02\/SvM-logo-Xtra-Centrerad-SVART.png","contentUrl":"https:\/\/lightweb.dev\/l\/svm-temp\/wp-content\/uploads\/2025\/02\/SvM-logo-Xtra-Centrerad-SVART.png","width":300,"height":99,"caption":"Melkerson y Nott SL"},"image":{"@id":"https:\/\/lightweb.dev\/l\/svm-temp\/#\/schema\/logo\/image\/"},"sameAs":["https:\/\/www.facebook.com\/svenskamagasinet","https:\/\/x.com\/SvenskaMagasine"]},{"@type":"Person","@id":"https:\/\/lightweb.dev\/l\/svm-temp\/#\/schema\/person\/206a3bda5b607b0c25e1749191e4d837","name":"Redaktionen SvM","description":"Redaktionen","sameAs":["https:\/\/lightweb.dev\/l\/svm-temp"],"url":"https:\/\/lightweb.dev\/l\/svm-temp\/reporter\/redaktionen\/"}]}},"_links":{"self":[{"href":"https:\/\/lightweb.dev\/l\/svm-temp\/wp-json\/wp\/v2\/posts\/3597","targetHints":{"allow":["GET"]}}],"collection":[{"href":"https:\/\/lightweb.dev\/l\/svm-temp\/wp-json\/wp\/v2\/posts"}],"about":[{"href":"https:\/\/lightweb.dev\/l\/svm-temp\/wp-json\/wp\/v2\/types\/post"}],"author":[{"embeddable":true,"href":"https:\/\/lightweb.dev\/l\/svm-temp\/wp-json\/wp\/v2\/users\/8"}],"replies":[{"embeddable":true,"href":"https:\/\/lightweb.dev\/l\/svm-temp\/wp-json\/wp\/v2\/comments?post=3597"}],"version-history":[{"count":0,"href":"https:\/\/lightweb.dev\/l\/svm-temp\/wp-json\/wp\/v2\/posts\/3597\/revisions"}],"wp:featuredmedia":[{"embeddable":true,"href":"https:\/\/lightweb.dev\/l\/svm-temp\/wp-json\/wp\/v2\/media\/3598"}],"wp:attachment":[{"href":"https:\/\/lightweb.dev\/l\/svm-temp\/wp-json\/wp\/v2\/media?parent=3597"}],"wp:term":[{"taxonomy":"category","embeddable":true,"href":"https:\/\/lightweb.dev\/l\/svm-temp\/wp-json\/wp\/v2\/categories?post=3597"},{"taxonomy":"post_tag","embeddable":true,"href":"https:\/\/lightweb.dev\/l\/svm-temp\/wp-json\/wp\/v2\/tags?post=3597"}],"curies":[{"name":"wp","href":"https:\/\/api.w.org\/{rel}","templated":true}]}}