{"id":3599,"date":"2012-10-04T00:00:00","date_gmt":"2012-10-03T22:00:00","guid":{"rendered":"https:\/\/lightweb.dev\/l\/svm-temp\/den-forvantade-spanska-tronfoljden\/"},"modified":"2012-10-04T00:00:00","modified_gmt":"2012-10-03T22:00:00","slug":"den-forvantade-spanska-tronfoljden","status":"publish","type":"post","link":"https:\/\/lightweb.dev\/l\/svm-temp\/artiklar\/den-forvantade-spanska-tronfoljden\/","title":{"rendered":"Den f\u00f6rv\u00e4ntade spanska tronf\u00f6ljden"},"content":{"rendered":"<p> Kronprinsparet Felipe och Letizia \u00e4r framtiden f\u00f6r den spanska monarkin d\u00e4rf\u00f6r l\u00e4r det bli mer fokus p\u00e5 dem i framtiden. Det m\u00e4rktes inte minst den 15 september n\u00e4r prinsessan Letizia fyllde 40 \u00e5r. Av Ola Josefsson Foto: \u00a9 Casa de S. M El Rey | Cristina Garc\u00eda Rodero<br \/>\nAll mer fokus kommer att riktas p\u00e5 det spanska kronprinsparet av Asturien. Den 10 september presenterade kungahuset sin nya webbplats. Bilden p\u00e5 Hans Majest\u00e4t Konungen, Don Juan Carlos, kronprins Pr\u00edncipe Felipe av Asturien och prinsessan Infanta Leonor publicerades \u00f6verst p\u00e5 sidan &#8211; den f\u00f6rv\u00e4ntade tronf\u00f6ljden.<\/p>\n<p>Bilderna p\u00e5 den nuvarande monarken och arvingarna togs i juli i slottstr\u00e4dg\u00e5rden jardines del Palacio Real och har titeln \u201dTres generaciones, un compromiso com\u00fan\u201d, Tre generationer, ett gemensamt \u00e5tagande.<\/p>\n<p>Avslappnade, glada, gemytliga och st\u00e4ndigt leende. Det k\u00e4nnetecknar bilderna som \u00e4r en av flera nyheter p\u00e5 webbplatsen www.casareal.es som \u00e4ven omfattar en h\u00e4lsning fr\u00e5n kungen d\u00e4r han f\u00f6rklarar det nya projektet som ett \u201df\u00f6rs\u00f6k att f\u00f6rb\u00e4ttra kommunikationen mellan kungahuset och spanjorerna, en kommunikation som ska vara baserad p\u00e5 \u00f6ppenhet, noggrannhet och innovation\u201d.<\/p>\n<p>Webbplatsen har modern design och \u00e4r avsedd f\u00f6r att bli mer tillg\u00e4nglig och n\u00e4ra. Bland annat kan du skicka h\u00e4lsningar till den kungliga familjen. Webbplatsen presenteras p\u00e5 spanska, engelska och de officiella spr\u00e5ken katalanska, baskiska, galiciska och valenciano.<\/p>\n<p>Prinsessan Letizia \u00e4r oerh\u00f6rt popul\u00e4r och n\u00e4st h\u00f6gst rankade efter drottningen av den spanska kungafamiljen som media s\u00e4tter fokus p\u00e5. Str\u00e5lkastarljuset p\u00e5 kronprinsparet och deras d\u00f6ttrar l\u00e4r \u00f6ka i styrka.<\/p>\n<p>Kungahusets omgjorda officiella webbplats beskrivs i spansk media som en \u201dsk\u00f6ld\u201d mot efter flera p\u00e5st\u00e5dda skandaler under \u00e5ret. De nytagna bilderna av kungen, kronprinsen och Leonor samt prinsessan Letizia har blivit en viktig del.<\/p>\n<p>N\u00e5gon bild \u00f6ver hela den kungaliga familjen har inte blivit publicerad i sommar. I st\u00e4llet f\u00f6r en traditionell semesterbild fr\u00e5n sommarbostaden Marivent p\u00e5 Mallorca publicerades en bild p\u00e5 kronprinsparet Felipe och Letizia och deras d\u00f6ttrar n\u00e4r de \u00e5kte t\u00e5g i Manacor.<\/p>\n<p>Flera av kungafamiljens medlemmar har tonats ned. Det g\u00e4ller i synnerhet prinsessan Cristinas make I\u00f1aki Urdangarin som \u00e4r indragen i en bedr\u00e4gerih\u00e4rva. \u00c4ven den fr\u00e5nskilda prinsessan infanta Elena har tonats ned.<\/p>\n<p>Det handlar mer om Hans Majest\u00e4t Konungen, Don Juan Carlos, kronprins Pr\u00edncipe Felipe av Asturien och prinsessan Infanta Leonor, den f\u00f6rv\u00e4ntade tronf\u00f6ljden. <\/p>\n","protected":false},"excerpt":{"rendered":"<p>Kronprinsparet Felipe och Letizia \u00e4r framtiden f\u00f6r den spanska monarkin d\u00e4rf\u00f6r l\u00e4r det bli mer fokus p\u00e5 dem i framtiden. Det m\u00e4rktes inte minst den 15 september n\u00e4r prinsessan Letizia fyllde 40 \u00e5r. Av Ola Josefsson Foto: \u00a9 Casa de S. M El Rey | Cristina Garc\u00eda Rodero All mer fokus kommer att riktas p\u00e5 [&hellip;]<\/p>\n","protected":false},"author":8,"featured_media":3600,"comment_status":"open","ping_status":"open","sticky":false,"template":"","format":"standard","meta":{"_et_pb_use_builder":"","_et_pb_old_content":"","_et_gb_content_width":"","footnotes":""},"categories":[396,4],"tags":[],"class_list":["post-3599","post","type-post","status-publish","format-standard","has-post-thumbnail","hentry","category-arkiv-artiklar","category-artiklar"],"yoast_head":"<!-- This site is optimized with the Yoast SEO Premium plugin v26.2 (Yoast SEO v27.5) - https:\/\/yoast.com\/product\/yoast-seo-premium-wordpress\/ -->\n<title>Den f\u00f6rv\u00e4ntade spanska tronf\u00f6ljden - Svenska Magasinet<\/title>\n<meta name=\"robots\" content=\"noindex, follow, max-snippet:-1, max-image-preview:large, max-video-preview:-1\" \/>\n<meta property=\"og:locale\" content=\"sv_SE\" \/>\n<meta property=\"og:type\" content=\"article\" \/>\n<meta property=\"og:title\" content=\"Den f\u00f6rv\u00e4ntade spanska tronf\u00f6ljden\" \/>\n<meta property=\"og:description\" content=\"Kronprinsparet Felipe och Letizia \u00e4r framtiden f\u00f6r den spanska monarkin d\u00e4rf\u00f6r l\u00e4r det bli mer fokus p\u00e5 dem i framtiden. Det m\u00e4rktes inte minst den 15 september n\u00e4r prinsessan Letizia fyllde 40 \u00e5r. Av Ola Josefsson Foto: \u00a9 Casa de S. M El Rey | Cristina Garc\u00eda Rodero All mer fokus kommer att riktas p\u00e5 [&hellip;]\" \/>\n<meta property=\"og:url\" content=\"https:\/\/lightweb.dev\/l\/svm-temp\/artiklar\/den-forvantade-spanska-tronfoljden\/\" \/>\n<meta property=\"og:site_name\" content=\"Svenska Magasinet\" \/>\n<meta property=\"article:publisher\" content=\"https:\/\/www.facebook.com\/svenskamagasinet\" \/>\n<meta property=\"article:published_time\" content=\"2012-10-03T22:00:00+00:00\" \/>\n<meta property=\"og:image\" content=\"https:\/\/lightweb.dev\/l\/svm-temp\/wp-content\/uploads\/2022\/04\/den-frvntade-spanska-tronfljden.png\" \/>\n\t<meta property=\"og:image:width\" content=\"299\" \/>\n\t<meta property=\"og:image:height\" content=\"200\" \/>\n\t<meta property=\"og:image:type\" content=\"image\/png\" \/>\n<meta name=\"author\" content=\"Redaktionen SvM\" \/>\n<meta name=\"twitter:card\" content=\"summary_large_image\" \/>\n<meta name=\"twitter:creator\" content=\"@SvenskaMagasine\" \/>\n<meta name=\"twitter:site\" content=\"@SvenskaMagasine\" \/>\n<script type=\"application\/ld+json\" class=\"yoast-schema-graph\">{\"@context\":\"https:\\\/\\\/schema.org\",\"@graph\":[{\"@type\":\"Article\",\"@id\":\"https:\\\/\\\/lightweb.dev\\\/l\\\/svm-temp\\\/artiklar\\\/den-forvantade-spanska-tronfoljden\\\/#article\",\"isPartOf\":{\"@id\":\"https:\\\/\\\/lightweb.dev\\\/l\\\/svm-temp\\\/artiklar\\\/den-forvantade-spanska-tronfoljden\\\/\"},\"author\":{\"name\":\"Redaktionen SvM\",\"@id\":\"https:\\\/\\\/lightweb.dev\\\/l\\\/svm-temp\\\/#\\\/schema\\\/person\\\/206a3bda5b607b0c25e1749191e4d837\"},\"headline\":\"Den f\u00f6rv\u00e4ntade spanska tronf\u00f6ljden\",\"datePublished\":\"2012-10-03T22:00:00+00:00\",\"mainEntityOfPage\":{\"@id\":\"https:\\\/\\\/lightweb.dev\\\/l\\\/svm-temp\\\/artiklar\\\/den-forvantade-spanska-tronfoljden\\\/\"},\"wordCount\":432,\"commentCount\":0,\"publisher\":{\"@id\":\"https:\\\/\\\/lightweb.dev\\\/l\\\/svm-temp\\\/#organization\"},\"image\":{\"@id\":\"https:\\\/\\\/lightweb.dev\\\/l\\\/svm-temp\\\/artiklar\\\/den-forvantade-spanska-tronfoljden\\\/#primaryimage\"},\"thumbnailUrl\":\"https:\\\/\\\/lightweb.dev\\\/l\\\/svm-temp\\\/wp-content\\\/uploads\\\/2022\\\/04\\\/den-frvntade-spanska-tronfljden.png\",\"articleSection\":[\"Arkiv\",\"Artiklar\"],\"inLanguage\":\"sv-SE\"},{\"@type\":\"WebPage\",\"@id\":\"https:\\\/\\\/lightweb.dev\\\/l\\\/svm-temp\\\/artiklar\\\/den-forvantade-spanska-tronfoljden\\\/\",\"url\":\"https:\\\/\\\/lightweb.dev\\\/l\\\/svm-temp\\\/artiklar\\\/den-forvantade-spanska-tronfoljden\\\/\",\"name\":\"Den f\u00f6rv\u00e4ntade spanska tronf\u00f6ljden - Svenska Magasinet\",\"isPartOf\":{\"@id\":\"https:\\\/\\\/lightweb.dev\\\/l\\\/svm-temp\\\/#website\"},\"primaryImageOfPage\":{\"@id\":\"https:\\\/\\\/lightweb.dev\\\/l\\\/svm-temp\\\/artiklar\\\/den-forvantade-spanska-tronfoljden\\\/#primaryimage\"},\"image\":{\"@id\":\"https:\\\/\\\/lightweb.dev\\\/l\\\/svm-temp\\\/artiklar\\\/den-forvantade-spanska-tronfoljden\\\/#primaryimage\"},\"thumbnailUrl\":\"https:\\\/\\\/lightweb.dev\\\/l\\\/svm-temp\\\/wp-content\\\/uploads\\\/2022\\\/04\\\/den-frvntade-spanska-tronfljden.png\",\"datePublished\":\"2012-10-03T22:00:00+00:00\",\"breadcrumb\":{\"@id\":\"https:\\\/\\\/lightweb.dev\\\/l\\\/svm-temp\\\/artiklar\\\/den-forvantade-spanska-tronfoljden\\\/#breadcrumb\"},\"inLanguage\":\"sv-SE\",\"potentialAction\":[{\"@type\":\"ReadAction\",\"target\":[\"https:\\\/\\\/lightweb.dev\\\/l\\\/svm-temp\\\/artiklar\\\/den-forvantade-spanska-tronfoljden\\\/\"]}]},{\"@type\":\"ImageObject\",\"inLanguage\":\"sv-SE\",\"@id\":\"https:\\\/\\\/lightweb.dev\\\/l\\\/svm-temp\\\/artiklar\\\/den-forvantade-spanska-tronfoljden\\\/#primaryimage\",\"url\":\"https:\\\/\\\/lightweb.dev\\\/l\\\/svm-temp\\\/wp-content\\\/uploads\\\/2022\\\/04\\\/den-frvntade-spanska-tronfljden.png\",\"contentUrl\":\"https:\\\/\\\/lightweb.dev\\\/l\\\/svm-temp\\\/wp-content\\\/uploads\\\/2022\\\/04\\\/den-frvntade-spanska-tronfljden.png\",\"width\":299,\"height\":200},{\"@type\":\"BreadcrumbList\",\"@id\":\"https:\\\/\\\/lightweb.dev\\\/l\\\/svm-temp\\\/artiklar\\\/den-forvantade-spanska-tronfoljden\\\/#breadcrumb\",\"itemListElement\":[{\"@type\":\"ListItem\",\"position\":1,\"name\":\"Hem\",\"item\":\"https:\\\/\\\/lightweb.dev\\\/l\\\/svm-temp\\\/\"},{\"@type\":\"ListItem\",\"position\":2,\"name\":\"Den f\u00f6rv\u00e4ntade spanska tronf\u00f6ljden\"}]},{\"@type\":\"WebSite\",\"@id\":\"https:\\\/\\\/lightweb.dev\\\/l\\\/svm-temp\\\/#website\",\"url\":\"https:\\\/\\\/lightweb.dev\\\/l\\\/svm-temp\\\/\",\"name\":\"Svenska Magasinet\",\"description\":\"Dina Spanska nyheter p&aring; Svenska\",\"publisher\":{\"@id\":\"https:\\\/\\\/lightweb.dev\\\/l\\\/svm-temp\\\/#organization\"},\"potentialAction\":[{\"@type\":\"SearchAction\",\"target\":{\"@type\":\"EntryPoint\",\"urlTemplate\":\"https:\\\/\\\/lightweb.dev\\\/l\\\/svm-temp\\\/?s={search_term_string}\"},\"query-input\":{\"@type\":\"PropertyValueSpecification\",\"valueRequired\":true,\"valueName\":\"search_term_string\"}}],\"inLanguage\":\"sv-SE\"},{\"@type\":\"Organization\",\"@id\":\"https:\\\/\\\/lightweb.dev\\\/l\\\/svm-temp\\\/#organization\",\"name\":\"Melkerson y Nott SL\",\"alternateName\":\"Svenska Magasinet\",\"url\":\"https:\\\/\\\/lightweb.dev\\\/l\\\/svm-temp\\\/\",\"logo\":{\"@type\":\"ImageObject\",\"inLanguage\":\"sv-SE\",\"@id\":\"https:\\\/\\\/lightweb.dev\\\/l\\\/svm-temp\\\/#\\\/schema\\\/logo\\\/image\\\/\",\"url\":\"https:\\\/\\\/lightweb.dev\\\/l\\\/svm-temp\\\/wp-content\\\/uploads\\\/2025\\\/02\\\/SvM-logo-Xtra-Centrerad-SVART.png\",\"contentUrl\":\"https:\\\/\\\/lightweb.dev\\\/l\\\/svm-temp\\\/wp-content\\\/uploads\\\/2025\\\/02\\\/SvM-logo-Xtra-Centrerad-SVART.png\",\"width\":300,\"height\":99,\"caption\":\"Melkerson y Nott SL\"},\"image\":{\"@id\":\"https:\\\/\\\/lightweb.dev\\\/l\\\/svm-temp\\\/#\\\/schema\\\/logo\\\/image\\\/\"},\"sameAs\":[\"https:\\\/\\\/www.facebook.com\\\/svenskamagasinet\",\"https:\\\/\\\/x.com\\\/SvenskaMagasine\"]},{\"@type\":\"Person\",\"@id\":\"https:\\\/\\\/lightweb.dev\\\/l\\\/svm-temp\\\/#\\\/schema\\\/person\\\/206a3bda5b607b0c25e1749191e4d837\",\"name\":\"Redaktionen SvM\",\"description\":\"Redaktionen\",\"sameAs\":[\"https:\\\/\\\/lightweb.dev\\\/l\\\/svm-temp\"],\"url\":\"https:\\\/\\\/lightweb.dev\\\/l\\\/svm-temp\\\/reporter\\\/redaktionen\\\/\"}]}<\/script>\n<!-- \/ Yoast SEO Premium plugin. -->","yoast_head_json":{"title":"Den f\u00f6rv\u00e4ntade spanska tronf\u00f6ljden - Svenska Magasinet","robots":{"index":"noindex","follow":"follow","max-snippet":"max-snippet:-1","max-image-preview":"max-image-preview:large","max-video-preview":"max-video-preview:-1"},"og_locale":"sv_SE","og_type":"article","og_title":"Den f\u00f6rv\u00e4ntade spanska tronf\u00f6ljden","og_description":"Kronprinsparet Felipe och Letizia \u00e4r framtiden f\u00f6r den spanska monarkin d\u00e4rf\u00f6r l\u00e4r det bli mer fokus p\u00e5 dem i framtiden. Det m\u00e4rktes inte minst den 15 september n\u00e4r prinsessan Letizia fyllde 40 \u00e5r. Av Ola Josefsson Foto: \u00a9 Casa de S. M El Rey | Cristina Garc\u00eda Rodero All mer fokus kommer att riktas p\u00e5 [&hellip;]","og_url":"https:\/\/lightweb.dev\/l\/svm-temp\/artiklar\/den-forvantade-spanska-tronfoljden\/","og_site_name":"Svenska Magasinet","article_publisher":"https:\/\/www.facebook.com\/svenskamagasinet","article_published_time":"2012-10-03T22:00:00+00:00","og_image":[{"width":299,"height":200,"url":"https:\/\/lightweb.dev\/l\/svm-temp\/wp-content\/uploads\/2022\/04\/den-frvntade-spanska-tronfljden.png","type":"image\/png"}],"author":"Redaktionen SvM","twitter_card":"summary_large_image","twitter_creator":"@SvenskaMagasine","twitter_site":"@SvenskaMagasine","schema":{"@context":"https:\/\/schema.org","@graph":[{"@type":"Article","@id":"https:\/\/lightweb.dev\/l\/svm-temp\/artiklar\/den-forvantade-spanska-tronfoljden\/#article","isPartOf":{"@id":"https:\/\/lightweb.dev\/l\/svm-temp\/artiklar\/den-forvantade-spanska-tronfoljden\/"},"author":{"name":"Redaktionen SvM","@id":"https:\/\/lightweb.dev\/l\/svm-temp\/#\/schema\/person\/206a3bda5b607b0c25e1749191e4d837"},"headline":"Den f\u00f6rv\u00e4ntade spanska tronf\u00f6ljden","datePublished":"2012-10-03T22:00:00+00:00","mainEntityOfPage":{"@id":"https:\/\/lightweb.dev\/l\/svm-temp\/artiklar\/den-forvantade-spanska-tronfoljden\/"},"wordCount":432,"commentCount":0,"publisher":{"@id":"https:\/\/lightweb.dev\/l\/svm-temp\/#organization"},"image":{"@id":"https:\/\/lightweb.dev\/l\/svm-temp\/artiklar\/den-forvantade-spanska-tronfoljden\/#primaryimage"},"thumbnailUrl":"https:\/\/lightweb.dev\/l\/svm-temp\/wp-content\/uploads\/2022\/04\/den-frvntade-spanska-tronfljden.png","articleSection":["Arkiv","Artiklar"],"inLanguage":"sv-SE"},{"@type":"WebPage","@id":"https:\/\/lightweb.dev\/l\/svm-temp\/artiklar\/den-forvantade-spanska-tronfoljden\/","url":"https:\/\/lightweb.dev\/l\/svm-temp\/artiklar\/den-forvantade-spanska-tronfoljden\/","name":"Den f\u00f6rv\u00e4ntade spanska tronf\u00f6ljden - Svenska Magasinet","isPartOf":{"@id":"https:\/\/lightweb.dev\/l\/svm-temp\/#website"},"primaryImageOfPage":{"@id":"https:\/\/lightweb.dev\/l\/svm-temp\/artiklar\/den-forvantade-spanska-tronfoljden\/#primaryimage"},"image":{"@id":"https:\/\/lightweb.dev\/l\/svm-temp\/artiklar\/den-forvantade-spanska-tronfoljden\/#primaryimage"},"thumbnailUrl":"https:\/\/lightweb.dev\/l\/svm-temp\/wp-content\/uploads\/2022\/04\/den-frvntade-spanska-tronfljden.png","datePublished":"2012-10-03T22:00:00+00:00","breadcrumb":{"@id":"https:\/\/lightweb.dev\/l\/svm-temp\/artiklar\/den-forvantade-spanska-tronfoljden\/#breadcrumb"},"inLanguage":"sv-SE","potentialAction":[{"@type":"ReadAction","target":["https:\/\/lightweb.dev\/l\/svm-temp\/artiklar\/den-forvantade-spanska-tronfoljden\/"]}]},{"@type":"ImageObject","inLanguage":"sv-SE","@id":"https:\/\/lightweb.dev\/l\/svm-temp\/artiklar\/den-forvantade-spanska-tronfoljden\/#primaryimage","url":"https:\/\/lightweb.dev\/l\/svm-temp\/wp-content\/uploads\/2022\/04\/den-frvntade-spanska-tronfljden.png","contentUrl":"https:\/\/lightweb.dev\/l\/svm-temp\/wp-content\/uploads\/2022\/04\/den-frvntade-spanska-tronfljden.png","width":299,"height":200},{"@type":"BreadcrumbList","@id":"https:\/\/lightweb.dev\/l\/svm-temp\/artiklar\/den-forvantade-spanska-tronfoljden\/#breadcrumb","itemListElement":[{"@type":"ListItem","position":1,"name":"Hem","item":"https:\/\/lightweb.dev\/l\/svm-temp\/"},{"@type":"ListItem","position":2,"name":"Den f\u00f6rv\u00e4ntade spanska tronf\u00f6ljden"}]},{"@type":"WebSite","@id":"https:\/\/lightweb.dev\/l\/svm-temp\/#website","url":"https:\/\/lightweb.dev\/l\/svm-temp\/","name":"Svenska Magasinet","description":"Dina Spanska nyheter p&aring; Svenska","publisher":{"@id":"https:\/\/lightweb.dev\/l\/svm-temp\/#organization"},"potentialAction":[{"@type":"SearchAction","target":{"@type":"EntryPoint","urlTemplate":"https:\/\/lightweb.dev\/l\/svm-temp\/?s={search_term_string}"},"query-input":{"@type":"PropertyValueSpecification","valueRequired":true,"valueName":"search_term_string"}}],"inLanguage":"sv-SE"},{"@type":"Organization","@id":"https:\/\/lightweb.dev\/l\/svm-temp\/#organization","name":"Melkerson y Nott SL","alternateName":"Svenska Magasinet","url":"https:\/\/lightweb.dev\/l\/svm-temp\/","logo":{"@type":"ImageObject","inLanguage":"sv-SE","@id":"https:\/\/lightweb.dev\/l\/svm-temp\/#\/schema\/logo\/image\/","url":"https:\/\/lightweb.dev\/l\/svm-temp\/wp-content\/uploads\/2025\/02\/SvM-logo-Xtra-Centrerad-SVART.png","contentUrl":"https:\/\/lightweb.dev\/l\/svm-temp\/wp-content\/uploads\/2025\/02\/SvM-logo-Xtra-Centrerad-SVART.png","width":300,"height":99,"caption":"Melkerson y Nott SL"},"image":{"@id":"https:\/\/lightweb.dev\/l\/svm-temp\/#\/schema\/logo\/image\/"},"sameAs":["https:\/\/www.facebook.com\/svenskamagasinet","https:\/\/x.com\/SvenskaMagasine"]},{"@type":"Person","@id":"https:\/\/lightweb.dev\/l\/svm-temp\/#\/schema\/person\/206a3bda5b607b0c25e1749191e4d837","name":"Redaktionen SvM","description":"Redaktionen","sameAs":["https:\/\/lightweb.dev\/l\/svm-temp"],"url":"https:\/\/lightweb.dev\/l\/svm-temp\/reporter\/redaktionen\/"}]}},"_links":{"self":[{"href":"https:\/\/lightweb.dev\/l\/svm-temp\/wp-json\/wp\/v2\/posts\/3599","targetHints":{"allow":["GET"]}}],"collection":[{"href":"https:\/\/lightweb.dev\/l\/svm-temp\/wp-json\/wp\/v2\/posts"}],"about":[{"href":"https:\/\/lightweb.dev\/l\/svm-temp\/wp-json\/wp\/v2\/types\/post"}],"author":[{"embeddable":true,"href":"https:\/\/lightweb.dev\/l\/svm-temp\/wp-json\/wp\/v2\/users\/8"}],"replies":[{"embeddable":true,"href":"https:\/\/lightweb.dev\/l\/svm-temp\/wp-json\/wp\/v2\/comments?post=3599"}],"version-history":[{"count":0,"href":"https:\/\/lightweb.dev\/l\/svm-temp\/wp-json\/wp\/v2\/posts\/3599\/revisions"}],"wp:featuredmedia":[{"embeddable":true,"href":"https:\/\/lightweb.dev\/l\/svm-temp\/wp-json\/wp\/v2\/media\/3600"}],"wp:attachment":[{"href":"https:\/\/lightweb.dev\/l\/svm-temp\/wp-json\/wp\/v2\/media?parent=3599"}],"wp:term":[{"taxonomy":"category","embeddable":true,"href":"https:\/\/lightweb.dev\/l\/svm-temp\/wp-json\/wp\/v2\/categories?post=3599"},{"taxonomy":"post_tag","embeddable":true,"href":"https:\/\/lightweb.dev\/l\/svm-temp\/wp-json\/wp\/v2\/tags?post=3599"}],"curies":[{"name":"wp","href":"https:\/\/api.w.org\/{rel}","templated":true}]}}