{"id":3601,"date":"2012-10-04T00:00:00","date_gmt":"2012-10-03T22:00:00","guid":{"rendered":"https:\/\/lightweb.dev\/l\/svm-temp\/jag-traffades-av-jattevagen-och-havet-slukade-mig\/"},"modified":"2012-10-04T00:00:00","modified_gmt":"2012-10-03T22:00:00","slug":"jag-traffades-av-jattevagen-och-havet-slukade-mig","status":"publish","type":"post","link":"https:\/\/lightweb.dev\/l\/svm-temp\/artiklar\/jag-traffades-av-jattevagen-och-havet-slukade-mig\/","title":{"rendered":"Jag tr\u00e4ffades av j\u00e4ttev\u00e5gen och havet slukade mig"},"content":{"rendered":"<p> Kanarie\u00f6n Lanzarote april 1986. Det skulle bli en h\u00e4rlig semestervecka p\u00e5 den svarta dramatiska lava\u00f6n. I st\u00e4llet tr\u00e4ffades jag av en j\u00e4ttev\u00e5g som drog ned mig i det rytande Atlanten. Svenska Magasinets Ola Josefsson ber\u00e4ttar om h\u00e4ndelsen han sent kommer att gl\u00f6mma. Av Ola Josefsson Foto Kenneth Christoffersson<\/p>\n<p>Ett nyhetstelegram fr\u00e5n den spanska nyhetsbyr\u00e5n EFE f\u00e5ngade min uppm\u00e4rksamhet i september. Det handlade om en 28-\u00e5rig pappa och hans sju\u00e5riga son som b\u00e5da drunknade vid Cala Antena p\u00e5 Mallorca. Pojken f\u00f6ll i havet efter att ha blivit tr\u00e4ffad av en stor v\u00e5g. Pappan hoppade i f\u00f6r att r\u00e4dda sin son med resultatet att b\u00e5da drunknade.<\/p>\n<p>Jag har upplevt det \u2013 och \u00f6verlevde. Att m\u00f6ta en brutal v\u00e5g och k\u00e4mpa mot havets v\u00e4ldiga d\u00e5n och krafter. Och samtidigt veta att ens far st\u00e5r h\u00f6gt uppe p\u00e5 land och ser sin son k\u00e4mpa f\u00f6r sitt liv. Som tur valde min pappa att inte hoppa i, d\u00e5 vet vi inte hur det hade slutat.<\/p>\n<p>Jag hade l\u00e4st boken \u201dR\u00e4dda livet\u201d av Anthony Greenbank som ICA-f\u00f6rlaget i V\u00e4ster\u00e5s utgav 1974. Vid \u00e5tskilliga tillf\u00e4llen hade jag tagit ned boken fr\u00e5n hyllan hos mina f\u00f6r\u00e4ldrar. Boken med den engelska titeln \u201dThe book of survival!\u201d gav handledning i konsten att klara livhanken vid \u00f6verfall, eldsv\u00e5dor, drunkning, skeppsbrott, olyckor, flyghaveri, f\u00f6rfrysning, f\u00f6rgiftning, hunger och t\u00f6rst.<\/p>\n<p>Och framf\u00f6r allt vad man skulle t\u00e4nka p\u00e5 vid sugvirvlar, och br\u00e4nningar&#8230;<\/p>\n<p>Br\u00e4nningar kan p\u00e5 \u00f6verraskande kort tid bli mycket v\u00e5ldsamma och farliga. De kan sl\u00e5 en skicklig simmare medvetsl\u00f6s. \u201dF\u00f6rs\u00f6k d\u00e4rf\u00f6r aldrig att streta emot om du blir omkullkastad av en v\u00e5ldsam brottsj\u00f6 eller blir neddragen av en kraftigt sugande understr\u00f6m\u201d var en mening jag l\u00e4st \u00e5tskilliga g\u00e5nger.<br \/>\nAtt klara livhanken i br\u00e4nningar och str\u00f6mmar f\u00f6ruts\u00e4tter krafter och goda nerver. De goda r\u00e5den i boken \u201dR\u00e4dda livet\u201d bidrog till att jag \u00f6verlevde p\u00e5 Lanzarote i april 1986.<\/p>\n<p>Jag var 19 \u00e5r gammal och tillsammans med min pappa plus tre v\u00e4nner hade vi k\u00f6pt en chartervecka till Lanzarote. Det \u00e4r en fascinerande \u00f6 p\u00e5 m\u00e5nga s\u00e4tt. Jag har aldrig varit p\u00e5 Island men de som varit d\u00e4r menar att Lanzarote p\u00e5minner om Island, men det \u00e4r varmare.<\/p>\n<p>Den svarta lavan \u00e4r k\u00e4nnetecknande f\u00f6r \u00f6n som k\u00e4nns som ett m\u00e5nlandskap. Den fantastiska nationalparken Timanfaya ligger p\u00e5 ett omr\u00e5de som hade vulkanutbrott 1824. K\u00f6tt och fisk grillas p\u00e5 ett galler \u00f6ver ett h\u00e5l rakt ned i underjorden. Jo, du \u00e4ter vulkangrillad mat och jordytan \u00e4r s\u00e5 het att du kan steka \u00e4gg direkt p\u00e5 marken.<\/p>\n<p>P\u00e5 v\u00e4stra sidan av Lanzarote ligger Los Hervideros, ett svart omr\u00e5de som best\u00e5r av stelnad magma fr\u00e5n vulkanen. H\u00e4r hittar du \u00e4ven El Golfo, en vulkan vars ena del har sjunkit ned i havet. P\u00e5 platsen finns halv\u00e4delstenar vilket var en av anledningarna till att vi l\u00e4mnade turistorten Puerto de la Carmen f\u00f6r en dag.<\/p>\n<p>Filmklipp 1<\/p>\n<p>Filmklipp 2<\/p>\n<p>Filmklipp 3<br \/>\nK\u00e4nnetecknande f\u00f6r denna del av Lanzarote \u00e4r den dramatiska klippkusten med sm\u00e5 vikar. Lavan eller den stelnade magman g\u00f6r klipporna oj\u00e4mna och ibland sylvassa vilket g\u00f6r det l\u00e4tt att kl\u00e4ttra. Vi hade st\u00e4llt bilen vid sidan av v\u00e4gen och jag b\u00f6rjade kl\u00e4ttra ned mot vattenlinjen. Jag unders\u00f6kte klipporna p\u00e5 jakt efter halv\u00e4delstenar. Det var en fascinerande kl\u00e4ttring och l\u00e4ngre ned hade det bildats en naturlig pool.<br \/>\nDet \u00e4r i den \u201dpoolen\u201d jag sitter p\u00e5 bilden h\u00e4r intill. V\u00e5gorna bryter och sl\u00e5r och skummet yr \u00f6ver mig. Det k\u00e4nns underbart att bara sitta d\u00e4r och f\u00e5 havsskummet \u00f6ver sig \u2013 k\u00e4nna s\u00e4ltan fr\u00e5n havet.<\/p>\n<p>V\u00e5gorna v\u00e4xer i storlek och styrka. Det \u00e4r h\u00e4r jag borde insett faran \u2013 men det var f\u00f6r sent att b\u00f6rja kl\u00e4ttringen upp\u00e5t. Jag ser hur en v\u00e5g byggs upp och kommer n\u00e4rmare. Det blir till en vattenv\u00e4gg som kommer emot mig, nu handlar det bara om att h\u00e5lla sig fast. Jag dyker ned i den grunda lilla \u201dpoolen\u201d n\u00e4r vattenmassorna v\u00e4ller \u00f6ver mig och jag f\u00f6rs\u00f6ker finna n\u00e5got att h\u00e5lla mig fast vid.<\/p>\n<p>Jag upplever enorma vattenkrafter som tar tag i mig. V\u00e5gen sl\u00e5r s\u00e5 h\u00f6gt upp, att den n\u00e5r platsen d\u00e4r vi hade st\u00e4llt bilen, f\u00e5r jag senare veta. Jag dr\u00e4nks av vatten och flyter bara med. Jag \u00e5ker \u00f6ver klippkanten, greppar tag i den och f\u00f6rs\u00f6ker h\u00e5lla mig fast. Det g\u00e5r inte, jag orkar inte, ger efter och glider utmed klippv\u00e4ggen ned i havet. Ytterligare en j\u00e4ttev\u00e5g tr\u00e4ffar mig och trycker in mig bland klipporna. Jag upplever en fruktansv\u00e4rd sm\u00e4ll mot h\u00f6ger h\u00f6ft.<\/p>\n<p>Det \u00e4r nu jag minns texterna ur boken \u201dR\u00e4dda livet\u201d; F\u00f6rs\u00f6k simma snett ut ur v\u00e5gen s\u00e5 att du inte krossas mot de sylvassa lavaklipporna! Var iskall, simma ut mot \u00f6ppna havet!<\/p>\n<p>Jag k\u00e4nner att min h\u00f6gra h\u00f6ft har f\u00e5tt en rej\u00e4l sm\u00e4ll. P\u00e5 n\u00e5got m\u00e4rkligt vis k\u00e4nner jag inte sm\u00e4rtan. Den kommer att visa sig senare n\u00e4r jag v\u00e4l \u00e4r uppe p\u00e5 land.<\/p>\n<p>Man kan h\u00e5lla sig flytande i \u00e5tskilliga timmar \u00e4ven utan livb\u00e4lte eller flytv\u00e4st s\u00e4rskilt i varmt saltvatten har jag l\u00e4st. Jag simmar ut mot det \u00f6ppna havet, till lugnare vatten, bort fr\u00e5n v\u00e5gor som v\u00e4xer i styrka och storlek. Jag k\u00e4nner och h\u00f6r havets rytande. En bit ut i havet ligger jag och plaskar, iakttar kustlinjen och ser n\u00e4rmaste vik till v\u00e4nster. Jag hade tidigare sett viken fr\u00e5n land men jag minns inte hur l\u00e5ngt in den gick. Finns det farliga undervattenklippor? Kan jag simma in i viken, f\u00f6lja med en v\u00e5g och hitta lugnare vatten? Fr\u00e5gorna for runt i mitt huvud.<\/p>\n<p>F\u00f6rst av allt g\u00e4llde det att undvika att gripas av panik. Boken \u201dR\u00e4dda livet\u201d betonade kraftfulla men lugna och energibesparande simtag. \u201dSimma parallellt med kusten till du kommer in i dyningar som rullar in mot en sandstrand. F\u00f6rs\u00f6k att gr\u00e4va dig fast i sanden med h\u00e4nder och f\u00f6tter s\u00e5 att du inte s\u00e5 l\u00e4tt dras med ut. Andas djupt varje g\u00e5ng ansiktet \u00e4r ovanf\u00f6r vattnet\u201d. Problemet var att h\u00e4r fanns det inga sandstr\u00e4nder. H\u00e4r var det sylvassa lavaklippor.<\/p>\n<p>Jag b\u00f6rjar simma mot viken. Det som oroade mig var att havsytan framf\u00f6r mig \u201dkokade\u201d, det var s\u00e5 jag upplevde det. Utanf\u00f6r viken s\u00e5g jag en klippa stundtals sticka upp ovanf\u00f6r vattenytan. Mellan klippan och land var det som ett vitt skum som kommer underifr\u00e5n. I sista stund inser jag att det \u00e4r en vattenvirvel eller undervattensstr\u00f6m. N\u00e4r v\u00e5gen som rullat in i viken sedan rullar ut uppst\u00e5r virvlar, sug och undervattensstr\u00f6mmar vid inloppet till den lilla och smala viken.<\/p>\n<p>Jag hinner inte t\u00e4nka mer f\u00f6rr\u00e4n jag sugs ned i havsdjupet. Jag har aldrig k\u00e4nt mig s\u00e5 hj\u00e4lpl\u00f6s, s\u00e5 liten, det var ingen id\u00e9 att k\u00e4mpa emot. Jag hade l\u00e4st i boken: \u201dEfter att ha sugits med \u2013 kanske bara n\u00e5gra meter, kanske flera hundra meter \u2013 kommer man som regel fri\u201d. Just d\u00e5 var jag i havets djup. Jag upplevde \u00f6gonblick och stunder i mitt liv. Min f\u00f6rsta dag i skolan, n\u00e4r jag \u00e5kte skidor. Jag s\u00e5g mina f\u00f6r\u00e4ldrar. Det b\u00f6rjade att sjunga&#8230;<\/p>\n<p>Minns inte hur l\u00e4nge jag var i havets djup. Pl\u00f6tsligt \u00f6ppnar jag mina \u00f6gon och ser en vacker bl\u00e5 himmel. Jag hade kommit ur suget och kommit upp till ytan! Det var bara en sak att g\u00f6ra, undvika att krossas mot klippor, f\u00f6rs\u00f6ka simma in mot viken och komma tillr\u00e4ckligt n\u00e4ra n\u00e5gon klippavsats f\u00f6r att ta mig i land. Att l\u00e5ta sk\u00f6ljas med av en v\u00e5g \u2013 ungef\u00e4r som bodysurfing.<br \/>\nDet mest fantastiska intr\u00e4ffar, en v\u00e5g lyfter upp mig, jag f\u00f6ljer med den och hur ena \u00f6gonvr\u00e5n ser jag en utskjutande klippa. En ren reflexr\u00f6relse f\u00f6ljer, jag str\u00e4cker  armarna snett \u00e5t h\u00f6ger s\u00e5 mycket jag kan, greppar tag om en avsats och blir h\u00e4ngande medan v\u00e5gen forts\u00e4tter fram\u00e5t.<\/p>\n<p>Av ren vilja och muskelkraft drar jag mig upp. De oj\u00e4mna lavaklipporna g\u00f6r att jag hittar h\u00e5l och andra oj\u00e4mnheter att s\u00e4tta f\u00f6tterna i. N\u00e5gra kvicka kl\u00e4tterliv, och jag k\u00e4nner mig p\u00e5 s\u00e4krare mark. Jag s\u00e4tter mig p\u00e5 en avsatts, en hylla, och tittar upp\u00e5t. D\u00e5 har jag cirka tio meter att kl\u00e4ttra, nedanf\u00f6r har jag viken d\u00e4r brutala v\u00e5gor rullar in.<\/p>\n<p>Jag kl\u00e4ttrar upp, rasar ihop helt utmattad, och k\u00e4nner f\u00f6r f\u00f6rsta g\u00e5ngen v\u00e4rken i h\u00f6ger h\u00f6ft. Jag drabbas av frossa och chocken kommer. Mina fyra resekompisar d\u00e4ribland pappa rusar fram till mig plus andra nyfikna \u00e5sk\u00e5dare. Det har varit stressfyllda upplevelser f\u00f6r samtliga. N\u00e4r mina v\u00e4nner uppt\u00e4ckt att jag var f\u00f6rsvunnen hade de sprungit ut p\u00e5 n\u00e4rmaste v\u00e4g f\u00f6r att stoppa bilar och be om hj\u00e4lp. Det var inte mycket att g\u00f6ra.<\/p>\n<p>Det var en hemsk upplevelse p\u00e5 Lanzarote i april 1986. Chocken satt i l\u00e4nge. Den tog tid att arbeta bort. Det var minst lika jobbigt f\u00f6r min pappa med st\u00e4ndiga mardr\u00f6mmar om n\u00e4tterna. H\u00e4ndelsen gick i repris och han upplevde \u00e5terigen att jag l\u00e5g i havet och k\u00e4mpade mot v\u00e5gorna och f\u00f6rsvann. Han vaknade av att han skrek p\u00e5 hj\u00e4lp.<\/p>\n<p>En del obekv\u00e4ma tankar kom efter\u00e5t. Mamma var inte med p\u00e5 resan, det var ju en far -och sonresa tillsammans med min b\u00e4ste ungdomskompis och hans pappa plus en annan n\u00e4ra v\u00e4n. Om jag nu hade drunknat, och pappa hade kommit hem ensam till mamma, ja, hur ger man en f\u00f6rklaring till att ens enda barn, enda son, r\u00e5kade drunkna. Pappa beh\u00f6vde inte komma med n\u00e5gon f\u00f6rklaring.<\/p>\n<p>Jag har under l\u00e5ng tid t\u00e4nkt skriva om den h\u00e4r h\u00e4ndelsen. Notisen om pappan och sonen p\u00e5 Mallorca fick mig att g\u00e5 ig\u00e5ng. F\u00f6re h\u00e4ndelsen p\u00e5 Lanzarote var jag ett vattendjur. Sedan f\u00f6ljde vattenskr\u00e4ck som tog tid att arbeta bort. Det n\u00e4rmaste \u00e5ret efter h\u00e4ndelsen fick jag tvinga mig att g\u00e5 ned i vattnet. Jag var ung och dum (nu \u00e4r jag bara \u201doch\u201d&#8230;) och fick respekt f\u00f6r hav och vatten.<\/p>\n<p>Och i denna stund t\u00e4nker jag p\u00e5 de anh\u00f6riga till pappan och sonen som omkom p\u00e5 Mallorca.<\/p>\n<p>P\u00e5 youtube finns flera dramatiska filmklipp fr\u00e5n Los Hervideros som turister och bes\u00f6kare har tagit.<\/p>\n","protected":false},"excerpt":{"rendered":"<p>Kanarie\u00f6n Lanzarote april 1986. Det skulle bli en h\u00e4rlig semestervecka p\u00e5 den svarta dramatiska lava\u00f6n. I st\u00e4llet tr\u00e4ffades jag av en j\u00e4ttev\u00e5g som drog ned mig i det rytande Atlanten. Svenska Magasinets Ola Josefsson ber\u00e4ttar om h\u00e4ndelsen han sent kommer att gl\u00f6mma. Av Ola Josefsson Foto Kenneth Christoffersson Ett nyhetstelegram fr\u00e5n den spanska nyhetsbyr\u00e5n EFE [&hellip;]<\/p>\n","protected":false},"author":8,"featured_media":3602,"comment_status":"open","ping_status":"open","sticky":false,"template":"","format":"standard","meta":{"_et_pb_use_builder":"","_et_pb_old_content":"","_et_gb_content_width":"","footnotes":""},"categories":[396,4],"tags":[],"class_list":["post-3601","post","type-post","status-publish","format-standard","has-post-thumbnail","hentry","category-arkiv-artiklar","category-artiklar"],"yoast_head":"<!-- This site is optimized with the Yoast SEO Premium plugin v26.2 (Yoast SEO v27.5) - https:\/\/yoast.com\/product\/yoast-seo-premium-wordpress\/ -->\n<title>Jag tr\u00e4ffades av j\u00e4ttev\u00e5gen och havet slukade mig - Svenska Magasinet<\/title>\n<meta name=\"robots\" content=\"noindex, follow, max-snippet:-1, max-image-preview:large, max-video-preview:-1\" \/>\n<meta property=\"og:locale\" content=\"sv_SE\" \/>\n<meta property=\"og:type\" content=\"article\" \/>\n<meta property=\"og:title\" content=\"Jag tr\u00e4ffades av j\u00e4ttev\u00e5gen och havet slukade mig\" \/>\n<meta property=\"og:description\" content=\"Kanarie\u00f6n Lanzarote april 1986. Det skulle bli en h\u00e4rlig semestervecka p\u00e5 den svarta dramatiska lava\u00f6n. I st\u00e4llet tr\u00e4ffades jag av en j\u00e4ttev\u00e5g som drog ned mig i det rytande Atlanten. Svenska Magasinets Ola Josefsson ber\u00e4ttar om h\u00e4ndelsen han sent kommer att gl\u00f6mma. Av Ola Josefsson Foto Kenneth Christoffersson Ett nyhetstelegram fr\u00e5n den spanska nyhetsbyr\u00e5n EFE [&hellip;]\" \/>\n<meta property=\"og:url\" content=\"https:\/\/lightweb.dev\/l\/svm-temp\/artiklar\/jag-traffades-av-jattevagen-och-havet-slukade-mig\/\" \/>\n<meta property=\"og:site_name\" content=\"Svenska Magasinet\" \/>\n<meta property=\"article:publisher\" content=\"https:\/\/www.facebook.com\/svenskamagasinet\" \/>\n<meta property=\"article:published_time\" content=\"2012-10-03T22:00:00+00:00\" \/>\n<meta property=\"og:image\" content=\"https:\/\/lightweb.dev\/l\/svm-temp\/wp-content\/uploads\/2022\/04\/jag-trffades-av-jttevgen-och-havet-slukade-mig.png\" \/>\n\t<meta property=\"og:image:width\" content=\"280\" \/>\n\t<meta property=\"og:image:height\" content=\"292\" \/>\n\t<meta property=\"og:image:type\" content=\"image\/png\" \/>\n<meta name=\"author\" content=\"Redaktionen SvM\" \/>\n<meta name=\"twitter:card\" content=\"summary_large_image\" \/>\n<meta name=\"twitter:creator\" content=\"@SvenskaMagasine\" \/>\n<meta name=\"twitter:site\" content=\"@SvenskaMagasine\" \/>\n<script type=\"application\/ld+json\" class=\"yoast-schema-graph\">{\"@context\":\"https:\\\/\\\/schema.org\",\"@graph\":[{\"@type\":\"Article\",\"@id\":\"https:\\\/\\\/lightweb.dev\\\/l\\\/svm-temp\\\/artiklar\\\/jag-traffades-av-jattevagen-och-havet-slukade-mig\\\/#article\",\"isPartOf\":{\"@id\":\"https:\\\/\\\/lightweb.dev\\\/l\\\/svm-temp\\\/artiklar\\\/jag-traffades-av-jattevagen-och-havet-slukade-mig\\\/\"},\"author\":{\"name\":\"Redaktionen SvM\",\"@id\":\"https:\\\/\\\/lightweb.dev\\\/l\\\/svm-temp\\\/#\\\/schema\\\/person\\\/206a3bda5b607b0c25e1749191e4d837\"},\"headline\":\"Jag tr\u00e4ffades av j\u00e4ttev\u00e5gen och havet slukade mig\",\"datePublished\":\"2012-10-03T22:00:00+00:00\",\"mainEntityOfPage\":{\"@id\":\"https:\\\/\\\/lightweb.dev\\\/l\\\/svm-temp\\\/artiklar\\\/jag-traffades-av-jattevagen-och-havet-slukade-mig\\\/\"},\"wordCount\":1931,\"commentCount\":0,\"publisher\":{\"@id\":\"https:\\\/\\\/lightweb.dev\\\/l\\\/svm-temp\\\/#organization\"},\"image\":{\"@id\":\"https:\\\/\\\/lightweb.dev\\\/l\\\/svm-temp\\\/artiklar\\\/jag-traffades-av-jattevagen-och-havet-slukade-mig\\\/#primaryimage\"},\"thumbnailUrl\":\"https:\\\/\\\/lightweb.dev\\\/l\\\/svm-temp\\\/wp-content\\\/uploads\\\/2022\\\/04\\\/jag-trffades-av-jttevgen-och-havet-slukade-mig.png\",\"articleSection\":[\"Arkiv\",\"Artiklar\"],\"inLanguage\":\"sv-SE\"},{\"@type\":\"WebPage\",\"@id\":\"https:\\\/\\\/lightweb.dev\\\/l\\\/svm-temp\\\/artiklar\\\/jag-traffades-av-jattevagen-och-havet-slukade-mig\\\/\",\"url\":\"https:\\\/\\\/lightweb.dev\\\/l\\\/svm-temp\\\/artiklar\\\/jag-traffades-av-jattevagen-och-havet-slukade-mig\\\/\",\"name\":\"Jag tr\u00e4ffades av j\u00e4ttev\u00e5gen och havet slukade mig - Svenska Magasinet\",\"isPartOf\":{\"@id\":\"https:\\\/\\\/lightweb.dev\\\/l\\\/svm-temp\\\/#website\"},\"primaryImageOfPage\":{\"@id\":\"https:\\\/\\\/lightweb.dev\\\/l\\\/svm-temp\\\/artiklar\\\/jag-traffades-av-jattevagen-och-havet-slukade-mig\\\/#primaryimage\"},\"image\":{\"@id\":\"https:\\\/\\\/lightweb.dev\\\/l\\\/svm-temp\\\/artiklar\\\/jag-traffades-av-jattevagen-och-havet-slukade-mig\\\/#primaryimage\"},\"thumbnailUrl\":\"https:\\\/\\\/lightweb.dev\\\/l\\\/svm-temp\\\/wp-content\\\/uploads\\\/2022\\\/04\\\/jag-trffades-av-jttevgen-och-havet-slukade-mig.png\",\"datePublished\":\"2012-10-03T22:00:00+00:00\",\"breadcrumb\":{\"@id\":\"https:\\\/\\\/lightweb.dev\\\/l\\\/svm-temp\\\/artiklar\\\/jag-traffades-av-jattevagen-och-havet-slukade-mig\\\/#breadcrumb\"},\"inLanguage\":\"sv-SE\",\"potentialAction\":[{\"@type\":\"ReadAction\",\"target\":[\"https:\\\/\\\/lightweb.dev\\\/l\\\/svm-temp\\\/artiklar\\\/jag-traffades-av-jattevagen-och-havet-slukade-mig\\\/\"]}]},{\"@type\":\"ImageObject\",\"inLanguage\":\"sv-SE\",\"@id\":\"https:\\\/\\\/lightweb.dev\\\/l\\\/svm-temp\\\/artiklar\\\/jag-traffades-av-jattevagen-och-havet-slukade-mig\\\/#primaryimage\",\"url\":\"https:\\\/\\\/lightweb.dev\\\/l\\\/svm-temp\\\/wp-content\\\/uploads\\\/2022\\\/04\\\/jag-trffades-av-jttevgen-och-havet-slukade-mig.png\",\"contentUrl\":\"https:\\\/\\\/lightweb.dev\\\/l\\\/svm-temp\\\/wp-content\\\/uploads\\\/2022\\\/04\\\/jag-trffades-av-jttevgen-och-havet-slukade-mig.png\",\"width\":280,\"height\":292},{\"@type\":\"BreadcrumbList\",\"@id\":\"https:\\\/\\\/lightweb.dev\\\/l\\\/svm-temp\\\/artiklar\\\/jag-traffades-av-jattevagen-och-havet-slukade-mig\\\/#breadcrumb\",\"itemListElement\":[{\"@type\":\"ListItem\",\"position\":1,\"name\":\"Hem\",\"item\":\"https:\\\/\\\/lightweb.dev\\\/l\\\/svm-temp\\\/\"},{\"@type\":\"ListItem\",\"position\":2,\"name\":\"Jag tr\u00e4ffades av j\u00e4ttev\u00e5gen och havet slukade mig\"}]},{\"@type\":\"WebSite\",\"@id\":\"https:\\\/\\\/lightweb.dev\\\/l\\\/svm-temp\\\/#website\",\"url\":\"https:\\\/\\\/lightweb.dev\\\/l\\\/svm-temp\\\/\",\"name\":\"Svenska Magasinet\",\"description\":\"Dina Spanska nyheter p&aring; Svenska\",\"publisher\":{\"@id\":\"https:\\\/\\\/lightweb.dev\\\/l\\\/svm-temp\\\/#organization\"},\"potentialAction\":[{\"@type\":\"SearchAction\",\"target\":{\"@type\":\"EntryPoint\",\"urlTemplate\":\"https:\\\/\\\/lightweb.dev\\\/l\\\/svm-temp\\\/?s={search_term_string}\"},\"query-input\":{\"@type\":\"PropertyValueSpecification\",\"valueRequired\":true,\"valueName\":\"search_term_string\"}}],\"inLanguage\":\"sv-SE\"},{\"@type\":\"Organization\",\"@id\":\"https:\\\/\\\/lightweb.dev\\\/l\\\/svm-temp\\\/#organization\",\"name\":\"Melkerson y Nott SL\",\"alternateName\":\"Svenska Magasinet\",\"url\":\"https:\\\/\\\/lightweb.dev\\\/l\\\/svm-temp\\\/\",\"logo\":{\"@type\":\"ImageObject\",\"inLanguage\":\"sv-SE\",\"@id\":\"https:\\\/\\\/lightweb.dev\\\/l\\\/svm-temp\\\/#\\\/schema\\\/logo\\\/image\\\/\",\"url\":\"https:\\\/\\\/lightweb.dev\\\/l\\\/svm-temp\\\/wp-content\\\/uploads\\\/2025\\\/02\\\/SvM-logo-Xtra-Centrerad-SVART.png\",\"contentUrl\":\"https:\\\/\\\/lightweb.dev\\\/l\\\/svm-temp\\\/wp-content\\\/uploads\\\/2025\\\/02\\\/SvM-logo-Xtra-Centrerad-SVART.png\",\"width\":300,\"height\":99,\"caption\":\"Melkerson y Nott SL\"},\"image\":{\"@id\":\"https:\\\/\\\/lightweb.dev\\\/l\\\/svm-temp\\\/#\\\/schema\\\/logo\\\/image\\\/\"},\"sameAs\":[\"https:\\\/\\\/www.facebook.com\\\/svenskamagasinet\",\"https:\\\/\\\/x.com\\\/SvenskaMagasine\"]},{\"@type\":\"Person\",\"@id\":\"https:\\\/\\\/lightweb.dev\\\/l\\\/svm-temp\\\/#\\\/schema\\\/person\\\/206a3bda5b607b0c25e1749191e4d837\",\"name\":\"Redaktionen SvM\",\"description\":\"Redaktionen\",\"sameAs\":[\"https:\\\/\\\/lightweb.dev\\\/l\\\/svm-temp\"],\"url\":\"https:\\\/\\\/lightweb.dev\\\/l\\\/svm-temp\\\/reporter\\\/redaktionen\\\/\"}]}<\/script>\n<!-- \/ Yoast SEO Premium plugin. -->","yoast_head_json":{"title":"Jag tr\u00e4ffades av j\u00e4ttev\u00e5gen och havet slukade mig - Svenska Magasinet","robots":{"index":"noindex","follow":"follow","max-snippet":"max-snippet:-1","max-image-preview":"max-image-preview:large","max-video-preview":"max-video-preview:-1"},"og_locale":"sv_SE","og_type":"article","og_title":"Jag tr\u00e4ffades av j\u00e4ttev\u00e5gen och havet slukade mig","og_description":"Kanarie\u00f6n Lanzarote april 1986. Det skulle bli en h\u00e4rlig semestervecka p\u00e5 den svarta dramatiska lava\u00f6n. I st\u00e4llet tr\u00e4ffades jag av en j\u00e4ttev\u00e5g som drog ned mig i det rytande Atlanten. Svenska Magasinets Ola Josefsson ber\u00e4ttar om h\u00e4ndelsen han sent kommer att gl\u00f6mma. Av Ola Josefsson Foto Kenneth Christoffersson Ett nyhetstelegram fr\u00e5n den spanska nyhetsbyr\u00e5n EFE [&hellip;]","og_url":"https:\/\/lightweb.dev\/l\/svm-temp\/artiklar\/jag-traffades-av-jattevagen-och-havet-slukade-mig\/","og_site_name":"Svenska Magasinet","article_publisher":"https:\/\/www.facebook.com\/svenskamagasinet","article_published_time":"2012-10-03T22:00:00+00:00","og_image":[{"width":280,"height":292,"url":"https:\/\/lightweb.dev\/l\/svm-temp\/wp-content\/uploads\/2022\/04\/jag-trffades-av-jttevgen-och-havet-slukade-mig.png","type":"image\/png"}],"author":"Redaktionen SvM","twitter_card":"summary_large_image","twitter_creator":"@SvenskaMagasine","twitter_site":"@SvenskaMagasine","schema":{"@context":"https:\/\/schema.org","@graph":[{"@type":"Article","@id":"https:\/\/lightweb.dev\/l\/svm-temp\/artiklar\/jag-traffades-av-jattevagen-och-havet-slukade-mig\/#article","isPartOf":{"@id":"https:\/\/lightweb.dev\/l\/svm-temp\/artiklar\/jag-traffades-av-jattevagen-och-havet-slukade-mig\/"},"author":{"name":"Redaktionen SvM","@id":"https:\/\/lightweb.dev\/l\/svm-temp\/#\/schema\/person\/206a3bda5b607b0c25e1749191e4d837"},"headline":"Jag tr\u00e4ffades av j\u00e4ttev\u00e5gen och havet slukade mig","datePublished":"2012-10-03T22:00:00+00:00","mainEntityOfPage":{"@id":"https:\/\/lightweb.dev\/l\/svm-temp\/artiklar\/jag-traffades-av-jattevagen-och-havet-slukade-mig\/"},"wordCount":1931,"commentCount":0,"publisher":{"@id":"https:\/\/lightweb.dev\/l\/svm-temp\/#organization"},"image":{"@id":"https:\/\/lightweb.dev\/l\/svm-temp\/artiklar\/jag-traffades-av-jattevagen-och-havet-slukade-mig\/#primaryimage"},"thumbnailUrl":"https:\/\/lightweb.dev\/l\/svm-temp\/wp-content\/uploads\/2022\/04\/jag-trffades-av-jttevgen-och-havet-slukade-mig.png","articleSection":["Arkiv","Artiklar"],"inLanguage":"sv-SE"},{"@type":"WebPage","@id":"https:\/\/lightweb.dev\/l\/svm-temp\/artiklar\/jag-traffades-av-jattevagen-och-havet-slukade-mig\/","url":"https:\/\/lightweb.dev\/l\/svm-temp\/artiklar\/jag-traffades-av-jattevagen-och-havet-slukade-mig\/","name":"Jag tr\u00e4ffades av j\u00e4ttev\u00e5gen och havet slukade mig - Svenska Magasinet","isPartOf":{"@id":"https:\/\/lightweb.dev\/l\/svm-temp\/#website"},"primaryImageOfPage":{"@id":"https:\/\/lightweb.dev\/l\/svm-temp\/artiklar\/jag-traffades-av-jattevagen-och-havet-slukade-mig\/#primaryimage"},"image":{"@id":"https:\/\/lightweb.dev\/l\/svm-temp\/artiklar\/jag-traffades-av-jattevagen-och-havet-slukade-mig\/#primaryimage"},"thumbnailUrl":"https:\/\/lightweb.dev\/l\/svm-temp\/wp-content\/uploads\/2022\/04\/jag-trffades-av-jttevgen-och-havet-slukade-mig.png","datePublished":"2012-10-03T22:00:00+00:00","breadcrumb":{"@id":"https:\/\/lightweb.dev\/l\/svm-temp\/artiklar\/jag-traffades-av-jattevagen-och-havet-slukade-mig\/#breadcrumb"},"inLanguage":"sv-SE","potentialAction":[{"@type":"ReadAction","target":["https:\/\/lightweb.dev\/l\/svm-temp\/artiklar\/jag-traffades-av-jattevagen-och-havet-slukade-mig\/"]}]},{"@type":"ImageObject","inLanguage":"sv-SE","@id":"https:\/\/lightweb.dev\/l\/svm-temp\/artiklar\/jag-traffades-av-jattevagen-och-havet-slukade-mig\/#primaryimage","url":"https:\/\/lightweb.dev\/l\/svm-temp\/wp-content\/uploads\/2022\/04\/jag-trffades-av-jttevgen-och-havet-slukade-mig.png","contentUrl":"https:\/\/lightweb.dev\/l\/svm-temp\/wp-content\/uploads\/2022\/04\/jag-trffades-av-jttevgen-och-havet-slukade-mig.png","width":280,"height":292},{"@type":"BreadcrumbList","@id":"https:\/\/lightweb.dev\/l\/svm-temp\/artiklar\/jag-traffades-av-jattevagen-och-havet-slukade-mig\/#breadcrumb","itemListElement":[{"@type":"ListItem","position":1,"name":"Hem","item":"https:\/\/lightweb.dev\/l\/svm-temp\/"},{"@type":"ListItem","position":2,"name":"Jag tr\u00e4ffades av j\u00e4ttev\u00e5gen och havet slukade mig"}]},{"@type":"WebSite","@id":"https:\/\/lightweb.dev\/l\/svm-temp\/#website","url":"https:\/\/lightweb.dev\/l\/svm-temp\/","name":"Svenska Magasinet","description":"Dina Spanska nyheter p&aring; Svenska","publisher":{"@id":"https:\/\/lightweb.dev\/l\/svm-temp\/#organization"},"potentialAction":[{"@type":"SearchAction","target":{"@type":"EntryPoint","urlTemplate":"https:\/\/lightweb.dev\/l\/svm-temp\/?s={search_term_string}"},"query-input":{"@type":"PropertyValueSpecification","valueRequired":true,"valueName":"search_term_string"}}],"inLanguage":"sv-SE"},{"@type":"Organization","@id":"https:\/\/lightweb.dev\/l\/svm-temp\/#organization","name":"Melkerson y Nott SL","alternateName":"Svenska Magasinet","url":"https:\/\/lightweb.dev\/l\/svm-temp\/","logo":{"@type":"ImageObject","inLanguage":"sv-SE","@id":"https:\/\/lightweb.dev\/l\/svm-temp\/#\/schema\/logo\/image\/","url":"https:\/\/lightweb.dev\/l\/svm-temp\/wp-content\/uploads\/2025\/02\/SvM-logo-Xtra-Centrerad-SVART.png","contentUrl":"https:\/\/lightweb.dev\/l\/svm-temp\/wp-content\/uploads\/2025\/02\/SvM-logo-Xtra-Centrerad-SVART.png","width":300,"height":99,"caption":"Melkerson y Nott SL"},"image":{"@id":"https:\/\/lightweb.dev\/l\/svm-temp\/#\/schema\/logo\/image\/"},"sameAs":["https:\/\/www.facebook.com\/svenskamagasinet","https:\/\/x.com\/SvenskaMagasine"]},{"@type":"Person","@id":"https:\/\/lightweb.dev\/l\/svm-temp\/#\/schema\/person\/206a3bda5b607b0c25e1749191e4d837","name":"Redaktionen SvM","description":"Redaktionen","sameAs":["https:\/\/lightweb.dev\/l\/svm-temp"],"url":"https:\/\/lightweb.dev\/l\/svm-temp\/reporter\/redaktionen\/"}]}},"_links":{"self":[{"href":"https:\/\/lightweb.dev\/l\/svm-temp\/wp-json\/wp\/v2\/posts\/3601","targetHints":{"allow":["GET"]}}],"collection":[{"href":"https:\/\/lightweb.dev\/l\/svm-temp\/wp-json\/wp\/v2\/posts"}],"about":[{"href":"https:\/\/lightweb.dev\/l\/svm-temp\/wp-json\/wp\/v2\/types\/post"}],"author":[{"embeddable":true,"href":"https:\/\/lightweb.dev\/l\/svm-temp\/wp-json\/wp\/v2\/users\/8"}],"replies":[{"embeddable":true,"href":"https:\/\/lightweb.dev\/l\/svm-temp\/wp-json\/wp\/v2\/comments?post=3601"}],"version-history":[{"count":0,"href":"https:\/\/lightweb.dev\/l\/svm-temp\/wp-json\/wp\/v2\/posts\/3601\/revisions"}],"wp:featuredmedia":[{"embeddable":true,"href":"https:\/\/lightweb.dev\/l\/svm-temp\/wp-json\/wp\/v2\/media\/3602"}],"wp:attachment":[{"href":"https:\/\/lightweb.dev\/l\/svm-temp\/wp-json\/wp\/v2\/media?parent=3601"}],"wp:term":[{"taxonomy":"category","embeddable":true,"href":"https:\/\/lightweb.dev\/l\/svm-temp\/wp-json\/wp\/v2\/categories?post=3601"},{"taxonomy":"post_tag","embeddable":true,"href":"https:\/\/lightweb.dev\/l\/svm-temp\/wp-json\/wp\/v2\/tags?post=3601"}],"curies":[{"name":"wp","href":"https:\/\/api.w.org\/{rel}","templated":true}]}}