{"id":3607,"date":"2012-10-04T00:00:00","date_gmt":"2012-10-03T22:00:00","guid":{"rendered":"https:\/\/lightweb.dev\/l\/svm-temp\/spanien-just-nu-lar-av-fotbollen\/"},"modified":"2012-10-04T00:00:00","modified_gmt":"2012-10-03T22:00:00","slug":"spanien-just-nu-lar-av-fotbollen","status":"publish","type":"post","link":"https:\/\/lightweb.dev\/l\/svm-temp\/artiklar\/spanien-just-nu-lar-av-fotbollen\/","title":{"rendered":"Spanien just nu \u2013 l\u00e4r av fotbollen"},"content":{"rendered":"<p> Den ekonomiska krisen i Spanien har lett till att de djupa regionala sprickorna i landet blottlagts, och separatismen \u00e5ter hamnat p\u00e5 dagordningen. Separatismen sp\u00e4s p\u00e5 av f\u00f6rfattare som saluf\u00f6r id\u00e9er som g\u00e5r l\u00e5ngt tillbaka i tiden. Det hela blandas upp av \u00f6vertygelsen om att Madridregeringen dr\u00e4nerar Katalonien ekonomiskt. Av Ola Josefsson<br \/>\nJag hade hoppats att Spaniens separatister och regionala nationalister skulle ha l\u00e4rt sig av fotbollen. I decennier misslyckades Spanien i EM -och VM-slutspelen. F\u00f6rklaringen l\u00e5g i st\u00e4ndiga sprickor och schismer mellan spelare fr\u00e5n Baskien och Katalonien respektive Madrid.<br \/>\nEfter m\u00e5nga l\u00e5nga dryga decennier lyckades sprickorna \u00f6verbryggas. Schismer och oenighet st\u00e4dades bort, landslaget slet leden och likt en f\u00f6r alla och alla f\u00f6r en blev Spaniens fotbollslandslag en lagmaskin. Nu har det blivit tre raka m\u00e4sterskapsguld.<br \/>\nPeriodvis har Barcelona haft en stark separatistr\u00f6relse i \u00f6ver hundra \u00e5r. Fr\u00e5gan \u00e4r hur l\u00e5ngt tillbaka i historien regioner, m\u00e4nniskostammar, folkslag och nationer ska g\u00e5 f\u00f6r att g\u00f6ra anspr\u00e5k p\u00e5 landomr\u00e5den? Ska v\u00e5ra dagars avkomma till visigoterna eller v\u00e4stgoterna, g\u00f6ra anspr\u00e5k p\u00e5 d\u00e5tidens Gotalania, det vill s\u00e4ga v\u00e5ra dagars Katalonien?<\/p>\n<p>Jag skulle \u00f6nska att dagens spanska politiker tar l\u00e4rdom av fotbollslandslaget och f\u00f6rbundskaptenerna Luis Aragon\u00e9s och Vicente del Bosque.<\/p>\n<p>Amando de Miguel Rodr\u00edguez \u00e4r professor emeritus i sociologi. Han anses som en av de fr\u00e4msta. Samtidigt som han f\u00f6rsvarar den enskildes r\u00e4ttigheter s\u00e5 menar han att ansvaret f\u00f6r krisen ocks\u00e5 ligger p\u00e5 det individuella planet samtidigt som det skett en nedg\u00e5ng i produktiviteten kopplat till missbruk av offentliga medel.<\/p>\n<p>Han menar att dagens kris \u00e4r den hittills v\u00e4rsta, men det \u00e4r \u201dmer\u201d \u00e4n en enkel kris. \u201dVi \u00e4r inne i en ny era, en f\u00f6r\u00e4ndring och den har h\u00e5llit p\u00e5 l\u00e4nge\u201d, s\u00e4ger Amando de Miguel Rodr\u00edguez i en intervju. \u201dF\u00f6r\u00e4ndringens m\u00e4rks b\u00e5de inom det offentliga som det privata livet, \u00e4ven m\u00e4nniskors mentalitet p\u00e5verkas. F\u00f6r\u00e4ndringen liknar den som n\u00e4r vi gick fr\u00e5n Europas medeltid till ren\u00e4ssansen. D\u00e5 tog det l\u00e5ng tid, nu g\u00e5r det snabbare, f\u00f6r\u00e4ndringens syns tydligt inom samordning, mentalitet och sensibilitet\u201d.<\/p>\n<p>Enligt de Miguel Rodr\u00edguez kommer vi aldrig som tidigare att uppleva en ekonomisk tillv\u00e4xt p\u00e5 5, 6 eller 7 procent. Varf\u00f6r? P\u00e5 grund av minskad produktivitet och uppfinningar som revolutionerat produktiviteten. Datorn har blivit var mans egendom men den har knappast \u00f6kat produktiviteten, datorn har snarare tagit kontrollen \u00f6ver v\u00e5ra liv och gjort livet mer byr\u00e5kratiskt eller uppkopplat. De flesta anv\u00e4nder datorn f\u00f6r underh\u00e5llning, Facebook och Twitter. De flesta anv\u00e4nder den under arbetstid, snacka om minskad produktivitet.<\/p>\n<p>Vem \u00e4r d\u00e5 skuld till krisen? En del svarar politikerna, andra svarar bankirerna. B\u00e5da grupperna \u00e4r l\u00e4tt identifierbara. Att ge n\u00e5gon skulden \u00e4r det mest m\u00e4nskliga som finns. N\u00e4r n\u00e5got d\u00e5ligt intr\u00e4ffar letar vi alltid efter en syndabock.  <\/p>\n<p>Enligt Amando de Miguel Rodr\u00edguez, spansk professor emeritus i sociologi bygger krisen p\u00e5 ett antal misstag som gjorts och som skapat situationen. Skulden till krisen \u00e4r individuell och bygger p\u00e5 girighet och den finns \u00f6verallt i alla \u00e5ldrar. <\/p>\n<p>Samtidigt har en politiker som Spaniens tidigare regeringschef Jos\u00e9 Luis Rodr\u00edguez Zapatero en viss del i att Spanien har hamnat i den situation som landet har gjort. Enligt de Miguel Rodr\u00edguez \u00e4r Zapatero Spaniens s\u00e4msta politiska ledare n\u00e5gonsin, totalt inkompetent. Allt blev fel under hans tid.<\/p>\n<p>Ett problem med Spanien \u00e4r att landets brottas med en mycket medioker politikerklass. Politikerna beskrivs som landets st\u00f6rsta problem visar \u00e4ven opinionsunders\u00f6kningar vad spanjorerna bekymrar sig \u00f6ver. Nej, i Spanien engagerar sig inte \u201dljushuvudena\u201d politiskt. Det politiska arbetet lockar inte till sig n\u00e5gra st\u00f6rre genier samtidigt som den offentliga sektorn har blivit \u00f6verbefolkad. Spanien har tre g\u00e5nger s\u00e5 m\u00e5nga tj\u00e4nstem\u00e4n inom den offentliga sektorn som f\u00f6r 20 \u00e5r sedan till samma uppgifter eller funktioner.<\/p>\n<p>De som protesterar \u00e4r inte heller n\u00e5gra direkta \u201dljushuvuden\u201d. Den 26 september h\u00f6lls en pl\u00f6tsligt sammankallad protest utanf\u00f6r parlamentet i Madrid samtidigt som kongressen satt i sammantr\u00e4de. Trots en lag som s\u00e4ger att det \u00e4r f\u00f6rbjudet att demonstrera utanf\u00f6r parlamentet vid sammantr\u00e4de.<\/p>\n<p>Bloggaren spanienaktuellt konstaterar: \u201dVi beh\u00f6ver v\u00e4l knappast n\u00e4mna att den samlade v\u00e4nstern givetvis st\u00f6djer den aktuella demonstrationen \u00e4ven om den v\u00e4nder sig mot sj\u00e4lva demokratin. V\u00e4nsterns illojalitet kan man alltid lita p\u00e5\u201d.<\/p>\n<p>I ett land d\u00e4r n\u00e4ra h\u00e4lften av ungdomarna har en fylla var tionde dag har andalusiska kommunister i sommar ockuperat livsmedelsbutiker, hotell, banker och stulit mat. Nu f\u00f6ljer andra det exemplet. Nu \u00e4r det betydligt allvarligare, det handlar om ett f\u00f6rs\u00f6k till att storma och omringa parlamentet. Det gjorde milit\u00e4ren 1981.<\/p>\n<p>Den 25 november h\u00e5lls det nyval i Katalonien. Ett val som till stora delar kommer att handla om f\u00f6r eller emot sj\u00e4lvst\u00e4ndighet. Nu spekuleras det i hur milit\u00e4ren kommer att reagera om Katalonien f\u00f6rklarar sig sj\u00e4lvst\u00e4ndigt och inte f\u00f6rsvarar Spaniens f\u00f6rfattning som ocks\u00e5 n\u00e4mner Spaniens odelbarhet.<\/p>\n<p>Det k\u00e4nns som att Spanien h\u00e5ller p\u00e5 att brytas itu. L\u00e4r av fotbollen, por favor!<\/p>\n","protected":false},"excerpt":{"rendered":"<p>Den ekonomiska krisen i Spanien har lett till att de djupa regionala sprickorna i landet blottlagts, och separatismen \u00e5ter hamnat p\u00e5 dagordningen. Separatismen sp\u00e4s p\u00e5 av f\u00f6rfattare som saluf\u00f6r id\u00e9er som g\u00e5r l\u00e5ngt tillbaka i tiden. Det hela blandas upp av \u00f6vertygelsen om att Madridregeringen dr\u00e4nerar Katalonien ekonomiskt. Av Ola Josefsson Jag hade hoppats att [&hellip;]<\/p>\n","protected":false},"author":8,"featured_media":3608,"comment_status":"open","ping_status":"open","sticky":false,"template":"","format":"standard","meta":{"_et_pb_use_builder":"","_et_pb_old_content":"","_et_gb_content_width":"","footnotes":""},"categories":[4,36],"tags":[],"class_list":["post-3607","post","type-post","status-publish","format-standard","has-post-thumbnail","hentry","category-artiklar","category-spanien-just-nu"],"yoast_head":"<!-- This site is optimized with the Yoast SEO Premium plugin v26.2 (Yoast SEO v27.5) - https:\/\/yoast.com\/product\/yoast-seo-premium-wordpress\/ -->\n<title>Spanien just nu \u2013 l\u00e4r av fotbollen - Svenska Magasinet<\/title>\n<meta name=\"robots\" content=\"noindex, follow, max-snippet:-1, max-image-preview:large, max-video-preview:-1\" \/>\n<meta property=\"og:locale\" content=\"sv_SE\" \/>\n<meta property=\"og:type\" content=\"article\" \/>\n<meta property=\"og:title\" content=\"Spanien just nu \u2013 l\u00e4r av fotbollen\" \/>\n<meta property=\"og:description\" content=\"Den ekonomiska krisen i Spanien har lett till att de djupa regionala sprickorna i landet blottlagts, och separatismen \u00e5ter hamnat p\u00e5 dagordningen. Separatismen sp\u00e4s p\u00e5 av f\u00f6rfattare som saluf\u00f6r id\u00e9er som g\u00e5r l\u00e5ngt tillbaka i tiden. Det hela blandas upp av \u00f6vertygelsen om att Madridregeringen dr\u00e4nerar Katalonien ekonomiskt. Av Ola Josefsson Jag hade hoppats att [&hellip;]\" \/>\n<meta property=\"og:url\" content=\"https:\/\/lightweb.dev\/l\/svm-temp\/artiklar\/spanien-just-nu-lar-av-fotbollen\/\" \/>\n<meta property=\"og:site_name\" content=\"Svenska Magasinet\" \/>\n<meta property=\"article:publisher\" content=\"https:\/\/www.facebook.com\/svenskamagasinet\" \/>\n<meta property=\"article:published_time\" content=\"2012-10-03T22:00:00+00:00\" \/>\n<meta property=\"og:image\" content=\"https:\/\/lightweb.dev\/l\/svm-temp\/wp-content\/uploads\/2022\/04\/spanien-just-nu-lr-av-fotbollen.png\" \/>\n\t<meta property=\"og:image:width\" content=\"280\" \/>\n\t<meta property=\"og:image:height\" content=\"206\" \/>\n\t<meta property=\"og:image:type\" content=\"image\/png\" \/>\n<meta name=\"author\" content=\"Redaktionen SvM\" \/>\n<meta name=\"twitter:card\" content=\"summary_large_image\" \/>\n<meta name=\"twitter:creator\" content=\"@SvenskaMagasine\" \/>\n<meta name=\"twitter:site\" content=\"@SvenskaMagasine\" \/>\n<script type=\"application\/ld+json\" class=\"yoast-schema-graph\">{\"@context\":\"https:\\\/\\\/schema.org\",\"@graph\":[{\"@type\":\"Article\",\"@id\":\"https:\\\/\\\/lightweb.dev\\\/l\\\/svm-temp\\\/artiklar\\\/spanien-just-nu-lar-av-fotbollen\\\/#article\",\"isPartOf\":{\"@id\":\"https:\\\/\\\/lightweb.dev\\\/l\\\/svm-temp\\\/artiklar\\\/spanien-just-nu-lar-av-fotbollen\\\/\"},\"author\":{\"name\":\"Redaktionen SvM\",\"@id\":\"https:\\\/\\\/lightweb.dev\\\/l\\\/svm-temp\\\/#\\\/schema\\\/person\\\/206a3bda5b607b0c25e1749191e4d837\"},\"headline\":\"Spanien just nu \u2013 l\u00e4r av fotbollen\",\"datePublished\":\"2012-10-03T22:00:00+00:00\",\"mainEntityOfPage\":{\"@id\":\"https:\\\/\\\/lightweb.dev\\\/l\\\/svm-temp\\\/artiklar\\\/spanien-just-nu-lar-av-fotbollen\\\/\"},\"wordCount\":920,\"commentCount\":0,\"publisher\":{\"@id\":\"https:\\\/\\\/lightweb.dev\\\/l\\\/svm-temp\\\/#organization\"},\"image\":{\"@id\":\"https:\\\/\\\/lightweb.dev\\\/l\\\/svm-temp\\\/artiklar\\\/spanien-just-nu-lar-av-fotbollen\\\/#primaryimage\"},\"thumbnailUrl\":\"https:\\\/\\\/lightweb.dev\\\/l\\\/svm-temp\\\/wp-content\\\/uploads\\\/2022\\\/04\\\/spanien-just-nu-lr-av-fotbollen.png\",\"articleSection\":[\"Artiklar\",\"Spanien just nu\"],\"inLanguage\":\"sv-SE\"},{\"@type\":\"WebPage\",\"@id\":\"https:\\\/\\\/lightweb.dev\\\/l\\\/svm-temp\\\/artiklar\\\/spanien-just-nu-lar-av-fotbollen\\\/\",\"url\":\"https:\\\/\\\/lightweb.dev\\\/l\\\/svm-temp\\\/artiklar\\\/spanien-just-nu-lar-av-fotbollen\\\/\",\"name\":\"Spanien just nu \u2013 l\u00e4r av fotbollen - Svenska Magasinet\",\"isPartOf\":{\"@id\":\"https:\\\/\\\/lightweb.dev\\\/l\\\/svm-temp\\\/#website\"},\"primaryImageOfPage\":{\"@id\":\"https:\\\/\\\/lightweb.dev\\\/l\\\/svm-temp\\\/artiklar\\\/spanien-just-nu-lar-av-fotbollen\\\/#primaryimage\"},\"image\":{\"@id\":\"https:\\\/\\\/lightweb.dev\\\/l\\\/svm-temp\\\/artiklar\\\/spanien-just-nu-lar-av-fotbollen\\\/#primaryimage\"},\"thumbnailUrl\":\"https:\\\/\\\/lightweb.dev\\\/l\\\/svm-temp\\\/wp-content\\\/uploads\\\/2022\\\/04\\\/spanien-just-nu-lr-av-fotbollen.png\",\"datePublished\":\"2012-10-03T22:00:00+00:00\",\"breadcrumb\":{\"@id\":\"https:\\\/\\\/lightweb.dev\\\/l\\\/svm-temp\\\/artiklar\\\/spanien-just-nu-lar-av-fotbollen\\\/#breadcrumb\"},\"inLanguage\":\"sv-SE\",\"potentialAction\":[{\"@type\":\"ReadAction\",\"target\":[\"https:\\\/\\\/lightweb.dev\\\/l\\\/svm-temp\\\/artiklar\\\/spanien-just-nu-lar-av-fotbollen\\\/\"]}]},{\"@type\":\"ImageObject\",\"inLanguage\":\"sv-SE\",\"@id\":\"https:\\\/\\\/lightweb.dev\\\/l\\\/svm-temp\\\/artiklar\\\/spanien-just-nu-lar-av-fotbollen\\\/#primaryimage\",\"url\":\"https:\\\/\\\/lightweb.dev\\\/l\\\/svm-temp\\\/wp-content\\\/uploads\\\/2022\\\/04\\\/spanien-just-nu-lr-av-fotbollen.png\",\"contentUrl\":\"https:\\\/\\\/lightweb.dev\\\/l\\\/svm-temp\\\/wp-content\\\/uploads\\\/2022\\\/04\\\/spanien-just-nu-lr-av-fotbollen.png\",\"width\":280,\"height\":206},{\"@type\":\"BreadcrumbList\",\"@id\":\"https:\\\/\\\/lightweb.dev\\\/l\\\/svm-temp\\\/artiklar\\\/spanien-just-nu-lar-av-fotbollen\\\/#breadcrumb\",\"itemListElement\":[{\"@type\":\"ListItem\",\"position\":1,\"name\":\"Hem\",\"item\":\"https:\\\/\\\/lightweb.dev\\\/l\\\/svm-temp\\\/\"},{\"@type\":\"ListItem\",\"position\":2,\"name\":\"Spanien just nu \u2013 l\u00e4r av fotbollen\"}]},{\"@type\":\"WebSite\",\"@id\":\"https:\\\/\\\/lightweb.dev\\\/l\\\/svm-temp\\\/#website\",\"url\":\"https:\\\/\\\/lightweb.dev\\\/l\\\/svm-temp\\\/\",\"name\":\"Svenska Magasinet\",\"description\":\"Dina Spanska nyheter p&aring; Svenska\",\"publisher\":{\"@id\":\"https:\\\/\\\/lightweb.dev\\\/l\\\/svm-temp\\\/#organization\"},\"potentialAction\":[{\"@type\":\"SearchAction\",\"target\":{\"@type\":\"EntryPoint\",\"urlTemplate\":\"https:\\\/\\\/lightweb.dev\\\/l\\\/svm-temp\\\/?s={search_term_string}\"},\"query-input\":{\"@type\":\"PropertyValueSpecification\",\"valueRequired\":true,\"valueName\":\"search_term_string\"}}],\"inLanguage\":\"sv-SE\"},{\"@type\":\"Organization\",\"@id\":\"https:\\\/\\\/lightweb.dev\\\/l\\\/svm-temp\\\/#organization\",\"name\":\"Melkerson y Nott SL\",\"alternateName\":\"Svenska Magasinet\",\"url\":\"https:\\\/\\\/lightweb.dev\\\/l\\\/svm-temp\\\/\",\"logo\":{\"@type\":\"ImageObject\",\"inLanguage\":\"sv-SE\",\"@id\":\"https:\\\/\\\/lightweb.dev\\\/l\\\/svm-temp\\\/#\\\/schema\\\/logo\\\/image\\\/\",\"url\":\"https:\\\/\\\/lightweb.dev\\\/l\\\/svm-temp\\\/wp-content\\\/uploads\\\/2025\\\/02\\\/SvM-logo-Xtra-Centrerad-SVART.png\",\"contentUrl\":\"https:\\\/\\\/lightweb.dev\\\/l\\\/svm-temp\\\/wp-content\\\/uploads\\\/2025\\\/02\\\/SvM-logo-Xtra-Centrerad-SVART.png\",\"width\":300,\"height\":99,\"caption\":\"Melkerson y Nott SL\"},\"image\":{\"@id\":\"https:\\\/\\\/lightweb.dev\\\/l\\\/svm-temp\\\/#\\\/schema\\\/logo\\\/image\\\/\"},\"sameAs\":[\"https:\\\/\\\/www.facebook.com\\\/svenskamagasinet\",\"https:\\\/\\\/x.com\\\/SvenskaMagasine\"]},{\"@type\":\"Person\",\"@id\":\"https:\\\/\\\/lightweb.dev\\\/l\\\/svm-temp\\\/#\\\/schema\\\/person\\\/206a3bda5b607b0c25e1749191e4d837\",\"name\":\"Redaktionen SvM\",\"description\":\"Redaktionen\",\"sameAs\":[\"https:\\\/\\\/lightweb.dev\\\/l\\\/svm-temp\"],\"url\":\"https:\\\/\\\/lightweb.dev\\\/l\\\/svm-temp\\\/reporter\\\/redaktionen\\\/\"}]}<\/script>\n<!-- \/ Yoast SEO Premium plugin. -->","yoast_head_json":{"title":"Spanien just nu \u2013 l\u00e4r av fotbollen - Svenska Magasinet","robots":{"index":"noindex","follow":"follow","max-snippet":"max-snippet:-1","max-image-preview":"max-image-preview:large","max-video-preview":"max-video-preview:-1"},"og_locale":"sv_SE","og_type":"article","og_title":"Spanien just nu \u2013 l\u00e4r av fotbollen","og_description":"Den ekonomiska krisen i Spanien har lett till att de djupa regionala sprickorna i landet blottlagts, och separatismen \u00e5ter hamnat p\u00e5 dagordningen. Separatismen sp\u00e4s p\u00e5 av f\u00f6rfattare som saluf\u00f6r id\u00e9er som g\u00e5r l\u00e5ngt tillbaka i tiden. Det hela blandas upp av \u00f6vertygelsen om att Madridregeringen dr\u00e4nerar Katalonien ekonomiskt. Av Ola Josefsson Jag hade hoppats att [&hellip;]","og_url":"https:\/\/lightweb.dev\/l\/svm-temp\/artiklar\/spanien-just-nu-lar-av-fotbollen\/","og_site_name":"Svenska Magasinet","article_publisher":"https:\/\/www.facebook.com\/svenskamagasinet","article_published_time":"2012-10-03T22:00:00+00:00","og_image":[{"width":280,"height":206,"url":"https:\/\/lightweb.dev\/l\/svm-temp\/wp-content\/uploads\/2022\/04\/spanien-just-nu-lr-av-fotbollen.png","type":"image\/png"}],"author":"Redaktionen SvM","twitter_card":"summary_large_image","twitter_creator":"@SvenskaMagasine","twitter_site":"@SvenskaMagasine","schema":{"@context":"https:\/\/schema.org","@graph":[{"@type":"Article","@id":"https:\/\/lightweb.dev\/l\/svm-temp\/artiklar\/spanien-just-nu-lar-av-fotbollen\/#article","isPartOf":{"@id":"https:\/\/lightweb.dev\/l\/svm-temp\/artiklar\/spanien-just-nu-lar-av-fotbollen\/"},"author":{"name":"Redaktionen SvM","@id":"https:\/\/lightweb.dev\/l\/svm-temp\/#\/schema\/person\/206a3bda5b607b0c25e1749191e4d837"},"headline":"Spanien just nu \u2013 l\u00e4r av fotbollen","datePublished":"2012-10-03T22:00:00+00:00","mainEntityOfPage":{"@id":"https:\/\/lightweb.dev\/l\/svm-temp\/artiklar\/spanien-just-nu-lar-av-fotbollen\/"},"wordCount":920,"commentCount":0,"publisher":{"@id":"https:\/\/lightweb.dev\/l\/svm-temp\/#organization"},"image":{"@id":"https:\/\/lightweb.dev\/l\/svm-temp\/artiklar\/spanien-just-nu-lar-av-fotbollen\/#primaryimage"},"thumbnailUrl":"https:\/\/lightweb.dev\/l\/svm-temp\/wp-content\/uploads\/2022\/04\/spanien-just-nu-lr-av-fotbollen.png","articleSection":["Artiklar","Spanien just nu"],"inLanguage":"sv-SE"},{"@type":"WebPage","@id":"https:\/\/lightweb.dev\/l\/svm-temp\/artiklar\/spanien-just-nu-lar-av-fotbollen\/","url":"https:\/\/lightweb.dev\/l\/svm-temp\/artiklar\/spanien-just-nu-lar-av-fotbollen\/","name":"Spanien just nu \u2013 l\u00e4r av fotbollen - Svenska Magasinet","isPartOf":{"@id":"https:\/\/lightweb.dev\/l\/svm-temp\/#website"},"primaryImageOfPage":{"@id":"https:\/\/lightweb.dev\/l\/svm-temp\/artiklar\/spanien-just-nu-lar-av-fotbollen\/#primaryimage"},"image":{"@id":"https:\/\/lightweb.dev\/l\/svm-temp\/artiklar\/spanien-just-nu-lar-av-fotbollen\/#primaryimage"},"thumbnailUrl":"https:\/\/lightweb.dev\/l\/svm-temp\/wp-content\/uploads\/2022\/04\/spanien-just-nu-lr-av-fotbollen.png","datePublished":"2012-10-03T22:00:00+00:00","breadcrumb":{"@id":"https:\/\/lightweb.dev\/l\/svm-temp\/artiklar\/spanien-just-nu-lar-av-fotbollen\/#breadcrumb"},"inLanguage":"sv-SE","potentialAction":[{"@type":"ReadAction","target":["https:\/\/lightweb.dev\/l\/svm-temp\/artiklar\/spanien-just-nu-lar-av-fotbollen\/"]}]},{"@type":"ImageObject","inLanguage":"sv-SE","@id":"https:\/\/lightweb.dev\/l\/svm-temp\/artiklar\/spanien-just-nu-lar-av-fotbollen\/#primaryimage","url":"https:\/\/lightweb.dev\/l\/svm-temp\/wp-content\/uploads\/2022\/04\/spanien-just-nu-lr-av-fotbollen.png","contentUrl":"https:\/\/lightweb.dev\/l\/svm-temp\/wp-content\/uploads\/2022\/04\/spanien-just-nu-lr-av-fotbollen.png","width":280,"height":206},{"@type":"BreadcrumbList","@id":"https:\/\/lightweb.dev\/l\/svm-temp\/artiklar\/spanien-just-nu-lar-av-fotbollen\/#breadcrumb","itemListElement":[{"@type":"ListItem","position":1,"name":"Hem","item":"https:\/\/lightweb.dev\/l\/svm-temp\/"},{"@type":"ListItem","position":2,"name":"Spanien just nu \u2013 l\u00e4r av fotbollen"}]},{"@type":"WebSite","@id":"https:\/\/lightweb.dev\/l\/svm-temp\/#website","url":"https:\/\/lightweb.dev\/l\/svm-temp\/","name":"Svenska Magasinet","description":"Dina Spanska nyheter p&aring; Svenska","publisher":{"@id":"https:\/\/lightweb.dev\/l\/svm-temp\/#organization"},"potentialAction":[{"@type":"SearchAction","target":{"@type":"EntryPoint","urlTemplate":"https:\/\/lightweb.dev\/l\/svm-temp\/?s={search_term_string}"},"query-input":{"@type":"PropertyValueSpecification","valueRequired":true,"valueName":"search_term_string"}}],"inLanguage":"sv-SE"},{"@type":"Organization","@id":"https:\/\/lightweb.dev\/l\/svm-temp\/#organization","name":"Melkerson y Nott SL","alternateName":"Svenska Magasinet","url":"https:\/\/lightweb.dev\/l\/svm-temp\/","logo":{"@type":"ImageObject","inLanguage":"sv-SE","@id":"https:\/\/lightweb.dev\/l\/svm-temp\/#\/schema\/logo\/image\/","url":"https:\/\/lightweb.dev\/l\/svm-temp\/wp-content\/uploads\/2025\/02\/SvM-logo-Xtra-Centrerad-SVART.png","contentUrl":"https:\/\/lightweb.dev\/l\/svm-temp\/wp-content\/uploads\/2025\/02\/SvM-logo-Xtra-Centrerad-SVART.png","width":300,"height":99,"caption":"Melkerson y Nott SL"},"image":{"@id":"https:\/\/lightweb.dev\/l\/svm-temp\/#\/schema\/logo\/image\/"},"sameAs":["https:\/\/www.facebook.com\/svenskamagasinet","https:\/\/x.com\/SvenskaMagasine"]},{"@type":"Person","@id":"https:\/\/lightweb.dev\/l\/svm-temp\/#\/schema\/person\/206a3bda5b607b0c25e1749191e4d837","name":"Redaktionen SvM","description":"Redaktionen","sameAs":["https:\/\/lightweb.dev\/l\/svm-temp"],"url":"https:\/\/lightweb.dev\/l\/svm-temp\/reporter\/redaktionen\/"}]}},"_links":{"self":[{"href":"https:\/\/lightweb.dev\/l\/svm-temp\/wp-json\/wp\/v2\/posts\/3607","targetHints":{"allow":["GET"]}}],"collection":[{"href":"https:\/\/lightweb.dev\/l\/svm-temp\/wp-json\/wp\/v2\/posts"}],"about":[{"href":"https:\/\/lightweb.dev\/l\/svm-temp\/wp-json\/wp\/v2\/types\/post"}],"author":[{"embeddable":true,"href":"https:\/\/lightweb.dev\/l\/svm-temp\/wp-json\/wp\/v2\/users\/8"}],"replies":[{"embeddable":true,"href":"https:\/\/lightweb.dev\/l\/svm-temp\/wp-json\/wp\/v2\/comments?post=3607"}],"version-history":[{"count":0,"href":"https:\/\/lightweb.dev\/l\/svm-temp\/wp-json\/wp\/v2\/posts\/3607\/revisions"}],"wp:featuredmedia":[{"embeddable":true,"href":"https:\/\/lightweb.dev\/l\/svm-temp\/wp-json\/wp\/v2\/media\/3608"}],"wp:attachment":[{"href":"https:\/\/lightweb.dev\/l\/svm-temp\/wp-json\/wp\/v2\/media?parent=3607"}],"wp:term":[{"taxonomy":"category","embeddable":true,"href":"https:\/\/lightweb.dev\/l\/svm-temp\/wp-json\/wp\/v2\/categories?post=3607"},{"taxonomy":"post_tag","embeddable":true,"href":"https:\/\/lightweb.dev\/l\/svm-temp\/wp-json\/wp\/v2\/tags?post=3607"}],"curies":[{"name":"wp","href":"https:\/\/api.w.org\/{rel}","templated":true}]}}