{"id":3633,"date":"2012-09-10T00:00:00","date_gmt":"2012-09-09T22:00:00","guid":{"rendered":"https:\/\/lightweb.dev\/l\/svm-temp\/hopp-och-loften-nordea\/"},"modified":"2012-09-10T00:00:00","modified_gmt":"2012-09-09T22:00:00","slug":"hopp-och-loften-nordea","status":"publish","type":"post","link":"https:\/\/lightweb.dev\/l\/svm-temp\/artiklar\/hopp-och-loften-nordea\/","title":{"rendered":"Hopp och l\u00f6ften.  \/ Nordea"},"content":{"rendered":"<p> I slutet av juni enades EU-ledarna om att pressade banker ska kunna ans\u00f6ka om st\u00f6dl\u00e5n direkt fr\u00e5n r\u00e4ddningsfonden ESM, ist\u00e4llet f\u00f6r att g\u00e5 via det aktuella landets regering. ESM ska inte f\u00e5 b\u00e4ttre f\u00f6retr\u00e4desr\u00e4tt gentemot andra fordrings\u00e4gare om ett land m\u00e5ste g\u00f6ra en skuldavskrivning. Vidare beslutade man att uppr\u00e4tta en gemensam banktillsyn f\u00f6r euroomr\u00e5det och ett nytt tillv\u00e4xtprogram klubbades ocks\u00e5 igenom.  <\/p>\n<p>EU pratar om ett \u201dgenombrott\u201d, men man kan f\u00f6rst\u00e5 de h\u00e5rt pr\u00f6vade l\u00e5ngivare och medborgare i euroomr\u00e5det som st\u00e4ller sig fr\u00e5gan varf\u00f6r uppg\u00f6relsen dr\u00f6jde s\u00e5 l\u00e4nge. F\u00f6rseningen beror p\u00e5 att politikerna f\u00f6rsvarat nationella egenintressen ist\u00e4llet f\u00f6r att ta ansvar f\u00f6r euroomr\u00e5det som helhet. Tyskland har l\u00e4nge motsatt sig tanken p\u00e5 delat ansvar f\u00f6r skulder (till exempel via euroobligationer) eftersom det, enligt Tyskland, skulle minska pressen p\u00e5 krisl\u00e4nderna att f\u00e5 ordning p\u00e5 sina statsfinanser. Andra l\u00e4nder, till exempel Spanien och Italien, har inte varit villiga att \u00f6verl\u00e4mna sitt budgetansvar till en \u00f6verstatlig myndighet. Veckorna f\u00f6re toppm\u00f6tet hade pr\u00e4glats av en k\u00e4nsla av annalkande katastrof om man inte lyckades bryta d\u00f6dl\u00e4get. Toppm\u00f6tets resultat kan beskrivas som en kompromiss (framf\u00f6r allt mellan Tyskland \u00e5 ena sidan och Spanien och Italien, med uppbackning fr\u00e5n Frankrike, \u00e5 den andra) i ett desperat l\u00e4ge \u2013 men b\u00e4ttre sent \u00e4n aldrig. <\/p>\n<p>Med tanke p\u00e5 de enskilda medlemsl\u00e4ndernas begr\u00e4nsade politiska handlingsutrymme \u00e4r uppg\u00f6relsen dock<\/p>\n<p>ett dj\u00e4rvt steg. Men det \u00e4r helt n\u00f6dv\u00e4ndigt och skulle ha tagits f\u00f6r l\u00e4nge sedan. Samtidigt syftar de flesta initiativ som man enats om till att l\u00f6sa akuta problem, exempelvis att \u00e5teruppr\u00e4tta f\u00f6rtroendet f\u00f6r den europeiska banksektorn. Man har \u00e4nnu inte n\u00e5tt n\u00e5gon slutgiltig och genomf\u00f6rbar l\u00e5ngsiktig l\u00f6sning till krisen i euroomr\u00e5det. Finansmarknaden reagerade visserligen positivt p\u00e5 m\u00f6tet, men l\u00e4nder som Spanien och Italien kn\u00e4ar fortfarande under orov\u00e4ckande h\u00f6ga l\u00e5nekostnader.<\/p>\n<p>B\u00f6rjan p\u00e5 slutet eller slutet p\u00e5 b\u00f6rjan?<\/p>\n<p>EU-ledarna har inte r\u00e5d att sl\u00e5 sig till ro. Uppg\u00f6relsen p\u00e5 toppm\u00f6tet var bara en milstolpe p\u00e5 en mycket l\u00e5ng v\u00e4g. M\u00e5nga fr\u00e5gor kvarst\u00e5r, till exempel hur man ska sk\u00e4rpa eurol\u00e4ndernas budgetdisciplin. Det beh\u00f6vs ocks\u00e5 fler tillv\u00e4xtinitiativ och strukturreformer, s\u00e4rskilt av arbetsmarknaden. Finanspolitiskt st\u00f6d kan fortfarande beh\u00f6vas f\u00f6r att h\u00f6ja Sydeuropas konkurrenskraft s\u00e5 att den kommer mer i niv\u00e5 med Tyskland. Och om de nya \u00e5tg\u00e4rderna f\u00f6r banksektorn visar sig otillr\u00e4ckliga kanske man m\u00e5ste inr\u00e4tta en europeisk bankunion. Om integrationen f\u00f6rdjupas kanske EU till slut kan bli en federal, politisk union. <\/p>\n","protected":false},"excerpt":{"rendered":"<p>I slutet av juni enades EU-ledarna om att pressade banker ska kunna ans\u00f6ka om st\u00f6dl\u00e5n direkt fr\u00e5n r\u00e4ddningsfonden ESM, ist\u00e4llet f\u00f6r att g\u00e5 via det aktuella landets regering. ESM ska inte f\u00e5 b\u00e4ttre f\u00f6retr\u00e4desr\u00e4tt gentemot andra fordrings\u00e4gare om ett land m\u00e5ste g\u00f6ra en skuldavskrivning. Vidare beslutade man att uppr\u00e4tta en gemensam banktillsyn f\u00f6r euroomr\u00e5det och [&hellip;]<\/p>\n","protected":false},"author":8,"featured_media":3634,"comment_status":"open","ping_status":"open","sticky":false,"template":"","format":"standard","meta":{"_et_pb_use_builder":"","_et_pb_old_content":"","_et_gb_content_width":"","footnotes":""},"categories":[4,398],"tags":[],"class_list":["post-3633","post","type-post","status-publish","format-standard","has-post-thumbnail","hentry","category-artiklar","category-naringsliv"],"yoast_head":"<!-- This site is optimized with the Yoast SEO Premium plugin v26.2 (Yoast SEO v27.5) - https:\/\/yoast.com\/product\/yoast-seo-premium-wordpress\/ -->\n<title>Hopp och l\u00f6ften. \/ Nordea - Svenska Magasinet<\/title>\n<meta name=\"robots\" content=\"noindex, follow, max-snippet:-1, max-image-preview:large, max-video-preview:-1\" \/>\n<meta property=\"og:locale\" content=\"sv_SE\" \/>\n<meta property=\"og:type\" content=\"article\" \/>\n<meta property=\"og:title\" content=\"Hopp och l\u00f6ften. \/ Nordea\" \/>\n<meta property=\"og:description\" content=\"I slutet av juni enades EU-ledarna om att pressade banker ska kunna ans\u00f6ka om st\u00f6dl\u00e5n direkt fr\u00e5n r\u00e4ddningsfonden ESM, ist\u00e4llet f\u00f6r att g\u00e5 via det aktuella landets regering. ESM ska inte f\u00e5 b\u00e4ttre f\u00f6retr\u00e4desr\u00e4tt gentemot andra fordrings\u00e4gare om ett land m\u00e5ste g\u00f6ra en skuldavskrivning. Vidare beslutade man att uppr\u00e4tta en gemensam banktillsyn f\u00f6r euroomr\u00e5det och [&hellip;]\" \/>\n<meta property=\"og:url\" content=\"https:\/\/lightweb.dev\/l\/svm-temp\/artiklar\/hopp-och-loften-nordea\/\" \/>\n<meta property=\"og:site_name\" content=\"Svenska Magasinet\" \/>\n<meta property=\"article:publisher\" content=\"https:\/\/www.facebook.com\/svenskamagasinet\" \/>\n<meta property=\"article:published_time\" content=\"2012-09-09T22:00:00+00:00\" \/>\n<meta property=\"og:image\" content=\"https:\/\/lightweb.dev\/l\/svm-temp\/wp-content\/uploads\/2022\/04\/hopp-och-lften-nordea.png\" \/>\n\t<meta property=\"og:image:width\" content=\"280\" \/>\n\t<meta property=\"og:image:height\" content=\"322\" \/>\n\t<meta property=\"og:image:type\" content=\"image\/png\" \/>\n<meta name=\"author\" content=\"Redaktionen SvM\" \/>\n<meta name=\"twitter:card\" content=\"summary_large_image\" \/>\n<meta name=\"twitter:creator\" content=\"@SvenskaMagasine\" \/>\n<meta name=\"twitter:site\" content=\"@SvenskaMagasine\" \/>\n<script type=\"application\/ld+json\" class=\"yoast-schema-graph\">{\"@context\":\"https:\\\/\\\/schema.org\",\"@graph\":[{\"@type\":\"Article\",\"@id\":\"https:\\\/\\\/lightweb.dev\\\/l\\\/svm-temp\\\/artiklar\\\/hopp-och-loften-nordea\\\/#article\",\"isPartOf\":{\"@id\":\"https:\\\/\\\/lightweb.dev\\\/l\\\/svm-temp\\\/artiklar\\\/hopp-och-loften-nordea\\\/\"},\"author\":{\"name\":\"Redaktionen SvM\",\"@id\":\"https:\\\/\\\/lightweb.dev\\\/l\\\/svm-temp\\\/#\\\/schema\\\/person\\\/206a3bda5b607b0c25e1749191e4d837\"},\"headline\":\"Hopp och l\u00f6ften. \\\/ Nordea\",\"datePublished\":\"2012-09-09T22:00:00+00:00\",\"mainEntityOfPage\":{\"@id\":\"https:\\\/\\\/lightweb.dev\\\/l\\\/svm-temp\\\/artiklar\\\/hopp-och-loften-nordea\\\/\"},\"wordCount\":487,\"commentCount\":0,\"publisher\":{\"@id\":\"https:\\\/\\\/lightweb.dev\\\/l\\\/svm-temp\\\/#organization\"},\"image\":{\"@id\":\"https:\\\/\\\/lightweb.dev\\\/l\\\/svm-temp\\\/artiklar\\\/hopp-och-loften-nordea\\\/#primaryimage\"},\"thumbnailUrl\":\"https:\\\/\\\/lightweb.dev\\\/l\\\/svm-temp\\\/wp-content\\\/uploads\\\/2022\\\/04\\\/hopp-och-lften-nordea.png\",\"articleSection\":[\"Artiklar\",\"N\u00e4ringsliv\"],\"inLanguage\":\"sv-SE\"},{\"@type\":\"WebPage\",\"@id\":\"https:\\\/\\\/lightweb.dev\\\/l\\\/svm-temp\\\/artiklar\\\/hopp-och-loften-nordea\\\/\",\"url\":\"https:\\\/\\\/lightweb.dev\\\/l\\\/svm-temp\\\/artiklar\\\/hopp-och-loften-nordea\\\/\",\"name\":\"Hopp och l\u00f6ften. \\\/ Nordea - Svenska Magasinet\",\"isPartOf\":{\"@id\":\"https:\\\/\\\/lightweb.dev\\\/l\\\/svm-temp\\\/#website\"},\"primaryImageOfPage\":{\"@id\":\"https:\\\/\\\/lightweb.dev\\\/l\\\/svm-temp\\\/artiklar\\\/hopp-och-loften-nordea\\\/#primaryimage\"},\"image\":{\"@id\":\"https:\\\/\\\/lightweb.dev\\\/l\\\/svm-temp\\\/artiklar\\\/hopp-och-loften-nordea\\\/#primaryimage\"},\"thumbnailUrl\":\"https:\\\/\\\/lightweb.dev\\\/l\\\/svm-temp\\\/wp-content\\\/uploads\\\/2022\\\/04\\\/hopp-och-lften-nordea.png\",\"datePublished\":\"2012-09-09T22:00:00+00:00\",\"breadcrumb\":{\"@id\":\"https:\\\/\\\/lightweb.dev\\\/l\\\/svm-temp\\\/artiklar\\\/hopp-och-loften-nordea\\\/#breadcrumb\"},\"inLanguage\":\"sv-SE\",\"potentialAction\":[{\"@type\":\"ReadAction\",\"target\":[\"https:\\\/\\\/lightweb.dev\\\/l\\\/svm-temp\\\/artiklar\\\/hopp-och-loften-nordea\\\/\"]}]},{\"@type\":\"ImageObject\",\"inLanguage\":\"sv-SE\",\"@id\":\"https:\\\/\\\/lightweb.dev\\\/l\\\/svm-temp\\\/artiklar\\\/hopp-och-loften-nordea\\\/#primaryimage\",\"url\":\"https:\\\/\\\/lightweb.dev\\\/l\\\/svm-temp\\\/wp-content\\\/uploads\\\/2022\\\/04\\\/hopp-och-lften-nordea.png\",\"contentUrl\":\"https:\\\/\\\/lightweb.dev\\\/l\\\/svm-temp\\\/wp-content\\\/uploads\\\/2022\\\/04\\\/hopp-och-lften-nordea.png\",\"width\":280,\"height\":322},{\"@type\":\"BreadcrumbList\",\"@id\":\"https:\\\/\\\/lightweb.dev\\\/l\\\/svm-temp\\\/artiklar\\\/hopp-och-loften-nordea\\\/#breadcrumb\",\"itemListElement\":[{\"@type\":\"ListItem\",\"position\":1,\"name\":\"Hem\",\"item\":\"https:\\\/\\\/lightweb.dev\\\/l\\\/svm-temp\\\/\"},{\"@type\":\"ListItem\",\"position\":2,\"name\":\"Hopp och l\u00f6ften. \\\/ Nordea\"}]},{\"@type\":\"WebSite\",\"@id\":\"https:\\\/\\\/lightweb.dev\\\/l\\\/svm-temp\\\/#website\",\"url\":\"https:\\\/\\\/lightweb.dev\\\/l\\\/svm-temp\\\/\",\"name\":\"Svenska Magasinet\",\"description\":\"Dina Spanska nyheter p&aring; Svenska\",\"publisher\":{\"@id\":\"https:\\\/\\\/lightweb.dev\\\/l\\\/svm-temp\\\/#organization\"},\"potentialAction\":[{\"@type\":\"SearchAction\",\"target\":{\"@type\":\"EntryPoint\",\"urlTemplate\":\"https:\\\/\\\/lightweb.dev\\\/l\\\/svm-temp\\\/?s={search_term_string}\"},\"query-input\":{\"@type\":\"PropertyValueSpecification\",\"valueRequired\":true,\"valueName\":\"search_term_string\"}}],\"inLanguage\":\"sv-SE\"},{\"@type\":\"Organization\",\"@id\":\"https:\\\/\\\/lightweb.dev\\\/l\\\/svm-temp\\\/#organization\",\"name\":\"Melkerson y Nott SL\",\"alternateName\":\"Svenska Magasinet\",\"url\":\"https:\\\/\\\/lightweb.dev\\\/l\\\/svm-temp\\\/\",\"logo\":{\"@type\":\"ImageObject\",\"inLanguage\":\"sv-SE\",\"@id\":\"https:\\\/\\\/lightweb.dev\\\/l\\\/svm-temp\\\/#\\\/schema\\\/logo\\\/image\\\/\",\"url\":\"https:\\\/\\\/lightweb.dev\\\/l\\\/svm-temp\\\/wp-content\\\/uploads\\\/2025\\\/02\\\/SvM-logo-Xtra-Centrerad-SVART.png\",\"contentUrl\":\"https:\\\/\\\/lightweb.dev\\\/l\\\/svm-temp\\\/wp-content\\\/uploads\\\/2025\\\/02\\\/SvM-logo-Xtra-Centrerad-SVART.png\",\"width\":300,\"height\":99,\"caption\":\"Melkerson y Nott SL\"},\"image\":{\"@id\":\"https:\\\/\\\/lightweb.dev\\\/l\\\/svm-temp\\\/#\\\/schema\\\/logo\\\/image\\\/\"},\"sameAs\":[\"https:\\\/\\\/www.facebook.com\\\/svenskamagasinet\",\"https:\\\/\\\/x.com\\\/SvenskaMagasine\"]},{\"@type\":\"Person\",\"@id\":\"https:\\\/\\\/lightweb.dev\\\/l\\\/svm-temp\\\/#\\\/schema\\\/person\\\/206a3bda5b607b0c25e1749191e4d837\",\"name\":\"Redaktionen SvM\",\"description\":\"Redaktionen\",\"sameAs\":[\"https:\\\/\\\/lightweb.dev\\\/l\\\/svm-temp\"],\"url\":\"https:\\\/\\\/lightweb.dev\\\/l\\\/svm-temp\\\/reporter\\\/redaktionen\\\/\"}]}<\/script>\n<!-- \/ Yoast SEO Premium plugin. -->","yoast_head_json":{"title":"Hopp och l\u00f6ften. \/ Nordea - Svenska Magasinet","robots":{"index":"noindex","follow":"follow","max-snippet":"max-snippet:-1","max-image-preview":"max-image-preview:large","max-video-preview":"max-video-preview:-1"},"og_locale":"sv_SE","og_type":"article","og_title":"Hopp och l\u00f6ften. \/ Nordea","og_description":"I slutet av juni enades EU-ledarna om att pressade banker ska kunna ans\u00f6ka om st\u00f6dl\u00e5n direkt fr\u00e5n r\u00e4ddningsfonden ESM, ist\u00e4llet f\u00f6r att g\u00e5 via det aktuella landets regering. ESM ska inte f\u00e5 b\u00e4ttre f\u00f6retr\u00e4desr\u00e4tt gentemot andra fordrings\u00e4gare om ett land m\u00e5ste g\u00f6ra en skuldavskrivning. Vidare beslutade man att uppr\u00e4tta en gemensam banktillsyn f\u00f6r euroomr\u00e5det och [&hellip;]","og_url":"https:\/\/lightweb.dev\/l\/svm-temp\/artiklar\/hopp-och-loften-nordea\/","og_site_name":"Svenska Magasinet","article_publisher":"https:\/\/www.facebook.com\/svenskamagasinet","article_published_time":"2012-09-09T22:00:00+00:00","og_image":[{"width":280,"height":322,"url":"https:\/\/lightweb.dev\/l\/svm-temp\/wp-content\/uploads\/2022\/04\/hopp-och-lften-nordea.png","type":"image\/png"}],"author":"Redaktionen SvM","twitter_card":"summary_large_image","twitter_creator":"@SvenskaMagasine","twitter_site":"@SvenskaMagasine","schema":{"@context":"https:\/\/schema.org","@graph":[{"@type":"Article","@id":"https:\/\/lightweb.dev\/l\/svm-temp\/artiklar\/hopp-och-loften-nordea\/#article","isPartOf":{"@id":"https:\/\/lightweb.dev\/l\/svm-temp\/artiklar\/hopp-och-loften-nordea\/"},"author":{"name":"Redaktionen SvM","@id":"https:\/\/lightweb.dev\/l\/svm-temp\/#\/schema\/person\/206a3bda5b607b0c25e1749191e4d837"},"headline":"Hopp och l\u00f6ften. \/ Nordea","datePublished":"2012-09-09T22:00:00+00:00","mainEntityOfPage":{"@id":"https:\/\/lightweb.dev\/l\/svm-temp\/artiklar\/hopp-och-loften-nordea\/"},"wordCount":487,"commentCount":0,"publisher":{"@id":"https:\/\/lightweb.dev\/l\/svm-temp\/#organization"},"image":{"@id":"https:\/\/lightweb.dev\/l\/svm-temp\/artiklar\/hopp-och-loften-nordea\/#primaryimage"},"thumbnailUrl":"https:\/\/lightweb.dev\/l\/svm-temp\/wp-content\/uploads\/2022\/04\/hopp-och-lften-nordea.png","articleSection":["Artiklar","N\u00e4ringsliv"],"inLanguage":"sv-SE"},{"@type":"WebPage","@id":"https:\/\/lightweb.dev\/l\/svm-temp\/artiklar\/hopp-och-loften-nordea\/","url":"https:\/\/lightweb.dev\/l\/svm-temp\/artiklar\/hopp-och-loften-nordea\/","name":"Hopp och l\u00f6ften. \/ Nordea - Svenska Magasinet","isPartOf":{"@id":"https:\/\/lightweb.dev\/l\/svm-temp\/#website"},"primaryImageOfPage":{"@id":"https:\/\/lightweb.dev\/l\/svm-temp\/artiklar\/hopp-och-loften-nordea\/#primaryimage"},"image":{"@id":"https:\/\/lightweb.dev\/l\/svm-temp\/artiklar\/hopp-och-loften-nordea\/#primaryimage"},"thumbnailUrl":"https:\/\/lightweb.dev\/l\/svm-temp\/wp-content\/uploads\/2022\/04\/hopp-och-lften-nordea.png","datePublished":"2012-09-09T22:00:00+00:00","breadcrumb":{"@id":"https:\/\/lightweb.dev\/l\/svm-temp\/artiklar\/hopp-och-loften-nordea\/#breadcrumb"},"inLanguage":"sv-SE","potentialAction":[{"@type":"ReadAction","target":["https:\/\/lightweb.dev\/l\/svm-temp\/artiklar\/hopp-och-loften-nordea\/"]}]},{"@type":"ImageObject","inLanguage":"sv-SE","@id":"https:\/\/lightweb.dev\/l\/svm-temp\/artiklar\/hopp-och-loften-nordea\/#primaryimage","url":"https:\/\/lightweb.dev\/l\/svm-temp\/wp-content\/uploads\/2022\/04\/hopp-och-lften-nordea.png","contentUrl":"https:\/\/lightweb.dev\/l\/svm-temp\/wp-content\/uploads\/2022\/04\/hopp-och-lften-nordea.png","width":280,"height":322},{"@type":"BreadcrumbList","@id":"https:\/\/lightweb.dev\/l\/svm-temp\/artiklar\/hopp-och-loften-nordea\/#breadcrumb","itemListElement":[{"@type":"ListItem","position":1,"name":"Hem","item":"https:\/\/lightweb.dev\/l\/svm-temp\/"},{"@type":"ListItem","position":2,"name":"Hopp och l\u00f6ften. \/ Nordea"}]},{"@type":"WebSite","@id":"https:\/\/lightweb.dev\/l\/svm-temp\/#website","url":"https:\/\/lightweb.dev\/l\/svm-temp\/","name":"Svenska Magasinet","description":"Dina Spanska nyheter p&aring; Svenska","publisher":{"@id":"https:\/\/lightweb.dev\/l\/svm-temp\/#organization"},"potentialAction":[{"@type":"SearchAction","target":{"@type":"EntryPoint","urlTemplate":"https:\/\/lightweb.dev\/l\/svm-temp\/?s={search_term_string}"},"query-input":{"@type":"PropertyValueSpecification","valueRequired":true,"valueName":"search_term_string"}}],"inLanguage":"sv-SE"},{"@type":"Organization","@id":"https:\/\/lightweb.dev\/l\/svm-temp\/#organization","name":"Melkerson y Nott SL","alternateName":"Svenska Magasinet","url":"https:\/\/lightweb.dev\/l\/svm-temp\/","logo":{"@type":"ImageObject","inLanguage":"sv-SE","@id":"https:\/\/lightweb.dev\/l\/svm-temp\/#\/schema\/logo\/image\/","url":"https:\/\/lightweb.dev\/l\/svm-temp\/wp-content\/uploads\/2025\/02\/SvM-logo-Xtra-Centrerad-SVART.png","contentUrl":"https:\/\/lightweb.dev\/l\/svm-temp\/wp-content\/uploads\/2025\/02\/SvM-logo-Xtra-Centrerad-SVART.png","width":300,"height":99,"caption":"Melkerson y Nott SL"},"image":{"@id":"https:\/\/lightweb.dev\/l\/svm-temp\/#\/schema\/logo\/image\/"},"sameAs":["https:\/\/www.facebook.com\/svenskamagasinet","https:\/\/x.com\/SvenskaMagasine"]},{"@type":"Person","@id":"https:\/\/lightweb.dev\/l\/svm-temp\/#\/schema\/person\/206a3bda5b607b0c25e1749191e4d837","name":"Redaktionen SvM","description":"Redaktionen","sameAs":["https:\/\/lightweb.dev\/l\/svm-temp"],"url":"https:\/\/lightweb.dev\/l\/svm-temp\/reporter\/redaktionen\/"}]}},"_links":{"self":[{"href":"https:\/\/lightweb.dev\/l\/svm-temp\/wp-json\/wp\/v2\/posts\/3633","targetHints":{"allow":["GET"]}}],"collection":[{"href":"https:\/\/lightweb.dev\/l\/svm-temp\/wp-json\/wp\/v2\/posts"}],"about":[{"href":"https:\/\/lightweb.dev\/l\/svm-temp\/wp-json\/wp\/v2\/types\/post"}],"author":[{"embeddable":true,"href":"https:\/\/lightweb.dev\/l\/svm-temp\/wp-json\/wp\/v2\/users\/8"}],"replies":[{"embeddable":true,"href":"https:\/\/lightweb.dev\/l\/svm-temp\/wp-json\/wp\/v2\/comments?post=3633"}],"version-history":[{"count":0,"href":"https:\/\/lightweb.dev\/l\/svm-temp\/wp-json\/wp\/v2\/posts\/3633\/revisions"}],"wp:featuredmedia":[{"embeddable":true,"href":"https:\/\/lightweb.dev\/l\/svm-temp\/wp-json\/wp\/v2\/media\/3634"}],"wp:attachment":[{"href":"https:\/\/lightweb.dev\/l\/svm-temp\/wp-json\/wp\/v2\/media?parent=3633"}],"wp:term":[{"taxonomy":"category","embeddable":true,"href":"https:\/\/lightweb.dev\/l\/svm-temp\/wp-json\/wp\/v2\/categories?post=3633"},{"taxonomy":"post_tag","embeddable":true,"href":"https:\/\/lightweb.dev\/l\/svm-temp\/wp-json\/wp\/v2\/tags?post=3633"}],"curies":[{"name":"wp","href":"https:\/\/api.w.org\/{rel}","templated":true}]}}