{"id":3652,"date":"2012-09-05T00:00:00","date_gmt":"2012-09-04T22:00:00","guid":{"rendered":"https:\/\/lightweb.dev\/l\/svm-temp\/hogklassiga-viner-fran-mallorcas-aldsta-bodega\/"},"modified":"2012-09-05T00:00:00","modified_gmt":"2012-09-04T22:00:00","slug":"hogklassiga-viner-fran-mallorcas-aldsta-bodega","status":"publish","type":"post","link":"https:\/\/lightweb.dev\/l\/svm-temp\/artiklar\/hogklassiga-viner-fran-mallorcas-aldsta-bodega\/","title":{"rendered":"H\u00f6gklassiga viner fr\u00e5n Mallorcas \u00e4ldsta bodega"},"content":{"rendered":"<p> V\u00e4lkommen att f\u00f6lja med p\u00e5 en vintur till Mallorca. N\u00e4rmare best\u00e4mt till \u00f6ns \u00e4ldsta bodega, Finca Son Bordils. H\u00e4r har man gjort vin sedan \u00e5r 1433, allts\u00e5 i snart 600 \u00e5r! Vinerna fr\u00e5n Son Bordils, speciellt de vita, h\u00e5ller idag h\u00f6gsta v\u00e4rldsklass. Min personliga favorit \u00e4r Son Bordils Muscat 2011, gjort p\u00e5 100 procent av den \u00e4dla druvsorten Moscatel de Grano Menudo. Mer om detta vin senare. Av Morgan Skantz<br \/>\nFinca Son Bordils historia \u00e4r minst sagt brokig sedan den grundades en januaridag \u00e5r 1433. Redan i mitten av 1400-talet var \u00e5rsproduktionen ansenliga 50 000 liter. Hur detta vin smakade kan vi nog d\u00e4remot skatta oss lyckliga \u00f6ver att inte veta. Sanningen \u00e4r faktiskt den att vinerna fr\u00e5n Son Bordils b\u00f6rjat smaka riktigt bra f\u00f6rst under det senaste decenniet. Och det kan vi tacka far och son Pastor f\u00f6r.<br \/>\nFr\u00e5n olja till vin<br \/>\nS\u00e5 sent som \u00e5r 1995 best\u00e4mde sig pappa Pastor f\u00f6r att s\u00e4lja sina olivodlingar i Valdemossa f\u00f6r att ist\u00e4llet k\u00f6pa ansenliga 100 hektar vinmark av Finca Son Bordils. Jag skriver medvetet \u201dvinmark\u201d och inte vinodlingar eftersom dessa succesivt f\u00e5tt f\u00f6rfalla sedan det spanska inb\u00f6rdeskriget. Direkt efter kriget odlade n\u00e4mligen alla, som hade tillg\u00e5ng till mark, antingen s\u00e4d eller oliver. S\u00e5 \u00e4ven Finca Son Bordils. Att g\u00f6ra olivolja var p\u00e5 den h\u00e4r tiden synnerligen l\u00f6nsamt.  Sonen Pastor, Ram\u00f3n, som \u00e4r den som idag driver bodegan ber\u00e4ttar:<br \/>\n\u201dEn liter olivolja kostade direkt efter kriget 30 pesetas, och d\u00e5 ska man komma ih\u00e5g att en arbetare vid den h\u00e4r tiden tj\u00e4nade 5 pesetas om dagen. Han beh\u00f6vde allts\u00e5 arbeta sex dagar f\u00f6r att kunna k\u00f6pa en liter olja.\u201d<br \/>\nInhemska och franska sorter<br \/>\nRam\u00f3n Coll Pastor \u00e4r egentligen apotekare men har varit med p\u00e5 vin\u00e4ventyret \u00e4nda sedan det inleddes av hans far \u00e5r 1995. Efter ett \u00e5r av markbearbetning blev det dags f\u00f6r nyplantering av vinstockar.<br \/>\nVilka druvsorter skulle man d\u00e5 satsa p\u00e5? Ing\u00e5ende diskussioner resulterade i att man valde en mix av inhemska och franska varieteter. De gr\u00f6na sorterna blev Chardonnay, Moscatel de Grano Menudo och Premsal Blanc (inhemsk sort). Som bl\u00e5 sorter valdes de franska Merlot, Cabernet Sauvignon och Syrah (Shiraz) medan de inhemska blev Callet, Mantenegro och Monastrell . Samtliga druvstockar k\u00f6ptes in fr\u00e5n s\u00f6dra Frankrike, n\u00e4rmare best\u00e4mt fr\u00e5n Rhonedalen.<\/p>\n<p>Ett dussin etiketter<\/p>\n<p>Under \u00e5ren 1996-2000 planterades sammanlagt 24,5 hektar, och sedan n\u00e5gra \u00e5r kan man sk\u00f6rda frukterna (hoppsan!) av detta arbete. N\u00e4r druvorna sedan f\u00f6rvandlats till vin kan vi b\u00e4nka oss f\u00f6r n\u00e5gra riktiga h\u00f6gtidsstunder. Men det tar sin tid att smaka av alla bodegans olika varianter p\u00e5 r\u00f6tt, vitt och ros\u00e9. Sammanlagt ett dussin olika etiketter.<\/p>\n<p>Blanc Dol\u00e7<\/p>\n<p>En nyhet f\u00f6r i \u00e5r \u00e4r bland annat ett s\u00f6tt vitt vin gjort p\u00e5 Premsal Blanc (70 %) och Moscatel de Grano Menudo (30 %). Vinet, Son Bordils Blanc Dol\u00e7 2011, \u00e4r gjort p\u00e5 \u00f6vermogna druvor sk\u00f6rdade strax innan jul och med en h\u00e4rlig friskhet av lime i den \u00e4dla s\u00f6tman. Ett m\u00e4sterverk, som borde kunna f\u00e5 den mest envise s\u00f6tvinshatare att \u00e4ndra uppfattning! Ett \u00e4delt vin, som sitter som skr\u00e4ddarsytt till \u00e4delost.<br \/>\nUnder v\u00e5rt bes\u00f6k p\u00e5 bodegan i slutet av augusti har drygt h\u00e4lften av sk\u00f6rden klarats av, och Ram\u00f3n \u00e4r mycket n\u00f6jd med resultatet hittills:<br \/>\n\u201dKvalit\u00e9n \u00e4r mycket bra, men kvantitetsm\u00e4ssigt f\u00e5r vi i \u00e5r betydligt mindre sk\u00f6rd \u00e4n normalt. Anledningen \u00e4r det mycket varma och torra v\u00e4dret. Druvorna har helt enkelt inte orkat med att v\u00e4xa. \u201d<\/p>\n<p>Olika Moscateller<\/p>\n<p>Tillbaka s\u00e5 till mitt personliga favoritvin, det vita Son Bordils Muscat 2011. Vinet \u00e4r allts\u00e5 gjort p\u00e5 Moscatelldruvor, men viktigt \u00e4r d\u00e5 att k\u00e4nna till att det faktiskt finns tv\u00e5 olika varianter av Moscatell. Den vanligaste heter Muscat de Alejandr\u00eda  och anv\u00e4nds ofta f\u00f6r tillverkning av s\u00f6ta viner, bland annat Malagavin. Torra viner gjorda p\u00e5 denna druvsort f\u00e5r ofta en p\u00e5taglig parfymerad doft. Dessa viner brukar d\u00e4rf\u00f6r vara ganska enkla att tr\u00e4ffa r\u00e4tt p\u00e5 vid blindprovningar.<br \/>\nFavoritvinet fr\u00e5n Son Bordils \u00e4r dock inte gjort p\u00e5 denna sort utan ist\u00e4llet p\u00e5 den mycket ovanligare Moscatel de Grano Menudo. Just denna variant av Moscateldruvor anses f\u00f6r \u00f6vrigt vara den allra \u00e4ldsta av alla druvsorter.<\/p>\n<p>Alsacelikt!<\/p>\n<p>Det finns m\u00e5nga olika synonymer. Ibland kallas den f\u00f6r Muscat d\u2019Alsace vilket blir h\u00f6gst intressant i det h\u00e4r sammanhanget. Favoriten fr\u00e5n Son Bordils f\u00f6r n\u00e4mligen tanken omedelbart till just Alsace.<br \/>\nMallorcavinet kunde lika g\u00e4rna ha producerats av n\u00e5gon ansedd vinmakare i detta franska vindistrikt, v\u00e4rldsber\u00f6mt f\u00f6r sina vitviner.<\/p>\n<p>Andas friskhet<\/p>\n<p>Utm\u00e4rkande f\u00f6r samtliga viner fr\u00e5n Son Bordils \u00e4r en p\u00e5taglig renhet. Vinerna andas friskhet. En liten detalj som kan n\u00e4mnas i sammanhanget \u00e4r att inget reng\u00f6ringsmedel anv\u00e4nds p\u00e5 den h\u00e4r bodegan. Ekfaten, ett 50-tal, tv\u00e4ttas rena med enbart vatten. Vatten, som sedan anv\u00e4nds f\u00f6r bevattning av ving\u00e5rden.<\/p>\n<p>N\u00e4ra mitten<\/p>\n<p>Bodegan Son Bordils ligger p\u00e5 Mallorcas centralplat\u00e5 och faktiskt s\u00e5 n\u00e4ra \u00f6ns mitt man kan komma. Orten Sineu anses som Mallorcas mittpunkt, och Son Bordils ligger l\u00e4ngs landsv\u00e4gen mellan Sineu och Inca. Ett bes\u00f6k p\u00e5 denna sp\u00e4nnande bodega rekommenderas varmt. Eftersom vi numera bor b\u00e5de p\u00e5 Costa del Sol och Mallorca s\u00e5 kommer vi under h\u00f6sten att arrangera en Mallorcaresa under n\u00e5gra dagar. Resan kommer att fokusera p\u00e5 vin, mat och naturupplevelser. N\u00e5got som det finns mycket gott om p\u00e5 denna vackra \u00f6! H\u00f6r g\u00e4rna av dig om du \u00e4r intresserad av en s\u00e5dan resa. <\/p>\n","protected":false},"excerpt":{"rendered":"<p>V\u00e4lkommen att f\u00f6lja med p\u00e5 en vintur till Mallorca. N\u00e4rmare best\u00e4mt till \u00f6ns \u00e4ldsta bodega, Finca Son Bordils. H\u00e4r har man gjort vin sedan \u00e5r 1433, allts\u00e5 i snart 600 \u00e5r! Vinerna fr\u00e5n Son Bordils, speciellt de vita, h\u00e5ller idag h\u00f6gsta v\u00e4rldsklass. Min personliga favorit \u00e4r Son Bordils Muscat 2011, gjort p\u00e5 100 procent av [&hellip;]<\/p>\n","protected":false},"author":8,"featured_media":3653,"comment_status":"open","ping_status":"open","sticky":false,"template":"","format":"standard","meta":{"_et_pb_use_builder":"","_et_pb_old_content":"","_et_gb_content_width":"","footnotes":""},"categories":[4,38],"tags":[],"class_list":["post-3652","post","type-post","status-publish","format-standard","has-post-thumbnail","hentry","category-artiklar","category-mat-vin"],"yoast_head":"<!-- This site is optimized with the Yoast SEO Premium plugin v26.2 (Yoast SEO v28.2) - https:\/\/yoast.com\/product\/yoast-seo-premium-wordpress\/ -->\n<title>H\u00f6gklassiga viner fr\u00e5n Mallorcas \u00e4ldsta bodega - Svenska Magasinet<\/title>\n<meta name=\"robots\" content=\"noindex, follow, max-snippet:-1, max-image-preview:large, max-video-preview:-1\" \/>\n<meta property=\"og:locale\" content=\"sv_SE\" \/>\n<meta property=\"og:type\" content=\"article\" \/>\n<meta property=\"og:title\" content=\"H\u00f6gklassiga viner fr\u00e5n Mallorcas \u00e4ldsta bodega\" \/>\n<meta property=\"og:description\" content=\"V\u00e4lkommen att f\u00f6lja med p\u00e5 en vintur till Mallorca. N\u00e4rmare best\u00e4mt till \u00f6ns \u00e4ldsta bodega, Finca Son Bordils. H\u00e4r har man gjort vin sedan \u00e5r 1433, allts\u00e5 i snart 600 \u00e5r! Vinerna fr\u00e5n Son Bordils, speciellt de vita, h\u00e5ller idag h\u00f6gsta v\u00e4rldsklass. Min personliga favorit \u00e4r Son Bordils Muscat 2011, gjort p\u00e5 100 procent av [&hellip;]\" \/>\n<meta property=\"og:url\" content=\"https:\/\/lightweb.dev\/l\/svm-temp\/artiklar\/hogklassiga-viner-fran-mallorcas-aldsta-bodega\/\" \/>\n<meta property=\"og:site_name\" content=\"Svenska Magasinet\" \/>\n<meta property=\"article:publisher\" content=\"https:\/\/www.facebook.com\/svenskamagasinet\" \/>\n<meta property=\"article:published_time\" content=\"2012-09-04T22:00:00+00:00\" \/>\n<meta property=\"og:image\" content=\"https:\/\/lightweb.dev\/l\/svm-temp\/wp-content\/uploads\/2022\/04\/hgklassiga-viner-frn-mallorcas-ldsta-bodega.png\" \/>\n\t<meta property=\"og:image:width\" content=\"280\" \/>\n\t<meta property=\"og:image:height\" content=\"210\" \/>\n\t<meta property=\"og:image:type\" content=\"image\/png\" \/>\n<meta name=\"author\" content=\"Redaktionen SvM\" \/>\n<meta name=\"twitter:card\" content=\"summary_large_image\" \/>\n<meta name=\"twitter:creator\" content=\"@SvenskaMagasine\" \/>\n<meta name=\"twitter:site\" content=\"@SvenskaMagasine\" \/>\n<script type=\"application\/ld+json\" class=\"yoast-schema-graph\">{\"@context\":\"https:\\\/\\\/schema.org\",\"@graph\":[{\"@type\":\"Article\",\"@id\":\"https:\\\/\\\/lightweb.dev\\\/l\\\/svm-temp\\\/artiklar\\\/hogklassiga-viner-fran-mallorcas-aldsta-bodega\\\/#article\",\"isPartOf\":{\"@id\":\"https:\\\/\\\/lightweb.dev\\\/l\\\/svm-temp\\\/artiklar\\\/hogklassiga-viner-fran-mallorcas-aldsta-bodega\\\/\"},\"author\":{\"name\":\"Redaktionen SvM\",\"@id\":\"https:\\\/\\\/lightweb.dev\\\/l\\\/svm-temp\\\/#\\\/schema\\\/person\\\/206a3bda5b607b0c25e1749191e4d837\"},\"headline\":\"H\u00f6gklassiga viner fr\u00e5n Mallorcas \u00e4ldsta bodega\",\"datePublished\":\"2012-09-04T22:00:00+00:00\",\"mainEntityOfPage\":{\"@id\":\"https:\\\/\\\/lightweb.dev\\\/l\\\/svm-temp\\\/artiklar\\\/hogklassiga-viner-fran-mallorcas-aldsta-bodega\\\/\"},\"wordCount\":987,\"commentCount\":0,\"publisher\":{\"@id\":\"https:\\\/\\\/lightweb.dev\\\/l\\\/svm-temp\\\/#organization\"},\"image\":{\"@id\":\"https:\\\/\\\/lightweb.dev\\\/l\\\/svm-temp\\\/artiklar\\\/hogklassiga-viner-fran-mallorcas-aldsta-bodega\\\/#primaryimage\"},\"thumbnailUrl\":\"https:\\\/\\\/lightweb.dev\\\/l\\\/svm-temp\\\/wp-content\\\/uploads\\\/2022\\\/04\\\/hgklassiga-viner-frn-mallorcas-ldsta-bodega.png\",\"articleSection\":[\"Artiklar\",\"Mat &amp; vin\"],\"inLanguage\":\"sv-SE\"},{\"@type\":\"WebPage\",\"@id\":\"https:\\\/\\\/lightweb.dev\\\/l\\\/svm-temp\\\/artiklar\\\/hogklassiga-viner-fran-mallorcas-aldsta-bodega\\\/\",\"url\":\"https:\\\/\\\/lightweb.dev\\\/l\\\/svm-temp\\\/artiklar\\\/hogklassiga-viner-fran-mallorcas-aldsta-bodega\\\/\",\"name\":\"H\u00f6gklassiga viner fr\u00e5n Mallorcas \u00e4ldsta bodega - Svenska Magasinet\",\"isPartOf\":{\"@id\":\"https:\\\/\\\/lightweb.dev\\\/l\\\/svm-temp\\\/#website\"},\"primaryImageOfPage\":{\"@id\":\"https:\\\/\\\/lightweb.dev\\\/l\\\/svm-temp\\\/artiklar\\\/hogklassiga-viner-fran-mallorcas-aldsta-bodega\\\/#primaryimage\"},\"image\":{\"@id\":\"https:\\\/\\\/lightweb.dev\\\/l\\\/svm-temp\\\/artiklar\\\/hogklassiga-viner-fran-mallorcas-aldsta-bodega\\\/#primaryimage\"},\"thumbnailUrl\":\"https:\\\/\\\/lightweb.dev\\\/l\\\/svm-temp\\\/wp-content\\\/uploads\\\/2022\\\/04\\\/hgklassiga-viner-frn-mallorcas-ldsta-bodega.png\",\"datePublished\":\"2012-09-04T22:00:00+00:00\",\"breadcrumb\":{\"@id\":\"https:\\\/\\\/lightweb.dev\\\/l\\\/svm-temp\\\/artiklar\\\/hogklassiga-viner-fran-mallorcas-aldsta-bodega\\\/#breadcrumb\"},\"inLanguage\":\"sv-SE\",\"potentialAction\":[{\"@type\":\"ReadAction\",\"target\":[\"https:\\\/\\\/lightweb.dev\\\/l\\\/svm-temp\\\/artiklar\\\/hogklassiga-viner-fran-mallorcas-aldsta-bodega\\\/\"]}]},{\"@type\":\"ImageObject\",\"inLanguage\":\"sv-SE\",\"@id\":\"https:\\\/\\\/lightweb.dev\\\/l\\\/svm-temp\\\/artiklar\\\/hogklassiga-viner-fran-mallorcas-aldsta-bodega\\\/#primaryimage\",\"url\":\"https:\\\/\\\/lightweb.dev\\\/l\\\/svm-temp\\\/wp-content\\\/uploads\\\/2022\\\/04\\\/hgklassiga-viner-frn-mallorcas-ldsta-bodega.png\",\"contentUrl\":\"https:\\\/\\\/lightweb.dev\\\/l\\\/svm-temp\\\/wp-content\\\/uploads\\\/2022\\\/04\\\/hgklassiga-viner-frn-mallorcas-ldsta-bodega.png\",\"width\":280,\"height\":210},{\"@type\":\"BreadcrumbList\",\"@id\":\"https:\\\/\\\/lightweb.dev\\\/l\\\/svm-temp\\\/artiklar\\\/hogklassiga-viner-fran-mallorcas-aldsta-bodega\\\/#breadcrumb\",\"itemListElement\":[{\"@type\":\"ListItem\",\"position\":1,\"name\":\"Hem\",\"item\":\"https:\\\/\\\/lightweb.dev\\\/l\\\/svm-temp\\\/\"},{\"@type\":\"ListItem\",\"position\":2,\"name\":\"H\u00f6gklassiga viner fr\u00e5n Mallorcas \u00e4ldsta bodega\"}]},{\"@type\":\"WebSite\",\"@id\":\"https:\\\/\\\/lightweb.dev\\\/l\\\/svm-temp\\\/#website\",\"url\":\"https:\\\/\\\/lightweb.dev\\\/l\\\/svm-temp\\\/\",\"name\":\"Svenska Magasinet\",\"description\":\"Dina Spanska nyheter p&aring; Svenska\",\"publisher\":{\"@id\":\"https:\\\/\\\/lightweb.dev\\\/l\\\/svm-temp\\\/#organization\"},\"potentialAction\":[{\"@type\":\"SearchAction\",\"target\":{\"@type\":\"EntryPoint\",\"urlTemplate\":\"https:\\\/\\\/lightweb.dev\\\/l\\\/svm-temp\\\/?s={search_term_string}\"},\"query-input\":{\"@type\":\"PropertyValueSpecification\",\"valueRequired\":true,\"valueName\":\"search_term_string\"}}],\"inLanguage\":\"sv-SE\"},{\"@type\":\"Organization\",\"@id\":\"https:\\\/\\\/lightweb.dev\\\/l\\\/svm-temp\\\/#organization\",\"name\":\"Melkerson y Nott SL\",\"alternateName\":\"Svenska Magasinet\",\"url\":\"https:\\\/\\\/lightweb.dev\\\/l\\\/svm-temp\\\/\",\"logo\":{\"@type\":\"ImageObject\",\"inLanguage\":\"sv-SE\",\"@id\":\"https:\\\/\\\/lightweb.dev\\\/l\\\/svm-temp\\\/#\\\/schema\\\/logo\\\/image\\\/\",\"url\":\"https:\\\/\\\/lightweb.dev\\\/l\\\/svm-temp\\\/wp-content\\\/uploads\\\/2025\\\/02\\\/SvM-logo-Xtra-Centrerad-SVART.png\",\"contentUrl\":\"https:\\\/\\\/lightweb.dev\\\/l\\\/svm-temp\\\/wp-content\\\/uploads\\\/2025\\\/02\\\/SvM-logo-Xtra-Centrerad-SVART.png\",\"width\":300,\"height\":99,\"caption\":\"Melkerson y Nott SL\"},\"image\":{\"@id\":\"https:\\\/\\\/lightweb.dev\\\/l\\\/svm-temp\\\/#\\\/schema\\\/logo\\\/image\\\/\"},\"sameAs\":[\"https:\\\/\\\/www.facebook.com\\\/svenskamagasinet\",\"https:\\\/\\\/x.com\\\/SvenskaMagasine\"]},{\"@type\":\"Person\",\"@id\":\"https:\\\/\\\/lightweb.dev\\\/l\\\/svm-temp\\\/#\\\/schema\\\/person\\\/206a3bda5b607b0c25e1749191e4d837\",\"name\":\"Redaktionen SvM\",\"description\":\"Redaktionen\",\"sameAs\":[\"https:\\\/\\\/lightweb.dev\\\/l\\\/svm-temp\"],\"url\":\"https:\\\/\\\/lightweb.dev\\\/l\\\/svm-temp\\\/reporter\\\/redaktionen\\\/\"}]}<\/script>\n<!-- \/ Yoast SEO Premium plugin. -->","yoast_head_json":{"title":"H\u00f6gklassiga viner fr\u00e5n Mallorcas \u00e4ldsta bodega - Svenska Magasinet","robots":{"index":"noindex","follow":"follow","max-snippet":"max-snippet:-1","max-image-preview":"max-image-preview:large","max-video-preview":"max-video-preview:-1"},"og_locale":"sv_SE","og_type":"article","og_title":"H\u00f6gklassiga viner fr\u00e5n Mallorcas \u00e4ldsta bodega","og_description":"V\u00e4lkommen att f\u00f6lja med p\u00e5 en vintur till Mallorca. N\u00e4rmare best\u00e4mt till \u00f6ns \u00e4ldsta bodega, Finca Son Bordils. H\u00e4r har man gjort vin sedan \u00e5r 1433, allts\u00e5 i snart 600 \u00e5r! Vinerna fr\u00e5n Son Bordils, speciellt de vita, h\u00e5ller idag h\u00f6gsta v\u00e4rldsklass. Min personliga favorit \u00e4r Son Bordils Muscat 2011, gjort p\u00e5 100 procent av [&hellip;]","og_url":"https:\/\/lightweb.dev\/l\/svm-temp\/artiklar\/hogklassiga-viner-fran-mallorcas-aldsta-bodega\/","og_site_name":"Svenska Magasinet","article_publisher":"https:\/\/www.facebook.com\/svenskamagasinet","article_published_time":"2012-09-04T22:00:00+00:00","og_image":[{"width":280,"height":210,"url":"https:\/\/lightweb.dev\/l\/svm-temp\/wp-content\/uploads\/2022\/04\/hgklassiga-viner-frn-mallorcas-ldsta-bodega.png","type":"image\/png"}],"author":"Redaktionen SvM","twitter_card":"summary_large_image","twitter_creator":"@SvenskaMagasine","twitter_site":"@SvenskaMagasine","schema":{"@context":"https:\/\/schema.org","@graph":[{"@type":"Article","@id":"https:\/\/lightweb.dev\/l\/svm-temp\/artiklar\/hogklassiga-viner-fran-mallorcas-aldsta-bodega\/#article","isPartOf":{"@id":"https:\/\/lightweb.dev\/l\/svm-temp\/artiklar\/hogklassiga-viner-fran-mallorcas-aldsta-bodega\/"},"author":{"name":"Redaktionen SvM","@id":"https:\/\/lightweb.dev\/l\/svm-temp\/#\/schema\/person\/206a3bda5b607b0c25e1749191e4d837"},"headline":"H\u00f6gklassiga viner fr\u00e5n Mallorcas \u00e4ldsta bodega","datePublished":"2012-09-04T22:00:00+00:00","mainEntityOfPage":{"@id":"https:\/\/lightweb.dev\/l\/svm-temp\/artiklar\/hogklassiga-viner-fran-mallorcas-aldsta-bodega\/"},"wordCount":987,"commentCount":0,"publisher":{"@id":"https:\/\/lightweb.dev\/l\/svm-temp\/#organization"},"image":{"@id":"https:\/\/lightweb.dev\/l\/svm-temp\/artiklar\/hogklassiga-viner-fran-mallorcas-aldsta-bodega\/#primaryimage"},"thumbnailUrl":"https:\/\/lightweb.dev\/l\/svm-temp\/wp-content\/uploads\/2022\/04\/hgklassiga-viner-frn-mallorcas-ldsta-bodega.png","articleSection":["Artiklar","Mat &amp; vin"],"inLanguage":"sv-SE"},{"@type":"WebPage","@id":"https:\/\/lightweb.dev\/l\/svm-temp\/artiklar\/hogklassiga-viner-fran-mallorcas-aldsta-bodega\/","url":"https:\/\/lightweb.dev\/l\/svm-temp\/artiklar\/hogklassiga-viner-fran-mallorcas-aldsta-bodega\/","name":"H\u00f6gklassiga viner fr\u00e5n Mallorcas \u00e4ldsta bodega - Svenska Magasinet","isPartOf":{"@id":"https:\/\/lightweb.dev\/l\/svm-temp\/#website"},"primaryImageOfPage":{"@id":"https:\/\/lightweb.dev\/l\/svm-temp\/artiklar\/hogklassiga-viner-fran-mallorcas-aldsta-bodega\/#primaryimage"},"image":{"@id":"https:\/\/lightweb.dev\/l\/svm-temp\/artiklar\/hogklassiga-viner-fran-mallorcas-aldsta-bodega\/#primaryimage"},"thumbnailUrl":"https:\/\/lightweb.dev\/l\/svm-temp\/wp-content\/uploads\/2022\/04\/hgklassiga-viner-frn-mallorcas-ldsta-bodega.png","datePublished":"2012-09-04T22:00:00+00:00","breadcrumb":{"@id":"https:\/\/lightweb.dev\/l\/svm-temp\/artiklar\/hogklassiga-viner-fran-mallorcas-aldsta-bodega\/#breadcrumb"},"inLanguage":"sv-SE","potentialAction":[{"@type":"ReadAction","target":["https:\/\/lightweb.dev\/l\/svm-temp\/artiklar\/hogklassiga-viner-fran-mallorcas-aldsta-bodega\/"]}]},{"@type":"ImageObject","inLanguage":"sv-SE","@id":"https:\/\/lightweb.dev\/l\/svm-temp\/artiklar\/hogklassiga-viner-fran-mallorcas-aldsta-bodega\/#primaryimage","url":"https:\/\/lightweb.dev\/l\/svm-temp\/wp-content\/uploads\/2022\/04\/hgklassiga-viner-frn-mallorcas-ldsta-bodega.png","contentUrl":"https:\/\/lightweb.dev\/l\/svm-temp\/wp-content\/uploads\/2022\/04\/hgklassiga-viner-frn-mallorcas-ldsta-bodega.png","width":280,"height":210},{"@type":"BreadcrumbList","@id":"https:\/\/lightweb.dev\/l\/svm-temp\/artiklar\/hogklassiga-viner-fran-mallorcas-aldsta-bodega\/#breadcrumb","itemListElement":[{"@type":"ListItem","position":1,"name":"Hem","item":"https:\/\/lightweb.dev\/l\/svm-temp\/"},{"@type":"ListItem","position":2,"name":"H\u00f6gklassiga viner fr\u00e5n Mallorcas \u00e4ldsta bodega"}]},{"@type":"WebSite","@id":"https:\/\/lightweb.dev\/l\/svm-temp\/#website","url":"https:\/\/lightweb.dev\/l\/svm-temp\/","name":"Svenska Magasinet","description":"Dina Spanska nyheter p&aring; Svenska","publisher":{"@id":"https:\/\/lightweb.dev\/l\/svm-temp\/#organization"},"potentialAction":[{"@type":"SearchAction","target":{"@type":"EntryPoint","urlTemplate":"https:\/\/lightweb.dev\/l\/svm-temp\/?s={search_term_string}"},"query-input":{"@type":"PropertyValueSpecification","valueRequired":true,"valueName":"search_term_string"}}],"inLanguage":"sv-SE"},{"@type":"Organization","@id":"https:\/\/lightweb.dev\/l\/svm-temp\/#organization","name":"Melkerson y Nott SL","alternateName":"Svenska Magasinet","url":"https:\/\/lightweb.dev\/l\/svm-temp\/","logo":{"@type":"ImageObject","inLanguage":"sv-SE","@id":"https:\/\/lightweb.dev\/l\/svm-temp\/#\/schema\/logo\/image\/","url":"https:\/\/lightweb.dev\/l\/svm-temp\/wp-content\/uploads\/2025\/02\/SvM-logo-Xtra-Centrerad-SVART.png","contentUrl":"https:\/\/lightweb.dev\/l\/svm-temp\/wp-content\/uploads\/2025\/02\/SvM-logo-Xtra-Centrerad-SVART.png","width":300,"height":99,"caption":"Melkerson y Nott SL"},"image":{"@id":"https:\/\/lightweb.dev\/l\/svm-temp\/#\/schema\/logo\/image\/"},"sameAs":["https:\/\/www.facebook.com\/svenskamagasinet","https:\/\/x.com\/SvenskaMagasine"]},{"@type":"Person","@id":"https:\/\/lightweb.dev\/l\/svm-temp\/#\/schema\/person\/206a3bda5b607b0c25e1749191e4d837","name":"Redaktionen SvM","description":"Redaktionen","sameAs":["https:\/\/lightweb.dev\/l\/svm-temp"],"url":"https:\/\/lightweb.dev\/l\/svm-temp\/reporter\/redaktionen\/"}]}},"_links":{"self":[{"href":"https:\/\/lightweb.dev\/l\/svm-temp\/wp-json\/wp\/v2\/posts\/3652","targetHints":{"allow":["GET"]}}],"collection":[{"href":"https:\/\/lightweb.dev\/l\/svm-temp\/wp-json\/wp\/v2\/posts"}],"about":[{"href":"https:\/\/lightweb.dev\/l\/svm-temp\/wp-json\/wp\/v2\/types\/post"}],"author":[{"embeddable":true,"href":"https:\/\/lightweb.dev\/l\/svm-temp\/wp-json\/wp\/v2\/users\/8"}],"replies":[{"embeddable":true,"href":"https:\/\/lightweb.dev\/l\/svm-temp\/wp-json\/wp\/v2\/comments?post=3652"}],"version-history":[{"count":0,"href":"https:\/\/lightweb.dev\/l\/svm-temp\/wp-json\/wp\/v2\/posts\/3652\/revisions"}],"wp:featuredmedia":[{"embeddable":true,"href":"https:\/\/lightweb.dev\/l\/svm-temp\/wp-json\/wp\/v2\/media\/3653"}],"wp:attachment":[{"href":"https:\/\/lightweb.dev\/l\/svm-temp\/wp-json\/wp\/v2\/media?parent=3652"}],"wp:term":[{"taxonomy":"category","embeddable":true,"href":"https:\/\/lightweb.dev\/l\/svm-temp\/wp-json\/wp\/v2\/categories?post=3652"},{"taxonomy":"post_tag","embeddable":true,"href":"https:\/\/lightweb.dev\/l\/svm-temp\/wp-json\/wp\/v2\/tags?post=3652"}],"curies":[{"name":"wp","href":"https:\/\/api.w.org\/{rel}","templated":true}]}}