{"id":3676,"date":"2012-07-09T00:00:00","date_gmt":"2012-07-08T22:00:00","guid":{"rendered":"https:\/\/lightweb.dev\/l\/svm-temp\/solkustens-aldsta-nordiska-forening-asociacion-hispano-nordica\/"},"modified":"2012-07-09T00:00:00","modified_gmt":"2012-07-08T22:00:00","slug":"solkustens-aldsta-nordiska-forening-asociacion-hispano-nordica","status":"publish","type":"post","link":"https:\/\/lightweb.dev\/l\/svm-temp\/artiklar\/solkustens-aldsta-nordiska-forening-asociacion-hispano-nordica\/","title":{"rendered":"Solkustens \u00e4ldsta nordiska f\u00f6rening Asociaci\u00f3n Hispano Nordica"},"content":{"rendered":"<p> I b\u00f6rjan av 1960-talet bosatte sig alltfler personer fr\u00e5n Norden p\u00e5 Costa del Sol. I mitten av 1960-talet uppstod behovet av ett sammanh\u00e5llande organ, en f\u00f6rening f\u00f6r information och samverkan. Av Hertha Sj\u00f6\u00f6, ordf\u00f6rande<br \/>\nAsociaci\u00f3n Hispano Nordica, spansk-nordiska s\u00e4llskapet bildades, den 4 oktober 1968 av prins Carl Bernadotte, Einar Ekholm, Erik Feltstr\u00f6m och Henrik Falkman. AHNs f\u00f6rste ordf\u00f6rande var Feltstr\u00f6m.<br \/>\nAHN v\u00e4xte och frodades, f\u00f6reningen tog form och st\u00e4mningen var god. Det f\u00f6rsta kontoret var en liten tv\u00e5rumsl\u00e4genhet, den blev ganska snart f\u00f6r tr\u00e5ng. Det bildades lokalavdelningar runt om p\u00e5 kusten. Det f\u00f6rsta julflyget till Malm\u00f6 avgick den 23 december 1969 med 65 passagerare. Idag finns AHN p\u00e5 f\u00f6ljande orter; Almun\u00e9car, Fuengirola\/Mijas, Nerja, Nueva Andaluc\u00eda, Marbella och Torremolinos\/Ben\u00e1lmadena.<br \/>\nVid \u00e5rsm\u00f6tet 1970 m\u00f6tte 630 medlemmar upp! Information l\u00e4mnades om skatteregler, planering av olika resm\u00e5l samt om det nybildade biblioteket. Vid \u00e5rsm\u00f6tet 1977 avgick Erik Feltstr\u00f6m efter 9 \u00e5r som ordf\u00f6rande. Carl Holmgren \u00f6vertog ordf\u00f6randeposten. I \u00e5rsber\u00e4ttelsen redovisades en m\u00e5ngfald av aktiviteter, till exempel spr\u00e5kkurser, golf, boule, bridge, schack och promenader. Antalet medlemmar uppgick 1977 till 3 474.<br \/>\nDet egna medlemsbladet HN-Nytt, utgavs fr\u00e5n och med 1984. HN-Nytt gav en omv\u00e4xlande l\u00e4sning, information om olika aktiviteter och andra fr\u00e5gor av intresse, s\u00e5som resor, f\u00f6rs\u00e4kringar, skatter, kyrkan m m. Informationen blev en v\u00e4rdefull l\u00e4nk mellan medlemmar och lokalf\u00f6reningar.<br \/>\nMedlemsantalet har varierat under \u00e5ren, som h\u00f6gst har det uppgetts vara \u00f6ver 6 000.  AHNs organisation har under dessa \u00e5r f\u00f6r\u00e4ndrats i takt med det behov som uppst\u00e5tt hos medlemmarna. AHN \u00e4r den st\u00f6rsta nordiska organisationen utanf\u00f6r Norden, i dess styrelser har suttit m\u00e5nga personligheter med olika inriktning och kompetens. Starka viljor har funnits, meningsmots\u00e4ttningar har uppst\u00e5tt och kompromisser har tr\u00e4ffats. Men det genomg\u00e5ende temat har varit omsorgen om det b\u00e4sta f\u00f6r AHN och dess medlemmar.<br \/>\nAHN; Fuengirola\/Mijas \u00e4r en st\u00e4ndigt v\u00e4xande f\u00f6rening. P\u00e5 de senaste fem \u00e5ren har medlemsantalet n\u00e4ra nog tredubblats. Idag har vi drygt 800 betalande medlemmar. Hur kan det vara s\u00e5?<br \/>\nAllt flera nordbor s\u00f6ker sig till spanska solkusten och deras behov av service, social gemenskap och aktiv vistelse i Spanien har kunnat tillgodoses inom AHN:s verksamhet. AHN har en engagerad styrelse och h\u00e4ngivna aktivitetsansvariga, som kunnat m\u00f6ta den allt yngre medlemsk\u00e5rens behov.<br \/>\nTill h\u00f6sts\u00e4songen erbjuder vi ett intressant program med inslag av bl a. Golfen forts\u00e4tter med veckot\u00e4vlingar och AHN-Cupen. Nytt f\u00f6r h\u00f6sten \u00e4r spel p\u00e5 Mijas varje fredag.<br \/>\nSpanska p\u00e5 olika niv\u00e5er. Resor till Rio Tinto. Enkvists bodega C\u00e9zar i Sierras de M\u00e1laga. Chokladresa till Ruta. Bil\/motorcykelrally med Tage Skoog.<br \/>\nFester! Surstr\u00f6mmingsfest p\u00e5 Pite-vis. Funktion\u00e4rstr\u00e4ff med middag. Argentinsk afton. H\u00f6stfest \u2013 Sm\u00f6rg\u00e5rdsbord a la Glada Kocken. Bridge, klubbaftnar med varierande program, fotboll kommer att visas i casitan, diskussionsklubben tr\u00e4ffas varje torsdag, vinprovning med Tjalle. Next Generation forts\u00e4tter med nytt h\u00f6stprogram. Vi kommer att arrangera en mini-m\u00e4ssa f\u00f6r AHNs f\u00f6retagsn\u00e4t.<\/p>\n<p>Ni \u00e4r v\u00e4lkomna att anm\u00e4la er nu! Anm\u00e4lan kan g\u00f6ras till expeditionen  tel 952 474750 (tisdagar kl 12.00-14.00) eller via mail till info@ahn-fuengirola.net. <\/p>\n","protected":false},"excerpt":{"rendered":"<p>I b\u00f6rjan av 1960-talet bosatte sig alltfler personer fr\u00e5n Norden p\u00e5 Costa del Sol. I mitten av 1960-talet uppstod behovet av ett sammanh\u00e5llande organ, en f\u00f6rening f\u00f6r information och samverkan. Av Hertha Sj\u00f6\u00f6, ordf\u00f6rande Asociaci\u00f3n Hispano Nordica, spansk-nordiska s\u00e4llskapet bildades, den 4 oktober 1968 av prins Carl Bernadotte, Einar Ekholm, Erik Feltstr\u00f6m och Henrik Falkman. [&hellip;]<\/p>\n","protected":false},"author":8,"featured_media":3677,"comment_status":"open","ping_status":"open","sticky":false,"template":"","format":"standard","meta":{"_et_pb_use_builder":"","_et_pb_old_content":"","_et_gb_content_width":"","footnotes":""},"categories":[396,4],"tags":[],"class_list":["post-3676","post","type-post","status-publish","format-standard","has-post-thumbnail","hentry","category-arkiv-artiklar","category-artiklar"],"yoast_head":"<!-- This site is optimized with the Yoast SEO Premium plugin v26.2 (Yoast SEO v28.2) - https:\/\/yoast.com\/product\/yoast-seo-premium-wordpress\/ -->\n<title>Solkustens \u00e4ldsta nordiska f\u00f6rening Asociaci\u00f3n Hispano Nordica - Svenska Magasinet<\/title>\n<meta name=\"robots\" content=\"noindex, follow, max-snippet:-1, max-image-preview:large, max-video-preview:-1\" \/>\n<meta property=\"og:locale\" content=\"sv_SE\" \/>\n<meta property=\"og:type\" content=\"article\" \/>\n<meta property=\"og:title\" content=\"Solkustens \u00e4ldsta nordiska f\u00f6rening Asociaci\u00f3n Hispano Nordica\" \/>\n<meta property=\"og:description\" content=\"I b\u00f6rjan av 1960-talet bosatte sig alltfler personer fr\u00e5n Norden p\u00e5 Costa del Sol. I mitten av 1960-talet uppstod behovet av ett sammanh\u00e5llande organ, en f\u00f6rening f\u00f6r information och samverkan. Av Hertha Sj\u00f6\u00f6, ordf\u00f6rande Asociaci\u00f3n Hispano Nordica, spansk-nordiska s\u00e4llskapet bildades, den 4 oktober 1968 av prins Carl Bernadotte, Einar Ekholm, Erik Feltstr\u00f6m och Henrik Falkman. [&hellip;]\" \/>\n<meta property=\"og:url\" content=\"https:\/\/lightweb.dev\/l\/svm-temp\/artiklar\/solkustens-aldsta-nordiska-forening-asociacion-hispano-nordica\/\" \/>\n<meta property=\"og:site_name\" content=\"Svenska Magasinet\" \/>\n<meta property=\"article:publisher\" content=\"https:\/\/www.facebook.com\/svenskamagasinet\" \/>\n<meta property=\"article:published_time\" content=\"2012-07-08T22:00:00+00:00\" \/>\n<meta property=\"og:image\" content=\"https:\/\/lightweb.dev\/l\/svm-temp\/wp-content\/uploads\/2022\/04\/solkustens-ldsta-nordiska-frening-asociacin-hispano-nordica.png\" \/>\n\t<meta property=\"og:image:width\" content=\"280\" \/>\n\t<meta property=\"og:image:height\" content=\"363\" \/>\n\t<meta property=\"og:image:type\" content=\"image\/png\" \/>\n<meta name=\"author\" content=\"Redaktionen SvM\" \/>\n<meta name=\"twitter:card\" content=\"summary_large_image\" \/>\n<meta name=\"twitter:creator\" content=\"@SvenskaMagasine\" \/>\n<meta name=\"twitter:site\" content=\"@SvenskaMagasine\" \/>\n<script type=\"application\/ld+json\" class=\"yoast-schema-graph\">{\"@context\":\"https:\\\/\\\/schema.org\",\"@graph\":[{\"@type\":\"Article\",\"@id\":\"https:\\\/\\\/lightweb.dev\\\/l\\\/svm-temp\\\/artiklar\\\/solkustens-aldsta-nordiska-forening-asociacion-hispano-nordica\\\/#article\",\"isPartOf\":{\"@id\":\"https:\\\/\\\/lightweb.dev\\\/l\\\/svm-temp\\\/artiklar\\\/solkustens-aldsta-nordiska-forening-asociacion-hispano-nordica\\\/\"},\"author\":{\"name\":\"Redaktionen SvM\",\"@id\":\"https:\\\/\\\/lightweb.dev\\\/l\\\/svm-temp\\\/#\\\/schema\\\/person\\\/206a3bda5b607b0c25e1749191e4d837\"},\"headline\":\"Solkustens \u00e4ldsta nordiska f\u00f6rening Asociaci\u00f3n Hispano Nordica\",\"datePublished\":\"2012-07-08T22:00:00+00:00\",\"mainEntityOfPage\":{\"@id\":\"https:\\\/\\\/lightweb.dev\\\/l\\\/svm-temp\\\/artiklar\\\/solkustens-aldsta-nordiska-forening-asociacion-hispano-nordica\\\/\"},\"wordCount\":573,\"commentCount\":0,\"publisher\":{\"@id\":\"https:\\\/\\\/lightweb.dev\\\/l\\\/svm-temp\\\/#organization\"},\"image\":{\"@id\":\"https:\\\/\\\/lightweb.dev\\\/l\\\/svm-temp\\\/artiklar\\\/solkustens-aldsta-nordiska-forening-asociacion-hispano-nordica\\\/#primaryimage\"},\"thumbnailUrl\":\"https:\\\/\\\/lightweb.dev\\\/l\\\/svm-temp\\\/wp-content\\\/uploads\\\/2022\\\/04\\\/solkustens-ldsta-nordiska-frening-asociacin-hispano-nordica.png\",\"articleSection\":[\"Arkiv\",\"Artiklar\"],\"inLanguage\":\"sv-SE\"},{\"@type\":\"WebPage\",\"@id\":\"https:\\\/\\\/lightweb.dev\\\/l\\\/svm-temp\\\/artiklar\\\/solkustens-aldsta-nordiska-forening-asociacion-hispano-nordica\\\/\",\"url\":\"https:\\\/\\\/lightweb.dev\\\/l\\\/svm-temp\\\/artiklar\\\/solkustens-aldsta-nordiska-forening-asociacion-hispano-nordica\\\/\",\"name\":\"Solkustens \u00e4ldsta nordiska f\u00f6rening Asociaci\u00f3n Hispano Nordica - Svenska Magasinet\",\"isPartOf\":{\"@id\":\"https:\\\/\\\/lightweb.dev\\\/l\\\/svm-temp\\\/#website\"},\"primaryImageOfPage\":{\"@id\":\"https:\\\/\\\/lightweb.dev\\\/l\\\/svm-temp\\\/artiklar\\\/solkustens-aldsta-nordiska-forening-asociacion-hispano-nordica\\\/#primaryimage\"},\"image\":{\"@id\":\"https:\\\/\\\/lightweb.dev\\\/l\\\/svm-temp\\\/artiklar\\\/solkustens-aldsta-nordiska-forening-asociacion-hispano-nordica\\\/#primaryimage\"},\"thumbnailUrl\":\"https:\\\/\\\/lightweb.dev\\\/l\\\/svm-temp\\\/wp-content\\\/uploads\\\/2022\\\/04\\\/solkustens-ldsta-nordiska-frening-asociacin-hispano-nordica.png\",\"datePublished\":\"2012-07-08T22:00:00+00:00\",\"breadcrumb\":{\"@id\":\"https:\\\/\\\/lightweb.dev\\\/l\\\/svm-temp\\\/artiklar\\\/solkustens-aldsta-nordiska-forening-asociacion-hispano-nordica\\\/#breadcrumb\"},\"inLanguage\":\"sv-SE\",\"potentialAction\":[{\"@type\":\"ReadAction\",\"target\":[\"https:\\\/\\\/lightweb.dev\\\/l\\\/svm-temp\\\/artiklar\\\/solkustens-aldsta-nordiska-forening-asociacion-hispano-nordica\\\/\"]}]},{\"@type\":\"ImageObject\",\"inLanguage\":\"sv-SE\",\"@id\":\"https:\\\/\\\/lightweb.dev\\\/l\\\/svm-temp\\\/artiklar\\\/solkustens-aldsta-nordiska-forening-asociacion-hispano-nordica\\\/#primaryimage\",\"url\":\"https:\\\/\\\/lightweb.dev\\\/l\\\/svm-temp\\\/wp-content\\\/uploads\\\/2022\\\/04\\\/solkustens-ldsta-nordiska-frening-asociacin-hispano-nordica.png\",\"contentUrl\":\"https:\\\/\\\/lightweb.dev\\\/l\\\/svm-temp\\\/wp-content\\\/uploads\\\/2022\\\/04\\\/solkustens-ldsta-nordiska-frening-asociacin-hispano-nordica.png\",\"width\":280,\"height\":363},{\"@type\":\"BreadcrumbList\",\"@id\":\"https:\\\/\\\/lightweb.dev\\\/l\\\/svm-temp\\\/artiklar\\\/solkustens-aldsta-nordiska-forening-asociacion-hispano-nordica\\\/#breadcrumb\",\"itemListElement\":[{\"@type\":\"ListItem\",\"position\":1,\"name\":\"Hem\",\"item\":\"https:\\\/\\\/lightweb.dev\\\/l\\\/svm-temp\\\/\"},{\"@type\":\"ListItem\",\"position\":2,\"name\":\"Solkustens \u00e4ldsta nordiska f\u00f6rening Asociaci\u00f3n Hispano Nordica\"}]},{\"@type\":\"WebSite\",\"@id\":\"https:\\\/\\\/lightweb.dev\\\/l\\\/svm-temp\\\/#website\",\"url\":\"https:\\\/\\\/lightweb.dev\\\/l\\\/svm-temp\\\/\",\"name\":\"Svenska Magasinet\",\"description\":\"Dina Spanska nyheter p&aring; Svenska\",\"publisher\":{\"@id\":\"https:\\\/\\\/lightweb.dev\\\/l\\\/svm-temp\\\/#organization\"},\"potentialAction\":[{\"@type\":\"SearchAction\",\"target\":{\"@type\":\"EntryPoint\",\"urlTemplate\":\"https:\\\/\\\/lightweb.dev\\\/l\\\/svm-temp\\\/?s={search_term_string}\"},\"query-input\":{\"@type\":\"PropertyValueSpecification\",\"valueRequired\":true,\"valueName\":\"search_term_string\"}}],\"inLanguage\":\"sv-SE\"},{\"@type\":\"Organization\",\"@id\":\"https:\\\/\\\/lightweb.dev\\\/l\\\/svm-temp\\\/#organization\",\"name\":\"Melkerson y Nott SL\",\"alternateName\":\"Svenska Magasinet\",\"url\":\"https:\\\/\\\/lightweb.dev\\\/l\\\/svm-temp\\\/\",\"logo\":{\"@type\":\"ImageObject\",\"inLanguage\":\"sv-SE\",\"@id\":\"https:\\\/\\\/lightweb.dev\\\/l\\\/svm-temp\\\/#\\\/schema\\\/logo\\\/image\\\/\",\"url\":\"https:\\\/\\\/lightweb.dev\\\/l\\\/svm-temp\\\/wp-content\\\/uploads\\\/2025\\\/02\\\/SvM-logo-Xtra-Centrerad-SVART.png\",\"contentUrl\":\"https:\\\/\\\/lightweb.dev\\\/l\\\/svm-temp\\\/wp-content\\\/uploads\\\/2025\\\/02\\\/SvM-logo-Xtra-Centrerad-SVART.png\",\"width\":300,\"height\":99,\"caption\":\"Melkerson y Nott SL\"},\"image\":{\"@id\":\"https:\\\/\\\/lightweb.dev\\\/l\\\/svm-temp\\\/#\\\/schema\\\/logo\\\/image\\\/\"},\"sameAs\":[\"https:\\\/\\\/www.facebook.com\\\/svenskamagasinet\",\"https:\\\/\\\/x.com\\\/SvenskaMagasine\"]},{\"@type\":\"Person\",\"@id\":\"https:\\\/\\\/lightweb.dev\\\/l\\\/svm-temp\\\/#\\\/schema\\\/person\\\/206a3bda5b607b0c25e1749191e4d837\",\"name\":\"Redaktionen SvM\",\"description\":\"Redaktionen\",\"sameAs\":[\"https:\\\/\\\/lightweb.dev\\\/l\\\/svm-temp\"],\"url\":\"https:\\\/\\\/lightweb.dev\\\/l\\\/svm-temp\\\/reporter\\\/redaktionen\\\/\"}]}<\/script>\n<!-- \/ Yoast SEO Premium plugin. -->","yoast_head_json":{"title":"Solkustens \u00e4ldsta nordiska f\u00f6rening Asociaci\u00f3n Hispano Nordica - Svenska Magasinet","robots":{"index":"noindex","follow":"follow","max-snippet":"max-snippet:-1","max-image-preview":"max-image-preview:large","max-video-preview":"max-video-preview:-1"},"og_locale":"sv_SE","og_type":"article","og_title":"Solkustens \u00e4ldsta nordiska f\u00f6rening Asociaci\u00f3n Hispano Nordica","og_description":"I b\u00f6rjan av 1960-talet bosatte sig alltfler personer fr\u00e5n Norden p\u00e5 Costa del Sol. I mitten av 1960-talet uppstod behovet av ett sammanh\u00e5llande organ, en f\u00f6rening f\u00f6r information och samverkan. Av Hertha Sj\u00f6\u00f6, ordf\u00f6rande Asociaci\u00f3n Hispano Nordica, spansk-nordiska s\u00e4llskapet bildades, den 4 oktober 1968 av prins Carl Bernadotte, Einar Ekholm, Erik Feltstr\u00f6m och Henrik Falkman. [&hellip;]","og_url":"https:\/\/lightweb.dev\/l\/svm-temp\/artiklar\/solkustens-aldsta-nordiska-forening-asociacion-hispano-nordica\/","og_site_name":"Svenska Magasinet","article_publisher":"https:\/\/www.facebook.com\/svenskamagasinet","article_published_time":"2012-07-08T22:00:00+00:00","og_image":[{"width":280,"height":363,"url":"https:\/\/lightweb.dev\/l\/svm-temp\/wp-content\/uploads\/2022\/04\/solkustens-ldsta-nordiska-frening-asociacin-hispano-nordica.png","type":"image\/png"}],"author":"Redaktionen SvM","twitter_card":"summary_large_image","twitter_creator":"@SvenskaMagasine","twitter_site":"@SvenskaMagasine","schema":{"@context":"https:\/\/schema.org","@graph":[{"@type":"Article","@id":"https:\/\/lightweb.dev\/l\/svm-temp\/artiklar\/solkustens-aldsta-nordiska-forening-asociacion-hispano-nordica\/#article","isPartOf":{"@id":"https:\/\/lightweb.dev\/l\/svm-temp\/artiklar\/solkustens-aldsta-nordiska-forening-asociacion-hispano-nordica\/"},"author":{"name":"Redaktionen SvM","@id":"https:\/\/lightweb.dev\/l\/svm-temp\/#\/schema\/person\/206a3bda5b607b0c25e1749191e4d837"},"headline":"Solkustens \u00e4ldsta nordiska f\u00f6rening Asociaci\u00f3n Hispano Nordica","datePublished":"2012-07-08T22:00:00+00:00","mainEntityOfPage":{"@id":"https:\/\/lightweb.dev\/l\/svm-temp\/artiklar\/solkustens-aldsta-nordiska-forening-asociacion-hispano-nordica\/"},"wordCount":573,"commentCount":0,"publisher":{"@id":"https:\/\/lightweb.dev\/l\/svm-temp\/#organization"},"image":{"@id":"https:\/\/lightweb.dev\/l\/svm-temp\/artiklar\/solkustens-aldsta-nordiska-forening-asociacion-hispano-nordica\/#primaryimage"},"thumbnailUrl":"https:\/\/lightweb.dev\/l\/svm-temp\/wp-content\/uploads\/2022\/04\/solkustens-ldsta-nordiska-frening-asociacin-hispano-nordica.png","articleSection":["Arkiv","Artiklar"],"inLanguage":"sv-SE"},{"@type":"WebPage","@id":"https:\/\/lightweb.dev\/l\/svm-temp\/artiklar\/solkustens-aldsta-nordiska-forening-asociacion-hispano-nordica\/","url":"https:\/\/lightweb.dev\/l\/svm-temp\/artiklar\/solkustens-aldsta-nordiska-forening-asociacion-hispano-nordica\/","name":"Solkustens \u00e4ldsta nordiska f\u00f6rening Asociaci\u00f3n Hispano Nordica - Svenska Magasinet","isPartOf":{"@id":"https:\/\/lightweb.dev\/l\/svm-temp\/#website"},"primaryImageOfPage":{"@id":"https:\/\/lightweb.dev\/l\/svm-temp\/artiklar\/solkustens-aldsta-nordiska-forening-asociacion-hispano-nordica\/#primaryimage"},"image":{"@id":"https:\/\/lightweb.dev\/l\/svm-temp\/artiklar\/solkustens-aldsta-nordiska-forening-asociacion-hispano-nordica\/#primaryimage"},"thumbnailUrl":"https:\/\/lightweb.dev\/l\/svm-temp\/wp-content\/uploads\/2022\/04\/solkustens-ldsta-nordiska-frening-asociacin-hispano-nordica.png","datePublished":"2012-07-08T22:00:00+00:00","breadcrumb":{"@id":"https:\/\/lightweb.dev\/l\/svm-temp\/artiklar\/solkustens-aldsta-nordiska-forening-asociacion-hispano-nordica\/#breadcrumb"},"inLanguage":"sv-SE","potentialAction":[{"@type":"ReadAction","target":["https:\/\/lightweb.dev\/l\/svm-temp\/artiklar\/solkustens-aldsta-nordiska-forening-asociacion-hispano-nordica\/"]}]},{"@type":"ImageObject","inLanguage":"sv-SE","@id":"https:\/\/lightweb.dev\/l\/svm-temp\/artiklar\/solkustens-aldsta-nordiska-forening-asociacion-hispano-nordica\/#primaryimage","url":"https:\/\/lightweb.dev\/l\/svm-temp\/wp-content\/uploads\/2022\/04\/solkustens-ldsta-nordiska-frening-asociacin-hispano-nordica.png","contentUrl":"https:\/\/lightweb.dev\/l\/svm-temp\/wp-content\/uploads\/2022\/04\/solkustens-ldsta-nordiska-frening-asociacin-hispano-nordica.png","width":280,"height":363},{"@type":"BreadcrumbList","@id":"https:\/\/lightweb.dev\/l\/svm-temp\/artiklar\/solkustens-aldsta-nordiska-forening-asociacion-hispano-nordica\/#breadcrumb","itemListElement":[{"@type":"ListItem","position":1,"name":"Hem","item":"https:\/\/lightweb.dev\/l\/svm-temp\/"},{"@type":"ListItem","position":2,"name":"Solkustens \u00e4ldsta nordiska f\u00f6rening Asociaci\u00f3n Hispano Nordica"}]},{"@type":"WebSite","@id":"https:\/\/lightweb.dev\/l\/svm-temp\/#website","url":"https:\/\/lightweb.dev\/l\/svm-temp\/","name":"Svenska Magasinet","description":"Dina Spanska nyheter p&aring; Svenska","publisher":{"@id":"https:\/\/lightweb.dev\/l\/svm-temp\/#organization"},"potentialAction":[{"@type":"SearchAction","target":{"@type":"EntryPoint","urlTemplate":"https:\/\/lightweb.dev\/l\/svm-temp\/?s={search_term_string}"},"query-input":{"@type":"PropertyValueSpecification","valueRequired":true,"valueName":"search_term_string"}}],"inLanguage":"sv-SE"},{"@type":"Organization","@id":"https:\/\/lightweb.dev\/l\/svm-temp\/#organization","name":"Melkerson y Nott SL","alternateName":"Svenska Magasinet","url":"https:\/\/lightweb.dev\/l\/svm-temp\/","logo":{"@type":"ImageObject","inLanguage":"sv-SE","@id":"https:\/\/lightweb.dev\/l\/svm-temp\/#\/schema\/logo\/image\/","url":"https:\/\/lightweb.dev\/l\/svm-temp\/wp-content\/uploads\/2025\/02\/SvM-logo-Xtra-Centrerad-SVART.png","contentUrl":"https:\/\/lightweb.dev\/l\/svm-temp\/wp-content\/uploads\/2025\/02\/SvM-logo-Xtra-Centrerad-SVART.png","width":300,"height":99,"caption":"Melkerson y Nott SL"},"image":{"@id":"https:\/\/lightweb.dev\/l\/svm-temp\/#\/schema\/logo\/image\/"},"sameAs":["https:\/\/www.facebook.com\/svenskamagasinet","https:\/\/x.com\/SvenskaMagasine"]},{"@type":"Person","@id":"https:\/\/lightweb.dev\/l\/svm-temp\/#\/schema\/person\/206a3bda5b607b0c25e1749191e4d837","name":"Redaktionen SvM","description":"Redaktionen","sameAs":["https:\/\/lightweb.dev\/l\/svm-temp"],"url":"https:\/\/lightweb.dev\/l\/svm-temp\/reporter\/redaktionen\/"}]}},"_links":{"self":[{"href":"https:\/\/lightweb.dev\/l\/svm-temp\/wp-json\/wp\/v2\/posts\/3676","targetHints":{"allow":["GET"]}}],"collection":[{"href":"https:\/\/lightweb.dev\/l\/svm-temp\/wp-json\/wp\/v2\/posts"}],"about":[{"href":"https:\/\/lightweb.dev\/l\/svm-temp\/wp-json\/wp\/v2\/types\/post"}],"author":[{"embeddable":true,"href":"https:\/\/lightweb.dev\/l\/svm-temp\/wp-json\/wp\/v2\/users\/8"}],"replies":[{"embeddable":true,"href":"https:\/\/lightweb.dev\/l\/svm-temp\/wp-json\/wp\/v2\/comments?post=3676"}],"version-history":[{"count":0,"href":"https:\/\/lightweb.dev\/l\/svm-temp\/wp-json\/wp\/v2\/posts\/3676\/revisions"}],"wp:featuredmedia":[{"embeddable":true,"href":"https:\/\/lightweb.dev\/l\/svm-temp\/wp-json\/wp\/v2\/media\/3677"}],"wp:attachment":[{"href":"https:\/\/lightweb.dev\/l\/svm-temp\/wp-json\/wp\/v2\/media?parent=3676"}],"wp:term":[{"taxonomy":"category","embeddable":true,"href":"https:\/\/lightweb.dev\/l\/svm-temp\/wp-json\/wp\/v2\/categories?post=3676"},{"taxonomy":"post_tag","embeddable":true,"href":"https:\/\/lightweb.dev\/l\/svm-temp\/wp-json\/wp\/v2\/tags?post=3676"}],"curies":[{"name":"wp","href":"https:\/\/api.w.org\/{rel}","templated":true}]}}