{"id":3680,"date":"2012-07-06T00:00:00","date_gmt":"2012-07-05T22:00:00","guid":{"rendered":"https:\/\/lightweb.dev\/l\/svm-temp\/turen-gar-till-gibraltar\/"},"modified":"2012-07-06T00:00:00","modified_gmt":"2012-07-05T22:00:00","slug":"turen-gar-till-gibraltar","status":"publish","type":"post","link":"https:\/\/lightweb.dev\/l\/svm-temp\/artiklar\/turen-gar-till-gibraltar\/","title":{"rendered":"Turen g\u00e5r till Gibraltar"},"content":{"rendered":"<p> M\u00e5nga svenskar och skandinaver som semestrar p\u00e5 Costa del Sol g\u00f6r dagsutflykter till Gibraltar. Av Madeleine \u00d6berg<br \/>\nDet \u00e4r p\u00e5 m\u00e5nga vis ett sp\u00e4nnande st\u00e4lle, en historisk metafor med spektakul\u00e4rt l\u00e4ge vid inloppet till Medelhavet och p\u00e5 s\u00e4tt och vis Europas sista utpost.<br \/>\nDet h\u00e4r \u00e4r mitt Gibraltar, n\u00e5gra r\u00e5d och lite tips f\u00f6r en dagsutflykt till \u201clilla\u201d England.<\/p>\n<p>Jag tar bilen in f\u00f6r att kunna k\u00f6ra runt klippan. Den l\u00e5nga k\u00f6n till gr\u00e4nsen tar tid men \u00e4r v\u00e4l v\u00e4rt besv\u00e4ret. F\u00f6r dagen var det full fart p\u00e5 landningsbanan med jaktplan som stack iv\u00e4g i par med dunder och brak. D\u00e4r fanns ocks\u00e5 ett st\u00f6rre milit\u00e4rplan som sl\u00e4ppte ut fallsk\u00e4rmshoppare inte l\u00e5ngt ifr\u00e5n klippan. I bilk\u00f6n beundrade vi den enorma kryssaren \u201cIndependence of the Seas\u201d som tillbringade det mesta av dagen i Gibraltar.<\/p>\n<p>V\u00e4l \u00f6ver gr\u00e4nsen och landningsbanan, k\u00f6r jag till v\u00e4nster i f\u00f6rsta rondellen och f\u00f6ljer v\u00e4gen p\u00e5 \u00f6stra sidan, f\u00f6rbi Catalan Bay, genom Dudley Ward tunneln och vidare ner till Europa Point. F\u00f6rutom fyrhuset, byggt runt 1840, ligger h\u00e4r ocks\u00e5 en mosk\u00e9 sk\u00e4nkt av Saudi Arabiens kung 1997.<\/p>\n<p>Ni som v\u00e4ljer att \u00e5ka hemifr\u00e5n tidigt p\u00e5 morgonen, tag med en picknick korg. H\u00e4r finns bord och b\u00e4nkar, toaletter och en fin lekpark f\u00f6r barnen. Gl\u00f6m inte att h\u00e4mta en karta p\u00e5 turistinformationen. Tag med en kikare om ni har, f\u00f6r i sundet ser man m\u00e5nga b\u00e5tar med Afrika i bakgrunden.<\/p>\n<p>Jag k\u00f6r vidare in mot centrum och parkerar vid kabinbanan d\u00e4r parkering \u00e4r gratis. De som vill och t\u00f6rs tar kabinbanan till toppen, en spektakul\u00e4r \u00e5ktur d\u00e4r ni tr\u00e4ffar de ber\u00f6mda aporna som lever vilt uppe p\u00e5 klippan.<\/p>\n<p>Ni som \u00e4r riktigt hurtiga kan v\u00e4lja att g\u00e5 till fots ner igen, en intressant promenad. F\u00f6r de som stannar p\u00e5 marken kan jag rekommendera Gibraltars botaniska tr\u00e4dg\u00e5rd med 1.900 olika v\u00e4xtarter. Tr\u00e4dg\u00e5rdarna ligger i anslutning till parkeringen och kostar gratis!!! L\u00e4gg ocks\u00e5 m\u00e4rke till brandstationen intill parkeringen, byggd 1924, vilken arkitektur!<\/p>\n<p>Jag vandrar d\u00e4refter ner mot Main Street, huvudgatan. Det b\u00e4sta s\u00e4ttet att snabbt ta del av Gibraltars historia \u00e4r att bes\u00f6ka Gibraltar museum, ligger intill Hotel Bristol p\u00e5 Bomb House Lane. Det kostar ett par euro att g\u00e5 in och man ser f\u00f6rst en 15 min l\u00e5ng film fr\u00e5n urtid till nutid, mycket l\u00e4rorikt. Museet \u00e4r f\u00f6rv\u00e5nansv\u00e4rt v\u00e4lfyllt med historiska f\u00f6rem\u00e5l som till exempel en skalle fr\u00e5n en Neandertalare och en urgammal mumie.<\/p>\n<p>Vidare l\u00e4ngs Main Street finns ett otroligt utbud av butiker. Klockor, juveler, glas\u00f6gon, porslin och parfym, det tar aldrig slut. Och visst kan man g\u00f6ra fynd, bara du vet vad du vill ha och kan priserna. Passa p\u00e5 att \u00e4ta en riktig pub lunch, g\u00e4rna p\u00e5 n\u00e5gon tv\u00e4rgata fr\u00e5n Main Street. Eller g\u00e5 fram till Casemates Square. H\u00e4r finns flera restauranger som serverar utm\u00e4rkt \u201cfish and chips\u201d, den engelska klassikern.<\/p>\n<p>Jag bes\u00f6ker sedan sportb\u00e5tshamnarna Marina Bay och Ocean Village. H\u00e4rifr\u00e5n g\u00e5r b\u00e5tturer ut i Algeciras bukten f\u00f6r att se delfiner, en annan h\u00e4rlig upplevelse jag kan rekommendera. Men det f\u00e5r bli en annan dag, f\u00f6r min del. Nu \u00e4r det dags att h\u00e4mta bilen och g\u00f6ra ett sista stopp innan resan g\u00e5r hem\u00e5t. Jag promenerar Queensway tillbaka till parkeringen. Jag g\u00e5r in i Queensway Quay Marina, kan inte l\u00e5ta bli att beundra alla fina b\u00e5tar i denna lite mer exklusiva hamn.<\/p>\n<p>Mitt sista stopp \u00e4r Morrisons Superstore. Innan jag g\u00e5r in i butiken, g\u00e5r jag ner till vattnet bakom Morrison. H\u00e4r finns en nyanlagd park och en lekpark f\u00f6r barn med utsikt \u00f6ver kryssningsterminalen, d\u00e4r just idag den enorma Independence of the Sea har lagt till. V\u00e4l inne i butiken inspireras jag av de annorlunda produkter som finns i en engelsk mataff\u00e4r bland annat indiska och orientaliska kryddor och s\u00e5ser, stora ostar och gott br\u00f6d. Med en mindre p\u00e5se matvaror k\u00f6r jag n\u00f6jd mot gr\u00e4nsen och k\u00e4nner samtidigt att det finns s\u00e5 o\u00e4ndligt mycket mer att se i Gibraltar.<\/p>\n<p>I\u00b4ll be back!<\/p>\n<p>www.visitgibraltar.gi       www.discovergibraltar.com          www.gibraltargardens.gi <\/p>\n","protected":false},"excerpt":{"rendered":"<p>M\u00e5nga svenskar och skandinaver som semestrar p\u00e5 Costa del Sol g\u00f6r dagsutflykter till Gibraltar. Av Madeleine \u00d6berg Det \u00e4r p\u00e5 m\u00e5nga vis ett sp\u00e4nnande st\u00e4lle, en historisk metafor med spektakul\u00e4rt l\u00e4ge vid inloppet till Medelhavet och p\u00e5 s\u00e4tt och vis Europas sista utpost. Det h\u00e4r \u00e4r mitt Gibraltar, n\u00e5gra r\u00e5d och lite tips f\u00f6r en [&hellip;]<\/p>\n","protected":false},"author":8,"featured_media":3681,"comment_status":"open","ping_status":"open","sticky":false,"template":"","format":"standard","meta":{"_et_pb_use_builder":"","_et_pb_old_content":"","_et_gb_content_width":"","footnotes":""},"categories":[396,4],"tags":[],"class_list":["post-3680","post","type-post","status-publish","format-standard","has-post-thumbnail","hentry","category-arkiv-artiklar","category-artiklar"],"yoast_head":"<!-- This site is optimized with the Yoast SEO Premium plugin v26.2 (Yoast SEO v28.2) - https:\/\/yoast.com\/product\/yoast-seo-premium-wordpress\/ -->\n<title>Turen g\u00e5r till Gibraltar - Svenska Magasinet<\/title>\n<meta name=\"robots\" content=\"noindex, follow, max-snippet:-1, max-image-preview:large, max-video-preview:-1\" \/>\n<meta property=\"og:locale\" content=\"sv_SE\" \/>\n<meta property=\"og:type\" content=\"article\" \/>\n<meta property=\"og:title\" content=\"Turen g\u00e5r till Gibraltar\" \/>\n<meta property=\"og:description\" content=\"M\u00e5nga svenskar och skandinaver som semestrar p\u00e5 Costa del Sol g\u00f6r dagsutflykter till Gibraltar. Av Madeleine \u00d6berg Det \u00e4r p\u00e5 m\u00e5nga vis ett sp\u00e4nnande st\u00e4lle, en historisk metafor med spektakul\u00e4rt l\u00e4ge vid inloppet till Medelhavet och p\u00e5 s\u00e4tt och vis Europas sista utpost. Det h\u00e4r \u00e4r mitt Gibraltar, n\u00e5gra r\u00e5d och lite tips f\u00f6r en [&hellip;]\" \/>\n<meta property=\"og:url\" content=\"https:\/\/lightweb.dev\/l\/svm-temp\/artiklar\/turen-gar-till-gibraltar\/\" \/>\n<meta property=\"og:site_name\" content=\"Svenska Magasinet\" \/>\n<meta property=\"article:publisher\" content=\"https:\/\/www.facebook.com\/svenskamagasinet\" \/>\n<meta property=\"article:published_time\" content=\"2012-07-05T22:00:00+00:00\" \/>\n<meta property=\"og:image\" content=\"https:\/\/lightweb.dev\/l\/svm-temp\/wp-content\/uploads\/2022\/04\/turen-gr-till-gibraltar.png\" \/>\n\t<meta property=\"og:image:width\" content=\"299\" \/>\n\t<meta property=\"og:image:height\" content=\"200\" \/>\n\t<meta property=\"og:image:type\" content=\"image\/png\" \/>\n<meta name=\"author\" content=\"Redaktionen SvM\" \/>\n<meta name=\"twitter:card\" content=\"summary_large_image\" \/>\n<meta name=\"twitter:creator\" content=\"@SvenskaMagasine\" \/>\n<meta name=\"twitter:site\" content=\"@SvenskaMagasine\" \/>\n<script type=\"application\/ld+json\" class=\"yoast-schema-graph\">{\"@context\":\"https:\\\/\\\/schema.org\",\"@graph\":[{\"@type\":\"Article\",\"@id\":\"https:\\\/\\\/lightweb.dev\\\/l\\\/svm-temp\\\/artiklar\\\/turen-gar-till-gibraltar\\\/#article\",\"isPartOf\":{\"@id\":\"https:\\\/\\\/lightweb.dev\\\/l\\\/svm-temp\\\/artiklar\\\/turen-gar-till-gibraltar\\\/\"},\"author\":{\"name\":\"Redaktionen SvM\",\"@id\":\"https:\\\/\\\/lightweb.dev\\\/l\\\/svm-temp\\\/#\\\/schema\\\/person\\\/206a3bda5b607b0c25e1749191e4d837\"},\"headline\":\"Turen g\u00e5r till Gibraltar\",\"datePublished\":\"2012-07-05T22:00:00+00:00\",\"mainEntityOfPage\":{\"@id\":\"https:\\\/\\\/lightweb.dev\\\/l\\\/svm-temp\\\/artiklar\\\/turen-gar-till-gibraltar\\\/\"},\"wordCount\":780,\"commentCount\":0,\"publisher\":{\"@id\":\"https:\\\/\\\/lightweb.dev\\\/l\\\/svm-temp\\\/#organization\"},\"image\":{\"@id\":\"https:\\\/\\\/lightweb.dev\\\/l\\\/svm-temp\\\/artiklar\\\/turen-gar-till-gibraltar\\\/#primaryimage\"},\"thumbnailUrl\":\"https:\\\/\\\/lightweb.dev\\\/l\\\/svm-temp\\\/wp-content\\\/uploads\\\/2022\\\/04\\\/turen-gr-till-gibraltar.png\",\"articleSection\":[\"Arkiv\",\"Artiklar\"],\"inLanguage\":\"sv-SE\"},{\"@type\":\"WebPage\",\"@id\":\"https:\\\/\\\/lightweb.dev\\\/l\\\/svm-temp\\\/artiklar\\\/turen-gar-till-gibraltar\\\/\",\"url\":\"https:\\\/\\\/lightweb.dev\\\/l\\\/svm-temp\\\/artiklar\\\/turen-gar-till-gibraltar\\\/\",\"name\":\"Turen g\u00e5r till Gibraltar - Svenska Magasinet\",\"isPartOf\":{\"@id\":\"https:\\\/\\\/lightweb.dev\\\/l\\\/svm-temp\\\/#website\"},\"primaryImageOfPage\":{\"@id\":\"https:\\\/\\\/lightweb.dev\\\/l\\\/svm-temp\\\/artiklar\\\/turen-gar-till-gibraltar\\\/#primaryimage\"},\"image\":{\"@id\":\"https:\\\/\\\/lightweb.dev\\\/l\\\/svm-temp\\\/artiklar\\\/turen-gar-till-gibraltar\\\/#primaryimage\"},\"thumbnailUrl\":\"https:\\\/\\\/lightweb.dev\\\/l\\\/svm-temp\\\/wp-content\\\/uploads\\\/2022\\\/04\\\/turen-gr-till-gibraltar.png\",\"datePublished\":\"2012-07-05T22:00:00+00:00\",\"breadcrumb\":{\"@id\":\"https:\\\/\\\/lightweb.dev\\\/l\\\/svm-temp\\\/artiklar\\\/turen-gar-till-gibraltar\\\/#breadcrumb\"},\"inLanguage\":\"sv-SE\",\"potentialAction\":[{\"@type\":\"ReadAction\",\"target\":[\"https:\\\/\\\/lightweb.dev\\\/l\\\/svm-temp\\\/artiklar\\\/turen-gar-till-gibraltar\\\/\"]}]},{\"@type\":\"ImageObject\",\"inLanguage\":\"sv-SE\",\"@id\":\"https:\\\/\\\/lightweb.dev\\\/l\\\/svm-temp\\\/artiklar\\\/turen-gar-till-gibraltar\\\/#primaryimage\",\"url\":\"https:\\\/\\\/lightweb.dev\\\/l\\\/svm-temp\\\/wp-content\\\/uploads\\\/2022\\\/04\\\/turen-gr-till-gibraltar.png\",\"contentUrl\":\"https:\\\/\\\/lightweb.dev\\\/l\\\/svm-temp\\\/wp-content\\\/uploads\\\/2022\\\/04\\\/turen-gr-till-gibraltar.png\",\"width\":299,\"height\":200},{\"@type\":\"BreadcrumbList\",\"@id\":\"https:\\\/\\\/lightweb.dev\\\/l\\\/svm-temp\\\/artiklar\\\/turen-gar-till-gibraltar\\\/#breadcrumb\",\"itemListElement\":[{\"@type\":\"ListItem\",\"position\":1,\"name\":\"Hem\",\"item\":\"https:\\\/\\\/lightweb.dev\\\/l\\\/svm-temp\\\/\"},{\"@type\":\"ListItem\",\"position\":2,\"name\":\"Turen g\u00e5r till Gibraltar\"}]},{\"@type\":\"WebSite\",\"@id\":\"https:\\\/\\\/lightweb.dev\\\/l\\\/svm-temp\\\/#website\",\"url\":\"https:\\\/\\\/lightweb.dev\\\/l\\\/svm-temp\\\/\",\"name\":\"Svenska Magasinet\",\"description\":\"Dina Spanska nyheter p&aring; Svenska\",\"publisher\":{\"@id\":\"https:\\\/\\\/lightweb.dev\\\/l\\\/svm-temp\\\/#organization\"},\"potentialAction\":[{\"@type\":\"SearchAction\",\"target\":{\"@type\":\"EntryPoint\",\"urlTemplate\":\"https:\\\/\\\/lightweb.dev\\\/l\\\/svm-temp\\\/?s={search_term_string}\"},\"query-input\":{\"@type\":\"PropertyValueSpecification\",\"valueRequired\":true,\"valueName\":\"search_term_string\"}}],\"inLanguage\":\"sv-SE\"},{\"@type\":\"Organization\",\"@id\":\"https:\\\/\\\/lightweb.dev\\\/l\\\/svm-temp\\\/#organization\",\"name\":\"Melkerson y Nott SL\",\"alternateName\":\"Svenska Magasinet\",\"url\":\"https:\\\/\\\/lightweb.dev\\\/l\\\/svm-temp\\\/\",\"logo\":{\"@type\":\"ImageObject\",\"inLanguage\":\"sv-SE\",\"@id\":\"https:\\\/\\\/lightweb.dev\\\/l\\\/svm-temp\\\/#\\\/schema\\\/logo\\\/image\\\/\",\"url\":\"https:\\\/\\\/lightweb.dev\\\/l\\\/svm-temp\\\/wp-content\\\/uploads\\\/2025\\\/02\\\/SvM-logo-Xtra-Centrerad-SVART.png\",\"contentUrl\":\"https:\\\/\\\/lightweb.dev\\\/l\\\/svm-temp\\\/wp-content\\\/uploads\\\/2025\\\/02\\\/SvM-logo-Xtra-Centrerad-SVART.png\",\"width\":300,\"height\":99,\"caption\":\"Melkerson y Nott SL\"},\"image\":{\"@id\":\"https:\\\/\\\/lightweb.dev\\\/l\\\/svm-temp\\\/#\\\/schema\\\/logo\\\/image\\\/\"},\"sameAs\":[\"https:\\\/\\\/www.facebook.com\\\/svenskamagasinet\",\"https:\\\/\\\/x.com\\\/SvenskaMagasine\"]},{\"@type\":\"Person\",\"@id\":\"https:\\\/\\\/lightweb.dev\\\/l\\\/svm-temp\\\/#\\\/schema\\\/person\\\/206a3bda5b607b0c25e1749191e4d837\",\"name\":\"Redaktionen SvM\",\"description\":\"Redaktionen\",\"sameAs\":[\"https:\\\/\\\/lightweb.dev\\\/l\\\/svm-temp\"],\"url\":\"https:\\\/\\\/lightweb.dev\\\/l\\\/svm-temp\\\/reporter\\\/redaktionen\\\/\"}]}<\/script>\n<!-- \/ Yoast SEO Premium plugin. -->","yoast_head_json":{"title":"Turen g\u00e5r till Gibraltar - Svenska Magasinet","robots":{"index":"noindex","follow":"follow","max-snippet":"max-snippet:-1","max-image-preview":"max-image-preview:large","max-video-preview":"max-video-preview:-1"},"og_locale":"sv_SE","og_type":"article","og_title":"Turen g\u00e5r till Gibraltar","og_description":"M\u00e5nga svenskar och skandinaver som semestrar p\u00e5 Costa del Sol g\u00f6r dagsutflykter till Gibraltar. Av Madeleine \u00d6berg Det \u00e4r p\u00e5 m\u00e5nga vis ett sp\u00e4nnande st\u00e4lle, en historisk metafor med spektakul\u00e4rt l\u00e4ge vid inloppet till Medelhavet och p\u00e5 s\u00e4tt och vis Europas sista utpost. Det h\u00e4r \u00e4r mitt Gibraltar, n\u00e5gra r\u00e5d och lite tips f\u00f6r en [&hellip;]","og_url":"https:\/\/lightweb.dev\/l\/svm-temp\/artiklar\/turen-gar-till-gibraltar\/","og_site_name":"Svenska Magasinet","article_publisher":"https:\/\/www.facebook.com\/svenskamagasinet","article_published_time":"2012-07-05T22:00:00+00:00","og_image":[{"width":299,"height":200,"url":"https:\/\/lightweb.dev\/l\/svm-temp\/wp-content\/uploads\/2022\/04\/turen-gr-till-gibraltar.png","type":"image\/png"}],"author":"Redaktionen SvM","twitter_card":"summary_large_image","twitter_creator":"@SvenskaMagasine","twitter_site":"@SvenskaMagasine","schema":{"@context":"https:\/\/schema.org","@graph":[{"@type":"Article","@id":"https:\/\/lightweb.dev\/l\/svm-temp\/artiklar\/turen-gar-till-gibraltar\/#article","isPartOf":{"@id":"https:\/\/lightweb.dev\/l\/svm-temp\/artiklar\/turen-gar-till-gibraltar\/"},"author":{"name":"Redaktionen SvM","@id":"https:\/\/lightweb.dev\/l\/svm-temp\/#\/schema\/person\/206a3bda5b607b0c25e1749191e4d837"},"headline":"Turen g\u00e5r till Gibraltar","datePublished":"2012-07-05T22:00:00+00:00","mainEntityOfPage":{"@id":"https:\/\/lightweb.dev\/l\/svm-temp\/artiklar\/turen-gar-till-gibraltar\/"},"wordCount":780,"commentCount":0,"publisher":{"@id":"https:\/\/lightweb.dev\/l\/svm-temp\/#organization"},"image":{"@id":"https:\/\/lightweb.dev\/l\/svm-temp\/artiklar\/turen-gar-till-gibraltar\/#primaryimage"},"thumbnailUrl":"https:\/\/lightweb.dev\/l\/svm-temp\/wp-content\/uploads\/2022\/04\/turen-gr-till-gibraltar.png","articleSection":["Arkiv","Artiklar"],"inLanguage":"sv-SE"},{"@type":"WebPage","@id":"https:\/\/lightweb.dev\/l\/svm-temp\/artiklar\/turen-gar-till-gibraltar\/","url":"https:\/\/lightweb.dev\/l\/svm-temp\/artiklar\/turen-gar-till-gibraltar\/","name":"Turen g\u00e5r till Gibraltar - Svenska Magasinet","isPartOf":{"@id":"https:\/\/lightweb.dev\/l\/svm-temp\/#website"},"primaryImageOfPage":{"@id":"https:\/\/lightweb.dev\/l\/svm-temp\/artiklar\/turen-gar-till-gibraltar\/#primaryimage"},"image":{"@id":"https:\/\/lightweb.dev\/l\/svm-temp\/artiklar\/turen-gar-till-gibraltar\/#primaryimage"},"thumbnailUrl":"https:\/\/lightweb.dev\/l\/svm-temp\/wp-content\/uploads\/2022\/04\/turen-gr-till-gibraltar.png","datePublished":"2012-07-05T22:00:00+00:00","breadcrumb":{"@id":"https:\/\/lightweb.dev\/l\/svm-temp\/artiklar\/turen-gar-till-gibraltar\/#breadcrumb"},"inLanguage":"sv-SE","potentialAction":[{"@type":"ReadAction","target":["https:\/\/lightweb.dev\/l\/svm-temp\/artiklar\/turen-gar-till-gibraltar\/"]}]},{"@type":"ImageObject","inLanguage":"sv-SE","@id":"https:\/\/lightweb.dev\/l\/svm-temp\/artiklar\/turen-gar-till-gibraltar\/#primaryimage","url":"https:\/\/lightweb.dev\/l\/svm-temp\/wp-content\/uploads\/2022\/04\/turen-gr-till-gibraltar.png","contentUrl":"https:\/\/lightweb.dev\/l\/svm-temp\/wp-content\/uploads\/2022\/04\/turen-gr-till-gibraltar.png","width":299,"height":200},{"@type":"BreadcrumbList","@id":"https:\/\/lightweb.dev\/l\/svm-temp\/artiklar\/turen-gar-till-gibraltar\/#breadcrumb","itemListElement":[{"@type":"ListItem","position":1,"name":"Hem","item":"https:\/\/lightweb.dev\/l\/svm-temp\/"},{"@type":"ListItem","position":2,"name":"Turen g\u00e5r till Gibraltar"}]},{"@type":"WebSite","@id":"https:\/\/lightweb.dev\/l\/svm-temp\/#website","url":"https:\/\/lightweb.dev\/l\/svm-temp\/","name":"Svenska Magasinet","description":"Dina Spanska nyheter p&aring; Svenska","publisher":{"@id":"https:\/\/lightweb.dev\/l\/svm-temp\/#organization"},"potentialAction":[{"@type":"SearchAction","target":{"@type":"EntryPoint","urlTemplate":"https:\/\/lightweb.dev\/l\/svm-temp\/?s={search_term_string}"},"query-input":{"@type":"PropertyValueSpecification","valueRequired":true,"valueName":"search_term_string"}}],"inLanguage":"sv-SE"},{"@type":"Organization","@id":"https:\/\/lightweb.dev\/l\/svm-temp\/#organization","name":"Melkerson y Nott SL","alternateName":"Svenska Magasinet","url":"https:\/\/lightweb.dev\/l\/svm-temp\/","logo":{"@type":"ImageObject","inLanguage":"sv-SE","@id":"https:\/\/lightweb.dev\/l\/svm-temp\/#\/schema\/logo\/image\/","url":"https:\/\/lightweb.dev\/l\/svm-temp\/wp-content\/uploads\/2025\/02\/SvM-logo-Xtra-Centrerad-SVART.png","contentUrl":"https:\/\/lightweb.dev\/l\/svm-temp\/wp-content\/uploads\/2025\/02\/SvM-logo-Xtra-Centrerad-SVART.png","width":300,"height":99,"caption":"Melkerson y Nott SL"},"image":{"@id":"https:\/\/lightweb.dev\/l\/svm-temp\/#\/schema\/logo\/image\/"},"sameAs":["https:\/\/www.facebook.com\/svenskamagasinet","https:\/\/x.com\/SvenskaMagasine"]},{"@type":"Person","@id":"https:\/\/lightweb.dev\/l\/svm-temp\/#\/schema\/person\/206a3bda5b607b0c25e1749191e4d837","name":"Redaktionen SvM","description":"Redaktionen","sameAs":["https:\/\/lightweb.dev\/l\/svm-temp"],"url":"https:\/\/lightweb.dev\/l\/svm-temp\/reporter\/redaktionen\/"}]}},"_links":{"self":[{"href":"https:\/\/lightweb.dev\/l\/svm-temp\/wp-json\/wp\/v2\/posts\/3680","targetHints":{"allow":["GET"]}}],"collection":[{"href":"https:\/\/lightweb.dev\/l\/svm-temp\/wp-json\/wp\/v2\/posts"}],"about":[{"href":"https:\/\/lightweb.dev\/l\/svm-temp\/wp-json\/wp\/v2\/types\/post"}],"author":[{"embeddable":true,"href":"https:\/\/lightweb.dev\/l\/svm-temp\/wp-json\/wp\/v2\/users\/8"}],"replies":[{"embeddable":true,"href":"https:\/\/lightweb.dev\/l\/svm-temp\/wp-json\/wp\/v2\/comments?post=3680"}],"version-history":[{"count":0,"href":"https:\/\/lightweb.dev\/l\/svm-temp\/wp-json\/wp\/v2\/posts\/3680\/revisions"}],"wp:featuredmedia":[{"embeddable":true,"href":"https:\/\/lightweb.dev\/l\/svm-temp\/wp-json\/wp\/v2\/media\/3681"}],"wp:attachment":[{"href":"https:\/\/lightweb.dev\/l\/svm-temp\/wp-json\/wp\/v2\/media?parent=3680"}],"wp:term":[{"taxonomy":"category","embeddable":true,"href":"https:\/\/lightweb.dev\/l\/svm-temp\/wp-json\/wp\/v2\/categories?post=3680"},{"taxonomy":"post_tag","embeddable":true,"href":"https:\/\/lightweb.dev\/l\/svm-temp\/wp-json\/wp\/v2\/tags?post=3680"}],"curies":[{"name":"wp","href":"https:\/\/api.w.org\/{rel}","templated":true}]}}