{"id":3682,"date":"2012-07-06T00:00:00","date_gmt":"2012-07-05T22:00:00","guid":{"rendered":"https:\/\/lightweb.dev\/l\/svm-temp\/horsetrekking-i-sydspanien-se-naturen-fran-hastryggen\/"},"modified":"2012-07-06T00:00:00","modified_gmt":"2012-07-05T22:00:00","slug":"horsetrekking-i-sydspanien-se-naturen-fran-hastryggen","status":"publish","type":"post","link":"https:\/\/lightweb.dev\/l\/svm-temp\/artiklar\/horsetrekking-i-sydspanien-se-naturen-fran-hastryggen\/","title":{"rendered":"Horsetrekking i Sydspanien &#8211; Se naturen fr\u00e5n h\u00e4stryggen"},"content":{"rendered":"<p> Hyr en h\u00e4st och en guide och upplev det dramatiska sydspanska landskapet fr\u00e5n h\u00e4stryggen. Av Ola Josefsson. Foto: Eva Maria Sigvardt<br \/>\nH\u00e4stg\u00e5rden Los Caballos del Mosquin ligger i ett mycket natursk\u00f6nt omr\u00e5de utanf\u00f6r samh\u00e4llet Canillas del Albaida ovanf\u00f6r C\u00f3mpeta p\u00e5 \u00f6stra delen av Costa del Sol. H\u00e4r ligger de tre naturparkerna Parque Natural de las Sierras de Tejeda, Almijara och Alhama. Det \u00e4r ett 40.000 hektar stort omr\u00e5de med vandringsleder och Eva Maria Sigvardt som driver h\u00e4stg\u00e5rden har till\u00e5telse att organisera guidade turer p\u00e5 h\u00e4stryggen i denna vackra naturpark.<\/p>\n<p>Platsen ligger underbart vackert. Solen ligger p\u00e5. De omgivande bergen skapar en stillsam och lugn atmosf\u00e4r. H\u00e4r reser sig Sierras Tejeda y Almijara 2.065 meter. En plats som \u00e4r sv\u00e5r att tr\u00f6ttna p\u00e5. Eva Maria Sigvardt kom till Canillas del Albaida 1995 och tv\u00e5 \u00e5r senare \u00f6ppnade hon h\u00e4stg\u00e5rden.<\/p>\n<p>Horse Trekking \u00e4r det stora \u00e4ventyret i Sydspaniens omv\u00e4xlande och dramatiska natur. De guidade turerna g\u00f6rs i olika niv\u00e5er beroende p\u00e5 vilken vana du har att rida.<\/p>\n<p>Turerna med guide tar fr\u00e5n en timme upp till tre dygn. Priserna ligger fr\u00e5n 30 euro upp till 565 euro. Fr\u00e5n halvdagsturer ing\u00e5r picknick och med flerdagsturer ing\u00e5r \u00f6vernattning. \u00d6vernattningen sker p\u00e5 ett bed and breakfast hotell i C\u00f3mpeta.<\/p>\n<p>&#8211; Vi anpassar v\u00e5r h\u00e4sttrekking till det tempo som v\u00e5ra kunder har eller \u00f6nskar. S\u00e4kerheten \u00e4r viktig, licens och f\u00f6rs\u00e4kring ing\u00e5r, samtidigt som utflykten ska bjuda p\u00e5 en sk\u00f6n upplevelse, s\u00e4ger Eva Sigvardt. <\/p>\n","protected":false},"excerpt":{"rendered":"<p>Hyr en h\u00e4st och en guide och upplev det dramatiska sydspanska landskapet fr\u00e5n h\u00e4stryggen. Av Ola Josefsson. Foto: Eva Maria Sigvardt H\u00e4stg\u00e5rden Los Caballos del Mosquin ligger i ett mycket natursk\u00f6nt omr\u00e5de utanf\u00f6r samh\u00e4llet Canillas del Albaida ovanf\u00f6r C\u00f3mpeta p\u00e5 \u00f6stra delen av Costa del Sol. H\u00e4r ligger de tre naturparkerna Parque Natural de las [&hellip;]<\/p>\n","protected":false},"author":8,"featured_media":3683,"comment_status":"open","ping_status":"open","sticky":false,"template":"","format":"standard","meta":{"_et_pb_use_builder":"","_et_pb_old_content":"","_et_gb_content_width":"","footnotes":""},"categories":[396,4],"tags":[],"class_list":["post-3682","post","type-post","status-publish","format-standard","has-post-thumbnail","hentry","category-arkiv-artiklar","category-artiklar"],"yoast_head":"<!-- This site is optimized with the Yoast SEO Premium plugin v26.2 (Yoast SEO v28.2) - https:\/\/yoast.com\/product\/yoast-seo-premium-wordpress\/ -->\n<title>Horsetrekking i Sydspanien - Se naturen fr\u00e5n h\u00e4stryggen - Svenska Magasinet<\/title>\n<meta name=\"robots\" content=\"noindex, follow, max-snippet:-1, max-image-preview:large, max-video-preview:-1\" \/>\n<meta property=\"og:locale\" content=\"sv_SE\" \/>\n<meta property=\"og:type\" content=\"article\" \/>\n<meta property=\"og:title\" content=\"Horsetrekking i Sydspanien - Se naturen fr\u00e5n h\u00e4stryggen\" \/>\n<meta property=\"og:description\" content=\"Hyr en h\u00e4st och en guide och upplev det dramatiska sydspanska landskapet fr\u00e5n h\u00e4stryggen. Av Ola Josefsson. Foto: Eva Maria Sigvardt H\u00e4stg\u00e5rden Los Caballos del Mosquin ligger i ett mycket natursk\u00f6nt omr\u00e5de utanf\u00f6r samh\u00e4llet Canillas del Albaida ovanf\u00f6r C\u00f3mpeta p\u00e5 \u00f6stra delen av Costa del Sol. H\u00e4r ligger de tre naturparkerna Parque Natural de las [&hellip;]\" \/>\n<meta property=\"og:url\" content=\"https:\/\/lightweb.dev\/l\/svm-temp\/artiklar\/horsetrekking-i-sydspanien-se-naturen-fran-hastryggen\/\" \/>\n<meta property=\"og:site_name\" content=\"Svenska Magasinet\" \/>\n<meta property=\"article:publisher\" content=\"https:\/\/www.facebook.com\/svenskamagasinet\" \/>\n<meta property=\"article:published_time\" content=\"2012-07-05T22:00:00+00:00\" \/>\n<meta property=\"og:image\" content=\"https:\/\/lightweb.dev\/l\/svm-temp\/wp-content\/uploads\/2022\/04\/horsetrekking-i-sydspanien-se-naturen-frn-hstryggen.png\" \/>\n\t<meta property=\"og:image:width\" content=\"301\" \/>\n\t<meta property=\"og:image:height\" content=\"200\" \/>\n\t<meta property=\"og:image:type\" content=\"image\/png\" \/>\n<meta name=\"author\" content=\"Redaktionen SvM\" \/>\n<meta name=\"twitter:card\" content=\"summary_large_image\" \/>\n<meta name=\"twitter:creator\" content=\"@SvenskaMagasine\" \/>\n<meta name=\"twitter:site\" content=\"@SvenskaMagasine\" \/>\n<script type=\"application\/ld+json\" class=\"yoast-schema-graph\">{\"@context\":\"https:\\\/\\\/schema.org\",\"@graph\":[{\"@type\":\"Article\",\"@id\":\"https:\\\/\\\/lightweb.dev\\\/l\\\/svm-temp\\\/artiklar\\\/horsetrekking-i-sydspanien-se-naturen-fran-hastryggen\\\/#article\",\"isPartOf\":{\"@id\":\"https:\\\/\\\/lightweb.dev\\\/l\\\/svm-temp\\\/artiklar\\\/horsetrekking-i-sydspanien-se-naturen-fran-hastryggen\\\/\"},\"author\":{\"name\":\"Redaktionen SvM\",\"@id\":\"https:\\\/\\\/lightweb.dev\\\/l\\\/svm-temp\\\/#\\\/schema\\\/person\\\/206a3bda5b607b0c25e1749191e4d837\"},\"headline\":\"Horsetrekking i Sydspanien &#8211; Se naturen fr\u00e5n h\u00e4stryggen\",\"datePublished\":\"2012-07-05T22:00:00+00:00\",\"mainEntityOfPage\":{\"@id\":\"https:\\\/\\\/lightweb.dev\\\/l\\\/svm-temp\\\/artiklar\\\/horsetrekking-i-sydspanien-se-naturen-fran-hastryggen\\\/\"},\"wordCount\":283,\"commentCount\":0,\"publisher\":{\"@id\":\"https:\\\/\\\/lightweb.dev\\\/l\\\/svm-temp\\\/#organization\"},\"image\":{\"@id\":\"https:\\\/\\\/lightweb.dev\\\/l\\\/svm-temp\\\/artiklar\\\/horsetrekking-i-sydspanien-se-naturen-fran-hastryggen\\\/#primaryimage\"},\"thumbnailUrl\":\"https:\\\/\\\/lightweb.dev\\\/l\\\/svm-temp\\\/wp-content\\\/uploads\\\/2022\\\/04\\\/horsetrekking-i-sydspanien-se-naturen-frn-hstryggen.png\",\"articleSection\":[\"Arkiv\",\"Artiklar\"],\"inLanguage\":\"sv-SE\"},{\"@type\":\"WebPage\",\"@id\":\"https:\\\/\\\/lightweb.dev\\\/l\\\/svm-temp\\\/artiklar\\\/horsetrekking-i-sydspanien-se-naturen-fran-hastryggen\\\/\",\"url\":\"https:\\\/\\\/lightweb.dev\\\/l\\\/svm-temp\\\/artiklar\\\/horsetrekking-i-sydspanien-se-naturen-fran-hastryggen\\\/\",\"name\":\"Horsetrekking i Sydspanien - Se naturen fr\u00e5n h\u00e4stryggen - Svenska Magasinet\",\"isPartOf\":{\"@id\":\"https:\\\/\\\/lightweb.dev\\\/l\\\/svm-temp\\\/#website\"},\"primaryImageOfPage\":{\"@id\":\"https:\\\/\\\/lightweb.dev\\\/l\\\/svm-temp\\\/artiklar\\\/horsetrekking-i-sydspanien-se-naturen-fran-hastryggen\\\/#primaryimage\"},\"image\":{\"@id\":\"https:\\\/\\\/lightweb.dev\\\/l\\\/svm-temp\\\/artiklar\\\/horsetrekking-i-sydspanien-se-naturen-fran-hastryggen\\\/#primaryimage\"},\"thumbnailUrl\":\"https:\\\/\\\/lightweb.dev\\\/l\\\/svm-temp\\\/wp-content\\\/uploads\\\/2022\\\/04\\\/horsetrekking-i-sydspanien-se-naturen-frn-hstryggen.png\",\"datePublished\":\"2012-07-05T22:00:00+00:00\",\"breadcrumb\":{\"@id\":\"https:\\\/\\\/lightweb.dev\\\/l\\\/svm-temp\\\/artiklar\\\/horsetrekking-i-sydspanien-se-naturen-fran-hastryggen\\\/#breadcrumb\"},\"inLanguage\":\"sv-SE\",\"potentialAction\":[{\"@type\":\"ReadAction\",\"target\":[\"https:\\\/\\\/lightweb.dev\\\/l\\\/svm-temp\\\/artiklar\\\/horsetrekking-i-sydspanien-se-naturen-fran-hastryggen\\\/\"]}]},{\"@type\":\"ImageObject\",\"inLanguage\":\"sv-SE\",\"@id\":\"https:\\\/\\\/lightweb.dev\\\/l\\\/svm-temp\\\/artiklar\\\/horsetrekking-i-sydspanien-se-naturen-fran-hastryggen\\\/#primaryimage\",\"url\":\"https:\\\/\\\/lightweb.dev\\\/l\\\/svm-temp\\\/wp-content\\\/uploads\\\/2022\\\/04\\\/horsetrekking-i-sydspanien-se-naturen-frn-hstryggen.png\",\"contentUrl\":\"https:\\\/\\\/lightweb.dev\\\/l\\\/svm-temp\\\/wp-content\\\/uploads\\\/2022\\\/04\\\/horsetrekking-i-sydspanien-se-naturen-frn-hstryggen.png\",\"width\":301,\"height\":200},{\"@type\":\"BreadcrumbList\",\"@id\":\"https:\\\/\\\/lightweb.dev\\\/l\\\/svm-temp\\\/artiklar\\\/horsetrekking-i-sydspanien-se-naturen-fran-hastryggen\\\/#breadcrumb\",\"itemListElement\":[{\"@type\":\"ListItem\",\"position\":1,\"name\":\"Hem\",\"item\":\"https:\\\/\\\/lightweb.dev\\\/l\\\/svm-temp\\\/\"},{\"@type\":\"ListItem\",\"position\":2,\"name\":\"Horsetrekking i Sydspanien &#8211; Se naturen fr\u00e5n h\u00e4stryggen\"}]},{\"@type\":\"WebSite\",\"@id\":\"https:\\\/\\\/lightweb.dev\\\/l\\\/svm-temp\\\/#website\",\"url\":\"https:\\\/\\\/lightweb.dev\\\/l\\\/svm-temp\\\/\",\"name\":\"Svenska Magasinet\",\"description\":\"Dina Spanska nyheter p&aring; Svenska\",\"publisher\":{\"@id\":\"https:\\\/\\\/lightweb.dev\\\/l\\\/svm-temp\\\/#organization\"},\"potentialAction\":[{\"@type\":\"SearchAction\",\"target\":{\"@type\":\"EntryPoint\",\"urlTemplate\":\"https:\\\/\\\/lightweb.dev\\\/l\\\/svm-temp\\\/?s={search_term_string}\"},\"query-input\":{\"@type\":\"PropertyValueSpecification\",\"valueRequired\":true,\"valueName\":\"search_term_string\"}}],\"inLanguage\":\"sv-SE\"},{\"@type\":\"Organization\",\"@id\":\"https:\\\/\\\/lightweb.dev\\\/l\\\/svm-temp\\\/#organization\",\"name\":\"Melkerson y Nott SL\",\"alternateName\":\"Svenska Magasinet\",\"url\":\"https:\\\/\\\/lightweb.dev\\\/l\\\/svm-temp\\\/\",\"logo\":{\"@type\":\"ImageObject\",\"inLanguage\":\"sv-SE\",\"@id\":\"https:\\\/\\\/lightweb.dev\\\/l\\\/svm-temp\\\/#\\\/schema\\\/logo\\\/image\\\/\",\"url\":\"https:\\\/\\\/lightweb.dev\\\/l\\\/svm-temp\\\/wp-content\\\/uploads\\\/2025\\\/02\\\/SvM-logo-Xtra-Centrerad-SVART.png\",\"contentUrl\":\"https:\\\/\\\/lightweb.dev\\\/l\\\/svm-temp\\\/wp-content\\\/uploads\\\/2025\\\/02\\\/SvM-logo-Xtra-Centrerad-SVART.png\",\"width\":300,\"height\":99,\"caption\":\"Melkerson y Nott SL\"},\"image\":{\"@id\":\"https:\\\/\\\/lightweb.dev\\\/l\\\/svm-temp\\\/#\\\/schema\\\/logo\\\/image\\\/\"},\"sameAs\":[\"https:\\\/\\\/www.facebook.com\\\/svenskamagasinet\",\"https:\\\/\\\/x.com\\\/SvenskaMagasine\"]},{\"@type\":\"Person\",\"@id\":\"https:\\\/\\\/lightweb.dev\\\/l\\\/svm-temp\\\/#\\\/schema\\\/person\\\/206a3bda5b607b0c25e1749191e4d837\",\"name\":\"Redaktionen SvM\",\"description\":\"Redaktionen\",\"sameAs\":[\"https:\\\/\\\/lightweb.dev\\\/l\\\/svm-temp\"],\"url\":\"https:\\\/\\\/lightweb.dev\\\/l\\\/svm-temp\\\/reporter\\\/redaktionen\\\/\"}]}<\/script>\n<!-- \/ Yoast SEO Premium plugin. -->","yoast_head_json":{"title":"Horsetrekking i Sydspanien - Se naturen fr\u00e5n h\u00e4stryggen - Svenska Magasinet","robots":{"index":"noindex","follow":"follow","max-snippet":"max-snippet:-1","max-image-preview":"max-image-preview:large","max-video-preview":"max-video-preview:-1"},"og_locale":"sv_SE","og_type":"article","og_title":"Horsetrekking i Sydspanien - Se naturen fr\u00e5n h\u00e4stryggen","og_description":"Hyr en h\u00e4st och en guide och upplev det dramatiska sydspanska landskapet fr\u00e5n h\u00e4stryggen. Av Ola Josefsson. Foto: Eva Maria Sigvardt H\u00e4stg\u00e5rden Los Caballos del Mosquin ligger i ett mycket natursk\u00f6nt omr\u00e5de utanf\u00f6r samh\u00e4llet Canillas del Albaida ovanf\u00f6r C\u00f3mpeta p\u00e5 \u00f6stra delen av Costa del Sol. H\u00e4r ligger de tre naturparkerna Parque Natural de las [&hellip;]","og_url":"https:\/\/lightweb.dev\/l\/svm-temp\/artiklar\/horsetrekking-i-sydspanien-se-naturen-fran-hastryggen\/","og_site_name":"Svenska Magasinet","article_publisher":"https:\/\/www.facebook.com\/svenskamagasinet","article_published_time":"2012-07-05T22:00:00+00:00","og_image":[{"width":301,"height":200,"url":"https:\/\/lightweb.dev\/l\/svm-temp\/wp-content\/uploads\/2022\/04\/horsetrekking-i-sydspanien-se-naturen-frn-hstryggen.png","type":"image\/png"}],"author":"Redaktionen SvM","twitter_card":"summary_large_image","twitter_creator":"@SvenskaMagasine","twitter_site":"@SvenskaMagasine","schema":{"@context":"https:\/\/schema.org","@graph":[{"@type":"Article","@id":"https:\/\/lightweb.dev\/l\/svm-temp\/artiklar\/horsetrekking-i-sydspanien-se-naturen-fran-hastryggen\/#article","isPartOf":{"@id":"https:\/\/lightweb.dev\/l\/svm-temp\/artiklar\/horsetrekking-i-sydspanien-se-naturen-fran-hastryggen\/"},"author":{"name":"Redaktionen SvM","@id":"https:\/\/lightweb.dev\/l\/svm-temp\/#\/schema\/person\/206a3bda5b607b0c25e1749191e4d837"},"headline":"Horsetrekking i Sydspanien &#8211; Se naturen fr\u00e5n h\u00e4stryggen","datePublished":"2012-07-05T22:00:00+00:00","mainEntityOfPage":{"@id":"https:\/\/lightweb.dev\/l\/svm-temp\/artiklar\/horsetrekking-i-sydspanien-se-naturen-fran-hastryggen\/"},"wordCount":283,"commentCount":0,"publisher":{"@id":"https:\/\/lightweb.dev\/l\/svm-temp\/#organization"},"image":{"@id":"https:\/\/lightweb.dev\/l\/svm-temp\/artiklar\/horsetrekking-i-sydspanien-se-naturen-fran-hastryggen\/#primaryimage"},"thumbnailUrl":"https:\/\/lightweb.dev\/l\/svm-temp\/wp-content\/uploads\/2022\/04\/horsetrekking-i-sydspanien-se-naturen-frn-hstryggen.png","articleSection":["Arkiv","Artiklar"],"inLanguage":"sv-SE"},{"@type":"WebPage","@id":"https:\/\/lightweb.dev\/l\/svm-temp\/artiklar\/horsetrekking-i-sydspanien-se-naturen-fran-hastryggen\/","url":"https:\/\/lightweb.dev\/l\/svm-temp\/artiklar\/horsetrekking-i-sydspanien-se-naturen-fran-hastryggen\/","name":"Horsetrekking i Sydspanien - Se naturen fr\u00e5n h\u00e4stryggen - Svenska Magasinet","isPartOf":{"@id":"https:\/\/lightweb.dev\/l\/svm-temp\/#website"},"primaryImageOfPage":{"@id":"https:\/\/lightweb.dev\/l\/svm-temp\/artiklar\/horsetrekking-i-sydspanien-se-naturen-fran-hastryggen\/#primaryimage"},"image":{"@id":"https:\/\/lightweb.dev\/l\/svm-temp\/artiklar\/horsetrekking-i-sydspanien-se-naturen-fran-hastryggen\/#primaryimage"},"thumbnailUrl":"https:\/\/lightweb.dev\/l\/svm-temp\/wp-content\/uploads\/2022\/04\/horsetrekking-i-sydspanien-se-naturen-frn-hstryggen.png","datePublished":"2012-07-05T22:00:00+00:00","breadcrumb":{"@id":"https:\/\/lightweb.dev\/l\/svm-temp\/artiklar\/horsetrekking-i-sydspanien-se-naturen-fran-hastryggen\/#breadcrumb"},"inLanguage":"sv-SE","potentialAction":[{"@type":"ReadAction","target":["https:\/\/lightweb.dev\/l\/svm-temp\/artiklar\/horsetrekking-i-sydspanien-se-naturen-fran-hastryggen\/"]}]},{"@type":"ImageObject","inLanguage":"sv-SE","@id":"https:\/\/lightweb.dev\/l\/svm-temp\/artiklar\/horsetrekking-i-sydspanien-se-naturen-fran-hastryggen\/#primaryimage","url":"https:\/\/lightweb.dev\/l\/svm-temp\/wp-content\/uploads\/2022\/04\/horsetrekking-i-sydspanien-se-naturen-frn-hstryggen.png","contentUrl":"https:\/\/lightweb.dev\/l\/svm-temp\/wp-content\/uploads\/2022\/04\/horsetrekking-i-sydspanien-se-naturen-frn-hstryggen.png","width":301,"height":200},{"@type":"BreadcrumbList","@id":"https:\/\/lightweb.dev\/l\/svm-temp\/artiklar\/horsetrekking-i-sydspanien-se-naturen-fran-hastryggen\/#breadcrumb","itemListElement":[{"@type":"ListItem","position":1,"name":"Hem","item":"https:\/\/lightweb.dev\/l\/svm-temp\/"},{"@type":"ListItem","position":2,"name":"Horsetrekking i Sydspanien &#8211; Se naturen fr\u00e5n h\u00e4stryggen"}]},{"@type":"WebSite","@id":"https:\/\/lightweb.dev\/l\/svm-temp\/#website","url":"https:\/\/lightweb.dev\/l\/svm-temp\/","name":"Svenska Magasinet","description":"Dina Spanska nyheter p&aring; Svenska","publisher":{"@id":"https:\/\/lightweb.dev\/l\/svm-temp\/#organization"},"potentialAction":[{"@type":"SearchAction","target":{"@type":"EntryPoint","urlTemplate":"https:\/\/lightweb.dev\/l\/svm-temp\/?s={search_term_string}"},"query-input":{"@type":"PropertyValueSpecification","valueRequired":true,"valueName":"search_term_string"}}],"inLanguage":"sv-SE"},{"@type":"Organization","@id":"https:\/\/lightweb.dev\/l\/svm-temp\/#organization","name":"Melkerson y Nott SL","alternateName":"Svenska Magasinet","url":"https:\/\/lightweb.dev\/l\/svm-temp\/","logo":{"@type":"ImageObject","inLanguage":"sv-SE","@id":"https:\/\/lightweb.dev\/l\/svm-temp\/#\/schema\/logo\/image\/","url":"https:\/\/lightweb.dev\/l\/svm-temp\/wp-content\/uploads\/2025\/02\/SvM-logo-Xtra-Centrerad-SVART.png","contentUrl":"https:\/\/lightweb.dev\/l\/svm-temp\/wp-content\/uploads\/2025\/02\/SvM-logo-Xtra-Centrerad-SVART.png","width":300,"height":99,"caption":"Melkerson y Nott SL"},"image":{"@id":"https:\/\/lightweb.dev\/l\/svm-temp\/#\/schema\/logo\/image\/"},"sameAs":["https:\/\/www.facebook.com\/svenskamagasinet","https:\/\/x.com\/SvenskaMagasine"]},{"@type":"Person","@id":"https:\/\/lightweb.dev\/l\/svm-temp\/#\/schema\/person\/206a3bda5b607b0c25e1749191e4d837","name":"Redaktionen SvM","description":"Redaktionen","sameAs":["https:\/\/lightweb.dev\/l\/svm-temp"],"url":"https:\/\/lightweb.dev\/l\/svm-temp\/reporter\/redaktionen\/"}]}},"_links":{"self":[{"href":"https:\/\/lightweb.dev\/l\/svm-temp\/wp-json\/wp\/v2\/posts\/3682","targetHints":{"allow":["GET"]}}],"collection":[{"href":"https:\/\/lightweb.dev\/l\/svm-temp\/wp-json\/wp\/v2\/posts"}],"about":[{"href":"https:\/\/lightweb.dev\/l\/svm-temp\/wp-json\/wp\/v2\/types\/post"}],"author":[{"embeddable":true,"href":"https:\/\/lightweb.dev\/l\/svm-temp\/wp-json\/wp\/v2\/users\/8"}],"replies":[{"embeddable":true,"href":"https:\/\/lightweb.dev\/l\/svm-temp\/wp-json\/wp\/v2\/comments?post=3682"}],"version-history":[{"count":0,"href":"https:\/\/lightweb.dev\/l\/svm-temp\/wp-json\/wp\/v2\/posts\/3682\/revisions"}],"wp:featuredmedia":[{"embeddable":true,"href":"https:\/\/lightweb.dev\/l\/svm-temp\/wp-json\/wp\/v2\/media\/3683"}],"wp:attachment":[{"href":"https:\/\/lightweb.dev\/l\/svm-temp\/wp-json\/wp\/v2\/media?parent=3682"}],"wp:term":[{"taxonomy":"category","embeddable":true,"href":"https:\/\/lightweb.dev\/l\/svm-temp\/wp-json\/wp\/v2\/categories?post=3682"},{"taxonomy":"post_tag","embeddable":true,"href":"https:\/\/lightweb.dev\/l\/svm-temp\/wp-json\/wp\/v2\/tags?post=3682"}],"curies":[{"name":"wp","href":"https:\/\/api.w.org\/{rel}","templated":true}]}}