{"id":3691,"date":"2012-07-04T00:00:00","date_gmt":"2012-07-03T22:00:00","guid":{"rendered":"https:\/\/lightweb.dev\/l\/svm-temp\/rak-konkret-och-levande-bok-om-franco\/"},"modified":"2012-07-04T00:00:00","modified_gmt":"2012-07-03T22:00:00","slug":"rak-konkret-och-levande-bok-om-franco","status":"publish","type":"post","link":"https:\/\/lightweb.dev\/l\/svm-temp\/artiklar\/rak-konkret-och-levande-bok-om-franco\/","title":{"rendered":"Rak, konkret och levande bok om Franco"},"content":{"rendered":"<p> \u201dErs h\u00f6ghet beh\u00f6ver inte vara orolig. L\u00e5t ingenting distrahera Er. Allt \u00e4r ordnat\u201d, s\u00e4ger Franco till Juan Carlos som f\u00f6rs\u00e4krar honom: \u201dJag har l\u00e4rt mig mycket av Er galleguismo\u201d, och de b\u00e5da skrattar \u00e5t uttrycket som vanligtvis anv\u00e4nds om galicier som s\u00e4gs vara t\u00e5liga och ber\u00e4knande. Av Ola Josefsson<br \/>\nRoger \u00c4lmebergs bok \u201dFranco \u2013 Diktator p\u00e5 livstid\u201d \u00e4r en intressant, grundlig och dramatisk politisk biografi \u00f6ver mannen som \u00e4lskade att fiska lax i floderna i Galicien och Asturien, spela golf, m\u00e5la, jaga p\u00e5 jaktmarkerna utanf\u00f6r Madrid, hade en egen biosalong i residenset El Pardo och som hatade kommunister och frimurare som han ans\u00e5g var bundna till sina l\u00f6ften inom orden i st\u00e4llet f\u00f6r att vara lojala mot fosterlandet.<br \/>\nDisciplin och ordning var n\u00e4rmast en mani hos honom. Under strider visade han mod, ledarbeg\u00e5vning och energi. Franco beskrivs som samlad, \u00e5terh\u00e5llsam och kontrollerad och hade en mycket utvecklad politisk talang. Han hade f\u00f6rm\u00e5gan att f\u00f6rvandlas fr\u00e5n massm\u00f6tenas hyllade ledare till en v\u00e4nlig och diskret samtalspartner.<br \/>\nFranco var monarkist, mycket konservativ och stod f\u00f6r reaktion\u00e4ra v\u00e4rderingar. Han valde tidigt ut Juan Carlos, som en t\u00e4nkbar framtida tronarvinge. Redan den 19 juli 1937 sa Franco i samband med en intervju att om Spanien ska ha en kung ska han komma med \u201dkarakt\u00e4ren av fredsm\u00e4klare och inte som en av segrarna\u201d.<br \/>\nTio \u00e5r gammal ankommer \u201dJuanito\u201d till Madrid och den privata skolan i Las Jarillas, 17 kilometer utanf\u00f6r Madrid. Som Roger \u00c4lmeberg skriver i sin bok pekar allt p\u00e5 att m\u00e5let hela tiden f\u00f6r Franco var att man\u00f6vrera situationen i Spanien s\u00e5 att just Juan Carlos skulle bli eftertr\u00e4daren. Franco l\u00e4t inte indoktrinera Juan Carlos i n\u00e5gon form av politiskt t\u00e4nkande. D\u00e4remot p\u00e5pekade han f\u00f6r prinsen att \u201dinte lita p\u00e5 n\u00e5gon. Inte p\u00e5 n\u00e5gon!\u201d<br \/>\nFrancos uppv\u00e4xt beskrivs som omtumlande. Pappa Nicol\u00e1s beskrivs som livsnjutare som drack mycket och hade flera f\u00f6rh\u00e5llanden utanf\u00f6r \u00e4ktenskapet. Han var frit\u00e4nkare och radikal och hade vid en stationering p\u00e5 Kuba gjort en 14-\u00e5rig flicka med barn. Francos mamma Maria beskrivs som mild, vacker och v\u00e4nlig, hon var djupt troende och p\u00e5 m\u00e5nga s\u00e4tt Nicol\u00e1s motsats. Nicol\u00e1s l\u00e4mnar senare familjen och flyttar till Madrid.<br \/>\nVid 33 \u00e5r och tv\u00e5 m\u00e5naders \u00e5lder blir mannen fr\u00e5n El Ferrol utn\u00e4mnd till brigadgeneral, Europas yngste. Efter att Stalin avlidit den 5 mars 1953 \u00e5terstod Franco av de diktatorer som pr\u00e4glade Europa under stora delar av 1930- och 1940-talen. De b\u00e5da ideologiska motst\u00e5ndarna Franco och Stalin hade fler likheter i ledarstil \u00e4n vad de hade med estrad\u00f6rerna och folktalarna Hitler och Mussolini. Franco \u00e4r den ende av de fyra som inte kom till makten genom att leda ett parti innan han blev diktator. Han skapade partiet efter\u00e5t.<\/p>\n<p>Boken beskriver atmosf\u00e4ren i 1930-talets Spanien. Den var politiskt f\u00f6rgiftad och landet upplevde kriser och konflikter p\u00e5 alla omr\u00e5den. Mots\u00e4ttningarna mellan v\u00e4nster och h\u00f6ger kan bara karakteriseras som klasshat. Socialistledaren Indalecio Prieto y Tuero f\u00f6rklarar i en artikel i El Socialista att inb\u00f6rdeskrig \u00e4r att f\u00f6redra framf\u00f6r det politiska m\u00f6rdandet som p\u00e5g\u00e5r.<br \/>\nLargo Caballero, fackf\u00f6reningsman och partiledare f\u00f6r PSOE, sa inf\u00f6r valet 1936 att om h\u00f6gern vinner kommer han att f\u00f6rklara inb\u00f6rdeskrig. Situationen piskades upp fr\u00e5n b\u00e5da h\u00e5ll och metoderna fr\u00e5n m\u00e5nga \u00e5rs spansk krigf\u00f6ring i Marocko f\u00f6rdes \u00f6ver till Spanien under inb\u00f6rdeskriget och \u00e5ren d\u00e4refter. Kolonialkrigens grymheter kom till Europa.<\/p>\n<p>Efter att FN:s sanktioner mot Spanien upph\u00f6rde sl\u00f6t allt fler l\u00e4nder d\u00e4ribland Sverige handelsavtal med Spanien. Den 24 januari 1951 undertecknar Spanien och Sverige ett handelsavtal som reglerar import och export av allt fr\u00e5n apelsiner till mineraler och f\u00e4rdiga industriprodukter.<\/p>\n<p>Francoregimen \u00e4ndrade \u00e4ven karakt\u00e4r under \u00e5rens lopp. Fr\u00e5n att ha g\u00e5tt segrande ur inb\u00f6rdeskriget, inf\u00f6ra en diktatur till att fr\u00e5n 1957 utvecklas till en auktorit\u00e4r regim. Liksom Sovjet och andra diktaturer hade den spanska regimen med polisstatens \u201df\u00f6rdelar\u201d minskat antalet vanliga brott. Siffrorna \u00e4r markanta om man j\u00e4mf\u00f6r med tiden f\u00f6re inb\u00f6rdeskriget. 1935 d\u00f6mdes 34.526 personer i de republikanska domstolarna. \u00c5r 1961 d\u00f6ms 25.652. M\u00e5nga turister och f\u00f6retagare som investerar i Spanien upplever att landet \u00e4r lugnt och tryggt sett till den allm\u00e4nna brottsligheten. I sin tur lockar det fler turister och investerare till landet.<\/p>\n<p>Informations- och turistminister Manuel Fraga framst\u00e4lls som kunnig, engagerad och skicklig och som f\u00f6rb\u00e4ttrade Spaniens anseende. N\u00e4r Franco till slut valde en ny ekonomisk politik s\u00e5 samlades \u00e4ven grupper som hade f\u00f6rlorat striden i inb\u00f6rdeskriget kring den nya politiken. Det var framf\u00f6r allt Carrero Blanco och hans stabschef  L\u00f3pez Rod\u00f3 som fick igenom en ministerlista med tyngdpunkt p\u00e5 ekonomiska fr\u00e5gor.<\/p>\n<p>Samtidigt var 1960-talet en orolig tid. Madrid och Barcelona drabbades av v\u00e5ldsamma studentprotester. I V\u00e4steuropa \u00f6kade intresset f\u00f6r socialism och kommunism och p\u00e5 de spanska universiteten samlades underjordiska grupper f\u00f6r att studera marxism. Nyblivna marxister v\u00e4nde sitt intresse mot Kuba, Kina och andra l\u00e4nder i st\u00e4llet f\u00f6r Sovjet efter invasionen i Tjeckoslovakien.<\/p>\n<p>Boken visar maktkampen runt Franco. Falangisterna var ingen stark r\u00f6relse som de ibland framst\u00e4lls som. Vid valet 1934 fick Falangen endast 0,7 procent av r\u00f6sterna i hela Spanien. Franco distanserade sig fr\u00e5n Serrano S\u00fan\u00e9rs id\u00e9er om att g\u00f6ra Falangistpartiet till ett statsb\u00e4rande parti enligt fascistisk och nazistisk modell i Italien och Tyskland. Falangisternas motst\u00e5nd \u00f6kade under 1960-talet i takt med att de f\u00f6rlorade inflytande och k\u00e4nde sig svikna. Inom den falangistiska fackf\u00f6reningsr\u00f6relsen b\u00f6rjar embryon till en underjordisk socialistisk arbetarr\u00f6relse att ta form.<\/p>\n<p>N\u00e4r Franco valde Juan Carlos som eftertr\u00e4dare blossade konflikterna upp. Krigsmakten och den katolska maktfaktorn Opus Dei st\u00f6dde utn\u00e4mningen men hustrun Do\u00f1a Carmen och sv\u00e4rsonen Crist\u00f3bal Mart\u00ednez-Bordi\u00fa och flera andra i Francos n\u00e4rmaste familjeklan g\u00e5r p\u00e5 offensiven. Denna del av familjeklanen ingick i n\u00e5got som kallades \u201del Bunker\u201d. Bunkern var ett n\u00e4tverk av m\u00e4nniskor som ville beh\u00e5lla regimens karakt\u00e4r och egna f\u00f6rdelar.<\/p>\n<p>M\u00e5nga falangister, en del generaler, och ett stort antal h\u00f6gre \u00e4mbetsm\u00e4n ville inte ha Juan Carlos p\u00e5 tronen. Do\u00f1a Carmen fortsatte att g\u00f6ra falangisth\u00e4lsningen vid m\u00f6ten medan Franco bara lyfte upp b\u00e5da h\u00e4nderna halvh\u00f6gt. Fram till Francos d\u00f6d fortsatte kampanjen med att misst\u00e4nkligg\u00f6ra Juan Carlos.<\/p>\n<p>\u201dEl Bunker\u201d hoppades kunna byta ut Juan Carlos mot dennes kusin, Alfonso de Borb\u00f3n y Dampierre, som beskrevs som mer auktorit\u00e4r. Alfonso hade tidigare uttalat sig i fransk tv att han var l\u00e4mplig f\u00f6r den spanska tronen. Ett tv-uttalande som Franco ogillade och l\u00e4t skicka  Alfonso de Borb\u00f3n y Dampierre som ambassad\u00f6r till Stockholm. Alfonso b\u00f6rjade sin tj\u00e4nst i Stockholm den 12 mars 1970.<\/p>\n<p>Boken visar ocks\u00e5 hur m\u00e5nga av Spaniens pr\u00e4ster var i \u00f6ppen opposition mot Francos regim. Pr\u00e4sterna st\u00f6dde den framv\u00e4xande regimfientliga arbetarr\u00f6relsen och \u00e4ven separatismen. 1968 uppr\u00e4ttar Franco ett speciellt f\u00e4ngelse f\u00f6r pr\u00e4ster i Zamora och \u00f6ver 50 pr\u00e4ster sp\u00e4rrades in.<\/p>\n<p>I maj 1968 vinner Spanien Eurovisionsschlagerfestivalen med La, la, la framf\u00f6rd av en s\u00e5ngerska med artistnamnet Massiel. Det var egentligen meningen att Joan Manuel Serrat, som vann den spanska uttagningen, skulle framf\u00f6rt bidraget. Men han ville sjunga p\u00e5 katalanska vilket regimen naturligtvis f\u00f6rbj\u00f6d. <\/p>\n<p>Slutet \u00e4r blodigt. Diktatorns tillst\u00e5nd f\u00f6rs\u00e4mras kraftigt i oktober 1975. Inre bl\u00f6dningar g\u00f6r att han m\u00e5ste f\u00e5 blodtransfusioner. Bara maskiner och kraftig medicinering h\u00e5ller nu Franco vid liv. De inre bl\u00f6dningarna forts\u00e4tter, s\u00e4ngen dr\u00e4nks av blod. P\u00e5 v\u00e4ggar och golv finns blodfl\u00e4ckar. Han v\u00e4ger bara 40 kilo.<br \/>\n\u201dGud, s\u00e5 sv\u00e5rt det \u00e4r att d\u00f6\u201d, h\u00f6rs han s\u00e4ga.<\/p>\n<p>Franco fick ett barn, dottern Carmen Franco y Polo som den 10 april 1949 i 23-\u00e5rs\u00e5lder gifte sig med den 27-\u00e5rige hj\u00e4rtl\u00e4karen och kirurgen Crist\u00f3bal Mart\u00ednez Bordi\u00fa fr\u00e5n Ja\u00e9n i Andalusien. Det blir Crist\u00f3bal som st\u00e4nger av de livsuppeh\u00e5llande maskiner som \u00e4r kopplade till den d\u00f6ende Franco klockan 23.15 den 19 november. Officiella tiden f\u00f6r el Caudillos d\u00f6d blir 05.25 torsdagen den 20 november 1975.<\/p>\n<p>Boken \u00e4r en politisk biografi \u00f6ver Francisco Franco. \u00c4ven om Franco \u00e4r huvudpersonen ger boken en bra inblick i Spaniens historia. Ibland kan boken vara n\u00e5got komplicerad och tung att l\u00e4sa. M\u00e4ngder av namn och politiker som kommer och g\u00e5r \u2013 och som kommer tillbaka. Boken \u00e4r rak, konkret och levande. <\/p>\n","protected":false},"excerpt":{"rendered":"<p>\u201dErs h\u00f6ghet beh\u00f6ver inte vara orolig. L\u00e5t ingenting distrahera Er. Allt \u00e4r ordnat\u201d, s\u00e4ger Franco till Juan Carlos som f\u00f6rs\u00e4krar honom: \u201dJag har l\u00e4rt mig mycket av Er galleguismo\u201d, och de b\u00e5da skrattar \u00e5t uttrycket som vanligtvis anv\u00e4nds om galicier som s\u00e4gs vara t\u00e5liga och ber\u00e4knande. Av Ola Josefsson Roger \u00c4lmebergs bok \u201dFranco \u2013 Diktator [&hellip;]<\/p>\n","protected":false},"author":8,"featured_media":3692,"comment_status":"open","ping_status":"open","sticky":false,"template":"","format":"standard","meta":{"_et_pb_use_builder":"","_et_pb_old_content":"","_et_gb_content_width":"","footnotes":""},"categories":[4,45],"tags":[],"class_list":["post-3691","post","type-post","status-publish","format-standard","has-post-thumbnail","hentry","category-artiklar","category-kultur"],"yoast_head":"<!-- This site is optimized with the Yoast SEO Premium plugin v26.2 (Yoast SEO v28.2) - https:\/\/yoast.com\/product\/yoast-seo-premium-wordpress\/ -->\n<title>Rak, konkret och levande bok om Franco - Svenska Magasinet<\/title>\n<meta name=\"robots\" content=\"noindex, follow, max-snippet:-1, max-image-preview:large, max-video-preview:-1\" \/>\n<meta property=\"og:locale\" content=\"sv_SE\" \/>\n<meta property=\"og:type\" content=\"article\" \/>\n<meta property=\"og:title\" content=\"Rak, konkret och levande bok om Franco\" \/>\n<meta property=\"og:description\" content=\"\u201dErs h\u00f6ghet beh\u00f6ver inte vara orolig. L\u00e5t ingenting distrahera Er. Allt \u00e4r ordnat\u201d, s\u00e4ger Franco till Juan Carlos som f\u00f6rs\u00e4krar honom: \u201dJag har l\u00e4rt mig mycket av Er galleguismo\u201d, och de b\u00e5da skrattar \u00e5t uttrycket som vanligtvis anv\u00e4nds om galicier som s\u00e4gs vara t\u00e5liga och ber\u00e4knande. Av Ola Josefsson Roger \u00c4lmebergs bok \u201dFranco \u2013 Diktator [&hellip;]\" \/>\n<meta property=\"og:url\" content=\"https:\/\/lightweb.dev\/l\/svm-temp\/artiklar\/rak-konkret-och-levande-bok-om-franco\/\" \/>\n<meta property=\"og:site_name\" content=\"Svenska Magasinet\" \/>\n<meta property=\"article:publisher\" content=\"https:\/\/www.facebook.com\/svenskamagasinet\" \/>\n<meta property=\"article:published_time\" content=\"2012-07-03T22:00:00+00:00\" \/>\n<meta property=\"og:image\" content=\"https:\/\/lightweb.dev\/l\/svm-temp\/wp-content\/uploads\/2022\/04\/rak-konkret-och-levande-bok-om-franco.png\" \/>\n\t<meta property=\"og:image:width\" content=\"280\" \/>\n\t<meta property=\"og:image:height\" content=\"420\" \/>\n\t<meta property=\"og:image:type\" content=\"image\/png\" \/>\n<meta name=\"author\" content=\"Redaktionen SvM\" \/>\n<meta name=\"twitter:card\" content=\"summary_large_image\" \/>\n<meta name=\"twitter:creator\" content=\"@SvenskaMagasine\" \/>\n<meta name=\"twitter:site\" content=\"@SvenskaMagasine\" \/>\n<script type=\"application\/ld+json\" class=\"yoast-schema-graph\">{\"@context\":\"https:\\\/\\\/schema.org\",\"@graph\":[{\"@type\":\"Article\",\"@id\":\"https:\\\/\\\/lightweb.dev\\\/l\\\/svm-temp\\\/artiklar\\\/rak-konkret-och-levande-bok-om-franco\\\/#article\",\"isPartOf\":{\"@id\":\"https:\\\/\\\/lightweb.dev\\\/l\\\/svm-temp\\\/artiklar\\\/rak-konkret-och-levande-bok-om-franco\\\/\"},\"author\":{\"name\":\"Redaktionen SvM\",\"@id\":\"https:\\\/\\\/lightweb.dev\\\/l\\\/svm-temp\\\/#\\\/schema\\\/person\\\/206a3bda5b607b0c25e1749191e4d837\"},\"headline\":\"Rak, konkret och levande bok om Franco\",\"datePublished\":\"2012-07-03T22:00:00+00:00\",\"mainEntityOfPage\":{\"@id\":\"https:\\\/\\\/lightweb.dev\\\/l\\\/svm-temp\\\/artiklar\\\/rak-konkret-och-levande-bok-om-franco\\\/\"},\"wordCount\":1517,\"commentCount\":0,\"publisher\":{\"@id\":\"https:\\\/\\\/lightweb.dev\\\/l\\\/svm-temp\\\/#organization\"},\"image\":{\"@id\":\"https:\\\/\\\/lightweb.dev\\\/l\\\/svm-temp\\\/artiklar\\\/rak-konkret-och-levande-bok-om-franco\\\/#primaryimage\"},\"thumbnailUrl\":\"https:\\\/\\\/lightweb.dev\\\/l\\\/svm-temp\\\/wp-content\\\/uploads\\\/2022\\\/04\\\/rak-konkret-och-levande-bok-om-franco.png\",\"articleSection\":[\"Artiklar\",\"Kultur &amp; historia\"],\"inLanguage\":\"sv-SE\"},{\"@type\":\"WebPage\",\"@id\":\"https:\\\/\\\/lightweb.dev\\\/l\\\/svm-temp\\\/artiklar\\\/rak-konkret-och-levande-bok-om-franco\\\/\",\"url\":\"https:\\\/\\\/lightweb.dev\\\/l\\\/svm-temp\\\/artiklar\\\/rak-konkret-och-levande-bok-om-franco\\\/\",\"name\":\"Rak, konkret och levande bok om Franco - Svenska Magasinet\",\"isPartOf\":{\"@id\":\"https:\\\/\\\/lightweb.dev\\\/l\\\/svm-temp\\\/#website\"},\"primaryImageOfPage\":{\"@id\":\"https:\\\/\\\/lightweb.dev\\\/l\\\/svm-temp\\\/artiklar\\\/rak-konkret-och-levande-bok-om-franco\\\/#primaryimage\"},\"image\":{\"@id\":\"https:\\\/\\\/lightweb.dev\\\/l\\\/svm-temp\\\/artiklar\\\/rak-konkret-och-levande-bok-om-franco\\\/#primaryimage\"},\"thumbnailUrl\":\"https:\\\/\\\/lightweb.dev\\\/l\\\/svm-temp\\\/wp-content\\\/uploads\\\/2022\\\/04\\\/rak-konkret-och-levande-bok-om-franco.png\",\"datePublished\":\"2012-07-03T22:00:00+00:00\",\"breadcrumb\":{\"@id\":\"https:\\\/\\\/lightweb.dev\\\/l\\\/svm-temp\\\/artiklar\\\/rak-konkret-och-levande-bok-om-franco\\\/#breadcrumb\"},\"inLanguage\":\"sv-SE\",\"potentialAction\":[{\"@type\":\"ReadAction\",\"target\":[\"https:\\\/\\\/lightweb.dev\\\/l\\\/svm-temp\\\/artiklar\\\/rak-konkret-och-levande-bok-om-franco\\\/\"]}]},{\"@type\":\"ImageObject\",\"inLanguage\":\"sv-SE\",\"@id\":\"https:\\\/\\\/lightweb.dev\\\/l\\\/svm-temp\\\/artiklar\\\/rak-konkret-och-levande-bok-om-franco\\\/#primaryimage\",\"url\":\"https:\\\/\\\/lightweb.dev\\\/l\\\/svm-temp\\\/wp-content\\\/uploads\\\/2022\\\/04\\\/rak-konkret-och-levande-bok-om-franco.png\",\"contentUrl\":\"https:\\\/\\\/lightweb.dev\\\/l\\\/svm-temp\\\/wp-content\\\/uploads\\\/2022\\\/04\\\/rak-konkret-och-levande-bok-om-franco.png\",\"width\":280,\"height\":420},{\"@type\":\"BreadcrumbList\",\"@id\":\"https:\\\/\\\/lightweb.dev\\\/l\\\/svm-temp\\\/artiklar\\\/rak-konkret-och-levande-bok-om-franco\\\/#breadcrumb\",\"itemListElement\":[{\"@type\":\"ListItem\",\"position\":1,\"name\":\"Hem\",\"item\":\"https:\\\/\\\/lightweb.dev\\\/l\\\/svm-temp\\\/\"},{\"@type\":\"ListItem\",\"position\":2,\"name\":\"Rak, konkret och levande bok om Franco\"}]},{\"@type\":\"WebSite\",\"@id\":\"https:\\\/\\\/lightweb.dev\\\/l\\\/svm-temp\\\/#website\",\"url\":\"https:\\\/\\\/lightweb.dev\\\/l\\\/svm-temp\\\/\",\"name\":\"Svenska Magasinet\",\"description\":\"Dina Spanska nyheter p&aring; Svenska\",\"publisher\":{\"@id\":\"https:\\\/\\\/lightweb.dev\\\/l\\\/svm-temp\\\/#organization\"},\"potentialAction\":[{\"@type\":\"SearchAction\",\"target\":{\"@type\":\"EntryPoint\",\"urlTemplate\":\"https:\\\/\\\/lightweb.dev\\\/l\\\/svm-temp\\\/?s={search_term_string}\"},\"query-input\":{\"@type\":\"PropertyValueSpecification\",\"valueRequired\":true,\"valueName\":\"search_term_string\"}}],\"inLanguage\":\"sv-SE\"},{\"@type\":\"Organization\",\"@id\":\"https:\\\/\\\/lightweb.dev\\\/l\\\/svm-temp\\\/#organization\",\"name\":\"Melkerson y Nott SL\",\"alternateName\":\"Svenska Magasinet\",\"url\":\"https:\\\/\\\/lightweb.dev\\\/l\\\/svm-temp\\\/\",\"logo\":{\"@type\":\"ImageObject\",\"inLanguage\":\"sv-SE\",\"@id\":\"https:\\\/\\\/lightweb.dev\\\/l\\\/svm-temp\\\/#\\\/schema\\\/logo\\\/image\\\/\",\"url\":\"https:\\\/\\\/lightweb.dev\\\/l\\\/svm-temp\\\/wp-content\\\/uploads\\\/2025\\\/02\\\/SvM-logo-Xtra-Centrerad-SVART.png\",\"contentUrl\":\"https:\\\/\\\/lightweb.dev\\\/l\\\/svm-temp\\\/wp-content\\\/uploads\\\/2025\\\/02\\\/SvM-logo-Xtra-Centrerad-SVART.png\",\"width\":300,\"height\":99,\"caption\":\"Melkerson y Nott SL\"},\"image\":{\"@id\":\"https:\\\/\\\/lightweb.dev\\\/l\\\/svm-temp\\\/#\\\/schema\\\/logo\\\/image\\\/\"},\"sameAs\":[\"https:\\\/\\\/www.facebook.com\\\/svenskamagasinet\",\"https:\\\/\\\/x.com\\\/SvenskaMagasine\"]},{\"@type\":\"Person\",\"@id\":\"https:\\\/\\\/lightweb.dev\\\/l\\\/svm-temp\\\/#\\\/schema\\\/person\\\/206a3bda5b607b0c25e1749191e4d837\",\"name\":\"Redaktionen SvM\",\"description\":\"Redaktionen\",\"sameAs\":[\"https:\\\/\\\/lightweb.dev\\\/l\\\/svm-temp\"],\"url\":\"https:\\\/\\\/lightweb.dev\\\/l\\\/svm-temp\\\/reporter\\\/redaktionen\\\/\"}]}<\/script>\n<!-- \/ Yoast SEO Premium plugin. -->","yoast_head_json":{"title":"Rak, konkret och levande bok om Franco - Svenska Magasinet","robots":{"index":"noindex","follow":"follow","max-snippet":"max-snippet:-1","max-image-preview":"max-image-preview:large","max-video-preview":"max-video-preview:-1"},"og_locale":"sv_SE","og_type":"article","og_title":"Rak, konkret och levande bok om Franco","og_description":"\u201dErs h\u00f6ghet beh\u00f6ver inte vara orolig. L\u00e5t ingenting distrahera Er. Allt \u00e4r ordnat\u201d, s\u00e4ger Franco till Juan Carlos som f\u00f6rs\u00e4krar honom: \u201dJag har l\u00e4rt mig mycket av Er galleguismo\u201d, och de b\u00e5da skrattar \u00e5t uttrycket som vanligtvis anv\u00e4nds om galicier som s\u00e4gs vara t\u00e5liga och ber\u00e4knande. Av Ola Josefsson Roger \u00c4lmebergs bok \u201dFranco \u2013 Diktator [&hellip;]","og_url":"https:\/\/lightweb.dev\/l\/svm-temp\/artiklar\/rak-konkret-och-levande-bok-om-franco\/","og_site_name":"Svenska Magasinet","article_publisher":"https:\/\/www.facebook.com\/svenskamagasinet","article_published_time":"2012-07-03T22:00:00+00:00","og_image":[{"width":280,"height":420,"url":"https:\/\/lightweb.dev\/l\/svm-temp\/wp-content\/uploads\/2022\/04\/rak-konkret-och-levande-bok-om-franco.png","type":"image\/png"}],"author":"Redaktionen SvM","twitter_card":"summary_large_image","twitter_creator":"@SvenskaMagasine","twitter_site":"@SvenskaMagasine","schema":{"@context":"https:\/\/schema.org","@graph":[{"@type":"Article","@id":"https:\/\/lightweb.dev\/l\/svm-temp\/artiklar\/rak-konkret-och-levande-bok-om-franco\/#article","isPartOf":{"@id":"https:\/\/lightweb.dev\/l\/svm-temp\/artiklar\/rak-konkret-och-levande-bok-om-franco\/"},"author":{"name":"Redaktionen SvM","@id":"https:\/\/lightweb.dev\/l\/svm-temp\/#\/schema\/person\/206a3bda5b607b0c25e1749191e4d837"},"headline":"Rak, konkret och levande bok om Franco","datePublished":"2012-07-03T22:00:00+00:00","mainEntityOfPage":{"@id":"https:\/\/lightweb.dev\/l\/svm-temp\/artiklar\/rak-konkret-och-levande-bok-om-franco\/"},"wordCount":1517,"commentCount":0,"publisher":{"@id":"https:\/\/lightweb.dev\/l\/svm-temp\/#organization"},"image":{"@id":"https:\/\/lightweb.dev\/l\/svm-temp\/artiklar\/rak-konkret-och-levande-bok-om-franco\/#primaryimage"},"thumbnailUrl":"https:\/\/lightweb.dev\/l\/svm-temp\/wp-content\/uploads\/2022\/04\/rak-konkret-och-levande-bok-om-franco.png","articleSection":["Artiklar","Kultur &amp; historia"],"inLanguage":"sv-SE"},{"@type":"WebPage","@id":"https:\/\/lightweb.dev\/l\/svm-temp\/artiklar\/rak-konkret-och-levande-bok-om-franco\/","url":"https:\/\/lightweb.dev\/l\/svm-temp\/artiklar\/rak-konkret-och-levande-bok-om-franco\/","name":"Rak, konkret och levande bok om Franco - Svenska Magasinet","isPartOf":{"@id":"https:\/\/lightweb.dev\/l\/svm-temp\/#website"},"primaryImageOfPage":{"@id":"https:\/\/lightweb.dev\/l\/svm-temp\/artiklar\/rak-konkret-och-levande-bok-om-franco\/#primaryimage"},"image":{"@id":"https:\/\/lightweb.dev\/l\/svm-temp\/artiklar\/rak-konkret-och-levande-bok-om-franco\/#primaryimage"},"thumbnailUrl":"https:\/\/lightweb.dev\/l\/svm-temp\/wp-content\/uploads\/2022\/04\/rak-konkret-och-levande-bok-om-franco.png","datePublished":"2012-07-03T22:00:00+00:00","breadcrumb":{"@id":"https:\/\/lightweb.dev\/l\/svm-temp\/artiklar\/rak-konkret-och-levande-bok-om-franco\/#breadcrumb"},"inLanguage":"sv-SE","potentialAction":[{"@type":"ReadAction","target":["https:\/\/lightweb.dev\/l\/svm-temp\/artiklar\/rak-konkret-och-levande-bok-om-franco\/"]}]},{"@type":"ImageObject","inLanguage":"sv-SE","@id":"https:\/\/lightweb.dev\/l\/svm-temp\/artiklar\/rak-konkret-och-levande-bok-om-franco\/#primaryimage","url":"https:\/\/lightweb.dev\/l\/svm-temp\/wp-content\/uploads\/2022\/04\/rak-konkret-och-levande-bok-om-franco.png","contentUrl":"https:\/\/lightweb.dev\/l\/svm-temp\/wp-content\/uploads\/2022\/04\/rak-konkret-och-levande-bok-om-franco.png","width":280,"height":420},{"@type":"BreadcrumbList","@id":"https:\/\/lightweb.dev\/l\/svm-temp\/artiklar\/rak-konkret-och-levande-bok-om-franco\/#breadcrumb","itemListElement":[{"@type":"ListItem","position":1,"name":"Hem","item":"https:\/\/lightweb.dev\/l\/svm-temp\/"},{"@type":"ListItem","position":2,"name":"Rak, konkret och levande bok om Franco"}]},{"@type":"WebSite","@id":"https:\/\/lightweb.dev\/l\/svm-temp\/#website","url":"https:\/\/lightweb.dev\/l\/svm-temp\/","name":"Svenska Magasinet","description":"Dina Spanska nyheter p&aring; Svenska","publisher":{"@id":"https:\/\/lightweb.dev\/l\/svm-temp\/#organization"},"potentialAction":[{"@type":"SearchAction","target":{"@type":"EntryPoint","urlTemplate":"https:\/\/lightweb.dev\/l\/svm-temp\/?s={search_term_string}"},"query-input":{"@type":"PropertyValueSpecification","valueRequired":true,"valueName":"search_term_string"}}],"inLanguage":"sv-SE"},{"@type":"Organization","@id":"https:\/\/lightweb.dev\/l\/svm-temp\/#organization","name":"Melkerson y Nott SL","alternateName":"Svenska Magasinet","url":"https:\/\/lightweb.dev\/l\/svm-temp\/","logo":{"@type":"ImageObject","inLanguage":"sv-SE","@id":"https:\/\/lightweb.dev\/l\/svm-temp\/#\/schema\/logo\/image\/","url":"https:\/\/lightweb.dev\/l\/svm-temp\/wp-content\/uploads\/2025\/02\/SvM-logo-Xtra-Centrerad-SVART.png","contentUrl":"https:\/\/lightweb.dev\/l\/svm-temp\/wp-content\/uploads\/2025\/02\/SvM-logo-Xtra-Centrerad-SVART.png","width":300,"height":99,"caption":"Melkerson y Nott SL"},"image":{"@id":"https:\/\/lightweb.dev\/l\/svm-temp\/#\/schema\/logo\/image\/"},"sameAs":["https:\/\/www.facebook.com\/svenskamagasinet","https:\/\/x.com\/SvenskaMagasine"]},{"@type":"Person","@id":"https:\/\/lightweb.dev\/l\/svm-temp\/#\/schema\/person\/206a3bda5b607b0c25e1749191e4d837","name":"Redaktionen SvM","description":"Redaktionen","sameAs":["https:\/\/lightweb.dev\/l\/svm-temp"],"url":"https:\/\/lightweb.dev\/l\/svm-temp\/reporter\/redaktionen\/"}]}},"_links":{"self":[{"href":"https:\/\/lightweb.dev\/l\/svm-temp\/wp-json\/wp\/v2\/posts\/3691","targetHints":{"allow":["GET"]}}],"collection":[{"href":"https:\/\/lightweb.dev\/l\/svm-temp\/wp-json\/wp\/v2\/posts"}],"about":[{"href":"https:\/\/lightweb.dev\/l\/svm-temp\/wp-json\/wp\/v2\/types\/post"}],"author":[{"embeddable":true,"href":"https:\/\/lightweb.dev\/l\/svm-temp\/wp-json\/wp\/v2\/users\/8"}],"replies":[{"embeddable":true,"href":"https:\/\/lightweb.dev\/l\/svm-temp\/wp-json\/wp\/v2\/comments?post=3691"}],"version-history":[{"count":0,"href":"https:\/\/lightweb.dev\/l\/svm-temp\/wp-json\/wp\/v2\/posts\/3691\/revisions"}],"wp:featuredmedia":[{"embeddable":true,"href":"https:\/\/lightweb.dev\/l\/svm-temp\/wp-json\/wp\/v2\/media\/3692"}],"wp:attachment":[{"href":"https:\/\/lightweb.dev\/l\/svm-temp\/wp-json\/wp\/v2\/media?parent=3691"}],"wp:term":[{"taxonomy":"category","embeddable":true,"href":"https:\/\/lightweb.dev\/l\/svm-temp\/wp-json\/wp\/v2\/categories?post=3691"},{"taxonomy":"post_tag","embeddable":true,"href":"https:\/\/lightweb.dev\/l\/svm-temp\/wp-json\/wp\/v2\/tags?post=3691"}],"curies":[{"name":"wp","href":"https:\/\/api.w.org\/{rel}","templated":true}]}}