{"id":3697,"date":"2012-07-04T00:00:00","date_gmt":"2012-07-03T22:00:00","guid":{"rendered":"https:\/\/lightweb.dev\/l\/svm-temp\/sabina-i-almunecar-satsar-pa-specialmeny-den-15-augusti\/"},"modified":"2012-07-04T00:00:00","modified_gmt":"2012-07-03T22:00:00","slug":"sabina-i-almunecar-satsar-pa-specialmeny-den-15-augusti","status":"publish","type":"post","link":"https:\/\/lightweb.dev\/l\/svm-temp\/artiklar\/sabina-i-almunecar-satsar-pa-specialmeny-den-15-augusti\/","title":{"rendered":"Sabina i Almu\u00f1\u00e9car satsar p\u00e5 specialmeny den 15 augusti"},"content":{"rendered":"<p> Den 15 augusti arrangeras varje \u00e5r i Almu\u00f1\u00e9car, Honor a la Virgen del Carmen, som \u00e4r en av de stora festerna. En procession b\u00f6rjar vid kyrkan Iglesia de la Encarnaci\u00f3n och forts\u00e4tter fram till Playa de San Crist\u00f3bal d\u00e4r m\u00e5nga b\u00e5tar v\u00e4ntar och som sedan forts\u00e4tter fram till Playa Puerta del Mar. Det arrangeras ett mycket sev\u00e4rt vackert fyrverkeri \u00f6ver stranden i kombination med musik och borgen Castilo de San Miguel som ligger p\u00e5 udden Pe\u00f1\u00f3n del Santo \u00e4r fint upplyst.<\/p>\n<p>Under denna kv\u00e4ll kan du f\u00f6lja sk\u00e5despelet b\u00e4st fr\u00e5n terrassen p\u00e5 restaurang Sabina som ligger utmed strandpromenaden i Almu\u00f1\u00e9car. Restaurangen har f\u00f6r kv\u00e4llen den 15 augusti en specialmeny.<\/p>\n<p>Det blir havsfruktsallad som f\u00f6rr\u00e4tt, laxr\u00e4tt och k\u00f6ttr\u00e4tt att v\u00e4lja p\u00e5 till huvudr\u00e4tt samt en l\u00e4tt och god hemmagjord efterr\u00e4tt. Priset ligger p\u00e5 35 euro f\u00f6r tv\u00e5 personer plus en flaska vin per par. Reservera bord i tid.<\/p>\n<p>Fr\u00e5n klockan 21 den 15 augusti st\u00e4ngs gatorna i centrum f\u00f6r det \u00e4r s\u00e5 mycket folk i r\u00f6relse. Kom i tid.<\/p>\n<p>Sabina Caf\u00e9 Restaurante ligger p\u00e5 h\u00f6rnet av Calle Marquita 3 och Paseo Puerta del Mar i Almu\u00f1\u00e9car. Tlf 958 630 245 eller 629 882 696. <\/p>\n","protected":false},"excerpt":{"rendered":"<p>Den 15 augusti arrangeras varje \u00e5r i Almu\u00f1\u00e9car, Honor a la Virgen del Carmen, som \u00e4r en av de stora festerna. En procession b\u00f6rjar vid kyrkan Iglesia de la Encarnaci\u00f3n och forts\u00e4tter fram till Playa de San Crist\u00f3bal d\u00e4r m\u00e5nga b\u00e5tar v\u00e4ntar och som sedan forts\u00e4tter fram till Playa Puerta del Mar. Det arrangeras ett [&hellip;]<\/p>\n","protected":false},"author":8,"featured_media":3698,"comment_status":"open","ping_status":"open","sticky":false,"template":"","format":"standard","meta":{"_et_pb_use_builder":"","_et_pb_old_content":"","_et_gb_content_width":"","footnotes":""},"categories":[396,4],"tags":[],"class_list":["post-3697","post","type-post","status-publish","format-standard","has-post-thumbnail","hentry","category-arkiv-artiklar","category-artiklar"],"yoast_head":"<!-- This site is optimized with the Yoast SEO Premium plugin v26.2 (Yoast SEO v28.2) - https:\/\/yoast.com\/product\/yoast-seo-premium-wordpress\/ -->\n<title>Sabina i Almu\u00f1\u00e9car satsar p\u00e5 specialmeny den 15 augusti - Svenska Magasinet<\/title>\n<meta name=\"robots\" content=\"noindex, follow, max-snippet:-1, max-image-preview:large, max-video-preview:-1\" \/>\n<meta property=\"og:locale\" content=\"sv_SE\" \/>\n<meta property=\"og:type\" content=\"article\" \/>\n<meta property=\"og:title\" content=\"Sabina i Almu\u00f1\u00e9car satsar p\u00e5 specialmeny den 15 augusti\" \/>\n<meta property=\"og:description\" content=\"Den 15 augusti arrangeras varje \u00e5r i Almu\u00f1\u00e9car, Honor a la Virgen del Carmen, som \u00e4r en av de stora festerna. En procession b\u00f6rjar vid kyrkan Iglesia de la Encarnaci\u00f3n och forts\u00e4tter fram till Playa de San Crist\u00f3bal d\u00e4r m\u00e5nga b\u00e5tar v\u00e4ntar och som sedan forts\u00e4tter fram till Playa Puerta del Mar. Det arrangeras ett [&hellip;]\" \/>\n<meta property=\"og:url\" content=\"https:\/\/lightweb.dev\/l\/svm-temp\/artiklar\/sabina-i-almunecar-satsar-pa-specialmeny-den-15-augusti\/\" \/>\n<meta property=\"og:site_name\" content=\"Svenska Magasinet\" \/>\n<meta property=\"article:publisher\" content=\"https:\/\/www.facebook.com\/svenskamagasinet\" \/>\n<meta property=\"article:published_time\" content=\"2012-07-03T22:00:00+00:00\" \/>\n<meta property=\"og:image\" content=\"https:\/\/lightweb.dev\/l\/svm-temp\/wp-content\/uploads\/2022\/04\/sabina-i-almucar-satsar-p-specialmeny-den-15-augusti.png\" \/>\n\t<meta property=\"og:image:width\" content=\"299\" \/>\n\t<meta property=\"og:image:height\" content=\"200\" \/>\n\t<meta property=\"og:image:type\" content=\"image\/png\" \/>\n<meta name=\"author\" content=\"Redaktionen SvM\" \/>\n<meta name=\"twitter:card\" content=\"summary_large_image\" \/>\n<meta name=\"twitter:creator\" content=\"@SvenskaMagasine\" \/>\n<meta name=\"twitter:site\" content=\"@SvenskaMagasine\" \/>\n<script type=\"application\/ld+json\" class=\"yoast-schema-graph\">{\"@context\":\"https:\\\/\\\/schema.org\",\"@graph\":[{\"@type\":\"Article\",\"@id\":\"https:\\\/\\\/lightweb.dev\\\/l\\\/svm-temp\\\/artiklar\\\/sabina-i-almunecar-satsar-pa-specialmeny-den-15-augusti\\\/#article\",\"isPartOf\":{\"@id\":\"https:\\\/\\\/lightweb.dev\\\/l\\\/svm-temp\\\/artiklar\\\/sabina-i-almunecar-satsar-pa-specialmeny-den-15-augusti\\\/\"},\"author\":{\"name\":\"Redaktionen SvM\",\"@id\":\"https:\\\/\\\/lightweb.dev\\\/l\\\/svm-temp\\\/#\\\/schema\\\/person\\\/206a3bda5b607b0c25e1749191e4d837\"},\"headline\":\"Sabina i Almu\u00f1\u00e9car satsar p\u00e5 specialmeny den 15 augusti\",\"datePublished\":\"2012-07-03T22:00:00+00:00\",\"mainEntityOfPage\":{\"@id\":\"https:\\\/\\\/lightweb.dev\\\/l\\\/svm-temp\\\/artiklar\\\/sabina-i-almunecar-satsar-pa-specialmeny-den-15-augusti\\\/\"},\"wordCount\":226,\"commentCount\":0,\"publisher\":{\"@id\":\"https:\\\/\\\/lightweb.dev\\\/l\\\/svm-temp\\\/#organization\"},\"image\":{\"@id\":\"https:\\\/\\\/lightweb.dev\\\/l\\\/svm-temp\\\/artiklar\\\/sabina-i-almunecar-satsar-pa-specialmeny-den-15-augusti\\\/#primaryimage\"},\"thumbnailUrl\":\"https:\\\/\\\/lightweb.dev\\\/l\\\/svm-temp\\\/wp-content\\\/uploads\\\/2022\\\/04\\\/sabina-i-almucar-satsar-p-specialmeny-den-15-augusti.png\",\"articleSection\":[\"Arkiv\",\"Artiklar\"],\"inLanguage\":\"sv-SE\"},{\"@type\":\"WebPage\",\"@id\":\"https:\\\/\\\/lightweb.dev\\\/l\\\/svm-temp\\\/artiklar\\\/sabina-i-almunecar-satsar-pa-specialmeny-den-15-augusti\\\/\",\"url\":\"https:\\\/\\\/lightweb.dev\\\/l\\\/svm-temp\\\/artiklar\\\/sabina-i-almunecar-satsar-pa-specialmeny-den-15-augusti\\\/\",\"name\":\"Sabina i Almu\u00f1\u00e9car satsar p\u00e5 specialmeny den 15 augusti - Svenska Magasinet\",\"isPartOf\":{\"@id\":\"https:\\\/\\\/lightweb.dev\\\/l\\\/svm-temp\\\/#website\"},\"primaryImageOfPage\":{\"@id\":\"https:\\\/\\\/lightweb.dev\\\/l\\\/svm-temp\\\/artiklar\\\/sabina-i-almunecar-satsar-pa-specialmeny-den-15-augusti\\\/#primaryimage\"},\"image\":{\"@id\":\"https:\\\/\\\/lightweb.dev\\\/l\\\/svm-temp\\\/artiklar\\\/sabina-i-almunecar-satsar-pa-specialmeny-den-15-augusti\\\/#primaryimage\"},\"thumbnailUrl\":\"https:\\\/\\\/lightweb.dev\\\/l\\\/svm-temp\\\/wp-content\\\/uploads\\\/2022\\\/04\\\/sabina-i-almucar-satsar-p-specialmeny-den-15-augusti.png\",\"datePublished\":\"2012-07-03T22:00:00+00:00\",\"breadcrumb\":{\"@id\":\"https:\\\/\\\/lightweb.dev\\\/l\\\/svm-temp\\\/artiklar\\\/sabina-i-almunecar-satsar-pa-specialmeny-den-15-augusti\\\/#breadcrumb\"},\"inLanguage\":\"sv-SE\",\"potentialAction\":[{\"@type\":\"ReadAction\",\"target\":[\"https:\\\/\\\/lightweb.dev\\\/l\\\/svm-temp\\\/artiklar\\\/sabina-i-almunecar-satsar-pa-specialmeny-den-15-augusti\\\/\"]}]},{\"@type\":\"ImageObject\",\"inLanguage\":\"sv-SE\",\"@id\":\"https:\\\/\\\/lightweb.dev\\\/l\\\/svm-temp\\\/artiklar\\\/sabina-i-almunecar-satsar-pa-specialmeny-den-15-augusti\\\/#primaryimage\",\"url\":\"https:\\\/\\\/lightweb.dev\\\/l\\\/svm-temp\\\/wp-content\\\/uploads\\\/2022\\\/04\\\/sabina-i-almucar-satsar-p-specialmeny-den-15-augusti.png\",\"contentUrl\":\"https:\\\/\\\/lightweb.dev\\\/l\\\/svm-temp\\\/wp-content\\\/uploads\\\/2022\\\/04\\\/sabina-i-almucar-satsar-p-specialmeny-den-15-augusti.png\",\"width\":299,\"height\":200},{\"@type\":\"BreadcrumbList\",\"@id\":\"https:\\\/\\\/lightweb.dev\\\/l\\\/svm-temp\\\/artiklar\\\/sabina-i-almunecar-satsar-pa-specialmeny-den-15-augusti\\\/#breadcrumb\",\"itemListElement\":[{\"@type\":\"ListItem\",\"position\":1,\"name\":\"Hem\",\"item\":\"https:\\\/\\\/lightweb.dev\\\/l\\\/svm-temp\\\/\"},{\"@type\":\"ListItem\",\"position\":2,\"name\":\"Sabina i Almu\u00f1\u00e9car satsar p\u00e5 specialmeny den 15 augusti\"}]},{\"@type\":\"WebSite\",\"@id\":\"https:\\\/\\\/lightweb.dev\\\/l\\\/svm-temp\\\/#website\",\"url\":\"https:\\\/\\\/lightweb.dev\\\/l\\\/svm-temp\\\/\",\"name\":\"Svenska Magasinet\",\"description\":\"Dina Spanska nyheter p&aring; Svenska\",\"publisher\":{\"@id\":\"https:\\\/\\\/lightweb.dev\\\/l\\\/svm-temp\\\/#organization\"},\"potentialAction\":[{\"@type\":\"SearchAction\",\"target\":{\"@type\":\"EntryPoint\",\"urlTemplate\":\"https:\\\/\\\/lightweb.dev\\\/l\\\/svm-temp\\\/?s={search_term_string}\"},\"query-input\":{\"@type\":\"PropertyValueSpecification\",\"valueRequired\":true,\"valueName\":\"search_term_string\"}}],\"inLanguage\":\"sv-SE\"},{\"@type\":\"Organization\",\"@id\":\"https:\\\/\\\/lightweb.dev\\\/l\\\/svm-temp\\\/#organization\",\"name\":\"Melkerson y Nott SL\",\"alternateName\":\"Svenska Magasinet\",\"url\":\"https:\\\/\\\/lightweb.dev\\\/l\\\/svm-temp\\\/\",\"logo\":{\"@type\":\"ImageObject\",\"inLanguage\":\"sv-SE\",\"@id\":\"https:\\\/\\\/lightweb.dev\\\/l\\\/svm-temp\\\/#\\\/schema\\\/logo\\\/image\\\/\",\"url\":\"https:\\\/\\\/lightweb.dev\\\/l\\\/svm-temp\\\/wp-content\\\/uploads\\\/2025\\\/02\\\/SvM-logo-Xtra-Centrerad-SVART.png\",\"contentUrl\":\"https:\\\/\\\/lightweb.dev\\\/l\\\/svm-temp\\\/wp-content\\\/uploads\\\/2025\\\/02\\\/SvM-logo-Xtra-Centrerad-SVART.png\",\"width\":300,\"height\":99,\"caption\":\"Melkerson y Nott SL\"},\"image\":{\"@id\":\"https:\\\/\\\/lightweb.dev\\\/l\\\/svm-temp\\\/#\\\/schema\\\/logo\\\/image\\\/\"},\"sameAs\":[\"https:\\\/\\\/www.facebook.com\\\/svenskamagasinet\",\"https:\\\/\\\/x.com\\\/SvenskaMagasine\"]},{\"@type\":\"Person\",\"@id\":\"https:\\\/\\\/lightweb.dev\\\/l\\\/svm-temp\\\/#\\\/schema\\\/person\\\/206a3bda5b607b0c25e1749191e4d837\",\"name\":\"Redaktionen SvM\",\"description\":\"Redaktionen\",\"sameAs\":[\"https:\\\/\\\/lightweb.dev\\\/l\\\/svm-temp\"],\"url\":\"https:\\\/\\\/lightweb.dev\\\/l\\\/svm-temp\\\/reporter\\\/redaktionen\\\/\"}]}<\/script>\n<!-- \/ Yoast SEO Premium plugin. -->","yoast_head_json":{"title":"Sabina i Almu\u00f1\u00e9car satsar p\u00e5 specialmeny den 15 augusti - Svenska Magasinet","robots":{"index":"noindex","follow":"follow","max-snippet":"max-snippet:-1","max-image-preview":"max-image-preview:large","max-video-preview":"max-video-preview:-1"},"og_locale":"sv_SE","og_type":"article","og_title":"Sabina i Almu\u00f1\u00e9car satsar p\u00e5 specialmeny den 15 augusti","og_description":"Den 15 augusti arrangeras varje \u00e5r i Almu\u00f1\u00e9car, Honor a la Virgen del Carmen, som \u00e4r en av de stora festerna. En procession b\u00f6rjar vid kyrkan Iglesia de la Encarnaci\u00f3n och forts\u00e4tter fram till Playa de San Crist\u00f3bal d\u00e4r m\u00e5nga b\u00e5tar v\u00e4ntar och som sedan forts\u00e4tter fram till Playa Puerta del Mar. Det arrangeras ett [&hellip;]","og_url":"https:\/\/lightweb.dev\/l\/svm-temp\/artiklar\/sabina-i-almunecar-satsar-pa-specialmeny-den-15-augusti\/","og_site_name":"Svenska Magasinet","article_publisher":"https:\/\/www.facebook.com\/svenskamagasinet","article_published_time":"2012-07-03T22:00:00+00:00","og_image":[{"width":299,"height":200,"url":"https:\/\/lightweb.dev\/l\/svm-temp\/wp-content\/uploads\/2022\/04\/sabina-i-almucar-satsar-p-specialmeny-den-15-augusti.png","type":"image\/png"}],"author":"Redaktionen SvM","twitter_card":"summary_large_image","twitter_creator":"@SvenskaMagasine","twitter_site":"@SvenskaMagasine","schema":{"@context":"https:\/\/schema.org","@graph":[{"@type":"Article","@id":"https:\/\/lightweb.dev\/l\/svm-temp\/artiklar\/sabina-i-almunecar-satsar-pa-specialmeny-den-15-augusti\/#article","isPartOf":{"@id":"https:\/\/lightweb.dev\/l\/svm-temp\/artiklar\/sabina-i-almunecar-satsar-pa-specialmeny-den-15-augusti\/"},"author":{"name":"Redaktionen SvM","@id":"https:\/\/lightweb.dev\/l\/svm-temp\/#\/schema\/person\/206a3bda5b607b0c25e1749191e4d837"},"headline":"Sabina i Almu\u00f1\u00e9car satsar p\u00e5 specialmeny den 15 augusti","datePublished":"2012-07-03T22:00:00+00:00","mainEntityOfPage":{"@id":"https:\/\/lightweb.dev\/l\/svm-temp\/artiklar\/sabina-i-almunecar-satsar-pa-specialmeny-den-15-augusti\/"},"wordCount":226,"commentCount":0,"publisher":{"@id":"https:\/\/lightweb.dev\/l\/svm-temp\/#organization"},"image":{"@id":"https:\/\/lightweb.dev\/l\/svm-temp\/artiklar\/sabina-i-almunecar-satsar-pa-specialmeny-den-15-augusti\/#primaryimage"},"thumbnailUrl":"https:\/\/lightweb.dev\/l\/svm-temp\/wp-content\/uploads\/2022\/04\/sabina-i-almucar-satsar-p-specialmeny-den-15-augusti.png","articleSection":["Arkiv","Artiklar"],"inLanguage":"sv-SE"},{"@type":"WebPage","@id":"https:\/\/lightweb.dev\/l\/svm-temp\/artiklar\/sabina-i-almunecar-satsar-pa-specialmeny-den-15-augusti\/","url":"https:\/\/lightweb.dev\/l\/svm-temp\/artiklar\/sabina-i-almunecar-satsar-pa-specialmeny-den-15-augusti\/","name":"Sabina i Almu\u00f1\u00e9car satsar p\u00e5 specialmeny den 15 augusti - Svenska Magasinet","isPartOf":{"@id":"https:\/\/lightweb.dev\/l\/svm-temp\/#website"},"primaryImageOfPage":{"@id":"https:\/\/lightweb.dev\/l\/svm-temp\/artiklar\/sabina-i-almunecar-satsar-pa-specialmeny-den-15-augusti\/#primaryimage"},"image":{"@id":"https:\/\/lightweb.dev\/l\/svm-temp\/artiklar\/sabina-i-almunecar-satsar-pa-specialmeny-den-15-augusti\/#primaryimage"},"thumbnailUrl":"https:\/\/lightweb.dev\/l\/svm-temp\/wp-content\/uploads\/2022\/04\/sabina-i-almucar-satsar-p-specialmeny-den-15-augusti.png","datePublished":"2012-07-03T22:00:00+00:00","breadcrumb":{"@id":"https:\/\/lightweb.dev\/l\/svm-temp\/artiklar\/sabina-i-almunecar-satsar-pa-specialmeny-den-15-augusti\/#breadcrumb"},"inLanguage":"sv-SE","potentialAction":[{"@type":"ReadAction","target":["https:\/\/lightweb.dev\/l\/svm-temp\/artiklar\/sabina-i-almunecar-satsar-pa-specialmeny-den-15-augusti\/"]}]},{"@type":"ImageObject","inLanguage":"sv-SE","@id":"https:\/\/lightweb.dev\/l\/svm-temp\/artiklar\/sabina-i-almunecar-satsar-pa-specialmeny-den-15-augusti\/#primaryimage","url":"https:\/\/lightweb.dev\/l\/svm-temp\/wp-content\/uploads\/2022\/04\/sabina-i-almucar-satsar-p-specialmeny-den-15-augusti.png","contentUrl":"https:\/\/lightweb.dev\/l\/svm-temp\/wp-content\/uploads\/2022\/04\/sabina-i-almucar-satsar-p-specialmeny-den-15-augusti.png","width":299,"height":200},{"@type":"BreadcrumbList","@id":"https:\/\/lightweb.dev\/l\/svm-temp\/artiklar\/sabina-i-almunecar-satsar-pa-specialmeny-den-15-augusti\/#breadcrumb","itemListElement":[{"@type":"ListItem","position":1,"name":"Hem","item":"https:\/\/lightweb.dev\/l\/svm-temp\/"},{"@type":"ListItem","position":2,"name":"Sabina i Almu\u00f1\u00e9car satsar p\u00e5 specialmeny den 15 augusti"}]},{"@type":"WebSite","@id":"https:\/\/lightweb.dev\/l\/svm-temp\/#website","url":"https:\/\/lightweb.dev\/l\/svm-temp\/","name":"Svenska Magasinet","description":"Dina Spanska nyheter p&aring; Svenska","publisher":{"@id":"https:\/\/lightweb.dev\/l\/svm-temp\/#organization"},"potentialAction":[{"@type":"SearchAction","target":{"@type":"EntryPoint","urlTemplate":"https:\/\/lightweb.dev\/l\/svm-temp\/?s={search_term_string}"},"query-input":{"@type":"PropertyValueSpecification","valueRequired":true,"valueName":"search_term_string"}}],"inLanguage":"sv-SE"},{"@type":"Organization","@id":"https:\/\/lightweb.dev\/l\/svm-temp\/#organization","name":"Melkerson y Nott SL","alternateName":"Svenska Magasinet","url":"https:\/\/lightweb.dev\/l\/svm-temp\/","logo":{"@type":"ImageObject","inLanguage":"sv-SE","@id":"https:\/\/lightweb.dev\/l\/svm-temp\/#\/schema\/logo\/image\/","url":"https:\/\/lightweb.dev\/l\/svm-temp\/wp-content\/uploads\/2025\/02\/SvM-logo-Xtra-Centrerad-SVART.png","contentUrl":"https:\/\/lightweb.dev\/l\/svm-temp\/wp-content\/uploads\/2025\/02\/SvM-logo-Xtra-Centrerad-SVART.png","width":300,"height":99,"caption":"Melkerson y Nott SL"},"image":{"@id":"https:\/\/lightweb.dev\/l\/svm-temp\/#\/schema\/logo\/image\/"},"sameAs":["https:\/\/www.facebook.com\/svenskamagasinet","https:\/\/x.com\/SvenskaMagasine"]},{"@type":"Person","@id":"https:\/\/lightweb.dev\/l\/svm-temp\/#\/schema\/person\/206a3bda5b607b0c25e1749191e4d837","name":"Redaktionen SvM","description":"Redaktionen","sameAs":["https:\/\/lightweb.dev\/l\/svm-temp"],"url":"https:\/\/lightweb.dev\/l\/svm-temp\/reporter\/redaktionen\/"}]}},"_links":{"self":[{"href":"https:\/\/lightweb.dev\/l\/svm-temp\/wp-json\/wp\/v2\/posts\/3697","targetHints":{"allow":["GET"]}}],"collection":[{"href":"https:\/\/lightweb.dev\/l\/svm-temp\/wp-json\/wp\/v2\/posts"}],"about":[{"href":"https:\/\/lightweb.dev\/l\/svm-temp\/wp-json\/wp\/v2\/types\/post"}],"author":[{"embeddable":true,"href":"https:\/\/lightweb.dev\/l\/svm-temp\/wp-json\/wp\/v2\/users\/8"}],"replies":[{"embeddable":true,"href":"https:\/\/lightweb.dev\/l\/svm-temp\/wp-json\/wp\/v2\/comments?post=3697"}],"version-history":[{"count":0,"href":"https:\/\/lightweb.dev\/l\/svm-temp\/wp-json\/wp\/v2\/posts\/3697\/revisions"}],"wp:featuredmedia":[{"embeddable":true,"href":"https:\/\/lightweb.dev\/l\/svm-temp\/wp-json\/wp\/v2\/media\/3698"}],"wp:attachment":[{"href":"https:\/\/lightweb.dev\/l\/svm-temp\/wp-json\/wp\/v2\/media?parent=3697"}],"wp:term":[{"taxonomy":"category","embeddable":true,"href":"https:\/\/lightweb.dev\/l\/svm-temp\/wp-json\/wp\/v2\/categories?post=3697"},{"taxonomy":"post_tag","embeddable":true,"href":"https:\/\/lightweb.dev\/l\/svm-temp\/wp-json\/wp\/v2\/tags?post=3697"}],"curies":[{"name":"wp","href":"https:\/\/api.w.org\/{rel}","templated":true}]}}