{"id":3813,"date":"2012-04-10T00:00:00","date_gmt":"2012-04-09T22:00:00","guid":{"rendered":"https:\/\/lightweb.dev\/l\/svm-temp\/spanien-just-nu-kungligt-guldbrollop\/"},"modified":"2012-04-10T00:00:00","modified_gmt":"2012-04-09T22:00:00","slug":"spanien-just-nu-kungligt-guldbrollop","status":"publish","type":"post","link":"https:\/\/lightweb.dev\/l\/svm-temp\/artiklar\/spanien-just-nu-kungligt-guldbrollop\/","title":{"rendered":"Spanien just nu \u2013 kungligt guldbr\u00f6llop"},"content":{"rendered":"<p> Intresset f\u00f6r historia och den spanska kungafamiljen har aldrig varit st\u00f6rre rapporterar spansk media. Intresset \u00e5terspeglas i den publicering som skett under de senaste m\u00e5naderna d\u00e5 ett halvt dussin b\u00f6cker utkommit. Av Ola Josefsson<br \/>\nDen spanska monarkin \u00e4r i rampljuset av flera sk\u00e4l, men inte bara p\u00e5 nyhetssidorna \u00e4r v\u00e4l b\u00e4st att till\u00e4gga. Faktum \u00e4r att det spanska kungahuset \u00e5tnjuter stort f\u00f6rtroende, betydligt st\u00f6rre f\u00f6rtroende \u00e4n de demokratiskt valda politikerna. Ett konstaterande som kan vara sv\u00e5rsm\u00e4lt \u00e4ven f\u00f6r vissa delar av journalistk\u00e5ren som menar att monarki \u00e4r en relik fr\u00e5n gamla tider och som inte passar in i den sanna demokratins anda.<br \/>\nFaktum \u00e4r att sju av tio spanjorer anser att monarkin \u00e4r bra f\u00f6r Spanien. Det visar en f\u00e4rsk unders\u00f6kning fr\u00e5n DYM som gjordes den 6 och 7 mars, det vill s\u00e4ga tio dagar efter att kung Don Juan Carlos sv\u00e4rson I\u00f1aki Urdangar\u00edn blivit utfr\u00e5gad vid en r\u00e4tteg\u00e5ng i Palma de Mallorca f\u00f6r p\u00e5st\u00e5dd korruption.<br \/>\nOch jag vet att m\u00e5nga Spaniensvenskar k\u00e4nner p\u00e5 samma s\u00e4tt. Majoriteten av de Spaniensvenskar jag har m\u00f6tt genom \u00e5rens lopp st\u00f6der monarkin. Det handlar om v\u00e4rderingar som grundlades f\u00f6r l\u00e4nge sedan.<br \/>\nDet spanska folkets betyg b\u00f6r i r\u00e4ttvisans namn tas i beaktande n\u00e4r vissa grupper anv\u00e4nder fallet \u201dUrdangar\u00edn\u201d som en f\u00f6rev\u00e4ndning f\u00f6r att attackera hela institutionen med monarki i Spanien.<\/p>\n<p>Kravet p\u00e5 en republik h\u00f6rs med j\u00e4mna mellanrum i Spanien, fr\u00e4mst fr\u00e5n v\u00e4nsterh\u00e5ll. Vid tv\u00e5 tillf\u00e4llen har landet utropats till republik. Vid b\u00e5da tillf\u00e4llena har det varit kaos. Vid den f\u00f6rsta republiken lyckades man med konststycket att avverka fyra presidenter p\u00e5 elva m\u00e5nader. Senast slutade det med inb\u00f6rdeskrig och det \u00e4r v\u00e4rt att notera att flera historiker som ansedda Antony Beevor menar att det \u00e4r viktigt att l\u00e5ta myten om den oklanderliga republiken bli f\u00f6rem\u00e5l f\u00f6r en f\u00f6rnyad granskning. Flera s\u00e4ger att det var v\u00e4nstern som startade oroligheterna 1934 som ledde fram till spanska inb\u00f6rdeskriget.<\/p>\n<p>Kung Juan Carlos \u00e4r en av Spaniens b\u00e4sta tillg\u00e5ngar n\u00e4r bilden av landet ska visas upp utomlands. Hans Majest\u00e4t Konungen har redan f\u00e5tt omfattande utm\u00e4rkelser v\u00e4rlden \u00f6ver f\u00f6r sin roll i Spaniens \u00f6verg\u00e5ng till demokrati. Det \u00e4r en \u00f6verg\u00e5ng som har blivit en modell f\u00f6r andra nationer som ska f\u00f6rs\u00f6ka komma ur diktatur.<\/p>\n<p>Juan Carlos och do\u00f1a Sofia tr\u00e4ffades f\u00f6rsta g\u00e5ngen p\u00e5 fartyget Agamen\u00f3n 1954. Det var drottning  Frederika av Hannover som hade organiserat en kryssning i grekiska \u00f6v\u00e4rldens f\u00f6r n\u00e5gra av Europas kungahus. H\u00e4r tr\u00e4ffades 16-\u00e5ringarna Sof\u00eda och Juan Carlos.<br \/>\n\u201dKlick\u201d sa det f\u00f6rst i samband med br\u00f6llopsfesten f\u00f6r Prins Edward, hertig av Kent och Katharine Worsley den 8 juni 1961. De hamnade vid samma bord vid en middag p\u00e5 hotell Savoy, d\u00e4rav titeln p\u00e5 en nyligen utgiven bok.<\/p>\n<p>Den 14 maj firar Spaniens kung don Juan Carlos I de Borb\u00f3n och drottning do\u00f1a Sofia guldbr\u00f6llop. Det har d\u00e5 g\u00e5tt 50 \u00e5r sedan prinsessan av Grekland och Danmark sa ja till Juan Carlos och tre br\u00f6llopsceremonier h\u00f6lls; katolsk, borgerlig och grekisk ortodox samt en efterf\u00f6ljande br\u00f6llopsfest p\u00e5 slottet i Aten.<\/p>\n<p>Flera b\u00f6cker om den spanska kungafamiljen har utkommit. Den brittiska f\u00f6rfattaren Andrew Morton som skrev prinsessan Dianas biografi kommer senare i \u00e5r ut med ytterligare en. Morton \u00e4r f\u00f6r n\u00e4rvarande i Spanien och bedriver forskning i \u00e4mnet och har visat s\u00e4rskilt intresse kring prinsessan Letizia och eventuella paralleller med prinsessan Diana.<\/p>\n<p>En av de b\u00e4ttre och mer seri\u00f6sa b\u00f6ckerna p\u00e5 bokhyllan just nu \u00e4r \u201dUn t\u00e9 en el Savoy\u201d av f\u00f6rfattaren M\u00e0rius Carol som f\u00f6rsvarar den spanska monarkin p\u00e5 ett f\u00f6red\u00f6mligt s\u00e4tt. \u201dOm kungen har varit en mycket popul\u00e4r karakt\u00e4r s\u00e5 \u00e4r drottningen en felfri person utan en enda fl\u00e4ck p\u00e5 karri\u00e4ren. F\u00f6rutom n\u00e5got missf\u00f6rst\u00e5nd har det spanska kungaparet bildat ett vinnande tandem-par som har bidraget till den l\u00e4ngsta etappen av demokrati i Spanien\u201d.<\/p>\n<p>S\u00e5 st\u00e5r det i prologen till \u201dUn t\u00e9 en el Savoy\u201d undertecknad av Jos\u00e9 Cus\u00ed en n\u00e4ra v\u00e4n till don Juan Carlos I. Undertexten till bokens titel bekr\u00e4ftar inneh\u00e5llet: 50 \u00e5r i Spaniens tj\u00e4nst.<\/p>\n<p>Det finns ocks\u00e5 mer trista historier som boken \u201dLa soledad de la Reina\u201d skriven av journalisten Pilar Eyre som enligt egna utsagor har haft en aff\u00e4r med kungen. Flera av Pilar Eyres konspirationer \u00e4r billiga och ytliga, vad skvallerpressen och enstaka bloggare insinuerar inom det som r\u00e4knas f\u00f6r s\u00e4ngkammarjournalistik l\u00e4mnar jag d\u00e4rh\u00e4n. Till\u00e4ggas kan att f\u00f6rfattaren M\u00e0rius Carol fullst\u00e4ndigt tar avst\u00e5nd fr\u00e5n Pilar Eyres teorier. <\/p>\n","protected":false},"excerpt":{"rendered":"<p>Intresset f\u00f6r historia och den spanska kungafamiljen har aldrig varit st\u00f6rre rapporterar spansk media. Intresset \u00e5terspeglas i den publicering som skett under de senaste m\u00e5naderna d\u00e5 ett halvt dussin b\u00f6cker utkommit. Av Ola Josefsson Den spanska monarkin \u00e4r i rampljuset av flera sk\u00e4l, men inte bara p\u00e5 nyhetssidorna \u00e4r v\u00e4l b\u00e4st att till\u00e4gga. Faktum \u00e4r [&hellip;]<\/p>\n","protected":false},"author":8,"featured_media":3814,"comment_status":"open","ping_status":"open","sticky":false,"template":"","format":"standard","meta":{"_et_pb_use_builder":"","_et_pb_old_content":"","_et_gb_content_width":"","footnotes":""},"categories":[4,36],"tags":[],"class_list":["post-3813","post","type-post","status-publish","format-standard","has-post-thumbnail","hentry","category-artiklar","category-spanien-just-nu"],"yoast_head":"<!-- This site is optimized with the Yoast SEO Premium plugin v26.2 (Yoast SEO v28.2) - https:\/\/yoast.com\/product\/yoast-seo-premium-wordpress\/ -->\n<title>Spanien just nu \u2013 kungligt guldbr\u00f6llop - Svenska Magasinet<\/title>\n<meta name=\"robots\" content=\"noindex, follow, max-snippet:-1, max-image-preview:large, max-video-preview:-1\" \/>\n<meta property=\"og:locale\" content=\"sv_SE\" \/>\n<meta property=\"og:type\" content=\"article\" \/>\n<meta property=\"og:title\" content=\"Spanien just nu \u2013 kungligt guldbr\u00f6llop\" \/>\n<meta property=\"og:description\" content=\"Intresset f\u00f6r historia och den spanska kungafamiljen har aldrig varit st\u00f6rre rapporterar spansk media. Intresset \u00e5terspeglas i den publicering som skett under de senaste m\u00e5naderna d\u00e5 ett halvt dussin b\u00f6cker utkommit. Av Ola Josefsson Den spanska monarkin \u00e4r i rampljuset av flera sk\u00e4l, men inte bara p\u00e5 nyhetssidorna \u00e4r v\u00e4l b\u00e4st att till\u00e4gga. Faktum \u00e4r [&hellip;]\" \/>\n<meta property=\"og:url\" content=\"https:\/\/lightweb.dev\/l\/svm-temp\/artiklar\/spanien-just-nu-kungligt-guldbrollop\/\" \/>\n<meta property=\"og:site_name\" content=\"Svenska Magasinet\" \/>\n<meta property=\"article:publisher\" content=\"https:\/\/www.facebook.com\/svenskamagasinet\" \/>\n<meta property=\"article:published_time\" content=\"2012-04-09T22:00:00+00:00\" \/>\n<meta property=\"og:image\" content=\"https:\/\/lightweb.dev\/l\/svm-temp\/wp-content\/uploads\/2022\/04\/spanien-just-nu-kungligt-guldbrllop.png\" \/>\n\t<meta property=\"og:image:width\" content=\"280\" \/>\n\t<meta property=\"og:image:height\" content=\"374\" \/>\n\t<meta property=\"og:image:type\" content=\"image\/png\" \/>\n<meta name=\"author\" content=\"Redaktionen SvM\" \/>\n<meta name=\"twitter:card\" content=\"summary_large_image\" \/>\n<meta name=\"twitter:creator\" content=\"@SvenskaMagasine\" \/>\n<meta name=\"twitter:site\" content=\"@SvenskaMagasine\" \/>\n<script type=\"application\/ld+json\" class=\"yoast-schema-graph\">{\"@context\":\"https:\\\/\\\/schema.org\",\"@graph\":[{\"@type\":\"Article\",\"@id\":\"https:\\\/\\\/lightweb.dev\\\/l\\\/svm-temp\\\/artiklar\\\/spanien-just-nu-kungligt-guldbrollop\\\/#article\",\"isPartOf\":{\"@id\":\"https:\\\/\\\/lightweb.dev\\\/l\\\/svm-temp\\\/artiklar\\\/spanien-just-nu-kungligt-guldbrollop\\\/\"},\"author\":{\"name\":\"Redaktionen SvM\",\"@id\":\"https:\\\/\\\/lightweb.dev\\\/l\\\/svm-temp\\\/#\\\/schema\\\/person\\\/206a3bda5b607b0c25e1749191e4d837\"},\"headline\":\"Spanien just nu \u2013 kungligt guldbr\u00f6llop\",\"datePublished\":\"2012-04-09T22:00:00+00:00\",\"mainEntityOfPage\":{\"@id\":\"https:\\\/\\\/lightweb.dev\\\/l\\\/svm-temp\\\/artiklar\\\/spanien-just-nu-kungligt-guldbrollop\\\/\"},\"wordCount\":858,\"commentCount\":0,\"publisher\":{\"@id\":\"https:\\\/\\\/lightweb.dev\\\/l\\\/svm-temp\\\/#organization\"},\"image\":{\"@id\":\"https:\\\/\\\/lightweb.dev\\\/l\\\/svm-temp\\\/artiklar\\\/spanien-just-nu-kungligt-guldbrollop\\\/#primaryimage\"},\"thumbnailUrl\":\"https:\\\/\\\/lightweb.dev\\\/l\\\/svm-temp\\\/wp-content\\\/uploads\\\/2022\\\/04\\\/spanien-just-nu-kungligt-guldbrllop.png\",\"articleSection\":[\"Artiklar\",\"Spanien just nu\"],\"inLanguage\":\"sv-SE\"},{\"@type\":\"WebPage\",\"@id\":\"https:\\\/\\\/lightweb.dev\\\/l\\\/svm-temp\\\/artiklar\\\/spanien-just-nu-kungligt-guldbrollop\\\/\",\"url\":\"https:\\\/\\\/lightweb.dev\\\/l\\\/svm-temp\\\/artiklar\\\/spanien-just-nu-kungligt-guldbrollop\\\/\",\"name\":\"Spanien just nu \u2013 kungligt guldbr\u00f6llop - Svenska Magasinet\",\"isPartOf\":{\"@id\":\"https:\\\/\\\/lightweb.dev\\\/l\\\/svm-temp\\\/#website\"},\"primaryImageOfPage\":{\"@id\":\"https:\\\/\\\/lightweb.dev\\\/l\\\/svm-temp\\\/artiklar\\\/spanien-just-nu-kungligt-guldbrollop\\\/#primaryimage\"},\"image\":{\"@id\":\"https:\\\/\\\/lightweb.dev\\\/l\\\/svm-temp\\\/artiklar\\\/spanien-just-nu-kungligt-guldbrollop\\\/#primaryimage\"},\"thumbnailUrl\":\"https:\\\/\\\/lightweb.dev\\\/l\\\/svm-temp\\\/wp-content\\\/uploads\\\/2022\\\/04\\\/spanien-just-nu-kungligt-guldbrllop.png\",\"datePublished\":\"2012-04-09T22:00:00+00:00\",\"breadcrumb\":{\"@id\":\"https:\\\/\\\/lightweb.dev\\\/l\\\/svm-temp\\\/artiklar\\\/spanien-just-nu-kungligt-guldbrollop\\\/#breadcrumb\"},\"inLanguage\":\"sv-SE\",\"potentialAction\":[{\"@type\":\"ReadAction\",\"target\":[\"https:\\\/\\\/lightweb.dev\\\/l\\\/svm-temp\\\/artiklar\\\/spanien-just-nu-kungligt-guldbrollop\\\/\"]}]},{\"@type\":\"ImageObject\",\"inLanguage\":\"sv-SE\",\"@id\":\"https:\\\/\\\/lightweb.dev\\\/l\\\/svm-temp\\\/artiklar\\\/spanien-just-nu-kungligt-guldbrollop\\\/#primaryimage\",\"url\":\"https:\\\/\\\/lightweb.dev\\\/l\\\/svm-temp\\\/wp-content\\\/uploads\\\/2022\\\/04\\\/spanien-just-nu-kungligt-guldbrllop.png\",\"contentUrl\":\"https:\\\/\\\/lightweb.dev\\\/l\\\/svm-temp\\\/wp-content\\\/uploads\\\/2022\\\/04\\\/spanien-just-nu-kungligt-guldbrllop.png\",\"width\":280,\"height\":374},{\"@type\":\"BreadcrumbList\",\"@id\":\"https:\\\/\\\/lightweb.dev\\\/l\\\/svm-temp\\\/artiklar\\\/spanien-just-nu-kungligt-guldbrollop\\\/#breadcrumb\",\"itemListElement\":[{\"@type\":\"ListItem\",\"position\":1,\"name\":\"Hem\",\"item\":\"https:\\\/\\\/lightweb.dev\\\/l\\\/svm-temp\\\/\"},{\"@type\":\"ListItem\",\"position\":2,\"name\":\"Spanien just nu \u2013 kungligt guldbr\u00f6llop\"}]},{\"@type\":\"WebSite\",\"@id\":\"https:\\\/\\\/lightweb.dev\\\/l\\\/svm-temp\\\/#website\",\"url\":\"https:\\\/\\\/lightweb.dev\\\/l\\\/svm-temp\\\/\",\"name\":\"Svenska Magasinet\",\"description\":\"Dina Spanska nyheter p&aring; Svenska\",\"publisher\":{\"@id\":\"https:\\\/\\\/lightweb.dev\\\/l\\\/svm-temp\\\/#organization\"},\"potentialAction\":[{\"@type\":\"SearchAction\",\"target\":{\"@type\":\"EntryPoint\",\"urlTemplate\":\"https:\\\/\\\/lightweb.dev\\\/l\\\/svm-temp\\\/?s={search_term_string}\"},\"query-input\":{\"@type\":\"PropertyValueSpecification\",\"valueRequired\":true,\"valueName\":\"search_term_string\"}}],\"inLanguage\":\"sv-SE\"},{\"@type\":\"Organization\",\"@id\":\"https:\\\/\\\/lightweb.dev\\\/l\\\/svm-temp\\\/#organization\",\"name\":\"Melkerson y Nott SL\",\"alternateName\":\"Svenska Magasinet\",\"url\":\"https:\\\/\\\/lightweb.dev\\\/l\\\/svm-temp\\\/\",\"logo\":{\"@type\":\"ImageObject\",\"inLanguage\":\"sv-SE\",\"@id\":\"https:\\\/\\\/lightweb.dev\\\/l\\\/svm-temp\\\/#\\\/schema\\\/logo\\\/image\\\/\",\"url\":\"https:\\\/\\\/lightweb.dev\\\/l\\\/svm-temp\\\/wp-content\\\/uploads\\\/2025\\\/02\\\/SvM-logo-Xtra-Centrerad-SVART.png\",\"contentUrl\":\"https:\\\/\\\/lightweb.dev\\\/l\\\/svm-temp\\\/wp-content\\\/uploads\\\/2025\\\/02\\\/SvM-logo-Xtra-Centrerad-SVART.png\",\"width\":300,\"height\":99,\"caption\":\"Melkerson y Nott SL\"},\"image\":{\"@id\":\"https:\\\/\\\/lightweb.dev\\\/l\\\/svm-temp\\\/#\\\/schema\\\/logo\\\/image\\\/\"},\"sameAs\":[\"https:\\\/\\\/www.facebook.com\\\/svenskamagasinet\",\"https:\\\/\\\/x.com\\\/SvenskaMagasine\"]},{\"@type\":\"Person\",\"@id\":\"https:\\\/\\\/lightweb.dev\\\/l\\\/svm-temp\\\/#\\\/schema\\\/person\\\/206a3bda5b607b0c25e1749191e4d837\",\"name\":\"Redaktionen SvM\",\"description\":\"Redaktionen\",\"sameAs\":[\"https:\\\/\\\/lightweb.dev\\\/l\\\/svm-temp\"],\"url\":\"https:\\\/\\\/lightweb.dev\\\/l\\\/svm-temp\\\/reporter\\\/redaktionen\\\/\"}]}<\/script>\n<!-- \/ Yoast SEO Premium plugin. -->","yoast_head_json":{"title":"Spanien just nu \u2013 kungligt guldbr\u00f6llop - Svenska Magasinet","robots":{"index":"noindex","follow":"follow","max-snippet":"max-snippet:-1","max-image-preview":"max-image-preview:large","max-video-preview":"max-video-preview:-1"},"og_locale":"sv_SE","og_type":"article","og_title":"Spanien just nu \u2013 kungligt guldbr\u00f6llop","og_description":"Intresset f\u00f6r historia och den spanska kungafamiljen har aldrig varit st\u00f6rre rapporterar spansk media. Intresset \u00e5terspeglas i den publicering som skett under de senaste m\u00e5naderna d\u00e5 ett halvt dussin b\u00f6cker utkommit. Av Ola Josefsson Den spanska monarkin \u00e4r i rampljuset av flera sk\u00e4l, men inte bara p\u00e5 nyhetssidorna \u00e4r v\u00e4l b\u00e4st att till\u00e4gga. Faktum \u00e4r [&hellip;]","og_url":"https:\/\/lightweb.dev\/l\/svm-temp\/artiklar\/spanien-just-nu-kungligt-guldbrollop\/","og_site_name":"Svenska Magasinet","article_publisher":"https:\/\/www.facebook.com\/svenskamagasinet","article_published_time":"2012-04-09T22:00:00+00:00","og_image":[{"width":280,"height":374,"url":"https:\/\/lightweb.dev\/l\/svm-temp\/wp-content\/uploads\/2022\/04\/spanien-just-nu-kungligt-guldbrllop.png","type":"image\/png"}],"author":"Redaktionen SvM","twitter_card":"summary_large_image","twitter_creator":"@SvenskaMagasine","twitter_site":"@SvenskaMagasine","schema":{"@context":"https:\/\/schema.org","@graph":[{"@type":"Article","@id":"https:\/\/lightweb.dev\/l\/svm-temp\/artiklar\/spanien-just-nu-kungligt-guldbrollop\/#article","isPartOf":{"@id":"https:\/\/lightweb.dev\/l\/svm-temp\/artiklar\/spanien-just-nu-kungligt-guldbrollop\/"},"author":{"name":"Redaktionen SvM","@id":"https:\/\/lightweb.dev\/l\/svm-temp\/#\/schema\/person\/206a3bda5b607b0c25e1749191e4d837"},"headline":"Spanien just nu \u2013 kungligt guldbr\u00f6llop","datePublished":"2012-04-09T22:00:00+00:00","mainEntityOfPage":{"@id":"https:\/\/lightweb.dev\/l\/svm-temp\/artiklar\/spanien-just-nu-kungligt-guldbrollop\/"},"wordCount":858,"commentCount":0,"publisher":{"@id":"https:\/\/lightweb.dev\/l\/svm-temp\/#organization"},"image":{"@id":"https:\/\/lightweb.dev\/l\/svm-temp\/artiklar\/spanien-just-nu-kungligt-guldbrollop\/#primaryimage"},"thumbnailUrl":"https:\/\/lightweb.dev\/l\/svm-temp\/wp-content\/uploads\/2022\/04\/spanien-just-nu-kungligt-guldbrllop.png","articleSection":["Artiklar","Spanien just nu"],"inLanguage":"sv-SE"},{"@type":"WebPage","@id":"https:\/\/lightweb.dev\/l\/svm-temp\/artiklar\/spanien-just-nu-kungligt-guldbrollop\/","url":"https:\/\/lightweb.dev\/l\/svm-temp\/artiklar\/spanien-just-nu-kungligt-guldbrollop\/","name":"Spanien just nu \u2013 kungligt guldbr\u00f6llop - Svenska Magasinet","isPartOf":{"@id":"https:\/\/lightweb.dev\/l\/svm-temp\/#website"},"primaryImageOfPage":{"@id":"https:\/\/lightweb.dev\/l\/svm-temp\/artiklar\/spanien-just-nu-kungligt-guldbrollop\/#primaryimage"},"image":{"@id":"https:\/\/lightweb.dev\/l\/svm-temp\/artiklar\/spanien-just-nu-kungligt-guldbrollop\/#primaryimage"},"thumbnailUrl":"https:\/\/lightweb.dev\/l\/svm-temp\/wp-content\/uploads\/2022\/04\/spanien-just-nu-kungligt-guldbrllop.png","datePublished":"2012-04-09T22:00:00+00:00","breadcrumb":{"@id":"https:\/\/lightweb.dev\/l\/svm-temp\/artiklar\/spanien-just-nu-kungligt-guldbrollop\/#breadcrumb"},"inLanguage":"sv-SE","potentialAction":[{"@type":"ReadAction","target":["https:\/\/lightweb.dev\/l\/svm-temp\/artiklar\/spanien-just-nu-kungligt-guldbrollop\/"]}]},{"@type":"ImageObject","inLanguage":"sv-SE","@id":"https:\/\/lightweb.dev\/l\/svm-temp\/artiklar\/spanien-just-nu-kungligt-guldbrollop\/#primaryimage","url":"https:\/\/lightweb.dev\/l\/svm-temp\/wp-content\/uploads\/2022\/04\/spanien-just-nu-kungligt-guldbrllop.png","contentUrl":"https:\/\/lightweb.dev\/l\/svm-temp\/wp-content\/uploads\/2022\/04\/spanien-just-nu-kungligt-guldbrllop.png","width":280,"height":374},{"@type":"BreadcrumbList","@id":"https:\/\/lightweb.dev\/l\/svm-temp\/artiklar\/spanien-just-nu-kungligt-guldbrollop\/#breadcrumb","itemListElement":[{"@type":"ListItem","position":1,"name":"Hem","item":"https:\/\/lightweb.dev\/l\/svm-temp\/"},{"@type":"ListItem","position":2,"name":"Spanien just nu \u2013 kungligt guldbr\u00f6llop"}]},{"@type":"WebSite","@id":"https:\/\/lightweb.dev\/l\/svm-temp\/#website","url":"https:\/\/lightweb.dev\/l\/svm-temp\/","name":"Svenska Magasinet","description":"Dina Spanska nyheter p&aring; Svenska","publisher":{"@id":"https:\/\/lightweb.dev\/l\/svm-temp\/#organization"},"potentialAction":[{"@type":"SearchAction","target":{"@type":"EntryPoint","urlTemplate":"https:\/\/lightweb.dev\/l\/svm-temp\/?s={search_term_string}"},"query-input":{"@type":"PropertyValueSpecification","valueRequired":true,"valueName":"search_term_string"}}],"inLanguage":"sv-SE"},{"@type":"Organization","@id":"https:\/\/lightweb.dev\/l\/svm-temp\/#organization","name":"Melkerson y Nott SL","alternateName":"Svenska Magasinet","url":"https:\/\/lightweb.dev\/l\/svm-temp\/","logo":{"@type":"ImageObject","inLanguage":"sv-SE","@id":"https:\/\/lightweb.dev\/l\/svm-temp\/#\/schema\/logo\/image\/","url":"https:\/\/lightweb.dev\/l\/svm-temp\/wp-content\/uploads\/2025\/02\/SvM-logo-Xtra-Centrerad-SVART.png","contentUrl":"https:\/\/lightweb.dev\/l\/svm-temp\/wp-content\/uploads\/2025\/02\/SvM-logo-Xtra-Centrerad-SVART.png","width":300,"height":99,"caption":"Melkerson y Nott SL"},"image":{"@id":"https:\/\/lightweb.dev\/l\/svm-temp\/#\/schema\/logo\/image\/"},"sameAs":["https:\/\/www.facebook.com\/svenskamagasinet","https:\/\/x.com\/SvenskaMagasine"]},{"@type":"Person","@id":"https:\/\/lightweb.dev\/l\/svm-temp\/#\/schema\/person\/206a3bda5b607b0c25e1749191e4d837","name":"Redaktionen SvM","description":"Redaktionen","sameAs":["https:\/\/lightweb.dev\/l\/svm-temp"],"url":"https:\/\/lightweb.dev\/l\/svm-temp\/reporter\/redaktionen\/"}]}},"_links":{"self":[{"href":"https:\/\/lightweb.dev\/l\/svm-temp\/wp-json\/wp\/v2\/posts\/3813","targetHints":{"allow":["GET"]}}],"collection":[{"href":"https:\/\/lightweb.dev\/l\/svm-temp\/wp-json\/wp\/v2\/posts"}],"about":[{"href":"https:\/\/lightweb.dev\/l\/svm-temp\/wp-json\/wp\/v2\/types\/post"}],"author":[{"embeddable":true,"href":"https:\/\/lightweb.dev\/l\/svm-temp\/wp-json\/wp\/v2\/users\/8"}],"replies":[{"embeddable":true,"href":"https:\/\/lightweb.dev\/l\/svm-temp\/wp-json\/wp\/v2\/comments?post=3813"}],"version-history":[{"count":0,"href":"https:\/\/lightweb.dev\/l\/svm-temp\/wp-json\/wp\/v2\/posts\/3813\/revisions"}],"wp:featuredmedia":[{"embeddable":true,"href":"https:\/\/lightweb.dev\/l\/svm-temp\/wp-json\/wp\/v2\/media\/3814"}],"wp:attachment":[{"href":"https:\/\/lightweb.dev\/l\/svm-temp\/wp-json\/wp\/v2\/media?parent=3813"}],"wp:term":[{"taxonomy":"category","embeddable":true,"href":"https:\/\/lightweb.dev\/l\/svm-temp\/wp-json\/wp\/v2\/categories?post=3813"},{"taxonomy":"post_tag","embeddable":true,"href":"https:\/\/lightweb.dev\/l\/svm-temp\/wp-json\/wp\/v2\/tags?post=3813"}],"curies":[{"name":"wp","href":"https:\/\/api.w.org\/{rel}","templated":true}]}}