{"id":3842,"date":"2012-03-13T00:00:00","date_gmt":"2012-03-12T23:00:00","guid":{"rendered":"https:\/\/lightweb.dev\/l\/svm-temp\/spanien-just-nu-ratt-folk-vid-ratt-bord\/"},"modified":"2024-04-27T13:21:16","modified_gmt":"2024-04-27T11:21:16","slug":"spanien-just-nu-ratt-folk-vid-ratt-bord","status":"publish","type":"post","link":"https:\/\/lightweb.dev\/l\/svm-temp\/artiklar\/spanien-just-nu-ratt-folk-vid-ratt-bord\/","title":{"rendered":"Spanien just nu \u2013 \u201dr\u00e4tt folk vid r\u00e4tt bord\u201d"},"content":{"rendered":"<p><strong>St Moritz, Gstaad, Cannes, Deauville, Palm Springs, Sardinien, Monte Carlo och Saint-Tropez. Visst \u00e4r det platser som har en speciell klang.<\/strong><\/p>\n<p><strong>H\u00e4r finns jet-set-liv och miljard\u00e4rer och till denna Elitserie ska Solkustens p\u00e4rla Marbella kvala in.<\/strong><\/p>\n<p><img loading=\"lazy\" decoding=\"async\" class=\"size-medium wp-image-68301 alignleft\" src=\"https:\/\/lightweb.dev\/l\/svm-temp\/wp-content\/uploads\/2023\/12\/Ola-ny-Stor-300x107.jpeg\" alt=\"\" width=\"300\" height=\"107\" srcset=\"https:\/\/lightweb.dev\/l\/svm-temp\/wp-content\/uploads\/2023\/12\/Ola-ny-Stor-300x107.jpeg 300w, https:\/\/lightweb.dev\/l\/svm-temp\/wp-content\/uploads\/2023\/12\/Ola-ny-Stor-768x275.jpeg 768w, https:\/\/lightweb.dev\/l\/svm-temp\/wp-content\/uploads\/2023\/12\/Ola-ny-Stor-610x218.jpeg 610w, https:\/\/lightweb.dev\/l\/svm-temp\/wp-content\/uploads\/2023\/12\/Ola-ny-Stor-600x215.jpeg 600w, https:\/\/lightweb.dev\/l\/svm-temp\/wp-content\/uploads\/2023\/12\/Ola-ny-Stor.jpeg 800w\" sizes=\"(max-width: 300px) 100vw, 300px\" \/><\/p>\n<p>En g\u00e5ng i tiden tillh\u00f6rde Marbella denna exklusiva skara. Mycket tack vare Prins Alfonso de Hohenlohe-Langenburg. Sj\u00e4lv hade jag aldrig bes\u00f6kt det spanska fastlandet f\u00f6rr\u00e4n jag kom till Marbella en stekhet augustidag 1988. Dessf\u00f6rinnan hade det blivit de spanska \u00f6arna sedan 1969 d\u00e5 jag som tv\u00e5\u00e5ring satte min fot p\u00e5 Las Canteras-stranden i Las Palmas.<\/p>\n<p>1988 l\u00e4ste jag en v\u00e4lskriven artikel av Alfonso de Hohenlohe-Langenburg. D\u00e4r ber\u00e4ttade prinsen om livet i Marbella och om hur han startade Marbella Club 1954. Ava Gardner, Kim Novak, Gunilla von Bismarck, Audrey Hepburn, Guy de Rothschild, Frans Josef, Cary Grant och Laurence Olivier \u00e4r n\u00e5gra som varit g\u00e4ster p\u00e5 Solkustens mest anrika st\u00e4lle.<\/p>\n<p>Prins Alfonso de Hohenlohe, som l\u00e4mnade oss den 21 december 2003, var en glad miljard\u00e4r. Ty att vara miljard\u00e4r \u00e4r inte alltid s\u00e5 l\u00e4tt, som prinsen sj\u00e4lv skrev. Han hade levt med dem hela sitt liv. Det tillkommer nya miljard\u00e4rer varje \u00e5r. \u201dMen f\u00f6rst\u00e5r de att leva\u201d, fr\u00e5gade sig Alfonso de Hohenlohe i artikeln som var publicerad i det numera nedlagda m\u00e5nadstidningen Z.<\/p>\n<p>\u201dDet finns m\u00e4nniskor som dagarna i \u00e4nda talar om sina helikoptrar och sina piloter. De tror att jet-setet \u00e4r n\u00e5gra som h\u00e4ller litet sand \u00f6ver en bit papper och d\u00e4rmed er\u00f6vrar \u00f6knen. Dessa m\u00e4nniskor kommer aldrig att ta sig in i v\u00e5r v\u00e4rld\u201d, skrev Alfonso de Hohenlohe som visste var han ville leva och hur han ville leva.<\/p>\n<p>\u201dDet \u00e4r h\u00e4r i Marbella som Europas natur vaknar. Jasminerna blommar redan i mars\u201d, skrev han och fortsatte:<\/p>\n<p>\u201d\u00c4r inte detta en underbarare g\u00e5va till en ung, nyfiken kvinna \u00e4n en enkarats diamant&#8230;\u201d.<br \/>\nAlfonso de Hohenlohe kunde uttrycka sig och fr\u00e5gan \u00e4r om den arabiska och ryska jet-set-v\u00e4rlden i Marbella har samma inst\u00e4llning som prinsen till livets verkligt goda. \u201dDen andra intr\u00e4desbiljetten till v\u00e5r v\u00e4rld \u00e4r k\u00e4rleken till fullkomning, till perfektion\u201d, skrev prinsen vidare.<\/p>\n<p>En stor uppslagen bild i m\u00e5nadstidningen Z som jag har sparat visar Prins Alfonso hur han dansar och ler p\u00e5 sin egen klubb i Marbella: \u201dEn sann jet-setare visar aldrig sorg, bara gl\u00e4dje\u201d.<\/p>\n<p>Han var en m\u00e4stare p\u00e5 citat. L\u00e5t mig bjuda p\u00e5 n\u00e5gra:<\/p>\n<p>\u201dI v\u00e5r v\u00e4rld talar man inte om aff\u00e4rer, om problem, om d\u00f6d och om sjukdomar. Inget \u00e4r l\u00e5ngtr\u00e5kigare \u00e4n en m\u00e4nniska som diskuterar problem\u201d.<\/p>\n<p>\u201dGunter Sachs, Adnan Kashoggi, furstinnan Gloria, min f\u00f6rsta fru Ira von F\u00fcrstenberg \u00e4r m\u00e4stare p\u00e5 att skapa st\u00e4mning. R\u00e4tt folk, vid r\u00e4tt bord, det \u00e4r hemligheten\u201d.<\/p>\n<p>\u201dAldrig skulle n\u00e5gon som tillh\u00f6r jet setet grilla sig i solen \u2013 de har redan en smula f\u00e4rg, och detta \u00e5ret om\u201d.<\/p>\n<p>Prins Alfonso de Hohenlohe var Marbellas store man. Det har skrivits hyllmeter om prinsen f\u00f6r det han gjorde f\u00f6r Marbella. I f\u00f6rra numret av Svenska Magasinet ber\u00e4ttade vi om Marbellas comeback i de stora sammanhangen. Via arabiska och ryska intressen, oljedollar och riktad marknadsf\u00f6ring ska det ljuva livet tillbaka. Det l\u00e5ter bra, Marbella \u00e4r viktigt f\u00f6r Solkustens dragningskraft.<\/p>\n<p>Rent personligt beundrar jag Marbellas borgm\u00e4stare \u00c1ngeles Mu\u00f1oz. En fantastisk kvinna som sedan maj 2007 \u00e4r borgm\u00e4stare. Jag kom att t\u00e4nka p\u00e5 Mu\u00f1oz n\u00e4r jag h\u00f6rde Partido Populars kandidat till presidentposten i Andalusien, Javier Arenas, tala om ett \u201dfruktansv\u00e4rt arv\u201d i h\u00e4ndelse av valseger den 25 mars. PP l\u00e4r ju f\u00e5 ta \u00f6ver efter 30 \u00e5rs socialdemokratiskt styre i Andalusien. Det ska bli intressant och se vad som kommer fram ur g\u00f6mmorna.<\/p>\n<p>\u00c1ngeles Mu\u00f1oz fick ta \u00f6ver ett \u201dfruktansv\u00e4rt arv\u201d. Efter valsegern i kommunvalet i maj 2007 fick hon den (o)tacksamma uppgiften att rensa upp och \u00e5terst\u00e4lla Marbella skamfilade ryckte med korruption, urusel ekonomi och sl\u00e4pande byggkontroll efter GIL-epoken.<\/p>\n<p>\u201dJag ser verkligen fram emot att f\u00e5 \u00e5terst\u00e4lla Marbellas ryckte, nu ska det bli ordning och reda. Med r\u00e4tt verktyg ska vi fixa detta\u201d, sa \u00c1ngeles Mu\u00f1oz n\u00e4r hon g\u00e4sttalade hos nordiska rotarianer f\u00f6r ett par \u00e5r sedan.<\/p>\n<p>Nu har vi verktygen, de heter \u201dutl\u00e4ndska investeringar\u201d. Med regeringsskifte i Andalusien kommer Marbella och Sevilla att tala samma spr\u00e5k fram\u00f6ver. Det \u00e4r positivt f\u00f6r hela Costa del Sol. F\u00f6r oavsett om vi bor i Torremolinos, Rinc\u00f3n de la Victoria eller Manilva s\u00e5 gynnas vi alla av Marbellas dragningskraft.<\/p>\n<p>Vi gl\u00f6mmer inte heller Prins Alfonso de Hohenlohe, eller som Spaniens kung Juan Carlos sa n\u00e4r han bes\u00f6kte Marbella Club: \u201dAlfonso, Marbella \u00e4r ditt verk\u201d.<\/p>\n","protected":false},"excerpt":{"rendered":"<p>St Moritz, Gstaad, Cannes, Deauville, Palm Springs, Sardinien, Monte Carlo och Saint-Tropez. Visst \u00e4r det platser som har en speciell klang. H\u00e4r finns jet-set-liv och miljard\u00e4rer och till denna Elitserie ska Solkustens p\u00e4rla Marbella kvala in&#8230;<\/p>\n","protected":false},"author":7,"featured_media":71489,"comment_status":"open","ping_status":"open","sticky":false,"template":"","format":"standard","meta":{"_et_pb_use_builder":"","_et_pb_old_content":"","_et_gb_content_width":"","footnotes":""},"categories":[4,36],"tags":[],"class_list":["post-3842","post","type-post","status-publish","format-standard","has-post-thumbnail","hentry","category-artiklar","category-spanien-just-nu"],"yoast_head":"<!-- This site is optimized with the Yoast SEO Premium plugin v26.2 (Yoast SEO v28.2) - https:\/\/yoast.com\/product\/yoast-seo-premium-wordpress\/ -->\n<title>Spanien just nu \u2013 \u201dr\u00e4tt folk vid r\u00e4tt bord\u201d - Svenska Magasinet<\/title>\n<meta name=\"description\" content=\"St Moritz, Gstaad, Cannes, Deauville, Palm Springs, Sardinien, Monte Carlo och Saint-Tropez. Visst \u00e4r det platser som har en speciell klang. H\u00e4r finns jet-set-liv och miljard\u00e4rer och till denna Elitserie ska Solkustens p\u00e4rla Marbella kvala in.\" \/>\n<meta name=\"robots\" content=\"noindex, follow, max-snippet:-1, max-image-preview:large, max-video-preview:-1\" \/>\n<meta property=\"og:locale\" content=\"sv_SE\" \/>\n<meta property=\"og:type\" content=\"article\" \/>\n<meta property=\"og:title\" content=\"Spanien just nu \u2013 \u201dr\u00e4tt folk vid r\u00e4tt bord\u201d\" \/>\n<meta property=\"og:description\" content=\"St Moritz, Gstaad, Cannes, Deauville, Palm Springs, Sardinien, Monte Carlo och Saint-Tropez. Visst \u00e4r det platser som har en speciell klang. H\u00e4r finns jet-set-liv och miljard\u00e4rer och till denna Elitserie ska Solkustens p\u00e4rla Marbella kvala in.\" \/>\n<meta property=\"og:url\" content=\"https:\/\/lightweb.dev\/l\/svm-temp\/artiklar\/spanien-just-nu-ratt-folk-vid-ratt-bord\/\" \/>\n<meta property=\"og:site_name\" content=\"Svenska Magasinet\" \/>\n<meta property=\"article:publisher\" content=\"https:\/\/www.facebook.com\/svenskamagasinet\" \/>\n<meta property=\"article:published_time\" content=\"2012-03-12T23:00:00+00:00\" \/>\n<meta property=\"article:modified_time\" content=\"2024-04-27T11:21:16+00:00\" \/>\n<meta property=\"og:image\" content=\"https:\/\/lightweb.dev\/l\/svm-temp\/wp-content\/uploads\/2012\/03\/IMG_1816-stor.jpeg\" \/>\n\t<meta property=\"og:image:width\" content=\"1280\" \/>\n\t<meta property=\"og:image:height\" content=\"960\" \/>\n\t<meta property=\"og:image:type\" content=\"image\/jpeg\" \/>\n<meta name=\"author\" content=\"Ola Josefsson\" \/>\n<meta name=\"twitter:card\" content=\"summary_large_image\" \/>\n<meta name=\"twitter:creator\" content=\"@SvenskaMagasine\" \/>\n<meta name=\"twitter:site\" content=\"@SvenskaMagasine\" \/>\n<script type=\"application\/ld+json\" class=\"yoast-schema-graph\">{\"@context\":\"https:\\\/\\\/schema.org\",\"@graph\":[{\"@type\":\"Article\",\"@id\":\"https:\\\/\\\/lightweb.dev\\\/l\\\/svm-temp\\\/artiklar\\\/spanien-just-nu-ratt-folk-vid-ratt-bord\\\/#article\",\"isPartOf\":{\"@id\":\"https:\\\/\\\/lightweb.dev\\\/l\\\/svm-temp\\\/artiklar\\\/spanien-just-nu-ratt-folk-vid-ratt-bord\\\/\"},\"author\":{\"name\":\"Ola Josefsson\",\"@id\":\"https:\\\/\\\/lightweb.dev\\\/l\\\/svm-temp\\\/#\\\/schema\\\/person\\\/7a82b8a73d171d32360a564b6d03508e\"},\"headline\":\"Spanien just nu \u2013 \u201dr\u00e4tt folk vid r\u00e4tt bord\u201d\",\"datePublished\":\"2012-03-12T23:00:00+00:00\",\"dateModified\":\"2024-04-27T11:21:16+00:00\",\"mainEntityOfPage\":{\"@id\":\"https:\\\/\\\/lightweb.dev\\\/l\\\/svm-temp\\\/artiklar\\\/spanien-just-nu-ratt-folk-vid-ratt-bord\\\/\"},\"wordCount\":838,\"commentCount\":0,\"publisher\":{\"@id\":\"https:\\\/\\\/lightweb.dev\\\/l\\\/svm-temp\\\/#organization\"},\"image\":{\"@id\":\"https:\\\/\\\/lightweb.dev\\\/l\\\/svm-temp\\\/artiklar\\\/spanien-just-nu-ratt-folk-vid-ratt-bord\\\/#primaryimage\"},\"thumbnailUrl\":\"https:\\\/\\\/lightweb.dev\\\/l\\\/svm-temp\\\/wp-content\\\/uploads\\\/2012\\\/03\\\/IMG_1816-stor.jpeg\",\"articleSection\":[\"Artiklar\",\"Spanien just nu\"],\"inLanguage\":\"sv-SE\"},{\"@type\":\"WebPage\",\"@id\":\"https:\\\/\\\/lightweb.dev\\\/l\\\/svm-temp\\\/artiklar\\\/spanien-just-nu-ratt-folk-vid-ratt-bord\\\/\",\"url\":\"https:\\\/\\\/lightweb.dev\\\/l\\\/svm-temp\\\/artiklar\\\/spanien-just-nu-ratt-folk-vid-ratt-bord\\\/\",\"name\":\"Spanien just nu \u2013 \u201dr\u00e4tt folk vid r\u00e4tt bord\u201d - Svenska Magasinet\",\"isPartOf\":{\"@id\":\"https:\\\/\\\/lightweb.dev\\\/l\\\/svm-temp\\\/#website\"},\"primaryImageOfPage\":{\"@id\":\"https:\\\/\\\/lightweb.dev\\\/l\\\/svm-temp\\\/artiklar\\\/spanien-just-nu-ratt-folk-vid-ratt-bord\\\/#primaryimage\"},\"image\":{\"@id\":\"https:\\\/\\\/lightweb.dev\\\/l\\\/svm-temp\\\/artiklar\\\/spanien-just-nu-ratt-folk-vid-ratt-bord\\\/#primaryimage\"},\"thumbnailUrl\":\"https:\\\/\\\/lightweb.dev\\\/l\\\/svm-temp\\\/wp-content\\\/uploads\\\/2012\\\/03\\\/IMG_1816-stor.jpeg\",\"datePublished\":\"2012-03-12T23:00:00+00:00\",\"dateModified\":\"2024-04-27T11:21:16+00:00\",\"description\":\"St Moritz, Gstaad, Cannes, Deauville, Palm Springs, Sardinien, Monte Carlo och Saint-Tropez. Visst \u00e4r det platser som har en speciell klang. H\u00e4r finns jet-set-liv och miljard\u00e4rer och till denna Elitserie ska Solkustens p\u00e4rla Marbella kvala in.\",\"breadcrumb\":{\"@id\":\"https:\\\/\\\/lightweb.dev\\\/l\\\/svm-temp\\\/artiklar\\\/spanien-just-nu-ratt-folk-vid-ratt-bord\\\/#breadcrumb\"},\"inLanguage\":\"sv-SE\",\"potentialAction\":[{\"@type\":\"ReadAction\",\"target\":[\"https:\\\/\\\/lightweb.dev\\\/l\\\/svm-temp\\\/artiklar\\\/spanien-just-nu-ratt-folk-vid-ratt-bord\\\/\"]}]},{\"@type\":\"ImageObject\",\"inLanguage\":\"sv-SE\",\"@id\":\"https:\\\/\\\/lightweb.dev\\\/l\\\/svm-temp\\\/artiklar\\\/spanien-just-nu-ratt-folk-vid-ratt-bord\\\/#primaryimage\",\"url\":\"https:\\\/\\\/lightweb.dev\\\/l\\\/svm-temp\\\/wp-content\\\/uploads\\\/2012\\\/03\\\/IMG_1816-stor.jpeg\",\"contentUrl\":\"https:\\\/\\\/lightweb.dev\\\/l\\\/svm-temp\\\/wp-content\\\/uploads\\\/2012\\\/03\\\/IMG_1816-stor.jpeg\",\"width\":1280,\"height\":960},{\"@type\":\"BreadcrumbList\",\"@id\":\"https:\\\/\\\/lightweb.dev\\\/l\\\/svm-temp\\\/artiklar\\\/spanien-just-nu-ratt-folk-vid-ratt-bord\\\/#breadcrumb\",\"itemListElement\":[{\"@type\":\"ListItem\",\"position\":1,\"name\":\"Hem\",\"item\":\"https:\\\/\\\/lightweb.dev\\\/l\\\/svm-temp\\\/\"},{\"@type\":\"ListItem\",\"position\":2,\"name\":\"Spanien just nu \u2013 \u201dr\u00e4tt folk vid r\u00e4tt bord\u201d\"}]},{\"@type\":\"WebSite\",\"@id\":\"https:\\\/\\\/lightweb.dev\\\/l\\\/svm-temp\\\/#website\",\"url\":\"https:\\\/\\\/lightweb.dev\\\/l\\\/svm-temp\\\/\",\"name\":\"Svenska Magasinet\",\"description\":\"Dina Spanska nyheter p&aring; Svenska\",\"publisher\":{\"@id\":\"https:\\\/\\\/lightweb.dev\\\/l\\\/svm-temp\\\/#organization\"},\"potentialAction\":[{\"@type\":\"SearchAction\",\"target\":{\"@type\":\"EntryPoint\",\"urlTemplate\":\"https:\\\/\\\/lightweb.dev\\\/l\\\/svm-temp\\\/?s={search_term_string}\"},\"query-input\":{\"@type\":\"PropertyValueSpecification\",\"valueRequired\":true,\"valueName\":\"search_term_string\"}}],\"inLanguage\":\"sv-SE\"},{\"@type\":\"Organization\",\"@id\":\"https:\\\/\\\/lightweb.dev\\\/l\\\/svm-temp\\\/#organization\",\"name\":\"Melkerson y Nott SL\",\"alternateName\":\"Svenska Magasinet\",\"url\":\"https:\\\/\\\/lightweb.dev\\\/l\\\/svm-temp\\\/\",\"logo\":{\"@type\":\"ImageObject\",\"inLanguage\":\"sv-SE\",\"@id\":\"https:\\\/\\\/lightweb.dev\\\/l\\\/svm-temp\\\/#\\\/schema\\\/logo\\\/image\\\/\",\"url\":\"https:\\\/\\\/lightweb.dev\\\/l\\\/svm-temp\\\/wp-content\\\/uploads\\\/2025\\\/02\\\/SvM-logo-Xtra-Centrerad-SVART.png\",\"contentUrl\":\"https:\\\/\\\/lightweb.dev\\\/l\\\/svm-temp\\\/wp-content\\\/uploads\\\/2025\\\/02\\\/SvM-logo-Xtra-Centrerad-SVART.png\",\"width\":300,\"height\":99,\"caption\":\"Melkerson y Nott SL\"},\"image\":{\"@id\":\"https:\\\/\\\/lightweb.dev\\\/l\\\/svm-temp\\\/#\\\/schema\\\/logo\\\/image\\\/\"},\"sameAs\":[\"https:\\\/\\\/www.facebook.com\\\/svenskamagasinet\",\"https:\\\/\\\/x.com\\\/SvenskaMagasine\"]},{\"@type\":\"Person\",\"@id\":\"https:\\\/\\\/lightweb.dev\\\/l\\\/svm-temp\\\/#\\\/schema\\\/person\\\/7a82b8a73d171d32360a564b6d03508e\",\"name\":\"Ola Josefsson\",\"description\":\"Bevakar Solkusten och Spanien sedan 1994.\",\"sameAs\":[\"https:\\\/\\\/lightweb.dev\\\/l\\\/svm-temp\"],\"url\":\"https:\\\/\\\/lightweb.dev\\\/l\\\/svm-temp\\\/reporter\\\/ola-josefsson\\\/\"}]}<\/script>\n<!-- \/ Yoast SEO Premium plugin. -->","yoast_head_json":{"title":"Spanien just nu \u2013 \u201dr\u00e4tt folk vid r\u00e4tt bord\u201d - Svenska Magasinet","description":"St Moritz, Gstaad, Cannes, Deauville, Palm Springs, Sardinien, Monte Carlo och Saint-Tropez. Visst \u00e4r det platser som har en speciell klang. H\u00e4r finns jet-set-liv och miljard\u00e4rer och till denna Elitserie ska Solkustens p\u00e4rla Marbella kvala in.","robots":{"index":"noindex","follow":"follow","max-snippet":"max-snippet:-1","max-image-preview":"max-image-preview:large","max-video-preview":"max-video-preview:-1"},"og_locale":"sv_SE","og_type":"article","og_title":"Spanien just nu \u2013 \u201dr\u00e4tt folk vid r\u00e4tt bord\u201d","og_description":"St Moritz, Gstaad, Cannes, Deauville, Palm Springs, Sardinien, Monte Carlo och Saint-Tropez. Visst \u00e4r det platser som har en speciell klang. H\u00e4r finns jet-set-liv och miljard\u00e4rer och till denna Elitserie ska Solkustens p\u00e4rla Marbella kvala in.","og_url":"https:\/\/lightweb.dev\/l\/svm-temp\/artiklar\/spanien-just-nu-ratt-folk-vid-ratt-bord\/","og_site_name":"Svenska Magasinet","article_publisher":"https:\/\/www.facebook.com\/svenskamagasinet","article_published_time":"2012-03-12T23:00:00+00:00","article_modified_time":"2024-04-27T11:21:16+00:00","og_image":[{"width":1280,"height":960,"url":"https:\/\/lightweb.dev\/l\/svm-temp\/wp-content\/uploads\/2012\/03\/IMG_1816-stor.jpeg","type":"image\/jpeg"}],"author":"Ola Josefsson","twitter_card":"summary_large_image","twitter_creator":"@SvenskaMagasine","twitter_site":"@SvenskaMagasine","schema":{"@context":"https:\/\/schema.org","@graph":[{"@type":"Article","@id":"https:\/\/lightweb.dev\/l\/svm-temp\/artiklar\/spanien-just-nu-ratt-folk-vid-ratt-bord\/#article","isPartOf":{"@id":"https:\/\/lightweb.dev\/l\/svm-temp\/artiklar\/spanien-just-nu-ratt-folk-vid-ratt-bord\/"},"author":{"name":"Ola Josefsson","@id":"https:\/\/lightweb.dev\/l\/svm-temp\/#\/schema\/person\/7a82b8a73d171d32360a564b6d03508e"},"headline":"Spanien just nu \u2013 \u201dr\u00e4tt folk vid r\u00e4tt bord\u201d","datePublished":"2012-03-12T23:00:00+00:00","dateModified":"2024-04-27T11:21:16+00:00","mainEntityOfPage":{"@id":"https:\/\/lightweb.dev\/l\/svm-temp\/artiklar\/spanien-just-nu-ratt-folk-vid-ratt-bord\/"},"wordCount":838,"commentCount":0,"publisher":{"@id":"https:\/\/lightweb.dev\/l\/svm-temp\/#organization"},"image":{"@id":"https:\/\/lightweb.dev\/l\/svm-temp\/artiklar\/spanien-just-nu-ratt-folk-vid-ratt-bord\/#primaryimage"},"thumbnailUrl":"https:\/\/lightweb.dev\/l\/svm-temp\/wp-content\/uploads\/2012\/03\/IMG_1816-stor.jpeg","articleSection":["Artiklar","Spanien just nu"],"inLanguage":"sv-SE"},{"@type":"WebPage","@id":"https:\/\/lightweb.dev\/l\/svm-temp\/artiklar\/spanien-just-nu-ratt-folk-vid-ratt-bord\/","url":"https:\/\/lightweb.dev\/l\/svm-temp\/artiklar\/spanien-just-nu-ratt-folk-vid-ratt-bord\/","name":"Spanien just nu \u2013 \u201dr\u00e4tt folk vid r\u00e4tt bord\u201d - Svenska Magasinet","isPartOf":{"@id":"https:\/\/lightweb.dev\/l\/svm-temp\/#website"},"primaryImageOfPage":{"@id":"https:\/\/lightweb.dev\/l\/svm-temp\/artiklar\/spanien-just-nu-ratt-folk-vid-ratt-bord\/#primaryimage"},"image":{"@id":"https:\/\/lightweb.dev\/l\/svm-temp\/artiklar\/spanien-just-nu-ratt-folk-vid-ratt-bord\/#primaryimage"},"thumbnailUrl":"https:\/\/lightweb.dev\/l\/svm-temp\/wp-content\/uploads\/2012\/03\/IMG_1816-stor.jpeg","datePublished":"2012-03-12T23:00:00+00:00","dateModified":"2024-04-27T11:21:16+00:00","description":"St Moritz, Gstaad, Cannes, Deauville, Palm Springs, Sardinien, Monte Carlo och Saint-Tropez. Visst \u00e4r det platser som har en speciell klang. H\u00e4r finns jet-set-liv och miljard\u00e4rer och till denna Elitserie ska Solkustens p\u00e4rla Marbella kvala in.","breadcrumb":{"@id":"https:\/\/lightweb.dev\/l\/svm-temp\/artiklar\/spanien-just-nu-ratt-folk-vid-ratt-bord\/#breadcrumb"},"inLanguage":"sv-SE","potentialAction":[{"@type":"ReadAction","target":["https:\/\/lightweb.dev\/l\/svm-temp\/artiklar\/spanien-just-nu-ratt-folk-vid-ratt-bord\/"]}]},{"@type":"ImageObject","inLanguage":"sv-SE","@id":"https:\/\/lightweb.dev\/l\/svm-temp\/artiklar\/spanien-just-nu-ratt-folk-vid-ratt-bord\/#primaryimage","url":"https:\/\/lightweb.dev\/l\/svm-temp\/wp-content\/uploads\/2012\/03\/IMG_1816-stor.jpeg","contentUrl":"https:\/\/lightweb.dev\/l\/svm-temp\/wp-content\/uploads\/2012\/03\/IMG_1816-stor.jpeg","width":1280,"height":960},{"@type":"BreadcrumbList","@id":"https:\/\/lightweb.dev\/l\/svm-temp\/artiklar\/spanien-just-nu-ratt-folk-vid-ratt-bord\/#breadcrumb","itemListElement":[{"@type":"ListItem","position":1,"name":"Hem","item":"https:\/\/lightweb.dev\/l\/svm-temp\/"},{"@type":"ListItem","position":2,"name":"Spanien just nu \u2013 \u201dr\u00e4tt folk vid r\u00e4tt bord\u201d"}]},{"@type":"WebSite","@id":"https:\/\/lightweb.dev\/l\/svm-temp\/#website","url":"https:\/\/lightweb.dev\/l\/svm-temp\/","name":"Svenska Magasinet","description":"Dina Spanska nyheter p&aring; Svenska","publisher":{"@id":"https:\/\/lightweb.dev\/l\/svm-temp\/#organization"},"potentialAction":[{"@type":"SearchAction","target":{"@type":"EntryPoint","urlTemplate":"https:\/\/lightweb.dev\/l\/svm-temp\/?s={search_term_string}"},"query-input":{"@type":"PropertyValueSpecification","valueRequired":true,"valueName":"search_term_string"}}],"inLanguage":"sv-SE"},{"@type":"Organization","@id":"https:\/\/lightweb.dev\/l\/svm-temp\/#organization","name":"Melkerson y Nott SL","alternateName":"Svenska Magasinet","url":"https:\/\/lightweb.dev\/l\/svm-temp\/","logo":{"@type":"ImageObject","inLanguage":"sv-SE","@id":"https:\/\/lightweb.dev\/l\/svm-temp\/#\/schema\/logo\/image\/","url":"https:\/\/lightweb.dev\/l\/svm-temp\/wp-content\/uploads\/2025\/02\/SvM-logo-Xtra-Centrerad-SVART.png","contentUrl":"https:\/\/lightweb.dev\/l\/svm-temp\/wp-content\/uploads\/2025\/02\/SvM-logo-Xtra-Centrerad-SVART.png","width":300,"height":99,"caption":"Melkerson y Nott SL"},"image":{"@id":"https:\/\/lightweb.dev\/l\/svm-temp\/#\/schema\/logo\/image\/"},"sameAs":["https:\/\/www.facebook.com\/svenskamagasinet","https:\/\/x.com\/SvenskaMagasine"]},{"@type":"Person","@id":"https:\/\/lightweb.dev\/l\/svm-temp\/#\/schema\/person\/7a82b8a73d171d32360a564b6d03508e","name":"Ola Josefsson","description":"Bevakar Solkusten och Spanien sedan 1994.","sameAs":["https:\/\/lightweb.dev\/l\/svm-temp"],"url":"https:\/\/lightweb.dev\/l\/svm-temp\/reporter\/ola-josefsson\/"}]}},"_links":{"self":[{"href":"https:\/\/lightweb.dev\/l\/svm-temp\/wp-json\/wp\/v2\/posts\/3842","targetHints":{"allow":["GET"]}}],"collection":[{"href":"https:\/\/lightweb.dev\/l\/svm-temp\/wp-json\/wp\/v2\/posts"}],"about":[{"href":"https:\/\/lightweb.dev\/l\/svm-temp\/wp-json\/wp\/v2\/types\/post"}],"author":[{"embeddable":true,"href":"https:\/\/lightweb.dev\/l\/svm-temp\/wp-json\/wp\/v2\/users\/7"}],"replies":[{"embeddable":true,"href":"https:\/\/lightweb.dev\/l\/svm-temp\/wp-json\/wp\/v2\/comments?post=3842"}],"version-history":[{"count":0,"href":"https:\/\/lightweb.dev\/l\/svm-temp\/wp-json\/wp\/v2\/posts\/3842\/revisions"}],"wp:featuredmedia":[{"embeddable":true,"href":"https:\/\/lightweb.dev\/l\/svm-temp\/wp-json\/wp\/v2\/media\/71489"}],"wp:attachment":[{"href":"https:\/\/lightweb.dev\/l\/svm-temp\/wp-json\/wp\/v2\/media?parent=3842"}],"wp:term":[{"taxonomy":"category","embeddable":true,"href":"https:\/\/lightweb.dev\/l\/svm-temp\/wp-json\/wp\/v2\/categories?post=3842"},{"taxonomy":"post_tag","embeddable":true,"href":"https:\/\/lightweb.dev\/l\/svm-temp\/wp-json\/wp\/v2\/tags?post=3842"}],"curies":[{"name":"wp","href":"https:\/\/api.w.org\/{rel}","templated":true}]}}