{"id":3864,"date":"2012-02-29T00:00:00","date_gmt":"2012-02-28T23:00:00","guid":{"rendered":"https:\/\/lightweb.dev\/l\/svm-temp\/historisk-dag-forsta-styrelsen-i-nybildade-kyrkoforeningen-pa-solkusten\/"},"modified":"2012-02-29T00:00:00","modified_gmt":"2012-02-28T23:00:00","slug":"historisk-dag-forsta-styrelsen-i-nybildade-kyrkoforeningen-pa-solkusten","status":"publish","type":"post","link":"https:\/\/lightweb.dev\/l\/svm-temp\/artiklar\/historisk-dag-forsta-styrelsen-i-nybildade-kyrkoforeningen-pa-solkusten\/","title":{"rendered":"Historisk dag: F\u00f6rsta styrelsen i nybildade kyrkof\u00f6reningen p\u00e5 Solkusten"},"content":{"rendered":"<p> S\u00f6ndagen den 26 februari var en viktig och h\u00e4ndelserik dag i Svenska Kyrkan p\u00e5 Costa del Sol. D\u00e5 h\u00f6lls den f\u00f6rsta \u00e5rsst\u00e4mman i den nybildade kyrkof\u00f6reningen \u2013 en startpunkt f\u00f6r fortsatt kyrklig verksamhet utan ekonomiskt st\u00f6d fr\u00e5n SKUT, Svenska kyrkan i utlandet. St\u00e4mman h\u00f6lls efter en mycket v\u00e4lbes\u00f6kt norsk-svensk gudstj\u00e4nst. Det var svensk gudstj\u00e4nstordning och svenska psalmer, men norska bibeltexter. Den norske pr\u00e4sten Mette Buvik h\u00f6ll en predikan, d\u00e4r hon p\u00e5 ett b\u00e5de humor och allvar analyserade Peters (som p\u00e5 svenska kallas Petrus) f\u00f6rs\u00f6k att f\u00f6rm\u00e5 Jesus att inte g\u00e5 mot sitt lidande och sin d\u00f6d.<br \/>\nKaja \u00c5hlander sj\u00f6ng solo till eget gitarrackompanjemang. K\u00f6ren sj\u00f6ng ocks\u00e5 under ledning av Sonja Grankvist  och Trond Gilbergs ackompanjemang En s\u00e5ng blev framf\u00f6rd speciellt f\u00f6r att tacka Jan och Gun Madestam, pr\u00e4stparet som nu l\u00e4mnar oss, och v\u00e4lkomna Tommy och Monica Qvennerberg som tr\u00e4der i deras st\u00e4lle.<br \/>\nP\u00e5 st\u00e4mman antogs f\u00f6reningens nya stadgar som f\u00f6reskrivet f\u00f6r andra g\u00e5ngen. Tj\u00e4lvar \u00c5slund valdes till ny ordf\u00f6rande. Ordinarie ledam\u00f6ter i styrelsen \u00e4r nu Ann-Britt \u00d6dman, Eva Sundell, Birgit Gumaelius , Bodil Aslaksen och Desir\u00e9e Arctaedius Ers\u00e4ttare \u00e4r Anna Frostin, Ann Wohlin och  Ivar Johnsen. Alex Westin avgick som  ledamot i styrelsen men har lovat kvarst\u00e5 och hj\u00e4lpa till, t.ex. med f\u00f6reningens k\u00f6p av kyrkolokalen.<br \/>\nJan Madestam f\u00f6redrog verksamhetsber\u00e4ttelsen f\u00f6r 2011 \u2013 ett dramatiskt \u00e5r som b\u00f6rjade med ett reellt nedl\u00e4ggningshot men slutade med framtidstro och \u00f6vertygelse om att kyrkan p\u00e5 Costa del Sol nu \u00e4r r\u00e4ddad.<br \/>\nDe n\u00e4rvarande avg\u00e5ende ledam\u00f6terna Ann-Katrin Martinez, Mona Magnell,Alex Westin, Carin Simon  avtackades med blommor och Monica Haglund, som avg\u00e5ende ordf\u00f6rande och ledamot sen mer \u00e4n tjugo \u00e5r, f\u00f6r\u00e4rades en av utlandskyrkan framtagen thail\u00e4ndsk scarf.<br \/>\nBland deltagarna i st\u00e4mman fanns Lars Palmgren och hans fru Civ. Lars var den f\u00f6rste uts\u00e4nde ordinarie SKUT-pr\u00e4sten i Fuengirola. Ink\u00f6pet av pr\u00e4stg\u00e5rden m\u00f6jliggjordes d\u00e5 genom att Lars personligen l\u00e5nade ut en tredjedel av k\u00f6pesumman till f\u00f6rsamlingen och SKUT. Under m\u00e5nga \u00e5r firades gudstj\u00e4nster i Lux Mundi alternativt Svenska Turistkyrkan. All annan verksamhet bedrevs i pr\u00e4stg\u00e5rden.<br \/>\nAtt kyrkof\u00f6reningen nu \u00e4ger pr\u00e4stg\u00e5rden, inneb\u00e4r idag att det finns en del av de n\u00f6dv\u00e4ndiga ekonomiska f\u00f6ruts\u00e4ttningarna f\u00f6r att verksamheten skall kunna drivas vidare utan bidrag fr\u00e5n SKUT. Den viktigaste f\u00f6ruts\u00e4ttningen \u00e4r dock, att allt fler visar sitt engagemang genom konkreta frivilliga insatser samt betalar sin medlemsavgift.<br \/>\nP\u00e5 plats fanns ocks\u00e5 Tommy Svensson och hans fru Gun. Tommy var den pr\u00e4st som 1987 f\u00f6rm\u00e5dde SKUT att k\u00f6pa kyrkolokalen. Det var emellertid en \u201dr\u00e5lokal\u201d, d.v.s. den saknade helt innerv\u00e4ggar, golv, tak och all inredning. Lokalen f\u00e4rdigst\u00e4lldes med hj\u00e4lp av g\u00e5vor fr\u00e5n enskilda givare \u2013 totalt 500 000 kronor.<br \/>\nM\u00e5nga saker sk\u00e4nktes och mycket arbete utf\u00f6rdes av f\u00f6rsamlingsmedlemmarna. Vi f\u00e5r hoppas att SKUT och andra ber\u00f6rda instanser inom svenska kyrkan inser att det \u00e4r orimligt att beg\u00e4ra ett \u201dmarknadspris\u201d n\u00e4r nu kyrkof\u00f6reningen vill k\u00f6pa kyrkolokalen.<br \/>\n(Foto: Carin Simon) <\/p>\n","protected":false},"excerpt":{"rendered":"<p>S\u00f6ndagen den 26 februari var en viktig och h\u00e4ndelserik dag i Svenska Kyrkan p\u00e5 Costa del Sol. D\u00e5 h\u00f6lls den f\u00f6rsta \u00e5rsst\u00e4mman i den nybildade kyrkof\u00f6reningen \u2013 en startpunkt f\u00f6r fortsatt kyrklig verksamhet utan ekonomiskt st\u00f6d fr\u00e5n SKUT, Svenska kyrkan i utlandet. St\u00e4mman h\u00f6lls efter en mycket v\u00e4lbes\u00f6kt norsk-svensk gudstj\u00e4nst. Det var svensk gudstj\u00e4nstordning och [&hellip;]<\/p>\n","protected":false},"author":8,"featured_media":3865,"comment_status":"open","ping_status":"open","sticky":false,"template":"","format":"standard","meta":{"_et_pb_use_builder":"","_et_pb_old_content":"","_et_gb_content_width":"","footnotes":""},"categories":[396,4],"tags":[],"class_list":["post-3864","post","type-post","status-publish","format-standard","has-post-thumbnail","hentry","category-arkiv-artiklar","category-artiklar"],"yoast_head":"<!-- This site is optimized with the Yoast SEO Premium plugin v26.2 (Yoast SEO v28.2) - https:\/\/yoast.com\/product\/yoast-seo-premium-wordpress\/ -->\n<title>Historisk dag: F\u00f6rsta styrelsen i nybildade kyrkof\u00f6reningen p\u00e5 Solkusten - Svenska Magasinet<\/title>\n<meta name=\"robots\" content=\"noindex, follow, max-snippet:-1, max-image-preview:large, max-video-preview:-1\" \/>\n<meta property=\"og:locale\" content=\"sv_SE\" \/>\n<meta property=\"og:type\" content=\"article\" \/>\n<meta property=\"og:title\" content=\"Historisk dag: F\u00f6rsta styrelsen i nybildade kyrkof\u00f6reningen p\u00e5 Solkusten\" \/>\n<meta property=\"og:description\" content=\"S\u00f6ndagen den 26 februari var en viktig och h\u00e4ndelserik dag i Svenska Kyrkan p\u00e5 Costa del Sol. D\u00e5 h\u00f6lls den f\u00f6rsta \u00e5rsst\u00e4mman i den nybildade kyrkof\u00f6reningen \u2013 en startpunkt f\u00f6r fortsatt kyrklig verksamhet utan ekonomiskt st\u00f6d fr\u00e5n SKUT, Svenska kyrkan i utlandet. St\u00e4mman h\u00f6lls efter en mycket v\u00e4lbes\u00f6kt norsk-svensk gudstj\u00e4nst. Det var svensk gudstj\u00e4nstordning och [&hellip;]\" \/>\n<meta property=\"og:url\" content=\"https:\/\/lightweb.dev\/l\/svm-temp\/artiklar\/historisk-dag-forsta-styrelsen-i-nybildade-kyrkoforeningen-pa-solkusten\/\" \/>\n<meta property=\"og:site_name\" content=\"Svenska Magasinet\" \/>\n<meta property=\"article:publisher\" content=\"https:\/\/www.facebook.com\/svenskamagasinet\" \/>\n<meta property=\"article:published_time\" content=\"2012-02-28T23:00:00+00:00\" \/>\n<meta property=\"og:image\" content=\"https:\/\/lightweb.dev\/l\/svm-temp\/wp-content\/uploads\/2022\/04\/historisk-dag-frsta-styrelsen-i-nybildade-kyrkofreningen-p-solkusten.png\" \/>\n\t<meta property=\"og:image:width\" content=\"280\" \/>\n\t<meta property=\"og:image:height\" content=\"210\" \/>\n\t<meta property=\"og:image:type\" content=\"image\/png\" \/>\n<meta name=\"author\" content=\"Redaktionen SvM\" \/>\n<meta name=\"twitter:card\" content=\"summary_large_image\" \/>\n<meta name=\"twitter:creator\" content=\"@SvenskaMagasine\" \/>\n<meta name=\"twitter:site\" content=\"@SvenskaMagasine\" \/>\n<script type=\"application\/ld+json\" class=\"yoast-schema-graph\">{\"@context\":\"https:\\\/\\\/schema.org\",\"@graph\":[{\"@type\":\"Article\",\"@id\":\"https:\\\/\\\/lightweb.dev\\\/l\\\/svm-temp\\\/artiklar\\\/historisk-dag-forsta-styrelsen-i-nybildade-kyrkoforeningen-pa-solkusten\\\/#article\",\"isPartOf\":{\"@id\":\"https:\\\/\\\/lightweb.dev\\\/l\\\/svm-temp\\\/artiklar\\\/historisk-dag-forsta-styrelsen-i-nybildade-kyrkoforeningen-pa-solkusten\\\/\"},\"author\":{\"name\":\"Redaktionen SvM\",\"@id\":\"https:\\\/\\\/lightweb.dev\\\/l\\\/svm-temp\\\/#\\\/schema\\\/person\\\/206a3bda5b607b0c25e1749191e4d837\"},\"headline\":\"Historisk dag: F\u00f6rsta styrelsen i nybildade kyrkof\u00f6reningen p\u00e5 Solkusten\",\"datePublished\":\"2012-02-28T23:00:00+00:00\",\"mainEntityOfPage\":{\"@id\":\"https:\\\/\\\/lightweb.dev\\\/l\\\/svm-temp\\\/artiklar\\\/historisk-dag-forsta-styrelsen-i-nybildade-kyrkoforeningen-pa-solkusten\\\/\"},\"wordCount\":580,\"commentCount\":0,\"publisher\":{\"@id\":\"https:\\\/\\\/lightweb.dev\\\/l\\\/svm-temp\\\/#organization\"},\"image\":{\"@id\":\"https:\\\/\\\/lightweb.dev\\\/l\\\/svm-temp\\\/artiklar\\\/historisk-dag-forsta-styrelsen-i-nybildade-kyrkoforeningen-pa-solkusten\\\/#primaryimage\"},\"thumbnailUrl\":\"https:\\\/\\\/lightweb.dev\\\/l\\\/svm-temp\\\/wp-content\\\/uploads\\\/2022\\\/04\\\/historisk-dag-frsta-styrelsen-i-nybildade-kyrkofreningen-p-solkusten.png\",\"articleSection\":[\"Arkiv\",\"Artiklar\"],\"inLanguage\":\"sv-SE\"},{\"@type\":\"WebPage\",\"@id\":\"https:\\\/\\\/lightweb.dev\\\/l\\\/svm-temp\\\/artiklar\\\/historisk-dag-forsta-styrelsen-i-nybildade-kyrkoforeningen-pa-solkusten\\\/\",\"url\":\"https:\\\/\\\/lightweb.dev\\\/l\\\/svm-temp\\\/artiklar\\\/historisk-dag-forsta-styrelsen-i-nybildade-kyrkoforeningen-pa-solkusten\\\/\",\"name\":\"Historisk dag: F\u00f6rsta styrelsen i nybildade kyrkof\u00f6reningen p\u00e5 Solkusten - Svenska Magasinet\",\"isPartOf\":{\"@id\":\"https:\\\/\\\/lightweb.dev\\\/l\\\/svm-temp\\\/#website\"},\"primaryImageOfPage\":{\"@id\":\"https:\\\/\\\/lightweb.dev\\\/l\\\/svm-temp\\\/artiklar\\\/historisk-dag-forsta-styrelsen-i-nybildade-kyrkoforeningen-pa-solkusten\\\/#primaryimage\"},\"image\":{\"@id\":\"https:\\\/\\\/lightweb.dev\\\/l\\\/svm-temp\\\/artiklar\\\/historisk-dag-forsta-styrelsen-i-nybildade-kyrkoforeningen-pa-solkusten\\\/#primaryimage\"},\"thumbnailUrl\":\"https:\\\/\\\/lightweb.dev\\\/l\\\/svm-temp\\\/wp-content\\\/uploads\\\/2022\\\/04\\\/historisk-dag-frsta-styrelsen-i-nybildade-kyrkofreningen-p-solkusten.png\",\"datePublished\":\"2012-02-28T23:00:00+00:00\",\"breadcrumb\":{\"@id\":\"https:\\\/\\\/lightweb.dev\\\/l\\\/svm-temp\\\/artiklar\\\/historisk-dag-forsta-styrelsen-i-nybildade-kyrkoforeningen-pa-solkusten\\\/#breadcrumb\"},\"inLanguage\":\"sv-SE\",\"potentialAction\":[{\"@type\":\"ReadAction\",\"target\":[\"https:\\\/\\\/lightweb.dev\\\/l\\\/svm-temp\\\/artiklar\\\/historisk-dag-forsta-styrelsen-i-nybildade-kyrkoforeningen-pa-solkusten\\\/\"]}]},{\"@type\":\"ImageObject\",\"inLanguage\":\"sv-SE\",\"@id\":\"https:\\\/\\\/lightweb.dev\\\/l\\\/svm-temp\\\/artiklar\\\/historisk-dag-forsta-styrelsen-i-nybildade-kyrkoforeningen-pa-solkusten\\\/#primaryimage\",\"url\":\"https:\\\/\\\/lightweb.dev\\\/l\\\/svm-temp\\\/wp-content\\\/uploads\\\/2022\\\/04\\\/historisk-dag-frsta-styrelsen-i-nybildade-kyrkofreningen-p-solkusten.png\",\"contentUrl\":\"https:\\\/\\\/lightweb.dev\\\/l\\\/svm-temp\\\/wp-content\\\/uploads\\\/2022\\\/04\\\/historisk-dag-frsta-styrelsen-i-nybildade-kyrkofreningen-p-solkusten.png\",\"width\":280,\"height\":210},{\"@type\":\"BreadcrumbList\",\"@id\":\"https:\\\/\\\/lightweb.dev\\\/l\\\/svm-temp\\\/artiklar\\\/historisk-dag-forsta-styrelsen-i-nybildade-kyrkoforeningen-pa-solkusten\\\/#breadcrumb\",\"itemListElement\":[{\"@type\":\"ListItem\",\"position\":1,\"name\":\"Hem\",\"item\":\"https:\\\/\\\/lightweb.dev\\\/l\\\/svm-temp\\\/\"},{\"@type\":\"ListItem\",\"position\":2,\"name\":\"Historisk dag: F\u00f6rsta styrelsen i nybildade kyrkof\u00f6reningen p\u00e5 Solkusten\"}]},{\"@type\":\"WebSite\",\"@id\":\"https:\\\/\\\/lightweb.dev\\\/l\\\/svm-temp\\\/#website\",\"url\":\"https:\\\/\\\/lightweb.dev\\\/l\\\/svm-temp\\\/\",\"name\":\"Svenska Magasinet\",\"description\":\"Dina Spanska nyheter p&aring; Svenska\",\"publisher\":{\"@id\":\"https:\\\/\\\/lightweb.dev\\\/l\\\/svm-temp\\\/#organization\"},\"potentialAction\":[{\"@type\":\"SearchAction\",\"target\":{\"@type\":\"EntryPoint\",\"urlTemplate\":\"https:\\\/\\\/lightweb.dev\\\/l\\\/svm-temp\\\/?s={search_term_string}\"},\"query-input\":{\"@type\":\"PropertyValueSpecification\",\"valueRequired\":true,\"valueName\":\"search_term_string\"}}],\"inLanguage\":\"sv-SE\"},{\"@type\":\"Organization\",\"@id\":\"https:\\\/\\\/lightweb.dev\\\/l\\\/svm-temp\\\/#organization\",\"name\":\"Melkerson y Nott SL\",\"alternateName\":\"Svenska Magasinet\",\"url\":\"https:\\\/\\\/lightweb.dev\\\/l\\\/svm-temp\\\/\",\"logo\":{\"@type\":\"ImageObject\",\"inLanguage\":\"sv-SE\",\"@id\":\"https:\\\/\\\/lightweb.dev\\\/l\\\/svm-temp\\\/#\\\/schema\\\/logo\\\/image\\\/\",\"url\":\"https:\\\/\\\/lightweb.dev\\\/l\\\/svm-temp\\\/wp-content\\\/uploads\\\/2025\\\/02\\\/SvM-logo-Xtra-Centrerad-SVART.png\",\"contentUrl\":\"https:\\\/\\\/lightweb.dev\\\/l\\\/svm-temp\\\/wp-content\\\/uploads\\\/2025\\\/02\\\/SvM-logo-Xtra-Centrerad-SVART.png\",\"width\":300,\"height\":99,\"caption\":\"Melkerson y Nott SL\"},\"image\":{\"@id\":\"https:\\\/\\\/lightweb.dev\\\/l\\\/svm-temp\\\/#\\\/schema\\\/logo\\\/image\\\/\"},\"sameAs\":[\"https:\\\/\\\/www.facebook.com\\\/svenskamagasinet\",\"https:\\\/\\\/x.com\\\/SvenskaMagasine\"]},{\"@type\":\"Person\",\"@id\":\"https:\\\/\\\/lightweb.dev\\\/l\\\/svm-temp\\\/#\\\/schema\\\/person\\\/206a3bda5b607b0c25e1749191e4d837\",\"name\":\"Redaktionen SvM\",\"description\":\"Redaktionen\",\"sameAs\":[\"https:\\\/\\\/lightweb.dev\\\/l\\\/svm-temp\"],\"url\":\"https:\\\/\\\/lightweb.dev\\\/l\\\/svm-temp\\\/reporter\\\/redaktionen\\\/\"}]}<\/script>\n<!-- \/ Yoast SEO Premium plugin. -->","yoast_head_json":{"title":"Historisk dag: F\u00f6rsta styrelsen i nybildade kyrkof\u00f6reningen p\u00e5 Solkusten - Svenska Magasinet","robots":{"index":"noindex","follow":"follow","max-snippet":"max-snippet:-1","max-image-preview":"max-image-preview:large","max-video-preview":"max-video-preview:-1"},"og_locale":"sv_SE","og_type":"article","og_title":"Historisk dag: F\u00f6rsta styrelsen i nybildade kyrkof\u00f6reningen p\u00e5 Solkusten","og_description":"S\u00f6ndagen den 26 februari var en viktig och h\u00e4ndelserik dag i Svenska Kyrkan p\u00e5 Costa del Sol. D\u00e5 h\u00f6lls den f\u00f6rsta \u00e5rsst\u00e4mman i den nybildade kyrkof\u00f6reningen \u2013 en startpunkt f\u00f6r fortsatt kyrklig verksamhet utan ekonomiskt st\u00f6d fr\u00e5n SKUT, Svenska kyrkan i utlandet. St\u00e4mman h\u00f6lls efter en mycket v\u00e4lbes\u00f6kt norsk-svensk gudstj\u00e4nst. Det var svensk gudstj\u00e4nstordning och [&hellip;]","og_url":"https:\/\/lightweb.dev\/l\/svm-temp\/artiklar\/historisk-dag-forsta-styrelsen-i-nybildade-kyrkoforeningen-pa-solkusten\/","og_site_name":"Svenska Magasinet","article_publisher":"https:\/\/www.facebook.com\/svenskamagasinet","article_published_time":"2012-02-28T23:00:00+00:00","og_image":[{"width":280,"height":210,"url":"https:\/\/lightweb.dev\/l\/svm-temp\/wp-content\/uploads\/2022\/04\/historisk-dag-frsta-styrelsen-i-nybildade-kyrkofreningen-p-solkusten.png","type":"image\/png"}],"author":"Redaktionen SvM","twitter_card":"summary_large_image","twitter_creator":"@SvenskaMagasine","twitter_site":"@SvenskaMagasine","schema":{"@context":"https:\/\/schema.org","@graph":[{"@type":"Article","@id":"https:\/\/lightweb.dev\/l\/svm-temp\/artiklar\/historisk-dag-forsta-styrelsen-i-nybildade-kyrkoforeningen-pa-solkusten\/#article","isPartOf":{"@id":"https:\/\/lightweb.dev\/l\/svm-temp\/artiklar\/historisk-dag-forsta-styrelsen-i-nybildade-kyrkoforeningen-pa-solkusten\/"},"author":{"name":"Redaktionen SvM","@id":"https:\/\/lightweb.dev\/l\/svm-temp\/#\/schema\/person\/206a3bda5b607b0c25e1749191e4d837"},"headline":"Historisk dag: F\u00f6rsta styrelsen i nybildade kyrkof\u00f6reningen p\u00e5 Solkusten","datePublished":"2012-02-28T23:00:00+00:00","mainEntityOfPage":{"@id":"https:\/\/lightweb.dev\/l\/svm-temp\/artiklar\/historisk-dag-forsta-styrelsen-i-nybildade-kyrkoforeningen-pa-solkusten\/"},"wordCount":580,"commentCount":0,"publisher":{"@id":"https:\/\/lightweb.dev\/l\/svm-temp\/#organization"},"image":{"@id":"https:\/\/lightweb.dev\/l\/svm-temp\/artiklar\/historisk-dag-forsta-styrelsen-i-nybildade-kyrkoforeningen-pa-solkusten\/#primaryimage"},"thumbnailUrl":"https:\/\/lightweb.dev\/l\/svm-temp\/wp-content\/uploads\/2022\/04\/historisk-dag-frsta-styrelsen-i-nybildade-kyrkofreningen-p-solkusten.png","articleSection":["Arkiv","Artiklar"],"inLanguage":"sv-SE"},{"@type":"WebPage","@id":"https:\/\/lightweb.dev\/l\/svm-temp\/artiklar\/historisk-dag-forsta-styrelsen-i-nybildade-kyrkoforeningen-pa-solkusten\/","url":"https:\/\/lightweb.dev\/l\/svm-temp\/artiklar\/historisk-dag-forsta-styrelsen-i-nybildade-kyrkoforeningen-pa-solkusten\/","name":"Historisk dag: F\u00f6rsta styrelsen i nybildade kyrkof\u00f6reningen p\u00e5 Solkusten - Svenska Magasinet","isPartOf":{"@id":"https:\/\/lightweb.dev\/l\/svm-temp\/#website"},"primaryImageOfPage":{"@id":"https:\/\/lightweb.dev\/l\/svm-temp\/artiklar\/historisk-dag-forsta-styrelsen-i-nybildade-kyrkoforeningen-pa-solkusten\/#primaryimage"},"image":{"@id":"https:\/\/lightweb.dev\/l\/svm-temp\/artiklar\/historisk-dag-forsta-styrelsen-i-nybildade-kyrkoforeningen-pa-solkusten\/#primaryimage"},"thumbnailUrl":"https:\/\/lightweb.dev\/l\/svm-temp\/wp-content\/uploads\/2022\/04\/historisk-dag-frsta-styrelsen-i-nybildade-kyrkofreningen-p-solkusten.png","datePublished":"2012-02-28T23:00:00+00:00","breadcrumb":{"@id":"https:\/\/lightweb.dev\/l\/svm-temp\/artiklar\/historisk-dag-forsta-styrelsen-i-nybildade-kyrkoforeningen-pa-solkusten\/#breadcrumb"},"inLanguage":"sv-SE","potentialAction":[{"@type":"ReadAction","target":["https:\/\/lightweb.dev\/l\/svm-temp\/artiklar\/historisk-dag-forsta-styrelsen-i-nybildade-kyrkoforeningen-pa-solkusten\/"]}]},{"@type":"ImageObject","inLanguage":"sv-SE","@id":"https:\/\/lightweb.dev\/l\/svm-temp\/artiklar\/historisk-dag-forsta-styrelsen-i-nybildade-kyrkoforeningen-pa-solkusten\/#primaryimage","url":"https:\/\/lightweb.dev\/l\/svm-temp\/wp-content\/uploads\/2022\/04\/historisk-dag-frsta-styrelsen-i-nybildade-kyrkofreningen-p-solkusten.png","contentUrl":"https:\/\/lightweb.dev\/l\/svm-temp\/wp-content\/uploads\/2022\/04\/historisk-dag-frsta-styrelsen-i-nybildade-kyrkofreningen-p-solkusten.png","width":280,"height":210},{"@type":"BreadcrumbList","@id":"https:\/\/lightweb.dev\/l\/svm-temp\/artiklar\/historisk-dag-forsta-styrelsen-i-nybildade-kyrkoforeningen-pa-solkusten\/#breadcrumb","itemListElement":[{"@type":"ListItem","position":1,"name":"Hem","item":"https:\/\/lightweb.dev\/l\/svm-temp\/"},{"@type":"ListItem","position":2,"name":"Historisk dag: F\u00f6rsta styrelsen i nybildade kyrkof\u00f6reningen p\u00e5 Solkusten"}]},{"@type":"WebSite","@id":"https:\/\/lightweb.dev\/l\/svm-temp\/#website","url":"https:\/\/lightweb.dev\/l\/svm-temp\/","name":"Svenska Magasinet","description":"Dina Spanska nyheter p&aring; Svenska","publisher":{"@id":"https:\/\/lightweb.dev\/l\/svm-temp\/#organization"},"potentialAction":[{"@type":"SearchAction","target":{"@type":"EntryPoint","urlTemplate":"https:\/\/lightweb.dev\/l\/svm-temp\/?s={search_term_string}"},"query-input":{"@type":"PropertyValueSpecification","valueRequired":true,"valueName":"search_term_string"}}],"inLanguage":"sv-SE"},{"@type":"Organization","@id":"https:\/\/lightweb.dev\/l\/svm-temp\/#organization","name":"Melkerson y Nott SL","alternateName":"Svenska Magasinet","url":"https:\/\/lightweb.dev\/l\/svm-temp\/","logo":{"@type":"ImageObject","inLanguage":"sv-SE","@id":"https:\/\/lightweb.dev\/l\/svm-temp\/#\/schema\/logo\/image\/","url":"https:\/\/lightweb.dev\/l\/svm-temp\/wp-content\/uploads\/2025\/02\/SvM-logo-Xtra-Centrerad-SVART.png","contentUrl":"https:\/\/lightweb.dev\/l\/svm-temp\/wp-content\/uploads\/2025\/02\/SvM-logo-Xtra-Centrerad-SVART.png","width":300,"height":99,"caption":"Melkerson y Nott SL"},"image":{"@id":"https:\/\/lightweb.dev\/l\/svm-temp\/#\/schema\/logo\/image\/"},"sameAs":["https:\/\/www.facebook.com\/svenskamagasinet","https:\/\/x.com\/SvenskaMagasine"]},{"@type":"Person","@id":"https:\/\/lightweb.dev\/l\/svm-temp\/#\/schema\/person\/206a3bda5b607b0c25e1749191e4d837","name":"Redaktionen SvM","description":"Redaktionen","sameAs":["https:\/\/lightweb.dev\/l\/svm-temp"],"url":"https:\/\/lightweb.dev\/l\/svm-temp\/reporter\/redaktionen\/"}]}},"_links":{"self":[{"href":"https:\/\/lightweb.dev\/l\/svm-temp\/wp-json\/wp\/v2\/posts\/3864","targetHints":{"allow":["GET"]}}],"collection":[{"href":"https:\/\/lightweb.dev\/l\/svm-temp\/wp-json\/wp\/v2\/posts"}],"about":[{"href":"https:\/\/lightweb.dev\/l\/svm-temp\/wp-json\/wp\/v2\/types\/post"}],"author":[{"embeddable":true,"href":"https:\/\/lightweb.dev\/l\/svm-temp\/wp-json\/wp\/v2\/users\/8"}],"replies":[{"embeddable":true,"href":"https:\/\/lightweb.dev\/l\/svm-temp\/wp-json\/wp\/v2\/comments?post=3864"}],"version-history":[{"count":0,"href":"https:\/\/lightweb.dev\/l\/svm-temp\/wp-json\/wp\/v2\/posts\/3864\/revisions"}],"wp:featuredmedia":[{"embeddable":true,"href":"https:\/\/lightweb.dev\/l\/svm-temp\/wp-json\/wp\/v2\/media\/3865"}],"wp:attachment":[{"href":"https:\/\/lightweb.dev\/l\/svm-temp\/wp-json\/wp\/v2\/media?parent=3864"}],"wp:term":[{"taxonomy":"category","embeddable":true,"href":"https:\/\/lightweb.dev\/l\/svm-temp\/wp-json\/wp\/v2\/categories?post=3864"},{"taxonomy":"post_tag","embeddable":true,"href":"https:\/\/lightweb.dev\/l\/svm-temp\/wp-json\/wp\/v2\/tags?post=3864"}],"curies":[{"name":"wp","href":"https:\/\/api.w.org\/{rel}","templated":true}]}}