{"id":3911,"date":"2012-01-06T00:00:00","date_gmt":"2012-01-05T23:00:00","guid":{"rendered":"https:\/\/lightweb.dev\/l\/svm-temp\/malagas-ekonomer-onskar-arbetsmarknadsreformer-och-skatteharmonisering\/"},"modified":"2012-01-06T00:00:00","modified_gmt":"2012-01-05T23:00:00","slug":"malagas-ekonomer-onskar-arbetsmarknadsreformer-och-skatteharmonisering","status":"publish","type":"post","link":"https:\/\/lightweb.dev\/l\/svm-temp\/artiklar\/malagas-ekonomer-onskar-arbetsmarknadsreformer-och-skatteharmonisering\/","title":{"rendered":"M\u00e1lagas ekonomer \u00f6nskar arbetsmarknadsreformer och skatteharmonisering"},"content":{"rendered":"<p> Vi har det v\u00e4rsta \u00e5ret framf\u00f6r oss. Det menar M\u00e1lagas ekonomer i Colegio de Economistas. Prognosen f\u00f6r provinsen M\u00e1laga \u00e4r inte positiv. Det kommer inte att skapas n\u00e5gra nya arbetstillf\u00e4llen under 2012 menar provinsens ekonomer Av Ola Josefsson<br \/>\nDet blir \u00e4nnu ett nattsvart \u00e5r f\u00f6r provinsens ekonomi. \u00c4ven om det v\u00e4ntas en BNP-tillv\u00e4xt p\u00e5 mellan 0,5 till 0,9 procent under 2012 \u00e4r den f\u00f6r svag f\u00f6r att det ska skapas  nya arbetstillf\u00e4llen. Det kr\u00e4vs en tillv\u00e4xt p\u00e5 tv\u00e5 procent om det ska bli nya jobb.<br \/>\nJuan Carlos Robles som \u00e4r dekanus, den h\u00f6gsta administrativa chefen f\u00f6r universitetsfakulteten inom ekonomi, s\u00e4ger att 2012 kommer att bli tufft eftersom den ekonomiska krisen riskerar f\u00f6rdjupas. Han s\u00e4ger \u00e5 andra sidan att om den nya regeringen med Mariano Rajoy i spetsen kommer med l\u00e4mpliga \u00e5tg\u00e4rder s\u00e5 kan det ekonomiska fallet stagnera vilket skulle kunna ge resultat 2013.<br \/>\nEffekterna av strukturella f\u00f6rb\u00e4ttringar kommer inte att ses omedelbart, men d\u00e4remot p\u00e5 l\u00e4ngre sikt. Vad som nu beh\u00f6vs \u00e4r en stor portion t\u00e5lamod. Robles presenterade i slutet p\u00e5 f\u00f6rra \u00e5ret en ny utg\u00e5va av \u201dBar\u00f3metro Econ\u00f3mico de la provincia de M\u00e1laga\u201d, Ekonomisk barometer \u00f6ver provinsen M\u00e1laga, utarbetad av vice dekanus Antonio Pedraza och Fernando del Alc\u00e1zar, ansvarig f\u00f6r studien.<br \/>\nProvinsens ekonomer \u00e4r \u00f6verens om att turismen \u00e4r den sektor som g\u00f6r att krisen klaras med en viss v\u00e4rdighet. Vem som helst kan t\u00e4nka sig in i situationen om provinsen M\u00e1laga l\u00e5g p\u00e5 en annan plats p\u00e5 jorden och inte hade det gynnsamma klimat som drar till sig turister. Hur hade inte situationen sett ut d\u00e5.<br \/>\nM\u00e1lagas ekonomer pekar p\u00e5 tv\u00e5 saker som m\u00e5ste till f\u00f6r att f\u00f6rtroendet bland f\u00f6retagare och investerare skall \u00f6ka. F\u00f6rst en arbetsmarknadsreform som f\u00f6r\u00e4ndrar hela marknaden och f\u00f6r det andra en skatteharmonisering mellan regionerna i landet som resulterar i att Spanien i verkligheten f\u00e5r en gemensam marknad.<br \/>\nN\u00e4r ekonomer f\u00e5r fr\u00e5gor utifr\u00e5n om beskattning handlar fr\u00e5gorna \u00e4ven om de autonoma regionernas beskattning. Med de autonoma regionerna blir beskattningen olika trots att vi talar om ett land, Spanien.  Allt detta skapar misstro och ett minskat f\u00f6rtroende. Och f\u00f6rtroende \u00e4r \u201dmycket viktigt\u201d eftersom det p\u00e5verkar ekonomin.<br \/>\nN\u00e4r det g\u00e4ller de arbetsmarknadsreformer som Zapatero-regeringen blev tvungna att inf\u00f6ra under sin sista mandatperiod s\u00e5 beskriver Juan Carlos Robles dessa \u201dsom fl\u00e4ckar som inte fungerat\u201d.<br \/>\nVid det allm\u00e4nna sociala f\u00f6rs\u00e4kringssystemet Seguridad Social finns ett trettiotal olika kontrakt f\u00f6r anst\u00e4llda. Dessa m\u00e5ste bantas till fem eller sex. \u201dVi m\u00e5ste banta och f\u00f6renkla strukturen helt enkelt\u201d, s\u00e4ger Juan Carlos Robles i en intervju.<br \/>\nRobles \u00e4r dessutom mycket kritisk till regionalregeringen Junta de Andalucia som inte ger n\u00e5gra extra ekonomiska anslag till de tv\u00e5 domstolarna Mercantil de M\u00e1laga som \u00e4r \u201dde mest kollapsade\u201d i Spanien. Enligt domstolsmyndigheten Consejo General del Poder Judicial (CGPJ) saknar provinsen nio domstolar som handhar m\u00e5l r\u00f6rande konkurser och aff\u00e4rsuppg\u00f6relser.<br \/>\nSamtidigt kommer det dystra siffror som visar att de utl\u00e4ndska investeringarna inte \u00f6kar i samma utstr\u00e4ckning i Andalusien som i \u00f6vriga landet. Enligt vice dekanus Antonio Pedraza har Andaluisien h\u00f6gre skatter inom omr\u00e5det som arv, g\u00e5vor, st\u00e4mpelskatt och \u00f6verl\u00e5telseskatt vilket avskr\u00e4cker utl\u00e4ndska investerare.<br \/>\nN\u00e4r det g\u00e4ller bost\u00e4der har endast 221 licenser till nybyggda bost\u00e4der godk\u00e4nts i provinsen 2011. Det \u00e4r bara 17 procent av det antal som godk\u00e4ndes ifjol eller 1,85 procent av det totala antal bost\u00e4der som godk\u00e4ndes 2006. \u201dStagnationen av nybyggda bost\u00e4der \u00e4r en rej\u00e4l katastrof\u201d, menar  Fernando del Alc\u00e1zar. <\/p>\n","protected":false},"excerpt":{"rendered":"<p>Vi har det v\u00e4rsta \u00e5ret framf\u00f6r oss. Det menar M\u00e1lagas ekonomer i Colegio de Economistas. Prognosen f\u00f6r provinsen M\u00e1laga \u00e4r inte positiv. Det kommer inte att skapas n\u00e5gra nya arbetstillf\u00e4llen under 2012 menar provinsens ekonomer Av Ola Josefsson Det blir \u00e4nnu ett nattsvart \u00e5r f\u00f6r provinsens ekonomi. \u00c4ven om det v\u00e4ntas en BNP-tillv\u00e4xt p\u00e5 mellan [&hellip;]<\/p>\n","protected":false},"author":8,"featured_media":3912,"comment_status":"open","ping_status":"open","sticky":false,"template":"","format":"standard","meta":{"_et_pb_use_builder":"","_et_pb_old_content":"","_et_gb_content_width":"","footnotes":""},"categories":[4,398],"tags":[],"class_list":["post-3911","post","type-post","status-publish","format-standard","has-post-thumbnail","hentry","category-artiklar","category-naringsliv"],"yoast_head":"<!-- This site is optimized with the Yoast SEO Premium plugin v26.2 (Yoast SEO v28.2) - https:\/\/yoast.com\/product\/yoast-seo-premium-wordpress\/ -->\n<title>M\u00e1lagas ekonomer \u00f6nskar arbetsmarknadsreformer och skatteharmonisering - Svenska Magasinet<\/title>\n<meta name=\"robots\" content=\"noindex, follow, max-snippet:-1, max-image-preview:large, max-video-preview:-1\" \/>\n<meta property=\"og:locale\" content=\"sv_SE\" \/>\n<meta property=\"og:type\" content=\"article\" \/>\n<meta property=\"og:title\" content=\"M\u00e1lagas ekonomer \u00f6nskar arbetsmarknadsreformer och skatteharmonisering\" \/>\n<meta property=\"og:description\" content=\"Vi har det v\u00e4rsta \u00e5ret framf\u00f6r oss. Det menar M\u00e1lagas ekonomer i Colegio de Economistas. Prognosen f\u00f6r provinsen M\u00e1laga \u00e4r inte positiv. Det kommer inte att skapas n\u00e5gra nya arbetstillf\u00e4llen under 2012 menar provinsens ekonomer Av Ola Josefsson Det blir \u00e4nnu ett nattsvart \u00e5r f\u00f6r provinsens ekonomi. \u00c4ven om det v\u00e4ntas en BNP-tillv\u00e4xt p\u00e5 mellan [&hellip;]\" \/>\n<meta property=\"og:url\" content=\"https:\/\/lightweb.dev\/l\/svm-temp\/artiklar\/malagas-ekonomer-onskar-arbetsmarknadsreformer-och-skatteharmonisering\/\" \/>\n<meta property=\"og:site_name\" content=\"Svenska Magasinet\" \/>\n<meta property=\"article:publisher\" content=\"https:\/\/www.facebook.com\/svenskamagasinet\" \/>\n<meta property=\"article:published_time\" content=\"2012-01-05T23:00:00+00:00\" \/>\n<meta property=\"og:image\" content=\"https:\/\/lightweb.dev\/l\/svm-temp\/wp-content\/uploads\/2022\/04\/mlagas-ekonomer-nskar-arbetsmarknadsreformer-och-skatteharmonisering.png\" \/>\n\t<meta property=\"og:image:width\" content=\"299\" \/>\n\t<meta property=\"og:image:height\" content=\"200\" \/>\n\t<meta property=\"og:image:type\" content=\"image\/png\" \/>\n<meta name=\"author\" content=\"Redaktionen SvM\" \/>\n<meta name=\"twitter:card\" content=\"summary_large_image\" \/>\n<meta name=\"twitter:creator\" content=\"@SvenskaMagasine\" \/>\n<meta name=\"twitter:site\" content=\"@SvenskaMagasine\" \/>\n<script type=\"application\/ld+json\" class=\"yoast-schema-graph\">{\"@context\":\"https:\\\/\\\/schema.org\",\"@graph\":[{\"@type\":\"Article\",\"@id\":\"https:\\\/\\\/lightweb.dev\\\/l\\\/svm-temp\\\/artiklar\\\/malagas-ekonomer-onskar-arbetsmarknadsreformer-och-skatteharmonisering\\\/#article\",\"isPartOf\":{\"@id\":\"https:\\\/\\\/lightweb.dev\\\/l\\\/svm-temp\\\/artiklar\\\/malagas-ekonomer-onskar-arbetsmarknadsreformer-och-skatteharmonisering\\\/\"},\"author\":{\"name\":\"Redaktionen SvM\",\"@id\":\"https:\\\/\\\/lightweb.dev\\\/l\\\/svm-temp\\\/#\\\/schema\\\/person\\\/206a3bda5b607b0c25e1749191e4d837\"},\"headline\":\"M\u00e1lagas ekonomer \u00f6nskar arbetsmarknadsreformer och skatteharmonisering\",\"datePublished\":\"2012-01-05T23:00:00+00:00\",\"mainEntityOfPage\":{\"@id\":\"https:\\\/\\\/lightweb.dev\\\/l\\\/svm-temp\\\/artiklar\\\/malagas-ekonomer-onskar-arbetsmarknadsreformer-och-skatteharmonisering\\\/\"},\"wordCount\":648,\"commentCount\":0,\"publisher\":{\"@id\":\"https:\\\/\\\/lightweb.dev\\\/l\\\/svm-temp\\\/#organization\"},\"image\":{\"@id\":\"https:\\\/\\\/lightweb.dev\\\/l\\\/svm-temp\\\/artiklar\\\/malagas-ekonomer-onskar-arbetsmarknadsreformer-och-skatteharmonisering\\\/#primaryimage\"},\"thumbnailUrl\":\"https:\\\/\\\/lightweb.dev\\\/l\\\/svm-temp\\\/wp-content\\\/uploads\\\/2022\\\/04\\\/mlagas-ekonomer-nskar-arbetsmarknadsreformer-och-skatteharmonisering.png\",\"articleSection\":[\"Artiklar\",\"N\u00e4ringsliv\"],\"inLanguage\":\"sv-SE\"},{\"@type\":\"WebPage\",\"@id\":\"https:\\\/\\\/lightweb.dev\\\/l\\\/svm-temp\\\/artiklar\\\/malagas-ekonomer-onskar-arbetsmarknadsreformer-och-skatteharmonisering\\\/\",\"url\":\"https:\\\/\\\/lightweb.dev\\\/l\\\/svm-temp\\\/artiklar\\\/malagas-ekonomer-onskar-arbetsmarknadsreformer-och-skatteharmonisering\\\/\",\"name\":\"M\u00e1lagas ekonomer \u00f6nskar arbetsmarknadsreformer och skatteharmonisering - Svenska Magasinet\",\"isPartOf\":{\"@id\":\"https:\\\/\\\/lightweb.dev\\\/l\\\/svm-temp\\\/#website\"},\"primaryImageOfPage\":{\"@id\":\"https:\\\/\\\/lightweb.dev\\\/l\\\/svm-temp\\\/artiklar\\\/malagas-ekonomer-onskar-arbetsmarknadsreformer-och-skatteharmonisering\\\/#primaryimage\"},\"image\":{\"@id\":\"https:\\\/\\\/lightweb.dev\\\/l\\\/svm-temp\\\/artiklar\\\/malagas-ekonomer-onskar-arbetsmarknadsreformer-och-skatteharmonisering\\\/#primaryimage\"},\"thumbnailUrl\":\"https:\\\/\\\/lightweb.dev\\\/l\\\/svm-temp\\\/wp-content\\\/uploads\\\/2022\\\/04\\\/mlagas-ekonomer-nskar-arbetsmarknadsreformer-och-skatteharmonisering.png\",\"datePublished\":\"2012-01-05T23:00:00+00:00\",\"breadcrumb\":{\"@id\":\"https:\\\/\\\/lightweb.dev\\\/l\\\/svm-temp\\\/artiklar\\\/malagas-ekonomer-onskar-arbetsmarknadsreformer-och-skatteharmonisering\\\/#breadcrumb\"},\"inLanguage\":\"sv-SE\",\"potentialAction\":[{\"@type\":\"ReadAction\",\"target\":[\"https:\\\/\\\/lightweb.dev\\\/l\\\/svm-temp\\\/artiklar\\\/malagas-ekonomer-onskar-arbetsmarknadsreformer-och-skatteharmonisering\\\/\"]}]},{\"@type\":\"ImageObject\",\"inLanguage\":\"sv-SE\",\"@id\":\"https:\\\/\\\/lightweb.dev\\\/l\\\/svm-temp\\\/artiklar\\\/malagas-ekonomer-onskar-arbetsmarknadsreformer-och-skatteharmonisering\\\/#primaryimage\",\"url\":\"https:\\\/\\\/lightweb.dev\\\/l\\\/svm-temp\\\/wp-content\\\/uploads\\\/2022\\\/04\\\/mlagas-ekonomer-nskar-arbetsmarknadsreformer-och-skatteharmonisering.png\",\"contentUrl\":\"https:\\\/\\\/lightweb.dev\\\/l\\\/svm-temp\\\/wp-content\\\/uploads\\\/2022\\\/04\\\/mlagas-ekonomer-nskar-arbetsmarknadsreformer-och-skatteharmonisering.png\",\"width\":299,\"height\":200},{\"@type\":\"BreadcrumbList\",\"@id\":\"https:\\\/\\\/lightweb.dev\\\/l\\\/svm-temp\\\/artiklar\\\/malagas-ekonomer-onskar-arbetsmarknadsreformer-och-skatteharmonisering\\\/#breadcrumb\",\"itemListElement\":[{\"@type\":\"ListItem\",\"position\":1,\"name\":\"Hem\",\"item\":\"https:\\\/\\\/lightweb.dev\\\/l\\\/svm-temp\\\/\"},{\"@type\":\"ListItem\",\"position\":2,\"name\":\"M\u00e1lagas ekonomer \u00f6nskar arbetsmarknadsreformer och skatteharmonisering\"}]},{\"@type\":\"WebSite\",\"@id\":\"https:\\\/\\\/lightweb.dev\\\/l\\\/svm-temp\\\/#website\",\"url\":\"https:\\\/\\\/lightweb.dev\\\/l\\\/svm-temp\\\/\",\"name\":\"Svenska Magasinet\",\"description\":\"Dina Spanska nyheter p&aring; Svenska\",\"publisher\":{\"@id\":\"https:\\\/\\\/lightweb.dev\\\/l\\\/svm-temp\\\/#organization\"},\"potentialAction\":[{\"@type\":\"SearchAction\",\"target\":{\"@type\":\"EntryPoint\",\"urlTemplate\":\"https:\\\/\\\/lightweb.dev\\\/l\\\/svm-temp\\\/?s={search_term_string}\"},\"query-input\":{\"@type\":\"PropertyValueSpecification\",\"valueRequired\":true,\"valueName\":\"search_term_string\"}}],\"inLanguage\":\"sv-SE\"},{\"@type\":\"Organization\",\"@id\":\"https:\\\/\\\/lightweb.dev\\\/l\\\/svm-temp\\\/#organization\",\"name\":\"Melkerson y Nott SL\",\"alternateName\":\"Svenska Magasinet\",\"url\":\"https:\\\/\\\/lightweb.dev\\\/l\\\/svm-temp\\\/\",\"logo\":{\"@type\":\"ImageObject\",\"inLanguage\":\"sv-SE\",\"@id\":\"https:\\\/\\\/lightweb.dev\\\/l\\\/svm-temp\\\/#\\\/schema\\\/logo\\\/image\\\/\",\"url\":\"https:\\\/\\\/lightweb.dev\\\/l\\\/svm-temp\\\/wp-content\\\/uploads\\\/2025\\\/02\\\/SvM-logo-Xtra-Centrerad-SVART.png\",\"contentUrl\":\"https:\\\/\\\/lightweb.dev\\\/l\\\/svm-temp\\\/wp-content\\\/uploads\\\/2025\\\/02\\\/SvM-logo-Xtra-Centrerad-SVART.png\",\"width\":300,\"height\":99,\"caption\":\"Melkerson y Nott SL\"},\"image\":{\"@id\":\"https:\\\/\\\/lightweb.dev\\\/l\\\/svm-temp\\\/#\\\/schema\\\/logo\\\/image\\\/\"},\"sameAs\":[\"https:\\\/\\\/www.facebook.com\\\/svenskamagasinet\",\"https:\\\/\\\/x.com\\\/SvenskaMagasine\"]},{\"@type\":\"Person\",\"@id\":\"https:\\\/\\\/lightweb.dev\\\/l\\\/svm-temp\\\/#\\\/schema\\\/person\\\/206a3bda5b607b0c25e1749191e4d837\",\"name\":\"Redaktionen SvM\",\"description\":\"Redaktionen\",\"sameAs\":[\"https:\\\/\\\/lightweb.dev\\\/l\\\/svm-temp\"],\"url\":\"https:\\\/\\\/lightweb.dev\\\/l\\\/svm-temp\\\/reporter\\\/redaktionen\\\/\"}]}<\/script>\n<!-- \/ Yoast SEO Premium plugin. -->","yoast_head_json":{"title":"M\u00e1lagas ekonomer \u00f6nskar arbetsmarknadsreformer och skatteharmonisering - Svenska Magasinet","robots":{"index":"noindex","follow":"follow","max-snippet":"max-snippet:-1","max-image-preview":"max-image-preview:large","max-video-preview":"max-video-preview:-1"},"og_locale":"sv_SE","og_type":"article","og_title":"M\u00e1lagas ekonomer \u00f6nskar arbetsmarknadsreformer och skatteharmonisering","og_description":"Vi har det v\u00e4rsta \u00e5ret framf\u00f6r oss. Det menar M\u00e1lagas ekonomer i Colegio de Economistas. Prognosen f\u00f6r provinsen M\u00e1laga \u00e4r inte positiv. Det kommer inte att skapas n\u00e5gra nya arbetstillf\u00e4llen under 2012 menar provinsens ekonomer Av Ola Josefsson Det blir \u00e4nnu ett nattsvart \u00e5r f\u00f6r provinsens ekonomi. \u00c4ven om det v\u00e4ntas en BNP-tillv\u00e4xt p\u00e5 mellan [&hellip;]","og_url":"https:\/\/lightweb.dev\/l\/svm-temp\/artiklar\/malagas-ekonomer-onskar-arbetsmarknadsreformer-och-skatteharmonisering\/","og_site_name":"Svenska Magasinet","article_publisher":"https:\/\/www.facebook.com\/svenskamagasinet","article_published_time":"2012-01-05T23:00:00+00:00","og_image":[{"width":299,"height":200,"url":"https:\/\/lightweb.dev\/l\/svm-temp\/wp-content\/uploads\/2022\/04\/mlagas-ekonomer-nskar-arbetsmarknadsreformer-och-skatteharmonisering.png","type":"image\/png"}],"author":"Redaktionen SvM","twitter_card":"summary_large_image","twitter_creator":"@SvenskaMagasine","twitter_site":"@SvenskaMagasine","schema":{"@context":"https:\/\/schema.org","@graph":[{"@type":"Article","@id":"https:\/\/lightweb.dev\/l\/svm-temp\/artiklar\/malagas-ekonomer-onskar-arbetsmarknadsreformer-och-skatteharmonisering\/#article","isPartOf":{"@id":"https:\/\/lightweb.dev\/l\/svm-temp\/artiklar\/malagas-ekonomer-onskar-arbetsmarknadsreformer-och-skatteharmonisering\/"},"author":{"name":"Redaktionen SvM","@id":"https:\/\/lightweb.dev\/l\/svm-temp\/#\/schema\/person\/206a3bda5b607b0c25e1749191e4d837"},"headline":"M\u00e1lagas ekonomer \u00f6nskar arbetsmarknadsreformer och skatteharmonisering","datePublished":"2012-01-05T23:00:00+00:00","mainEntityOfPage":{"@id":"https:\/\/lightweb.dev\/l\/svm-temp\/artiklar\/malagas-ekonomer-onskar-arbetsmarknadsreformer-och-skatteharmonisering\/"},"wordCount":648,"commentCount":0,"publisher":{"@id":"https:\/\/lightweb.dev\/l\/svm-temp\/#organization"},"image":{"@id":"https:\/\/lightweb.dev\/l\/svm-temp\/artiklar\/malagas-ekonomer-onskar-arbetsmarknadsreformer-och-skatteharmonisering\/#primaryimage"},"thumbnailUrl":"https:\/\/lightweb.dev\/l\/svm-temp\/wp-content\/uploads\/2022\/04\/mlagas-ekonomer-nskar-arbetsmarknadsreformer-och-skatteharmonisering.png","articleSection":["Artiklar","N\u00e4ringsliv"],"inLanguage":"sv-SE"},{"@type":"WebPage","@id":"https:\/\/lightweb.dev\/l\/svm-temp\/artiklar\/malagas-ekonomer-onskar-arbetsmarknadsreformer-och-skatteharmonisering\/","url":"https:\/\/lightweb.dev\/l\/svm-temp\/artiklar\/malagas-ekonomer-onskar-arbetsmarknadsreformer-och-skatteharmonisering\/","name":"M\u00e1lagas ekonomer \u00f6nskar arbetsmarknadsreformer och skatteharmonisering - Svenska Magasinet","isPartOf":{"@id":"https:\/\/lightweb.dev\/l\/svm-temp\/#website"},"primaryImageOfPage":{"@id":"https:\/\/lightweb.dev\/l\/svm-temp\/artiklar\/malagas-ekonomer-onskar-arbetsmarknadsreformer-och-skatteharmonisering\/#primaryimage"},"image":{"@id":"https:\/\/lightweb.dev\/l\/svm-temp\/artiklar\/malagas-ekonomer-onskar-arbetsmarknadsreformer-och-skatteharmonisering\/#primaryimage"},"thumbnailUrl":"https:\/\/lightweb.dev\/l\/svm-temp\/wp-content\/uploads\/2022\/04\/mlagas-ekonomer-nskar-arbetsmarknadsreformer-och-skatteharmonisering.png","datePublished":"2012-01-05T23:00:00+00:00","breadcrumb":{"@id":"https:\/\/lightweb.dev\/l\/svm-temp\/artiklar\/malagas-ekonomer-onskar-arbetsmarknadsreformer-och-skatteharmonisering\/#breadcrumb"},"inLanguage":"sv-SE","potentialAction":[{"@type":"ReadAction","target":["https:\/\/lightweb.dev\/l\/svm-temp\/artiklar\/malagas-ekonomer-onskar-arbetsmarknadsreformer-och-skatteharmonisering\/"]}]},{"@type":"ImageObject","inLanguage":"sv-SE","@id":"https:\/\/lightweb.dev\/l\/svm-temp\/artiklar\/malagas-ekonomer-onskar-arbetsmarknadsreformer-och-skatteharmonisering\/#primaryimage","url":"https:\/\/lightweb.dev\/l\/svm-temp\/wp-content\/uploads\/2022\/04\/mlagas-ekonomer-nskar-arbetsmarknadsreformer-och-skatteharmonisering.png","contentUrl":"https:\/\/lightweb.dev\/l\/svm-temp\/wp-content\/uploads\/2022\/04\/mlagas-ekonomer-nskar-arbetsmarknadsreformer-och-skatteharmonisering.png","width":299,"height":200},{"@type":"BreadcrumbList","@id":"https:\/\/lightweb.dev\/l\/svm-temp\/artiklar\/malagas-ekonomer-onskar-arbetsmarknadsreformer-och-skatteharmonisering\/#breadcrumb","itemListElement":[{"@type":"ListItem","position":1,"name":"Hem","item":"https:\/\/lightweb.dev\/l\/svm-temp\/"},{"@type":"ListItem","position":2,"name":"M\u00e1lagas ekonomer \u00f6nskar arbetsmarknadsreformer och skatteharmonisering"}]},{"@type":"WebSite","@id":"https:\/\/lightweb.dev\/l\/svm-temp\/#website","url":"https:\/\/lightweb.dev\/l\/svm-temp\/","name":"Svenska Magasinet","description":"Dina Spanska nyheter p&aring; Svenska","publisher":{"@id":"https:\/\/lightweb.dev\/l\/svm-temp\/#organization"},"potentialAction":[{"@type":"SearchAction","target":{"@type":"EntryPoint","urlTemplate":"https:\/\/lightweb.dev\/l\/svm-temp\/?s={search_term_string}"},"query-input":{"@type":"PropertyValueSpecification","valueRequired":true,"valueName":"search_term_string"}}],"inLanguage":"sv-SE"},{"@type":"Organization","@id":"https:\/\/lightweb.dev\/l\/svm-temp\/#organization","name":"Melkerson y Nott SL","alternateName":"Svenska Magasinet","url":"https:\/\/lightweb.dev\/l\/svm-temp\/","logo":{"@type":"ImageObject","inLanguage":"sv-SE","@id":"https:\/\/lightweb.dev\/l\/svm-temp\/#\/schema\/logo\/image\/","url":"https:\/\/lightweb.dev\/l\/svm-temp\/wp-content\/uploads\/2025\/02\/SvM-logo-Xtra-Centrerad-SVART.png","contentUrl":"https:\/\/lightweb.dev\/l\/svm-temp\/wp-content\/uploads\/2025\/02\/SvM-logo-Xtra-Centrerad-SVART.png","width":300,"height":99,"caption":"Melkerson y Nott SL"},"image":{"@id":"https:\/\/lightweb.dev\/l\/svm-temp\/#\/schema\/logo\/image\/"},"sameAs":["https:\/\/www.facebook.com\/svenskamagasinet","https:\/\/x.com\/SvenskaMagasine"]},{"@type":"Person","@id":"https:\/\/lightweb.dev\/l\/svm-temp\/#\/schema\/person\/206a3bda5b607b0c25e1749191e4d837","name":"Redaktionen SvM","description":"Redaktionen","sameAs":["https:\/\/lightweb.dev\/l\/svm-temp"],"url":"https:\/\/lightweb.dev\/l\/svm-temp\/reporter\/redaktionen\/"}]}},"_links":{"self":[{"href":"https:\/\/lightweb.dev\/l\/svm-temp\/wp-json\/wp\/v2\/posts\/3911","targetHints":{"allow":["GET"]}}],"collection":[{"href":"https:\/\/lightweb.dev\/l\/svm-temp\/wp-json\/wp\/v2\/posts"}],"about":[{"href":"https:\/\/lightweb.dev\/l\/svm-temp\/wp-json\/wp\/v2\/types\/post"}],"author":[{"embeddable":true,"href":"https:\/\/lightweb.dev\/l\/svm-temp\/wp-json\/wp\/v2\/users\/8"}],"replies":[{"embeddable":true,"href":"https:\/\/lightweb.dev\/l\/svm-temp\/wp-json\/wp\/v2\/comments?post=3911"}],"version-history":[{"count":0,"href":"https:\/\/lightweb.dev\/l\/svm-temp\/wp-json\/wp\/v2\/posts\/3911\/revisions"}],"wp:featuredmedia":[{"embeddable":true,"href":"https:\/\/lightweb.dev\/l\/svm-temp\/wp-json\/wp\/v2\/media\/3912"}],"wp:attachment":[{"href":"https:\/\/lightweb.dev\/l\/svm-temp\/wp-json\/wp\/v2\/media?parent=3911"}],"wp:term":[{"taxonomy":"category","embeddable":true,"href":"https:\/\/lightweb.dev\/l\/svm-temp\/wp-json\/wp\/v2\/categories?post=3911"},{"taxonomy":"post_tag","embeddable":true,"href":"https:\/\/lightweb.dev\/l\/svm-temp\/wp-json\/wp\/v2\/tags?post=3911"}],"curies":[{"name":"wp","href":"https:\/\/api.w.org\/{rel}","templated":true}]}}