{"id":3919,"date":"2012-01-06T00:00:00","date_gmt":"2012-01-05T23:00:00","guid":{"rendered":"https:\/\/lightweb.dev\/l\/svm-temp\/spanien-just-nu-ljus-i-tunneln\/"},"modified":"2012-01-06T00:00:00","modified_gmt":"2012-01-05T23:00:00","slug":"spanien-just-nu-ljus-i-tunneln","status":"publish","type":"post","link":"https:\/\/lightweb.dev\/l\/svm-temp\/artiklar\/spanien-just-nu-ljus-i-tunneln\/","title":{"rendered":"Spanien just nu \u2013 ljus i tunneln"},"content":{"rendered":"<p> Ett nytt h\u00e4ndelserikt \u00e5r st\u00e5r f\u00f6r d\u00f6rren \u2013 och Spanien startar med l\u00e5gkonjunktur. De flesta bed\u00f6mare r\u00e4knar med att eurokrisen blir en rysare \u00e4ven under 2012. Vad h\u00e4nder om Italien eller Spanien hamnar i en n\u00f6dsituation under \u00e5ret? Av Ola Josefsson<br \/>\nSpaniens nye finansminister Luis de Guindos meddelade strax f\u00f6re ny\u00e5r att Spanien g\u00e5r in i en recession. Sedan invigningstalet hade De Guindos undvikit att ta ordet l\u00e5gkonjunktur i sin mun. Med siffrorna \u00f6ver det sista kvartalet 2011 blev han tvungen att uttala \u201dcrecimiento negativo\u201d, negativ tillv\u00e4xt.<br \/>\nTillv\u00e4xt och syssels\u00e4ttning h\u00f6r ihop och sedan kan var och en av oss r\u00e4kna ut hur prognosen ser ut f\u00f6r 2012. \u00c5 andra sidan finns det ljuspunkter.<br \/>\nExporten fr\u00e5n M\u00e1lagaprovinsens f\u00f6retag till utlandet satte rekord under 2011. Det exporterades f\u00f6r 1.350 miljoner euro samtidigt som turismen i provinsen \u00f6kar. Antalet hotell\u00f6vernattningar visar plus med fem procent och de utl\u00e4ndska bes\u00f6karna \u00f6kar mest. 6,7 procent av turisterna kommer fr\u00e5n de nordiska l\u00e4nderna.<br \/>\nUnder fjol\u00e5ret 2011 registreras en tillv\u00e4xt p\u00e5 0,8 procent i provinsen M\u00e1laga. Problemet \u00e4r att landet g\u00e5r in i en ny recession 2012 vilket \u00e4ven kommer att p\u00e5verka provinsen M\u00e1laga. I slutet p\u00e5 2011 var 194.804 personer registrerade som arbetsl\u00f6sa vid Servicio Andaluz de Empleo (SAE), vilket var en \u00f6kning med \u00f6ver 11.000 personer p\u00e5 ett \u00e5r.<br \/>\nEnligt socialf\u00f6rs\u00e4kringssystemet Seguridad Social finns det i nul\u00e4get 46.515 f\u00f6retag i provinsen, det \u00e4r tusen f\u00e4rre \u00e4n f\u00f6r ett \u00e5r sedan. 2007 fanns det 53.500 f\u00f6retag.<br \/>\n\u201dArbetsl\u00f6sheten forts\u00e4tter att plundra provinsen M\u00e1laga. Kreditl\u00e5nen \u00e4r st\u00e4ngda och den ekonomiska strypningen av f\u00f6retagen \u00e4r total\u201d, s\u00e4ger Javier Gonz\u00e1lez de Lara, ordf\u00f6rande i arbetsgivarf\u00f6rbundet Confederaci\u00f3n de Empresarios i M\u00e1laga (CEM). Det m\u00e5ste till reformer f\u00f6r att v\u00e4nda situationen menar han.<br \/>\nDet v\u00e4rsta \u00e4r att staten, och d\u00e5 menar jag regionalregeringen Junta de Andalucia och kommunerna, har en skuld p\u00e5 500 miljoner euro till f\u00f6retagen. Det handlar om statliga myndigheter som inte har tagit sitt ansvar och betalat f\u00f6r leveranser av varor eller andra tj\u00e4nster. Flera av dessa f\u00f6retag riskerar nu att g\u00e5 i konkurs.<br \/>\nKung Don Juan Carlos talade vid \u00f6ppnandet av den tionde lagstiftande demokratiska regeringen. Han betonade hur viktigt det \u00e4r att landets parlamentariker visar enighet och samarbetsvilja. Kungen p\u00e5minde \u00e4ven politikerna om att landets medborgare kr\u00e4ver att politikerna visar \u201dansvar och kommer med effektiva \u00e5tg\u00e4rder\u201d. Det g\u00e4ller att st\u00e4rka profilen och f\u00f6rtroendet f\u00f6r de offentliga institutionerna.<br \/>\nAppl\u00e5derna efter talet avsl\u00f6jade en hel del. N\u00e4stan samtliga parlamentariker gav sitt bifall genom appl\u00e5der utom politikerna ur v\u00e4nsterpartiet Izquierda Unida (IU) och de baskiska nationalisterna Partido Nacionalista Vasco (PNV). Och politikerna i baskiska v\u00e4nsterkoalitionen Amaiur och det republikanska katalanska partiet ERC var inte ens p\u00e5 plats vilket talar sitt tydliga spr\u00e5k.<br \/>\nDet \u00e4r ocks\u00e5 intressant att f\u00f6lja den maktstrid som brutit ut i det forna regeringspartiet PSOE mellan Rubalcaba och Chac\u00f3n. Den 4 februari kommer PSOE att h\u00e5lla sin 38:e partikongress i det r\u00f6da f\u00e4stet Sevilla. I skrivande stund \u00e4r det en \u00f6ppen strid med olika manifest som haglar mellan Alfredo P\u00e9rez Rubalcaba och Carme Chac\u00f3n. En \u201dmatch\u201d om partiledarposten som fick tidigare generalsekreteraren i NATO, Javier Solana, att be om vapenvila under julhelgen genom att twittra: \u201dSn\u00e4lla, inga fler manifest, idag eller i morgon\u201d.<br \/>\nEtt trettio PSOE-politiker fr\u00e5n den tidigare Zapateroregeringen har undertecknat ett dokument som nyhetsbyr\u00e5n Efe har kommit \u00f6ver. \u00c4ven den tidigare f\u00f6rsvarsministern Carme Chac\u00f3n finns med bland dem som presenterat ett f\u00f6rslag till f\u00f6rnyelse under temat \u201dMucho PSOE por hacer\u201d, mycket f\u00f6r PSOE att g\u00f6ra.<br \/>\nUr turistsynpunkt kommer mycket att handla om C\u00e1diz i \u00e5r. V\u00e4steuropas \u00e4ldsta stad och en av mina absoluta favoritplatser i Spanien. I \u00e5r \u00e4r det 200 \u00e5rs-jubileum sedan f\u00f6rfattningen skrevs i C\u00e1diz 1812.<br \/>\nInv\u00e5narna \u00e4r stolta \u00f6ver sin historia av att den franske h\u00e4rf\u00f6raren Napoleon aldrig lyckades inta C\u00e1diz n\u00e4r han tog resten av Spanien efter att ha invaderat landet 1808. Mitt under den franska ockupationen samlades Cort\u00e9s innanf\u00f6r de solida f\u00e4stningsmurarna i C\u00e1diz. Den spanska konstitutionen, La Constituci\u00f3n espa\u00f1ola, fr\u00e5n 1812 som \u00e4ven g\u00e5r under namnet \u201dLa Pepa\u201d f\u00f6rfattades den 19 mars 1812 i C\u00e1diz.<br \/>\nH\u00e4r i solnedg\u00e5ngens stad \u00f6ppnade det svenska Ostindiska kompaniet ett kontor 1732. Handeln och sj\u00f6farten tog fart det tog bara n\u00e5gra \u00e5r innan Sverige \u00f6ppnade ett konsulat h\u00e4r. Den f\u00f6rsta svenske konsuln i C\u00e1diz var Jacob Bellman, farbror till Carl Michael Bellman.<\/p>\n","protected":false},"excerpt":{"rendered":"<p>Ett nytt h\u00e4ndelserikt \u00e5r st\u00e5r f\u00f6r d\u00f6rren \u2013 och Spanien startar med l\u00e5gkonjunktur. De flesta bed\u00f6mare r\u00e4knar med att eurokrisen blir en rysare \u00e4ven under 2012. Vad h\u00e4nder om Italien eller Spanien hamnar i en n\u00f6dsituation under \u00e5ret? Av Ola Josefsson Spaniens nye finansminister Luis de Guindos meddelade strax f\u00f6re ny\u00e5r att Spanien g\u00e5r in [&hellip;]<\/p>\n","protected":false},"author":8,"featured_media":3920,"comment_status":"open","ping_status":"open","sticky":false,"template":"","format":"standard","meta":{"_et_pb_use_builder":"","_et_pb_old_content":"","_et_gb_content_width":"","footnotes":""},"categories":[4,36],"tags":[],"class_list":["post-3919","post","type-post","status-publish","format-standard","has-post-thumbnail","hentry","category-artiklar","category-spanien-just-nu"],"yoast_head":"<!-- This site is optimized with the Yoast SEO Premium plugin v26.2 (Yoast SEO v28.2) - https:\/\/yoast.com\/product\/yoast-seo-premium-wordpress\/ -->\n<title>Spanien just nu \u2013 ljus i tunneln - Svenska Magasinet<\/title>\n<meta name=\"robots\" content=\"noindex, follow, max-snippet:-1, max-image-preview:large, max-video-preview:-1\" \/>\n<meta property=\"og:locale\" content=\"sv_SE\" \/>\n<meta property=\"og:type\" content=\"article\" \/>\n<meta property=\"og:title\" content=\"Spanien just nu \u2013 ljus i tunneln\" \/>\n<meta property=\"og:description\" content=\"Ett nytt h\u00e4ndelserikt \u00e5r st\u00e5r f\u00f6r d\u00f6rren \u2013 och Spanien startar med l\u00e5gkonjunktur. De flesta bed\u00f6mare r\u00e4knar med att eurokrisen blir en rysare \u00e4ven under 2012. Vad h\u00e4nder om Italien eller Spanien hamnar i en n\u00f6dsituation under \u00e5ret? Av Ola Josefsson Spaniens nye finansminister Luis de Guindos meddelade strax f\u00f6re ny\u00e5r att Spanien g\u00e5r in [&hellip;]\" \/>\n<meta property=\"og:url\" content=\"https:\/\/lightweb.dev\/l\/svm-temp\/artiklar\/spanien-just-nu-ljus-i-tunneln\/\" \/>\n<meta property=\"og:site_name\" content=\"Svenska Magasinet\" \/>\n<meta property=\"article:publisher\" content=\"https:\/\/www.facebook.com\/svenskamagasinet\" \/>\n<meta property=\"article:published_time\" content=\"2012-01-05T23:00:00+00:00\" \/>\n<meta property=\"og:image\" content=\"https:\/\/lightweb.dev\/l\/svm-temp\/wp-content\/uploads\/2022\/04\/spanien-just-nu-ljus-i-tunneln.png\" \/>\n\t<meta property=\"og:image:width\" content=\"280\" \/>\n\t<meta property=\"og:image:height\" content=\"419\" \/>\n\t<meta property=\"og:image:type\" content=\"image\/png\" \/>\n<meta name=\"author\" content=\"Redaktionen SvM\" \/>\n<meta name=\"twitter:card\" content=\"summary_large_image\" \/>\n<meta name=\"twitter:creator\" content=\"@SvenskaMagasine\" \/>\n<meta name=\"twitter:site\" content=\"@SvenskaMagasine\" \/>\n<script type=\"application\/ld+json\" class=\"yoast-schema-graph\">{\"@context\":\"https:\\\/\\\/schema.org\",\"@graph\":[{\"@type\":\"Article\",\"@id\":\"https:\\\/\\\/lightweb.dev\\\/l\\\/svm-temp\\\/artiklar\\\/spanien-just-nu-ljus-i-tunneln\\\/#article\",\"isPartOf\":{\"@id\":\"https:\\\/\\\/lightweb.dev\\\/l\\\/svm-temp\\\/artiklar\\\/spanien-just-nu-ljus-i-tunneln\\\/\"},\"author\":{\"name\":\"Redaktionen SvM\",\"@id\":\"https:\\\/\\\/lightweb.dev\\\/l\\\/svm-temp\\\/#\\\/schema\\\/person\\\/206a3bda5b607b0c25e1749191e4d837\"},\"headline\":\"Spanien just nu \u2013 ljus i tunneln\",\"datePublished\":\"2012-01-05T23:00:00+00:00\",\"mainEntityOfPage\":{\"@id\":\"https:\\\/\\\/lightweb.dev\\\/l\\\/svm-temp\\\/artiklar\\\/spanien-just-nu-ljus-i-tunneln\\\/\"},\"wordCount\":807,\"commentCount\":0,\"publisher\":{\"@id\":\"https:\\\/\\\/lightweb.dev\\\/l\\\/svm-temp\\\/#organization\"},\"image\":{\"@id\":\"https:\\\/\\\/lightweb.dev\\\/l\\\/svm-temp\\\/artiklar\\\/spanien-just-nu-ljus-i-tunneln\\\/#primaryimage\"},\"thumbnailUrl\":\"https:\\\/\\\/lightweb.dev\\\/l\\\/svm-temp\\\/wp-content\\\/uploads\\\/2022\\\/04\\\/spanien-just-nu-ljus-i-tunneln.png\",\"articleSection\":[\"Artiklar\",\"Spanien just nu\"],\"inLanguage\":\"sv-SE\"},{\"@type\":\"WebPage\",\"@id\":\"https:\\\/\\\/lightweb.dev\\\/l\\\/svm-temp\\\/artiklar\\\/spanien-just-nu-ljus-i-tunneln\\\/\",\"url\":\"https:\\\/\\\/lightweb.dev\\\/l\\\/svm-temp\\\/artiklar\\\/spanien-just-nu-ljus-i-tunneln\\\/\",\"name\":\"Spanien just nu \u2013 ljus i tunneln - Svenska Magasinet\",\"isPartOf\":{\"@id\":\"https:\\\/\\\/lightweb.dev\\\/l\\\/svm-temp\\\/#website\"},\"primaryImageOfPage\":{\"@id\":\"https:\\\/\\\/lightweb.dev\\\/l\\\/svm-temp\\\/artiklar\\\/spanien-just-nu-ljus-i-tunneln\\\/#primaryimage\"},\"image\":{\"@id\":\"https:\\\/\\\/lightweb.dev\\\/l\\\/svm-temp\\\/artiklar\\\/spanien-just-nu-ljus-i-tunneln\\\/#primaryimage\"},\"thumbnailUrl\":\"https:\\\/\\\/lightweb.dev\\\/l\\\/svm-temp\\\/wp-content\\\/uploads\\\/2022\\\/04\\\/spanien-just-nu-ljus-i-tunneln.png\",\"datePublished\":\"2012-01-05T23:00:00+00:00\",\"breadcrumb\":{\"@id\":\"https:\\\/\\\/lightweb.dev\\\/l\\\/svm-temp\\\/artiklar\\\/spanien-just-nu-ljus-i-tunneln\\\/#breadcrumb\"},\"inLanguage\":\"sv-SE\",\"potentialAction\":[{\"@type\":\"ReadAction\",\"target\":[\"https:\\\/\\\/lightweb.dev\\\/l\\\/svm-temp\\\/artiklar\\\/spanien-just-nu-ljus-i-tunneln\\\/\"]}]},{\"@type\":\"ImageObject\",\"inLanguage\":\"sv-SE\",\"@id\":\"https:\\\/\\\/lightweb.dev\\\/l\\\/svm-temp\\\/artiklar\\\/spanien-just-nu-ljus-i-tunneln\\\/#primaryimage\",\"url\":\"https:\\\/\\\/lightweb.dev\\\/l\\\/svm-temp\\\/wp-content\\\/uploads\\\/2022\\\/04\\\/spanien-just-nu-ljus-i-tunneln.png\",\"contentUrl\":\"https:\\\/\\\/lightweb.dev\\\/l\\\/svm-temp\\\/wp-content\\\/uploads\\\/2022\\\/04\\\/spanien-just-nu-ljus-i-tunneln.png\",\"width\":280,\"height\":419},{\"@type\":\"BreadcrumbList\",\"@id\":\"https:\\\/\\\/lightweb.dev\\\/l\\\/svm-temp\\\/artiklar\\\/spanien-just-nu-ljus-i-tunneln\\\/#breadcrumb\",\"itemListElement\":[{\"@type\":\"ListItem\",\"position\":1,\"name\":\"Hem\",\"item\":\"https:\\\/\\\/lightweb.dev\\\/l\\\/svm-temp\\\/\"},{\"@type\":\"ListItem\",\"position\":2,\"name\":\"Spanien just nu \u2013 ljus i tunneln\"}]},{\"@type\":\"WebSite\",\"@id\":\"https:\\\/\\\/lightweb.dev\\\/l\\\/svm-temp\\\/#website\",\"url\":\"https:\\\/\\\/lightweb.dev\\\/l\\\/svm-temp\\\/\",\"name\":\"Svenska Magasinet\",\"description\":\"Dina Spanska nyheter p&aring; Svenska\",\"publisher\":{\"@id\":\"https:\\\/\\\/lightweb.dev\\\/l\\\/svm-temp\\\/#organization\"},\"potentialAction\":[{\"@type\":\"SearchAction\",\"target\":{\"@type\":\"EntryPoint\",\"urlTemplate\":\"https:\\\/\\\/lightweb.dev\\\/l\\\/svm-temp\\\/?s={search_term_string}\"},\"query-input\":{\"@type\":\"PropertyValueSpecification\",\"valueRequired\":true,\"valueName\":\"search_term_string\"}}],\"inLanguage\":\"sv-SE\"},{\"@type\":\"Organization\",\"@id\":\"https:\\\/\\\/lightweb.dev\\\/l\\\/svm-temp\\\/#organization\",\"name\":\"Melkerson y Nott SL\",\"alternateName\":\"Svenska Magasinet\",\"url\":\"https:\\\/\\\/lightweb.dev\\\/l\\\/svm-temp\\\/\",\"logo\":{\"@type\":\"ImageObject\",\"inLanguage\":\"sv-SE\",\"@id\":\"https:\\\/\\\/lightweb.dev\\\/l\\\/svm-temp\\\/#\\\/schema\\\/logo\\\/image\\\/\",\"url\":\"https:\\\/\\\/lightweb.dev\\\/l\\\/svm-temp\\\/wp-content\\\/uploads\\\/2025\\\/02\\\/SvM-logo-Xtra-Centrerad-SVART.png\",\"contentUrl\":\"https:\\\/\\\/lightweb.dev\\\/l\\\/svm-temp\\\/wp-content\\\/uploads\\\/2025\\\/02\\\/SvM-logo-Xtra-Centrerad-SVART.png\",\"width\":300,\"height\":99,\"caption\":\"Melkerson y Nott SL\"},\"image\":{\"@id\":\"https:\\\/\\\/lightweb.dev\\\/l\\\/svm-temp\\\/#\\\/schema\\\/logo\\\/image\\\/\"},\"sameAs\":[\"https:\\\/\\\/www.facebook.com\\\/svenskamagasinet\",\"https:\\\/\\\/x.com\\\/SvenskaMagasine\"]},{\"@type\":\"Person\",\"@id\":\"https:\\\/\\\/lightweb.dev\\\/l\\\/svm-temp\\\/#\\\/schema\\\/person\\\/206a3bda5b607b0c25e1749191e4d837\",\"name\":\"Redaktionen SvM\",\"description\":\"Redaktionen\",\"sameAs\":[\"https:\\\/\\\/lightweb.dev\\\/l\\\/svm-temp\"],\"url\":\"https:\\\/\\\/lightweb.dev\\\/l\\\/svm-temp\\\/reporter\\\/redaktionen\\\/\"}]}<\/script>\n<!-- \/ Yoast SEO Premium plugin. -->","yoast_head_json":{"title":"Spanien just nu \u2013 ljus i tunneln - Svenska Magasinet","robots":{"index":"noindex","follow":"follow","max-snippet":"max-snippet:-1","max-image-preview":"max-image-preview:large","max-video-preview":"max-video-preview:-1"},"og_locale":"sv_SE","og_type":"article","og_title":"Spanien just nu \u2013 ljus i tunneln","og_description":"Ett nytt h\u00e4ndelserikt \u00e5r st\u00e5r f\u00f6r d\u00f6rren \u2013 och Spanien startar med l\u00e5gkonjunktur. De flesta bed\u00f6mare r\u00e4knar med att eurokrisen blir en rysare \u00e4ven under 2012. Vad h\u00e4nder om Italien eller Spanien hamnar i en n\u00f6dsituation under \u00e5ret? Av Ola Josefsson Spaniens nye finansminister Luis de Guindos meddelade strax f\u00f6re ny\u00e5r att Spanien g\u00e5r in [&hellip;]","og_url":"https:\/\/lightweb.dev\/l\/svm-temp\/artiklar\/spanien-just-nu-ljus-i-tunneln\/","og_site_name":"Svenska Magasinet","article_publisher":"https:\/\/www.facebook.com\/svenskamagasinet","article_published_time":"2012-01-05T23:00:00+00:00","og_image":[{"width":280,"height":419,"url":"https:\/\/lightweb.dev\/l\/svm-temp\/wp-content\/uploads\/2022\/04\/spanien-just-nu-ljus-i-tunneln.png","type":"image\/png"}],"author":"Redaktionen SvM","twitter_card":"summary_large_image","twitter_creator":"@SvenskaMagasine","twitter_site":"@SvenskaMagasine","schema":{"@context":"https:\/\/schema.org","@graph":[{"@type":"Article","@id":"https:\/\/lightweb.dev\/l\/svm-temp\/artiklar\/spanien-just-nu-ljus-i-tunneln\/#article","isPartOf":{"@id":"https:\/\/lightweb.dev\/l\/svm-temp\/artiklar\/spanien-just-nu-ljus-i-tunneln\/"},"author":{"name":"Redaktionen SvM","@id":"https:\/\/lightweb.dev\/l\/svm-temp\/#\/schema\/person\/206a3bda5b607b0c25e1749191e4d837"},"headline":"Spanien just nu \u2013 ljus i tunneln","datePublished":"2012-01-05T23:00:00+00:00","mainEntityOfPage":{"@id":"https:\/\/lightweb.dev\/l\/svm-temp\/artiklar\/spanien-just-nu-ljus-i-tunneln\/"},"wordCount":807,"commentCount":0,"publisher":{"@id":"https:\/\/lightweb.dev\/l\/svm-temp\/#organization"},"image":{"@id":"https:\/\/lightweb.dev\/l\/svm-temp\/artiklar\/spanien-just-nu-ljus-i-tunneln\/#primaryimage"},"thumbnailUrl":"https:\/\/lightweb.dev\/l\/svm-temp\/wp-content\/uploads\/2022\/04\/spanien-just-nu-ljus-i-tunneln.png","articleSection":["Artiklar","Spanien just nu"],"inLanguage":"sv-SE"},{"@type":"WebPage","@id":"https:\/\/lightweb.dev\/l\/svm-temp\/artiklar\/spanien-just-nu-ljus-i-tunneln\/","url":"https:\/\/lightweb.dev\/l\/svm-temp\/artiklar\/spanien-just-nu-ljus-i-tunneln\/","name":"Spanien just nu \u2013 ljus i tunneln - Svenska Magasinet","isPartOf":{"@id":"https:\/\/lightweb.dev\/l\/svm-temp\/#website"},"primaryImageOfPage":{"@id":"https:\/\/lightweb.dev\/l\/svm-temp\/artiklar\/spanien-just-nu-ljus-i-tunneln\/#primaryimage"},"image":{"@id":"https:\/\/lightweb.dev\/l\/svm-temp\/artiklar\/spanien-just-nu-ljus-i-tunneln\/#primaryimage"},"thumbnailUrl":"https:\/\/lightweb.dev\/l\/svm-temp\/wp-content\/uploads\/2022\/04\/spanien-just-nu-ljus-i-tunneln.png","datePublished":"2012-01-05T23:00:00+00:00","breadcrumb":{"@id":"https:\/\/lightweb.dev\/l\/svm-temp\/artiklar\/spanien-just-nu-ljus-i-tunneln\/#breadcrumb"},"inLanguage":"sv-SE","potentialAction":[{"@type":"ReadAction","target":["https:\/\/lightweb.dev\/l\/svm-temp\/artiklar\/spanien-just-nu-ljus-i-tunneln\/"]}]},{"@type":"ImageObject","inLanguage":"sv-SE","@id":"https:\/\/lightweb.dev\/l\/svm-temp\/artiklar\/spanien-just-nu-ljus-i-tunneln\/#primaryimage","url":"https:\/\/lightweb.dev\/l\/svm-temp\/wp-content\/uploads\/2022\/04\/spanien-just-nu-ljus-i-tunneln.png","contentUrl":"https:\/\/lightweb.dev\/l\/svm-temp\/wp-content\/uploads\/2022\/04\/spanien-just-nu-ljus-i-tunneln.png","width":280,"height":419},{"@type":"BreadcrumbList","@id":"https:\/\/lightweb.dev\/l\/svm-temp\/artiklar\/spanien-just-nu-ljus-i-tunneln\/#breadcrumb","itemListElement":[{"@type":"ListItem","position":1,"name":"Hem","item":"https:\/\/lightweb.dev\/l\/svm-temp\/"},{"@type":"ListItem","position":2,"name":"Spanien just nu \u2013 ljus i tunneln"}]},{"@type":"WebSite","@id":"https:\/\/lightweb.dev\/l\/svm-temp\/#website","url":"https:\/\/lightweb.dev\/l\/svm-temp\/","name":"Svenska Magasinet","description":"Dina Spanska nyheter p&aring; Svenska","publisher":{"@id":"https:\/\/lightweb.dev\/l\/svm-temp\/#organization"},"potentialAction":[{"@type":"SearchAction","target":{"@type":"EntryPoint","urlTemplate":"https:\/\/lightweb.dev\/l\/svm-temp\/?s={search_term_string}"},"query-input":{"@type":"PropertyValueSpecification","valueRequired":true,"valueName":"search_term_string"}}],"inLanguage":"sv-SE"},{"@type":"Organization","@id":"https:\/\/lightweb.dev\/l\/svm-temp\/#organization","name":"Melkerson y Nott SL","alternateName":"Svenska Magasinet","url":"https:\/\/lightweb.dev\/l\/svm-temp\/","logo":{"@type":"ImageObject","inLanguage":"sv-SE","@id":"https:\/\/lightweb.dev\/l\/svm-temp\/#\/schema\/logo\/image\/","url":"https:\/\/lightweb.dev\/l\/svm-temp\/wp-content\/uploads\/2025\/02\/SvM-logo-Xtra-Centrerad-SVART.png","contentUrl":"https:\/\/lightweb.dev\/l\/svm-temp\/wp-content\/uploads\/2025\/02\/SvM-logo-Xtra-Centrerad-SVART.png","width":300,"height":99,"caption":"Melkerson y Nott SL"},"image":{"@id":"https:\/\/lightweb.dev\/l\/svm-temp\/#\/schema\/logo\/image\/"},"sameAs":["https:\/\/www.facebook.com\/svenskamagasinet","https:\/\/x.com\/SvenskaMagasine"]},{"@type":"Person","@id":"https:\/\/lightweb.dev\/l\/svm-temp\/#\/schema\/person\/206a3bda5b607b0c25e1749191e4d837","name":"Redaktionen SvM","description":"Redaktionen","sameAs":["https:\/\/lightweb.dev\/l\/svm-temp"],"url":"https:\/\/lightweb.dev\/l\/svm-temp\/reporter\/redaktionen\/"}]}},"_links":{"self":[{"href":"https:\/\/lightweb.dev\/l\/svm-temp\/wp-json\/wp\/v2\/posts\/3919","targetHints":{"allow":["GET"]}}],"collection":[{"href":"https:\/\/lightweb.dev\/l\/svm-temp\/wp-json\/wp\/v2\/posts"}],"about":[{"href":"https:\/\/lightweb.dev\/l\/svm-temp\/wp-json\/wp\/v2\/types\/post"}],"author":[{"embeddable":true,"href":"https:\/\/lightweb.dev\/l\/svm-temp\/wp-json\/wp\/v2\/users\/8"}],"replies":[{"embeddable":true,"href":"https:\/\/lightweb.dev\/l\/svm-temp\/wp-json\/wp\/v2\/comments?post=3919"}],"version-history":[{"count":0,"href":"https:\/\/lightweb.dev\/l\/svm-temp\/wp-json\/wp\/v2\/posts\/3919\/revisions"}],"wp:featuredmedia":[{"embeddable":true,"href":"https:\/\/lightweb.dev\/l\/svm-temp\/wp-json\/wp\/v2\/media\/3920"}],"wp:attachment":[{"href":"https:\/\/lightweb.dev\/l\/svm-temp\/wp-json\/wp\/v2\/media?parent=3919"}],"wp:term":[{"taxonomy":"category","embeddable":true,"href":"https:\/\/lightweb.dev\/l\/svm-temp\/wp-json\/wp\/v2\/categories?post=3919"},{"taxonomy":"post_tag","embeddable":true,"href":"https:\/\/lightweb.dev\/l\/svm-temp\/wp-json\/wp\/v2\/tags?post=3919"}],"curies":[{"name":"wp","href":"https:\/\/api.w.org\/{rel}","templated":true}]}}