{"id":3954,"date":"2011-12-13T00:00:00","date_gmt":"2011-12-12T23:00:00","guid":{"rendered":"https:\/\/lightweb.dev\/l\/svm-temp\/spanien-just-nu-vansterregeringar-pa-fall\/"},"modified":"2011-12-13T00:00:00","modified_gmt":"2011-12-12T23:00:00","slug":"spanien-just-nu-vansterregeringar-pa-fall","status":"publish","type":"post","link":"https:\/\/lightweb.dev\/l\/svm-temp\/artiklar\/spanien-just-nu-vansterregeringar-pa-fall\/","title":{"rendered":"Spanien \u2013 just nu \u2013 v\u00e4nsterregeringar p\u00e5 fall"},"content":{"rendered":"<p> Den spanska v\u00e4nstern slickar s\u00e5ren efter tidernas st\u00f6rsta valfiasko i Spanien. Det \u00e4r en rej\u00e4lt tilltygad v\u00e4nster. Men inte bara i Spanien utan i \u00f6vriga Europa d\u00e4r de flesta socialdemokratiska regeringar fallit en efter en. Av Ola Josefsson<br \/>\nMedia p\u00e5 v\u00e4nsterflygeln har sv\u00e5rt att f\u00f6rklara varf\u00f6r det gick som det gick. De l\u00e4gger mer fokus p\u00e5 att konservativa Partido Popular gick till val utan program \u2013 f\u00f6r att i st\u00e4llet v\u00e5ga sig p\u00e5 en f\u00f6rklaring till varf\u00f6r \u00e4nnu en socialdemokratisk regering faller i Europa. I Storbritannien, Grekland, Ungern, Portugal och Spanien har v\u00e4nsterregeringar kraschat.<br \/>\nSedan lokalvalen i maj har en liten ansenlig grupp p\u00e5 n\u00e5gra tusen anh\u00e4ngare f\u00e5tt stor uppm\u00e4rksamhet i media. Protestr\u00f6relsen \u201dMovimiento M-15\u201d ockuperade gator och torg och fick stort utrymme. Jag skrev redan i somras att den gruppen skulle komma att h\u00f6ras allt mer s\u00e4llan fram\u00e5t h\u00f6sten. S\u00e5 har det blivit.<br \/>\nSpaniens kulturelit som g\u00e4rna h\u00f6rs mest och h\u00f6gst h\u00f6jde st\u00e4mman ytterligare en tonart i somras efter brakf\u00f6rlusten f\u00f6r Partido Socialista Obrero Espa\u00f1ol (PSOE) i de spanska kommunalvalen i maj. Flera av Spaniens v\u00e4nsterintellektuella och artister undertecknade manifestet \u201dUna ilusi\u00f3n compartida\u201d, En delad illusion, och beklagade den \u201dbrist p\u00e5 horisont\u201d som finns i socialistpartiet PSOE f\u00f6r att motverka Partido Popular.<br \/>\nDen statliga nyhetsbyr\u00e5n Efe beskriver gruppen som intellektuell och den best\u00e5r av artister men \u00e4ven av advokaten Baltasar Garz\u00f3n, filmskaparen Pedro Almod\u00f3var och s\u00e5ngaren Joaqu\u00edn Sabina. Bland \u00f6vriga som undertecknat manifestet m\u00e4rks filmdirekt\u00f6rer, s\u00e5ngare, sk\u00e5despelare, f\u00f6rfattare, justitier\u00e5d, journalister, rektorer, filosofer och ATTAC-aktivister. Gruppen menar att Spaniens tv\u00e5partikarta m\u00e5ste g\u00f6ras om.<br \/>\nGruppen som utarbetat manifestet beklagar den brist p\u00e5 horisont som finns inom den spanska v\u00e4nstern. De beklagar sig \u201dsamtidigt \u00f6ver de finansiella marknaderna vilket inneb\u00e4r en avveckling av v\u00e4lf\u00e4rdsstaten&#8221;. PSOE-regeringen har inte kunnat hitta ett recept mot det antisociala tryck och de f\u00f6rs\u00e4mrade r\u00e4ttigheter och arbetsvillkor som allm\u00e4nheten m\u00f6ter, menar gruppen bakom manifestet.<br \/>\n\u201dDen tysta majoriteten\u201d d\u00e4remot f\u00e5r aldrig n\u00e5gon uppm\u00e4rksamhet i media, de \u00e4r inte intressanta. \u201dDen tysta majoriteten\u201d \u00e4r de som g\u00f6r sitt och bidrar till ett stabilt fungerande samh\u00e4lle. De stiger upp, lagar frukost till familjen, ser till att barnen kommer till skolan, g\u00e5r till jobbet eller s\u00f6ker ett jobb med ljus och lyckta, hj\u00e4lper sina n\u00e4ra och k\u00e4ra f\u00f6r att fram\u00e5t kv\u00e4llen samlas runt matbordet i hemmets lugna vr\u00e5 f\u00f6r att dryfta dagens h\u00e4ndelser. De flesta tillh\u00f6r den kategorin utan att f\u00f6r den skull f\u00e5 n\u00e5gon uppm\u00e4rksamhet.<br \/>\nVad t\u00e4nker de, hur g\u00e5r deras funderingar?<br \/>\nPSOE-regeringen och Jos\u00e9 Luis Rodr\u00edguez Zapatero kom till makten efter att opinionen hastigt v\u00e4nt vid terrord\u00e5den i Madrid 2004. De sju senaste \u00e5rens maktinnehav har handlat om kompromisspolitik gentemot regionala nationalister i Katalonien och Baskien vilket har bidraget till ytterligare splittring av landet.<br \/>\nEkonomin har skenat och \u201dZapaterismo\u201d-styret har skapat allt s\u00e4mre ekonomiska finanser. En spekulativ bostadsmarknad har tvingat tiotusentals ungdomar att flytta hem till sina f\u00f6r\u00e4ldrar. Arbetsl\u00f6sheten har fortsatt att \u00f6ka, n\u00e5gra stimulans\u00e5tg\u00e4rder har inte sats in. PSOE-regeringen Jos\u00e9 Luis Rodr\u00edguez Zapatero har valt titta bort. I st\u00e4llet har man pratat om samk\u00f6nade \u00e4ktenskap, snabbare skilsm\u00e4ssor och en ny lag, \u201dLey de Memoria Hist\u00f3rica\u201d, eller det historiska minnet, f\u00f6r att hedra inb\u00f6rdeskrigets offer.<br \/>\nNu har spanjorerna valt att kicka ut PSOE-regeringen. En arbetsl\u00f6s spansk v\u00e4ljare sa inf\u00f6r valet: \u201dVi m\u00e5ste kicka ut socialisterna om det ska kunna skapas jobb igen\u201d. Nu \u00e4r vi d\u00e4r. Men det \u00e4r inget inget v\u00e4l dukat tapas-bord som nye premi\u00e4rministern Mariano Rajoy s\u00e4tter sig vid. L\u00e5ngsiktighet och t\u00e5lamod \u00e4r vad som g\u00e4ller f\u00f6r Spanien.<br \/>\nDet blir en tuff tid fram\u00f6ver. PP-regeringen tvingas till besparingar och kanske omskakande reformer p\u00e5 m\u00e5nga fronter. Fackf\u00f6rbunden kommer att svara emot och elda upp sina anh\u00e4ngare till protestm\u00f6ten och strejker.<br \/>\nDet blir en sp\u00e4nnande vinter! <\/p>\n","protected":false},"excerpt":{"rendered":"<p>Den spanska v\u00e4nstern slickar s\u00e5ren efter tidernas st\u00f6rsta valfiasko i Spanien. Det \u00e4r en rej\u00e4lt tilltygad v\u00e4nster. Men inte bara i Spanien utan i \u00f6vriga Europa d\u00e4r de flesta socialdemokratiska regeringar fallit en efter en. Av Ola Josefsson Media p\u00e5 v\u00e4nsterflygeln har sv\u00e5rt att f\u00f6rklara varf\u00f6r det gick som det gick. De l\u00e4gger mer fokus [&hellip;]<\/p>\n","protected":false},"author":8,"featured_media":3955,"comment_status":"open","ping_status":"open","sticky":false,"template":"","format":"standard","meta":{"_et_pb_use_builder":"","_et_pb_old_content":"","_et_gb_content_width":"","footnotes":""},"categories":[4,36],"tags":[],"class_list":["post-3954","post","type-post","status-publish","format-standard","has-post-thumbnail","hentry","category-artiklar","category-spanien-just-nu"],"yoast_head":"<!-- This site is optimized with the Yoast SEO Premium plugin v26.2 (Yoast SEO v28.2) - https:\/\/yoast.com\/product\/yoast-seo-premium-wordpress\/ -->\n<title>Spanien \u2013 just nu \u2013 v\u00e4nsterregeringar p\u00e5 fall - Svenska Magasinet<\/title>\n<meta name=\"robots\" content=\"noindex, follow, max-snippet:-1, max-image-preview:large, max-video-preview:-1\" \/>\n<meta property=\"og:locale\" content=\"sv_SE\" \/>\n<meta property=\"og:type\" content=\"article\" \/>\n<meta property=\"og:title\" content=\"Spanien \u2013 just nu \u2013 v\u00e4nsterregeringar p\u00e5 fall\" \/>\n<meta property=\"og:description\" content=\"Den spanska v\u00e4nstern slickar s\u00e5ren efter tidernas st\u00f6rsta valfiasko i Spanien. Det \u00e4r en rej\u00e4lt tilltygad v\u00e4nster. Men inte bara i Spanien utan i \u00f6vriga Europa d\u00e4r de flesta socialdemokratiska regeringar fallit en efter en. Av Ola Josefsson Media p\u00e5 v\u00e4nsterflygeln har sv\u00e5rt att f\u00f6rklara varf\u00f6r det gick som det gick. De l\u00e4gger mer fokus [&hellip;]\" \/>\n<meta property=\"og:url\" content=\"https:\/\/lightweb.dev\/l\/svm-temp\/artiklar\/spanien-just-nu-vansterregeringar-pa-fall\/\" \/>\n<meta property=\"og:site_name\" content=\"Svenska Magasinet\" \/>\n<meta property=\"article:publisher\" content=\"https:\/\/www.facebook.com\/svenskamagasinet\" \/>\n<meta property=\"article:published_time\" content=\"2011-12-12T23:00:00+00:00\" \/>\n<meta property=\"og:image\" content=\"https:\/\/lightweb.dev\/l\/svm-temp\/wp-content\/uploads\/2022\/04\/spanien-just-nu-vnsterregeringar-p-fall.png\" \/>\n\t<meta property=\"og:image:width\" content=\"357\" \/>\n\t<meta property=\"og:image:height\" content=\"200\" \/>\n\t<meta property=\"og:image:type\" content=\"image\/png\" \/>\n<meta name=\"author\" content=\"Redaktionen SvM\" \/>\n<meta name=\"twitter:card\" content=\"summary_large_image\" \/>\n<meta name=\"twitter:creator\" content=\"@SvenskaMagasine\" \/>\n<meta name=\"twitter:site\" content=\"@SvenskaMagasine\" \/>\n<script type=\"application\/ld+json\" class=\"yoast-schema-graph\">{\"@context\":\"https:\\\/\\\/schema.org\",\"@graph\":[{\"@type\":\"Article\",\"@id\":\"https:\\\/\\\/lightweb.dev\\\/l\\\/svm-temp\\\/artiklar\\\/spanien-just-nu-vansterregeringar-pa-fall\\\/#article\",\"isPartOf\":{\"@id\":\"https:\\\/\\\/lightweb.dev\\\/l\\\/svm-temp\\\/artiklar\\\/spanien-just-nu-vansterregeringar-pa-fall\\\/\"},\"author\":{\"name\":\"Redaktionen SvM\",\"@id\":\"https:\\\/\\\/lightweb.dev\\\/l\\\/svm-temp\\\/#\\\/schema\\\/person\\\/206a3bda5b607b0c25e1749191e4d837\"},\"headline\":\"Spanien \u2013 just nu \u2013 v\u00e4nsterregeringar p\u00e5 fall\",\"datePublished\":\"2011-12-12T23:00:00+00:00\",\"mainEntityOfPage\":{\"@id\":\"https:\\\/\\\/lightweb.dev\\\/l\\\/svm-temp\\\/artiklar\\\/spanien-just-nu-vansterregeringar-pa-fall\\\/\"},\"wordCount\":731,\"commentCount\":0,\"publisher\":{\"@id\":\"https:\\\/\\\/lightweb.dev\\\/l\\\/svm-temp\\\/#organization\"},\"image\":{\"@id\":\"https:\\\/\\\/lightweb.dev\\\/l\\\/svm-temp\\\/artiklar\\\/spanien-just-nu-vansterregeringar-pa-fall\\\/#primaryimage\"},\"thumbnailUrl\":\"https:\\\/\\\/lightweb.dev\\\/l\\\/svm-temp\\\/wp-content\\\/uploads\\\/2022\\\/04\\\/spanien-just-nu-vnsterregeringar-p-fall.png\",\"articleSection\":[\"Artiklar\",\"Spanien just nu\"],\"inLanguage\":\"sv-SE\"},{\"@type\":\"WebPage\",\"@id\":\"https:\\\/\\\/lightweb.dev\\\/l\\\/svm-temp\\\/artiklar\\\/spanien-just-nu-vansterregeringar-pa-fall\\\/\",\"url\":\"https:\\\/\\\/lightweb.dev\\\/l\\\/svm-temp\\\/artiklar\\\/spanien-just-nu-vansterregeringar-pa-fall\\\/\",\"name\":\"Spanien \u2013 just nu \u2013 v\u00e4nsterregeringar p\u00e5 fall - Svenska Magasinet\",\"isPartOf\":{\"@id\":\"https:\\\/\\\/lightweb.dev\\\/l\\\/svm-temp\\\/#website\"},\"primaryImageOfPage\":{\"@id\":\"https:\\\/\\\/lightweb.dev\\\/l\\\/svm-temp\\\/artiklar\\\/spanien-just-nu-vansterregeringar-pa-fall\\\/#primaryimage\"},\"image\":{\"@id\":\"https:\\\/\\\/lightweb.dev\\\/l\\\/svm-temp\\\/artiklar\\\/spanien-just-nu-vansterregeringar-pa-fall\\\/#primaryimage\"},\"thumbnailUrl\":\"https:\\\/\\\/lightweb.dev\\\/l\\\/svm-temp\\\/wp-content\\\/uploads\\\/2022\\\/04\\\/spanien-just-nu-vnsterregeringar-p-fall.png\",\"datePublished\":\"2011-12-12T23:00:00+00:00\",\"breadcrumb\":{\"@id\":\"https:\\\/\\\/lightweb.dev\\\/l\\\/svm-temp\\\/artiklar\\\/spanien-just-nu-vansterregeringar-pa-fall\\\/#breadcrumb\"},\"inLanguage\":\"sv-SE\",\"potentialAction\":[{\"@type\":\"ReadAction\",\"target\":[\"https:\\\/\\\/lightweb.dev\\\/l\\\/svm-temp\\\/artiklar\\\/spanien-just-nu-vansterregeringar-pa-fall\\\/\"]}]},{\"@type\":\"ImageObject\",\"inLanguage\":\"sv-SE\",\"@id\":\"https:\\\/\\\/lightweb.dev\\\/l\\\/svm-temp\\\/artiklar\\\/spanien-just-nu-vansterregeringar-pa-fall\\\/#primaryimage\",\"url\":\"https:\\\/\\\/lightweb.dev\\\/l\\\/svm-temp\\\/wp-content\\\/uploads\\\/2022\\\/04\\\/spanien-just-nu-vnsterregeringar-p-fall.png\",\"contentUrl\":\"https:\\\/\\\/lightweb.dev\\\/l\\\/svm-temp\\\/wp-content\\\/uploads\\\/2022\\\/04\\\/spanien-just-nu-vnsterregeringar-p-fall.png\",\"width\":357,\"height\":200},{\"@type\":\"BreadcrumbList\",\"@id\":\"https:\\\/\\\/lightweb.dev\\\/l\\\/svm-temp\\\/artiklar\\\/spanien-just-nu-vansterregeringar-pa-fall\\\/#breadcrumb\",\"itemListElement\":[{\"@type\":\"ListItem\",\"position\":1,\"name\":\"Hem\",\"item\":\"https:\\\/\\\/lightweb.dev\\\/l\\\/svm-temp\\\/\"},{\"@type\":\"ListItem\",\"position\":2,\"name\":\"Spanien \u2013 just nu \u2013 v\u00e4nsterregeringar p\u00e5 fall\"}]},{\"@type\":\"WebSite\",\"@id\":\"https:\\\/\\\/lightweb.dev\\\/l\\\/svm-temp\\\/#website\",\"url\":\"https:\\\/\\\/lightweb.dev\\\/l\\\/svm-temp\\\/\",\"name\":\"Svenska Magasinet\",\"description\":\"Dina Spanska nyheter p&aring; Svenska\",\"publisher\":{\"@id\":\"https:\\\/\\\/lightweb.dev\\\/l\\\/svm-temp\\\/#organization\"},\"potentialAction\":[{\"@type\":\"SearchAction\",\"target\":{\"@type\":\"EntryPoint\",\"urlTemplate\":\"https:\\\/\\\/lightweb.dev\\\/l\\\/svm-temp\\\/?s={search_term_string}\"},\"query-input\":{\"@type\":\"PropertyValueSpecification\",\"valueRequired\":true,\"valueName\":\"search_term_string\"}}],\"inLanguage\":\"sv-SE\"},{\"@type\":\"Organization\",\"@id\":\"https:\\\/\\\/lightweb.dev\\\/l\\\/svm-temp\\\/#organization\",\"name\":\"Melkerson y Nott SL\",\"alternateName\":\"Svenska Magasinet\",\"url\":\"https:\\\/\\\/lightweb.dev\\\/l\\\/svm-temp\\\/\",\"logo\":{\"@type\":\"ImageObject\",\"inLanguage\":\"sv-SE\",\"@id\":\"https:\\\/\\\/lightweb.dev\\\/l\\\/svm-temp\\\/#\\\/schema\\\/logo\\\/image\\\/\",\"url\":\"https:\\\/\\\/lightweb.dev\\\/l\\\/svm-temp\\\/wp-content\\\/uploads\\\/2025\\\/02\\\/SvM-logo-Xtra-Centrerad-SVART.png\",\"contentUrl\":\"https:\\\/\\\/lightweb.dev\\\/l\\\/svm-temp\\\/wp-content\\\/uploads\\\/2025\\\/02\\\/SvM-logo-Xtra-Centrerad-SVART.png\",\"width\":300,\"height\":99,\"caption\":\"Melkerson y Nott SL\"},\"image\":{\"@id\":\"https:\\\/\\\/lightweb.dev\\\/l\\\/svm-temp\\\/#\\\/schema\\\/logo\\\/image\\\/\"},\"sameAs\":[\"https:\\\/\\\/www.facebook.com\\\/svenskamagasinet\",\"https:\\\/\\\/x.com\\\/SvenskaMagasine\"]},{\"@type\":\"Person\",\"@id\":\"https:\\\/\\\/lightweb.dev\\\/l\\\/svm-temp\\\/#\\\/schema\\\/person\\\/206a3bda5b607b0c25e1749191e4d837\",\"name\":\"Redaktionen SvM\",\"description\":\"Redaktionen\",\"sameAs\":[\"https:\\\/\\\/lightweb.dev\\\/l\\\/svm-temp\"],\"url\":\"https:\\\/\\\/lightweb.dev\\\/l\\\/svm-temp\\\/reporter\\\/redaktionen\\\/\"}]}<\/script>\n<!-- \/ Yoast SEO Premium plugin. -->","yoast_head_json":{"title":"Spanien \u2013 just nu \u2013 v\u00e4nsterregeringar p\u00e5 fall - Svenska Magasinet","robots":{"index":"noindex","follow":"follow","max-snippet":"max-snippet:-1","max-image-preview":"max-image-preview:large","max-video-preview":"max-video-preview:-1"},"og_locale":"sv_SE","og_type":"article","og_title":"Spanien \u2013 just nu \u2013 v\u00e4nsterregeringar p\u00e5 fall","og_description":"Den spanska v\u00e4nstern slickar s\u00e5ren efter tidernas st\u00f6rsta valfiasko i Spanien. Det \u00e4r en rej\u00e4lt tilltygad v\u00e4nster. Men inte bara i Spanien utan i \u00f6vriga Europa d\u00e4r de flesta socialdemokratiska regeringar fallit en efter en. Av Ola Josefsson Media p\u00e5 v\u00e4nsterflygeln har sv\u00e5rt att f\u00f6rklara varf\u00f6r det gick som det gick. De l\u00e4gger mer fokus [&hellip;]","og_url":"https:\/\/lightweb.dev\/l\/svm-temp\/artiklar\/spanien-just-nu-vansterregeringar-pa-fall\/","og_site_name":"Svenska Magasinet","article_publisher":"https:\/\/www.facebook.com\/svenskamagasinet","article_published_time":"2011-12-12T23:00:00+00:00","og_image":[{"width":357,"height":200,"url":"https:\/\/lightweb.dev\/l\/svm-temp\/wp-content\/uploads\/2022\/04\/spanien-just-nu-vnsterregeringar-p-fall.png","type":"image\/png"}],"author":"Redaktionen SvM","twitter_card":"summary_large_image","twitter_creator":"@SvenskaMagasine","twitter_site":"@SvenskaMagasine","schema":{"@context":"https:\/\/schema.org","@graph":[{"@type":"Article","@id":"https:\/\/lightweb.dev\/l\/svm-temp\/artiklar\/spanien-just-nu-vansterregeringar-pa-fall\/#article","isPartOf":{"@id":"https:\/\/lightweb.dev\/l\/svm-temp\/artiklar\/spanien-just-nu-vansterregeringar-pa-fall\/"},"author":{"name":"Redaktionen SvM","@id":"https:\/\/lightweb.dev\/l\/svm-temp\/#\/schema\/person\/206a3bda5b607b0c25e1749191e4d837"},"headline":"Spanien \u2013 just nu \u2013 v\u00e4nsterregeringar p\u00e5 fall","datePublished":"2011-12-12T23:00:00+00:00","mainEntityOfPage":{"@id":"https:\/\/lightweb.dev\/l\/svm-temp\/artiklar\/spanien-just-nu-vansterregeringar-pa-fall\/"},"wordCount":731,"commentCount":0,"publisher":{"@id":"https:\/\/lightweb.dev\/l\/svm-temp\/#organization"},"image":{"@id":"https:\/\/lightweb.dev\/l\/svm-temp\/artiklar\/spanien-just-nu-vansterregeringar-pa-fall\/#primaryimage"},"thumbnailUrl":"https:\/\/lightweb.dev\/l\/svm-temp\/wp-content\/uploads\/2022\/04\/spanien-just-nu-vnsterregeringar-p-fall.png","articleSection":["Artiklar","Spanien just nu"],"inLanguage":"sv-SE"},{"@type":"WebPage","@id":"https:\/\/lightweb.dev\/l\/svm-temp\/artiklar\/spanien-just-nu-vansterregeringar-pa-fall\/","url":"https:\/\/lightweb.dev\/l\/svm-temp\/artiklar\/spanien-just-nu-vansterregeringar-pa-fall\/","name":"Spanien \u2013 just nu \u2013 v\u00e4nsterregeringar p\u00e5 fall - Svenska Magasinet","isPartOf":{"@id":"https:\/\/lightweb.dev\/l\/svm-temp\/#website"},"primaryImageOfPage":{"@id":"https:\/\/lightweb.dev\/l\/svm-temp\/artiklar\/spanien-just-nu-vansterregeringar-pa-fall\/#primaryimage"},"image":{"@id":"https:\/\/lightweb.dev\/l\/svm-temp\/artiklar\/spanien-just-nu-vansterregeringar-pa-fall\/#primaryimage"},"thumbnailUrl":"https:\/\/lightweb.dev\/l\/svm-temp\/wp-content\/uploads\/2022\/04\/spanien-just-nu-vnsterregeringar-p-fall.png","datePublished":"2011-12-12T23:00:00+00:00","breadcrumb":{"@id":"https:\/\/lightweb.dev\/l\/svm-temp\/artiklar\/spanien-just-nu-vansterregeringar-pa-fall\/#breadcrumb"},"inLanguage":"sv-SE","potentialAction":[{"@type":"ReadAction","target":["https:\/\/lightweb.dev\/l\/svm-temp\/artiklar\/spanien-just-nu-vansterregeringar-pa-fall\/"]}]},{"@type":"ImageObject","inLanguage":"sv-SE","@id":"https:\/\/lightweb.dev\/l\/svm-temp\/artiklar\/spanien-just-nu-vansterregeringar-pa-fall\/#primaryimage","url":"https:\/\/lightweb.dev\/l\/svm-temp\/wp-content\/uploads\/2022\/04\/spanien-just-nu-vnsterregeringar-p-fall.png","contentUrl":"https:\/\/lightweb.dev\/l\/svm-temp\/wp-content\/uploads\/2022\/04\/spanien-just-nu-vnsterregeringar-p-fall.png","width":357,"height":200},{"@type":"BreadcrumbList","@id":"https:\/\/lightweb.dev\/l\/svm-temp\/artiklar\/spanien-just-nu-vansterregeringar-pa-fall\/#breadcrumb","itemListElement":[{"@type":"ListItem","position":1,"name":"Hem","item":"https:\/\/lightweb.dev\/l\/svm-temp\/"},{"@type":"ListItem","position":2,"name":"Spanien \u2013 just nu \u2013 v\u00e4nsterregeringar p\u00e5 fall"}]},{"@type":"WebSite","@id":"https:\/\/lightweb.dev\/l\/svm-temp\/#website","url":"https:\/\/lightweb.dev\/l\/svm-temp\/","name":"Svenska Magasinet","description":"Dina Spanska nyheter p&aring; Svenska","publisher":{"@id":"https:\/\/lightweb.dev\/l\/svm-temp\/#organization"},"potentialAction":[{"@type":"SearchAction","target":{"@type":"EntryPoint","urlTemplate":"https:\/\/lightweb.dev\/l\/svm-temp\/?s={search_term_string}"},"query-input":{"@type":"PropertyValueSpecification","valueRequired":true,"valueName":"search_term_string"}}],"inLanguage":"sv-SE"},{"@type":"Organization","@id":"https:\/\/lightweb.dev\/l\/svm-temp\/#organization","name":"Melkerson y Nott SL","alternateName":"Svenska Magasinet","url":"https:\/\/lightweb.dev\/l\/svm-temp\/","logo":{"@type":"ImageObject","inLanguage":"sv-SE","@id":"https:\/\/lightweb.dev\/l\/svm-temp\/#\/schema\/logo\/image\/","url":"https:\/\/lightweb.dev\/l\/svm-temp\/wp-content\/uploads\/2025\/02\/SvM-logo-Xtra-Centrerad-SVART.png","contentUrl":"https:\/\/lightweb.dev\/l\/svm-temp\/wp-content\/uploads\/2025\/02\/SvM-logo-Xtra-Centrerad-SVART.png","width":300,"height":99,"caption":"Melkerson y Nott SL"},"image":{"@id":"https:\/\/lightweb.dev\/l\/svm-temp\/#\/schema\/logo\/image\/"},"sameAs":["https:\/\/www.facebook.com\/svenskamagasinet","https:\/\/x.com\/SvenskaMagasine"]},{"@type":"Person","@id":"https:\/\/lightweb.dev\/l\/svm-temp\/#\/schema\/person\/206a3bda5b607b0c25e1749191e4d837","name":"Redaktionen SvM","description":"Redaktionen","sameAs":["https:\/\/lightweb.dev\/l\/svm-temp"],"url":"https:\/\/lightweb.dev\/l\/svm-temp\/reporter\/redaktionen\/"}]}},"_links":{"self":[{"href":"https:\/\/lightweb.dev\/l\/svm-temp\/wp-json\/wp\/v2\/posts\/3954","targetHints":{"allow":["GET"]}}],"collection":[{"href":"https:\/\/lightweb.dev\/l\/svm-temp\/wp-json\/wp\/v2\/posts"}],"about":[{"href":"https:\/\/lightweb.dev\/l\/svm-temp\/wp-json\/wp\/v2\/types\/post"}],"author":[{"embeddable":true,"href":"https:\/\/lightweb.dev\/l\/svm-temp\/wp-json\/wp\/v2\/users\/8"}],"replies":[{"embeddable":true,"href":"https:\/\/lightweb.dev\/l\/svm-temp\/wp-json\/wp\/v2\/comments?post=3954"}],"version-history":[{"count":0,"href":"https:\/\/lightweb.dev\/l\/svm-temp\/wp-json\/wp\/v2\/posts\/3954\/revisions"}],"wp:featuredmedia":[{"embeddable":true,"href":"https:\/\/lightweb.dev\/l\/svm-temp\/wp-json\/wp\/v2\/media\/3955"}],"wp:attachment":[{"href":"https:\/\/lightweb.dev\/l\/svm-temp\/wp-json\/wp\/v2\/media?parent=3954"}],"wp:term":[{"taxonomy":"category","embeddable":true,"href":"https:\/\/lightweb.dev\/l\/svm-temp\/wp-json\/wp\/v2\/categories?post=3954"},{"taxonomy":"post_tag","embeddable":true,"href":"https:\/\/lightweb.dev\/l\/svm-temp\/wp-json\/wp\/v2\/tags?post=3954"}],"curies":[{"name":"wp","href":"https:\/\/api.w.org\/{rel}","templated":true}]}}