{"id":3965,"date":"2011-12-02T00:00:00","date_gmt":"2011-12-01T23:00:00","guid":{"rendered":"https:\/\/lightweb.dev\/l\/svm-temp\/julbasar-i-ljumma-aftonsolen-och-advent-i-solsken\/"},"modified":"2011-12-02T00:00:00","modified_gmt":"2011-12-01T23:00:00","slug":"julbasar-i-ljumma-aftonsolen-och-advent-i-solsken","status":"publish","type":"post","link":"https:\/\/lightweb.dev\/l\/svm-temp\/artiklar\/julbasar-i-ljumma-aftonsolen-och-advent-i-solsken\/","title":{"rendered":"Julbasar i ljumma aftonsolen och Advent i solsken!"},"content":{"rendered":"<p> Det \u00e4r inte den vanliga inramningen f\u00f6r en svensk kyrkas  Julbasar och Adventsfirande, men det \u00e4r det privilegium vi p\u00e5 Solkusten fick uppleva n\u00e4r Svenska kyrkan i Fuengirola  fylldes av basarbes\u00f6kare fredagen den 25 november, som i gemytlig tr\u00e4ngsel lockades av varmkorv och gl\u00f6gg, sm\u00f6rg\u00e5sar och lussekatter. Av Jan Madestam, Foto Carin Simon<br \/>\nD\u00e4refter tr\u00e4ngde sig skarorna framf\u00f6r \u201dpysselgruppens\u201d julhantverk, stora och sm\u00e5 lotterier, \u201dgissa dockans namn\u201d eller polkagrisarnas antal. Fiskdamm och mjukisdjuren lockade de sm\u00e5 och deras far-och morm\u00f6drar, goumet , vin&#038; frukt, choklad och ljuslotterierna alla \u00f6vriga. Sj\u00e4lva tr\u00e4ngseln och trivseln runt borden b\u00e5de inne och p\u00e5 den sk\u00f6na terrassen \u00e4r en del av v\u00e4gen mot jul, som ocks\u00e5 i solv\u00e4rmen  pekar p\u00e5 det som den f\u00f6rsta Adventss\u00f6ndagens gudstj\u00e4nster samlade oss svenskar till med de v\u00e4lk\u00e4nda texterna och tonerna, \u201dBereden v\u00e4g\u201d och \u201dHosianna\u201d.<br \/>\nP\u00e5 v\u00e4gen till Jul har Svenska kyrkan i Fuengirola f\u00f6ljande h\u00e5llpunkter.<br \/>\nDen 13 december kl:19 firas Lucia med svenska skolans elever. Fram till den 16\/12 \u00e4r kyrkan \u00f6ppen, sedan beror det p\u00e5 om frivilliga st\u00e4ller upp, annars h\u00e5lls st\u00e4ngt fram till Julafton, d\u00e5 blir det Julb\u00f6n kl: 12.00 med norska kyrkans pr\u00e4st och kantor.<br \/>\nAnnandag Jul kl: 18.oo firas Svensk Julgudstj\u00e4nst med v\u00e5r kyrkoherde Michael Franz\u00e9n fr\u00e5n Torrevieja.<br \/>\nD\u00e4refter pustar kyrkan ut och h\u00e4mtar andan efter att nu ha f\u00e5tt nya m\u00f6jligheter och startar v\u00e5rterminen med stora f\u00f6v\u00e4ntningar och gudstj\u00e4nst den 15 januari kl.11.00.  F\u00f6rhoppningsvis kan kyrkan vara \u00f6ppen tisdagarna  under tiden fram den 15\/1.<br \/>\nDessa rader skrivs av Jan Madestam, som med b\u00e5de sp\u00e4nning och gl\u00e4dje kom till denna h\u00f6stens verksamhet och efter den goda utvecklingen , med m\u00e5ngas  engagemang, nu ser fram till den fortsatta verksamheten i kyrkan.<br \/>\nJanuari och februari f\u00e5r vi, Gun och Jan, ocks\u00e5 dela med er och sen l\u00e4mna \u00f6ver till n\u00e4sta pensionerade pr\u00e4st som f\u00e5r dela v\u00e5ren med er alla som nu st\u00e4ller upp. F\u00f6r det kr\u00e4vs givetvis fortsatt engagemang fr\u00e5n er alla och \u00e4nnu \u00e4r  vi i full fart med utmaningen att n\u00e5 m\u00e5len: 500 medlemmar f\u00f6re 2011 \u00e5rs utg\u00e5ng, flera frivilliga medarbetare och fulla b\u00e4nkar\/stolar i kyrkan! V\u00e4lkomna och tack alla basarmedarbetare, g\u00e5vogivare och deltagare!<br \/>\nTack Carin Simon f\u00f6r alla fina bilder! <\/p>\n","protected":false},"excerpt":{"rendered":"<p>Det \u00e4r inte den vanliga inramningen f\u00f6r en svensk kyrkas Julbasar och Adventsfirande, men det \u00e4r det privilegium vi p\u00e5 Solkusten fick uppleva n\u00e4r Svenska kyrkan i Fuengirola fylldes av basarbes\u00f6kare fredagen den 25 november, som i gemytlig tr\u00e4ngsel lockades av varmkorv och gl\u00f6gg, sm\u00f6rg\u00e5sar och lussekatter. Av Jan Madestam, Foto Carin Simon D\u00e4refter tr\u00e4ngde [&hellip;]<\/p>\n","protected":false},"author":8,"featured_media":3966,"comment_status":"open","ping_status":"open","sticky":false,"template":"","format":"standard","meta":{"_et_pb_use_builder":"","_et_pb_old_content":"","_et_gb_content_width":"","footnotes":""},"categories":[396,4],"tags":[],"class_list":["post-3965","post","type-post","status-publish","format-standard","has-post-thumbnail","hentry","category-arkiv-artiklar","category-artiklar"],"yoast_head":"<!-- This site is optimized with the Yoast SEO Premium plugin v26.2 (Yoast SEO v28.2) - https:\/\/yoast.com\/product\/yoast-seo-premium-wordpress\/ -->\n<title>Julbasar i ljumma aftonsolen och Advent i solsken! - Svenska Magasinet<\/title>\n<meta name=\"robots\" content=\"noindex, follow, max-snippet:-1, max-image-preview:large, max-video-preview:-1\" \/>\n<meta property=\"og:locale\" content=\"sv_SE\" \/>\n<meta property=\"og:type\" content=\"article\" \/>\n<meta property=\"og:title\" content=\"Julbasar i ljumma aftonsolen och Advent i solsken!\" \/>\n<meta property=\"og:description\" content=\"Det \u00e4r inte den vanliga inramningen f\u00f6r en svensk kyrkas Julbasar och Adventsfirande, men det \u00e4r det privilegium vi p\u00e5 Solkusten fick uppleva n\u00e4r Svenska kyrkan i Fuengirola fylldes av basarbes\u00f6kare fredagen den 25 november, som i gemytlig tr\u00e4ngsel lockades av varmkorv och gl\u00f6gg, sm\u00f6rg\u00e5sar och lussekatter. Av Jan Madestam, Foto Carin Simon D\u00e4refter tr\u00e4ngde [&hellip;]\" \/>\n<meta property=\"og:url\" content=\"https:\/\/lightweb.dev\/l\/svm-temp\/artiklar\/julbasar-i-ljumma-aftonsolen-och-advent-i-solsken\/\" \/>\n<meta property=\"og:site_name\" content=\"Svenska Magasinet\" \/>\n<meta property=\"article:publisher\" content=\"https:\/\/www.facebook.com\/svenskamagasinet\" \/>\n<meta property=\"article:published_time\" content=\"2011-12-01T23:00:00+00:00\" \/>\n<meta property=\"og:image\" content=\"https:\/\/lightweb.dev\/l\/svm-temp\/wp-content\/uploads\/2022\/04\/julbasar-i-ljumma-aftonsolen-och-advent-i-solsken.png\" \/>\n\t<meta property=\"og:image:width\" content=\"280\" \/>\n\t<meta property=\"og:image:height\" content=\"210\" \/>\n\t<meta property=\"og:image:type\" content=\"image\/png\" \/>\n<meta name=\"author\" content=\"Redaktionen SvM\" \/>\n<meta name=\"twitter:card\" content=\"summary_large_image\" \/>\n<meta name=\"twitter:creator\" content=\"@SvenskaMagasine\" \/>\n<meta name=\"twitter:site\" content=\"@SvenskaMagasine\" \/>\n<script type=\"application\/ld+json\" class=\"yoast-schema-graph\">{\"@context\":\"https:\\\/\\\/schema.org\",\"@graph\":[{\"@type\":\"Article\",\"@id\":\"https:\\\/\\\/lightweb.dev\\\/l\\\/svm-temp\\\/artiklar\\\/julbasar-i-ljumma-aftonsolen-och-advent-i-solsken\\\/#article\",\"isPartOf\":{\"@id\":\"https:\\\/\\\/lightweb.dev\\\/l\\\/svm-temp\\\/artiklar\\\/julbasar-i-ljumma-aftonsolen-och-advent-i-solsken\\\/\"},\"author\":{\"name\":\"Redaktionen SvM\",\"@id\":\"https:\\\/\\\/lightweb.dev\\\/l\\\/svm-temp\\\/#\\\/schema\\\/person\\\/206a3bda5b607b0c25e1749191e4d837\"},\"headline\":\"Julbasar i ljumma aftonsolen och Advent i solsken!\",\"datePublished\":\"2011-12-01T23:00:00+00:00\",\"mainEntityOfPage\":{\"@id\":\"https:\\\/\\\/lightweb.dev\\\/l\\\/svm-temp\\\/artiklar\\\/julbasar-i-ljumma-aftonsolen-och-advent-i-solsken\\\/\"},\"wordCount\":421,\"commentCount\":0,\"publisher\":{\"@id\":\"https:\\\/\\\/lightweb.dev\\\/l\\\/svm-temp\\\/#organization\"},\"image\":{\"@id\":\"https:\\\/\\\/lightweb.dev\\\/l\\\/svm-temp\\\/artiklar\\\/julbasar-i-ljumma-aftonsolen-och-advent-i-solsken\\\/#primaryimage\"},\"thumbnailUrl\":\"https:\\\/\\\/lightweb.dev\\\/l\\\/svm-temp\\\/wp-content\\\/uploads\\\/2022\\\/04\\\/julbasar-i-ljumma-aftonsolen-och-advent-i-solsken.png\",\"articleSection\":[\"Arkiv\",\"Artiklar\"],\"inLanguage\":\"sv-SE\"},{\"@type\":\"WebPage\",\"@id\":\"https:\\\/\\\/lightweb.dev\\\/l\\\/svm-temp\\\/artiklar\\\/julbasar-i-ljumma-aftonsolen-och-advent-i-solsken\\\/\",\"url\":\"https:\\\/\\\/lightweb.dev\\\/l\\\/svm-temp\\\/artiklar\\\/julbasar-i-ljumma-aftonsolen-och-advent-i-solsken\\\/\",\"name\":\"Julbasar i ljumma aftonsolen och Advent i solsken! - Svenska Magasinet\",\"isPartOf\":{\"@id\":\"https:\\\/\\\/lightweb.dev\\\/l\\\/svm-temp\\\/#website\"},\"primaryImageOfPage\":{\"@id\":\"https:\\\/\\\/lightweb.dev\\\/l\\\/svm-temp\\\/artiklar\\\/julbasar-i-ljumma-aftonsolen-och-advent-i-solsken\\\/#primaryimage\"},\"image\":{\"@id\":\"https:\\\/\\\/lightweb.dev\\\/l\\\/svm-temp\\\/artiklar\\\/julbasar-i-ljumma-aftonsolen-och-advent-i-solsken\\\/#primaryimage\"},\"thumbnailUrl\":\"https:\\\/\\\/lightweb.dev\\\/l\\\/svm-temp\\\/wp-content\\\/uploads\\\/2022\\\/04\\\/julbasar-i-ljumma-aftonsolen-och-advent-i-solsken.png\",\"datePublished\":\"2011-12-01T23:00:00+00:00\",\"breadcrumb\":{\"@id\":\"https:\\\/\\\/lightweb.dev\\\/l\\\/svm-temp\\\/artiklar\\\/julbasar-i-ljumma-aftonsolen-och-advent-i-solsken\\\/#breadcrumb\"},\"inLanguage\":\"sv-SE\",\"potentialAction\":[{\"@type\":\"ReadAction\",\"target\":[\"https:\\\/\\\/lightweb.dev\\\/l\\\/svm-temp\\\/artiklar\\\/julbasar-i-ljumma-aftonsolen-och-advent-i-solsken\\\/\"]}]},{\"@type\":\"ImageObject\",\"inLanguage\":\"sv-SE\",\"@id\":\"https:\\\/\\\/lightweb.dev\\\/l\\\/svm-temp\\\/artiklar\\\/julbasar-i-ljumma-aftonsolen-och-advent-i-solsken\\\/#primaryimage\",\"url\":\"https:\\\/\\\/lightweb.dev\\\/l\\\/svm-temp\\\/wp-content\\\/uploads\\\/2022\\\/04\\\/julbasar-i-ljumma-aftonsolen-och-advent-i-solsken.png\",\"contentUrl\":\"https:\\\/\\\/lightweb.dev\\\/l\\\/svm-temp\\\/wp-content\\\/uploads\\\/2022\\\/04\\\/julbasar-i-ljumma-aftonsolen-och-advent-i-solsken.png\",\"width\":280,\"height\":210},{\"@type\":\"BreadcrumbList\",\"@id\":\"https:\\\/\\\/lightweb.dev\\\/l\\\/svm-temp\\\/artiklar\\\/julbasar-i-ljumma-aftonsolen-och-advent-i-solsken\\\/#breadcrumb\",\"itemListElement\":[{\"@type\":\"ListItem\",\"position\":1,\"name\":\"Hem\",\"item\":\"https:\\\/\\\/lightweb.dev\\\/l\\\/svm-temp\\\/\"},{\"@type\":\"ListItem\",\"position\":2,\"name\":\"Julbasar i ljumma aftonsolen och Advent i solsken!\"}]},{\"@type\":\"WebSite\",\"@id\":\"https:\\\/\\\/lightweb.dev\\\/l\\\/svm-temp\\\/#website\",\"url\":\"https:\\\/\\\/lightweb.dev\\\/l\\\/svm-temp\\\/\",\"name\":\"Svenska Magasinet\",\"description\":\"Dina Spanska nyheter p&aring; Svenska\",\"publisher\":{\"@id\":\"https:\\\/\\\/lightweb.dev\\\/l\\\/svm-temp\\\/#organization\"},\"potentialAction\":[{\"@type\":\"SearchAction\",\"target\":{\"@type\":\"EntryPoint\",\"urlTemplate\":\"https:\\\/\\\/lightweb.dev\\\/l\\\/svm-temp\\\/?s={search_term_string}\"},\"query-input\":{\"@type\":\"PropertyValueSpecification\",\"valueRequired\":true,\"valueName\":\"search_term_string\"}}],\"inLanguage\":\"sv-SE\"},{\"@type\":\"Organization\",\"@id\":\"https:\\\/\\\/lightweb.dev\\\/l\\\/svm-temp\\\/#organization\",\"name\":\"Melkerson y Nott SL\",\"alternateName\":\"Svenska Magasinet\",\"url\":\"https:\\\/\\\/lightweb.dev\\\/l\\\/svm-temp\\\/\",\"logo\":{\"@type\":\"ImageObject\",\"inLanguage\":\"sv-SE\",\"@id\":\"https:\\\/\\\/lightweb.dev\\\/l\\\/svm-temp\\\/#\\\/schema\\\/logo\\\/image\\\/\",\"url\":\"https:\\\/\\\/lightweb.dev\\\/l\\\/svm-temp\\\/wp-content\\\/uploads\\\/2025\\\/02\\\/SvM-logo-Xtra-Centrerad-SVART.png\",\"contentUrl\":\"https:\\\/\\\/lightweb.dev\\\/l\\\/svm-temp\\\/wp-content\\\/uploads\\\/2025\\\/02\\\/SvM-logo-Xtra-Centrerad-SVART.png\",\"width\":300,\"height\":99,\"caption\":\"Melkerson y Nott SL\"},\"image\":{\"@id\":\"https:\\\/\\\/lightweb.dev\\\/l\\\/svm-temp\\\/#\\\/schema\\\/logo\\\/image\\\/\"},\"sameAs\":[\"https:\\\/\\\/www.facebook.com\\\/svenskamagasinet\",\"https:\\\/\\\/x.com\\\/SvenskaMagasine\"]},{\"@type\":\"Person\",\"@id\":\"https:\\\/\\\/lightweb.dev\\\/l\\\/svm-temp\\\/#\\\/schema\\\/person\\\/206a3bda5b607b0c25e1749191e4d837\",\"name\":\"Redaktionen SvM\",\"description\":\"Redaktionen\",\"sameAs\":[\"https:\\\/\\\/lightweb.dev\\\/l\\\/svm-temp\"],\"url\":\"https:\\\/\\\/lightweb.dev\\\/l\\\/svm-temp\\\/reporter\\\/redaktionen\\\/\"}]}<\/script>\n<!-- \/ Yoast SEO Premium plugin. -->","yoast_head_json":{"title":"Julbasar i ljumma aftonsolen och Advent i solsken! - Svenska Magasinet","robots":{"index":"noindex","follow":"follow","max-snippet":"max-snippet:-1","max-image-preview":"max-image-preview:large","max-video-preview":"max-video-preview:-1"},"og_locale":"sv_SE","og_type":"article","og_title":"Julbasar i ljumma aftonsolen och Advent i solsken!","og_description":"Det \u00e4r inte den vanliga inramningen f\u00f6r en svensk kyrkas Julbasar och Adventsfirande, men det \u00e4r det privilegium vi p\u00e5 Solkusten fick uppleva n\u00e4r Svenska kyrkan i Fuengirola fylldes av basarbes\u00f6kare fredagen den 25 november, som i gemytlig tr\u00e4ngsel lockades av varmkorv och gl\u00f6gg, sm\u00f6rg\u00e5sar och lussekatter. Av Jan Madestam, Foto Carin Simon D\u00e4refter tr\u00e4ngde [&hellip;]","og_url":"https:\/\/lightweb.dev\/l\/svm-temp\/artiklar\/julbasar-i-ljumma-aftonsolen-och-advent-i-solsken\/","og_site_name":"Svenska Magasinet","article_publisher":"https:\/\/www.facebook.com\/svenskamagasinet","article_published_time":"2011-12-01T23:00:00+00:00","og_image":[{"width":280,"height":210,"url":"https:\/\/lightweb.dev\/l\/svm-temp\/wp-content\/uploads\/2022\/04\/julbasar-i-ljumma-aftonsolen-och-advent-i-solsken.png","type":"image\/png"}],"author":"Redaktionen SvM","twitter_card":"summary_large_image","twitter_creator":"@SvenskaMagasine","twitter_site":"@SvenskaMagasine","schema":{"@context":"https:\/\/schema.org","@graph":[{"@type":"Article","@id":"https:\/\/lightweb.dev\/l\/svm-temp\/artiklar\/julbasar-i-ljumma-aftonsolen-och-advent-i-solsken\/#article","isPartOf":{"@id":"https:\/\/lightweb.dev\/l\/svm-temp\/artiklar\/julbasar-i-ljumma-aftonsolen-och-advent-i-solsken\/"},"author":{"name":"Redaktionen SvM","@id":"https:\/\/lightweb.dev\/l\/svm-temp\/#\/schema\/person\/206a3bda5b607b0c25e1749191e4d837"},"headline":"Julbasar i ljumma aftonsolen och Advent i solsken!","datePublished":"2011-12-01T23:00:00+00:00","mainEntityOfPage":{"@id":"https:\/\/lightweb.dev\/l\/svm-temp\/artiklar\/julbasar-i-ljumma-aftonsolen-och-advent-i-solsken\/"},"wordCount":421,"commentCount":0,"publisher":{"@id":"https:\/\/lightweb.dev\/l\/svm-temp\/#organization"},"image":{"@id":"https:\/\/lightweb.dev\/l\/svm-temp\/artiklar\/julbasar-i-ljumma-aftonsolen-och-advent-i-solsken\/#primaryimage"},"thumbnailUrl":"https:\/\/lightweb.dev\/l\/svm-temp\/wp-content\/uploads\/2022\/04\/julbasar-i-ljumma-aftonsolen-och-advent-i-solsken.png","articleSection":["Arkiv","Artiklar"],"inLanguage":"sv-SE"},{"@type":"WebPage","@id":"https:\/\/lightweb.dev\/l\/svm-temp\/artiklar\/julbasar-i-ljumma-aftonsolen-och-advent-i-solsken\/","url":"https:\/\/lightweb.dev\/l\/svm-temp\/artiklar\/julbasar-i-ljumma-aftonsolen-och-advent-i-solsken\/","name":"Julbasar i ljumma aftonsolen och Advent i solsken! - Svenska Magasinet","isPartOf":{"@id":"https:\/\/lightweb.dev\/l\/svm-temp\/#website"},"primaryImageOfPage":{"@id":"https:\/\/lightweb.dev\/l\/svm-temp\/artiklar\/julbasar-i-ljumma-aftonsolen-och-advent-i-solsken\/#primaryimage"},"image":{"@id":"https:\/\/lightweb.dev\/l\/svm-temp\/artiklar\/julbasar-i-ljumma-aftonsolen-och-advent-i-solsken\/#primaryimage"},"thumbnailUrl":"https:\/\/lightweb.dev\/l\/svm-temp\/wp-content\/uploads\/2022\/04\/julbasar-i-ljumma-aftonsolen-och-advent-i-solsken.png","datePublished":"2011-12-01T23:00:00+00:00","breadcrumb":{"@id":"https:\/\/lightweb.dev\/l\/svm-temp\/artiklar\/julbasar-i-ljumma-aftonsolen-och-advent-i-solsken\/#breadcrumb"},"inLanguage":"sv-SE","potentialAction":[{"@type":"ReadAction","target":["https:\/\/lightweb.dev\/l\/svm-temp\/artiklar\/julbasar-i-ljumma-aftonsolen-och-advent-i-solsken\/"]}]},{"@type":"ImageObject","inLanguage":"sv-SE","@id":"https:\/\/lightweb.dev\/l\/svm-temp\/artiklar\/julbasar-i-ljumma-aftonsolen-och-advent-i-solsken\/#primaryimage","url":"https:\/\/lightweb.dev\/l\/svm-temp\/wp-content\/uploads\/2022\/04\/julbasar-i-ljumma-aftonsolen-och-advent-i-solsken.png","contentUrl":"https:\/\/lightweb.dev\/l\/svm-temp\/wp-content\/uploads\/2022\/04\/julbasar-i-ljumma-aftonsolen-och-advent-i-solsken.png","width":280,"height":210},{"@type":"BreadcrumbList","@id":"https:\/\/lightweb.dev\/l\/svm-temp\/artiklar\/julbasar-i-ljumma-aftonsolen-och-advent-i-solsken\/#breadcrumb","itemListElement":[{"@type":"ListItem","position":1,"name":"Hem","item":"https:\/\/lightweb.dev\/l\/svm-temp\/"},{"@type":"ListItem","position":2,"name":"Julbasar i ljumma aftonsolen och Advent i solsken!"}]},{"@type":"WebSite","@id":"https:\/\/lightweb.dev\/l\/svm-temp\/#website","url":"https:\/\/lightweb.dev\/l\/svm-temp\/","name":"Svenska Magasinet","description":"Dina Spanska nyheter p&aring; Svenska","publisher":{"@id":"https:\/\/lightweb.dev\/l\/svm-temp\/#organization"},"potentialAction":[{"@type":"SearchAction","target":{"@type":"EntryPoint","urlTemplate":"https:\/\/lightweb.dev\/l\/svm-temp\/?s={search_term_string}"},"query-input":{"@type":"PropertyValueSpecification","valueRequired":true,"valueName":"search_term_string"}}],"inLanguage":"sv-SE"},{"@type":"Organization","@id":"https:\/\/lightweb.dev\/l\/svm-temp\/#organization","name":"Melkerson y Nott SL","alternateName":"Svenska Magasinet","url":"https:\/\/lightweb.dev\/l\/svm-temp\/","logo":{"@type":"ImageObject","inLanguage":"sv-SE","@id":"https:\/\/lightweb.dev\/l\/svm-temp\/#\/schema\/logo\/image\/","url":"https:\/\/lightweb.dev\/l\/svm-temp\/wp-content\/uploads\/2025\/02\/SvM-logo-Xtra-Centrerad-SVART.png","contentUrl":"https:\/\/lightweb.dev\/l\/svm-temp\/wp-content\/uploads\/2025\/02\/SvM-logo-Xtra-Centrerad-SVART.png","width":300,"height":99,"caption":"Melkerson y Nott SL"},"image":{"@id":"https:\/\/lightweb.dev\/l\/svm-temp\/#\/schema\/logo\/image\/"},"sameAs":["https:\/\/www.facebook.com\/svenskamagasinet","https:\/\/x.com\/SvenskaMagasine"]},{"@type":"Person","@id":"https:\/\/lightweb.dev\/l\/svm-temp\/#\/schema\/person\/206a3bda5b607b0c25e1749191e4d837","name":"Redaktionen SvM","description":"Redaktionen","sameAs":["https:\/\/lightweb.dev\/l\/svm-temp"],"url":"https:\/\/lightweb.dev\/l\/svm-temp\/reporter\/redaktionen\/"}]}},"_links":{"self":[{"href":"https:\/\/lightweb.dev\/l\/svm-temp\/wp-json\/wp\/v2\/posts\/3965","targetHints":{"allow":["GET"]}}],"collection":[{"href":"https:\/\/lightweb.dev\/l\/svm-temp\/wp-json\/wp\/v2\/posts"}],"about":[{"href":"https:\/\/lightweb.dev\/l\/svm-temp\/wp-json\/wp\/v2\/types\/post"}],"author":[{"embeddable":true,"href":"https:\/\/lightweb.dev\/l\/svm-temp\/wp-json\/wp\/v2\/users\/8"}],"replies":[{"embeddable":true,"href":"https:\/\/lightweb.dev\/l\/svm-temp\/wp-json\/wp\/v2\/comments?post=3965"}],"version-history":[{"count":0,"href":"https:\/\/lightweb.dev\/l\/svm-temp\/wp-json\/wp\/v2\/posts\/3965\/revisions"}],"wp:featuredmedia":[{"embeddable":true,"href":"https:\/\/lightweb.dev\/l\/svm-temp\/wp-json\/wp\/v2\/media\/3966"}],"wp:attachment":[{"href":"https:\/\/lightweb.dev\/l\/svm-temp\/wp-json\/wp\/v2\/media?parent=3965"}],"wp:term":[{"taxonomy":"category","embeddable":true,"href":"https:\/\/lightweb.dev\/l\/svm-temp\/wp-json\/wp\/v2\/categories?post=3965"},{"taxonomy":"post_tag","embeddable":true,"href":"https:\/\/lightweb.dev\/l\/svm-temp\/wp-json\/wp\/v2\/tags?post=3965"}],"curies":[{"name":"wp","href":"https:\/\/api.w.org\/{rel}","templated":true}]}}