{"id":3969,"date":"2011-11-16T00:00:00","date_gmt":"2011-11-15T23:00:00","guid":{"rendered":"https:\/\/lightweb.dev\/l\/svm-temp\/semesterbostad-spanien-se-har-sammanfort-fastighetsagare-och-semesterfirare-i-snart-tio-ar\/"},"modified":"2011-11-16T00:00:00","modified_gmt":"2011-11-15T23:00:00","slug":"semesterbostad-spanien-se-har-sammanfort-fastighetsagare-och-semesterfirare-i-snart-tio-ar","status":"publish","type":"post","link":"https:\/\/lightweb.dev\/l\/svm-temp\/artiklar\/semesterbostad-spanien-se-har-sammanfort-fastighetsagare-och-semesterfirare-i-snart-tio-ar\/","title":{"rendered":"Semesterbostad-Spanien.se har sammanf\u00f6rt fastighets\u00e4gare och semesterfirare i snart tio \u00e5r"},"content":{"rendered":"<p> Om du \u00e4r \u00e4gare till en bostad i Spanien, och inte anv\u00e4nder den hela \u00e5ret runt finns det goda m\u00f6jligheter till en extra inkomst genom att hyra ut den. Vi p\u00e5 Semesterbostad-Spanien.se hj\u00e4lper g\u00e4rna till att hitta l\u00e4mpliga kunder och f\u00f6rmedlar bost\u00e4der till Spanien resen\u00e4rer Semesterbostad-Spanien.se var f\u00f6rst med att via annonsering hyra ut semesterbost\u00e4der i Spanien. \u00c5r 2012 firar v\u00e5r hemsida 10 \u00e5rs jubileum, vi finns tiig\u00e4ngliga p\u00e5 tio spr\u00e5k och \u00e4r mycket stolta \u00f6ver v\u00e5r topplacering p\u00e5 Google och p\u00e5 andra s\u00f6kmotorer. P\u00e5 v\u00e5r hemsida f\u00f6r annonsering hj\u00e4lper vi fastighets\u00e4gare att hitta potentiella kunder som \u00e4r intresserade av att hyra en bostad f\u00f6r sin semester i Spanien. Under f\u00f6rra \u00e5ret hade vi mer \u00e4n fyra miljoner bes\u00f6kare p\u00e5 v\u00e5r hemsida.<br \/>\nHur fungerar det n\u00e4r man vill hyra ut sin bostad?<br \/>\nGenom att annonsera via Semesterbostad-Spanien.se \u00e4r m\u00f6jligheterna f\u00f6r att framg\u00e5ngsrikt marknadsf\u00f6ra sin bostad, med alla dess faciliteter mycket goda. I dagsl\u00e4get har \u00f6ver 5.000 bostads\u00e4gare valt att n\u00e5 ut till en st\u00f6rre kundkrets genom att annonsera via v\u00e5r hemsida.<br \/>\nGenom att skapa ett konto hos oss, som \u00e4r gratis, l\u00e4gger ni in alla uppgifterna om er bostad och ni kan sedan aktivera dessa uppgifter f\u00f6r uthyrning n\u00e4r ni har best\u00e4mt er, och betalar sedan en \u00e5rlig avgift f\u00f6r annonseringen. Genom det personliga kontot finns det m\u00f6jlighet att kontrollera f\u00f6rfr\u00e5gningar, f\u00e5 statistik och kontrollera all annonsinformation och bilder. F\u00f6rfr\u00e5gningar skickas sedan direkt till \u00e4garen, som allts\u00e5 sj\u00e4lv tar hand om sina bokningar och betalningar. Alla annonser publiceras direkt p\u00e5 alla 10 spr\u00e5ken.<br \/>\nVarf\u00f6r hyr s\u00e5 m\u00e5nga semesterbes\u00f6kare bostad numera?<br \/>\nAtt hyra en semesterbostad \u00e4r m\u00e5nga g\u00e5nger ett mer ekonomiskt val \u00e4n att bo p\u00e5 hotell, dessutom ger det mer frihet och hemmak\u00e4nsla under semestern.<br \/>\nResen\u00e4rer kan l\u00e4tt leta efter bost\u00e4der p\u00e5 v\u00e5r hemsida genom att s\u00f6ka p\u00e5 en karta \u00f6ver Spanien. Vidare finns m\u00f6jligheterna att anv\u00e4nda sig av \u201davancerad s\u00f6kning\u201d leta efter \u201dsista minuten erbjudanden\u201d eller att hitta bost\u00e4der via en informationssida \u201dsemester id\u00e9er\u201d.<br \/>\nAlla f\u00f6rfr\u00e5gningar skickas sedan direkt till bostads\u00e4garen som g\u00e4rna hj\u00e4lper till med tips och information om det lokala omr\u00e5det. Bokning och betalning g\u00f6rs direkt till bostads\u00e4garen.<br \/>\nHemsidan erbjuder dessutom mycket turistinformation och ett tjugotal videos p\u00e5 svenska om olika omr\u00e5den f\u00f6r att ge ytterligare inspiration till resen\u00e4rerna.<br \/>\n\u00c4r det s\u00e4ker att hyra?<br \/>\nVi beg\u00e4r \u00e4gandebevis p\u00e5 alla bost\u00e4der som annonseras p\u00e5 v\u00e5r hemsida. Alla annonser aktiveras manuellt av v\u00e5r kundtj\u00e4nst efter granskning av dokumenten.<br \/>\n&#8217;F\u00f6retaget har vidare en m\u00e5ngkulturell och flerspr\u00e5kiga kundtj\u00e4nst . Vi st\u00e5r g\u00e4rna till tj\u00e4nst med att besvara era fr\u00e5gor och bidra med anv\u00e4ndbar information f\u00f6r \u00e4gare som best\u00e4mt sig f\u00f6r att hyra ut sina bost\u00e4der f\u00f6r f\u00f6rsta g\u00e5ngen.<br \/>\nSemesterbostad-Spanien.se<br \/>\nTel: 0034 952 204 435<br \/>\nE-post: support@spain-holiday.com L\u00e4s mer h\u00e4r p\u00e5 Semesterbostad-Spanien.se<\/p>\n","protected":false},"excerpt":{"rendered":"<p>Om du \u00e4r \u00e4gare till en bostad i Spanien, och inte anv\u00e4nder den hela \u00e5ret runt finns det goda m\u00f6jligheter till en extra inkomst genom att hyra ut den. Vi p\u00e5 Semesterbostad-Spanien.se hj\u00e4lper g\u00e4rna till att hitta l\u00e4mpliga kunder och f\u00f6rmedlar bost\u00e4der till Spanien resen\u00e4rer Semesterbostad-Spanien.se var f\u00f6rst med att via annonsering hyra ut semesterbost\u00e4der [&hellip;]<\/p>\n","protected":false},"author":8,"featured_media":3970,"comment_status":"open","ping_status":"open","sticky":false,"template":"","format":"standard","meta":{"_et_pb_use_builder":"","_et_pb_old_content":"","_et_gb_content_width":"","footnotes":""},"categories":[396,4],"tags":[],"class_list":["post-3969","post","type-post","status-publish","format-standard","has-post-thumbnail","hentry","category-arkiv-artiklar","category-artiklar"],"yoast_head":"<!-- This site is optimized with the Yoast SEO Premium plugin v26.2 (Yoast SEO v28.2) - https:\/\/yoast.com\/product\/yoast-seo-premium-wordpress\/ -->\n<title>Semesterbostad-Spanien.se har sammanf\u00f6rt fastighets\u00e4gare och semesterfirare i snart tio \u00e5r - Svenska Magasinet<\/title>\n<meta name=\"robots\" content=\"noindex, follow, max-snippet:-1, max-image-preview:large, max-video-preview:-1\" \/>\n<meta property=\"og:locale\" content=\"sv_SE\" \/>\n<meta property=\"og:type\" content=\"article\" \/>\n<meta property=\"og:title\" content=\"Semesterbostad-Spanien.se har sammanf\u00f6rt fastighets\u00e4gare och semesterfirare i snart tio \u00e5r\" \/>\n<meta property=\"og:description\" content=\"Om du \u00e4r \u00e4gare till en bostad i Spanien, och inte anv\u00e4nder den hela \u00e5ret runt finns det goda m\u00f6jligheter till en extra inkomst genom att hyra ut den. Vi p\u00e5 Semesterbostad-Spanien.se hj\u00e4lper g\u00e4rna till att hitta l\u00e4mpliga kunder och f\u00f6rmedlar bost\u00e4der till Spanien resen\u00e4rer Semesterbostad-Spanien.se var f\u00f6rst med att via annonsering hyra ut semesterbost\u00e4der [&hellip;]\" \/>\n<meta property=\"og:url\" content=\"https:\/\/lightweb.dev\/l\/svm-temp\/artiklar\/semesterbostad-spanien-se-har-sammanfort-fastighetsagare-och-semesterfirare-i-snart-tio-ar\/\" \/>\n<meta property=\"og:site_name\" content=\"Svenska Magasinet\" \/>\n<meta property=\"article:publisher\" content=\"https:\/\/www.facebook.com\/svenskamagasinet\" \/>\n<meta property=\"article:published_time\" content=\"2011-11-15T23:00:00+00:00\" \/>\n<meta property=\"og:image\" content=\"https:\/\/lightweb.dev\/l\/svm-temp\/wp-content\/uploads\/2022\/04\/semesterbostad-spanien-se-har-sammanfrt-fastighetsgare-och-semesterfirare-i-snart-tio-r.png\" \/>\n\t<meta property=\"og:image:width\" content=\"280\" \/>\n\t<meta property=\"og:image:height\" content=\"210\" \/>\n\t<meta property=\"og:image:type\" content=\"image\/png\" \/>\n<meta name=\"author\" content=\"Redaktionen SvM\" \/>\n<meta name=\"twitter:card\" content=\"summary_large_image\" \/>\n<meta name=\"twitter:creator\" content=\"@SvenskaMagasine\" \/>\n<meta name=\"twitter:site\" content=\"@SvenskaMagasine\" \/>\n<script type=\"application\/ld+json\" class=\"yoast-schema-graph\">{\"@context\":\"https:\\\/\\\/schema.org\",\"@graph\":[{\"@type\":\"Article\",\"@id\":\"https:\\\/\\\/lightweb.dev\\\/l\\\/svm-temp\\\/artiklar\\\/semesterbostad-spanien-se-har-sammanfort-fastighetsagare-och-semesterfirare-i-snart-tio-ar\\\/#article\",\"isPartOf\":{\"@id\":\"https:\\\/\\\/lightweb.dev\\\/l\\\/svm-temp\\\/artiklar\\\/semesterbostad-spanien-se-har-sammanfort-fastighetsagare-och-semesterfirare-i-snart-tio-ar\\\/\"},\"author\":{\"name\":\"Redaktionen SvM\",\"@id\":\"https:\\\/\\\/lightweb.dev\\\/l\\\/svm-temp\\\/#\\\/schema\\\/person\\\/206a3bda5b607b0c25e1749191e4d837\"},\"headline\":\"Semesterbostad-Spanien.se har sammanf\u00f6rt fastighets\u00e4gare och semesterfirare i snart tio \u00e5r\",\"datePublished\":\"2011-11-15T23:00:00+00:00\",\"mainEntityOfPage\":{\"@id\":\"https:\\\/\\\/lightweb.dev\\\/l\\\/svm-temp\\\/artiklar\\\/semesterbostad-spanien-se-har-sammanfort-fastighetsagare-och-semesterfirare-i-snart-tio-ar\\\/\"},\"wordCount\":556,\"commentCount\":0,\"publisher\":{\"@id\":\"https:\\\/\\\/lightweb.dev\\\/l\\\/svm-temp\\\/#organization\"},\"image\":{\"@id\":\"https:\\\/\\\/lightweb.dev\\\/l\\\/svm-temp\\\/artiklar\\\/semesterbostad-spanien-se-har-sammanfort-fastighetsagare-och-semesterfirare-i-snart-tio-ar\\\/#primaryimage\"},\"thumbnailUrl\":\"https:\\\/\\\/lightweb.dev\\\/l\\\/svm-temp\\\/wp-content\\\/uploads\\\/2022\\\/04\\\/semesterbostad-spanien-se-har-sammanfrt-fastighetsgare-och-semesterfirare-i-snart-tio-r.png\",\"articleSection\":[\"Arkiv\",\"Artiklar\"],\"inLanguage\":\"sv-SE\"},{\"@type\":\"WebPage\",\"@id\":\"https:\\\/\\\/lightweb.dev\\\/l\\\/svm-temp\\\/artiklar\\\/semesterbostad-spanien-se-har-sammanfort-fastighetsagare-och-semesterfirare-i-snart-tio-ar\\\/\",\"url\":\"https:\\\/\\\/lightweb.dev\\\/l\\\/svm-temp\\\/artiklar\\\/semesterbostad-spanien-se-har-sammanfort-fastighetsagare-och-semesterfirare-i-snart-tio-ar\\\/\",\"name\":\"Semesterbostad-Spanien.se har sammanf\u00f6rt fastighets\u00e4gare och semesterfirare i snart tio \u00e5r - Svenska Magasinet\",\"isPartOf\":{\"@id\":\"https:\\\/\\\/lightweb.dev\\\/l\\\/svm-temp\\\/#website\"},\"primaryImageOfPage\":{\"@id\":\"https:\\\/\\\/lightweb.dev\\\/l\\\/svm-temp\\\/artiklar\\\/semesterbostad-spanien-se-har-sammanfort-fastighetsagare-och-semesterfirare-i-snart-tio-ar\\\/#primaryimage\"},\"image\":{\"@id\":\"https:\\\/\\\/lightweb.dev\\\/l\\\/svm-temp\\\/artiklar\\\/semesterbostad-spanien-se-har-sammanfort-fastighetsagare-och-semesterfirare-i-snart-tio-ar\\\/#primaryimage\"},\"thumbnailUrl\":\"https:\\\/\\\/lightweb.dev\\\/l\\\/svm-temp\\\/wp-content\\\/uploads\\\/2022\\\/04\\\/semesterbostad-spanien-se-har-sammanfrt-fastighetsgare-och-semesterfirare-i-snart-tio-r.png\",\"datePublished\":\"2011-11-15T23:00:00+00:00\",\"breadcrumb\":{\"@id\":\"https:\\\/\\\/lightweb.dev\\\/l\\\/svm-temp\\\/artiklar\\\/semesterbostad-spanien-se-har-sammanfort-fastighetsagare-och-semesterfirare-i-snart-tio-ar\\\/#breadcrumb\"},\"inLanguage\":\"sv-SE\",\"potentialAction\":[{\"@type\":\"ReadAction\",\"target\":[\"https:\\\/\\\/lightweb.dev\\\/l\\\/svm-temp\\\/artiklar\\\/semesterbostad-spanien-se-har-sammanfort-fastighetsagare-och-semesterfirare-i-snart-tio-ar\\\/\"]}]},{\"@type\":\"ImageObject\",\"inLanguage\":\"sv-SE\",\"@id\":\"https:\\\/\\\/lightweb.dev\\\/l\\\/svm-temp\\\/artiklar\\\/semesterbostad-spanien-se-har-sammanfort-fastighetsagare-och-semesterfirare-i-snart-tio-ar\\\/#primaryimage\",\"url\":\"https:\\\/\\\/lightweb.dev\\\/l\\\/svm-temp\\\/wp-content\\\/uploads\\\/2022\\\/04\\\/semesterbostad-spanien-se-har-sammanfrt-fastighetsgare-och-semesterfirare-i-snart-tio-r.png\",\"contentUrl\":\"https:\\\/\\\/lightweb.dev\\\/l\\\/svm-temp\\\/wp-content\\\/uploads\\\/2022\\\/04\\\/semesterbostad-spanien-se-har-sammanfrt-fastighetsgare-och-semesterfirare-i-snart-tio-r.png\",\"width\":280,\"height\":210},{\"@type\":\"BreadcrumbList\",\"@id\":\"https:\\\/\\\/lightweb.dev\\\/l\\\/svm-temp\\\/artiklar\\\/semesterbostad-spanien-se-har-sammanfort-fastighetsagare-och-semesterfirare-i-snart-tio-ar\\\/#breadcrumb\",\"itemListElement\":[{\"@type\":\"ListItem\",\"position\":1,\"name\":\"Hem\",\"item\":\"https:\\\/\\\/lightweb.dev\\\/l\\\/svm-temp\\\/\"},{\"@type\":\"ListItem\",\"position\":2,\"name\":\"Semesterbostad-Spanien.se har sammanf\u00f6rt fastighets\u00e4gare och semesterfirare i snart tio \u00e5r\"}]},{\"@type\":\"WebSite\",\"@id\":\"https:\\\/\\\/lightweb.dev\\\/l\\\/svm-temp\\\/#website\",\"url\":\"https:\\\/\\\/lightweb.dev\\\/l\\\/svm-temp\\\/\",\"name\":\"Svenska Magasinet\",\"description\":\"Dina Spanska nyheter p&aring; Svenska\",\"publisher\":{\"@id\":\"https:\\\/\\\/lightweb.dev\\\/l\\\/svm-temp\\\/#organization\"},\"potentialAction\":[{\"@type\":\"SearchAction\",\"target\":{\"@type\":\"EntryPoint\",\"urlTemplate\":\"https:\\\/\\\/lightweb.dev\\\/l\\\/svm-temp\\\/?s={search_term_string}\"},\"query-input\":{\"@type\":\"PropertyValueSpecification\",\"valueRequired\":true,\"valueName\":\"search_term_string\"}}],\"inLanguage\":\"sv-SE\"},{\"@type\":\"Organization\",\"@id\":\"https:\\\/\\\/lightweb.dev\\\/l\\\/svm-temp\\\/#organization\",\"name\":\"Melkerson y Nott SL\",\"alternateName\":\"Svenska Magasinet\",\"url\":\"https:\\\/\\\/lightweb.dev\\\/l\\\/svm-temp\\\/\",\"logo\":{\"@type\":\"ImageObject\",\"inLanguage\":\"sv-SE\",\"@id\":\"https:\\\/\\\/lightweb.dev\\\/l\\\/svm-temp\\\/#\\\/schema\\\/logo\\\/image\\\/\",\"url\":\"https:\\\/\\\/lightweb.dev\\\/l\\\/svm-temp\\\/wp-content\\\/uploads\\\/2025\\\/02\\\/SvM-logo-Xtra-Centrerad-SVART.png\",\"contentUrl\":\"https:\\\/\\\/lightweb.dev\\\/l\\\/svm-temp\\\/wp-content\\\/uploads\\\/2025\\\/02\\\/SvM-logo-Xtra-Centrerad-SVART.png\",\"width\":300,\"height\":99,\"caption\":\"Melkerson y Nott SL\"},\"image\":{\"@id\":\"https:\\\/\\\/lightweb.dev\\\/l\\\/svm-temp\\\/#\\\/schema\\\/logo\\\/image\\\/\"},\"sameAs\":[\"https:\\\/\\\/www.facebook.com\\\/svenskamagasinet\",\"https:\\\/\\\/x.com\\\/SvenskaMagasine\"]},{\"@type\":\"Person\",\"@id\":\"https:\\\/\\\/lightweb.dev\\\/l\\\/svm-temp\\\/#\\\/schema\\\/person\\\/206a3bda5b607b0c25e1749191e4d837\",\"name\":\"Redaktionen SvM\",\"description\":\"Redaktionen\",\"sameAs\":[\"https:\\\/\\\/lightweb.dev\\\/l\\\/svm-temp\"],\"url\":\"https:\\\/\\\/lightweb.dev\\\/l\\\/svm-temp\\\/reporter\\\/redaktionen\\\/\"}]}<\/script>\n<!-- \/ Yoast SEO Premium plugin. -->","yoast_head_json":{"title":"Semesterbostad-Spanien.se har sammanf\u00f6rt fastighets\u00e4gare och semesterfirare i snart tio \u00e5r - Svenska Magasinet","robots":{"index":"noindex","follow":"follow","max-snippet":"max-snippet:-1","max-image-preview":"max-image-preview:large","max-video-preview":"max-video-preview:-1"},"og_locale":"sv_SE","og_type":"article","og_title":"Semesterbostad-Spanien.se har sammanf\u00f6rt fastighets\u00e4gare och semesterfirare i snart tio \u00e5r","og_description":"Om du \u00e4r \u00e4gare till en bostad i Spanien, och inte anv\u00e4nder den hela \u00e5ret runt finns det goda m\u00f6jligheter till en extra inkomst genom att hyra ut den. Vi p\u00e5 Semesterbostad-Spanien.se hj\u00e4lper g\u00e4rna till att hitta l\u00e4mpliga kunder och f\u00f6rmedlar bost\u00e4der till Spanien resen\u00e4rer Semesterbostad-Spanien.se var f\u00f6rst med att via annonsering hyra ut semesterbost\u00e4der [&hellip;]","og_url":"https:\/\/lightweb.dev\/l\/svm-temp\/artiklar\/semesterbostad-spanien-se-har-sammanfort-fastighetsagare-och-semesterfirare-i-snart-tio-ar\/","og_site_name":"Svenska Magasinet","article_publisher":"https:\/\/www.facebook.com\/svenskamagasinet","article_published_time":"2011-11-15T23:00:00+00:00","og_image":[{"width":280,"height":210,"url":"https:\/\/lightweb.dev\/l\/svm-temp\/wp-content\/uploads\/2022\/04\/semesterbostad-spanien-se-har-sammanfrt-fastighetsgare-och-semesterfirare-i-snart-tio-r.png","type":"image\/png"}],"author":"Redaktionen SvM","twitter_card":"summary_large_image","twitter_creator":"@SvenskaMagasine","twitter_site":"@SvenskaMagasine","schema":{"@context":"https:\/\/schema.org","@graph":[{"@type":"Article","@id":"https:\/\/lightweb.dev\/l\/svm-temp\/artiklar\/semesterbostad-spanien-se-har-sammanfort-fastighetsagare-och-semesterfirare-i-snart-tio-ar\/#article","isPartOf":{"@id":"https:\/\/lightweb.dev\/l\/svm-temp\/artiklar\/semesterbostad-spanien-se-har-sammanfort-fastighetsagare-och-semesterfirare-i-snart-tio-ar\/"},"author":{"name":"Redaktionen SvM","@id":"https:\/\/lightweb.dev\/l\/svm-temp\/#\/schema\/person\/206a3bda5b607b0c25e1749191e4d837"},"headline":"Semesterbostad-Spanien.se har sammanf\u00f6rt fastighets\u00e4gare och semesterfirare i snart tio \u00e5r","datePublished":"2011-11-15T23:00:00+00:00","mainEntityOfPage":{"@id":"https:\/\/lightweb.dev\/l\/svm-temp\/artiklar\/semesterbostad-spanien-se-har-sammanfort-fastighetsagare-och-semesterfirare-i-snart-tio-ar\/"},"wordCount":556,"commentCount":0,"publisher":{"@id":"https:\/\/lightweb.dev\/l\/svm-temp\/#organization"},"image":{"@id":"https:\/\/lightweb.dev\/l\/svm-temp\/artiklar\/semesterbostad-spanien-se-har-sammanfort-fastighetsagare-och-semesterfirare-i-snart-tio-ar\/#primaryimage"},"thumbnailUrl":"https:\/\/lightweb.dev\/l\/svm-temp\/wp-content\/uploads\/2022\/04\/semesterbostad-spanien-se-har-sammanfrt-fastighetsgare-och-semesterfirare-i-snart-tio-r.png","articleSection":["Arkiv","Artiklar"],"inLanguage":"sv-SE"},{"@type":"WebPage","@id":"https:\/\/lightweb.dev\/l\/svm-temp\/artiklar\/semesterbostad-spanien-se-har-sammanfort-fastighetsagare-och-semesterfirare-i-snart-tio-ar\/","url":"https:\/\/lightweb.dev\/l\/svm-temp\/artiklar\/semesterbostad-spanien-se-har-sammanfort-fastighetsagare-och-semesterfirare-i-snart-tio-ar\/","name":"Semesterbostad-Spanien.se har sammanf\u00f6rt fastighets\u00e4gare och semesterfirare i snart tio \u00e5r - Svenska Magasinet","isPartOf":{"@id":"https:\/\/lightweb.dev\/l\/svm-temp\/#website"},"primaryImageOfPage":{"@id":"https:\/\/lightweb.dev\/l\/svm-temp\/artiklar\/semesterbostad-spanien-se-har-sammanfort-fastighetsagare-och-semesterfirare-i-snart-tio-ar\/#primaryimage"},"image":{"@id":"https:\/\/lightweb.dev\/l\/svm-temp\/artiklar\/semesterbostad-spanien-se-har-sammanfort-fastighetsagare-och-semesterfirare-i-snart-tio-ar\/#primaryimage"},"thumbnailUrl":"https:\/\/lightweb.dev\/l\/svm-temp\/wp-content\/uploads\/2022\/04\/semesterbostad-spanien-se-har-sammanfrt-fastighetsgare-och-semesterfirare-i-snart-tio-r.png","datePublished":"2011-11-15T23:00:00+00:00","breadcrumb":{"@id":"https:\/\/lightweb.dev\/l\/svm-temp\/artiklar\/semesterbostad-spanien-se-har-sammanfort-fastighetsagare-och-semesterfirare-i-snart-tio-ar\/#breadcrumb"},"inLanguage":"sv-SE","potentialAction":[{"@type":"ReadAction","target":["https:\/\/lightweb.dev\/l\/svm-temp\/artiklar\/semesterbostad-spanien-se-har-sammanfort-fastighetsagare-och-semesterfirare-i-snart-tio-ar\/"]}]},{"@type":"ImageObject","inLanguage":"sv-SE","@id":"https:\/\/lightweb.dev\/l\/svm-temp\/artiklar\/semesterbostad-spanien-se-har-sammanfort-fastighetsagare-och-semesterfirare-i-snart-tio-ar\/#primaryimage","url":"https:\/\/lightweb.dev\/l\/svm-temp\/wp-content\/uploads\/2022\/04\/semesterbostad-spanien-se-har-sammanfrt-fastighetsgare-och-semesterfirare-i-snart-tio-r.png","contentUrl":"https:\/\/lightweb.dev\/l\/svm-temp\/wp-content\/uploads\/2022\/04\/semesterbostad-spanien-se-har-sammanfrt-fastighetsgare-och-semesterfirare-i-snart-tio-r.png","width":280,"height":210},{"@type":"BreadcrumbList","@id":"https:\/\/lightweb.dev\/l\/svm-temp\/artiklar\/semesterbostad-spanien-se-har-sammanfort-fastighetsagare-och-semesterfirare-i-snart-tio-ar\/#breadcrumb","itemListElement":[{"@type":"ListItem","position":1,"name":"Hem","item":"https:\/\/lightweb.dev\/l\/svm-temp\/"},{"@type":"ListItem","position":2,"name":"Semesterbostad-Spanien.se har sammanf\u00f6rt fastighets\u00e4gare och semesterfirare i snart tio \u00e5r"}]},{"@type":"WebSite","@id":"https:\/\/lightweb.dev\/l\/svm-temp\/#website","url":"https:\/\/lightweb.dev\/l\/svm-temp\/","name":"Svenska Magasinet","description":"Dina Spanska nyheter p&aring; Svenska","publisher":{"@id":"https:\/\/lightweb.dev\/l\/svm-temp\/#organization"},"potentialAction":[{"@type":"SearchAction","target":{"@type":"EntryPoint","urlTemplate":"https:\/\/lightweb.dev\/l\/svm-temp\/?s={search_term_string}"},"query-input":{"@type":"PropertyValueSpecification","valueRequired":true,"valueName":"search_term_string"}}],"inLanguage":"sv-SE"},{"@type":"Organization","@id":"https:\/\/lightweb.dev\/l\/svm-temp\/#organization","name":"Melkerson y Nott SL","alternateName":"Svenska Magasinet","url":"https:\/\/lightweb.dev\/l\/svm-temp\/","logo":{"@type":"ImageObject","inLanguage":"sv-SE","@id":"https:\/\/lightweb.dev\/l\/svm-temp\/#\/schema\/logo\/image\/","url":"https:\/\/lightweb.dev\/l\/svm-temp\/wp-content\/uploads\/2025\/02\/SvM-logo-Xtra-Centrerad-SVART.png","contentUrl":"https:\/\/lightweb.dev\/l\/svm-temp\/wp-content\/uploads\/2025\/02\/SvM-logo-Xtra-Centrerad-SVART.png","width":300,"height":99,"caption":"Melkerson y Nott SL"},"image":{"@id":"https:\/\/lightweb.dev\/l\/svm-temp\/#\/schema\/logo\/image\/"},"sameAs":["https:\/\/www.facebook.com\/svenskamagasinet","https:\/\/x.com\/SvenskaMagasine"]},{"@type":"Person","@id":"https:\/\/lightweb.dev\/l\/svm-temp\/#\/schema\/person\/206a3bda5b607b0c25e1749191e4d837","name":"Redaktionen SvM","description":"Redaktionen","sameAs":["https:\/\/lightweb.dev\/l\/svm-temp"],"url":"https:\/\/lightweb.dev\/l\/svm-temp\/reporter\/redaktionen\/"}]}},"_links":{"self":[{"href":"https:\/\/lightweb.dev\/l\/svm-temp\/wp-json\/wp\/v2\/posts\/3969","targetHints":{"allow":["GET"]}}],"collection":[{"href":"https:\/\/lightweb.dev\/l\/svm-temp\/wp-json\/wp\/v2\/posts"}],"about":[{"href":"https:\/\/lightweb.dev\/l\/svm-temp\/wp-json\/wp\/v2\/types\/post"}],"author":[{"embeddable":true,"href":"https:\/\/lightweb.dev\/l\/svm-temp\/wp-json\/wp\/v2\/users\/8"}],"replies":[{"embeddable":true,"href":"https:\/\/lightweb.dev\/l\/svm-temp\/wp-json\/wp\/v2\/comments?post=3969"}],"version-history":[{"count":0,"href":"https:\/\/lightweb.dev\/l\/svm-temp\/wp-json\/wp\/v2\/posts\/3969\/revisions"}],"wp:featuredmedia":[{"embeddable":true,"href":"https:\/\/lightweb.dev\/l\/svm-temp\/wp-json\/wp\/v2\/media\/3970"}],"wp:attachment":[{"href":"https:\/\/lightweb.dev\/l\/svm-temp\/wp-json\/wp\/v2\/media?parent=3969"}],"wp:term":[{"taxonomy":"category","embeddable":true,"href":"https:\/\/lightweb.dev\/l\/svm-temp\/wp-json\/wp\/v2\/categories?post=3969"},{"taxonomy":"post_tag","embeddable":true,"href":"https:\/\/lightweb.dev\/l\/svm-temp\/wp-json\/wp\/v2\/tags?post=3969"}],"curies":[{"name":"wp","href":"https:\/\/api.w.org\/{rel}","templated":true}]}}