{"id":3973,"date":"2011-11-14T00:00:00","date_gmt":"2011-11-13T23:00:00","guid":{"rendered":"https:\/\/lightweb.dev\/l\/svm-temp\/svenska-kyrkan-i-fuengirola-fortsatter-2012\/"},"modified":"2011-11-14T00:00:00","modified_gmt":"2011-11-13T23:00:00","slug":"svenska-kyrkan-i-fuengirola-fortsatter-2012","status":"publish","type":"post","link":"https:\/\/lightweb.dev\/l\/svm-temp\/artiklar\/svenska-kyrkan-i-fuengirola-fortsatter-2012\/","title":{"rendered":"Svenska kyrkan i Fuengirola forts\u00e4tter 2012"},"content":{"rendered":"<p> Vid en extra kyrkost\u00e4mma den 31 oktober togs beslutet att \u201dIglesisa Sueca de la Costa del Sol\u201d forts\u00e4tter sin verksamhet \u00e4ven under n\u00e4sta \u00e5r 2012. Av Ola Josefsson<br \/>\nDet blir Svenska kyrkof\u00f6reningen p\u00e5 Costa del Sol som f\u00e5r det \u00f6vergripande ansvaret kring ekonomin medan kyrkoherden i Torrevieja har det pastorala ansvaret vilket \u00e4ven kan komma att delegeras till en pensionerad pr\u00e4st som f\u00f6rordnas till tj\u00e4nsten i Fuengirola.<br \/>\n-Solkusten hamnar under Costa Blanca och det blir kyrkoherden i Torrevieja som har det pastorala huvudansvaret . D\u00e5 han har begr\u00e4nsad m\u00f6jlighet att bes\u00f6ka Solkusten, skall en pensionerad pr\u00e4st rekryteras till f\u00f6rsamlingen i Fuengirola, s\u00e4ger Jan Madestam, kyrkoherde p\u00e5 Solkusten fram till ny\u00e5ret.<br \/>\nSvenska kyrkan i Fuengirola kommer allts\u00e5 att finnas kvar \u00e4ven under n\u00e4sta \u00e5r i de nuvarande lokalerna. Men 2012 kan bli ett avg\u00f6rande \u00e5r.<br \/>\n-N\u00e4sta \u00e5r kan det avg\u00f6ras om kyrkan har en framtid i Fuengirola och avg\u00f6randet ligger i Spaniensvenskarnas h\u00e4nder, s\u00e4ger Jan Madestam.<br \/>\nDet avg\u00f6rande \u00e4r om svenskarna p\u00e5 Costa del Sol st\u00e4ller upp. Under 2012 f\u00e5r kyrkof\u00f6rsamlingen p\u00e5 Costa del Sol inte n\u00e5got ekonomiskt st\u00f6d fr\u00e5n Sverige, utan kyrkof\u00f6reningen tar detta ansvar.<br \/>\n-Nu m\u00e5ste vi skapa en ekonomisk grund och det beh\u00f6vs frivilliga krafter. Vi ska kunna st\u00e5 f\u00f6r driften av verksamhetslokalerna, samt f\u00f6r bostad och resor till den pensionerade pr\u00e4sten som tar tj\u00e4nsten i Fuengirola.<br \/>\nEnligt Jan Madestam kr\u00e4ver detta fler medlemmar och svenskarna p\u00e5 kusten kan visa detta genom att snarast teckna sig som medlemmar f\u00f6r 2012 och betalar medlemsavgiften.<br \/>\n-Vi beh\u00f6ver frivilliga medarbetare s\u00e5 att vi kan h\u00e5lla ig\u00e5ng verksamheten. Det finns listor p\u00e5 kyrkan som man kan skriva p\u00e5. Alla kan inte g\u00f6ra allt, men alla kan g\u00f6ra n\u00e5got.<br \/>\nDen positiva m\u00f6jligheten till fortsatt kyrklig verksamhet p\u00e5 Solkusten har sin bakgrund i m\u00e5ngas uttryckta f\u00f6rtvivlan, \u00f6nskningar, insatser, tankar, skrivelser och kontakter, s\u00e4ger Jan Madestam i en officiell kommentar.<br \/>\n-Alla som vid olika perioder under snart fyrtio \u00e5r har delat f\u00f6rsamlingsgemenskapen har p\u00e5 olika s\u00e4tt tagit ansvar i och f\u00f6r verksamheten, \u00e4r v\u00e4rda all tacksamhet. Jag hoppas att vi kan forts\u00e4tta att dela m\u00f6jligheter och uppgifter med de insatser som beh\u00f6vs utifr\u00e5n vars och ens f\u00f6rm\u00e5ga.<br \/>\nM\u00e5nga har engagerat sig i kyrkans framtid . Kyrkor\u00e5det har f\u00f6rt ett intensivt samtal med hemmakyrkan om det som blivit nuvarande m\u00f6jligheter, liksom \u201dr\u00e4ddningsgrupper\u201d och ett otal enskilda. F\u00f6r m\u00e5nga spelar kyrkan en stor roll enligt Jan Madestam.<br \/>\n-F\u00f6rutom att delta i gudstj\u00e4nster vill andra kunna dela tankar \u00f6ver en kopp kaffe eller sitta i lugn och ro med dagens tidning i biblioteket. \u00c5ter andra vill kunna b\u00e4ra sitt barn till dopet eller delta med sina barn i barngrupper. Det \u00e4r viktigt att f\u00e5 m\u00f6jlighet till att dela sina innersta tankar med n\u00e5gon som beh\u00e5ller dem, att dela br\u00f6llopsgl\u00e4djen vid en vigselgudstj\u00e4nst eller f\u00f6lja en anh\u00f6rig eller v\u00e4n till sista jordiska vilan.<br \/>\nJan Madestam vill \u00e4ven betona det ansvar som kr\u00e4vs f\u00f6r att h\u00e5lla kyrka och caf\u00e9 \u00f6ppet.<br \/>\n-Vi kan ha m\u00e5nga synpunkter och \u00e5sikter om b\u00e5de andra och oss sj\u00e4lva och v\u00e5r plats i tillvaron. Alla \u00e4r vi dock lika v\u00e4rdefulla och \u00e4lskade av V\u00e5r Herre, det \u00e4r kyrkans viktigaste uppgift att f\u00f6rmedla, s\u00e4ger Jan Madestam.<br \/>\nSvenska Magasinet har tidigare ber\u00e4ttat om olika initiativ fr\u00e5n Spaniensvenskar med m\u00e5let att r\u00e4dda f\u00f6rsamlingen av Svenska kyrkan kvar p\u00e5 Solkusten. Exempelvis lade \u201dKyrkv\u00e4rnet\u201d fram ett f\u00f6rslag i v\u00e5ras som gick ut p\u00e5 att verksamheten kunde baseras p\u00e5 pensionerade pr\u00e4ster, som inte f\u00e5r l\u00f6n men fri bostad och ett traktamente. <\/p>\n","protected":false},"excerpt":{"rendered":"<p>Vid en extra kyrkost\u00e4mma den 31 oktober togs beslutet att \u201dIglesisa Sueca de la Costa del Sol\u201d forts\u00e4tter sin verksamhet \u00e4ven under n\u00e4sta \u00e5r 2012. Av Ola Josefsson Det blir Svenska kyrkof\u00f6reningen p\u00e5 Costa del Sol som f\u00e5r det \u00f6vergripande ansvaret kring ekonomin medan kyrkoherden i Torrevieja har det pastorala ansvaret vilket \u00e4ven kan komma [&hellip;]<\/p>\n","protected":false},"author":8,"featured_media":3974,"comment_status":"open","ping_status":"open","sticky":false,"template":"","format":"standard","meta":{"_et_pb_use_builder":"","_et_pb_old_content":"","_et_gb_content_width":"","footnotes":""},"categories":[396,4],"tags":[],"class_list":["post-3973","post","type-post","status-publish","format-standard","has-post-thumbnail","hentry","category-arkiv-artiklar","category-artiklar"],"yoast_head":"<!-- This site is optimized with the Yoast SEO Premium plugin v26.2 (Yoast SEO v28.2) - https:\/\/yoast.com\/product\/yoast-seo-premium-wordpress\/ -->\n<title>Svenska kyrkan i Fuengirola forts\u00e4tter 2012 - Svenska Magasinet<\/title>\n<meta name=\"robots\" content=\"noindex, follow, max-snippet:-1, max-image-preview:large, max-video-preview:-1\" \/>\n<meta property=\"og:locale\" content=\"sv_SE\" \/>\n<meta property=\"og:type\" content=\"article\" \/>\n<meta property=\"og:title\" content=\"Svenska kyrkan i Fuengirola forts\u00e4tter 2012\" \/>\n<meta property=\"og:description\" content=\"Vid en extra kyrkost\u00e4mma den 31 oktober togs beslutet att \u201dIglesisa Sueca de la Costa del Sol\u201d forts\u00e4tter sin verksamhet \u00e4ven under n\u00e4sta \u00e5r 2012. Av Ola Josefsson Det blir Svenska kyrkof\u00f6reningen p\u00e5 Costa del Sol som f\u00e5r det \u00f6vergripande ansvaret kring ekonomin medan kyrkoherden i Torrevieja har det pastorala ansvaret vilket \u00e4ven kan komma [&hellip;]\" \/>\n<meta property=\"og:url\" content=\"https:\/\/lightweb.dev\/l\/svm-temp\/artiklar\/svenska-kyrkan-i-fuengirola-fortsatter-2012\/\" \/>\n<meta property=\"og:site_name\" content=\"Svenska Magasinet\" \/>\n<meta property=\"article:publisher\" content=\"https:\/\/www.facebook.com\/svenskamagasinet\" \/>\n<meta property=\"article:published_time\" content=\"2011-11-13T23:00:00+00:00\" \/>\n<meta property=\"og:image\" content=\"https:\/\/lightweb.dev\/l\/svm-temp\/wp-content\/uploads\/2022\/04\/svenska-kyrkan-i-fuengirola-fortstter-2012.png\" \/>\n\t<meta property=\"og:image:width\" content=\"280\" \/>\n\t<meta property=\"og:image:height\" content=\"210\" \/>\n\t<meta property=\"og:image:type\" content=\"image\/png\" \/>\n<meta name=\"author\" content=\"Redaktionen SvM\" \/>\n<meta name=\"twitter:card\" content=\"summary_large_image\" \/>\n<meta name=\"twitter:creator\" content=\"@SvenskaMagasine\" \/>\n<meta name=\"twitter:site\" content=\"@SvenskaMagasine\" \/>\n<script type=\"application\/ld+json\" class=\"yoast-schema-graph\">{\"@context\":\"https:\\\/\\\/schema.org\",\"@graph\":[{\"@type\":\"Article\",\"@id\":\"https:\\\/\\\/lightweb.dev\\\/l\\\/svm-temp\\\/artiklar\\\/svenska-kyrkan-i-fuengirola-fortsatter-2012\\\/#article\",\"isPartOf\":{\"@id\":\"https:\\\/\\\/lightweb.dev\\\/l\\\/svm-temp\\\/artiklar\\\/svenska-kyrkan-i-fuengirola-fortsatter-2012\\\/\"},\"author\":{\"name\":\"Redaktionen SvM\",\"@id\":\"https:\\\/\\\/lightweb.dev\\\/l\\\/svm-temp\\\/#\\\/schema\\\/person\\\/206a3bda5b607b0c25e1749191e4d837\"},\"headline\":\"Svenska kyrkan i Fuengirola forts\u00e4tter 2012\",\"datePublished\":\"2011-11-13T23:00:00+00:00\",\"mainEntityOfPage\":{\"@id\":\"https:\\\/\\\/lightweb.dev\\\/l\\\/svm-temp\\\/artiklar\\\/svenska-kyrkan-i-fuengirola-fortsatter-2012\\\/\"},\"wordCount\":667,\"commentCount\":0,\"publisher\":{\"@id\":\"https:\\\/\\\/lightweb.dev\\\/l\\\/svm-temp\\\/#organization\"},\"image\":{\"@id\":\"https:\\\/\\\/lightweb.dev\\\/l\\\/svm-temp\\\/artiklar\\\/svenska-kyrkan-i-fuengirola-fortsatter-2012\\\/#primaryimage\"},\"thumbnailUrl\":\"https:\\\/\\\/lightweb.dev\\\/l\\\/svm-temp\\\/wp-content\\\/uploads\\\/2022\\\/04\\\/svenska-kyrkan-i-fuengirola-fortstter-2012.png\",\"articleSection\":[\"Arkiv\",\"Artiklar\"],\"inLanguage\":\"sv-SE\"},{\"@type\":\"WebPage\",\"@id\":\"https:\\\/\\\/lightweb.dev\\\/l\\\/svm-temp\\\/artiklar\\\/svenska-kyrkan-i-fuengirola-fortsatter-2012\\\/\",\"url\":\"https:\\\/\\\/lightweb.dev\\\/l\\\/svm-temp\\\/artiklar\\\/svenska-kyrkan-i-fuengirola-fortsatter-2012\\\/\",\"name\":\"Svenska kyrkan i Fuengirola forts\u00e4tter 2012 - Svenska Magasinet\",\"isPartOf\":{\"@id\":\"https:\\\/\\\/lightweb.dev\\\/l\\\/svm-temp\\\/#website\"},\"primaryImageOfPage\":{\"@id\":\"https:\\\/\\\/lightweb.dev\\\/l\\\/svm-temp\\\/artiklar\\\/svenska-kyrkan-i-fuengirola-fortsatter-2012\\\/#primaryimage\"},\"image\":{\"@id\":\"https:\\\/\\\/lightweb.dev\\\/l\\\/svm-temp\\\/artiklar\\\/svenska-kyrkan-i-fuengirola-fortsatter-2012\\\/#primaryimage\"},\"thumbnailUrl\":\"https:\\\/\\\/lightweb.dev\\\/l\\\/svm-temp\\\/wp-content\\\/uploads\\\/2022\\\/04\\\/svenska-kyrkan-i-fuengirola-fortstter-2012.png\",\"datePublished\":\"2011-11-13T23:00:00+00:00\",\"breadcrumb\":{\"@id\":\"https:\\\/\\\/lightweb.dev\\\/l\\\/svm-temp\\\/artiklar\\\/svenska-kyrkan-i-fuengirola-fortsatter-2012\\\/#breadcrumb\"},\"inLanguage\":\"sv-SE\",\"potentialAction\":[{\"@type\":\"ReadAction\",\"target\":[\"https:\\\/\\\/lightweb.dev\\\/l\\\/svm-temp\\\/artiklar\\\/svenska-kyrkan-i-fuengirola-fortsatter-2012\\\/\"]}]},{\"@type\":\"ImageObject\",\"inLanguage\":\"sv-SE\",\"@id\":\"https:\\\/\\\/lightweb.dev\\\/l\\\/svm-temp\\\/artiklar\\\/svenska-kyrkan-i-fuengirola-fortsatter-2012\\\/#primaryimage\",\"url\":\"https:\\\/\\\/lightweb.dev\\\/l\\\/svm-temp\\\/wp-content\\\/uploads\\\/2022\\\/04\\\/svenska-kyrkan-i-fuengirola-fortstter-2012.png\",\"contentUrl\":\"https:\\\/\\\/lightweb.dev\\\/l\\\/svm-temp\\\/wp-content\\\/uploads\\\/2022\\\/04\\\/svenska-kyrkan-i-fuengirola-fortstter-2012.png\",\"width\":280,\"height\":210},{\"@type\":\"BreadcrumbList\",\"@id\":\"https:\\\/\\\/lightweb.dev\\\/l\\\/svm-temp\\\/artiklar\\\/svenska-kyrkan-i-fuengirola-fortsatter-2012\\\/#breadcrumb\",\"itemListElement\":[{\"@type\":\"ListItem\",\"position\":1,\"name\":\"Hem\",\"item\":\"https:\\\/\\\/lightweb.dev\\\/l\\\/svm-temp\\\/\"},{\"@type\":\"ListItem\",\"position\":2,\"name\":\"Svenska kyrkan i Fuengirola forts\u00e4tter 2012\"}]},{\"@type\":\"WebSite\",\"@id\":\"https:\\\/\\\/lightweb.dev\\\/l\\\/svm-temp\\\/#website\",\"url\":\"https:\\\/\\\/lightweb.dev\\\/l\\\/svm-temp\\\/\",\"name\":\"Svenska Magasinet\",\"description\":\"Dina Spanska nyheter p&aring; Svenska\",\"publisher\":{\"@id\":\"https:\\\/\\\/lightweb.dev\\\/l\\\/svm-temp\\\/#organization\"},\"potentialAction\":[{\"@type\":\"SearchAction\",\"target\":{\"@type\":\"EntryPoint\",\"urlTemplate\":\"https:\\\/\\\/lightweb.dev\\\/l\\\/svm-temp\\\/?s={search_term_string}\"},\"query-input\":{\"@type\":\"PropertyValueSpecification\",\"valueRequired\":true,\"valueName\":\"search_term_string\"}}],\"inLanguage\":\"sv-SE\"},{\"@type\":\"Organization\",\"@id\":\"https:\\\/\\\/lightweb.dev\\\/l\\\/svm-temp\\\/#organization\",\"name\":\"Melkerson y Nott SL\",\"alternateName\":\"Svenska Magasinet\",\"url\":\"https:\\\/\\\/lightweb.dev\\\/l\\\/svm-temp\\\/\",\"logo\":{\"@type\":\"ImageObject\",\"inLanguage\":\"sv-SE\",\"@id\":\"https:\\\/\\\/lightweb.dev\\\/l\\\/svm-temp\\\/#\\\/schema\\\/logo\\\/image\\\/\",\"url\":\"https:\\\/\\\/lightweb.dev\\\/l\\\/svm-temp\\\/wp-content\\\/uploads\\\/2025\\\/02\\\/SvM-logo-Xtra-Centrerad-SVART.png\",\"contentUrl\":\"https:\\\/\\\/lightweb.dev\\\/l\\\/svm-temp\\\/wp-content\\\/uploads\\\/2025\\\/02\\\/SvM-logo-Xtra-Centrerad-SVART.png\",\"width\":300,\"height\":99,\"caption\":\"Melkerson y Nott SL\"},\"image\":{\"@id\":\"https:\\\/\\\/lightweb.dev\\\/l\\\/svm-temp\\\/#\\\/schema\\\/logo\\\/image\\\/\"},\"sameAs\":[\"https:\\\/\\\/www.facebook.com\\\/svenskamagasinet\",\"https:\\\/\\\/x.com\\\/SvenskaMagasine\"]},{\"@type\":\"Person\",\"@id\":\"https:\\\/\\\/lightweb.dev\\\/l\\\/svm-temp\\\/#\\\/schema\\\/person\\\/206a3bda5b607b0c25e1749191e4d837\",\"name\":\"Redaktionen SvM\",\"description\":\"Redaktionen\",\"sameAs\":[\"https:\\\/\\\/lightweb.dev\\\/l\\\/svm-temp\"],\"url\":\"https:\\\/\\\/lightweb.dev\\\/l\\\/svm-temp\\\/reporter\\\/redaktionen\\\/\"}]}<\/script>\n<!-- \/ Yoast SEO Premium plugin. -->","yoast_head_json":{"title":"Svenska kyrkan i Fuengirola forts\u00e4tter 2012 - Svenska Magasinet","robots":{"index":"noindex","follow":"follow","max-snippet":"max-snippet:-1","max-image-preview":"max-image-preview:large","max-video-preview":"max-video-preview:-1"},"og_locale":"sv_SE","og_type":"article","og_title":"Svenska kyrkan i Fuengirola forts\u00e4tter 2012","og_description":"Vid en extra kyrkost\u00e4mma den 31 oktober togs beslutet att \u201dIglesisa Sueca de la Costa del Sol\u201d forts\u00e4tter sin verksamhet \u00e4ven under n\u00e4sta \u00e5r 2012. Av Ola Josefsson Det blir Svenska kyrkof\u00f6reningen p\u00e5 Costa del Sol som f\u00e5r det \u00f6vergripande ansvaret kring ekonomin medan kyrkoherden i Torrevieja har det pastorala ansvaret vilket \u00e4ven kan komma [&hellip;]","og_url":"https:\/\/lightweb.dev\/l\/svm-temp\/artiklar\/svenska-kyrkan-i-fuengirola-fortsatter-2012\/","og_site_name":"Svenska Magasinet","article_publisher":"https:\/\/www.facebook.com\/svenskamagasinet","article_published_time":"2011-11-13T23:00:00+00:00","og_image":[{"width":280,"height":210,"url":"https:\/\/lightweb.dev\/l\/svm-temp\/wp-content\/uploads\/2022\/04\/svenska-kyrkan-i-fuengirola-fortstter-2012.png","type":"image\/png"}],"author":"Redaktionen SvM","twitter_card":"summary_large_image","twitter_creator":"@SvenskaMagasine","twitter_site":"@SvenskaMagasine","schema":{"@context":"https:\/\/schema.org","@graph":[{"@type":"Article","@id":"https:\/\/lightweb.dev\/l\/svm-temp\/artiklar\/svenska-kyrkan-i-fuengirola-fortsatter-2012\/#article","isPartOf":{"@id":"https:\/\/lightweb.dev\/l\/svm-temp\/artiklar\/svenska-kyrkan-i-fuengirola-fortsatter-2012\/"},"author":{"name":"Redaktionen SvM","@id":"https:\/\/lightweb.dev\/l\/svm-temp\/#\/schema\/person\/206a3bda5b607b0c25e1749191e4d837"},"headline":"Svenska kyrkan i Fuengirola forts\u00e4tter 2012","datePublished":"2011-11-13T23:00:00+00:00","mainEntityOfPage":{"@id":"https:\/\/lightweb.dev\/l\/svm-temp\/artiklar\/svenska-kyrkan-i-fuengirola-fortsatter-2012\/"},"wordCount":667,"commentCount":0,"publisher":{"@id":"https:\/\/lightweb.dev\/l\/svm-temp\/#organization"},"image":{"@id":"https:\/\/lightweb.dev\/l\/svm-temp\/artiklar\/svenska-kyrkan-i-fuengirola-fortsatter-2012\/#primaryimage"},"thumbnailUrl":"https:\/\/lightweb.dev\/l\/svm-temp\/wp-content\/uploads\/2022\/04\/svenska-kyrkan-i-fuengirola-fortstter-2012.png","articleSection":["Arkiv","Artiklar"],"inLanguage":"sv-SE"},{"@type":"WebPage","@id":"https:\/\/lightweb.dev\/l\/svm-temp\/artiklar\/svenska-kyrkan-i-fuengirola-fortsatter-2012\/","url":"https:\/\/lightweb.dev\/l\/svm-temp\/artiklar\/svenska-kyrkan-i-fuengirola-fortsatter-2012\/","name":"Svenska kyrkan i Fuengirola forts\u00e4tter 2012 - Svenska Magasinet","isPartOf":{"@id":"https:\/\/lightweb.dev\/l\/svm-temp\/#website"},"primaryImageOfPage":{"@id":"https:\/\/lightweb.dev\/l\/svm-temp\/artiklar\/svenska-kyrkan-i-fuengirola-fortsatter-2012\/#primaryimage"},"image":{"@id":"https:\/\/lightweb.dev\/l\/svm-temp\/artiklar\/svenska-kyrkan-i-fuengirola-fortsatter-2012\/#primaryimage"},"thumbnailUrl":"https:\/\/lightweb.dev\/l\/svm-temp\/wp-content\/uploads\/2022\/04\/svenska-kyrkan-i-fuengirola-fortstter-2012.png","datePublished":"2011-11-13T23:00:00+00:00","breadcrumb":{"@id":"https:\/\/lightweb.dev\/l\/svm-temp\/artiklar\/svenska-kyrkan-i-fuengirola-fortsatter-2012\/#breadcrumb"},"inLanguage":"sv-SE","potentialAction":[{"@type":"ReadAction","target":["https:\/\/lightweb.dev\/l\/svm-temp\/artiklar\/svenska-kyrkan-i-fuengirola-fortsatter-2012\/"]}]},{"@type":"ImageObject","inLanguage":"sv-SE","@id":"https:\/\/lightweb.dev\/l\/svm-temp\/artiklar\/svenska-kyrkan-i-fuengirola-fortsatter-2012\/#primaryimage","url":"https:\/\/lightweb.dev\/l\/svm-temp\/wp-content\/uploads\/2022\/04\/svenska-kyrkan-i-fuengirola-fortstter-2012.png","contentUrl":"https:\/\/lightweb.dev\/l\/svm-temp\/wp-content\/uploads\/2022\/04\/svenska-kyrkan-i-fuengirola-fortstter-2012.png","width":280,"height":210},{"@type":"BreadcrumbList","@id":"https:\/\/lightweb.dev\/l\/svm-temp\/artiklar\/svenska-kyrkan-i-fuengirola-fortsatter-2012\/#breadcrumb","itemListElement":[{"@type":"ListItem","position":1,"name":"Hem","item":"https:\/\/lightweb.dev\/l\/svm-temp\/"},{"@type":"ListItem","position":2,"name":"Svenska kyrkan i Fuengirola forts\u00e4tter 2012"}]},{"@type":"WebSite","@id":"https:\/\/lightweb.dev\/l\/svm-temp\/#website","url":"https:\/\/lightweb.dev\/l\/svm-temp\/","name":"Svenska Magasinet","description":"Dina Spanska nyheter p&aring; Svenska","publisher":{"@id":"https:\/\/lightweb.dev\/l\/svm-temp\/#organization"},"potentialAction":[{"@type":"SearchAction","target":{"@type":"EntryPoint","urlTemplate":"https:\/\/lightweb.dev\/l\/svm-temp\/?s={search_term_string}"},"query-input":{"@type":"PropertyValueSpecification","valueRequired":true,"valueName":"search_term_string"}}],"inLanguage":"sv-SE"},{"@type":"Organization","@id":"https:\/\/lightweb.dev\/l\/svm-temp\/#organization","name":"Melkerson y Nott SL","alternateName":"Svenska Magasinet","url":"https:\/\/lightweb.dev\/l\/svm-temp\/","logo":{"@type":"ImageObject","inLanguage":"sv-SE","@id":"https:\/\/lightweb.dev\/l\/svm-temp\/#\/schema\/logo\/image\/","url":"https:\/\/lightweb.dev\/l\/svm-temp\/wp-content\/uploads\/2025\/02\/SvM-logo-Xtra-Centrerad-SVART.png","contentUrl":"https:\/\/lightweb.dev\/l\/svm-temp\/wp-content\/uploads\/2025\/02\/SvM-logo-Xtra-Centrerad-SVART.png","width":300,"height":99,"caption":"Melkerson y Nott SL"},"image":{"@id":"https:\/\/lightweb.dev\/l\/svm-temp\/#\/schema\/logo\/image\/"},"sameAs":["https:\/\/www.facebook.com\/svenskamagasinet","https:\/\/x.com\/SvenskaMagasine"]},{"@type":"Person","@id":"https:\/\/lightweb.dev\/l\/svm-temp\/#\/schema\/person\/206a3bda5b607b0c25e1749191e4d837","name":"Redaktionen SvM","description":"Redaktionen","sameAs":["https:\/\/lightweb.dev\/l\/svm-temp"],"url":"https:\/\/lightweb.dev\/l\/svm-temp\/reporter\/redaktionen\/"}]}},"_links":{"self":[{"href":"https:\/\/lightweb.dev\/l\/svm-temp\/wp-json\/wp\/v2\/posts\/3973","targetHints":{"allow":["GET"]}}],"collection":[{"href":"https:\/\/lightweb.dev\/l\/svm-temp\/wp-json\/wp\/v2\/posts"}],"about":[{"href":"https:\/\/lightweb.dev\/l\/svm-temp\/wp-json\/wp\/v2\/types\/post"}],"author":[{"embeddable":true,"href":"https:\/\/lightweb.dev\/l\/svm-temp\/wp-json\/wp\/v2\/users\/8"}],"replies":[{"embeddable":true,"href":"https:\/\/lightweb.dev\/l\/svm-temp\/wp-json\/wp\/v2\/comments?post=3973"}],"version-history":[{"count":0,"href":"https:\/\/lightweb.dev\/l\/svm-temp\/wp-json\/wp\/v2\/posts\/3973\/revisions"}],"wp:featuredmedia":[{"embeddable":true,"href":"https:\/\/lightweb.dev\/l\/svm-temp\/wp-json\/wp\/v2\/media\/3974"}],"wp:attachment":[{"href":"https:\/\/lightweb.dev\/l\/svm-temp\/wp-json\/wp\/v2\/media?parent=3973"}],"wp:term":[{"taxonomy":"category","embeddable":true,"href":"https:\/\/lightweb.dev\/l\/svm-temp\/wp-json\/wp\/v2\/categories?post=3973"},{"taxonomy":"post_tag","embeddable":true,"href":"https:\/\/lightweb.dev\/l\/svm-temp\/wp-json\/wp\/v2\/tags?post=3973"}],"curies":[{"name":"wp","href":"https:\/\/api.w.org\/{rel}","templated":true}]}}