{"id":3976,"date":"2011-11-14T00:00:00","date_gmt":"2011-11-13T23:00:00","guid":{"rendered":"https:\/\/lightweb.dev\/l\/svm-temp\/tra-sten-forstarker-resurserna\/"},"modified":"2011-11-14T00:00:00","modified_gmt":"2011-11-13T23:00:00","slug":"tra-sten-forstarker-resurserna","status":"publish","type":"post","link":"https:\/\/lightweb.dev\/l\/svm-temp\/artiklar\/tra-sten-forstarker-resurserna\/","title":{"rendered":"Tr\u00e4 &#x26; Sten f\u00f6rst\u00e4rker resurserna"},"content":{"rendered":"<p> Tr\u00e4 &#038; Sten homeimprovement startades 2005 \u00e4r i dag ett v\u00e4lrenomerat f\u00f6retag p\u00e5 Costa del Sol och har hittills genomf\u00f6rt ett par hundra projekt. \u2013 Nu satsar vi \u00e4nnu h\u00e5rdare f\u00f6r att tillm\u00f6tesg\u00e5  v\u00e5ra kunders krav &#038; \u00f6nskningar, s\u00e4ger Peter Brodin.<br \/>\nRobert N\u00e4vermyr flyttade ner fr\u00e5n Sverige f\u00f6r cirka en m\u00e5nads sedan f\u00f6r att utg\u00f6ra en f\u00f6rst\u00e4rkning i Tr\u00e4 &#038; Sten homeimprovement\u00b4s satsning inf\u00f6r framtiden.<br \/>\nRobert kommer fr\u00e5n  Helsingborg och har jobbat med projektledning de senaste 15 \u00e5ren mot b\u00e5de den privata &#038; den offentliga sektorn. Peter &#038; Robert har k\u00e4nt varandra i \u00f6ver tio \u00e5r och har under ett par \u00e5r f\u00f6rt en diskussion om ett samarbete. Nu \u00e4r det verklighet och b\u00e5de Peter &#038; Robert ser med tillf\u00f6rsikt p\u00e5 framtiden.<br \/>\nNya rutiner har skapats f\u00f6r att ge en ytterligare b\u00e4ttre struktur p\u00e5  allt fr\u00e5n dokumenten som vi arbetar med till genomf\u00f6randet av projekten. Vi hj\u00e4lper v\u00e5ra kunder med att genomf\u00f6ra och sk\u00f6ta arbetet f\u00f6r ans\u00f6kan om ROT \u2013 avdrag. Kunden skall k\u00e4nna att det \u00e4r lika enkelt som i Sverige.<br \/>\nTr\u00e4 &#038; Sten har ett stort team med yrkesskickliga hantverkare som egna snickare, platts\u00e4ttare, r\u00f6rmokare samt elektriker.<br \/>\nPeter ber\u00e4ttar att Tr\u00e4 &#038; Sten home improvement S.L hj\u00e4lper sina kunder med allt fr\u00e5n det lilla till totalrenoveringar av deras boende.<br \/>\n\u2013 Materialet vi anv\u00e4nder oss mycket av vid renoveringarna  \u00e4r naturmaterial s\u00e5 som tr\u00e4 golv och naturstenen travertin som vi importerar direkt fr\u00e5n sten brotten i Turkiet.<br \/>\n\u2013 N\u00e4r det g\u00e4ller \u00f6vriga materialval s\u00e5 arbetar vi med alla leverant\u00f6rer, b\u00e5de n\u00e4r det g\u00e4ller badrumsleverant\u00f6rer och  k\u00f6ksleverant\u00f6rer, d\u00e4r vi bland annat \u00e4r \u00e5terf\u00f6rs\u00e4ljare av alla k\u00e4nda vitvaru m\u00e4rken.<br \/>\nVi g\u00f6r \u00e4ven en hel del nyckel f\u00e4rdiga projekt, d\u00e4r vi ombes\u00f6rjer allt fr\u00e5n renoveringen till att vi  inreder och stylar efter kunders \u00f6nskem\u00e5l.<br \/>\nKontakt:<br \/>\nwww.tra-sten.com<br \/>\nCalle Las Malvas 60<br \/>\n29660 Nueva Andalucia<br \/>\nMarbella, Malaga<br \/>\nTel: 952 90 70 20<br \/>\nE-mail: contact@tra-sten.com<br \/>\n\u00d6ppet: M\u00e5n-fred 10- 20.<br \/>\nL\u00f6rdag 11- 16. <\/p>\n","protected":false},"excerpt":{"rendered":"<p>Tr\u00e4 &#038; Sten homeimprovement startades 2005 \u00e4r i dag ett v\u00e4lrenomerat f\u00f6retag p\u00e5 Costa del Sol och har hittills genomf\u00f6rt ett par hundra projekt. \u2013 Nu satsar vi \u00e4nnu h\u00e5rdare f\u00f6r att tillm\u00f6tesg\u00e5 v\u00e5ra kunders krav &#038; \u00f6nskningar, s\u00e4ger Peter Brodin. Robert N\u00e4vermyr flyttade ner fr\u00e5n Sverige f\u00f6r cirka en m\u00e5nads sedan f\u00f6r att utg\u00f6ra [&hellip;]<\/p>\n","protected":false},"author":8,"featured_media":0,"comment_status":"open","ping_status":"open","sticky":false,"template":"","format":"standard","meta":{"_et_pb_use_builder":"","_et_pb_old_content":"","_et_gb_content_width":"","footnotes":""},"categories":[396,4],"tags":[],"class_list":["post-3976","post","type-post","status-publish","format-standard","hentry","category-arkiv-artiklar","category-artiklar"],"yoast_head":"<!-- This site is optimized with the Yoast SEO Premium plugin v26.2 (Yoast SEO v28.2) - https:\/\/yoast.com\/product\/yoast-seo-premium-wordpress\/ -->\n<title>Tr\u00e4 &#x26; Sten f\u00f6rst\u00e4rker resurserna - Svenska Magasinet<\/title>\n<meta name=\"robots\" content=\"noindex, follow, max-snippet:-1, max-image-preview:large, max-video-preview:-1\" \/>\n<meta property=\"og:locale\" content=\"sv_SE\" \/>\n<meta property=\"og:type\" content=\"article\" \/>\n<meta property=\"og:title\" content=\"Tr\u00e4 &#x26; Sten f\u00f6rst\u00e4rker resurserna\" \/>\n<meta property=\"og:description\" content=\"Tr\u00e4 &#038; Sten homeimprovement startades 2005 \u00e4r i dag ett v\u00e4lrenomerat f\u00f6retag p\u00e5 Costa del Sol och har hittills genomf\u00f6rt ett par hundra projekt. \u2013 Nu satsar vi \u00e4nnu h\u00e5rdare f\u00f6r att tillm\u00f6tesg\u00e5 v\u00e5ra kunders krav &#038; \u00f6nskningar, s\u00e4ger Peter Brodin. Robert N\u00e4vermyr flyttade ner fr\u00e5n Sverige f\u00f6r cirka en m\u00e5nads sedan f\u00f6r att utg\u00f6ra [&hellip;]\" \/>\n<meta property=\"og:url\" content=\"https:\/\/lightweb.dev\/l\/svm-temp\/artiklar\/tra-sten-forstarker-resurserna\/\" \/>\n<meta property=\"og:site_name\" content=\"Svenska Magasinet\" \/>\n<meta property=\"article:publisher\" content=\"https:\/\/www.facebook.com\/svenskamagasinet\" \/>\n<meta property=\"article:published_time\" content=\"2011-11-13T23:00:00+00:00\" \/>\n<meta name=\"author\" content=\"Redaktionen SvM\" \/>\n<meta name=\"twitter:card\" content=\"summary_large_image\" \/>\n<meta name=\"twitter:creator\" content=\"@SvenskaMagasine\" \/>\n<meta name=\"twitter:site\" content=\"@SvenskaMagasine\" \/>\n<script type=\"application\/ld+json\" class=\"yoast-schema-graph\">{\"@context\":\"https:\\\/\\\/schema.org\",\"@graph\":[{\"@type\":\"Article\",\"@id\":\"https:\\\/\\\/lightweb.dev\\\/l\\\/svm-temp\\\/artiklar\\\/tra-sten-forstarker-resurserna\\\/#article\",\"isPartOf\":{\"@id\":\"https:\\\/\\\/lightweb.dev\\\/l\\\/svm-temp\\\/artiklar\\\/tra-sten-forstarker-resurserna\\\/\"},\"author\":{\"name\":\"Redaktionen SvM\",\"@id\":\"https:\\\/\\\/lightweb.dev\\\/l\\\/svm-temp\\\/#\\\/schema\\\/person\\\/206a3bda5b607b0c25e1749191e4d837\"},\"headline\":\"Tr\u00e4 &#x26; Sten f\u00f6rst\u00e4rker resurserna\",\"datePublished\":\"2011-11-13T23:00:00+00:00\",\"mainEntityOfPage\":{\"@id\":\"https:\\\/\\\/lightweb.dev\\\/l\\\/svm-temp\\\/artiklar\\\/tra-sten-forstarker-resurserna\\\/\"},\"wordCount\":371,\"commentCount\":0,\"publisher\":{\"@id\":\"https:\\\/\\\/lightweb.dev\\\/l\\\/svm-temp\\\/#organization\"},\"articleSection\":[\"Arkiv\",\"Artiklar\"],\"inLanguage\":\"sv-SE\"},{\"@type\":\"WebPage\",\"@id\":\"https:\\\/\\\/lightweb.dev\\\/l\\\/svm-temp\\\/artiklar\\\/tra-sten-forstarker-resurserna\\\/\",\"url\":\"https:\\\/\\\/lightweb.dev\\\/l\\\/svm-temp\\\/artiklar\\\/tra-sten-forstarker-resurserna\\\/\",\"name\":\"Tr\u00e4 &#x26; Sten f\u00f6rst\u00e4rker resurserna - Svenska Magasinet\",\"isPartOf\":{\"@id\":\"https:\\\/\\\/lightweb.dev\\\/l\\\/svm-temp\\\/#website\"},\"datePublished\":\"2011-11-13T23:00:00+00:00\",\"breadcrumb\":{\"@id\":\"https:\\\/\\\/lightweb.dev\\\/l\\\/svm-temp\\\/artiklar\\\/tra-sten-forstarker-resurserna\\\/#breadcrumb\"},\"inLanguage\":\"sv-SE\",\"potentialAction\":[{\"@type\":\"ReadAction\",\"target\":[\"https:\\\/\\\/lightweb.dev\\\/l\\\/svm-temp\\\/artiklar\\\/tra-sten-forstarker-resurserna\\\/\"]}]},{\"@type\":\"BreadcrumbList\",\"@id\":\"https:\\\/\\\/lightweb.dev\\\/l\\\/svm-temp\\\/artiklar\\\/tra-sten-forstarker-resurserna\\\/#breadcrumb\",\"itemListElement\":[{\"@type\":\"ListItem\",\"position\":1,\"name\":\"Hem\",\"item\":\"https:\\\/\\\/lightweb.dev\\\/l\\\/svm-temp\\\/\"},{\"@type\":\"ListItem\",\"position\":2,\"name\":\"Tr\u00e4 &#x26; Sten f\u00f6rst\u00e4rker resurserna\"}]},{\"@type\":\"WebSite\",\"@id\":\"https:\\\/\\\/lightweb.dev\\\/l\\\/svm-temp\\\/#website\",\"url\":\"https:\\\/\\\/lightweb.dev\\\/l\\\/svm-temp\\\/\",\"name\":\"Svenska Magasinet\",\"description\":\"Dina Spanska nyheter p&aring; Svenska\",\"publisher\":{\"@id\":\"https:\\\/\\\/lightweb.dev\\\/l\\\/svm-temp\\\/#organization\"},\"potentialAction\":[{\"@type\":\"SearchAction\",\"target\":{\"@type\":\"EntryPoint\",\"urlTemplate\":\"https:\\\/\\\/lightweb.dev\\\/l\\\/svm-temp\\\/?s={search_term_string}\"},\"query-input\":{\"@type\":\"PropertyValueSpecification\",\"valueRequired\":true,\"valueName\":\"search_term_string\"}}],\"inLanguage\":\"sv-SE\"},{\"@type\":\"Organization\",\"@id\":\"https:\\\/\\\/lightweb.dev\\\/l\\\/svm-temp\\\/#organization\",\"name\":\"Melkerson y Nott SL\",\"alternateName\":\"Svenska Magasinet\",\"url\":\"https:\\\/\\\/lightweb.dev\\\/l\\\/svm-temp\\\/\",\"logo\":{\"@type\":\"ImageObject\",\"inLanguage\":\"sv-SE\",\"@id\":\"https:\\\/\\\/lightweb.dev\\\/l\\\/svm-temp\\\/#\\\/schema\\\/logo\\\/image\\\/\",\"url\":\"https:\\\/\\\/lightweb.dev\\\/l\\\/svm-temp\\\/wp-content\\\/uploads\\\/2025\\\/02\\\/SvM-logo-Xtra-Centrerad-SVART.png\",\"contentUrl\":\"https:\\\/\\\/lightweb.dev\\\/l\\\/svm-temp\\\/wp-content\\\/uploads\\\/2025\\\/02\\\/SvM-logo-Xtra-Centrerad-SVART.png\",\"width\":300,\"height\":99,\"caption\":\"Melkerson y Nott SL\"},\"image\":{\"@id\":\"https:\\\/\\\/lightweb.dev\\\/l\\\/svm-temp\\\/#\\\/schema\\\/logo\\\/image\\\/\"},\"sameAs\":[\"https:\\\/\\\/www.facebook.com\\\/svenskamagasinet\",\"https:\\\/\\\/x.com\\\/SvenskaMagasine\"]},{\"@type\":\"Person\",\"@id\":\"https:\\\/\\\/lightweb.dev\\\/l\\\/svm-temp\\\/#\\\/schema\\\/person\\\/206a3bda5b607b0c25e1749191e4d837\",\"name\":\"Redaktionen SvM\",\"description\":\"Redaktionen\",\"sameAs\":[\"https:\\\/\\\/lightweb.dev\\\/l\\\/svm-temp\"],\"url\":\"https:\\\/\\\/lightweb.dev\\\/l\\\/svm-temp\\\/reporter\\\/redaktionen\\\/\"}]}<\/script>\n<!-- \/ Yoast SEO Premium plugin. -->","yoast_head_json":{"title":"Tr\u00e4 &#x26; Sten f\u00f6rst\u00e4rker resurserna - Svenska Magasinet","robots":{"index":"noindex","follow":"follow","max-snippet":"max-snippet:-1","max-image-preview":"max-image-preview:large","max-video-preview":"max-video-preview:-1"},"og_locale":"sv_SE","og_type":"article","og_title":"Tr\u00e4 &#x26; Sten f\u00f6rst\u00e4rker resurserna","og_description":"Tr\u00e4 &#038; Sten homeimprovement startades 2005 \u00e4r i dag ett v\u00e4lrenomerat f\u00f6retag p\u00e5 Costa del Sol och har hittills genomf\u00f6rt ett par hundra projekt. \u2013 Nu satsar vi \u00e4nnu h\u00e5rdare f\u00f6r att tillm\u00f6tesg\u00e5 v\u00e5ra kunders krav &#038; \u00f6nskningar, s\u00e4ger Peter Brodin. Robert N\u00e4vermyr flyttade ner fr\u00e5n Sverige f\u00f6r cirka en m\u00e5nads sedan f\u00f6r att utg\u00f6ra [&hellip;]","og_url":"https:\/\/lightweb.dev\/l\/svm-temp\/artiklar\/tra-sten-forstarker-resurserna\/","og_site_name":"Svenska Magasinet","article_publisher":"https:\/\/www.facebook.com\/svenskamagasinet","article_published_time":"2011-11-13T23:00:00+00:00","author":"Redaktionen SvM","twitter_card":"summary_large_image","twitter_creator":"@SvenskaMagasine","twitter_site":"@SvenskaMagasine","schema":{"@context":"https:\/\/schema.org","@graph":[{"@type":"Article","@id":"https:\/\/lightweb.dev\/l\/svm-temp\/artiklar\/tra-sten-forstarker-resurserna\/#article","isPartOf":{"@id":"https:\/\/lightweb.dev\/l\/svm-temp\/artiklar\/tra-sten-forstarker-resurserna\/"},"author":{"name":"Redaktionen SvM","@id":"https:\/\/lightweb.dev\/l\/svm-temp\/#\/schema\/person\/206a3bda5b607b0c25e1749191e4d837"},"headline":"Tr\u00e4 &#x26; Sten f\u00f6rst\u00e4rker resurserna","datePublished":"2011-11-13T23:00:00+00:00","mainEntityOfPage":{"@id":"https:\/\/lightweb.dev\/l\/svm-temp\/artiklar\/tra-sten-forstarker-resurserna\/"},"wordCount":371,"commentCount":0,"publisher":{"@id":"https:\/\/lightweb.dev\/l\/svm-temp\/#organization"},"articleSection":["Arkiv","Artiklar"],"inLanguage":"sv-SE"},{"@type":"WebPage","@id":"https:\/\/lightweb.dev\/l\/svm-temp\/artiklar\/tra-sten-forstarker-resurserna\/","url":"https:\/\/lightweb.dev\/l\/svm-temp\/artiklar\/tra-sten-forstarker-resurserna\/","name":"Tr\u00e4 &#x26; Sten f\u00f6rst\u00e4rker resurserna - Svenska Magasinet","isPartOf":{"@id":"https:\/\/lightweb.dev\/l\/svm-temp\/#website"},"datePublished":"2011-11-13T23:00:00+00:00","breadcrumb":{"@id":"https:\/\/lightweb.dev\/l\/svm-temp\/artiklar\/tra-sten-forstarker-resurserna\/#breadcrumb"},"inLanguage":"sv-SE","potentialAction":[{"@type":"ReadAction","target":["https:\/\/lightweb.dev\/l\/svm-temp\/artiklar\/tra-sten-forstarker-resurserna\/"]}]},{"@type":"BreadcrumbList","@id":"https:\/\/lightweb.dev\/l\/svm-temp\/artiklar\/tra-sten-forstarker-resurserna\/#breadcrumb","itemListElement":[{"@type":"ListItem","position":1,"name":"Hem","item":"https:\/\/lightweb.dev\/l\/svm-temp\/"},{"@type":"ListItem","position":2,"name":"Tr\u00e4 &#x26; Sten f\u00f6rst\u00e4rker resurserna"}]},{"@type":"WebSite","@id":"https:\/\/lightweb.dev\/l\/svm-temp\/#website","url":"https:\/\/lightweb.dev\/l\/svm-temp\/","name":"Svenska Magasinet","description":"Dina Spanska nyheter p&aring; Svenska","publisher":{"@id":"https:\/\/lightweb.dev\/l\/svm-temp\/#organization"},"potentialAction":[{"@type":"SearchAction","target":{"@type":"EntryPoint","urlTemplate":"https:\/\/lightweb.dev\/l\/svm-temp\/?s={search_term_string}"},"query-input":{"@type":"PropertyValueSpecification","valueRequired":true,"valueName":"search_term_string"}}],"inLanguage":"sv-SE"},{"@type":"Organization","@id":"https:\/\/lightweb.dev\/l\/svm-temp\/#organization","name":"Melkerson y Nott SL","alternateName":"Svenska Magasinet","url":"https:\/\/lightweb.dev\/l\/svm-temp\/","logo":{"@type":"ImageObject","inLanguage":"sv-SE","@id":"https:\/\/lightweb.dev\/l\/svm-temp\/#\/schema\/logo\/image\/","url":"https:\/\/lightweb.dev\/l\/svm-temp\/wp-content\/uploads\/2025\/02\/SvM-logo-Xtra-Centrerad-SVART.png","contentUrl":"https:\/\/lightweb.dev\/l\/svm-temp\/wp-content\/uploads\/2025\/02\/SvM-logo-Xtra-Centrerad-SVART.png","width":300,"height":99,"caption":"Melkerson y Nott SL"},"image":{"@id":"https:\/\/lightweb.dev\/l\/svm-temp\/#\/schema\/logo\/image\/"},"sameAs":["https:\/\/www.facebook.com\/svenskamagasinet","https:\/\/x.com\/SvenskaMagasine"]},{"@type":"Person","@id":"https:\/\/lightweb.dev\/l\/svm-temp\/#\/schema\/person\/206a3bda5b607b0c25e1749191e4d837","name":"Redaktionen SvM","description":"Redaktionen","sameAs":["https:\/\/lightweb.dev\/l\/svm-temp"],"url":"https:\/\/lightweb.dev\/l\/svm-temp\/reporter\/redaktionen\/"}]}},"_links":{"self":[{"href":"https:\/\/lightweb.dev\/l\/svm-temp\/wp-json\/wp\/v2\/posts\/3976","targetHints":{"allow":["GET"]}}],"collection":[{"href":"https:\/\/lightweb.dev\/l\/svm-temp\/wp-json\/wp\/v2\/posts"}],"about":[{"href":"https:\/\/lightweb.dev\/l\/svm-temp\/wp-json\/wp\/v2\/types\/post"}],"author":[{"embeddable":true,"href":"https:\/\/lightweb.dev\/l\/svm-temp\/wp-json\/wp\/v2\/users\/8"}],"replies":[{"embeddable":true,"href":"https:\/\/lightweb.dev\/l\/svm-temp\/wp-json\/wp\/v2\/comments?post=3976"}],"version-history":[{"count":0,"href":"https:\/\/lightweb.dev\/l\/svm-temp\/wp-json\/wp\/v2\/posts\/3976\/revisions"}],"wp:attachment":[{"href":"https:\/\/lightweb.dev\/l\/svm-temp\/wp-json\/wp\/v2\/media?parent=3976"}],"wp:term":[{"taxonomy":"category","embeddable":true,"href":"https:\/\/lightweb.dev\/l\/svm-temp\/wp-json\/wp\/v2\/categories?post=3976"},{"taxonomy":"post_tag","embeddable":true,"href":"https:\/\/lightweb.dev\/l\/svm-temp\/wp-json\/wp\/v2\/tags?post=3976"}],"curies":[{"name":"wp","href":"https:\/\/api.w.org\/{rel}","templated":true}]}}