{"id":3978,"date":"2011-11-09T00:00:00","date_gmt":"2011-11-08T23:00:00","guid":{"rendered":"https:\/\/lightweb.dev\/l\/svm-temp\/100-aringen-fixade-nytt-pass-och-tog-ett-nytt-kliv-till-solkusten\/"},"modified":"2011-11-09T00:00:00","modified_gmt":"2011-11-08T23:00:00","slug":"100-aringen-fixade-nytt-pass-och-tog-ett-nytt-kliv-till-solkusten","status":"publish","type":"post","link":"https:\/\/lightweb.dev\/l\/svm-temp\/artiklar\/100-aringen-fixade-nytt-pass-och-tog-ett-nytt-kliv-till-solkusten\/","title":{"rendered":"100-\u00e5ringen fixade nytt pass och tog ett nytt kliv till Solkusten"},"content":{"rendered":"<p> N\u00e4r Inga-Lisa Bandh skulle f\u00f6rnya sitt pass inf\u00f6r h\u00f6stens Spanien\u00e4ventyr ans\u00e5g poliserna att hon var lite v\u00e4l gammal. \u00c4r man bara vital och sprallig som en ton\u00e5ring s\u00e5 g\u00f6r det v\u00e4l ingenting om man ska fylla 100 Av Ola Josefsson<br \/>\n-H\u00e4r har du min sambo Bella, s\u00e4ger Inga-Lisa och pekar mot katten som \u00e4r p\u00e5 v\u00e4g in i huset. Den f\u00e5r r\u00e4kor varje dag, kattens mat \u00e4r viktigare \u00e4n min middag.<br \/>\nDen 25 oktober fyllde Inga-Lisa Bandh 100 \u00e5r. Hon \u00e4r enormt vital med ett intellekt som \u00e4r hur klart som helst samt \u201dsprallig som en ton\u00e5ring\u201d. N\u00e4r jag m\u00f6ter henne f\u00f6r en intervju och vi s\u00e4tter oss i hennes sovgrupp f\u00e5r jag syn p\u00e5 Jonas Jonassons bok \u201dHundra\u00e5ringen som klev ut genom f\u00f6nstret och f\u00f6rsvann\u201d.<br \/>\n-Boken k\u00e4nns lite som Pippi L\u00e5ngstrump p\u00e5 sitt s\u00e4tt. Den \u00e4r rolig och jag kan rekommendera boken, den \u00e4r l\u00e4rorik ocks\u00e5, s\u00e4ger Inga-Lisa Bandh som i h\u00f6stas tog sitt sedvanliga kliv fr\u00e5n Sm\u00e5land till Solkusten.<br \/>\nDen pensionerade bildl\u00e4raren Inga-Lisa blev \u00e4nka och s\u00f6rjde sin man f\u00f6rf\u00e4rligt. De tr\u00e4ffades n\u00e4r hon var 15 \u00e5r och de var gifta i 74 \u00e5r.<br \/>\n-Jag har haft tur i livet, jag fick en fantastiskt fin man och vi var lyckligt gifta under alla \u00e5r. F\u00f6rs\u00f6k att k\u00e4nna gl\u00e4dje i livet \u00e4ven i forts\u00e4ttningen, lev glatt, sa min man innan han avled och det har jag f\u00f6rs\u00f6kt att g\u00f6ra.<br \/>\nSedan dess lever Inga-Lisa Bandh st\u00f6rre delen av \u00e5ret p\u00e5 Costa del Sol, hon kommer i september och \u00e5terv\u00e4nder till Sverige veckan f\u00f6re midsommar. Nu har hon n\u00e5tt den anm\u00e4rkningsv\u00e4rda \u00e5ldern 100 \u00e5r vilket betyder att m\u00e5nga av hennes v\u00e4nner \u00e4r borta.<br \/>\n-Det v\u00e4rsta med \u00e5ldrandet \u00e4r att se sina \u00e4lskade v\u00e4nner och kolleger bli gamla, sjuka och d\u00f6. Jag f\u00f6rs\u00f6ker att krydda livet med humor, det tror jag \u00e4r viktigt, po\u00e4ngterar Inga-Lisa som tror att det blir n\u00e5gra extra levnads\u00e5r tack vare Solkustens sk\u00f6na klimat.<br \/>\nHon kommenterar sitt liv med att hon \u201dhar en sprudlande energi och en god h\u00e4lsa. Om det bara vore f\u00f6r min skull kunde apoteken lika g\u00e4rna sl\u00e5 igen\u201d.<\/p>\n<p>Inga-Lisa blickar ut mot Estepona p\u00e5 den spanska Solkusten. Hon \u00e4r bosatt st\u00f6rre delen av \u00e5ret i Puerto Romano, ett bostadsomr\u00e5de som ligger n\u00e5gra kilometer utanf\u00f6r Estepona. 1973 k\u00f6pte hennes man lite mark och ett halvf\u00e4rdigt hus.<br \/>\n-Han hade planerat f\u00f6r att vi skulle ha n\u00e5got i Spanien. S\u00e5 reste han iv\u00e4g och kom tillbaka och sa att han hade k\u00f6pt ett litet hus som dock inte var f\u00e4rdigbyggt. P\u00e5 den tiden l\u00e5g det ute p\u00e5 landet. Bussen gick hit och den fick stanna f\u00f6r stora f\u00e5rflockar och det fanns \u00e4ven m\u00e5nga \u00e5snor i omr\u00e5det, minst en \u00e5sna vid varje hus, minns Inga-Lisa.<br \/>\nHon saknar herden som gick med alla sina f\u00e5r och getter och ber\u00e4ttar om hur hon k\u00f6pte f\u00e4rsk mj\u00f6lk, eller det som hon kallar f\u00f6r \u201dkalvdans\u201d, det vill s\u00e4ga den f\u00f6rsta mj\u00f6lken som produceras efter det blivit ungar.<br \/>\nSedan 1973 har Inga-Lisa haft en fot p\u00e5 den spanska Solkusten. Den andra foten har hon i Habo utanf\u00f6r J\u00f6nk\u00f6ping. Vid Habo har den gamla scoutledaren Inga-Lisa en gammal bondg\u00e5rd d\u00e4r hon har plats att ta emot sl\u00e4kt, v\u00e4nner och ungdomar.<br \/>\n-Min son i H\u00e4rn\u00f6sand har f\u00e5tt h\u00f6nshuset, det \u00e4r omgjort till bostad dit han kommer p\u00e5 sommaren. Jag har f\u00f6rs\u00f6kt att anamma den spanska livsstilen s\u00e5 jag brukar ordna med pubkv\u00e4llar f\u00f6r grannskapet i min gamla ladug\u00e5rd utanf\u00f6r Habo under sommarm\u00e5naderna i Sverige.<br \/>\nInga-Lisa m\u00e5ste vara en av Solkustens piggaste 100-\u00e5ringar. N\u00e4r hon bjuder p\u00e5 kaffe och muffins i sin fint inredda och trevliga bostad ligger det korsord p\u00e5 bordet.<br \/>\n-Jag delar prenumerationsavgiften p\u00e5 en veckotidning med en annan dam. Artiklarna \u00e4r f\u00e5niga, det \u00e4r korsorden jag vill \u00e5t. Jag har ocks\u00e5 pr\u00f6vat sudoku men det \u00e4r jag inte s\u00e5 fin p\u00e5.<br \/>\nHur g\u00e5r det med spanskan?<br \/>\n-Spr\u00e5k \u00e4r inte min starka sida men jag har f\u00f6rst\u00e5tt att man kommer l\u00e5ngt genom att anv\u00e4nda h\u00e4nder och f\u00f6tter och att st\u00e4ndigt vara glad. Med leende kommer man l\u00e5ngt.<br \/>\nHon f\u00f6ll p\u00e5 en tr\u00f6skel i v\u00e5ras och br\u00f6t armen men det hindrar inte Inga-Lisa fr\u00e5n att h\u00f6sten 2011 ta kv\u00e4llsbad i bostadsomr\u00e5dets gemensamma pool.<br \/>\n-Jag gillar att bada och jag simmar i poolen varje dag. Men mina grannar gillar inte att jag \u00e4r i poolen efter m\u00f6rkrets inbrott.<br \/>\nEtt p\u00e5st\u00e5ende som besannas n\u00e4r jag sedan tr\u00e4ffar Inga-Lisas danska grannar, Hanne Fredriksen och Lise Rasmussen.<br \/>\n-Hon \u00e4r fantastisk men hon b\u00f6r inte simma i poolen n\u00e4r det \u00e4r m\u00f6rkt, menar Hanne.<br \/>\nOm inte Inga-Lisa l\u00f6ser korsord eller simmar s\u00e5 \u00e4gnar hon sig \u00e5t konsthantverk eller l\u00e4ser.<br \/>\n-Det h\u00e4nder att jag tappar namn, men det g\u00e5r bra \u00e4nd\u00e5. Det sv\u00e5raste \u00e4r att resa, jag tycker det har blivit kr\u00e5ngligare p\u00e5 flygplatsen numera med alla kontroller.<br \/>\nFlera av tavlorna som h\u00e4nger i bostaden har hon sj\u00e4lv m\u00e5lat. En av dem f\u00f6rest\u00e4ller barnbarnet Viktoria.<br \/>\n-Hon \u00e4r s\u00e5 lik mig, det ska h\u00e4nda n\u00e5gonting hela tiden.<br \/>\nInga-Lisa stiger i regel upp klockan 7, kokar kaffe, \u00e4ter sm\u00f6rg\u00e5s till frukost, \u00e4gnar sig \u00e5t n\u00e5got handarbete, l\u00e4gger passians eller l\u00f6ser korsord.<br \/>\n-Det \u00e4r klart att det blir lite ensamt, det kan man inte komma ifr\u00e5n. Jag har grannar som tittar till mig dagligen och ser efter s\u00e5 att jag st\u00e5r p\u00e5 benen. Och s\u00e5 ringer sonen regelbundet.<br \/>\nI garaget st\u00e5r en gammal Volvo men Inga-Lisa har slutat att k\u00f6ra bil. Bilen f\u00e5r hennes g\u00e4ster l\u00e5na n\u00e4r de kommer och h\u00e4lsar p\u00e5.<br \/>\n-Det har skett en otrolig utveckling i Spanien, speciellt d\u00e5 det g\u00e4ller rondeller. Spanjorerna tycks \u00e4lska dem, om de bara vet vilken som har f\u00f6rtursr\u00e4tt i rondellen. Annars \u00e4r det ett handikapp att inte kunna k\u00f6ra bil l\u00e4ngre.<br \/>\nVarf\u00f6r blev det Inga-Lisa n\u00e4r ditt flicknamn var Karin Inga Elisabeth?<br \/>\n-N\u00e4r jag gifte mig och fick Bandh som efternamn kunde jag inte heta Inga Bandh, det l\u00e5ter ju s\u00e5 konstigt. S\u00e5 det fick bli Inga-Lisa i st\u00e4llet. Annars hade det ju blivit f\u00f6r roligt\u2026<br \/>\nHon \u00e4r f\u00f6dd i sm\u00e5l\u00e4ndska Kr\u00e5kshult s\u00f6der om Eksj\u00f6. Hennes pappa drogs med i Kr\u00fcgerkraschen vilket gjorde att Inga-Lisa som liten flicka blev tvungen att sluta i skolan, pengarna i hemmet tog slut.<br \/>\n-Min pappa miste allt och det har kommit att pr\u00e4gla mig hela livet. Det g\u00e4ller att ha en liten buffert i h\u00e4ndelse av sv\u00e5ra tider, s\u00e4ger Inga-Lisa som \u00e4ven minns matbristen i samband med f\u00f6rsta v\u00e4rldskriget.<br \/>\nSenare jobbade hon som kass\u00f6r vid Turistf\u00f6rbandets Restaurang Aktiebolag utmed linjen G\u00f6teborg-Malm\u00f6. Det svenska kungahuset hade en egen vagn och hon fick passa upp kung Gustav V n\u00e4r han skulle till B\u00e5stad.<br \/>\n-Och s\u00e5 fick jag hj\u00e4lpa prinsessan Louise att s\u00e4tta en s\u00e4kerhetsn\u00e5l i hatten f\u00f6r att inte den skulle bl\u00e5sa av. Prinsessan fick en s\u00e4kerhetsn\u00e5l av mig, kan jag d\u00e5 kalla mig Kunglig Hovleverant\u00f6r, fr\u00e5gar Inga-Lisa och skrattar.<br \/>\nD\u00e4refter studerade hon konst och utbildade sig till bildl\u00e4rare. Hon engagerade sig i R\u00f6da korset och drev barnkoloni under 20 somrar. Vidare har hon varit engagerad i civilf\u00f6rsvaret och vid 11 \u00e5rs \u00e5lder var hon l\u00e4gerledare inom scouterna.<br \/>\n-Jag gillar barn och ungdomar, ett intresse som s\u00e4kert har bidragit till att jag f\u00e5tt leva m\u00e5nga \u00e5r.<br \/>\nStrax f\u00f6re Inga-Lisa Bandh reste till Solkusten i h\u00f6stas var det avskedsfest i J\u00f6nk\u00f6ping. 30 personer firade hennes 100-\u00e5rsdag i f\u00f6rskott och det serverades r\u00e5djur till middag. Ifjol vid sin 99-\u00e5rsdag hade hon bjudning i kvarteret ovanf\u00f6r Estepona och d\u00e5 var \u00e5tta nationaliteter p\u00e5 plats.<br \/>\nS\u00e5 var det ju det h\u00e4r med passet. Inf\u00f6r h\u00f6stens resa till Spanien var Inga-Lisa tvungen att f\u00f6rnya passet hos polisen i J\u00f6nk\u00f6ping.<br \/>\n-De tittade lite konstigt p\u00e5 mig n\u00e4r jag sa att jag beh\u00f6vde ett nytt pass f\u00f6r att jag skulle ut och resa. De tyckte att jag var f\u00f6r gammal, men till slut s\u00e5 fick jag mitt pass och nu \u00e4r jag h\u00e4r, under Spaniens sk\u00f6na sol.<br \/>\nHon har ingen tanke p\u00e5 att \u00f6verge Spanien de n\u00e4rmaste \u00e5ren. N\u00e4r vi tar adj\u00f6 av varandra efter intervjun f\u00e5r jag en f\u00f6rmaning:<br \/>\n-N\u00e4r du skriver om mig, f\u00e5r inte l\u00e5ta som om jag skryter och skr\u00e4vlar, jag har inte gjort n\u00e5gra stora saker\u2026.<br \/>\nOm du skulle \u00f6nska dig n\u00e5gonting vad vore det?<br \/>\n-Ett vaccin mot girighet och sj\u00e4lviskhet, det finns f\u00f6r mycket av den varan i v\u00e4rlden. <\/p>\n","protected":false},"excerpt":{"rendered":"<p>N\u00e4r Inga-Lisa Bandh skulle f\u00f6rnya sitt pass inf\u00f6r h\u00f6stens Spanien\u00e4ventyr ans\u00e5g poliserna att hon var lite v\u00e4l gammal. \u00c4r man bara vital och sprallig som en ton\u00e5ring s\u00e5 g\u00f6r det v\u00e4l ingenting om man ska fylla 100 Av Ola Josefsson -H\u00e4r har du min sambo Bella, s\u00e4ger Inga-Lisa och pekar mot katten som \u00e4r p\u00e5 [&hellip;]<\/p>\n","protected":false},"author":8,"featured_media":3979,"comment_status":"open","ping_status":"open","sticky":false,"template":"","format":"standard","meta":{"_et_pb_use_builder":"","_et_pb_old_content":"","_et_gb_content_width":"","footnotes":""},"categories":[396,4],"tags":[],"class_list":["post-3978","post","type-post","status-publish","format-standard","has-post-thumbnail","hentry","category-arkiv-artiklar","category-artiklar"],"yoast_head":"<!-- This site is optimized with the Yoast SEO Premium plugin v26.2 (Yoast SEO v28.2) - https:\/\/yoast.com\/product\/yoast-seo-premium-wordpress\/ -->\n<title>100-\u00e5ringen fixade nytt pass och tog ett nytt kliv till Solkusten - Svenska Magasinet<\/title>\n<meta name=\"robots\" content=\"noindex, follow, max-snippet:-1, max-image-preview:large, max-video-preview:-1\" \/>\n<meta property=\"og:locale\" content=\"sv_SE\" \/>\n<meta property=\"og:type\" content=\"article\" \/>\n<meta property=\"og:title\" content=\"100-\u00e5ringen fixade nytt pass och tog ett nytt kliv till Solkusten\" \/>\n<meta property=\"og:description\" content=\"N\u00e4r Inga-Lisa Bandh skulle f\u00f6rnya sitt pass inf\u00f6r h\u00f6stens Spanien\u00e4ventyr ans\u00e5g poliserna att hon var lite v\u00e4l gammal. \u00c4r man bara vital och sprallig som en ton\u00e5ring s\u00e5 g\u00f6r det v\u00e4l ingenting om man ska fylla 100 Av Ola Josefsson -H\u00e4r har du min sambo Bella, s\u00e4ger Inga-Lisa och pekar mot katten som \u00e4r p\u00e5 [&hellip;]\" \/>\n<meta property=\"og:url\" content=\"https:\/\/lightweb.dev\/l\/svm-temp\/artiklar\/100-aringen-fixade-nytt-pass-och-tog-ett-nytt-kliv-till-solkusten\/\" \/>\n<meta property=\"og:site_name\" content=\"Svenska Magasinet\" \/>\n<meta property=\"article:publisher\" content=\"https:\/\/www.facebook.com\/svenskamagasinet\" \/>\n<meta property=\"article:published_time\" content=\"2011-11-08T23:00:00+00:00\" \/>\n<meta property=\"og:image\" content=\"https:\/\/lightweb.dev\/l\/svm-temp\/wp-content\/uploads\/2022\/04\/100-ringen-fixade-nytt-pass-och-tog-ett-nytt-kliv-till-solkusten.png\" \/>\n\t<meta property=\"og:image:width\" content=\"301\" \/>\n\t<meta property=\"og:image:height\" content=\"200\" \/>\n\t<meta property=\"og:image:type\" content=\"image\/png\" \/>\n<meta name=\"author\" content=\"Redaktionen SvM\" \/>\n<meta name=\"twitter:card\" content=\"summary_large_image\" \/>\n<meta name=\"twitter:creator\" content=\"@SvenskaMagasine\" \/>\n<meta name=\"twitter:site\" content=\"@SvenskaMagasine\" \/>\n<script type=\"application\/ld+json\" class=\"yoast-schema-graph\">{\"@context\":\"https:\\\/\\\/schema.org\",\"@graph\":[{\"@type\":\"Article\",\"@id\":\"https:\\\/\\\/lightweb.dev\\\/l\\\/svm-temp\\\/artiklar\\\/100-aringen-fixade-nytt-pass-och-tog-ett-nytt-kliv-till-solkusten\\\/#article\",\"isPartOf\":{\"@id\":\"https:\\\/\\\/lightweb.dev\\\/l\\\/svm-temp\\\/artiklar\\\/100-aringen-fixade-nytt-pass-och-tog-ett-nytt-kliv-till-solkusten\\\/\"},\"author\":{\"name\":\"Redaktionen SvM\",\"@id\":\"https:\\\/\\\/lightweb.dev\\\/l\\\/svm-temp\\\/#\\\/schema\\\/person\\\/206a3bda5b607b0c25e1749191e4d837\"},\"headline\":\"100-\u00e5ringen fixade nytt pass och tog ett nytt kliv till Solkusten\",\"datePublished\":\"2011-11-08T23:00:00+00:00\",\"mainEntityOfPage\":{\"@id\":\"https:\\\/\\\/lightweb.dev\\\/l\\\/svm-temp\\\/artiklar\\\/100-aringen-fixade-nytt-pass-och-tog-ett-nytt-kliv-till-solkusten\\\/\"},\"wordCount\":1603,\"commentCount\":0,\"publisher\":{\"@id\":\"https:\\\/\\\/lightweb.dev\\\/l\\\/svm-temp\\\/#organization\"},\"image\":{\"@id\":\"https:\\\/\\\/lightweb.dev\\\/l\\\/svm-temp\\\/artiklar\\\/100-aringen-fixade-nytt-pass-och-tog-ett-nytt-kliv-till-solkusten\\\/#primaryimage\"},\"thumbnailUrl\":\"https:\\\/\\\/lightweb.dev\\\/l\\\/svm-temp\\\/wp-content\\\/uploads\\\/2022\\\/04\\\/100-ringen-fixade-nytt-pass-och-tog-ett-nytt-kliv-till-solkusten.png\",\"articleSection\":[\"Arkiv\",\"Artiklar\"],\"inLanguage\":\"sv-SE\"},{\"@type\":\"WebPage\",\"@id\":\"https:\\\/\\\/lightweb.dev\\\/l\\\/svm-temp\\\/artiklar\\\/100-aringen-fixade-nytt-pass-och-tog-ett-nytt-kliv-till-solkusten\\\/\",\"url\":\"https:\\\/\\\/lightweb.dev\\\/l\\\/svm-temp\\\/artiklar\\\/100-aringen-fixade-nytt-pass-och-tog-ett-nytt-kliv-till-solkusten\\\/\",\"name\":\"100-\u00e5ringen fixade nytt pass och tog ett nytt kliv till Solkusten - Svenska Magasinet\",\"isPartOf\":{\"@id\":\"https:\\\/\\\/lightweb.dev\\\/l\\\/svm-temp\\\/#website\"},\"primaryImageOfPage\":{\"@id\":\"https:\\\/\\\/lightweb.dev\\\/l\\\/svm-temp\\\/artiklar\\\/100-aringen-fixade-nytt-pass-och-tog-ett-nytt-kliv-till-solkusten\\\/#primaryimage\"},\"image\":{\"@id\":\"https:\\\/\\\/lightweb.dev\\\/l\\\/svm-temp\\\/artiklar\\\/100-aringen-fixade-nytt-pass-och-tog-ett-nytt-kliv-till-solkusten\\\/#primaryimage\"},\"thumbnailUrl\":\"https:\\\/\\\/lightweb.dev\\\/l\\\/svm-temp\\\/wp-content\\\/uploads\\\/2022\\\/04\\\/100-ringen-fixade-nytt-pass-och-tog-ett-nytt-kliv-till-solkusten.png\",\"datePublished\":\"2011-11-08T23:00:00+00:00\",\"breadcrumb\":{\"@id\":\"https:\\\/\\\/lightweb.dev\\\/l\\\/svm-temp\\\/artiklar\\\/100-aringen-fixade-nytt-pass-och-tog-ett-nytt-kliv-till-solkusten\\\/#breadcrumb\"},\"inLanguage\":\"sv-SE\",\"potentialAction\":[{\"@type\":\"ReadAction\",\"target\":[\"https:\\\/\\\/lightweb.dev\\\/l\\\/svm-temp\\\/artiklar\\\/100-aringen-fixade-nytt-pass-och-tog-ett-nytt-kliv-till-solkusten\\\/\"]}]},{\"@type\":\"ImageObject\",\"inLanguage\":\"sv-SE\",\"@id\":\"https:\\\/\\\/lightweb.dev\\\/l\\\/svm-temp\\\/artiklar\\\/100-aringen-fixade-nytt-pass-och-tog-ett-nytt-kliv-till-solkusten\\\/#primaryimage\",\"url\":\"https:\\\/\\\/lightweb.dev\\\/l\\\/svm-temp\\\/wp-content\\\/uploads\\\/2022\\\/04\\\/100-ringen-fixade-nytt-pass-och-tog-ett-nytt-kliv-till-solkusten.png\",\"contentUrl\":\"https:\\\/\\\/lightweb.dev\\\/l\\\/svm-temp\\\/wp-content\\\/uploads\\\/2022\\\/04\\\/100-ringen-fixade-nytt-pass-och-tog-ett-nytt-kliv-till-solkusten.png\",\"width\":301,\"height\":200},{\"@type\":\"BreadcrumbList\",\"@id\":\"https:\\\/\\\/lightweb.dev\\\/l\\\/svm-temp\\\/artiklar\\\/100-aringen-fixade-nytt-pass-och-tog-ett-nytt-kliv-till-solkusten\\\/#breadcrumb\",\"itemListElement\":[{\"@type\":\"ListItem\",\"position\":1,\"name\":\"Hem\",\"item\":\"https:\\\/\\\/lightweb.dev\\\/l\\\/svm-temp\\\/\"},{\"@type\":\"ListItem\",\"position\":2,\"name\":\"100-\u00e5ringen fixade nytt pass och tog ett nytt kliv till Solkusten\"}]},{\"@type\":\"WebSite\",\"@id\":\"https:\\\/\\\/lightweb.dev\\\/l\\\/svm-temp\\\/#website\",\"url\":\"https:\\\/\\\/lightweb.dev\\\/l\\\/svm-temp\\\/\",\"name\":\"Svenska Magasinet\",\"description\":\"Dina Spanska nyheter p&aring; Svenska\",\"publisher\":{\"@id\":\"https:\\\/\\\/lightweb.dev\\\/l\\\/svm-temp\\\/#organization\"},\"potentialAction\":[{\"@type\":\"SearchAction\",\"target\":{\"@type\":\"EntryPoint\",\"urlTemplate\":\"https:\\\/\\\/lightweb.dev\\\/l\\\/svm-temp\\\/?s={search_term_string}\"},\"query-input\":{\"@type\":\"PropertyValueSpecification\",\"valueRequired\":true,\"valueName\":\"search_term_string\"}}],\"inLanguage\":\"sv-SE\"},{\"@type\":\"Organization\",\"@id\":\"https:\\\/\\\/lightweb.dev\\\/l\\\/svm-temp\\\/#organization\",\"name\":\"Melkerson y Nott SL\",\"alternateName\":\"Svenska Magasinet\",\"url\":\"https:\\\/\\\/lightweb.dev\\\/l\\\/svm-temp\\\/\",\"logo\":{\"@type\":\"ImageObject\",\"inLanguage\":\"sv-SE\",\"@id\":\"https:\\\/\\\/lightweb.dev\\\/l\\\/svm-temp\\\/#\\\/schema\\\/logo\\\/image\\\/\",\"url\":\"https:\\\/\\\/lightweb.dev\\\/l\\\/svm-temp\\\/wp-content\\\/uploads\\\/2025\\\/02\\\/SvM-logo-Xtra-Centrerad-SVART.png\",\"contentUrl\":\"https:\\\/\\\/lightweb.dev\\\/l\\\/svm-temp\\\/wp-content\\\/uploads\\\/2025\\\/02\\\/SvM-logo-Xtra-Centrerad-SVART.png\",\"width\":300,\"height\":99,\"caption\":\"Melkerson y Nott SL\"},\"image\":{\"@id\":\"https:\\\/\\\/lightweb.dev\\\/l\\\/svm-temp\\\/#\\\/schema\\\/logo\\\/image\\\/\"},\"sameAs\":[\"https:\\\/\\\/www.facebook.com\\\/svenskamagasinet\",\"https:\\\/\\\/x.com\\\/SvenskaMagasine\"]},{\"@type\":\"Person\",\"@id\":\"https:\\\/\\\/lightweb.dev\\\/l\\\/svm-temp\\\/#\\\/schema\\\/person\\\/206a3bda5b607b0c25e1749191e4d837\",\"name\":\"Redaktionen SvM\",\"description\":\"Redaktionen\",\"sameAs\":[\"https:\\\/\\\/lightweb.dev\\\/l\\\/svm-temp\"],\"url\":\"https:\\\/\\\/lightweb.dev\\\/l\\\/svm-temp\\\/reporter\\\/redaktionen\\\/\"}]}<\/script>\n<!-- \/ Yoast SEO Premium plugin. -->","yoast_head_json":{"title":"100-\u00e5ringen fixade nytt pass och tog ett nytt kliv till Solkusten - Svenska Magasinet","robots":{"index":"noindex","follow":"follow","max-snippet":"max-snippet:-1","max-image-preview":"max-image-preview:large","max-video-preview":"max-video-preview:-1"},"og_locale":"sv_SE","og_type":"article","og_title":"100-\u00e5ringen fixade nytt pass och tog ett nytt kliv till Solkusten","og_description":"N\u00e4r Inga-Lisa Bandh skulle f\u00f6rnya sitt pass inf\u00f6r h\u00f6stens Spanien\u00e4ventyr ans\u00e5g poliserna att hon var lite v\u00e4l gammal. \u00c4r man bara vital och sprallig som en ton\u00e5ring s\u00e5 g\u00f6r det v\u00e4l ingenting om man ska fylla 100 Av Ola Josefsson -H\u00e4r har du min sambo Bella, s\u00e4ger Inga-Lisa och pekar mot katten som \u00e4r p\u00e5 [&hellip;]","og_url":"https:\/\/lightweb.dev\/l\/svm-temp\/artiklar\/100-aringen-fixade-nytt-pass-och-tog-ett-nytt-kliv-till-solkusten\/","og_site_name":"Svenska Magasinet","article_publisher":"https:\/\/www.facebook.com\/svenskamagasinet","article_published_time":"2011-11-08T23:00:00+00:00","og_image":[{"width":301,"height":200,"url":"https:\/\/lightweb.dev\/l\/svm-temp\/wp-content\/uploads\/2022\/04\/100-ringen-fixade-nytt-pass-och-tog-ett-nytt-kliv-till-solkusten.png","type":"image\/png"}],"author":"Redaktionen SvM","twitter_card":"summary_large_image","twitter_creator":"@SvenskaMagasine","twitter_site":"@SvenskaMagasine","schema":{"@context":"https:\/\/schema.org","@graph":[{"@type":"Article","@id":"https:\/\/lightweb.dev\/l\/svm-temp\/artiklar\/100-aringen-fixade-nytt-pass-och-tog-ett-nytt-kliv-till-solkusten\/#article","isPartOf":{"@id":"https:\/\/lightweb.dev\/l\/svm-temp\/artiklar\/100-aringen-fixade-nytt-pass-och-tog-ett-nytt-kliv-till-solkusten\/"},"author":{"name":"Redaktionen SvM","@id":"https:\/\/lightweb.dev\/l\/svm-temp\/#\/schema\/person\/206a3bda5b607b0c25e1749191e4d837"},"headline":"100-\u00e5ringen fixade nytt pass och tog ett nytt kliv till Solkusten","datePublished":"2011-11-08T23:00:00+00:00","mainEntityOfPage":{"@id":"https:\/\/lightweb.dev\/l\/svm-temp\/artiklar\/100-aringen-fixade-nytt-pass-och-tog-ett-nytt-kliv-till-solkusten\/"},"wordCount":1603,"commentCount":0,"publisher":{"@id":"https:\/\/lightweb.dev\/l\/svm-temp\/#organization"},"image":{"@id":"https:\/\/lightweb.dev\/l\/svm-temp\/artiklar\/100-aringen-fixade-nytt-pass-och-tog-ett-nytt-kliv-till-solkusten\/#primaryimage"},"thumbnailUrl":"https:\/\/lightweb.dev\/l\/svm-temp\/wp-content\/uploads\/2022\/04\/100-ringen-fixade-nytt-pass-och-tog-ett-nytt-kliv-till-solkusten.png","articleSection":["Arkiv","Artiklar"],"inLanguage":"sv-SE"},{"@type":"WebPage","@id":"https:\/\/lightweb.dev\/l\/svm-temp\/artiklar\/100-aringen-fixade-nytt-pass-och-tog-ett-nytt-kliv-till-solkusten\/","url":"https:\/\/lightweb.dev\/l\/svm-temp\/artiklar\/100-aringen-fixade-nytt-pass-och-tog-ett-nytt-kliv-till-solkusten\/","name":"100-\u00e5ringen fixade nytt pass och tog ett nytt kliv till Solkusten - Svenska Magasinet","isPartOf":{"@id":"https:\/\/lightweb.dev\/l\/svm-temp\/#website"},"primaryImageOfPage":{"@id":"https:\/\/lightweb.dev\/l\/svm-temp\/artiklar\/100-aringen-fixade-nytt-pass-och-tog-ett-nytt-kliv-till-solkusten\/#primaryimage"},"image":{"@id":"https:\/\/lightweb.dev\/l\/svm-temp\/artiklar\/100-aringen-fixade-nytt-pass-och-tog-ett-nytt-kliv-till-solkusten\/#primaryimage"},"thumbnailUrl":"https:\/\/lightweb.dev\/l\/svm-temp\/wp-content\/uploads\/2022\/04\/100-ringen-fixade-nytt-pass-och-tog-ett-nytt-kliv-till-solkusten.png","datePublished":"2011-11-08T23:00:00+00:00","breadcrumb":{"@id":"https:\/\/lightweb.dev\/l\/svm-temp\/artiklar\/100-aringen-fixade-nytt-pass-och-tog-ett-nytt-kliv-till-solkusten\/#breadcrumb"},"inLanguage":"sv-SE","potentialAction":[{"@type":"ReadAction","target":["https:\/\/lightweb.dev\/l\/svm-temp\/artiklar\/100-aringen-fixade-nytt-pass-och-tog-ett-nytt-kliv-till-solkusten\/"]}]},{"@type":"ImageObject","inLanguage":"sv-SE","@id":"https:\/\/lightweb.dev\/l\/svm-temp\/artiklar\/100-aringen-fixade-nytt-pass-och-tog-ett-nytt-kliv-till-solkusten\/#primaryimage","url":"https:\/\/lightweb.dev\/l\/svm-temp\/wp-content\/uploads\/2022\/04\/100-ringen-fixade-nytt-pass-och-tog-ett-nytt-kliv-till-solkusten.png","contentUrl":"https:\/\/lightweb.dev\/l\/svm-temp\/wp-content\/uploads\/2022\/04\/100-ringen-fixade-nytt-pass-och-tog-ett-nytt-kliv-till-solkusten.png","width":301,"height":200},{"@type":"BreadcrumbList","@id":"https:\/\/lightweb.dev\/l\/svm-temp\/artiklar\/100-aringen-fixade-nytt-pass-och-tog-ett-nytt-kliv-till-solkusten\/#breadcrumb","itemListElement":[{"@type":"ListItem","position":1,"name":"Hem","item":"https:\/\/lightweb.dev\/l\/svm-temp\/"},{"@type":"ListItem","position":2,"name":"100-\u00e5ringen fixade nytt pass och tog ett nytt kliv till Solkusten"}]},{"@type":"WebSite","@id":"https:\/\/lightweb.dev\/l\/svm-temp\/#website","url":"https:\/\/lightweb.dev\/l\/svm-temp\/","name":"Svenska Magasinet","description":"Dina Spanska nyheter p&aring; Svenska","publisher":{"@id":"https:\/\/lightweb.dev\/l\/svm-temp\/#organization"},"potentialAction":[{"@type":"SearchAction","target":{"@type":"EntryPoint","urlTemplate":"https:\/\/lightweb.dev\/l\/svm-temp\/?s={search_term_string}"},"query-input":{"@type":"PropertyValueSpecification","valueRequired":true,"valueName":"search_term_string"}}],"inLanguage":"sv-SE"},{"@type":"Organization","@id":"https:\/\/lightweb.dev\/l\/svm-temp\/#organization","name":"Melkerson y Nott SL","alternateName":"Svenska Magasinet","url":"https:\/\/lightweb.dev\/l\/svm-temp\/","logo":{"@type":"ImageObject","inLanguage":"sv-SE","@id":"https:\/\/lightweb.dev\/l\/svm-temp\/#\/schema\/logo\/image\/","url":"https:\/\/lightweb.dev\/l\/svm-temp\/wp-content\/uploads\/2025\/02\/SvM-logo-Xtra-Centrerad-SVART.png","contentUrl":"https:\/\/lightweb.dev\/l\/svm-temp\/wp-content\/uploads\/2025\/02\/SvM-logo-Xtra-Centrerad-SVART.png","width":300,"height":99,"caption":"Melkerson y Nott SL"},"image":{"@id":"https:\/\/lightweb.dev\/l\/svm-temp\/#\/schema\/logo\/image\/"},"sameAs":["https:\/\/www.facebook.com\/svenskamagasinet","https:\/\/x.com\/SvenskaMagasine"]},{"@type":"Person","@id":"https:\/\/lightweb.dev\/l\/svm-temp\/#\/schema\/person\/206a3bda5b607b0c25e1749191e4d837","name":"Redaktionen SvM","description":"Redaktionen","sameAs":["https:\/\/lightweb.dev\/l\/svm-temp"],"url":"https:\/\/lightweb.dev\/l\/svm-temp\/reporter\/redaktionen\/"}]}},"_links":{"self":[{"href":"https:\/\/lightweb.dev\/l\/svm-temp\/wp-json\/wp\/v2\/posts\/3978","targetHints":{"allow":["GET"]}}],"collection":[{"href":"https:\/\/lightweb.dev\/l\/svm-temp\/wp-json\/wp\/v2\/posts"}],"about":[{"href":"https:\/\/lightweb.dev\/l\/svm-temp\/wp-json\/wp\/v2\/types\/post"}],"author":[{"embeddable":true,"href":"https:\/\/lightweb.dev\/l\/svm-temp\/wp-json\/wp\/v2\/users\/8"}],"replies":[{"embeddable":true,"href":"https:\/\/lightweb.dev\/l\/svm-temp\/wp-json\/wp\/v2\/comments?post=3978"}],"version-history":[{"count":0,"href":"https:\/\/lightweb.dev\/l\/svm-temp\/wp-json\/wp\/v2\/posts\/3978\/revisions"}],"wp:featuredmedia":[{"embeddable":true,"href":"https:\/\/lightweb.dev\/l\/svm-temp\/wp-json\/wp\/v2\/media\/3979"}],"wp:attachment":[{"href":"https:\/\/lightweb.dev\/l\/svm-temp\/wp-json\/wp\/v2\/media?parent=3978"}],"wp:term":[{"taxonomy":"category","embeddable":true,"href":"https:\/\/lightweb.dev\/l\/svm-temp\/wp-json\/wp\/v2\/categories?post=3978"},{"taxonomy":"post_tag","embeddable":true,"href":"https:\/\/lightweb.dev\/l\/svm-temp\/wp-json\/wp\/v2\/tags?post=3978"}],"curies":[{"name":"wp","href":"https:\/\/api.w.org\/{rel}","templated":true}]}}