{"id":3980,"date":"2011-11-09T00:00:00","date_gmt":"2011-11-08T23:00:00","guid":{"rendered":"https:\/\/lightweb.dev\/l\/svm-temp\/fraga-john-om-spansk-politik\/"},"modified":"2011-11-09T00:00:00","modified_gmt":"2011-11-08T23:00:00","slug":"fraga-john-om-spansk-politik","status":"publish","type":"post","link":"https:\/\/lightweb.dev\/l\/svm-temp\/artiklar\/fraga-john-om-spansk-politik\/","title":{"rendered":"Fr\u00e5ga John \u2013 om spansk politik"},"content":{"rendered":"<p> I dessa dagar befinner sig Spanien i valspurt inf\u00f6r det allm\u00e4nna valet den 20 november. I Spanien \u00e4r det tre val som alla h\u00e5lls vart fj\u00e4rde \u00e5r. Av John Frank Langmaack, Partido Popular Mijas<br \/>\nVid det allm\u00e4nna valet i Spanien kan endast personer som \u00e4r spanska medborgare delta, det som har spansk nationalitet antingen de \u00e4r f\u00f6dda i Spanien eller f\u00f6r de som har ans\u00f6kt och blivit spanska medborgare. Val i Spanien arrangeras alltid p\u00e5 en s\u00f6ndag.<br \/>\nValen i Spaniens regioner som exempelvis Andalusien beror p\u00e5 n\u00e4r regionalregeringen har beslutat om det. Valet till Andalusiens regionalregering h\u00e5lls i mars m\u00e5nad 2012. Kommunalvalet eller lokalvalet h\u00f6lls den 22 maj i \u00e5r.<br \/>\nI lokalvalen kan alla r\u00f6sta som har spanskt medborgarskap samt alla EU-medborgare samt inv\u00e5nare fr\u00e5n l\u00e4nder som har vissa specialavtal med Spanien. Exempelvis kan norska medborgare r\u00f6sta vid lokalvalen i Spanien likav\u00e4l som spanska medborgare kan r\u00f6sta vid kommunalvalen i Norge.<br \/>\nEfter n\u00e4stan \u00e5tta \u00e5rs tid med en socialistisk regering och en ekonomisk kris s\u00e5 har det varit en h\u00e5rd tid f\u00f6r Spanien. Det allra st\u00f6rsta problemet i Spanien i dag \u00e4r den stora arbetsl\u00f6sheten p\u00e5 cirka fem miljoner p\u00e5 en befolkning p\u00e5 cirka 47 miljoner.<br \/>\nAv dessa fem miljoner arbetsl\u00f6sa \u00e4r 48 procent under 30 \u00e5r. Eftersom m\u00e5nga ungdomar inte har n\u00e5got arbete \u00e4r de tvungna att bo hemma hos sina f\u00f6r\u00e4ldrar och med en utsikt som ser m\u00f6rk ut. D\u00e4rf\u00f6r har vi ocks\u00e5 sett m\u00e5nga ungdomar som har demonstrerat p\u00e5 spanska gator f\u00f6r att f\u00e5 geh\u00f6r hos de spanska politikerna.<br \/>\nSom ett alternativ till den nuvarande socialdemokratiska regeringen finns det konservativa partiet Partido Popular ocks\u00e5 kallat PP. Vid kommunalvalet den 22 maj vann PP n\u00e4stan \u00f6ver hela Spanien.<br \/>\nDet r\u00e4knas till en sj\u00e4lvklarhet att PP ocks\u00e5 kommer att vinna med majoritet vid det allm\u00e4nna valet den 20 november. Att Partido Popular f\u00e5r majoritet inneb\u00e4r att de sj\u00e4lva kan best\u00e4mma och inte beh\u00f6ver medla f\u00f6r att f\u00e5 till en samlingsregering med andra partiers st\u00f6d vilket i regel kr\u00e4ver en hel del.<br \/>\nDet f\u00f6rv\u00e4ntas ocks\u00e5 att resultatet vid det allm\u00e4nna valet kommer att smitta av sig p\u00e5 regionvalet i Andalusien i mars n\u00e4sta \u00e5r mycket d\u00e4rf\u00f6r att arbetsl\u00f6sheten i genomsnitt i Andalusien ligger p\u00e5 22 procent vilket \u00e4r den h\u00f6gsta av samtliga spanska regioner.<br \/>\nKommuner som Sevilla och Mijas har allt sedan Francotiden varit socialdemokratiska bastioner som alltid politiskt har varit r\u00f6da. Men en f\u00f6r\u00e4ndring skedde vid kommunalvalet den 22 maj och allt sedan dess styrs dessa kommuner av Partido Popular som har majoritet, vilket \u00e4r helt nytt inom spansk politik.<br \/>\nMed detta som bakgrund \u00e4r det m\u00e5nga som tror att Partido Popular ocks\u00e5 vinner det andalusiska regionvalet i mars n\u00e4sta \u00e5r.<br \/>\nSocialisternas huvudkandidat vid det allm\u00e4nna valet 20 november \u00e4r Alfredo P\u00e9rez Rubalcaba. Han har tidigare varit minister under Felipe Gonzales regering f\u00f6r m\u00e5nga \u00e5r sedan men v\u00e4rderas av m\u00e5nga att vara f\u00f6r \u201dsvag\u201d som statsminister. Han har \u00e4ven varit minister under den senaste socialistiska regeringen, trots det betraktas han som en marionett fr\u00e5n de gamla socialisterna. Han har \u00e4ven vid valm\u00f6ten f\u00e5tt st\u00f6d av Felipe Gonzalez och fr\u00e5n andra tidigare ministrar.<br \/>\nHos de konservativa Partido Popular \u00e4r spetskandidaten en politiker fr\u00e5n Galicien som har en mycket stor politisk erfarenhet och som har haft flera olika ministerposter under den tidigare statsministern Jose Maria Aznar. Han anses st\u00e5 f\u00f6r l\u00f6sningen i att f\u00e5 fram Spanien som en ekonomiskt stark nation inom EU.<br \/>\nHan har stort f\u00f6rtroende hos den spanska arbetsgivarf\u00f6reningen och han \u00e4r redan ig\u00e5ng med att utarbeta en plan f\u00f6r att skapa fler arbetsplatser speciellt f\u00f6r de unga. I hans plan ing\u00e5r ett st\u00f6d till sm\u00e5 och medelstora spanska verksamheter som \u00e4r de som ska skapa nya arbetstillf\u00e4llen i Spanien vilket han vill skapa positiva m\u00f6jligheter f\u00f6r.<br \/>\nM\u00e5nga spanjorer har detta hopp och vill d\u00e4rf\u00f6r r\u00f6sta konservativt, kanske inte d\u00e4rf\u00f6r att de i grunden \u00e4r konservativa men f\u00f6r att de har insett att detta \u00e4r det enda alternativet vid det allm\u00e4nna valet den 20 november.<br \/>\nOch det \u00e4r inget tvivel om att det blir mycket sp\u00e4nnande att se vilket parti som ska skapa b\u00e4ttre tider i Spanien fr\u00e5n den 21 november n\u00e4r valresultatet \u00e4r k\u00e4nt vid midnatt.<br \/>\nJag \u00f6nskar Spanien lycka till och ett gott val f\u00f6r Spaniens framtid.<br \/>\n&#8212;&#8212;&#8212;&#8212;&#8212;&#8212;&#8212;&#8212;&#8212;&#8212;&#8212;&#8212;&#8212;&#8212;&#8212;&#8212;&#8212;&#8212;&#8212;&#8212;&#8212;&#8212;&#8212;&#8212;&#8212;&#8212;&#8212;&#8212;&#8212;&#8212;&#8212;&#8212;&#8212;&#8212;&#8212;&#8212;&#8212;<br \/>\nJag heter John Frank och \u00e4r utbildad bankman fr\u00e5n Danmark. Jag har arbetat med privata kunder i Fuengirola\/Mijas-omr\u00e5det sedan maj 1981 \u2013 i 30 \u00e5r. Jag \u00e4r gift spanskt och aktiv inom kommunalpolitiken i Mijas.<br \/>\nJag st\u00e4llde upp som borgm\u00e4starkandidat f\u00f6r Partido Popular i Mijas vid lokalvalet 1995 d\u00e5 vi gick fr\u00e5n tv\u00e5 till sju fullm\u00e4ktigeledam\u00f6ter. Jag \u00e4r medlem i m\u00e5nga f\u00f6reningar och en f\u00f6rening som jag har ett speciellt f\u00f6rh\u00e5llande till \u00e4r djurr\u00e4ttsf\u00f6reningen PAD i Mijas. Den blev startad f\u00f6r 15 \u00e5r sedan och jag \u00e4r den ende av de tre som fanns med fr\u00e5n starten som \u00e4nnu \u00e4r kvar.<br \/>\nJag har ett stort kontaktn\u00e4t och jag ser fram emot att f\u00e5 m\u00e5nga och intressanta fr\u00e5gor till gagn f\u00f6r svenskarna och skandinaverna p\u00e5 hela kusten.<br \/>\nMed v\u00e4nlig h\u00e4lsning<br \/>\nJohn Frank <\/p>\n","protected":false},"excerpt":{"rendered":"<p>I dessa dagar befinner sig Spanien i valspurt inf\u00f6r det allm\u00e4nna valet den 20 november. I Spanien \u00e4r det tre val som alla h\u00e5lls vart fj\u00e4rde \u00e5r. Av John Frank Langmaack, Partido Popular Mijas Vid det allm\u00e4nna valet i Spanien kan endast personer som \u00e4r spanska medborgare delta, det som har spansk nationalitet antingen de [&hellip;]<\/p>\n","protected":false},"author":8,"featured_media":3981,"comment_status":"open","ping_status":"open","sticky":false,"template":"","format":"standard","meta":{"_et_pb_use_builder":"","_et_pb_old_content":"","_et_gb_content_width":"","footnotes":""},"categories":[396,4],"tags":[],"class_list":["post-3980","post","type-post","status-publish","format-standard","has-post-thumbnail","hentry","category-arkiv-artiklar","category-artiklar"],"yoast_head":"<!-- This site is optimized with the Yoast SEO Premium plugin v26.2 (Yoast SEO v28.2) - https:\/\/yoast.com\/product\/yoast-seo-premium-wordpress\/ -->\n<title>Fr\u00e5ga John \u2013 om spansk politik - Svenska Magasinet<\/title>\n<meta name=\"robots\" content=\"noindex, follow, max-snippet:-1, max-image-preview:large, max-video-preview:-1\" \/>\n<meta property=\"og:locale\" content=\"sv_SE\" \/>\n<meta property=\"og:type\" content=\"article\" \/>\n<meta property=\"og:title\" content=\"Fr\u00e5ga John \u2013 om spansk politik\" \/>\n<meta property=\"og:description\" content=\"I dessa dagar befinner sig Spanien i valspurt inf\u00f6r det allm\u00e4nna valet den 20 november. I Spanien \u00e4r det tre val som alla h\u00e5lls vart fj\u00e4rde \u00e5r. Av John Frank Langmaack, Partido Popular Mijas Vid det allm\u00e4nna valet i Spanien kan endast personer som \u00e4r spanska medborgare delta, det som har spansk nationalitet antingen de [&hellip;]\" \/>\n<meta property=\"og:url\" content=\"https:\/\/lightweb.dev\/l\/svm-temp\/artiklar\/fraga-john-om-spansk-politik\/\" \/>\n<meta property=\"og:site_name\" content=\"Svenska Magasinet\" \/>\n<meta property=\"article:publisher\" content=\"https:\/\/www.facebook.com\/svenskamagasinet\" \/>\n<meta property=\"article:published_time\" content=\"2011-11-08T23:00:00+00:00\" \/>\n<meta property=\"og:image\" content=\"https:\/\/lightweb.dev\/l\/svm-temp\/wp-content\/uploads\/2022\/04\/frga-john-om-spansk-politik.png\" \/>\n\t<meta property=\"og:image:width\" content=\"280\" \/>\n\t<meta property=\"og:image:height\" content=\"431\" \/>\n\t<meta property=\"og:image:type\" content=\"image\/png\" \/>\n<meta name=\"author\" content=\"Redaktionen SvM\" \/>\n<meta name=\"twitter:card\" content=\"summary_large_image\" \/>\n<meta name=\"twitter:creator\" content=\"@SvenskaMagasine\" \/>\n<meta name=\"twitter:site\" content=\"@SvenskaMagasine\" \/>\n<script type=\"application\/ld+json\" class=\"yoast-schema-graph\">{\"@context\":\"https:\\\/\\\/schema.org\",\"@graph\":[{\"@type\":\"Article\",\"@id\":\"https:\\\/\\\/lightweb.dev\\\/l\\\/svm-temp\\\/artiklar\\\/fraga-john-om-spansk-politik\\\/#article\",\"isPartOf\":{\"@id\":\"https:\\\/\\\/lightweb.dev\\\/l\\\/svm-temp\\\/artiklar\\\/fraga-john-om-spansk-politik\\\/\"},\"author\":{\"name\":\"Redaktionen SvM\",\"@id\":\"https:\\\/\\\/lightweb.dev\\\/l\\\/svm-temp\\\/#\\\/schema\\\/person\\\/206a3bda5b607b0c25e1749191e4d837\"},\"headline\":\"Fr\u00e5ga John \u2013 om spansk politik\",\"datePublished\":\"2011-11-08T23:00:00+00:00\",\"mainEntityOfPage\":{\"@id\":\"https:\\\/\\\/lightweb.dev\\\/l\\\/svm-temp\\\/artiklar\\\/fraga-john-om-spansk-politik\\\/\"},\"wordCount\":944,\"commentCount\":0,\"publisher\":{\"@id\":\"https:\\\/\\\/lightweb.dev\\\/l\\\/svm-temp\\\/#organization\"},\"image\":{\"@id\":\"https:\\\/\\\/lightweb.dev\\\/l\\\/svm-temp\\\/artiklar\\\/fraga-john-om-spansk-politik\\\/#primaryimage\"},\"thumbnailUrl\":\"https:\\\/\\\/lightweb.dev\\\/l\\\/svm-temp\\\/wp-content\\\/uploads\\\/2022\\\/04\\\/frga-john-om-spansk-politik.png\",\"articleSection\":[\"Arkiv\",\"Artiklar\"],\"inLanguage\":\"sv-SE\"},{\"@type\":\"WebPage\",\"@id\":\"https:\\\/\\\/lightweb.dev\\\/l\\\/svm-temp\\\/artiklar\\\/fraga-john-om-spansk-politik\\\/\",\"url\":\"https:\\\/\\\/lightweb.dev\\\/l\\\/svm-temp\\\/artiklar\\\/fraga-john-om-spansk-politik\\\/\",\"name\":\"Fr\u00e5ga John \u2013 om spansk politik - Svenska Magasinet\",\"isPartOf\":{\"@id\":\"https:\\\/\\\/lightweb.dev\\\/l\\\/svm-temp\\\/#website\"},\"primaryImageOfPage\":{\"@id\":\"https:\\\/\\\/lightweb.dev\\\/l\\\/svm-temp\\\/artiklar\\\/fraga-john-om-spansk-politik\\\/#primaryimage\"},\"image\":{\"@id\":\"https:\\\/\\\/lightweb.dev\\\/l\\\/svm-temp\\\/artiklar\\\/fraga-john-om-spansk-politik\\\/#primaryimage\"},\"thumbnailUrl\":\"https:\\\/\\\/lightweb.dev\\\/l\\\/svm-temp\\\/wp-content\\\/uploads\\\/2022\\\/04\\\/frga-john-om-spansk-politik.png\",\"datePublished\":\"2011-11-08T23:00:00+00:00\",\"breadcrumb\":{\"@id\":\"https:\\\/\\\/lightweb.dev\\\/l\\\/svm-temp\\\/artiklar\\\/fraga-john-om-spansk-politik\\\/#breadcrumb\"},\"inLanguage\":\"sv-SE\",\"potentialAction\":[{\"@type\":\"ReadAction\",\"target\":[\"https:\\\/\\\/lightweb.dev\\\/l\\\/svm-temp\\\/artiklar\\\/fraga-john-om-spansk-politik\\\/\"]}]},{\"@type\":\"ImageObject\",\"inLanguage\":\"sv-SE\",\"@id\":\"https:\\\/\\\/lightweb.dev\\\/l\\\/svm-temp\\\/artiklar\\\/fraga-john-om-spansk-politik\\\/#primaryimage\",\"url\":\"https:\\\/\\\/lightweb.dev\\\/l\\\/svm-temp\\\/wp-content\\\/uploads\\\/2022\\\/04\\\/frga-john-om-spansk-politik.png\",\"contentUrl\":\"https:\\\/\\\/lightweb.dev\\\/l\\\/svm-temp\\\/wp-content\\\/uploads\\\/2022\\\/04\\\/frga-john-om-spansk-politik.png\",\"width\":280,\"height\":431},{\"@type\":\"BreadcrumbList\",\"@id\":\"https:\\\/\\\/lightweb.dev\\\/l\\\/svm-temp\\\/artiklar\\\/fraga-john-om-spansk-politik\\\/#breadcrumb\",\"itemListElement\":[{\"@type\":\"ListItem\",\"position\":1,\"name\":\"Hem\",\"item\":\"https:\\\/\\\/lightweb.dev\\\/l\\\/svm-temp\\\/\"},{\"@type\":\"ListItem\",\"position\":2,\"name\":\"Fr\u00e5ga John \u2013 om spansk politik\"}]},{\"@type\":\"WebSite\",\"@id\":\"https:\\\/\\\/lightweb.dev\\\/l\\\/svm-temp\\\/#website\",\"url\":\"https:\\\/\\\/lightweb.dev\\\/l\\\/svm-temp\\\/\",\"name\":\"Svenska Magasinet\",\"description\":\"Dina Spanska nyheter p&aring; Svenska\",\"publisher\":{\"@id\":\"https:\\\/\\\/lightweb.dev\\\/l\\\/svm-temp\\\/#organization\"},\"potentialAction\":[{\"@type\":\"SearchAction\",\"target\":{\"@type\":\"EntryPoint\",\"urlTemplate\":\"https:\\\/\\\/lightweb.dev\\\/l\\\/svm-temp\\\/?s={search_term_string}\"},\"query-input\":{\"@type\":\"PropertyValueSpecification\",\"valueRequired\":true,\"valueName\":\"search_term_string\"}}],\"inLanguage\":\"sv-SE\"},{\"@type\":\"Organization\",\"@id\":\"https:\\\/\\\/lightweb.dev\\\/l\\\/svm-temp\\\/#organization\",\"name\":\"Melkerson y Nott SL\",\"alternateName\":\"Svenska Magasinet\",\"url\":\"https:\\\/\\\/lightweb.dev\\\/l\\\/svm-temp\\\/\",\"logo\":{\"@type\":\"ImageObject\",\"inLanguage\":\"sv-SE\",\"@id\":\"https:\\\/\\\/lightweb.dev\\\/l\\\/svm-temp\\\/#\\\/schema\\\/logo\\\/image\\\/\",\"url\":\"https:\\\/\\\/lightweb.dev\\\/l\\\/svm-temp\\\/wp-content\\\/uploads\\\/2025\\\/02\\\/SvM-logo-Xtra-Centrerad-SVART.png\",\"contentUrl\":\"https:\\\/\\\/lightweb.dev\\\/l\\\/svm-temp\\\/wp-content\\\/uploads\\\/2025\\\/02\\\/SvM-logo-Xtra-Centrerad-SVART.png\",\"width\":300,\"height\":99,\"caption\":\"Melkerson y Nott SL\"},\"image\":{\"@id\":\"https:\\\/\\\/lightweb.dev\\\/l\\\/svm-temp\\\/#\\\/schema\\\/logo\\\/image\\\/\"},\"sameAs\":[\"https:\\\/\\\/www.facebook.com\\\/svenskamagasinet\",\"https:\\\/\\\/x.com\\\/SvenskaMagasine\"]},{\"@type\":\"Person\",\"@id\":\"https:\\\/\\\/lightweb.dev\\\/l\\\/svm-temp\\\/#\\\/schema\\\/person\\\/206a3bda5b607b0c25e1749191e4d837\",\"name\":\"Redaktionen SvM\",\"description\":\"Redaktionen\",\"sameAs\":[\"https:\\\/\\\/lightweb.dev\\\/l\\\/svm-temp\"],\"url\":\"https:\\\/\\\/lightweb.dev\\\/l\\\/svm-temp\\\/reporter\\\/redaktionen\\\/\"}]}<\/script>\n<!-- \/ Yoast SEO Premium plugin. -->","yoast_head_json":{"title":"Fr\u00e5ga John \u2013 om spansk politik - Svenska Magasinet","robots":{"index":"noindex","follow":"follow","max-snippet":"max-snippet:-1","max-image-preview":"max-image-preview:large","max-video-preview":"max-video-preview:-1"},"og_locale":"sv_SE","og_type":"article","og_title":"Fr\u00e5ga John \u2013 om spansk politik","og_description":"I dessa dagar befinner sig Spanien i valspurt inf\u00f6r det allm\u00e4nna valet den 20 november. I Spanien \u00e4r det tre val som alla h\u00e5lls vart fj\u00e4rde \u00e5r. Av John Frank Langmaack, Partido Popular Mijas Vid det allm\u00e4nna valet i Spanien kan endast personer som \u00e4r spanska medborgare delta, det som har spansk nationalitet antingen de [&hellip;]","og_url":"https:\/\/lightweb.dev\/l\/svm-temp\/artiklar\/fraga-john-om-spansk-politik\/","og_site_name":"Svenska Magasinet","article_publisher":"https:\/\/www.facebook.com\/svenskamagasinet","article_published_time":"2011-11-08T23:00:00+00:00","og_image":[{"width":280,"height":431,"url":"https:\/\/lightweb.dev\/l\/svm-temp\/wp-content\/uploads\/2022\/04\/frga-john-om-spansk-politik.png","type":"image\/png"}],"author":"Redaktionen SvM","twitter_card":"summary_large_image","twitter_creator":"@SvenskaMagasine","twitter_site":"@SvenskaMagasine","schema":{"@context":"https:\/\/schema.org","@graph":[{"@type":"Article","@id":"https:\/\/lightweb.dev\/l\/svm-temp\/artiklar\/fraga-john-om-spansk-politik\/#article","isPartOf":{"@id":"https:\/\/lightweb.dev\/l\/svm-temp\/artiklar\/fraga-john-om-spansk-politik\/"},"author":{"name":"Redaktionen SvM","@id":"https:\/\/lightweb.dev\/l\/svm-temp\/#\/schema\/person\/206a3bda5b607b0c25e1749191e4d837"},"headline":"Fr\u00e5ga John \u2013 om spansk politik","datePublished":"2011-11-08T23:00:00+00:00","mainEntityOfPage":{"@id":"https:\/\/lightweb.dev\/l\/svm-temp\/artiklar\/fraga-john-om-spansk-politik\/"},"wordCount":944,"commentCount":0,"publisher":{"@id":"https:\/\/lightweb.dev\/l\/svm-temp\/#organization"},"image":{"@id":"https:\/\/lightweb.dev\/l\/svm-temp\/artiklar\/fraga-john-om-spansk-politik\/#primaryimage"},"thumbnailUrl":"https:\/\/lightweb.dev\/l\/svm-temp\/wp-content\/uploads\/2022\/04\/frga-john-om-spansk-politik.png","articleSection":["Arkiv","Artiklar"],"inLanguage":"sv-SE"},{"@type":"WebPage","@id":"https:\/\/lightweb.dev\/l\/svm-temp\/artiklar\/fraga-john-om-spansk-politik\/","url":"https:\/\/lightweb.dev\/l\/svm-temp\/artiklar\/fraga-john-om-spansk-politik\/","name":"Fr\u00e5ga John \u2013 om spansk politik - Svenska Magasinet","isPartOf":{"@id":"https:\/\/lightweb.dev\/l\/svm-temp\/#website"},"primaryImageOfPage":{"@id":"https:\/\/lightweb.dev\/l\/svm-temp\/artiklar\/fraga-john-om-spansk-politik\/#primaryimage"},"image":{"@id":"https:\/\/lightweb.dev\/l\/svm-temp\/artiklar\/fraga-john-om-spansk-politik\/#primaryimage"},"thumbnailUrl":"https:\/\/lightweb.dev\/l\/svm-temp\/wp-content\/uploads\/2022\/04\/frga-john-om-spansk-politik.png","datePublished":"2011-11-08T23:00:00+00:00","breadcrumb":{"@id":"https:\/\/lightweb.dev\/l\/svm-temp\/artiklar\/fraga-john-om-spansk-politik\/#breadcrumb"},"inLanguage":"sv-SE","potentialAction":[{"@type":"ReadAction","target":["https:\/\/lightweb.dev\/l\/svm-temp\/artiklar\/fraga-john-om-spansk-politik\/"]}]},{"@type":"ImageObject","inLanguage":"sv-SE","@id":"https:\/\/lightweb.dev\/l\/svm-temp\/artiklar\/fraga-john-om-spansk-politik\/#primaryimage","url":"https:\/\/lightweb.dev\/l\/svm-temp\/wp-content\/uploads\/2022\/04\/frga-john-om-spansk-politik.png","contentUrl":"https:\/\/lightweb.dev\/l\/svm-temp\/wp-content\/uploads\/2022\/04\/frga-john-om-spansk-politik.png","width":280,"height":431},{"@type":"BreadcrumbList","@id":"https:\/\/lightweb.dev\/l\/svm-temp\/artiklar\/fraga-john-om-spansk-politik\/#breadcrumb","itemListElement":[{"@type":"ListItem","position":1,"name":"Hem","item":"https:\/\/lightweb.dev\/l\/svm-temp\/"},{"@type":"ListItem","position":2,"name":"Fr\u00e5ga John \u2013 om spansk politik"}]},{"@type":"WebSite","@id":"https:\/\/lightweb.dev\/l\/svm-temp\/#website","url":"https:\/\/lightweb.dev\/l\/svm-temp\/","name":"Svenska Magasinet","description":"Dina Spanska nyheter p&aring; Svenska","publisher":{"@id":"https:\/\/lightweb.dev\/l\/svm-temp\/#organization"},"potentialAction":[{"@type":"SearchAction","target":{"@type":"EntryPoint","urlTemplate":"https:\/\/lightweb.dev\/l\/svm-temp\/?s={search_term_string}"},"query-input":{"@type":"PropertyValueSpecification","valueRequired":true,"valueName":"search_term_string"}}],"inLanguage":"sv-SE"},{"@type":"Organization","@id":"https:\/\/lightweb.dev\/l\/svm-temp\/#organization","name":"Melkerson y Nott SL","alternateName":"Svenska Magasinet","url":"https:\/\/lightweb.dev\/l\/svm-temp\/","logo":{"@type":"ImageObject","inLanguage":"sv-SE","@id":"https:\/\/lightweb.dev\/l\/svm-temp\/#\/schema\/logo\/image\/","url":"https:\/\/lightweb.dev\/l\/svm-temp\/wp-content\/uploads\/2025\/02\/SvM-logo-Xtra-Centrerad-SVART.png","contentUrl":"https:\/\/lightweb.dev\/l\/svm-temp\/wp-content\/uploads\/2025\/02\/SvM-logo-Xtra-Centrerad-SVART.png","width":300,"height":99,"caption":"Melkerson y Nott SL"},"image":{"@id":"https:\/\/lightweb.dev\/l\/svm-temp\/#\/schema\/logo\/image\/"},"sameAs":["https:\/\/www.facebook.com\/svenskamagasinet","https:\/\/x.com\/SvenskaMagasine"]},{"@type":"Person","@id":"https:\/\/lightweb.dev\/l\/svm-temp\/#\/schema\/person\/206a3bda5b607b0c25e1749191e4d837","name":"Redaktionen SvM","description":"Redaktionen","sameAs":["https:\/\/lightweb.dev\/l\/svm-temp"],"url":"https:\/\/lightweb.dev\/l\/svm-temp\/reporter\/redaktionen\/"}]}},"_links":{"self":[{"href":"https:\/\/lightweb.dev\/l\/svm-temp\/wp-json\/wp\/v2\/posts\/3980","targetHints":{"allow":["GET"]}}],"collection":[{"href":"https:\/\/lightweb.dev\/l\/svm-temp\/wp-json\/wp\/v2\/posts"}],"about":[{"href":"https:\/\/lightweb.dev\/l\/svm-temp\/wp-json\/wp\/v2\/types\/post"}],"author":[{"embeddable":true,"href":"https:\/\/lightweb.dev\/l\/svm-temp\/wp-json\/wp\/v2\/users\/8"}],"replies":[{"embeddable":true,"href":"https:\/\/lightweb.dev\/l\/svm-temp\/wp-json\/wp\/v2\/comments?post=3980"}],"version-history":[{"count":0,"href":"https:\/\/lightweb.dev\/l\/svm-temp\/wp-json\/wp\/v2\/posts\/3980\/revisions"}],"wp:featuredmedia":[{"embeddable":true,"href":"https:\/\/lightweb.dev\/l\/svm-temp\/wp-json\/wp\/v2\/media\/3981"}],"wp:attachment":[{"href":"https:\/\/lightweb.dev\/l\/svm-temp\/wp-json\/wp\/v2\/media?parent=3980"}],"wp:term":[{"taxonomy":"category","embeddable":true,"href":"https:\/\/lightweb.dev\/l\/svm-temp\/wp-json\/wp\/v2\/categories?post=3980"},{"taxonomy":"post_tag","embeddable":true,"href":"https:\/\/lightweb.dev\/l\/svm-temp\/wp-json\/wp\/v2\/tags?post=3980"}],"curies":[{"name":"wp","href":"https:\/\/api.w.org\/{rel}","templated":true}]}}