{"id":3988,"date":"2011-11-09T00:00:00","date_gmt":"2011-11-08T23:00:00","guid":{"rendered":"https:\/\/lightweb.dev\/l\/svm-temp\/spanien-just-nu-hyllat-eta-lagger-ned-vapnen-for-gott\/"},"modified":"2011-11-09T00:00:00","modified_gmt":"2011-11-08T23:00:00","slug":"spanien-just-nu-hyllat-eta-lagger-ned-vapnen-for-gott","status":"publish","type":"post","link":"https:\/\/lightweb.dev\/l\/svm-temp\/artiklar\/spanien-just-nu-hyllat-eta-lagger-ned-vapnen-for-gott\/","title":{"rendered":"Spanien just nu \u2013 hyllat ETA l\u00e4gger ned vapnen f\u00f6r gott?"},"content":{"rendered":"<p> Den spanska v\u00e4nstern har ett delat f\u00f6rh\u00e5llande till ETA. Givetvis m\u00e5ste terroristorganisationen f\u00f6rd\u00f6mas, samtidigt har m\u00e5nga v\u00e4nsterintellektuella hyllat ETA som en befrielser\u00f6relse. Terroristorganisationen ETA s\u00e5gs som en frihetsr\u00f6relse fram till att demokrati inf\u00f6rdes i Spanien. Att ETA \u00e4ven d\u00f6dade m\u00e4nniskor dessf\u00f6rinnan spelar mindre roll Av Ola Josefsson<br \/>\nDen spanske kungen Juan Carlos I \u00e4r den som st\u00e5tt h\u00f6gst upp p\u00e5 ETA:s d\u00f6dslista. Politiker, poliser, civilgardister, s\u00e4kerhetsfolk, f\u00f6retagare, civila och barn har d\u00f6dats eller hotats.<br \/>\nSpanjorernas avsky mot ETA har i regel varit tydlig. Vem minns inte den 15 juli 2000 d\u00e5 ETA kallblodigt sk\u00f6t ihj\u00e4l PP-politikern Jos\u00e9 Mar\u00eda Mart\u00edn Carpena i M\u00e1laga med fyra skott framf\u00f6r hans fru och barn. \u00d6ver 300.000 M\u00e1lagabor sl\u00f6t upp p\u00e5 stadens gator i samband med en protest. Det \u00e4r den st\u00f6rsta manifestationen i M\u00e1lagas historia.<br \/>\nDen spanska terroristorganisationen ETA meddelade den 20 oktober att r\u00f6relsen l\u00e4gger ned vapnen f\u00f6r gott. Beskedet kom som m\u00e5nga g\u00e5nger tidigare via den baskiska tidningen Gara. ETA talar endast om ett &#8221;definitivt upph\u00f6rande av v\u00e4pnad aktivitet&#8221;, men de s\u00e4ger ingenting om att terroristgruppen ska uppl\u00f6sas eller om gruppen ska avv\u00e4pnas. N\u00e5gon urs\u00e4kt till ETA-offren framf\u00f6rs inte heller.<\/p>\n<p>Beskedet fr\u00e5n ETA att l\u00e4gga ned den v\u00e4pnade aktiviteten kom exakt en m\u00e5nad f\u00f6re det spanska allm\u00e4nna valet. Att ETA h\u00e5ller en socialistisk regering f\u00f6re en h\u00f6gerregering \u00e4r ingen hemlighet. Kan PSOE plocka r\u00f6ster p\u00e5 ETA:s utspel, en del bed\u00f6mare tror det.<br \/>\nRedan i somras spekulerades det i att ETA skulle uppr\u00e4tth\u00e5lla \u201dpermanent vapenvila\u201d fram till de allm\u00e4nna valen i Spanien som enligt ursprungsplanen skulle ha varit i mars n\u00e4sta \u00e5r.<br \/>\nVid lokalvalen i maj fick koalitionen Bildu stora framg\u00e5ngar i Baskien. Det radikala v\u00e4nsterpartiet Bildu bildades f\u00f6re kommunalvalet efter att ha blivit godk\u00e4nt av Spaniens f\u00f6rfattningsdomstol Tribunal Constitucional. F\u00f6rfattningsdomstolen fick utst\u00e5 h\u00e5rd kritik f\u00f6r sitt beslut (med sex r\u00f6ster mot fem) att l\u00e5ta koalitionen \u201dnationalistiska baskiska partiet Bildu\u201d delta i kommunalvalen 22 maj.<br \/>\nBildu tog sedan makten i 123 kommuner i Baskien, ibland annat San Sebasti\u00e1n. Samtidigt f\u00e5r Bildu under de n\u00e4rmaste fyra \u00e5ren statsbidrag p\u00e5 n\u00e4rmare 1.869 miljoner euro. ETA d\u00e4remot brottas med finansiella problem. Med Bildu finns en akt\u00f6r p\u00e5 den politiska banan som dessutom har goda finanser och som \u00e4ven plockat ned den spanska flaggan och portr\u00e4tt p\u00e5 den spanske kungen i vissa kommunhus i Baskien. Nationalisterna och extremv\u00e4nstern appl\u00e5derar.<br \/>\nETA har fram till oktober avvaktat f\u00f6r att se hur det nya politiska partiet Bildu v\u00e4xer i sina kl\u00e4der och vilka m\u00f6jligheter partiet har i det politiska livet. ETA har sett att Bildu har spelat ut sina kort r\u00e4tt. Kraven att ETA-f\u00e5ngar ska flyttas till f\u00e4ngelser i Baskien h\u00f6rdes efter lokalvalen liksom att den nuvarande spanska kriminalv\u00e5rdspolitiken \u201dska avvecklas\u201d, allt detta ligger i linje med ETA:s \u00f6nskem\u00e5l.<br \/>\nETA:s (Euskadi Ta Askatasuna, Baskiskt hemland och frihet) krav att Baskien blir en sj\u00e4lvst\u00e4ndig nation har misslyckats. Regionen i norra Spanien har \u00e5 andra sidan f\u00e5tt ett visst m\u00e5tt av sj\u00e4lvstyre. Och enligt ETA, med 857 liv p\u00e5 sitt samvete, \u00e4r det l\u00e4ttare att f\u00e5 till ut\u00f6kat sj\u00e4lvstyre om en socialist sitter p\u00e5 posten som premi\u00e4rminister i Madrid.<br \/>\nF\u00f6r \u00f6vrigt kommer den extrema baskiska v\u00e4nstern Amaiur att kandidera vid det allm\u00e4nna valet den 20 november. Bakom Amaiur st\u00e5r partiet Aralar och Bildu. Det finns kritiska r\u00f6ster som menar att Amaiur skulle vara det f\u00f6rbjudna Batasuna men i en annan skepnad.<br \/>\nETA har under \u00e5rens lopp rest m\u00e5nga krav som att f\u00e4ngslade ETA-f\u00e5ngar ska f\u00e5 avtj\u00e4na sina straff vid f\u00e5ngv\u00e5rdsanstalter i Baskien samma krav som Bidu reste efter lokalvalet. Jag hoppas att man inte g\u00e5r terroristorganisations \u00f6nskem\u00e5l till m\u00f6tes i denna fr\u00e5ga. Att en terroristorganisation ska best\u00e4mma var d\u00f6mda terrorister ska sitta f\u00e4ngslade \u00e4r knappast till st\u00f6d f\u00f6r anh\u00f6riga till terrorismens offer. <\/p>\n","protected":false},"excerpt":{"rendered":"<p>Den spanska v\u00e4nstern har ett delat f\u00f6rh\u00e5llande till ETA. Givetvis m\u00e5ste terroristorganisationen f\u00f6rd\u00f6mas, samtidigt har m\u00e5nga v\u00e4nsterintellektuella hyllat ETA som en befrielser\u00f6relse. Terroristorganisationen ETA s\u00e5gs som en frihetsr\u00f6relse fram till att demokrati inf\u00f6rdes i Spanien. Att ETA \u00e4ven d\u00f6dade m\u00e4nniskor dessf\u00f6rinnan spelar mindre roll Av Ola Josefsson Den spanske kungen Juan Carlos I \u00e4r den [&hellip;]<\/p>\n","protected":false},"author":8,"featured_media":3989,"comment_status":"open","ping_status":"open","sticky":false,"template":"","format":"standard","meta":{"_et_pb_use_builder":"","_et_pb_old_content":"","_et_gb_content_width":"","footnotes":""},"categories":[4,36],"tags":[],"class_list":["post-3988","post","type-post","status-publish","format-standard","has-post-thumbnail","hentry","category-artiklar","category-spanien-just-nu"],"yoast_head":"<!-- This site is optimized with the Yoast SEO Premium plugin v26.2 (Yoast SEO v28.2) - https:\/\/yoast.com\/product\/yoast-seo-premium-wordpress\/ -->\n<title>Spanien just nu \u2013 hyllat ETA l\u00e4gger ned vapnen f\u00f6r gott? - Svenska Magasinet<\/title>\n<meta name=\"robots\" content=\"noindex, follow, max-snippet:-1, max-image-preview:large, max-video-preview:-1\" \/>\n<meta property=\"og:locale\" content=\"sv_SE\" \/>\n<meta property=\"og:type\" content=\"article\" \/>\n<meta property=\"og:title\" content=\"Spanien just nu \u2013 hyllat ETA l\u00e4gger ned vapnen f\u00f6r gott?\" \/>\n<meta property=\"og:description\" content=\"Den spanska v\u00e4nstern har ett delat f\u00f6rh\u00e5llande till ETA. Givetvis m\u00e5ste terroristorganisationen f\u00f6rd\u00f6mas, samtidigt har m\u00e5nga v\u00e4nsterintellektuella hyllat ETA som en befrielser\u00f6relse. Terroristorganisationen ETA s\u00e5gs som en frihetsr\u00f6relse fram till att demokrati inf\u00f6rdes i Spanien. Att ETA \u00e4ven d\u00f6dade m\u00e4nniskor dessf\u00f6rinnan spelar mindre roll Av Ola Josefsson Den spanske kungen Juan Carlos I \u00e4r den [&hellip;]\" \/>\n<meta property=\"og:url\" content=\"https:\/\/lightweb.dev\/l\/svm-temp\/artiklar\/spanien-just-nu-hyllat-eta-lagger-ned-vapnen-for-gott\/\" \/>\n<meta property=\"og:site_name\" content=\"Svenska Magasinet\" \/>\n<meta property=\"article:publisher\" content=\"https:\/\/www.facebook.com\/svenskamagasinet\" \/>\n<meta property=\"article:published_time\" content=\"2011-11-08T23:00:00+00:00\" \/>\n<meta property=\"og:image\" content=\"https:\/\/lightweb.dev\/l\/svm-temp\/wp-content\/uploads\/2022\/04\/spanien-just-nu-hyllat-eta-lgger-ned-vapnen-fr-gott.png\" \/>\n\t<meta property=\"og:image:width\" content=\"280\" \/>\n\t<meta property=\"og:image:height\" content=\"419\" \/>\n\t<meta property=\"og:image:type\" content=\"image\/png\" \/>\n<meta name=\"author\" content=\"Redaktionen SvM\" \/>\n<meta name=\"twitter:card\" content=\"summary_large_image\" \/>\n<meta name=\"twitter:creator\" content=\"@SvenskaMagasine\" \/>\n<meta name=\"twitter:site\" content=\"@SvenskaMagasine\" \/>\n<script type=\"application\/ld+json\" class=\"yoast-schema-graph\">{\"@context\":\"https:\\\/\\\/schema.org\",\"@graph\":[{\"@type\":\"Article\",\"@id\":\"https:\\\/\\\/lightweb.dev\\\/l\\\/svm-temp\\\/artiklar\\\/spanien-just-nu-hyllat-eta-lagger-ned-vapnen-for-gott\\\/#article\",\"isPartOf\":{\"@id\":\"https:\\\/\\\/lightweb.dev\\\/l\\\/svm-temp\\\/artiklar\\\/spanien-just-nu-hyllat-eta-lagger-ned-vapnen-for-gott\\\/\"},\"author\":{\"name\":\"Redaktionen SvM\",\"@id\":\"https:\\\/\\\/lightweb.dev\\\/l\\\/svm-temp\\\/#\\\/schema\\\/person\\\/206a3bda5b607b0c25e1749191e4d837\"},\"headline\":\"Spanien just nu \u2013 hyllat ETA l\u00e4gger ned vapnen f\u00f6r gott?\",\"datePublished\":\"2011-11-08T23:00:00+00:00\",\"mainEntityOfPage\":{\"@id\":\"https:\\\/\\\/lightweb.dev\\\/l\\\/svm-temp\\\/artiklar\\\/spanien-just-nu-hyllat-eta-lagger-ned-vapnen-for-gott\\\/\"},\"wordCount\":735,\"commentCount\":0,\"publisher\":{\"@id\":\"https:\\\/\\\/lightweb.dev\\\/l\\\/svm-temp\\\/#organization\"},\"image\":{\"@id\":\"https:\\\/\\\/lightweb.dev\\\/l\\\/svm-temp\\\/artiklar\\\/spanien-just-nu-hyllat-eta-lagger-ned-vapnen-for-gott\\\/#primaryimage\"},\"thumbnailUrl\":\"https:\\\/\\\/lightweb.dev\\\/l\\\/svm-temp\\\/wp-content\\\/uploads\\\/2022\\\/04\\\/spanien-just-nu-hyllat-eta-lgger-ned-vapnen-fr-gott.png\",\"articleSection\":[\"Artiklar\",\"Spanien just nu\"],\"inLanguage\":\"sv-SE\"},{\"@type\":\"WebPage\",\"@id\":\"https:\\\/\\\/lightweb.dev\\\/l\\\/svm-temp\\\/artiklar\\\/spanien-just-nu-hyllat-eta-lagger-ned-vapnen-for-gott\\\/\",\"url\":\"https:\\\/\\\/lightweb.dev\\\/l\\\/svm-temp\\\/artiklar\\\/spanien-just-nu-hyllat-eta-lagger-ned-vapnen-for-gott\\\/\",\"name\":\"Spanien just nu \u2013 hyllat ETA l\u00e4gger ned vapnen f\u00f6r gott? - Svenska Magasinet\",\"isPartOf\":{\"@id\":\"https:\\\/\\\/lightweb.dev\\\/l\\\/svm-temp\\\/#website\"},\"primaryImageOfPage\":{\"@id\":\"https:\\\/\\\/lightweb.dev\\\/l\\\/svm-temp\\\/artiklar\\\/spanien-just-nu-hyllat-eta-lagger-ned-vapnen-for-gott\\\/#primaryimage\"},\"image\":{\"@id\":\"https:\\\/\\\/lightweb.dev\\\/l\\\/svm-temp\\\/artiklar\\\/spanien-just-nu-hyllat-eta-lagger-ned-vapnen-for-gott\\\/#primaryimage\"},\"thumbnailUrl\":\"https:\\\/\\\/lightweb.dev\\\/l\\\/svm-temp\\\/wp-content\\\/uploads\\\/2022\\\/04\\\/spanien-just-nu-hyllat-eta-lgger-ned-vapnen-fr-gott.png\",\"datePublished\":\"2011-11-08T23:00:00+00:00\",\"breadcrumb\":{\"@id\":\"https:\\\/\\\/lightweb.dev\\\/l\\\/svm-temp\\\/artiklar\\\/spanien-just-nu-hyllat-eta-lagger-ned-vapnen-for-gott\\\/#breadcrumb\"},\"inLanguage\":\"sv-SE\",\"potentialAction\":[{\"@type\":\"ReadAction\",\"target\":[\"https:\\\/\\\/lightweb.dev\\\/l\\\/svm-temp\\\/artiklar\\\/spanien-just-nu-hyllat-eta-lagger-ned-vapnen-for-gott\\\/\"]}]},{\"@type\":\"ImageObject\",\"inLanguage\":\"sv-SE\",\"@id\":\"https:\\\/\\\/lightweb.dev\\\/l\\\/svm-temp\\\/artiklar\\\/spanien-just-nu-hyllat-eta-lagger-ned-vapnen-for-gott\\\/#primaryimage\",\"url\":\"https:\\\/\\\/lightweb.dev\\\/l\\\/svm-temp\\\/wp-content\\\/uploads\\\/2022\\\/04\\\/spanien-just-nu-hyllat-eta-lgger-ned-vapnen-fr-gott.png\",\"contentUrl\":\"https:\\\/\\\/lightweb.dev\\\/l\\\/svm-temp\\\/wp-content\\\/uploads\\\/2022\\\/04\\\/spanien-just-nu-hyllat-eta-lgger-ned-vapnen-fr-gott.png\",\"width\":280,\"height\":419},{\"@type\":\"BreadcrumbList\",\"@id\":\"https:\\\/\\\/lightweb.dev\\\/l\\\/svm-temp\\\/artiklar\\\/spanien-just-nu-hyllat-eta-lagger-ned-vapnen-for-gott\\\/#breadcrumb\",\"itemListElement\":[{\"@type\":\"ListItem\",\"position\":1,\"name\":\"Hem\",\"item\":\"https:\\\/\\\/lightweb.dev\\\/l\\\/svm-temp\\\/\"},{\"@type\":\"ListItem\",\"position\":2,\"name\":\"Spanien just nu \u2013 hyllat ETA l\u00e4gger ned vapnen f\u00f6r gott?\"}]},{\"@type\":\"WebSite\",\"@id\":\"https:\\\/\\\/lightweb.dev\\\/l\\\/svm-temp\\\/#website\",\"url\":\"https:\\\/\\\/lightweb.dev\\\/l\\\/svm-temp\\\/\",\"name\":\"Svenska Magasinet\",\"description\":\"Dina Spanska nyheter p&aring; Svenska\",\"publisher\":{\"@id\":\"https:\\\/\\\/lightweb.dev\\\/l\\\/svm-temp\\\/#organization\"},\"potentialAction\":[{\"@type\":\"SearchAction\",\"target\":{\"@type\":\"EntryPoint\",\"urlTemplate\":\"https:\\\/\\\/lightweb.dev\\\/l\\\/svm-temp\\\/?s={search_term_string}\"},\"query-input\":{\"@type\":\"PropertyValueSpecification\",\"valueRequired\":true,\"valueName\":\"search_term_string\"}}],\"inLanguage\":\"sv-SE\"},{\"@type\":\"Organization\",\"@id\":\"https:\\\/\\\/lightweb.dev\\\/l\\\/svm-temp\\\/#organization\",\"name\":\"Melkerson y Nott SL\",\"alternateName\":\"Svenska Magasinet\",\"url\":\"https:\\\/\\\/lightweb.dev\\\/l\\\/svm-temp\\\/\",\"logo\":{\"@type\":\"ImageObject\",\"inLanguage\":\"sv-SE\",\"@id\":\"https:\\\/\\\/lightweb.dev\\\/l\\\/svm-temp\\\/#\\\/schema\\\/logo\\\/image\\\/\",\"url\":\"https:\\\/\\\/lightweb.dev\\\/l\\\/svm-temp\\\/wp-content\\\/uploads\\\/2025\\\/02\\\/SvM-logo-Xtra-Centrerad-SVART.png\",\"contentUrl\":\"https:\\\/\\\/lightweb.dev\\\/l\\\/svm-temp\\\/wp-content\\\/uploads\\\/2025\\\/02\\\/SvM-logo-Xtra-Centrerad-SVART.png\",\"width\":300,\"height\":99,\"caption\":\"Melkerson y Nott SL\"},\"image\":{\"@id\":\"https:\\\/\\\/lightweb.dev\\\/l\\\/svm-temp\\\/#\\\/schema\\\/logo\\\/image\\\/\"},\"sameAs\":[\"https:\\\/\\\/www.facebook.com\\\/svenskamagasinet\",\"https:\\\/\\\/x.com\\\/SvenskaMagasine\"]},{\"@type\":\"Person\",\"@id\":\"https:\\\/\\\/lightweb.dev\\\/l\\\/svm-temp\\\/#\\\/schema\\\/person\\\/206a3bda5b607b0c25e1749191e4d837\",\"name\":\"Redaktionen SvM\",\"description\":\"Redaktionen\",\"sameAs\":[\"https:\\\/\\\/lightweb.dev\\\/l\\\/svm-temp\"],\"url\":\"https:\\\/\\\/lightweb.dev\\\/l\\\/svm-temp\\\/reporter\\\/redaktionen\\\/\"}]}<\/script>\n<!-- \/ Yoast SEO Premium plugin. -->","yoast_head_json":{"title":"Spanien just nu \u2013 hyllat ETA l\u00e4gger ned vapnen f\u00f6r gott? - Svenska Magasinet","robots":{"index":"noindex","follow":"follow","max-snippet":"max-snippet:-1","max-image-preview":"max-image-preview:large","max-video-preview":"max-video-preview:-1"},"og_locale":"sv_SE","og_type":"article","og_title":"Spanien just nu \u2013 hyllat ETA l\u00e4gger ned vapnen f\u00f6r gott?","og_description":"Den spanska v\u00e4nstern har ett delat f\u00f6rh\u00e5llande till ETA. Givetvis m\u00e5ste terroristorganisationen f\u00f6rd\u00f6mas, samtidigt har m\u00e5nga v\u00e4nsterintellektuella hyllat ETA som en befrielser\u00f6relse. Terroristorganisationen ETA s\u00e5gs som en frihetsr\u00f6relse fram till att demokrati inf\u00f6rdes i Spanien. Att ETA \u00e4ven d\u00f6dade m\u00e4nniskor dessf\u00f6rinnan spelar mindre roll Av Ola Josefsson Den spanske kungen Juan Carlos I \u00e4r den [&hellip;]","og_url":"https:\/\/lightweb.dev\/l\/svm-temp\/artiklar\/spanien-just-nu-hyllat-eta-lagger-ned-vapnen-for-gott\/","og_site_name":"Svenska Magasinet","article_publisher":"https:\/\/www.facebook.com\/svenskamagasinet","article_published_time":"2011-11-08T23:00:00+00:00","og_image":[{"width":280,"height":419,"url":"https:\/\/lightweb.dev\/l\/svm-temp\/wp-content\/uploads\/2022\/04\/spanien-just-nu-hyllat-eta-lgger-ned-vapnen-fr-gott.png","type":"image\/png"}],"author":"Redaktionen SvM","twitter_card":"summary_large_image","twitter_creator":"@SvenskaMagasine","twitter_site":"@SvenskaMagasine","schema":{"@context":"https:\/\/schema.org","@graph":[{"@type":"Article","@id":"https:\/\/lightweb.dev\/l\/svm-temp\/artiklar\/spanien-just-nu-hyllat-eta-lagger-ned-vapnen-for-gott\/#article","isPartOf":{"@id":"https:\/\/lightweb.dev\/l\/svm-temp\/artiklar\/spanien-just-nu-hyllat-eta-lagger-ned-vapnen-for-gott\/"},"author":{"name":"Redaktionen SvM","@id":"https:\/\/lightweb.dev\/l\/svm-temp\/#\/schema\/person\/206a3bda5b607b0c25e1749191e4d837"},"headline":"Spanien just nu \u2013 hyllat ETA l\u00e4gger ned vapnen f\u00f6r gott?","datePublished":"2011-11-08T23:00:00+00:00","mainEntityOfPage":{"@id":"https:\/\/lightweb.dev\/l\/svm-temp\/artiklar\/spanien-just-nu-hyllat-eta-lagger-ned-vapnen-for-gott\/"},"wordCount":735,"commentCount":0,"publisher":{"@id":"https:\/\/lightweb.dev\/l\/svm-temp\/#organization"},"image":{"@id":"https:\/\/lightweb.dev\/l\/svm-temp\/artiklar\/spanien-just-nu-hyllat-eta-lagger-ned-vapnen-for-gott\/#primaryimage"},"thumbnailUrl":"https:\/\/lightweb.dev\/l\/svm-temp\/wp-content\/uploads\/2022\/04\/spanien-just-nu-hyllat-eta-lgger-ned-vapnen-fr-gott.png","articleSection":["Artiklar","Spanien just nu"],"inLanguage":"sv-SE"},{"@type":"WebPage","@id":"https:\/\/lightweb.dev\/l\/svm-temp\/artiklar\/spanien-just-nu-hyllat-eta-lagger-ned-vapnen-for-gott\/","url":"https:\/\/lightweb.dev\/l\/svm-temp\/artiklar\/spanien-just-nu-hyllat-eta-lagger-ned-vapnen-for-gott\/","name":"Spanien just nu \u2013 hyllat ETA l\u00e4gger ned vapnen f\u00f6r gott? - Svenska Magasinet","isPartOf":{"@id":"https:\/\/lightweb.dev\/l\/svm-temp\/#website"},"primaryImageOfPage":{"@id":"https:\/\/lightweb.dev\/l\/svm-temp\/artiklar\/spanien-just-nu-hyllat-eta-lagger-ned-vapnen-for-gott\/#primaryimage"},"image":{"@id":"https:\/\/lightweb.dev\/l\/svm-temp\/artiklar\/spanien-just-nu-hyllat-eta-lagger-ned-vapnen-for-gott\/#primaryimage"},"thumbnailUrl":"https:\/\/lightweb.dev\/l\/svm-temp\/wp-content\/uploads\/2022\/04\/spanien-just-nu-hyllat-eta-lgger-ned-vapnen-fr-gott.png","datePublished":"2011-11-08T23:00:00+00:00","breadcrumb":{"@id":"https:\/\/lightweb.dev\/l\/svm-temp\/artiklar\/spanien-just-nu-hyllat-eta-lagger-ned-vapnen-for-gott\/#breadcrumb"},"inLanguage":"sv-SE","potentialAction":[{"@type":"ReadAction","target":["https:\/\/lightweb.dev\/l\/svm-temp\/artiklar\/spanien-just-nu-hyllat-eta-lagger-ned-vapnen-for-gott\/"]}]},{"@type":"ImageObject","inLanguage":"sv-SE","@id":"https:\/\/lightweb.dev\/l\/svm-temp\/artiklar\/spanien-just-nu-hyllat-eta-lagger-ned-vapnen-for-gott\/#primaryimage","url":"https:\/\/lightweb.dev\/l\/svm-temp\/wp-content\/uploads\/2022\/04\/spanien-just-nu-hyllat-eta-lgger-ned-vapnen-fr-gott.png","contentUrl":"https:\/\/lightweb.dev\/l\/svm-temp\/wp-content\/uploads\/2022\/04\/spanien-just-nu-hyllat-eta-lgger-ned-vapnen-fr-gott.png","width":280,"height":419},{"@type":"BreadcrumbList","@id":"https:\/\/lightweb.dev\/l\/svm-temp\/artiklar\/spanien-just-nu-hyllat-eta-lagger-ned-vapnen-for-gott\/#breadcrumb","itemListElement":[{"@type":"ListItem","position":1,"name":"Hem","item":"https:\/\/lightweb.dev\/l\/svm-temp\/"},{"@type":"ListItem","position":2,"name":"Spanien just nu \u2013 hyllat ETA l\u00e4gger ned vapnen f\u00f6r gott?"}]},{"@type":"WebSite","@id":"https:\/\/lightweb.dev\/l\/svm-temp\/#website","url":"https:\/\/lightweb.dev\/l\/svm-temp\/","name":"Svenska Magasinet","description":"Dina Spanska nyheter p&aring; Svenska","publisher":{"@id":"https:\/\/lightweb.dev\/l\/svm-temp\/#organization"},"potentialAction":[{"@type":"SearchAction","target":{"@type":"EntryPoint","urlTemplate":"https:\/\/lightweb.dev\/l\/svm-temp\/?s={search_term_string}"},"query-input":{"@type":"PropertyValueSpecification","valueRequired":true,"valueName":"search_term_string"}}],"inLanguage":"sv-SE"},{"@type":"Organization","@id":"https:\/\/lightweb.dev\/l\/svm-temp\/#organization","name":"Melkerson y Nott SL","alternateName":"Svenska Magasinet","url":"https:\/\/lightweb.dev\/l\/svm-temp\/","logo":{"@type":"ImageObject","inLanguage":"sv-SE","@id":"https:\/\/lightweb.dev\/l\/svm-temp\/#\/schema\/logo\/image\/","url":"https:\/\/lightweb.dev\/l\/svm-temp\/wp-content\/uploads\/2025\/02\/SvM-logo-Xtra-Centrerad-SVART.png","contentUrl":"https:\/\/lightweb.dev\/l\/svm-temp\/wp-content\/uploads\/2025\/02\/SvM-logo-Xtra-Centrerad-SVART.png","width":300,"height":99,"caption":"Melkerson y Nott SL"},"image":{"@id":"https:\/\/lightweb.dev\/l\/svm-temp\/#\/schema\/logo\/image\/"},"sameAs":["https:\/\/www.facebook.com\/svenskamagasinet","https:\/\/x.com\/SvenskaMagasine"]},{"@type":"Person","@id":"https:\/\/lightweb.dev\/l\/svm-temp\/#\/schema\/person\/206a3bda5b607b0c25e1749191e4d837","name":"Redaktionen SvM","description":"Redaktionen","sameAs":["https:\/\/lightweb.dev\/l\/svm-temp"],"url":"https:\/\/lightweb.dev\/l\/svm-temp\/reporter\/redaktionen\/"}]}},"_links":{"self":[{"href":"https:\/\/lightweb.dev\/l\/svm-temp\/wp-json\/wp\/v2\/posts\/3988","targetHints":{"allow":["GET"]}}],"collection":[{"href":"https:\/\/lightweb.dev\/l\/svm-temp\/wp-json\/wp\/v2\/posts"}],"about":[{"href":"https:\/\/lightweb.dev\/l\/svm-temp\/wp-json\/wp\/v2\/types\/post"}],"author":[{"embeddable":true,"href":"https:\/\/lightweb.dev\/l\/svm-temp\/wp-json\/wp\/v2\/users\/8"}],"replies":[{"embeddable":true,"href":"https:\/\/lightweb.dev\/l\/svm-temp\/wp-json\/wp\/v2\/comments?post=3988"}],"version-history":[{"count":0,"href":"https:\/\/lightweb.dev\/l\/svm-temp\/wp-json\/wp\/v2\/posts\/3988\/revisions"}],"wp:featuredmedia":[{"embeddable":true,"href":"https:\/\/lightweb.dev\/l\/svm-temp\/wp-json\/wp\/v2\/media\/3989"}],"wp:attachment":[{"href":"https:\/\/lightweb.dev\/l\/svm-temp\/wp-json\/wp\/v2\/media?parent=3988"}],"wp:term":[{"taxonomy":"category","embeddable":true,"href":"https:\/\/lightweb.dev\/l\/svm-temp\/wp-json\/wp\/v2\/categories?post=3988"},{"taxonomy":"post_tag","embeddable":true,"href":"https:\/\/lightweb.dev\/l\/svm-temp\/wp-json\/wp\/v2\/tags?post=3988"}],"curies":[{"name":"wp","href":"https:\/\/api.w.org\/{rel}","templated":true}]}}