{"id":3992,"date":"2011-11-09T00:00:00","date_gmt":"2011-11-08T23:00:00","guid":{"rendered":"https:\/\/lightweb.dev\/l\/svm-temp\/vi-skickade-chefen-pa-halsocheck\/"},"modified":"2011-11-09T00:00:00","modified_gmt":"2011-11-08T23:00:00","slug":"vi-skickade-chefen-pa-halsocheck","status":"publish","type":"post","link":"https:\/\/lightweb.dev\/l\/svm-temp\/artiklar\/vi-skickade-chefen-pa-halsocheck\/","title":{"rendered":"Vi skickade chefen p\u00e5 h\u00e4lsocheck"},"content":{"rendered":"<p> L\u00e4mna in bilen p\u00e5 kontroll v\u00e4rderar de flesta som mycket viktigt. Men hur \u00e4r det med dig sj\u00e4lv? L\u00e4mnar du in din sj\u00e4lv f\u00f6r kontroll? En h\u00e4lsocheck borde i realiteten st\u00e5 h\u00f6gst i kurs. Av Ola Josefsson<br \/>\nHur m\u00e5r chefen, undrade vi p\u00e5 redaktionen. Vi beslutade att skicka Svenska Magasinets \u00e4gare, Christer Melkerson, p\u00e5 h\u00e4lsocheck till Xanit Hospital Internacional i Benalm\u00e1dena. Sjukhuset i Benalm\u00e1dena har funnits i sju \u00e5r. H\u00e4r arbetar 650 personer och sjukhuset h\u00e5ller h\u00f6gsta kvalitet. H\u00e4r kan du l\u00e4mna in dig sj\u00e4lv f\u00f6r h\u00e4lsocheck.<br \/>\nH\u00e4lsochecken inleds med att du f\u00e5r egen sjuksk\u00f6terska som talar om vad som kommer att h\u00e4nda under dagen. Du f\u00e5r ett eget rum och h\u00e4r byter du om till sjukhusets kl\u00e4dsel f\u00f6r patienter. Det \u00e4r viktigt att du tar med joggingskor, ett l\u00e4ttare fystest ing\u00e5r n\u00e4mligen i testet. P\u00e5 rummet har du tillg\u00e5ng till dusch.<br \/>\nDagen b\u00f6rjar \u00e4ven med blodprov varf\u00f6r det \u00e4r viktigt att du inte har \u00e4tit n\u00e5gonting p\u00e5 morgonen. N\u00e4r blodprovet \u00e4r gjort bjuder Xanit p\u00e5 frukost p\u00e5 ditt rum.<\/p>\n<p>Under dagen pratar du med flera l\u00e4kare beroende p\u00e5 vilket omr\u00e5de denne \u00e4r specialiserad p\u00e5. Du f\u00e5r fr\u00e5gor kring mediciner, allergier, om du r\u00f6ker och hur m\u00e5nga toalettbes\u00f6k det blir en vanlig natt. L\u00e4karen fr\u00e5gar \u00e4ven om du har genomg\u00e5tt n\u00e5gra operationer, hur det \u00e4r med vikt\u00f6kning\/viktminskning och om du motionerar regelbundet, hur m\u00e5nga g\u00e5nger i veckan och s\u00e5 vidare.<br \/>\n-Dricker du tillr\u00e4ckligt med vatten, fr\u00e5gar l\u00e4karen.<br \/>\nPulsen ljuger aldrig, den avsl\u00f6jar alltid i vilket tillst\u00e5nd du \u00e4r i. Likas\u00e5 blodet, en fullst\u00e4ndig blodanalys ber\u00e4ttar en hel del om exempelvis blodsocker och kolesterol. Lungor och b\u00e5l r\u00f6ntgas. \u00d6gon, \u00f6ron, hals, n\u00e4sa och nacke kontrolleras.<br \/>\nUltraljud eller ekografi \u00e4r ett ypperligt hj\u00e4lpmedel vid diagnostik av \u00e5tskilliga sjukdomar. Vid h\u00e4lsounders\u00f6kningen kontrolleras de olika organen en efter en med hj\u00e4lp av ekografi. Patienten f\u00f6ljer hela unders\u00f6kningen via tv-sk\u00e4rmar.<br \/>\n-H\u00e4r \u00e4r en cysta, s\u00e4ger doktorn och pekar, men den \u00e4r ofarlig.<br \/>\nEn cysta \u00e4r en v\u00e4tskefylld bl\u00e5sa som kan uppkomma i m\u00e5nga av kroppens organ. Fenomenet namnges beroende p\u00e5 lokalisering. I de flesta fall \u00e4r cystor ofarliga och kr\u00e4ver inte behandling. I s\u00e4llsynta fall kan en cysta bli s\u00e5 stor att den trycker p\u00e5 omgivande v\u00e4vnad och p\u00e5 s\u00e5 vis orsakar skada.<br \/>\nYtterligare kontroller f\u00f6ljer som den stora kroppspuls\u00e5dern, den kan drabbas av olika sjukdomstillst\u00e5nd och besv\u00e4r som exempelvis \u00e5derf\u00f6rkalkning. Prostatakontroll rekommenderas till m\u00e4n. Tidigare var antalet cancerfall med d\u00f6dlig utg\u00e5ng h\u00f6g men tack vare fler kontroller av prostatan har den minskat markant. S\u00e5 var det dags f\u00f6r att checka hj\u00e4rtat.<br \/>\n-Vi kontrollerar hj\u00e4rtats struktur, funktion, rytm och hur hj\u00e4rtat arbetar vid fysisk anstr\u00e4ngning. Vi fr\u00e5gar patienten om denne sedan tidigare har vissa hj\u00e4rtproblem, om han lider av f\u00f6r h\u00f6gt blodtryck och om han \u00e4r r\u00f6kare. Vi kontrollerar \u00e4ven hj\u00e4rtats syreupptagningsf\u00f6rm\u00e5ga, hj\u00e4rtats storlek och hur hj\u00e4rtklaffarnas funktion. N\u00e4r ultraljudsgivaren placeras \u00f6ver hj\u00e4rtat ses hj\u00e4rtats struktur och funktion.<br \/>\n-Vi tittar \u00e4ven p\u00e5 hur adrenalinet p\u00e5verkar hj\u00e4rtats rytm vid anstr\u00e4ngning eller fysisk aktivitet.<br \/>\nEtt s\u00e5 kallat kardiopulmonellt arbetsprov m\u00e4ter syreupptagningsf\u00f6rm\u00e5gan. Syreupptagningsf\u00f6rm\u00e5gan m\u00e4ter den m\u00e4ngd syre som hj\u00e4rtat, lungorna och blodet klarar att transportera fr\u00e5n inandningsluften ut till kroppens muskler. Syreupptagningsf\u00f6rm\u00e5gan \u00e4r det fysiologiska m\u00e5ttet f\u00f6r v\u00e5r kondition, ju mer syre och ju snabbare transport, desto h\u00f6gre syreupptagningsf\u00f6rm\u00e5ga och d\u00e4rmed b\u00e4ttre kondition.<br \/>\n-S\u00e5 motion \u00e4r viktigt, den g\u00f6r att du f\u00e5r en b\u00e4ttre lungkapacitet vilket i sin tur ger mer syre till dina organ och muskler vilket g\u00f6r att du orkar mer.<br \/>\nEfter lite mer \u00e4n tv\u00e5 timmar \u00e4r h\u00e4lsochecken klar. Du f\u00e5r \u00e5terv\u00e4nda till ditt rum d\u00e4r du har m\u00f6jlighet att duscha.<br \/>\n-Om en vecka kontaktar vi dig och du \u00e4r v\u00e4lkommen tillbaka, h\u00e4lsar l\u00e4karen. Vi hoppas p\u00e5 goda nyheter n\u00e4r samtliga resultat och analyser \u00e4r klara.<br \/>\nVid \u00e5terbes\u00f6ket f\u00e5r du en mapp med samtliga resultat plus en CD-skiva med bilder fr\u00e5n r\u00f6ntgen och ekografin. Du tr\u00e4ffar en l\u00e4kare som g\u00e5r igenom resultaten och talar om vad du ska t\u00e4nka p\u00e5 i forts\u00e4ttningen.<br \/>\nS\u00e5 hur k\u00e4nns det nu Christer?<br \/>\n-Faktum \u00e4r att det k\u00e4nns riktigt bra. Det k\u00e4nns betryggande att g\u00f6ra en kontroll, om man hade haft sjukdomssymptom \u00e4r det ju bra om man kan uppt\u00e4cka det verkliga problemet i tid. N\u00e4r man passerat 60 \u00e4r det l\u00e4tt att g\u00e5 omkring och vara orolig. Tankarna kommer oftare att man kan bli sjuk, s\u00e4rskilt d\u00e5 man ser gamla bekanta falla ifr\u00e5n tidigt.<br \/>\n-Det \u00e4r ocks\u00e5 l\u00e4tt att inbilla sig saker, l\u00e4tt att inbilla sig att n\u00e5gon av cylindrarna inte fungerar tillr\u00e4ckligt bra. Resultaten var tydliga och talade f\u00f6r sig sj\u00e4lv. Efter att ha sett svaren p\u00e5 samtliga prover och talat med en l\u00e4kare som analyserat testerna vet jag precis vad jag b\u00f6r t\u00e4nka p\u00e5 i forts\u00e4ttningen.<br \/>\n-Det var f\u00f6rsta g\u00e5ngen som jag gjorde en komplett h\u00e4lsounders\u00f6kning. Unders\u00f6kningen bekr\u00e4ftade bara att Svenska Magasinet kommer att leva l\u00e4nge till\u2026 <\/p>\n","protected":false},"excerpt":{"rendered":"<p>L\u00e4mna in bilen p\u00e5 kontroll v\u00e4rderar de flesta som mycket viktigt. Men hur \u00e4r det med dig sj\u00e4lv? L\u00e4mnar du in din sj\u00e4lv f\u00f6r kontroll? En h\u00e4lsocheck borde i realiteten st\u00e5 h\u00f6gst i kurs. Av Ola Josefsson Hur m\u00e5r chefen, undrade vi p\u00e5 redaktionen. Vi beslutade att skicka Svenska Magasinets \u00e4gare, Christer Melkerson, p\u00e5 h\u00e4lsocheck [&hellip;]<\/p>\n","protected":false},"author":8,"featured_media":3993,"comment_status":"open","ping_status":"open","sticky":false,"template":"","format":"standard","meta":{"_et_pb_use_builder":"","_et_pb_old_content":"","_et_gb_content_width":"","footnotes":""},"categories":[396,4],"tags":[],"class_list":["post-3992","post","type-post","status-publish","format-standard","has-post-thumbnail","hentry","category-arkiv-artiklar","category-artiklar"],"yoast_head":"<!-- This site is optimized with the Yoast SEO Premium plugin v26.2 (Yoast SEO v28.2) - https:\/\/yoast.com\/product\/yoast-seo-premium-wordpress\/ -->\n<title>Vi skickade chefen p\u00e5 h\u00e4lsocheck - Svenska Magasinet<\/title>\n<meta name=\"robots\" content=\"noindex, follow, max-snippet:-1, max-image-preview:large, max-video-preview:-1\" \/>\n<meta property=\"og:locale\" content=\"sv_SE\" \/>\n<meta property=\"og:type\" content=\"article\" \/>\n<meta property=\"og:title\" content=\"Vi skickade chefen p\u00e5 h\u00e4lsocheck\" \/>\n<meta property=\"og:description\" content=\"L\u00e4mna in bilen p\u00e5 kontroll v\u00e4rderar de flesta som mycket viktigt. Men hur \u00e4r det med dig sj\u00e4lv? L\u00e4mnar du in din sj\u00e4lv f\u00f6r kontroll? En h\u00e4lsocheck borde i realiteten st\u00e5 h\u00f6gst i kurs. Av Ola Josefsson Hur m\u00e5r chefen, undrade vi p\u00e5 redaktionen. Vi beslutade att skicka Svenska Magasinets \u00e4gare, Christer Melkerson, p\u00e5 h\u00e4lsocheck [&hellip;]\" \/>\n<meta property=\"og:url\" content=\"https:\/\/lightweb.dev\/l\/svm-temp\/artiklar\/vi-skickade-chefen-pa-halsocheck\/\" \/>\n<meta property=\"og:site_name\" content=\"Svenska Magasinet\" \/>\n<meta property=\"article:publisher\" content=\"https:\/\/www.facebook.com\/svenskamagasinet\" \/>\n<meta property=\"article:published_time\" content=\"2011-11-08T23:00:00+00:00\" \/>\n<meta property=\"og:image\" content=\"https:\/\/lightweb.dev\/l\/svm-temp\/wp-content\/uploads\/2022\/04\/vi-skickade-chefen-p-hlsocheck.png\" \/>\n\t<meta property=\"og:image:width\" content=\"301\" \/>\n\t<meta property=\"og:image:height\" content=\"200\" \/>\n\t<meta property=\"og:image:type\" content=\"image\/png\" \/>\n<meta name=\"author\" content=\"Redaktionen SvM\" \/>\n<meta name=\"twitter:card\" content=\"summary_large_image\" \/>\n<meta name=\"twitter:creator\" content=\"@SvenskaMagasine\" \/>\n<meta name=\"twitter:site\" content=\"@SvenskaMagasine\" \/>\n<script type=\"application\/ld+json\" class=\"yoast-schema-graph\">{\"@context\":\"https:\\\/\\\/schema.org\",\"@graph\":[{\"@type\":\"Article\",\"@id\":\"https:\\\/\\\/lightweb.dev\\\/l\\\/svm-temp\\\/artiklar\\\/vi-skickade-chefen-pa-halsocheck\\\/#article\",\"isPartOf\":{\"@id\":\"https:\\\/\\\/lightweb.dev\\\/l\\\/svm-temp\\\/artiklar\\\/vi-skickade-chefen-pa-halsocheck\\\/\"},\"author\":{\"name\":\"Redaktionen SvM\",\"@id\":\"https:\\\/\\\/lightweb.dev\\\/l\\\/svm-temp\\\/#\\\/schema\\\/person\\\/206a3bda5b607b0c25e1749191e4d837\"},\"headline\":\"Vi skickade chefen p\u00e5 h\u00e4lsocheck\",\"datePublished\":\"2011-11-08T23:00:00+00:00\",\"mainEntityOfPage\":{\"@id\":\"https:\\\/\\\/lightweb.dev\\\/l\\\/svm-temp\\\/artiklar\\\/vi-skickade-chefen-pa-halsocheck\\\/\"},\"wordCount\":967,\"commentCount\":0,\"publisher\":{\"@id\":\"https:\\\/\\\/lightweb.dev\\\/l\\\/svm-temp\\\/#organization\"},\"image\":{\"@id\":\"https:\\\/\\\/lightweb.dev\\\/l\\\/svm-temp\\\/artiklar\\\/vi-skickade-chefen-pa-halsocheck\\\/#primaryimage\"},\"thumbnailUrl\":\"https:\\\/\\\/lightweb.dev\\\/l\\\/svm-temp\\\/wp-content\\\/uploads\\\/2022\\\/04\\\/vi-skickade-chefen-p-hlsocheck.png\",\"articleSection\":[\"Arkiv\",\"Artiklar\"],\"inLanguage\":\"sv-SE\"},{\"@type\":\"WebPage\",\"@id\":\"https:\\\/\\\/lightweb.dev\\\/l\\\/svm-temp\\\/artiklar\\\/vi-skickade-chefen-pa-halsocheck\\\/\",\"url\":\"https:\\\/\\\/lightweb.dev\\\/l\\\/svm-temp\\\/artiklar\\\/vi-skickade-chefen-pa-halsocheck\\\/\",\"name\":\"Vi skickade chefen p\u00e5 h\u00e4lsocheck - Svenska Magasinet\",\"isPartOf\":{\"@id\":\"https:\\\/\\\/lightweb.dev\\\/l\\\/svm-temp\\\/#website\"},\"primaryImageOfPage\":{\"@id\":\"https:\\\/\\\/lightweb.dev\\\/l\\\/svm-temp\\\/artiklar\\\/vi-skickade-chefen-pa-halsocheck\\\/#primaryimage\"},\"image\":{\"@id\":\"https:\\\/\\\/lightweb.dev\\\/l\\\/svm-temp\\\/artiklar\\\/vi-skickade-chefen-pa-halsocheck\\\/#primaryimage\"},\"thumbnailUrl\":\"https:\\\/\\\/lightweb.dev\\\/l\\\/svm-temp\\\/wp-content\\\/uploads\\\/2022\\\/04\\\/vi-skickade-chefen-p-hlsocheck.png\",\"datePublished\":\"2011-11-08T23:00:00+00:00\",\"breadcrumb\":{\"@id\":\"https:\\\/\\\/lightweb.dev\\\/l\\\/svm-temp\\\/artiklar\\\/vi-skickade-chefen-pa-halsocheck\\\/#breadcrumb\"},\"inLanguage\":\"sv-SE\",\"potentialAction\":[{\"@type\":\"ReadAction\",\"target\":[\"https:\\\/\\\/lightweb.dev\\\/l\\\/svm-temp\\\/artiklar\\\/vi-skickade-chefen-pa-halsocheck\\\/\"]}]},{\"@type\":\"ImageObject\",\"inLanguage\":\"sv-SE\",\"@id\":\"https:\\\/\\\/lightweb.dev\\\/l\\\/svm-temp\\\/artiklar\\\/vi-skickade-chefen-pa-halsocheck\\\/#primaryimage\",\"url\":\"https:\\\/\\\/lightweb.dev\\\/l\\\/svm-temp\\\/wp-content\\\/uploads\\\/2022\\\/04\\\/vi-skickade-chefen-p-hlsocheck.png\",\"contentUrl\":\"https:\\\/\\\/lightweb.dev\\\/l\\\/svm-temp\\\/wp-content\\\/uploads\\\/2022\\\/04\\\/vi-skickade-chefen-p-hlsocheck.png\",\"width\":301,\"height\":200},{\"@type\":\"BreadcrumbList\",\"@id\":\"https:\\\/\\\/lightweb.dev\\\/l\\\/svm-temp\\\/artiklar\\\/vi-skickade-chefen-pa-halsocheck\\\/#breadcrumb\",\"itemListElement\":[{\"@type\":\"ListItem\",\"position\":1,\"name\":\"Hem\",\"item\":\"https:\\\/\\\/lightweb.dev\\\/l\\\/svm-temp\\\/\"},{\"@type\":\"ListItem\",\"position\":2,\"name\":\"Vi skickade chefen p\u00e5 h\u00e4lsocheck\"}]},{\"@type\":\"WebSite\",\"@id\":\"https:\\\/\\\/lightweb.dev\\\/l\\\/svm-temp\\\/#website\",\"url\":\"https:\\\/\\\/lightweb.dev\\\/l\\\/svm-temp\\\/\",\"name\":\"Svenska Magasinet\",\"description\":\"Dina Spanska nyheter p&aring; Svenska\",\"publisher\":{\"@id\":\"https:\\\/\\\/lightweb.dev\\\/l\\\/svm-temp\\\/#organization\"},\"potentialAction\":[{\"@type\":\"SearchAction\",\"target\":{\"@type\":\"EntryPoint\",\"urlTemplate\":\"https:\\\/\\\/lightweb.dev\\\/l\\\/svm-temp\\\/?s={search_term_string}\"},\"query-input\":{\"@type\":\"PropertyValueSpecification\",\"valueRequired\":true,\"valueName\":\"search_term_string\"}}],\"inLanguage\":\"sv-SE\"},{\"@type\":\"Organization\",\"@id\":\"https:\\\/\\\/lightweb.dev\\\/l\\\/svm-temp\\\/#organization\",\"name\":\"Melkerson y Nott SL\",\"alternateName\":\"Svenska Magasinet\",\"url\":\"https:\\\/\\\/lightweb.dev\\\/l\\\/svm-temp\\\/\",\"logo\":{\"@type\":\"ImageObject\",\"inLanguage\":\"sv-SE\",\"@id\":\"https:\\\/\\\/lightweb.dev\\\/l\\\/svm-temp\\\/#\\\/schema\\\/logo\\\/image\\\/\",\"url\":\"https:\\\/\\\/lightweb.dev\\\/l\\\/svm-temp\\\/wp-content\\\/uploads\\\/2025\\\/02\\\/SvM-logo-Xtra-Centrerad-SVART.png\",\"contentUrl\":\"https:\\\/\\\/lightweb.dev\\\/l\\\/svm-temp\\\/wp-content\\\/uploads\\\/2025\\\/02\\\/SvM-logo-Xtra-Centrerad-SVART.png\",\"width\":300,\"height\":99,\"caption\":\"Melkerson y Nott SL\"},\"image\":{\"@id\":\"https:\\\/\\\/lightweb.dev\\\/l\\\/svm-temp\\\/#\\\/schema\\\/logo\\\/image\\\/\"},\"sameAs\":[\"https:\\\/\\\/www.facebook.com\\\/svenskamagasinet\",\"https:\\\/\\\/x.com\\\/SvenskaMagasine\"]},{\"@type\":\"Person\",\"@id\":\"https:\\\/\\\/lightweb.dev\\\/l\\\/svm-temp\\\/#\\\/schema\\\/person\\\/206a3bda5b607b0c25e1749191e4d837\",\"name\":\"Redaktionen SvM\",\"description\":\"Redaktionen\",\"sameAs\":[\"https:\\\/\\\/lightweb.dev\\\/l\\\/svm-temp\"],\"url\":\"https:\\\/\\\/lightweb.dev\\\/l\\\/svm-temp\\\/reporter\\\/redaktionen\\\/\"}]}<\/script>\n<!-- \/ Yoast SEO Premium plugin. -->","yoast_head_json":{"title":"Vi skickade chefen p\u00e5 h\u00e4lsocheck - Svenska Magasinet","robots":{"index":"noindex","follow":"follow","max-snippet":"max-snippet:-1","max-image-preview":"max-image-preview:large","max-video-preview":"max-video-preview:-1"},"og_locale":"sv_SE","og_type":"article","og_title":"Vi skickade chefen p\u00e5 h\u00e4lsocheck","og_description":"L\u00e4mna in bilen p\u00e5 kontroll v\u00e4rderar de flesta som mycket viktigt. Men hur \u00e4r det med dig sj\u00e4lv? L\u00e4mnar du in din sj\u00e4lv f\u00f6r kontroll? En h\u00e4lsocheck borde i realiteten st\u00e5 h\u00f6gst i kurs. Av Ola Josefsson Hur m\u00e5r chefen, undrade vi p\u00e5 redaktionen. Vi beslutade att skicka Svenska Magasinets \u00e4gare, Christer Melkerson, p\u00e5 h\u00e4lsocheck [&hellip;]","og_url":"https:\/\/lightweb.dev\/l\/svm-temp\/artiklar\/vi-skickade-chefen-pa-halsocheck\/","og_site_name":"Svenska Magasinet","article_publisher":"https:\/\/www.facebook.com\/svenskamagasinet","article_published_time":"2011-11-08T23:00:00+00:00","og_image":[{"width":301,"height":200,"url":"https:\/\/lightweb.dev\/l\/svm-temp\/wp-content\/uploads\/2022\/04\/vi-skickade-chefen-p-hlsocheck.png","type":"image\/png"}],"author":"Redaktionen SvM","twitter_card":"summary_large_image","twitter_creator":"@SvenskaMagasine","twitter_site":"@SvenskaMagasine","schema":{"@context":"https:\/\/schema.org","@graph":[{"@type":"Article","@id":"https:\/\/lightweb.dev\/l\/svm-temp\/artiklar\/vi-skickade-chefen-pa-halsocheck\/#article","isPartOf":{"@id":"https:\/\/lightweb.dev\/l\/svm-temp\/artiklar\/vi-skickade-chefen-pa-halsocheck\/"},"author":{"name":"Redaktionen SvM","@id":"https:\/\/lightweb.dev\/l\/svm-temp\/#\/schema\/person\/206a3bda5b607b0c25e1749191e4d837"},"headline":"Vi skickade chefen p\u00e5 h\u00e4lsocheck","datePublished":"2011-11-08T23:00:00+00:00","mainEntityOfPage":{"@id":"https:\/\/lightweb.dev\/l\/svm-temp\/artiklar\/vi-skickade-chefen-pa-halsocheck\/"},"wordCount":967,"commentCount":0,"publisher":{"@id":"https:\/\/lightweb.dev\/l\/svm-temp\/#organization"},"image":{"@id":"https:\/\/lightweb.dev\/l\/svm-temp\/artiklar\/vi-skickade-chefen-pa-halsocheck\/#primaryimage"},"thumbnailUrl":"https:\/\/lightweb.dev\/l\/svm-temp\/wp-content\/uploads\/2022\/04\/vi-skickade-chefen-p-hlsocheck.png","articleSection":["Arkiv","Artiklar"],"inLanguage":"sv-SE"},{"@type":"WebPage","@id":"https:\/\/lightweb.dev\/l\/svm-temp\/artiklar\/vi-skickade-chefen-pa-halsocheck\/","url":"https:\/\/lightweb.dev\/l\/svm-temp\/artiklar\/vi-skickade-chefen-pa-halsocheck\/","name":"Vi skickade chefen p\u00e5 h\u00e4lsocheck - Svenska Magasinet","isPartOf":{"@id":"https:\/\/lightweb.dev\/l\/svm-temp\/#website"},"primaryImageOfPage":{"@id":"https:\/\/lightweb.dev\/l\/svm-temp\/artiklar\/vi-skickade-chefen-pa-halsocheck\/#primaryimage"},"image":{"@id":"https:\/\/lightweb.dev\/l\/svm-temp\/artiklar\/vi-skickade-chefen-pa-halsocheck\/#primaryimage"},"thumbnailUrl":"https:\/\/lightweb.dev\/l\/svm-temp\/wp-content\/uploads\/2022\/04\/vi-skickade-chefen-p-hlsocheck.png","datePublished":"2011-11-08T23:00:00+00:00","breadcrumb":{"@id":"https:\/\/lightweb.dev\/l\/svm-temp\/artiklar\/vi-skickade-chefen-pa-halsocheck\/#breadcrumb"},"inLanguage":"sv-SE","potentialAction":[{"@type":"ReadAction","target":["https:\/\/lightweb.dev\/l\/svm-temp\/artiklar\/vi-skickade-chefen-pa-halsocheck\/"]}]},{"@type":"ImageObject","inLanguage":"sv-SE","@id":"https:\/\/lightweb.dev\/l\/svm-temp\/artiklar\/vi-skickade-chefen-pa-halsocheck\/#primaryimage","url":"https:\/\/lightweb.dev\/l\/svm-temp\/wp-content\/uploads\/2022\/04\/vi-skickade-chefen-p-hlsocheck.png","contentUrl":"https:\/\/lightweb.dev\/l\/svm-temp\/wp-content\/uploads\/2022\/04\/vi-skickade-chefen-p-hlsocheck.png","width":301,"height":200},{"@type":"BreadcrumbList","@id":"https:\/\/lightweb.dev\/l\/svm-temp\/artiklar\/vi-skickade-chefen-pa-halsocheck\/#breadcrumb","itemListElement":[{"@type":"ListItem","position":1,"name":"Hem","item":"https:\/\/lightweb.dev\/l\/svm-temp\/"},{"@type":"ListItem","position":2,"name":"Vi skickade chefen p\u00e5 h\u00e4lsocheck"}]},{"@type":"WebSite","@id":"https:\/\/lightweb.dev\/l\/svm-temp\/#website","url":"https:\/\/lightweb.dev\/l\/svm-temp\/","name":"Svenska Magasinet","description":"Dina Spanska nyheter p&aring; Svenska","publisher":{"@id":"https:\/\/lightweb.dev\/l\/svm-temp\/#organization"},"potentialAction":[{"@type":"SearchAction","target":{"@type":"EntryPoint","urlTemplate":"https:\/\/lightweb.dev\/l\/svm-temp\/?s={search_term_string}"},"query-input":{"@type":"PropertyValueSpecification","valueRequired":true,"valueName":"search_term_string"}}],"inLanguage":"sv-SE"},{"@type":"Organization","@id":"https:\/\/lightweb.dev\/l\/svm-temp\/#organization","name":"Melkerson y Nott SL","alternateName":"Svenska Magasinet","url":"https:\/\/lightweb.dev\/l\/svm-temp\/","logo":{"@type":"ImageObject","inLanguage":"sv-SE","@id":"https:\/\/lightweb.dev\/l\/svm-temp\/#\/schema\/logo\/image\/","url":"https:\/\/lightweb.dev\/l\/svm-temp\/wp-content\/uploads\/2025\/02\/SvM-logo-Xtra-Centrerad-SVART.png","contentUrl":"https:\/\/lightweb.dev\/l\/svm-temp\/wp-content\/uploads\/2025\/02\/SvM-logo-Xtra-Centrerad-SVART.png","width":300,"height":99,"caption":"Melkerson y Nott SL"},"image":{"@id":"https:\/\/lightweb.dev\/l\/svm-temp\/#\/schema\/logo\/image\/"},"sameAs":["https:\/\/www.facebook.com\/svenskamagasinet","https:\/\/x.com\/SvenskaMagasine"]},{"@type":"Person","@id":"https:\/\/lightweb.dev\/l\/svm-temp\/#\/schema\/person\/206a3bda5b607b0c25e1749191e4d837","name":"Redaktionen SvM","description":"Redaktionen","sameAs":["https:\/\/lightweb.dev\/l\/svm-temp"],"url":"https:\/\/lightweb.dev\/l\/svm-temp\/reporter\/redaktionen\/"}]}},"_links":{"self":[{"href":"https:\/\/lightweb.dev\/l\/svm-temp\/wp-json\/wp\/v2\/posts\/3992","targetHints":{"allow":["GET"]}}],"collection":[{"href":"https:\/\/lightweb.dev\/l\/svm-temp\/wp-json\/wp\/v2\/posts"}],"about":[{"href":"https:\/\/lightweb.dev\/l\/svm-temp\/wp-json\/wp\/v2\/types\/post"}],"author":[{"embeddable":true,"href":"https:\/\/lightweb.dev\/l\/svm-temp\/wp-json\/wp\/v2\/users\/8"}],"replies":[{"embeddable":true,"href":"https:\/\/lightweb.dev\/l\/svm-temp\/wp-json\/wp\/v2\/comments?post=3992"}],"version-history":[{"count":0,"href":"https:\/\/lightweb.dev\/l\/svm-temp\/wp-json\/wp\/v2\/posts\/3992\/revisions"}],"wp:featuredmedia":[{"embeddable":true,"href":"https:\/\/lightweb.dev\/l\/svm-temp\/wp-json\/wp\/v2\/media\/3993"}],"wp:attachment":[{"href":"https:\/\/lightweb.dev\/l\/svm-temp\/wp-json\/wp\/v2\/media?parent=3992"}],"wp:term":[{"taxonomy":"category","embeddable":true,"href":"https:\/\/lightweb.dev\/l\/svm-temp\/wp-json\/wp\/v2\/categories?post=3992"},{"taxonomy":"post_tag","embeddable":true,"href":"https:\/\/lightweb.dev\/l\/svm-temp\/wp-json\/wp\/v2\/tags?post=3992"}],"curies":[{"name":"wp","href":"https:\/\/api.w.org\/{rel}","templated":true}]}}