{"id":3994,"date":"2011-11-09T00:00:00","date_gmt":"2011-11-08T23:00:00","guid":{"rendered":"https:\/\/lightweb.dev\/l\/svm-temp\/carin-janzon-valkomnar-till-terapi-sueco\/"},"modified":"2011-11-09T00:00:00","modified_gmt":"2011-11-08T23:00:00","slug":"carin-janzon-valkomnar-till-terapi-sueco","status":"publish","type":"post","link":"https:\/\/lightweb.dev\/l\/svm-temp\/artiklar\/carin-janzon-valkomnar-till-terapi-sueco\/","title":{"rendered":"Carin Janzon v\u00e4lkomnar till terapi Sueco"},"content":{"rendered":"<p> Under november 2011 \u00f6ppnar en ny terapiklinik p\u00e5 solkusten, n\u00e4rmare best\u00e4mt i Marbella. Det \u00e4r svenskan Carin Janzon, diplomerad samtalsterapeut, som startar upp eget i Spanien efter ett antal \u00e5r i Sverige &#8211; Jag har tidigare bott m\u00e5nga \u00e5r p\u00e5 Gran Canaria och i mitten av 90-talet flyttade vi \u00e5ter till Sverige d\u00e4r jag utbildade mig som terapeut. Nu \u00e4r barnen vuxna och min l\u00e4ngtan tillbaka till Spanien \u00e4r s\u00e5 stor att det nu faller det sig naturligt att flytta tillbaka hit, s\u00e4ger Carin och ler stort.<br \/>\nHela sitt liv har Carin arbetat med m\u00e4nniskor i alla \u00e5ldrar, med olika \u00f6nskem\u00e5l och behov. Fr\u00e5n unga kvinnor med sv\u00e5ra missbruk och krigsflyktingar till barn och ungdomar p\u00e5 behandlings hem. Idag arbetar hon med terapi, st\u00f6dsamtal och coaching f\u00f6r de som l\u00e4ngtar efter att utveckla sig, enskilt eller par.<\/p>\n<p>-Genom \u00e5ren som terapeut har jag haft m\u00e5nga sp\u00e4nnande m\u00f6ten och f\u00e5tt breda erfarenheter. Jag har hj\u00e4lpt otaliga par och m\u00e4nniskor att komma vidare d\u00e5 de har &#8221;fastnat&#8221; i gamla m\u00f6nster. Det \u00e4r en oerh\u00f6rd f\u00f6rm\u00e5n och utmaning att f\u00e5 m\u00f6ta och f\u00f6lja andra m\u00e4nniskor i deras utveckling, det g\u00f6r jag med \u00f6dmjukhet, respekt och tacksamhet. Jag har ett genuint intresse f\u00f6r att alla ska f\u00e5 m\u00e5 bra och vara lyckliga, s\u00e4ger Carin.<br \/>\nDet finns m\u00e5nga orsaker varf\u00f6r vi s\u00f6ker oss till terapi, det som brukar vara gemensamt f\u00f6r oss alla \u00e4r l\u00e4ngtan efter en f\u00f6r\u00e4ndring och utveckling eller att en situation kan ha tvingat fram en f\u00f6r\u00e4ndring, t.ex. skilsm\u00e4ssa eller att n\u00e5gon n\u00e4ra anh\u00f6rig blivit sv\u00e5rt sjuk eller avlidit. Ibland, n\u00e4r man g\u00e5tt vilse, kan man beh\u00f6va lite utomst\u00e5ende st\u00f6d och v\u00e4gledning.<br \/>\nCarin betonar att det \u00e4r inte alla som beh\u00f6ver eller vill ha terapi \u2013Ett st\u00f6dsamtal kan r\u00e4cka det handlar inte om f\u00f6r\u00e4ndring eller terapi, utan att f\u00e5 prata av sig inf\u00f6r n\u00e5gon som lyssnar utan att komma med r\u00e5d och f\u00f6rslag. Jag m\u00f6ter mina klienter d\u00e4r de \u00e4r, sedan arbetar vi tillsammans vidare d\u00e4rifr\u00e5n beroende p\u00e5 vad de vill uppn\u00e5. Viktigt att veta \u00e4r \u00e4ven att jag som terapeut har absolut tystnadsplikt, betonar Carin.<br \/>\nEn viktig del av hennes arbete \u00e4r hembes\u00f6ken, vissa har sv\u00e5rt att ta sig till kliniken, tex gamla, sjuka eller handikappade. \u2013Det \u00e4r en sj\u00e4lvklarhet att finnas till f\u00f6r alla, oavsett behov, s\u00e4ger Carin. Ni som vill veta mer om mig och mina tj\u00e4nster kan bes\u00f6ka hemsidan www.terapia.se Nu l\u00e4ngtar jag efter att s\u00e4tta ig\u00e5ng mitt arbete s\u00e5 h\u00f6r av er med era fr\u00e5gor, stora som sm\u00e5. Ni \u00e4r s\u00e5 v\u00e4lkomna till Terapia Sueco! ler Carin varmt.<br \/>\nTidigare klienter om Carin:<br \/>\nAtt g\u00e5 i terapi \u00e4r som att \u00f6ppna en d\u00f6rr till nya dimensioner i relationen. Skapar en medvetenhet om hur mycket vi p\u00e5verkas av v\u00e5r historia. Tack Carin!<br \/>\nDu har st\u00e4rkt mig som individ, nu vaknar jag glad igen!!<br \/>\nSk\u00f6nt att veta att jag kan ringa\/ tr\u00e4ffa n\u00e5gon som har tid och lyssnar, p\u00e5 riktigt! <\/p>\n","protected":false},"excerpt":{"rendered":"<p>Under november 2011 \u00f6ppnar en ny terapiklinik p\u00e5 solkusten, n\u00e4rmare best\u00e4mt i Marbella. Det \u00e4r svenskan Carin Janzon, diplomerad samtalsterapeut, som startar upp eget i Spanien efter ett antal \u00e5r i Sverige &#8211; Jag har tidigare bott m\u00e5nga \u00e5r p\u00e5 Gran Canaria och i mitten av 90-talet flyttade vi \u00e5ter till Sverige d\u00e4r jag utbildade [&hellip;]<\/p>\n","protected":false},"author":8,"featured_media":3995,"comment_status":"open","ping_status":"open","sticky":false,"template":"","format":"standard","meta":{"_et_pb_use_builder":"","_et_pb_old_content":"","_et_gb_content_width":"","footnotes":""},"categories":[396,4],"tags":[],"class_list":["post-3994","post","type-post","status-publish","format-standard","has-post-thumbnail","hentry","category-arkiv-artiklar","category-artiklar"],"yoast_head":"<!-- This site is optimized with the Yoast SEO Premium plugin v26.2 (Yoast SEO v28.2) - https:\/\/yoast.com\/product\/yoast-seo-premium-wordpress\/ -->\n<title>Carin Janzon v\u00e4lkomnar till terapi Sueco - Svenska Magasinet<\/title>\n<meta name=\"robots\" content=\"noindex, follow, max-snippet:-1, max-image-preview:large, max-video-preview:-1\" \/>\n<meta property=\"og:locale\" content=\"sv_SE\" \/>\n<meta property=\"og:type\" content=\"article\" \/>\n<meta property=\"og:title\" content=\"Carin Janzon v\u00e4lkomnar till terapi Sueco\" \/>\n<meta property=\"og:description\" content=\"Under november 2011 \u00f6ppnar en ny terapiklinik p\u00e5 solkusten, n\u00e4rmare best\u00e4mt i Marbella. Det \u00e4r svenskan Carin Janzon, diplomerad samtalsterapeut, som startar upp eget i Spanien efter ett antal \u00e5r i Sverige &#8211; Jag har tidigare bott m\u00e5nga \u00e5r p\u00e5 Gran Canaria och i mitten av 90-talet flyttade vi \u00e5ter till Sverige d\u00e4r jag utbildade [&hellip;]\" \/>\n<meta property=\"og:url\" content=\"https:\/\/lightweb.dev\/l\/svm-temp\/artiklar\/carin-janzon-valkomnar-till-terapi-sueco\/\" \/>\n<meta property=\"og:site_name\" content=\"Svenska Magasinet\" \/>\n<meta property=\"article:publisher\" content=\"https:\/\/www.facebook.com\/svenskamagasinet\" \/>\n<meta property=\"article:published_time\" content=\"2011-11-08T23:00:00+00:00\" \/>\n<meta property=\"og:image\" content=\"https:\/\/lightweb.dev\/l\/svm-temp\/wp-content\/uploads\/2022\/04\/carin-janzon-vlkomnar-till-terapi-sueco.png\" \/>\n\t<meta property=\"og:image:width\" content=\"280\" \/>\n\t<meta property=\"og:image:height\" content=\"373\" \/>\n\t<meta property=\"og:image:type\" content=\"image\/png\" \/>\n<meta name=\"author\" content=\"Redaktionen SvM\" \/>\n<meta name=\"twitter:card\" content=\"summary_large_image\" \/>\n<meta name=\"twitter:creator\" content=\"@SvenskaMagasine\" \/>\n<meta name=\"twitter:site\" content=\"@SvenskaMagasine\" \/>\n<script type=\"application\/ld+json\" class=\"yoast-schema-graph\">{\"@context\":\"https:\\\/\\\/schema.org\",\"@graph\":[{\"@type\":\"Article\",\"@id\":\"https:\\\/\\\/lightweb.dev\\\/l\\\/svm-temp\\\/artiklar\\\/carin-janzon-valkomnar-till-terapi-sueco\\\/#article\",\"isPartOf\":{\"@id\":\"https:\\\/\\\/lightweb.dev\\\/l\\\/svm-temp\\\/artiklar\\\/carin-janzon-valkomnar-till-terapi-sueco\\\/\"},\"author\":{\"name\":\"Redaktionen SvM\",\"@id\":\"https:\\\/\\\/lightweb.dev\\\/l\\\/svm-temp\\\/#\\\/schema\\\/person\\\/206a3bda5b607b0c25e1749191e4d837\"},\"headline\":\"Carin Janzon v\u00e4lkomnar till terapi Sueco\",\"datePublished\":\"2011-11-08T23:00:00+00:00\",\"mainEntityOfPage\":{\"@id\":\"https:\\\/\\\/lightweb.dev\\\/l\\\/svm-temp\\\/artiklar\\\/carin-janzon-valkomnar-till-terapi-sueco\\\/\"},\"wordCount\":571,\"commentCount\":0,\"publisher\":{\"@id\":\"https:\\\/\\\/lightweb.dev\\\/l\\\/svm-temp\\\/#organization\"},\"image\":{\"@id\":\"https:\\\/\\\/lightweb.dev\\\/l\\\/svm-temp\\\/artiklar\\\/carin-janzon-valkomnar-till-terapi-sueco\\\/#primaryimage\"},\"thumbnailUrl\":\"https:\\\/\\\/lightweb.dev\\\/l\\\/svm-temp\\\/wp-content\\\/uploads\\\/2022\\\/04\\\/carin-janzon-vlkomnar-till-terapi-sueco.png\",\"articleSection\":[\"Arkiv\",\"Artiklar\"],\"inLanguage\":\"sv-SE\"},{\"@type\":\"WebPage\",\"@id\":\"https:\\\/\\\/lightweb.dev\\\/l\\\/svm-temp\\\/artiklar\\\/carin-janzon-valkomnar-till-terapi-sueco\\\/\",\"url\":\"https:\\\/\\\/lightweb.dev\\\/l\\\/svm-temp\\\/artiklar\\\/carin-janzon-valkomnar-till-terapi-sueco\\\/\",\"name\":\"Carin Janzon v\u00e4lkomnar till terapi Sueco - Svenska Magasinet\",\"isPartOf\":{\"@id\":\"https:\\\/\\\/lightweb.dev\\\/l\\\/svm-temp\\\/#website\"},\"primaryImageOfPage\":{\"@id\":\"https:\\\/\\\/lightweb.dev\\\/l\\\/svm-temp\\\/artiklar\\\/carin-janzon-valkomnar-till-terapi-sueco\\\/#primaryimage\"},\"image\":{\"@id\":\"https:\\\/\\\/lightweb.dev\\\/l\\\/svm-temp\\\/artiklar\\\/carin-janzon-valkomnar-till-terapi-sueco\\\/#primaryimage\"},\"thumbnailUrl\":\"https:\\\/\\\/lightweb.dev\\\/l\\\/svm-temp\\\/wp-content\\\/uploads\\\/2022\\\/04\\\/carin-janzon-vlkomnar-till-terapi-sueco.png\",\"datePublished\":\"2011-11-08T23:00:00+00:00\",\"breadcrumb\":{\"@id\":\"https:\\\/\\\/lightweb.dev\\\/l\\\/svm-temp\\\/artiklar\\\/carin-janzon-valkomnar-till-terapi-sueco\\\/#breadcrumb\"},\"inLanguage\":\"sv-SE\",\"potentialAction\":[{\"@type\":\"ReadAction\",\"target\":[\"https:\\\/\\\/lightweb.dev\\\/l\\\/svm-temp\\\/artiklar\\\/carin-janzon-valkomnar-till-terapi-sueco\\\/\"]}]},{\"@type\":\"ImageObject\",\"inLanguage\":\"sv-SE\",\"@id\":\"https:\\\/\\\/lightweb.dev\\\/l\\\/svm-temp\\\/artiklar\\\/carin-janzon-valkomnar-till-terapi-sueco\\\/#primaryimage\",\"url\":\"https:\\\/\\\/lightweb.dev\\\/l\\\/svm-temp\\\/wp-content\\\/uploads\\\/2022\\\/04\\\/carin-janzon-vlkomnar-till-terapi-sueco.png\",\"contentUrl\":\"https:\\\/\\\/lightweb.dev\\\/l\\\/svm-temp\\\/wp-content\\\/uploads\\\/2022\\\/04\\\/carin-janzon-vlkomnar-till-terapi-sueco.png\",\"width\":280,\"height\":373},{\"@type\":\"BreadcrumbList\",\"@id\":\"https:\\\/\\\/lightweb.dev\\\/l\\\/svm-temp\\\/artiklar\\\/carin-janzon-valkomnar-till-terapi-sueco\\\/#breadcrumb\",\"itemListElement\":[{\"@type\":\"ListItem\",\"position\":1,\"name\":\"Hem\",\"item\":\"https:\\\/\\\/lightweb.dev\\\/l\\\/svm-temp\\\/\"},{\"@type\":\"ListItem\",\"position\":2,\"name\":\"Carin Janzon v\u00e4lkomnar till terapi Sueco\"}]},{\"@type\":\"WebSite\",\"@id\":\"https:\\\/\\\/lightweb.dev\\\/l\\\/svm-temp\\\/#website\",\"url\":\"https:\\\/\\\/lightweb.dev\\\/l\\\/svm-temp\\\/\",\"name\":\"Svenska Magasinet\",\"description\":\"Dina Spanska nyheter p&aring; Svenska\",\"publisher\":{\"@id\":\"https:\\\/\\\/lightweb.dev\\\/l\\\/svm-temp\\\/#organization\"},\"potentialAction\":[{\"@type\":\"SearchAction\",\"target\":{\"@type\":\"EntryPoint\",\"urlTemplate\":\"https:\\\/\\\/lightweb.dev\\\/l\\\/svm-temp\\\/?s={search_term_string}\"},\"query-input\":{\"@type\":\"PropertyValueSpecification\",\"valueRequired\":true,\"valueName\":\"search_term_string\"}}],\"inLanguage\":\"sv-SE\"},{\"@type\":\"Organization\",\"@id\":\"https:\\\/\\\/lightweb.dev\\\/l\\\/svm-temp\\\/#organization\",\"name\":\"Melkerson y Nott SL\",\"alternateName\":\"Svenska Magasinet\",\"url\":\"https:\\\/\\\/lightweb.dev\\\/l\\\/svm-temp\\\/\",\"logo\":{\"@type\":\"ImageObject\",\"inLanguage\":\"sv-SE\",\"@id\":\"https:\\\/\\\/lightweb.dev\\\/l\\\/svm-temp\\\/#\\\/schema\\\/logo\\\/image\\\/\",\"url\":\"https:\\\/\\\/lightweb.dev\\\/l\\\/svm-temp\\\/wp-content\\\/uploads\\\/2025\\\/02\\\/SvM-logo-Xtra-Centrerad-SVART.png\",\"contentUrl\":\"https:\\\/\\\/lightweb.dev\\\/l\\\/svm-temp\\\/wp-content\\\/uploads\\\/2025\\\/02\\\/SvM-logo-Xtra-Centrerad-SVART.png\",\"width\":300,\"height\":99,\"caption\":\"Melkerson y Nott SL\"},\"image\":{\"@id\":\"https:\\\/\\\/lightweb.dev\\\/l\\\/svm-temp\\\/#\\\/schema\\\/logo\\\/image\\\/\"},\"sameAs\":[\"https:\\\/\\\/www.facebook.com\\\/svenskamagasinet\",\"https:\\\/\\\/x.com\\\/SvenskaMagasine\"]},{\"@type\":\"Person\",\"@id\":\"https:\\\/\\\/lightweb.dev\\\/l\\\/svm-temp\\\/#\\\/schema\\\/person\\\/206a3bda5b607b0c25e1749191e4d837\",\"name\":\"Redaktionen SvM\",\"description\":\"Redaktionen\",\"sameAs\":[\"https:\\\/\\\/lightweb.dev\\\/l\\\/svm-temp\"],\"url\":\"https:\\\/\\\/lightweb.dev\\\/l\\\/svm-temp\\\/reporter\\\/redaktionen\\\/\"}]}<\/script>\n<!-- \/ Yoast SEO Premium plugin. -->","yoast_head_json":{"title":"Carin Janzon v\u00e4lkomnar till terapi Sueco - Svenska Magasinet","robots":{"index":"noindex","follow":"follow","max-snippet":"max-snippet:-1","max-image-preview":"max-image-preview:large","max-video-preview":"max-video-preview:-1"},"og_locale":"sv_SE","og_type":"article","og_title":"Carin Janzon v\u00e4lkomnar till terapi Sueco","og_description":"Under november 2011 \u00f6ppnar en ny terapiklinik p\u00e5 solkusten, n\u00e4rmare best\u00e4mt i Marbella. Det \u00e4r svenskan Carin Janzon, diplomerad samtalsterapeut, som startar upp eget i Spanien efter ett antal \u00e5r i Sverige &#8211; Jag har tidigare bott m\u00e5nga \u00e5r p\u00e5 Gran Canaria och i mitten av 90-talet flyttade vi \u00e5ter till Sverige d\u00e4r jag utbildade [&hellip;]","og_url":"https:\/\/lightweb.dev\/l\/svm-temp\/artiklar\/carin-janzon-valkomnar-till-terapi-sueco\/","og_site_name":"Svenska Magasinet","article_publisher":"https:\/\/www.facebook.com\/svenskamagasinet","article_published_time":"2011-11-08T23:00:00+00:00","og_image":[{"width":280,"height":373,"url":"https:\/\/lightweb.dev\/l\/svm-temp\/wp-content\/uploads\/2022\/04\/carin-janzon-vlkomnar-till-terapi-sueco.png","type":"image\/png"}],"author":"Redaktionen SvM","twitter_card":"summary_large_image","twitter_creator":"@SvenskaMagasine","twitter_site":"@SvenskaMagasine","schema":{"@context":"https:\/\/schema.org","@graph":[{"@type":"Article","@id":"https:\/\/lightweb.dev\/l\/svm-temp\/artiklar\/carin-janzon-valkomnar-till-terapi-sueco\/#article","isPartOf":{"@id":"https:\/\/lightweb.dev\/l\/svm-temp\/artiklar\/carin-janzon-valkomnar-till-terapi-sueco\/"},"author":{"name":"Redaktionen SvM","@id":"https:\/\/lightweb.dev\/l\/svm-temp\/#\/schema\/person\/206a3bda5b607b0c25e1749191e4d837"},"headline":"Carin Janzon v\u00e4lkomnar till terapi Sueco","datePublished":"2011-11-08T23:00:00+00:00","mainEntityOfPage":{"@id":"https:\/\/lightweb.dev\/l\/svm-temp\/artiklar\/carin-janzon-valkomnar-till-terapi-sueco\/"},"wordCount":571,"commentCount":0,"publisher":{"@id":"https:\/\/lightweb.dev\/l\/svm-temp\/#organization"},"image":{"@id":"https:\/\/lightweb.dev\/l\/svm-temp\/artiklar\/carin-janzon-valkomnar-till-terapi-sueco\/#primaryimage"},"thumbnailUrl":"https:\/\/lightweb.dev\/l\/svm-temp\/wp-content\/uploads\/2022\/04\/carin-janzon-vlkomnar-till-terapi-sueco.png","articleSection":["Arkiv","Artiklar"],"inLanguage":"sv-SE"},{"@type":"WebPage","@id":"https:\/\/lightweb.dev\/l\/svm-temp\/artiklar\/carin-janzon-valkomnar-till-terapi-sueco\/","url":"https:\/\/lightweb.dev\/l\/svm-temp\/artiklar\/carin-janzon-valkomnar-till-terapi-sueco\/","name":"Carin Janzon v\u00e4lkomnar till terapi Sueco - Svenska Magasinet","isPartOf":{"@id":"https:\/\/lightweb.dev\/l\/svm-temp\/#website"},"primaryImageOfPage":{"@id":"https:\/\/lightweb.dev\/l\/svm-temp\/artiklar\/carin-janzon-valkomnar-till-terapi-sueco\/#primaryimage"},"image":{"@id":"https:\/\/lightweb.dev\/l\/svm-temp\/artiklar\/carin-janzon-valkomnar-till-terapi-sueco\/#primaryimage"},"thumbnailUrl":"https:\/\/lightweb.dev\/l\/svm-temp\/wp-content\/uploads\/2022\/04\/carin-janzon-vlkomnar-till-terapi-sueco.png","datePublished":"2011-11-08T23:00:00+00:00","breadcrumb":{"@id":"https:\/\/lightweb.dev\/l\/svm-temp\/artiklar\/carin-janzon-valkomnar-till-terapi-sueco\/#breadcrumb"},"inLanguage":"sv-SE","potentialAction":[{"@type":"ReadAction","target":["https:\/\/lightweb.dev\/l\/svm-temp\/artiklar\/carin-janzon-valkomnar-till-terapi-sueco\/"]}]},{"@type":"ImageObject","inLanguage":"sv-SE","@id":"https:\/\/lightweb.dev\/l\/svm-temp\/artiklar\/carin-janzon-valkomnar-till-terapi-sueco\/#primaryimage","url":"https:\/\/lightweb.dev\/l\/svm-temp\/wp-content\/uploads\/2022\/04\/carin-janzon-vlkomnar-till-terapi-sueco.png","contentUrl":"https:\/\/lightweb.dev\/l\/svm-temp\/wp-content\/uploads\/2022\/04\/carin-janzon-vlkomnar-till-terapi-sueco.png","width":280,"height":373},{"@type":"BreadcrumbList","@id":"https:\/\/lightweb.dev\/l\/svm-temp\/artiklar\/carin-janzon-valkomnar-till-terapi-sueco\/#breadcrumb","itemListElement":[{"@type":"ListItem","position":1,"name":"Hem","item":"https:\/\/lightweb.dev\/l\/svm-temp\/"},{"@type":"ListItem","position":2,"name":"Carin Janzon v\u00e4lkomnar till terapi Sueco"}]},{"@type":"WebSite","@id":"https:\/\/lightweb.dev\/l\/svm-temp\/#website","url":"https:\/\/lightweb.dev\/l\/svm-temp\/","name":"Svenska Magasinet","description":"Dina Spanska nyheter p&aring; Svenska","publisher":{"@id":"https:\/\/lightweb.dev\/l\/svm-temp\/#organization"},"potentialAction":[{"@type":"SearchAction","target":{"@type":"EntryPoint","urlTemplate":"https:\/\/lightweb.dev\/l\/svm-temp\/?s={search_term_string}"},"query-input":{"@type":"PropertyValueSpecification","valueRequired":true,"valueName":"search_term_string"}}],"inLanguage":"sv-SE"},{"@type":"Organization","@id":"https:\/\/lightweb.dev\/l\/svm-temp\/#organization","name":"Melkerson y Nott SL","alternateName":"Svenska Magasinet","url":"https:\/\/lightweb.dev\/l\/svm-temp\/","logo":{"@type":"ImageObject","inLanguage":"sv-SE","@id":"https:\/\/lightweb.dev\/l\/svm-temp\/#\/schema\/logo\/image\/","url":"https:\/\/lightweb.dev\/l\/svm-temp\/wp-content\/uploads\/2025\/02\/SvM-logo-Xtra-Centrerad-SVART.png","contentUrl":"https:\/\/lightweb.dev\/l\/svm-temp\/wp-content\/uploads\/2025\/02\/SvM-logo-Xtra-Centrerad-SVART.png","width":300,"height":99,"caption":"Melkerson y Nott SL"},"image":{"@id":"https:\/\/lightweb.dev\/l\/svm-temp\/#\/schema\/logo\/image\/"},"sameAs":["https:\/\/www.facebook.com\/svenskamagasinet","https:\/\/x.com\/SvenskaMagasine"]},{"@type":"Person","@id":"https:\/\/lightweb.dev\/l\/svm-temp\/#\/schema\/person\/206a3bda5b607b0c25e1749191e4d837","name":"Redaktionen SvM","description":"Redaktionen","sameAs":["https:\/\/lightweb.dev\/l\/svm-temp"],"url":"https:\/\/lightweb.dev\/l\/svm-temp\/reporter\/redaktionen\/"}]}},"_links":{"self":[{"href":"https:\/\/lightweb.dev\/l\/svm-temp\/wp-json\/wp\/v2\/posts\/3994","targetHints":{"allow":["GET"]}}],"collection":[{"href":"https:\/\/lightweb.dev\/l\/svm-temp\/wp-json\/wp\/v2\/posts"}],"about":[{"href":"https:\/\/lightweb.dev\/l\/svm-temp\/wp-json\/wp\/v2\/types\/post"}],"author":[{"embeddable":true,"href":"https:\/\/lightweb.dev\/l\/svm-temp\/wp-json\/wp\/v2\/users\/8"}],"replies":[{"embeddable":true,"href":"https:\/\/lightweb.dev\/l\/svm-temp\/wp-json\/wp\/v2\/comments?post=3994"}],"version-history":[{"count":0,"href":"https:\/\/lightweb.dev\/l\/svm-temp\/wp-json\/wp\/v2\/posts\/3994\/revisions"}],"wp:featuredmedia":[{"embeddable":true,"href":"https:\/\/lightweb.dev\/l\/svm-temp\/wp-json\/wp\/v2\/media\/3995"}],"wp:attachment":[{"href":"https:\/\/lightweb.dev\/l\/svm-temp\/wp-json\/wp\/v2\/media?parent=3994"}],"wp:term":[{"taxonomy":"category","embeddable":true,"href":"https:\/\/lightweb.dev\/l\/svm-temp\/wp-json\/wp\/v2\/categories?post=3994"},{"taxonomy":"post_tag","embeddable":true,"href":"https:\/\/lightweb.dev\/l\/svm-temp\/wp-json\/wp\/v2\/tags?post=3994"}],"curies":[{"name":"wp","href":"https:\/\/api.w.org\/{rel}","templated":true}]}}