{"id":4001,"date":"2013-11-13T00:00:00","date_gmt":"2013-11-12T23:00:00","guid":{"rendered":"https:\/\/lightweb.dev\/l\/svm-temp\/djurspalten-skydda-hundars-tassar\/"},"modified":"2013-11-13T00:00:00","modified_gmt":"2013-11-12T23:00:00","slug":"djurspalten-skydda-hundars-tassar","status":"publish","type":"post","link":"https:\/\/lightweb.dev\/l\/svm-temp\/artiklar\/djurspalten-skydda-hundars-tassar\/","title":{"rendered":"Djurspalten: Skydda hundars tassar"},"content":{"rendered":"<p> Hundar g\u00e5r p\u00e5 sina f\u00f6tter varje dag utan skydd eller skor. Deras tassar utsatts f\u00f6r diverse saker varje dag. Vi som hund\u00e4gare \u00e4r f\u00f6rst\u00e5s ansvariga f\u00f6r det underlag och terr\u00e4ng vi uts\u00e4tter v\u00e5ra hundars tassar f\u00f6r. Av Nazli Pointer Veterinary Clinic, Estepona<\/p>\n<p>En hundtass best\u00e5r av en stor trampdyna och fyra sm\u00e5. Varje t\u00e5 har en klo och kloinkapsling. Framtassarna bes\u00e5r av 5 t\u00e5r varav den femte anv\u00e4nds n\u00e4r hunden \u201dtv\u00e4ttar\u201d ansiktet. Vissa raser har en extra t\u00e5 &#8211; en sporre, som de f\u00f6rvisso inte g\u00e5r med, men som anv\u00e4ndes n\u00e4r hunden beh\u00f6vde kl\u00e4ttra. Om sporren inte har tagits bort n\u00e4r valpen var n\u00e5gra dagar gammal, s\u00e5 kan man ta bort dessa senare. Vissa hundar har dem p\u00e5 s\u00e5v\u00e4l frambenen som bakbenen.<\/p>\n<p>Hundar har h\u00e5r p\u00e5 f\u00f6tterna, s\u00e5 ocks\u00e5 under tassarna. Hundar med l\u00e5ng p\u00e4ls har l\u00e5ng p\u00e4ls ocks\u00e5 mellan t\u00e5rna. Denna p\u00e4ls beh\u00f6ver ansas n\u00e4r hunden badas, klipps eller trimmas.<\/p>\n<p>Alla hundar lever f\u00f6rst\u00e5s olika liv. Dv\u00e4rghundar som ofta r\u00f6r sig inom husets gr\u00e4nser, p\u00e5 tomten eller p\u00e5 asfalterade g\u00e5ngv\u00e4gar, sliter inte sina klor naturligt eller sitt h\u00e5r mellan t\u00e5rna p\u00e5 samma s\u00e4tt. Klorna beh\u00f6ver d\u00e4rf\u00f6r klippas regelbundet. Det \u00e4r d\u00e4r\u00f6r viktigt att din hund \u00e4r van att hanteras redan fr\u00e5n tidig \u00e5lder s\u00e5 att den v\u00e4njer sig vi kloklippning och p\u00e4lsv\u00e5rd.<\/p>\n<p>Arbetande hundar som r\u00f6r sig i tuffare milj\u00f6er kan ibland f\u00e5 sina tassar utsatt f\u00f6r sk\u00e4rs\u00e5r, fr\u00e4mmande objekt som orsaker dem skada, brutna klor och t\u00e5r. D\u00e4rf\u00f6r b\u00f6r man kolla igenom hunden efter varje tur i naturen.<br \/>\nDen gamla hunden kan p\u00e5 grund av \u00e5lder f\u00e5 artroser och d\u00e4rmed inte r\u00f6r sig p\u00e5 samma s\u00e4tt som tidigare. Den sliter d\u00e4rmed inte sina klor naturligt, vilket inneb\u00e4r att dess klor ska h\u00e5llas korta s\u00e5 att den inte blir hindrad i r\u00f6relse.<\/p>\n<p>N\u00e4r klon blir f\u00f6r l\u00e5ng \u00e4r det sv\u00e5rt f\u00f6r hunden att f\u00e5 f\u00e4ste och att g\u00e5, vilket g\u00f6r att klon l\u00e4tt kan brytas. En bruten klo bl\u00f6der t\u00e4mligen rikligt &#8211; \u00e4r sm\u00e4rtsamt f\u00f6r hunden och tar tid att l\u00e4ka. Om sporren till\u00e5ts att v\u00e4xa oh\u00e4mmat kan den v\u00e4xa in mot hundens hud och ben och orsaka skada. Det \u00e4r sm\u00e4rtsamt och det blir ofta infekterat.<\/p>\n<p>Professionella hundfris\u00f6rer klipper alltid din hunds klor om s\u00e5 \u00e4r n\u00f6dv\u00e4ndigt \u2013 och beroende p\u00e5 hur van din hund \u00e4r vid just kloklippning, f\u00f6rst\u00e5s. Om din hund inte \u00e4r van kan det h\u00e4nda att veterin\u00e4r tillkallas f\u00f6r att s\u00f6va hunden och klippa klorna. Ingen fara, en enkel procedur, d\u00e4r veterin\u00e4ren \u00e4ven kan reng\u00f6ra \u00f6ron och kolla din hunds anals\u00e4ckar.<br \/>\nKom ih\u00e5g hur beroende din b\u00e4sta v\u00e4n \u00e4r av sina tassar!<\/p>\n","protected":false},"excerpt":{"rendered":"<p>Hundar g\u00e5r p\u00e5 sina f\u00f6tter varje dag utan skydd eller skor. Deras tassar utsatts f\u00f6r diverse saker varje dag. Vi som hund\u00e4gare \u00e4r f\u00f6rst\u00e5s ansvariga f\u00f6r det underlag och terr\u00e4ng vi uts\u00e4tter v\u00e5ra hundars tassar f\u00f6r. Av Nazli Pointer Veterinary Clinic, Estepona En hundtass best\u00e5r av en stor trampdyna och fyra sm\u00e5. Varje t\u00e5 har [&hellip;]<\/p>\n","protected":false},"author":8,"featured_media":0,"comment_status":"open","ping_status":"open","sticky":false,"template":"","format":"standard","meta":{"_et_pb_use_builder":"","_et_pb_old_content":"","_et_gb_content_width":"","footnotes":""},"categories":[396,4],"tags":[],"class_list":["post-4001","post","type-post","status-publish","format-standard","hentry","category-arkiv-artiklar","category-artiklar"],"yoast_head":"<!-- This site is optimized with the Yoast SEO Premium plugin v26.2 (Yoast SEO v27.5) - https:\/\/yoast.com\/product\/yoast-seo-premium-wordpress\/ -->\n<title>Djurspalten: Skydda hundars tassar - Svenska Magasinet<\/title>\n<meta name=\"robots\" content=\"noindex, follow, max-snippet:-1, max-image-preview:large, max-video-preview:-1\" \/>\n<meta property=\"og:locale\" content=\"sv_SE\" \/>\n<meta property=\"og:type\" content=\"article\" \/>\n<meta property=\"og:title\" content=\"Djurspalten: Skydda hundars tassar\" \/>\n<meta property=\"og:description\" content=\"Hundar g\u00e5r p\u00e5 sina f\u00f6tter varje dag utan skydd eller skor. Deras tassar utsatts f\u00f6r diverse saker varje dag. Vi som hund\u00e4gare \u00e4r f\u00f6rst\u00e5s ansvariga f\u00f6r det underlag och terr\u00e4ng vi uts\u00e4tter v\u00e5ra hundars tassar f\u00f6r. Av Nazli Pointer Veterinary Clinic, Estepona En hundtass best\u00e5r av en stor trampdyna och fyra sm\u00e5. Varje t\u00e5 har [&hellip;]\" \/>\n<meta property=\"og:url\" content=\"https:\/\/lightweb.dev\/l\/svm-temp\/artiklar\/djurspalten-skydda-hundars-tassar\/\" \/>\n<meta property=\"og:site_name\" content=\"Svenska Magasinet\" \/>\n<meta property=\"article:publisher\" content=\"https:\/\/www.facebook.com\/svenskamagasinet\" \/>\n<meta property=\"article:published_time\" content=\"2013-11-12T23:00:00+00:00\" \/>\n<meta name=\"author\" content=\"Redaktionen SvM\" \/>\n<meta name=\"twitter:card\" content=\"summary_large_image\" \/>\n<meta name=\"twitter:creator\" content=\"@SvenskaMagasine\" \/>\n<meta name=\"twitter:site\" content=\"@SvenskaMagasine\" \/>\n<script type=\"application\/ld+json\" class=\"yoast-schema-graph\">{\"@context\":\"https:\\\/\\\/schema.org\",\"@graph\":[{\"@type\":\"Article\",\"@id\":\"https:\\\/\\\/lightweb.dev\\\/l\\\/svm-temp\\\/artiklar\\\/djurspalten-skydda-hundars-tassar\\\/#article\",\"isPartOf\":{\"@id\":\"https:\\\/\\\/lightweb.dev\\\/l\\\/svm-temp\\\/artiklar\\\/djurspalten-skydda-hundars-tassar\\\/\"},\"author\":{\"name\":\"Redaktionen SvM\",\"@id\":\"https:\\\/\\\/lightweb.dev\\\/l\\\/svm-temp\\\/#\\\/schema\\\/person\\\/206a3bda5b607b0c25e1749191e4d837\"},\"headline\":\"Djurspalten: Skydda hundars tassar\",\"datePublished\":\"2013-11-12T23:00:00+00:00\",\"mainEntityOfPage\":{\"@id\":\"https:\\\/\\\/lightweb.dev\\\/l\\\/svm-temp\\\/artiklar\\\/djurspalten-skydda-hundars-tassar\\\/\"},\"wordCount\":537,\"commentCount\":0,\"publisher\":{\"@id\":\"https:\\\/\\\/lightweb.dev\\\/l\\\/svm-temp\\\/#organization\"},\"articleSection\":[\"Arkiv\",\"Artiklar\"],\"inLanguage\":\"sv-SE\"},{\"@type\":\"WebPage\",\"@id\":\"https:\\\/\\\/lightweb.dev\\\/l\\\/svm-temp\\\/artiklar\\\/djurspalten-skydda-hundars-tassar\\\/\",\"url\":\"https:\\\/\\\/lightweb.dev\\\/l\\\/svm-temp\\\/artiklar\\\/djurspalten-skydda-hundars-tassar\\\/\",\"name\":\"Djurspalten: Skydda hundars tassar - Svenska Magasinet\",\"isPartOf\":{\"@id\":\"https:\\\/\\\/lightweb.dev\\\/l\\\/svm-temp\\\/#website\"},\"datePublished\":\"2013-11-12T23:00:00+00:00\",\"breadcrumb\":{\"@id\":\"https:\\\/\\\/lightweb.dev\\\/l\\\/svm-temp\\\/artiklar\\\/djurspalten-skydda-hundars-tassar\\\/#breadcrumb\"},\"inLanguage\":\"sv-SE\",\"potentialAction\":[{\"@type\":\"ReadAction\",\"target\":[\"https:\\\/\\\/lightweb.dev\\\/l\\\/svm-temp\\\/artiklar\\\/djurspalten-skydda-hundars-tassar\\\/\"]}]},{\"@type\":\"BreadcrumbList\",\"@id\":\"https:\\\/\\\/lightweb.dev\\\/l\\\/svm-temp\\\/artiklar\\\/djurspalten-skydda-hundars-tassar\\\/#breadcrumb\",\"itemListElement\":[{\"@type\":\"ListItem\",\"position\":1,\"name\":\"Hem\",\"item\":\"https:\\\/\\\/lightweb.dev\\\/l\\\/svm-temp\\\/\"},{\"@type\":\"ListItem\",\"position\":2,\"name\":\"Djurspalten: Skydda hundars tassar\"}]},{\"@type\":\"WebSite\",\"@id\":\"https:\\\/\\\/lightweb.dev\\\/l\\\/svm-temp\\\/#website\",\"url\":\"https:\\\/\\\/lightweb.dev\\\/l\\\/svm-temp\\\/\",\"name\":\"Svenska Magasinet\",\"description\":\"Dina Spanska nyheter p&aring; Svenska\",\"publisher\":{\"@id\":\"https:\\\/\\\/lightweb.dev\\\/l\\\/svm-temp\\\/#organization\"},\"potentialAction\":[{\"@type\":\"SearchAction\",\"target\":{\"@type\":\"EntryPoint\",\"urlTemplate\":\"https:\\\/\\\/lightweb.dev\\\/l\\\/svm-temp\\\/?s={search_term_string}\"},\"query-input\":{\"@type\":\"PropertyValueSpecification\",\"valueRequired\":true,\"valueName\":\"search_term_string\"}}],\"inLanguage\":\"sv-SE\"},{\"@type\":\"Organization\",\"@id\":\"https:\\\/\\\/lightweb.dev\\\/l\\\/svm-temp\\\/#organization\",\"name\":\"Melkerson y Nott SL\",\"alternateName\":\"Svenska Magasinet\",\"url\":\"https:\\\/\\\/lightweb.dev\\\/l\\\/svm-temp\\\/\",\"logo\":{\"@type\":\"ImageObject\",\"inLanguage\":\"sv-SE\",\"@id\":\"https:\\\/\\\/lightweb.dev\\\/l\\\/svm-temp\\\/#\\\/schema\\\/logo\\\/image\\\/\",\"url\":\"https:\\\/\\\/lightweb.dev\\\/l\\\/svm-temp\\\/wp-content\\\/uploads\\\/2025\\\/02\\\/SvM-logo-Xtra-Centrerad-SVART.png\",\"contentUrl\":\"https:\\\/\\\/lightweb.dev\\\/l\\\/svm-temp\\\/wp-content\\\/uploads\\\/2025\\\/02\\\/SvM-logo-Xtra-Centrerad-SVART.png\",\"width\":300,\"height\":99,\"caption\":\"Melkerson y Nott SL\"},\"image\":{\"@id\":\"https:\\\/\\\/lightweb.dev\\\/l\\\/svm-temp\\\/#\\\/schema\\\/logo\\\/image\\\/\"},\"sameAs\":[\"https:\\\/\\\/www.facebook.com\\\/svenskamagasinet\",\"https:\\\/\\\/x.com\\\/SvenskaMagasine\"]},{\"@type\":\"Person\",\"@id\":\"https:\\\/\\\/lightweb.dev\\\/l\\\/svm-temp\\\/#\\\/schema\\\/person\\\/206a3bda5b607b0c25e1749191e4d837\",\"name\":\"Redaktionen SvM\",\"description\":\"Redaktionen\",\"sameAs\":[\"https:\\\/\\\/lightweb.dev\\\/l\\\/svm-temp\"],\"url\":\"https:\\\/\\\/lightweb.dev\\\/l\\\/svm-temp\\\/reporter\\\/redaktionen\\\/\"}]}<\/script>\n<!-- \/ Yoast SEO Premium plugin. -->","yoast_head_json":{"title":"Djurspalten: Skydda hundars tassar - Svenska Magasinet","robots":{"index":"noindex","follow":"follow","max-snippet":"max-snippet:-1","max-image-preview":"max-image-preview:large","max-video-preview":"max-video-preview:-1"},"og_locale":"sv_SE","og_type":"article","og_title":"Djurspalten: Skydda hundars tassar","og_description":"Hundar g\u00e5r p\u00e5 sina f\u00f6tter varje dag utan skydd eller skor. Deras tassar utsatts f\u00f6r diverse saker varje dag. Vi som hund\u00e4gare \u00e4r f\u00f6rst\u00e5s ansvariga f\u00f6r det underlag och terr\u00e4ng vi uts\u00e4tter v\u00e5ra hundars tassar f\u00f6r. Av Nazli Pointer Veterinary Clinic, Estepona En hundtass best\u00e5r av en stor trampdyna och fyra sm\u00e5. Varje t\u00e5 har [&hellip;]","og_url":"https:\/\/lightweb.dev\/l\/svm-temp\/artiklar\/djurspalten-skydda-hundars-tassar\/","og_site_name":"Svenska Magasinet","article_publisher":"https:\/\/www.facebook.com\/svenskamagasinet","article_published_time":"2013-11-12T23:00:00+00:00","author":"Redaktionen SvM","twitter_card":"summary_large_image","twitter_creator":"@SvenskaMagasine","twitter_site":"@SvenskaMagasine","schema":{"@context":"https:\/\/schema.org","@graph":[{"@type":"Article","@id":"https:\/\/lightweb.dev\/l\/svm-temp\/artiklar\/djurspalten-skydda-hundars-tassar\/#article","isPartOf":{"@id":"https:\/\/lightweb.dev\/l\/svm-temp\/artiklar\/djurspalten-skydda-hundars-tassar\/"},"author":{"name":"Redaktionen SvM","@id":"https:\/\/lightweb.dev\/l\/svm-temp\/#\/schema\/person\/206a3bda5b607b0c25e1749191e4d837"},"headline":"Djurspalten: Skydda hundars tassar","datePublished":"2013-11-12T23:00:00+00:00","mainEntityOfPage":{"@id":"https:\/\/lightweb.dev\/l\/svm-temp\/artiklar\/djurspalten-skydda-hundars-tassar\/"},"wordCount":537,"commentCount":0,"publisher":{"@id":"https:\/\/lightweb.dev\/l\/svm-temp\/#organization"},"articleSection":["Arkiv","Artiklar"],"inLanguage":"sv-SE"},{"@type":"WebPage","@id":"https:\/\/lightweb.dev\/l\/svm-temp\/artiklar\/djurspalten-skydda-hundars-tassar\/","url":"https:\/\/lightweb.dev\/l\/svm-temp\/artiklar\/djurspalten-skydda-hundars-tassar\/","name":"Djurspalten: Skydda hundars tassar - Svenska Magasinet","isPartOf":{"@id":"https:\/\/lightweb.dev\/l\/svm-temp\/#website"},"datePublished":"2013-11-12T23:00:00+00:00","breadcrumb":{"@id":"https:\/\/lightweb.dev\/l\/svm-temp\/artiklar\/djurspalten-skydda-hundars-tassar\/#breadcrumb"},"inLanguage":"sv-SE","potentialAction":[{"@type":"ReadAction","target":["https:\/\/lightweb.dev\/l\/svm-temp\/artiklar\/djurspalten-skydda-hundars-tassar\/"]}]},{"@type":"BreadcrumbList","@id":"https:\/\/lightweb.dev\/l\/svm-temp\/artiklar\/djurspalten-skydda-hundars-tassar\/#breadcrumb","itemListElement":[{"@type":"ListItem","position":1,"name":"Hem","item":"https:\/\/lightweb.dev\/l\/svm-temp\/"},{"@type":"ListItem","position":2,"name":"Djurspalten: Skydda hundars tassar"}]},{"@type":"WebSite","@id":"https:\/\/lightweb.dev\/l\/svm-temp\/#website","url":"https:\/\/lightweb.dev\/l\/svm-temp\/","name":"Svenska Magasinet","description":"Dina Spanska nyheter p&aring; Svenska","publisher":{"@id":"https:\/\/lightweb.dev\/l\/svm-temp\/#organization"},"potentialAction":[{"@type":"SearchAction","target":{"@type":"EntryPoint","urlTemplate":"https:\/\/lightweb.dev\/l\/svm-temp\/?s={search_term_string}"},"query-input":{"@type":"PropertyValueSpecification","valueRequired":true,"valueName":"search_term_string"}}],"inLanguage":"sv-SE"},{"@type":"Organization","@id":"https:\/\/lightweb.dev\/l\/svm-temp\/#organization","name":"Melkerson y Nott SL","alternateName":"Svenska Magasinet","url":"https:\/\/lightweb.dev\/l\/svm-temp\/","logo":{"@type":"ImageObject","inLanguage":"sv-SE","@id":"https:\/\/lightweb.dev\/l\/svm-temp\/#\/schema\/logo\/image\/","url":"https:\/\/lightweb.dev\/l\/svm-temp\/wp-content\/uploads\/2025\/02\/SvM-logo-Xtra-Centrerad-SVART.png","contentUrl":"https:\/\/lightweb.dev\/l\/svm-temp\/wp-content\/uploads\/2025\/02\/SvM-logo-Xtra-Centrerad-SVART.png","width":300,"height":99,"caption":"Melkerson y Nott SL"},"image":{"@id":"https:\/\/lightweb.dev\/l\/svm-temp\/#\/schema\/logo\/image\/"},"sameAs":["https:\/\/www.facebook.com\/svenskamagasinet","https:\/\/x.com\/SvenskaMagasine"]},{"@type":"Person","@id":"https:\/\/lightweb.dev\/l\/svm-temp\/#\/schema\/person\/206a3bda5b607b0c25e1749191e4d837","name":"Redaktionen SvM","description":"Redaktionen","sameAs":["https:\/\/lightweb.dev\/l\/svm-temp"],"url":"https:\/\/lightweb.dev\/l\/svm-temp\/reporter\/redaktionen\/"}]}},"_links":{"self":[{"href":"https:\/\/lightweb.dev\/l\/svm-temp\/wp-json\/wp\/v2\/posts\/4001","targetHints":{"allow":["GET"]}}],"collection":[{"href":"https:\/\/lightweb.dev\/l\/svm-temp\/wp-json\/wp\/v2\/posts"}],"about":[{"href":"https:\/\/lightweb.dev\/l\/svm-temp\/wp-json\/wp\/v2\/types\/post"}],"author":[{"embeddable":true,"href":"https:\/\/lightweb.dev\/l\/svm-temp\/wp-json\/wp\/v2\/users\/8"}],"replies":[{"embeddable":true,"href":"https:\/\/lightweb.dev\/l\/svm-temp\/wp-json\/wp\/v2\/comments?post=4001"}],"version-history":[{"count":0,"href":"https:\/\/lightweb.dev\/l\/svm-temp\/wp-json\/wp\/v2\/posts\/4001\/revisions"}],"wp:attachment":[{"href":"https:\/\/lightweb.dev\/l\/svm-temp\/wp-json\/wp\/v2\/media?parent=4001"}],"wp:term":[{"taxonomy":"category","embeddable":true,"href":"https:\/\/lightweb.dev\/l\/svm-temp\/wp-json\/wp\/v2\/categories?post=4001"},{"taxonomy":"post_tag","embeddable":true,"href":"https:\/\/lightweb.dev\/l\/svm-temp\/wp-json\/wp\/v2\/tags?post=4001"}],"curies":[{"name":"wp","href":"https:\/\/api.w.org\/{rel}","templated":true}]}}