{"id":4006,"date":"2013-11-13T00:00:00","date_gmt":"2013-11-12T23:00:00","guid":{"rendered":"https:\/\/lightweb.dev\/l\/svm-temp\/huset-som-jose-byggde\/"},"modified":"2013-11-13T00:00:00","modified_gmt":"2013-11-12T23:00:00","slug":"huset-som-jose-byggde","status":"publish","type":"post","link":"https:\/\/lightweb.dev\/l\/svm-temp\/artiklar\/huset-som-jose-byggde\/","title":{"rendered":"Huset som Jos\u00e9 byggde"},"content":{"rendered":"<p> Det b\u00f6rjade 1994 d\u00e5 Jos\u00e9 k\u00f6pte en ruin i Valtocado, Mijas. Han betalade 6.000 Euro! Han skulle bygga sitt dr\u00f6mhus d\u00e4r han skulle bo med sin hustru MariSol och deras tv\u00e5 barn. Nio \u00e5r tog det. Hela nio \u00e5r. Jose\u00b4har designat och byggt sitt hus alldeles sj\u00e4lv.  Ok han har haft hj\u00e4lp av sin bror och lite kompisar men \u00e4nd\u00e5. Jag tror inte jag n\u00e5gonsin har varit i ett hus som \u00e4r s\u00e5 perfekt in i minsta detalj. Av Annika Jonsson<br \/>\nFoto Nina Reistad<\/p>\n<p>Vi s\u00e4tter oss p\u00e5 deras terrass och b\u00f6rjar prata. Jos\u00e9 \u00e4r f\u00f6dd och uppvuxen i Mijas Pueblo och MariSol i Sevilla. <\/p>\n<p>-Hur tr\u00e4ffades ni tv\u00e5?<br \/>\nMariSol: Jag flyttade med mina f\u00f6r\u00e4ldrar till Fuengirola f\u00f6r m\u00e5nga \u00e5r sedan och en kv\u00e4ll s\u00e5 var jag p\u00e5 disko och d\u00e4r stod han!<br \/>\nJos\u00e9: Ja s\u00e5 var det. D\u00e4r stod jag och d\u00e4r stod hon och p\u00e5 den v\u00e4gen \u00e4r det.<\/p>\n<p>-Nu undrar jag varf\u00f6r ni inte bor h\u00e4r i ert fantastiska hus?<br \/>\nJos\u00e9: Det undrar jag med! Jag ville egentligen flytta hit s\u00e5 fort huset blev klart men&#8230;<br \/>\nMariSol: Jag ville hellre bo i byn. Vi hade v\u00e5ra barn som gick i skolan.<\/p>\n<p>-Hur gamla \u00e4r era barn?<br \/>\nMariSol: V\u00e5r son \u00e4r 26 och v\u00e5r dotter \u00e4r 21 \u00e5r.<\/p>\n<p>Jamen d\u00e5  har dom v\u00e4l flyttat ut nu? D\u00e5 skulle ni ju kunna flytta hit?<br \/>\nMariSol: Jo men nu bor mina f\u00f6r\u00e4ldrar mitt \u00f6ver gatan och jag vill bo n\u00e4ra dem.<\/p>\n<p>Familjen \u00e4r oerh\u00f6rt viktig f\u00f6r MariSol, hon \u00e5terkommer till den hela tiden. Jag n\u00e4stan avundas henne i sin k\u00e4rlek och omtanke till sin familj. Vad \u00e4r det som g\u00f6r att spanjorerna s\u00e5 ofta tar hand om varandra? Det \u00e4r v\u00e4ldigt fint p\u00e5 n\u00e5t vis. Men jag kan inte annat \u00e4n undra varf\u00f6r de har byggt detta fina hus utan att bo i det.<br \/>\nJos\u00e9: Vi kommer att flytta hit n\u00e4r tiden \u00e4r r\u00e4tt. Det tar nog n\u00e5gra \u00e5r till men sedan d\u00e5 f\u00e5r jag bo i mitt dr\u00f6mhus s\u00e5 det s\u00e5! Och om det inte \u00e4r uthyrt s\u00e5 \u00e5ker vi hit varenda helg. Det finns alltid n\u00e5got att g\u00f6ra h\u00e4r. Tr\u00e4dg\u00e5rden inte minst. Vi har ju ocks\u00e5 tomten intill d\u00e4r vi odlar gr\u00f6nsaker och frukter. H\u00e4r kan v\u00e5ra hyresg\u00e4ster g\u00e5 och plocka vad de vill.<br \/>\nMariSols mamma och pappa \u00e4r givetvis h\u00e4r. De p\u00e5tar i tr\u00e4dg\u00e5rdslandet och hon ger mig, lite f\u00f6rl\u00e4get, en  p\u00e5se full av nyplockade tomater.<br \/>\nJos\u00e9  g\u00e5r ut i tr\u00e4dg\u00e5rden och plockar ner n\u00e5gra n\u00f6tter som han bjuder mig p\u00e5. Smakar j\u00e4ttegott. Han ber\u00e4ttar d\u00e5 att de svarta grisarna f\u00f6ds upp p\u00e5 dessa n\u00f6tter. Av detta f\u00e5r man den b\u00e4sta skinkan, Pata Negra.<\/p>\n<p>Vad \u00e4r det som g\u00f6r att du hellre vill bo h\u00e4r \u00e4n inne i byn?<br \/>\nJos\u00e9: Naturen. Lugn och ro. Jag skulle aldrig kunna bo i en stad aldrig!<br \/>\n-Inte ens Malaga?<br \/>\nJos\u00e9: N\u00e4pp. Inte ens Fuengirola, absolut inte.<br \/>\n  Jos\u00e9 forts\u00e4tter: Jag tycker det \u00e4r synd att \u201ccampon\u201d avfolkas. F\u00f6rr bodde det folk i varenda hus h\u00e4r men idag \u00e4r det annorlunda. Folk vill hellre bo i byn och s\u00e5 \u00e5ker de hit p\u00e5 helgerna.<\/p>\n<p>Det m\u00e4rks att Jos\u00e9 verkligen \u00e4lskar sitt \u201ccampo\u201d och sitt Mijas Pueblo. Han \u00e4r en \u201c\u00e4kta\u201d Mije\u00f1a skulle man kunna s\u00e4ga. Han \u00e4r mycket involverad i politiken. Han \u00e4r meddlem och avktiv i partiet Alternativa Mije\u00f1a. Partiet som ser som sin uppgift bl.a. att beh\u00e5lla byn och \u201ccampon\u201d som den \u00e4r.<\/p>\n<p>Men tillbaks till huset. Jag fr\u00e5gar dem vem som var den som best\u00e4mde hur saker och ting skulle se ut n\u00e4r dom byggde.<br \/>\nJos\u00e9: Oh, det var jag. Jag ritade och ritade, f\u00f6r som du ser p\u00e5 det h\u00e4r gamla fotot, s\u00e5 var det bara en ruin.<\/p>\n<p>S\u00e5 du har ocks\u00e5 designat allt?<br \/>\nHan ser lite konfunderad ut. Designat?? Vad\u00e5 designat??<br \/>\nJos\u00e9: Ja kanske det, sager han och rycker p\u00e5 axlarna.<br \/>\nDet verkar som om han inte tycker det \u00e4r n\u00e5got speciellt med att rita ett hus.  Det verkar liksom sj\u00e4lvklart p\u00e5 n\u00e5got vis. Men det \u00e4r en bragd tycker jag.<br \/>\nHan har i m\u00f6jligaste m\u00e5n anv\u00e4nt \u00e5tervinningsmaterial. Allt tas tillvara p\u00e5.<br \/>\nJos\u00e9: Ser du plattorna d\u00e4r som g\u00e5r fram till poolen? Dom \u00e4r gjorda av en gammal bakugn som fanns i byn.<\/p>\n<p>Bj\u00e4lkarna h\u00e4r p\u00e5 terrassen och trappan d\u00e4r inne \u00e4r gjorda av gamla j\u00e4rnv\u00e4gssleepers. Titta h\u00e4r p\u00e5 mitt draperi, det \u00e4r som du nog ser gjort av gamla vinkorkar. Gallren f\u00f6r f\u00f6nstrerna fick jag ifr\u00e5n ett hus i Malaga som revs s\u00e5 det \u00e4r \u00e4kta vara! Jag har sv\u00e5rt att sl\u00e4nga saker och ting, det g\u00e5r n\u00e4stan alltid att \u00e5teranv\u00e4nda. Titta h\u00e4r Annika, kommer du ih\u00e5g detta?<\/p>\n<p>Han pekar p\u00e5 en inramad spegel men jag f\u00f6rst\u00e5r inte vad han menar.<br \/>\nJos\u00e9:  Kommer du ih\u00e5g vad som satt ovanf\u00f6r den \u00f6ppna spisen i huset i Calahonda d\u00e4r vi jobbade?<br \/>\nNu fattar jag, vi tog bort speglarna som satt d\u00e4r och sl\u00e4ngde dem. Trodde jag?? Men icke sa nicke. Nu pryder de hallen i Jose\u00b4s vackra hus.<br \/>\nJos\u00e9: Tr\u00e4-ramen runt om, som jag har gjort, \u00e4r av svenskt tr\u00e4 minsann. Det \u00e4r samma tr\u00e4 som borden p\u00e5 bar Ni\u00f1o i byn.<\/p>\n<p>Nu blev jag nyfiken, bar Ni\u00f1o \u00e4r min stam bar. Jag fr\u00e5gar hur han vet att det \u00e4r svenskt tr\u00e4.<br \/>\nJos\u00e9: Jo f\u00f6r de kommer fr\u00e5n golvet i sporthallen i Las Lagunas n\u00e4r det revs. Jag var d\u00e4r och tog hand om det som inte var f\u00f6rst\u00f6rt och s\u00e5 s\u00e5g jag p\u00e5 baksidan en st\u00e4mpel som sa att det var svenskt tr\u00e4.<br \/>\nN\u00e4sta g\u00e5ng, vilket nog \u00e4r idag, n\u00e4r jag s\u00e4tter mig p\u00e5 utsidan av bar Ni\u00f1o s\u00e5 kommer jag att ber\u00e4tta f\u00f6r alla att det h\u00e4r \u00e4r faktiskt gjort av svenskt tr\u00e4.<\/p>\n<p>Husets stolthet \u00e4r trappan. Jag har aldrig sett n\u00e5got vackrare.  Konstruktionen \u00e4r gjord s\u00e5dan att, \u00e4ven utan ledst\u00e5ng, s\u00e5 \u00e4r den stadigare \u00e4n stadig. Vilket hantverk. Jos\u00e9, som \u00e4r en v\u00e4ldigt \u00f6dmjuk man, som inte tycker att bygga ett s\u00e5dant hus, \u00e4r n\u00e5got m\u00e4rkv\u00e4rdigt, \u00e4r trots allt m\u00e4kta stolt \u00f6ver sin trapp.  Han har mycket att vara stolt \u00f6ver tycker jag. Inte bara huset som s\u00e5dant utan dessutom alla dessa detaljerna. Titta p\u00e5 fogarna mellan plattorna i tr\u00e4dg\u00e5rden. Titta p\u00e5 den elegant l\u00f6sningen p\u00e5 \u201cskylten\u201d \u201cNo Diving\u201d. Jag skulle kunna forts\u00e4tta att p\u00e5peka alla dessa detaljer men d\u00e5 hade det tagit hela utrymmet i detta numret av Svenska Magasinet!<\/p>\n<p>Jag avslutar med att fr\u00e5ga dem om de kunde beskriva sitt hus i ett ord.<br \/>\nJos\u00e9: \u201cBEAUTIFUL!\u201d<br \/>\nMariSol: \u201cACOGEDORA\u201d ( v\u00e4lkomnande, mysigt)<\/p>\n<p>Vill ni ha en eller tv\u00e5 veckors semester h\u00e4r nere i solen, och bo v\u00e4ldigt bekv\u00e4mt och v\u00e4ldigt spanskt, s\u00e5 kan ni hyra detta fantastiska hus.<br \/>\nyedra132jose@gmail.com<br \/>\nTel +34 678947310 (Jos\u00e9)<br \/>\nTel + 34 619605933 ( Ruben som pratar engelska)<\/p>\n","protected":false},"excerpt":{"rendered":"<p>Det b\u00f6rjade 1994 d\u00e5 Jos\u00e9 k\u00f6pte en ruin i Valtocado, Mijas. Han betalade 6.000 Euro! Han skulle bygga sitt dr\u00f6mhus d\u00e4r han skulle bo med sin hustru MariSol och deras tv\u00e5 barn. Nio \u00e5r tog det. Hela nio \u00e5r. Jose\u00b4har designat och byggt sitt hus alldeles sj\u00e4lv. Ok han har haft hj\u00e4lp av sin bror [&hellip;]<\/p>\n","protected":false},"author":8,"featured_media":4007,"comment_status":"open","ping_status":"open","sticky":false,"template":"","format":"standard","meta":{"_et_pb_use_builder":"","_et_pb_old_content":"","_et_gb_content_width":"","footnotes":""},"categories":[4,37],"tags":[],"class_list":["post-4006","post","type-post","status-publish","format-standard","has-post-thumbnail","hentry","category-artiklar","category-hem-bostad"],"yoast_head":"<!-- This site is optimized with the Yoast SEO Premium plugin v26.2 (Yoast SEO v27.5) - https:\/\/yoast.com\/product\/yoast-seo-premium-wordpress\/ -->\n<title>Huset som Jos\u00e9 byggde - Svenska Magasinet<\/title>\n<meta name=\"robots\" content=\"noindex, follow, max-snippet:-1, max-image-preview:large, max-video-preview:-1\" \/>\n<meta property=\"og:locale\" content=\"sv_SE\" \/>\n<meta property=\"og:type\" content=\"article\" \/>\n<meta property=\"og:title\" content=\"Huset som Jos\u00e9 byggde\" \/>\n<meta property=\"og:description\" content=\"Det b\u00f6rjade 1994 d\u00e5 Jos\u00e9 k\u00f6pte en ruin i Valtocado, Mijas. Han betalade 6.000 Euro! Han skulle bygga sitt dr\u00f6mhus d\u00e4r han skulle bo med sin hustru MariSol och deras tv\u00e5 barn. Nio \u00e5r tog det. Hela nio \u00e5r. Jose\u00b4har designat och byggt sitt hus alldeles sj\u00e4lv. Ok han har haft hj\u00e4lp av sin bror [&hellip;]\" \/>\n<meta property=\"og:url\" content=\"https:\/\/lightweb.dev\/l\/svm-temp\/artiklar\/huset-som-jose-byggde\/\" \/>\n<meta property=\"og:site_name\" content=\"Svenska Magasinet\" \/>\n<meta property=\"article:publisher\" content=\"https:\/\/www.facebook.com\/svenskamagasinet\" \/>\n<meta property=\"article:published_time\" content=\"2013-11-12T23:00:00+00:00\" \/>\n<meta property=\"og:image\" content=\"https:\/\/lightweb.dev\/l\/svm-temp\/wp-content\/uploads\/2022\/04\/huset-som-jos-byggde.png\" \/>\n\t<meta property=\"og:image:width\" content=\"384\" \/>\n\t<meta property=\"og:image:height\" content=\"200\" \/>\n\t<meta property=\"og:image:type\" content=\"image\/png\" \/>\n<meta name=\"author\" content=\"Redaktionen SvM\" \/>\n<meta name=\"twitter:card\" content=\"summary_large_image\" \/>\n<meta name=\"twitter:creator\" content=\"@SvenskaMagasine\" \/>\n<meta name=\"twitter:site\" content=\"@SvenskaMagasine\" \/>\n<script type=\"application\/ld+json\" class=\"yoast-schema-graph\">{\"@context\":\"https:\\\/\\\/schema.org\",\"@graph\":[{\"@type\":\"Article\",\"@id\":\"https:\\\/\\\/lightweb.dev\\\/l\\\/svm-temp\\\/artiklar\\\/huset-som-jose-byggde\\\/#article\",\"isPartOf\":{\"@id\":\"https:\\\/\\\/lightweb.dev\\\/l\\\/svm-temp\\\/artiklar\\\/huset-som-jose-byggde\\\/\"},\"author\":{\"name\":\"Redaktionen SvM\",\"@id\":\"https:\\\/\\\/lightweb.dev\\\/l\\\/svm-temp\\\/#\\\/schema\\\/person\\\/206a3bda5b607b0c25e1749191e4d837\"},\"headline\":\"Huset som Jos\u00e9 byggde\",\"datePublished\":\"2013-11-12T23:00:00+00:00\",\"mainEntityOfPage\":{\"@id\":\"https:\\\/\\\/lightweb.dev\\\/l\\\/svm-temp\\\/artiklar\\\/huset-som-jose-byggde\\\/\"},\"wordCount\":1265,\"commentCount\":0,\"publisher\":{\"@id\":\"https:\\\/\\\/lightweb.dev\\\/l\\\/svm-temp\\\/#organization\"},\"image\":{\"@id\":\"https:\\\/\\\/lightweb.dev\\\/l\\\/svm-temp\\\/artiklar\\\/huset-som-jose-byggde\\\/#primaryimage\"},\"thumbnailUrl\":\"https:\\\/\\\/lightweb.dev\\\/l\\\/svm-temp\\\/wp-content\\\/uploads\\\/2022\\\/04\\\/huset-som-jos-byggde.png\",\"articleSection\":[\"Artiklar\",\"Hem &amp; bostad\"],\"inLanguage\":\"sv-SE\"},{\"@type\":\"WebPage\",\"@id\":\"https:\\\/\\\/lightweb.dev\\\/l\\\/svm-temp\\\/artiklar\\\/huset-som-jose-byggde\\\/\",\"url\":\"https:\\\/\\\/lightweb.dev\\\/l\\\/svm-temp\\\/artiklar\\\/huset-som-jose-byggde\\\/\",\"name\":\"Huset som Jos\u00e9 byggde - Svenska Magasinet\",\"isPartOf\":{\"@id\":\"https:\\\/\\\/lightweb.dev\\\/l\\\/svm-temp\\\/#website\"},\"primaryImageOfPage\":{\"@id\":\"https:\\\/\\\/lightweb.dev\\\/l\\\/svm-temp\\\/artiklar\\\/huset-som-jose-byggde\\\/#primaryimage\"},\"image\":{\"@id\":\"https:\\\/\\\/lightweb.dev\\\/l\\\/svm-temp\\\/artiklar\\\/huset-som-jose-byggde\\\/#primaryimage\"},\"thumbnailUrl\":\"https:\\\/\\\/lightweb.dev\\\/l\\\/svm-temp\\\/wp-content\\\/uploads\\\/2022\\\/04\\\/huset-som-jos-byggde.png\",\"datePublished\":\"2013-11-12T23:00:00+00:00\",\"breadcrumb\":{\"@id\":\"https:\\\/\\\/lightweb.dev\\\/l\\\/svm-temp\\\/artiklar\\\/huset-som-jose-byggde\\\/#breadcrumb\"},\"inLanguage\":\"sv-SE\",\"potentialAction\":[{\"@type\":\"ReadAction\",\"target\":[\"https:\\\/\\\/lightweb.dev\\\/l\\\/svm-temp\\\/artiklar\\\/huset-som-jose-byggde\\\/\"]}]},{\"@type\":\"ImageObject\",\"inLanguage\":\"sv-SE\",\"@id\":\"https:\\\/\\\/lightweb.dev\\\/l\\\/svm-temp\\\/artiklar\\\/huset-som-jose-byggde\\\/#primaryimage\",\"url\":\"https:\\\/\\\/lightweb.dev\\\/l\\\/svm-temp\\\/wp-content\\\/uploads\\\/2022\\\/04\\\/huset-som-jos-byggde.png\",\"contentUrl\":\"https:\\\/\\\/lightweb.dev\\\/l\\\/svm-temp\\\/wp-content\\\/uploads\\\/2022\\\/04\\\/huset-som-jos-byggde.png\",\"width\":384,\"height\":200},{\"@type\":\"BreadcrumbList\",\"@id\":\"https:\\\/\\\/lightweb.dev\\\/l\\\/svm-temp\\\/artiklar\\\/huset-som-jose-byggde\\\/#breadcrumb\",\"itemListElement\":[{\"@type\":\"ListItem\",\"position\":1,\"name\":\"Hem\",\"item\":\"https:\\\/\\\/lightweb.dev\\\/l\\\/svm-temp\\\/\"},{\"@type\":\"ListItem\",\"position\":2,\"name\":\"Huset som Jos\u00e9 byggde\"}]},{\"@type\":\"WebSite\",\"@id\":\"https:\\\/\\\/lightweb.dev\\\/l\\\/svm-temp\\\/#website\",\"url\":\"https:\\\/\\\/lightweb.dev\\\/l\\\/svm-temp\\\/\",\"name\":\"Svenska Magasinet\",\"description\":\"Dina Spanska nyheter p&aring; Svenska\",\"publisher\":{\"@id\":\"https:\\\/\\\/lightweb.dev\\\/l\\\/svm-temp\\\/#organization\"},\"potentialAction\":[{\"@type\":\"SearchAction\",\"target\":{\"@type\":\"EntryPoint\",\"urlTemplate\":\"https:\\\/\\\/lightweb.dev\\\/l\\\/svm-temp\\\/?s={search_term_string}\"},\"query-input\":{\"@type\":\"PropertyValueSpecification\",\"valueRequired\":true,\"valueName\":\"search_term_string\"}}],\"inLanguage\":\"sv-SE\"},{\"@type\":\"Organization\",\"@id\":\"https:\\\/\\\/lightweb.dev\\\/l\\\/svm-temp\\\/#organization\",\"name\":\"Melkerson y Nott SL\",\"alternateName\":\"Svenska Magasinet\",\"url\":\"https:\\\/\\\/lightweb.dev\\\/l\\\/svm-temp\\\/\",\"logo\":{\"@type\":\"ImageObject\",\"inLanguage\":\"sv-SE\",\"@id\":\"https:\\\/\\\/lightweb.dev\\\/l\\\/svm-temp\\\/#\\\/schema\\\/logo\\\/image\\\/\",\"url\":\"https:\\\/\\\/lightweb.dev\\\/l\\\/svm-temp\\\/wp-content\\\/uploads\\\/2025\\\/02\\\/SvM-logo-Xtra-Centrerad-SVART.png\",\"contentUrl\":\"https:\\\/\\\/lightweb.dev\\\/l\\\/svm-temp\\\/wp-content\\\/uploads\\\/2025\\\/02\\\/SvM-logo-Xtra-Centrerad-SVART.png\",\"width\":300,\"height\":99,\"caption\":\"Melkerson y Nott SL\"},\"image\":{\"@id\":\"https:\\\/\\\/lightweb.dev\\\/l\\\/svm-temp\\\/#\\\/schema\\\/logo\\\/image\\\/\"},\"sameAs\":[\"https:\\\/\\\/www.facebook.com\\\/svenskamagasinet\",\"https:\\\/\\\/x.com\\\/SvenskaMagasine\"]},{\"@type\":\"Person\",\"@id\":\"https:\\\/\\\/lightweb.dev\\\/l\\\/svm-temp\\\/#\\\/schema\\\/person\\\/206a3bda5b607b0c25e1749191e4d837\",\"name\":\"Redaktionen SvM\",\"description\":\"Redaktionen\",\"sameAs\":[\"https:\\\/\\\/lightweb.dev\\\/l\\\/svm-temp\"],\"url\":\"https:\\\/\\\/lightweb.dev\\\/l\\\/svm-temp\\\/reporter\\\/redaktionen\\\/\"}]}<\/script>\n<!-- \/ Yoast SEO Premium plugin. -->","yoast_head_json":{"title":"Huset som Jos\u00e9 byggde - Svenska Magasinet","robots":{"index":"noindex","follow":"follow","max-snippet":"max-snippet:-1","max-image-preview":"max-image-preview:large","max-video-preview":"max-video-preview:-1"},"og_locale":"sv_SE","og_type":"article","og_title":"Huset som Jos\u00e9 byggde","og_description":"Det b\u00f6rjade 1994 d\u00e5 Jos\u00e9 k\u00f6pte en ruin i Valtocado, Mijas. Han betalade 6.000 Euro! Han skulle bygga sitt dr\u00f6mhus d\u00e4r han skulle bo med sin hustru MariSol och deras tv\u00e5 barn. Nio \u00e5r tog det. Hela nio \u00e5r. Jose\u00b4har designat och byggt sitt hus alldeles sj\u00e4lv. Ok han har haft hj\u00e4lp av sin bror [&hellip;]","og_url":"https:\/\/lightweb.dev\/l\/svm-temp\/artiklar\/huset-som-jose-byggde\/","og_site_name":"Svenska Magasinet","article_publisher":"https:\/\/www.facebook.com\/svenskamagasinet","article_published_time":"2013-11-12T23:00:00+00:00","og_image":[{"width":384,"height":200,"url":"https:\/\/lightweb.dev\/l\/svm-temp\/wp-content\/uploads\/2022\/04\/huset-som-jos-byggde.png","type":"image\/png"}],"author":"Redaktionen SvM","twitter_card":"summary_large_image","twitter_creator":"@SvenskaMagasine","twitter_site":"@SvenskaMagasine","schema":{"@context":"https:\/\/schema.org","@graph":[{"@type":"Article","@id":"https:\/\/lightweb.dev\/l\/svm-temp\/artiklar\/huset-som-jose-byggde\/#article","isPartOf":{"@id":"https:\/\/lightweb.dev\/l\/svm-temp\/artiklar\/huset-som-jose-byggde\/"},"author":{"name":"Redaktionen SvM","@id":"https:\/\/lightweb.dev\/l\/svm-temp\/#\/schema\/person\/206a3bda5b607b0c25e1749191e4d837"},"headline":"Huset som Jos\u00e9 byggde","datePublished":"2013-11-12T23:00:00+00:00","mainEntityOfPage":{"@id":"https:\/\/lightweb.dev\/l\/svm-temp\/artiklar\/huset-som-jose-byggde\/"},"wordCount":1265,"commentCount":0,"publisher":{"@id":"https:\/\/lightweb.dev\/l\/svm-temp\/#organization"},"image":{"@id":"https:\/\/lightweb.dev\/l\/svm-temp\/artiklar\/huset-som-jose-byggde\/#primaryimage"},"thumbnailUrl":"https:\/\/lightweb.dev\/l\/svm-temp\/wp-content\/uploads\/2022\/04\/huset-som-jos-byggde.png","articleSection":["Artiklar","Hem &amp; bostad"],"inLanguage":"sv-SE"},{"@type":"WebPage","@id":"https:\/\/lightweb.dev\/l\/svm-temp\/artiklar\/huset-som-jose-byggde\/","url":"https:\/\/lightweb.dev\/l\/svm-temp\/artiklar\/huset-som-jose-byggde\/","name":"Huset som Jos\u00e9 byggde - Svenska Magasinet","isPartOf":{"@id":"https:\/\/lightweb.dev\/l\/svm-temp\/#website"},"primaryImageOfPage":{"@id":"https:\/\/lightweb.dev\/l\/svm-temp\/artiklar\/huset-som-jose-byggde\/#primaryimage"},"image":{"@id":"https:\/\/lightweb.dev\/l\/svm-temp\/artiklar\/huset-som-jose-byggde\/#primaryimage"},"thumbnailUrl":"https:\/\/lightweb.dev\/l\/svm-temp\/wp-content\/uploads\/2022\/04\/huset-som-jos-byggde.png","datePublished":"2013-11-12T23:00:00+00:00","breadcrumb":{"@id":"https:\/\/lightweb.dev\/l\/svm-temp\/artiklar\/huset-som-jose-byggde\/#breadcrumb"},"inLanguage":"sv-SE","potentialAction":[{"@type":"ReadAction","target":["https:\/\/lightweb.dev\/l\/svm-temp\/artiklar\/huset-som-jose-byggde\/"]}]},{"@type":"ImageObject","inLanguage":"sv-SE","@id":"https:\/\/lightweb.dev\/l\/svm-temp\/artiklar\/huset-som-jose-byggde\/#primaryimage","url":"https:\/\/lightweb.dev\/l\/svm-temp\/wp-content\/uploads\/2022\/04\/huset-som-jos-byggde.png","contentUrl":"https:\/\/lightweb.dev\/l\/svm-temp\/wp-content\/uploads\/2022\/04\/huset-som-jos-byggde.png","width":384,"height":200},{"@type":"BreadcrumbList","@id":"https:\/\/lightweb.dev\/l\/svm-temp\/artiklar\/huset-som-jose-byggde\/#breadcrumb","itemListElement":[{"@type":"ListItem","position":1,"name":"Hem","item":"https:\/\/lightweb.dev\/l\/svm-temp\/"},{"@type":"ListItem","position":2,"name":"Huset som Jos\u00e9 byggde"}]},{"@type":"WebSite","@id":"https:\/\/lightweb.dev\/l\/svm-temp\/#website","url":"https:\/\/lightweb.dev\/l\/svm-temp\/","name":"Svenska Magasinet","description":"Dina Spanska nyheter p&aring; Svenska","publisher":{"@id":"https:\/\/lightweb.dev\/l\/svm-temp\/#organization"},"potentialAction":[{"@type":"SearchAction","target":{"@type":"EntryPoint","urlTemplate":"https:\/\/lightweb.dev\/l\/svm-temp\/?s={search_term_string}"},"query-input":{"@type":"PropertyValueSpecification","valueRequired":true,"valueName":"search_term_string"}}],"inLanguage":"sv-SE"},{"@type":"Organization","@id":"https:\/\/lightweb.dev\/l\/svm-temp\/#organization","name":"Melkerson y Nott SL","alternateName":"Svenska Magasinet","url":"https:\/\/lightweb.dev\/l\/svm-temp\/","logo":{"@type":"ImageObject","inLanguage":"sv-SE","@id":"https:\/\/lightweb.dev\/l\/svm-temp\/#\/schema\/logo\/image\/","url":"https:\/\/lightweb.dev\/l\/svm-temp\/wp-content\/uploads\/2025\/02\/SvM-logo-Xtra-Centrerad-SVART.png","contentUrl":"https:\/\/lightweb.dev\/l\/svm-temp\/wp-content\/uploads\/2025\/02\/SvM-logo-Xtra-Centrerad-SVART.png","width":300,"height":99,"caption":"Melkerson y Nott SL"},"image":{"@id":"https:\/\/lightweb.dev\/l\/svm-temp\/#\/schema\/logo\/image\/"},"sameAs":["https:\/\/www.facebook.com\/svenskamagasinet","https:\/\/x.com\/SvenskaMagasine"]},{"@type":"Person","@id":"https:\/\/lightweb.dev\/l\/svm-temp\/#\/schema\/person\/206a3bda5b607b0c25e1749191e4d837","name":"Redaktionen SvM","description":"Redaktionen","sameAs":["https:\/\/lightweb.dev\/l\/svm-temp"],"url":"https:\/\/lightweb.dev\/l\/svm-temp\/reporter\/redaktionen\/"}]}},"_links":{"self":[{"href":"https:\/\/lightweb.dev\/l\/svm-temp\/wp-json\/wp\/v2\/posts\/4006","targetHints":{"allow":["GET"]}}],"collection":[{"href":"https:\/\/lightweb.dev\/l\/svm-temp\/wp-json\/wp\/v2\/posts"}],"about":[{"href":"https:\/\/lightweb.dev\/l\/svm-temp\/wp-json\/wp\/v2\/types\/post"}],"author":[{"embeddable":true,"href":"https:\/\/lightweb.dev\/l\/svm-temp\/wp-json\/wp\/v2\/users\/8"}],"replies":[{"embeddable":true,"href":"https:\/\/lightweb.dev\/l\/svm-temp\/wp-json\/wp\/v2\/comments?post=4006"}],"version-history":[{"count":0,"href":"https:\/\/lightweb.dev\/l\/svm-temp\/wp-json\/wp\/v2\/posts\/4006\/revisions"}],"wp:featuredmedia":[{"embeddable":true,"href":"https:\/\/lightweb.dev\/l\/svm-temp\/wp-json\/wp\/v2\/media\/4007"}],"wp:attachment":[{"href":"https:\/\/lightweb.dev\/l\/svm-temp\/wp-json\/wp\/v2\/media?parent=4006"}],"wp:term":[{"taxonomy":"category","embeddable":true,"href":"https:\/\/lightweb.dev\/l\/svm-temp\/wp-json\/wp\/v2\/categories?post=4006"},{"taxonomy":"post_tag","embeddable":true,"href":"https:\/\/lightweb.dev\/l\/svm-temp\/wp-json\/wp\/v2\/tags?post=4006"}],"curies":[{"name":"wp","href":"https:\/\/api.w.org\/{rel}","templated":true}]}}