{"id":4014,"date":"2013-11-12T00:00:00","date_gmt":"2013-11-11T23:00:00","guid":{"rendered":"https:\/\/lightweb.dev\/l\/svm-temp\/en-svensk-boqueron-tar-sats-mot-os-2020\/"},"modified":"2013-11-12T00:00:00","modified_gmt":"2013-11-11T23:00:00","slug":"en-svensk-boqueron-tar-sats-mot-os-2020","status":"publish","type":"post","link":"https:\/\/lightweb.dev\/l\/svm-temp\/artiklar\/en-svensk-boqueron-tar-sats-mot-os-2020\/","title":{"rendered":"En svensk \u201dboquer\u00f3n\u201d tar sats mot OS 2020"},"content":{"rendered":"<p> N\u00e4r spanska m\u00e4sterskapet i optimistsegling avgjordes i Cartagena i juni var Erik B\u00f6hmer, 14, den enda deltagaren som kom fr\u00e5n provinsen M\u00e1laga. Erik \u00e4r en \u201dboquer\u00f3n\u201d med svenska r\u00f6tter som brinner f\u00f6r segling. Av Ola Josefsson<\/p>\n<p>Erik har svensk mamma och \u00f6sterrikisk pappa. I sommar kvalificerade sig Erik till det spanska m\u00e4sterskapet i optimistsegling som arrangerades i Cartagena. Det blev plats 86 bland 125 startande. M\u00e4sterskapet var bel\u00f6ningen efter en bra s\u00e4song som gjorde att Erik hamnade bland de som kvalificerade sig f\u00f6r m\u00e4sterskapet. Bland annat knep Erik tv\u00e5 andraplatser under s\u00e4songen. Efter att ha t\u00e4vlat i klassen optimist som g\u00e4ller till 14 \u00e5r g\u00e5r nu Erik \u00f6ver till klassen 29er.<\/p>\n<p>Fr\u00e5n det att syskonen Erik och Sofia var i ett\u00e5rs\u00e5ldern har f\u00f6r\u00e4ldrarna ingjutit k\u00e4rleken till havet i dem b\u00e5da. Havet och seglingst\u00e4vlingar \u00e4r mycket n\u00e4rvarande i familjen B\u00f6hmers liv. Pappa Hubert tar ofta med sin son till olika t\u00e4vlingar f\u00f6r att l\u00e4ra och se.<br \/>\n&#8211; Pappa pratar bara segling. Det f\u00f6rsta han g\u00f6r n\u00e4r han stiger upp \u00e4r och se vilken vind det \u00e4r. Och just nu \u00e4r det Americas Cup s\u00e5 det blir mycket segling kring middagsbordet.<\/p>\n<p>V\u00e4xte upp p\u00e5 b\u00e5t<br \/>\n&#8211; Erik f\u00f6ddes i Falun men ganska snart flyttade vi tillbaka till Panama och bodde p\u00e5 v\u00e5r b\u00e5t som vi hade liggande d\u00e4r. Sedan blev det Calahonda i Mijas Costa, ber\u00e4ttar mamma Anna n\u00e4r Svenska Magasinet m\u00f6ter dem en solig eftermiddag.<br \/>\nErik g\u00e5r i motsvarigheten till h\u00f6gstadiet, IES Torre Almenara i La Cala de Mijas, d\u00e4r \u00e4ven lillasyster Sofia g\u00e5r. Han talar flytande tyska och svenska samt \u00e4ven spanska och engelska.<br \/>\n&#8211; Det h\u00e4nder att mina klasskamrater vill ha l\u00e4xhj\u00e4lp och att jag f\u00f6rklarar grammatiken i engelska. Ibland f\u00e5r jag r\u00e4tta och hj\u00e4lpa l\u00e4raren&#8230;<\/p>\n<p>Erik representerade tidigare Club N\u00e1utico Fuengirola d\u00e4r \u00e4ven systern och f\u00f6r\u00e4ldrar \u00e4r medlemmar. Nu \u00e4r hemmaklubben M\u00e1laga och Real Club Mediterr\u00e1neo. N\u00e4r han seglade optimist tr\u00e4nades han av ungdomsv\u00e4rldsm\u00e4starna i snipe, \u00c1lvaro Mart\u00ednez och Gabriel Utrera. Nu \u00e4r det Utrera och Cesar Travado som tr\u00e4nar Erik i klassen 29er.<br \/>\n&#8211; Fr\u00e5n perioden september till maj \u00e4r det tr\u00e4ning som g\u00e4ller. Under sommarm\u00e5naderna \u00e4r det t\u00e4vlingss\u00e4song, ber\u00e4ttar Erik som tillsammans med lillasystern Sofia tr\u00e4nar i M\u00e1laga fredag, l\u00f6rdag och s\u00f6ndag.<br \/>\nMamma Anna ber\u00e4ttar att Erik och Sofia \u00e4r k\u00e4nda p\u00e5 t\u00e5get och har blivit en vanlig syn i M\u00e1laga centrum. De tar pendelt\u00e5get till M\u00e1laga och fr\u00e5n Alameda-stationen till seglingsklubben vid Paseo de la Farola i hamnen \u00e5ker de sparkcykel.<\/p>\n<p>Vad \u00e4r skillnaden mellan optimist och 29er?<br \/>\n&#8211; Optimistklassen \u00e4r upp till 14 \u00e5r. 29er \u00e4r tuffare segling. Mer segel, mer segling och en st\u00f6rre adrenalinkick. Det g\u00e5r betydligt fortare, dessutom \u00e4r vi tv\u00e5 som seglar. N\u00e4sta klass \u00e4r 49er som \u00e4r en OS-klass vilket \u00e4r det stora m\u00e5let.<br \/>\n  Erik och Sofia B\u00f6hmer \u00e4r inte de f\u00f6rsta som l\u00e4mnat Fuengirolaklubben f\u00f6r M\u00e1laga. Theresa Zabell Lucas som var v\u00e4rldsetta och t\u00e4vlade i OS 1992 och 1996 tillh\u00f6rde f\u00f6rst Fuengirola innan det blev anrika Real Club Mediterr\u00e1neo. Klubben startade 1873 och \u00e4r \u00e4ldst i Spanien.<br \/>\nM\u00e1lagaklubben deltar i stora t\u00e4vlingar p\u00e5 Mallorca, Frankrike eller andra platser i Spanien som Isla Canela vid Huelva. I Fuengirola finns inte den m\u00f6jligheten. Med till tr\u00e4ningen i klubben Real Club Mediterr\u00e1neo f\u00f6ljer \u00e4ven lillasyster Sof\u00eda B\u00f6hmer som ocks\u00e5 \u00e4r mycket lovande i segling.<br \/>\n&#8211; Hon har utvecklats de senaste m\u00e5naderna, betygs\u00e4tter Erik sin lillasyster.<\/p>\n<p>F\u00f6r Erik handlar det om att g\u00e5 fram\u00e5t och f\u00f6rb\u00e4ttra sina kunskaper. I somras deltog Erik p\u00e5 det spanska m\u00e4sterskapet i sin klass.<br \/>\n&#8211; Nu \u00e4r det viktigt att forts\u00e4tta att arbeta h\u00e5rt och l\u00e4ra sig av misstagen.<\/p>\n<p>Vad \u00e4r tjusningen med segling?<br \/>\n&#8211; Uppleva nya platser och tr\u00e4ffa nya m\u00e4nniskor. Det \u00e4r h\u00f6ga hastigheter p\u00e5 havet och jag ser delfiner och sk\u00f6ldpaddor. Sedan \u00e4r det sk\u00f6nt att vara utomhus och l\u00e4ra sig vind och v\u00e4der.<br \/>\nTidigare h\u00f6ll Erik p\u00e5 med andra sporter som ishockey i Benalm\u00e1dena medan systern Sofia dansade och \u00e5kte konst\u00e5kning. Men nu \u00e4r det bara segling som g\u00e4ller.<\/p>\n<p>Vad \u00e4r det stora m\u00e5let?<br \/>\n&#8211; OS 2020 i Tokyo skulle vara h\u00e4ftigt.<\/p>\n<p>F\u00f6r mamma Anna och pappa Hubert v\u00e4ntar ocks\u00e5 t\u00e4vlingar. Deras b\u00e5t ligger i Fuengirolas fritidshamn och p\u00e5 helgerna blir det t\u00e4vlingar p\u00e5 havet utmed Solkusten. De medverkar \u00e4ven i den andalusiska m\u00e4sterskapsserien med fem till sju regattor om \u00e5ret.<br \/>\n&#8211; Vi bor p\u00e5 b\u00e5ten under helgerna och \u00e4r med vid t\u00e4vlingar i M\u00e1laga, Fuengirola, Benalm\u00e1dena, El Candado, Almeria och Huelva. N\u00e4rmast v\u00e4ntar en t\u00e4vling mellan Sotogrande och Ceuta. D\u00e4r blir det middag och prisutdelning innan vi v\u00e4nder hem. Och en g\u00e5ng i m\u00e5naden \u00e4r det klubbt\u00e4vling, s\u00e4ger Anna B\u00f6hmer.<\/p>\n<p>Att familjen B\u00f6hmer fr\u00e5n Calahonda trivs p\u00e5 havet st\u00e5r helt klart.<\/p>\n<p>Fotnot. \u201dBoquer\u00f3n\u201d \u00e4r smeknamnet p\u00e5 en person fr\u00e5n M\u00e1laga.<\/p>\n","protected":false},"excerpt":{"rendered":"<p>N\u00e4r spanska m\u00e4sterskapet i optimistsegling avgjordes i Cartagena i juni var Erik B\u00f6hmer, 14, den enda deltagaren som kom fr\u00e5n provinsen M\u00e1laga. Erik \u00e4r en \u201dboquer\u00f3n\u201d med svenska r\u00f6tter som brinner f\u00f6r segling. Av Ola Josefsson Erik har svensk mamma och \u00f6sterrikisk pappa. I sommar kvalificerade sig Erik till det spanska m\u00e4sterskapet i optimistsegling som [&hellip;]<\/p>\n","protected":false},"author":8,"featured_media":4015,"comment_status":"open","ping_status":"open","sticky":false,"template":"","format":"standard","meta":{"_et_pb_use_builder":"","_et_pb_old_content":"","_et_gb_content_width":"","footnotes":""},"categories":[4,400],"tags":[],"class_list":["post-4014","post","type-post","status-publish","format-standard","has-post-thumbnail","hentry","category-artiklar","category-sport-artiklar"],"yoast_head":"<!-- This site is optimized with the Yoast SEO Premium plugin v26.2 (Yoast SEO v27.5) - https:\/\/yoast.com\/product\/yoast-seo-premium-wordpress\/ -->\n<title>En svensk \u201dboquer\u00f3n\u201d tar sats mot OS 2020 - Svenska Magasinet<\/title>\n<meta name=\"robots\" content=\"noindex, follow, max-snippet:-1, max-image-preview:large, max-video-preview:-1\" \/>\n<meta property=\"og:locale\" content=\"sv_SE\" \/>\n<meta property=\"og:type\" content=\"article\" \/>\n<meta property=\"og:title\" content=\"En svensk \u201dboquer\u00f3n\u201d tar sats mot OS 2020\" \/>\n<meta property=\"og:description\" content=\"N\u00e4r spanska m\u00e4sterskapet i optimistsegling avgjordes i Cartagena i juni var Erik B\u00f6hmer, 14, den enda deltagaren som kom fr\u00e5n provinsen M\u00e1laga. Erik \u00e4r en \u201dboquer\u00f3n\u201d med svenska r\u00f6tter som brinner f\u00f6r segling. Av Ola Josefsson Erik har svensk mamma och \u00f6sterrikisk pappa. I sommar kvalificerade sig Erik till det spanska m\u00e4sterskapet i optimistsegling som [&hellip;]\" \/>\n<meta property=\"og:url\" content=\"https:\/\/lightweb.dev\/l\/svm-temp\/artiklar\/en-svensk-boqueron-tar-sats-mot-os-2020\/\" \/>\n<meta property=\"og:site_name\" content=\"Svenska Magasinet\" \/>\n<meta property=\"article:publisher\" content=\"https:\/\/www.facebook.com\/svenskamagasinet\" \/>\n<meta property=\"article:published_time\" content=\"2013-11-11T23:00:00+00:00\" \/>\n<meta property=\"og:image\" content=\"https:\/\/lightweb.dev\/l\/svm-temp\/wp-content\/uploads\/2022\/04\/en-svensk-boquern-tar-sats-mot-os-2020.png\" \/>\n\t<meta property=\"og:image:width\" content=\"299\" \/>\n\t<meta property=\"og:image:height\" content=\"200\" \/>\n\t<meta property=\"og:image:type\" content=\"image\/png\" \/>\n<meta name=\"author\" content=\"Redaktionen SvM\" \/>\n<meta name=\"twitter:card\" content=\"summary_large_image\" \/>\n<meta name=\"twitter:creator\" content=\"@SvenskaMagasine\" \/>\n<meta name=\"twitter:site\" content=\"@SvenskaMagasine\" \/>\n<script type=\"application\/ld+json\" class=\"yoast-schema-graph\">{\"@context\":\"https:\\\/\\\/schema.org\",\"@graph\":[{\"@type\":\"Article\",\"@id\":\"https:\\\/\\\/lightweb.dev\\\/l\\\/svm-temp\\\/artiklar\\\/en-svensk-boqueron-tar-sats-mot-os-2020\\\/#article\",\"isPartOf\":{\"@id\":\"https:\\\/\\\/lightweb.dev\\\/l\\\/svm-temp\\\/artiklar\\\/en-svensk-boqueron-tar-sats-mot-os-2020\\\/\"},\"author\":{\"name\":\"Redaktionen SvM\",\"@id\":\"https:\\\/\\\/lightweb.dev\\\/l\\\/svm-temp\\\/#\\\/schema\\\/person\\\/206a3bda5b607b0c25e1749191e4d837\"},\"headline\":\"En svensk \u201dboquer\u00f3n\u201d tar sats mot OS 2020\",\"datePublished\":\"2013-11-11T23:00:00+00:00\",\"mainEntityOfPage\":{\"@id\":\"https:\\\/\\\/lightweb.dev\\\/l\\\/svm-temp\\\/artiklar\\\/en-svensk-boqueron-tar-sats-mot-os-2020\\\/\"},\"wordCount\":933,\"commentCount\":0,\"publisher\":{\"@id\":\"https:\\\/\\\/lightweb.dev\\\/l\\\/svm-temp\\\/#organization\"},\"image\":{\"@id\":\"https:\\\/\\\/lightweb.dev\\\/l\\\/svm-temp\\\/artiklar\\\/en-svensk-boqueron-tar-sats-mot-os-2020\\\/#primaryimage\"},\"thumbnailUrl\":\"https:\\\/\\\/lightweb.dev\\\/l\\\/svm-temp\\\/wp-content\\\/uploads\\\/2022\\\/04\\\/en-svensk-boquern-tar-sats-mot-os-2020.png\",\"articleSection\":[\"Artiklar\",\"Sport\"],\"inLanguage\":\"sv-SE\"},{\"@type\":\"WebPage\",\"@id\":\"https:\\\/\\\/lightweb.dev\\\/l\\\/svm-temp\\\/artiklar\\\/en-svensk-boqueron-tar-sats-mot-os-2020\\\/\",\"url\":\"https:\\\/\\\/lightweb.dev\\\/l\\\/svm-temp\\\/artiklar\\\/en-svensk-boqueron-tar-sats-mot-os-2020\\\/\",\"name\":\"En svensk \u201dboquer\u00f3n\u201d tar sats mot OS 2020 - Svenska Magasinet\",\"isPartOf\":{\"@id\":\"https:\\\/\\\/lightweb.dev\\\/l\\\/svm-temp\\\/#website\"},\"primaryImageOfPage\":{\"@id\":\"https:\\\/\\\/lightweb.dev\\\/l\\\/svm-temp\\\/artiklar\\\/en-svensk-boqueron-tar-sats-mot-os-2020\\\/#primaryimage\"},\"image\":{\"@id\":\"https:\\\/\\\/lightweb.dev\\\/l\\\/svm-temp\\\/artiklar\\\/en-svensk-boqueron-tar-sats-mot-os-2020\\\/#primaryimage\"},\"thumbnailUrl\":\"https:\\\/\\\/lightweb.dev\\\/l\\\/svm-temp\\\/wp-content\\\/uploads\\\/2022\\\/04\\\/en-svensk-boquern-tar-sats-mot-os-2020.png\",\"datePublished\":\"2013-11-11T23:00:00+00:00\",\"breadcrumb\":{\"@id\":\"https:\\\/\\\/lightweb.dev\\\/l\\\/svm-temp\\\/artiklar\\\/en-svensk-boqueron-tar-sats-mot-os-2020\\\/#breadcrumb\"},\"inLanguage\":\"sv-SE\",\"potentialAction\":[{\"@type\":\"ReadAction\",\"target\":[\"https:\\\/\\\/lightweb.dev\\\/l\\\/svm-temp\\\/artiklar\\\/en-svensk-boqueron-tar-sats-mot-os-2020\\\/\"]}]},{\"@type\":\"ImageObject\",\"inLanguage\":\"sv-SE\",\"@id\":\"https:\\\/\\\/lightweb.dev\\\/l\\\/svm-temp\\\/artiklar\\\/en-svensk-boqueron-tar-sats-mot-os-2020\\\/#primaryimage\",\"url\":\"https:\\\/\\\/lightweb.dev\\\/l\\\/svm-temp\\\/wp-content\\\/uploads\\\/2022\\\/04\\\/en-svensk-boquern-tar-sats-mot-os-2020.png\",\"contentUrl\":\"https:\\\/\\\/lightweb.dev\\\/l\\\/svm-temp\\\/wp-content\\\/uploads\\\/2022\\\/04\\\/en-svensk-boquern-tar-sats-mot-os-2020.png\",\"width\":299,\"height\":200},{\"@type\":\"BreadcrumbList\",\"@id\":\"https:\\\/\\\/lightweb.dev\\\/l\\\/svm-temp\\\/artiklar\\\/en-svensk-boqueron-tar-sats-mot-os-2020\\\/#breadcrumb\",\"itemListElement\":[{\"@type\":\"ListItem\",\"position\":1,\"name\":\"Hem\",\"item\":\"https:\\\/\\\/lightweb.dev\\\/l\\\/svm-temp\\\/\"},{\"@type\":\"ListItem\",\"position\":2,\"name\":\"En svensk \u201dboquer\u00f3n\u201d tar sats mot OS 2020\"}]},{\"@type\":\"WebSite\",\"@id\":\"https:\\\/\\\/lightweb.dev\\\/l\\\/svm-temp\\\/#website\",\"url\":\"https:\\\/\\\/lightweb.dev\\\/l\\\/svm-temp\\\/\",\"name\":\"Svenska Magasinet\",\"description\":\"Dina Spanska nyheter p&aring; Svenska\",\"publisher\":{\"@id\":\"https:\\\/\\\/lightweb.dev\\\/l\\\/svm-temp\\\/#organization\"},\"potentialAction\":[{\"@type\":\"SearchAction\",\"target\":{\"@type\":\"EntryPoint\",\"urlTemplate\":\"https:\\\/\\\/lightweb.dev\\\/l\\\/svm-temp\\\/?s={search_term_string}\"},\"query-input\":{\"@type\":\"PropertyValueSpecification\",\"valueRequired\":true,\"valueName\":\"search_term_string\"}}],\"inLanguage\":\"sv-SE\"},{\"@type\":\"Organization\",\"@id\":\"https:\\\/\\\/lightweb.dev\\\/l\\\/svm-temp\\\/#organization\",\"name\":\"Melkerson y Nott SL\",\"alternateName\":\"Svenska Magasinet\",\"url\":\"https:\\\/\\\/lightweb.dev\\\/l\\\/svm-temp\\\/\",\"logo\":{\"@type\":\"ImageObject\",\"inLanguage\":\"sv-SE\",\"@id\":\"https:\\\/\\\/lightweb.dev\\\/l\\\/svm-temp\\\/#\\\/schema\\\/logo\\\/image\\\/\",\"url\":\"https:\\\/\\\/lightweb.dev\\\/l\\\/svm-temp\\\/wp-content\\\/uploads\\\/2025\\\/02\\\/SvM-logo-Xtra-Centrerad-SVART.png\",\"contentUrl\":\"https:\\\/\\\/lightweb.dev\\\/l\\\/svm-temp\\\/wp-content\\\/uploads\\\/2025\\\/02\\\/SvM-logo-Xtra-Centrerad-SVART.png\",\"width\":300,\"height\":99,\"caption\":\"Melkerson y Nott SL\"},\"image\":{\"@id\":\"https:\\\/\\\/lightweb.dev\\\/l\\\/svm-temp\\\/#\\\/schema\\\/logo\\\/image\\\/\"},\"sameAs\":[\"https:\\\/\\\/www.facebook.com\\\/svenskamagasinet\",\"https:\\\/\\\/x.com\\\/SvenskaMagasine\"]},{\"@type\":\"Person\",\"@id\":\"https:\\\/\\\/lightweb.dev\\\/l\\\/svm-temp\\\/#\\\/schema\\\/person\\\/206a3bda5b607b0c25e1749191e4d837\",\"name\":\"Redaktionen SvM\",\"description\":\"Redaktionen\",\"sameAs\":[\"https:\\\/\\\/lightweb.dev\\\/l\\\/svm-temp\"],\"url\":\"https:\\\/\\\/lightweb.dev\\\/l\\\/svm-temp\\\/reporter\\\/redaktionen\\\/\"}]}<\/script>\n<!-- \/ Yoast SEO Premium plugin. -->","yoast_head_json":{"title":"En svensk \u201dboquer\u00f3n\u201d tar sats mot OS 2020 - Svenska Magasinet","robots":{"index":"noindex","follow":"follow","max-snippet":"max-snippet:-1","max-image-preview":"max-image-preview:large","max-video-preview":"max-video-preview:-1"},"og_locale":"sv_SE","og_type":"article","og_title":"En svensk \u201dboquer\u00f3n\u201d tar sats mot OS 2020","og_description":"N\u00e4r spanska m\u00e4sterskapet i optimistsegling avgjordes i Cartagena i juni var Erik B\u00f6hmer, 14, den enda deltagaren som kom fr\u00e5n provinsen M\u00e1laga. Erik \u00e4r en \u201dboquer\u00f3n\u201d med svenska r\u00f6tter som brinner f\u00f6r segling. Av Ola Josefsson Erik har svensk mamma och \u00f6sterrikisk pappa. I sommar kvalificerade sig Erik till det spanska m\u00e4sterskapet i optimistsegling som [&hellip;]","og_url":"https:\/\/lightweb.dev\/l\/svm-temp\/artiklar\/en-svensk-boqueron-tar-sats-mot-os-2020\/","og_site_name":"Svenska Magasinet","article_publisher":"https:\/\/www.facebook.com\/svenskamagasinet","article_published_time":"2013-11-11T23:00:00+00:00","og_image":[{"width":299,"height":200,"url":"https:\/\/lightweb.dev\/l\/svm-temp\/wp-content\/uploads\/2022\/04\/en-svensk-boquern-tar-sats-mot-os-2020.png","type":"image\/png"}],"author":"Redaktionen SvM","twitter_card":"summary_large_image","twitter_creator":"@SvenskaMagasine","twitter_site":"@SvenskaMagasine","schema":{"@context":"https:\/\/schema.org","@graph":[{"@type":"Article","@id":"https:\/\/lightweb.dev\/l\/svm-temp\/artiklar\/en-svensk-boqueron-tar-sats-mot-os-2020\/#article","isPartOf":{"@id":"https:\/\/lightweb.dev\/l\/svm-temp\/artiklar\/en-svensk-boqueron-tar-sats-mot-os-2020\/"},"author":{"name":"Redaktionen SvM","@id":"https:\/\/lightweb.dev\/l\/svm-temp\/#\/schema\/person\/206a3bda5b607b0c25e1749191e4d837"},"headline":"En svensk \u201dboquer\u00f3n\u201d tar sats mot OS 2020","datePublished":"2013-11-11T23:00:00+00:00","mainEntityOfPage":{"@id":"https:\/\/lightweb.dev\/l\/svm-temp\/artiklar\/en-svensk-boqueron-tar-sats-mot-os-2020\/"},"wordCount":933,"commentCount":0,"publisher":{"@id":"https:\/\/lightweb.dev\/l\/svm-temp\/#organization"},"image":{"@id":"https:\/\/lightweb.dev\/l\/svm-temp\/artiklar\/en-svensk-boqueron-tar-sats-mot-os-2020\/#primaryimage"},"thumbnailUrl":"https:\/\/lightweb.dev\/l\/svm-temp\/wp-content\/uploads\/2022\/04\/en-svensk-boquern-tar-sats-mot-os-2020.png","articleSection":["Artiklar","Sport"],"inLanguage":"sv-SE"},{"@type":"WebPage","@id":"https:\/\/lightweb.dev\/l\/svm-temp\/artiklar\/en-svensk-boqueron-tar-sats-mot-os-2020\/","url":"https:\/\/lightweb.dev\/l\/svm-temp\/artiklar\/en-svensk-boqueron-tar-sats-mot-os-2020\/","name":"En svensk \u201dboquer\u00f3n\u201d tar sats mot OS 2020 - Svenska Magasinet","isPartOf":{"@id":"https:\/\/lightweb.dev\/l\/svm-temp\/#website"},"primaryImageOfPage":{"@id":"https:\/\/lightweb.dev\/l\/svm-temp\/artiklar\/en-svensk-boqueron-tar-sats-mot-os-2020\/#primaryimage"},"image":{"@id":"https:\/\/lightweb.dev\/l\/svm-temp\/artiklar\/en-svensk-boqueron-tar-sats-mot-os-2020\/#primaryimage"},"thumbnailUrl":"https:\/\/lightweb.dev\/l\/svm-temp\/wp-content\/uploads\/2022\/04\/en-svensk-boquern-tar-sats-mot-os-2020.png","datePublished":"2013-11-11T23:00:00+00:00","breadcrumb":{"@id":"https:\/\/lightweb.dev\/l\/svm-temp\/artiklar\/en-svensk-boqueron-tar-sats-mot-os-2020\/#breadcrumb"},"inLanguage":"sv-SE","potentialAction":[{"@type":"ReadAction","target":["https:\/\/lightweb.dev\/l\/svm-temp\/artiklar\/en-svensk-boqueron-tar-sats-mot-os-2020\/"]}]},{"@type":"ImageObject","inLanguage":"sv-SE","@id":"https:\/\/lightweb.dev\/l\/svm-temp\/artiklar\/en-svensk-boqueron-tar-sats-mot-os-2020\/#primaryimage","url":"https:\/\/lightweb.dev\/l\/svm-temp\/wp-content\/uploads\/2022\/04\/en-svensk-boquern-tar-sats-mot-os-2020.png","contentUrl":"https:\/\/lightweb.dev\/l\/svm-temp\/wp-content\/uploads\/2022\/04\/en-svensk-boquern-tar-sats-mot-os-2020.png","width":299,"height":200},{"@type":"BreadcrumbList","@id":"https:\/\/lightweb.dev\/l\/svm-temp\/artiklar\/en-svensk-boqueron-tar-sats-mot-os-2020\/#breadcrumb","itemListElement":[{"@type":"ListItem","position":1,"name":"Hem","item":"https:\/\/lightweb.dev\/l\/svm-temp\/"},{"@type":"ListItem","position":2,"name":"En svensk \u201dboquer\u00f3n\u201d tar sats mot OS 2020"}]},{"@type":"WebSite","@id":"https:\/\/lightweb.dev\/l\/svm-temp\/#website","url":"https:\/\/lightweb.dev\/l\/svm-temp\/","name":"Svenska Magasinet","description":"Dina Spanska nyheter p&aring; Svenska","publisher":{"@id":"https:\/\/lightweb.dev\/l\/svm-temp\/#organization"},"potentialAction":[{"@type":"SearchAction","target":{"@type":"EntryPoint","urlTemplate":"https:\/\/lightweb.dev\/l\/svm-temp\/?s={search_term_string}"},"query-input":{"@type":"PropertyValueSpecification","valueRequired":true,"valueName":"search_term_string"}}],"inLanguage":"sv-SE"},{"@type":"Organization","@id":"https:\/\/lightweb.dev\/l\/svm-temp\/#organization","name":"Melkerson y Nott SL","alternateName":"Svenska Magasinet","url":"https:\/\/lightweb.dev\/l\/svm-temp\/","logo":{"@type":"ImageObject","inLanguage":"sv-SE","@id":"https:\/\/lightweb.dev\/l\/svm-temp\/#\/schema\/logo\/image\/","url":"https:\/\/lightweb.dev\/l\/svm-temp\/wp-content\/uploads\/2025\/02\/SvM-logo-Xtra-Centrerad-SVART.png","contentUrl":"https:\/\/lightweb.dev\/l\/svm-temp\/wp-content\/uploads\/2025\/02\/SvM-logo-Xtra-Centrerad-SVART.png","width":300,"height":99,"caption":"Melkerson y Nott SL"},"image":{"@id":"https:\/\/lightweb.dev\/l\/svm-temp\/#\/schema\/logo\/image\/"},"sameAs":["https:\/\/www.facebook.com\/svenskamagasinet","https:\/\/x.com\/SvenskaMagasine"]},{"@type":"Person","@id":"https:\/\/lightweb.dev\/l\/svm-temp\/#\/schema\/person\/206a3bda5b607b0c25e1749191e4d837","name":"Redaktionen SvM","description":"Redaktionen","sameAs":["https:\/\/lightweb.dev\/l\/svm-temp"],"url":"https:\/\/lightweb.dev\/l\/svm-temp\/reporter\/redaktionen\/"}]}},"_links":{"self":[{"href":"https:\/\/lightweb.dev\/l\/svm-temp\/wp-json\/wp\/v2\/posts\/4014","targetHints":{"allow":["GET"]}}],"collection":[{"href":"https:\/\/lightweb.dev\/l\/svm-temp\/wp-json\/wp\/v2\/posts"}],"about":[{"href":"https:\/\/lightweb.dev\/l\/svm-temp\/wp-json\/wp\/v2\/types\/post"}],"author":[{"embeddable":true,"href":"https:\/\/lightweb.dev\/l\/svm-temp\/wp-json\/wp\/v2\/users\/8"}],"replies":[{"embeddable":true,"href":"https:\/\/lightweb.dev\/l\/svm-temp\/wp-json\/wp\/v2\/comments?post=4014"}],"version-history":[{"count":0,"href":"https:\/\/lightweb.dev\/l\/svm-temp\/wp-json\/wp\/v2\/posts\/4014\/revisions"}],"wp:featuredmedia":[{"embeddable":true,"href":"https:\/\/lightweb.dev\/l\/svm-temp\/wp-json\/wp\/v2\/media\/4015"}],"wp:attachment":[{"href":"https:\/\/lightweb.dev\/l\/svm-temp\/wp-json\/wp\/v2\/media?parent=4014"}],"wp:term":[{"taxonomy":"category","embeddable":true,"href":"https:\/\/lightweb.dev\/l\/svm-temp\/wp-json\/wp\/v2\/categories?post=4014"},{"taxonomy":"post_tag","embeddable":true,"href":"https:\/\/lightweb.dev\/l\/svm-temp\/wp-json\/wp\/v2\/tags?post=4014"}],"curies":[{"name":"wp","href":"https:\/\/api.w.org\/{rel}","templated":true}]}}