{"id":4016,"date":"2013-11-12T00:00:00","date_gmt":"2013-11-11T23:00:00","guid":{"rendered":"https:\/\/lightweb.dev\/l\/svm-temp\/spanien-just-nu-ur-recession\/"},"modified":"2013-11-12T00:00:00","modified_gmt":"2013-11-11T23:00:00","slug":"spanien-just-nu-ur-recession","status":"publish","type":"post","link":"https:\/\/lightweb.dev\/l\/svm-temp\/artiklar\/spanien-just-nu-ur-recession\/","title":{"rendered":"Spanien just nu \u2013 ur recession"},"content":{"rendered":"<p> Det b\u00f6rjar ljusna efter att Spanien gick in dimman 2007. Inte sedan 2005 har arbetsl\u00f6sheten backat s\u00e5 mycket som under det tredje kvartalet i \u00e5r. Samtidigt rapporteras det om en tillv\u00e4xt p\u00e5 0,1 procent. Visserligen knappt synlig, men \u00e4nd\u00e5. Spanien har tagit steget ur recession. Av Ola Josefsson<\/p>\n<p>M\u00e1lagas ekonomer \u00e4r positiva och s\u00e4ger att under f\u00f6rsta eller andra kvartalet 2014 kan vi s\u00e4tta punkt f\u00f6r den ekonomiska krisen. L\u00e5t oss vara m\u00e5ttligt optimistiska s\u00e4ger Juan Carlos Robles vid Colegio de Economistas och pekar p\u00e5 turismen och utrikeshandeln som bidragande sk\u00e4l.<\/p>\n<p>Antalet nordiska turister som v\u00e4ljer Spanien \u00f6kar men det finns varningsklockor som ringer. Svenska Magasinet har tidigare i \u00e5r ber\u00e4ttat om hur spanska skatteverket har inf\u00f6rt en lag som g\u00f6r att alla skattskyldiga i Spanien, bolag och individer, skall rapportera sina tillg\u00e5ngar utanf\u00f6r Spanien p\u00e5 en speciell blankett.<\/p>\n<p>En lag som har skapat stor oro bland flera skatteresidenta. \u201dDen nya lagen skapar oro bland svenskar som \u00e4r skattskyldiga i Spanien. Dessutom bryter den mot Europakonventionen och strider mot de grundl\u00e4ggande r\u00e4ttigheterna\u201d, sa G\u00f6ran Rise, svensk advokat, i samband med en intervju.<\/p>\n<p>Bed\u00f6mare var tidigt ute och sa att lagen skulle orsaka st\u00f6rre skada \u00e4n nytta. Och s\u00e5 har det blivit. Dagstidningen La Opini\u00f3n de M\u00e1laga belyste \u00e4mnet i en artikel nyligen d\u00e4r det framkom att investerare nu i st\u00e4llet v\u00e4ljer Algarvekusten i Portugal, Kroatien, Malta eller Monaco.<\/p>\n<p>De nya reglerna skr\u00e4mmer vanligt folk. Ricardo S\u00e1nchez Bocanegra vid f\u00f6reningen f\u00f6r utl\u00e4nningar p\u00e5 Costa del Sol (Asociaci\u00f3n de Extranjeros de la Costa del Sol) menar att den nya registreringslagen skapar hinder n\u00e4r utl\u00e4nningar ska \u00f6ppna bankkonton. Vid \u00f6verf\u00f6ringar upplever m\u00e5nga en \u00f6verdriven pappersexercis och m\u00e5nga \u00f6verf\u00f6ringar avsl\u00e5s. Det bidrar till en f\u00f6rsvagad ekonomi d\u00e5 investerare inte v\u00e4ljer Costa del Sol.<br \/>\n95 procent av investerarna \u00e4r vanliga m\u00e4nniskor och inte s\u00e5dana som \u00e4r ute efter att tv\u00e4tta pengar. De \u00e4r bara ute efter att k\u00f6pa ett hus i v\u00e4rmen. Reglerna sl\u00e5r helt fel och skr\u00e4mmer bort k\u00f6pstarka individer, s\u00e4ger Ricardo S\u00e1nchez Bocanegra.<\/p>\n<p>Korruption och penningtv\u00e4tt \u00e4r ett problem i Spanien. Enligt skatteteknikerna (Gestha) oms\u00e4tter den svarta ekonomin i provinsen M\u00e1laga motsvarande 22,6 procent av BNP. Eller 6,127 miljoner euro. I genomsnitt har varje inv\u00e5nare i Spanien en \u201dkassa B\u201d som fylls p\u00e5 med 630 svarta euro per \u00e5r enligt Gestha.<\/p>\n<p>Men den nya lagen sl\u00e5r helt fel och skr\u00e4mmer investerare som ska fungera som injektioner. I st\u00e4llet f\u00f6r Costa del Sol v\u00e4ljer dessa att k\u00f6pa bostad p\u00e5 andra h\u00e5ll. Det inneb\u00e4r ekonomiska injektioner i Portugal, Kroatien och Malta exempelvis.<\/p>\n<p>Den nya registreringslagen har blivit en h\u00e4msko i landets str\u00e4van att f\u00e5 ig\u00e5ng ekonomin p\u00e5 allvar. Jakten p\u00e5 att komma \u00e5t den svarta ekonomin och \u201dkassa b\u201d b\u00f6r i st\u00e4llet bedrivas genom inspektioner p\u00e5 arbetsplatser d\u00e4r personer registrerade som arbetsl\u00f6sa jobbar.<\/p>\n<p>P\u00e5 tal om n\u00e5got helt annat som valsat runt i svensk press s\u00e5 var strykj\u00e4rnsnollningen p\u00e5 internatskolan Lundsberg en het potatis. Jakten p\u00e5 internatskolan och krav om st\u00e4ngning som f\u00f6rdes i framf\u00f6r allt kv\u00e4llspressen var gigantisk. Det har ju visat sig att \u00e5tal f\u00f6r misshandel inte \u00e4r aktuellt.<\/p>\n<p>Nollning p\u00e5 spanska heter \u201dnovatadas\u201d och skulle svensk kv\u00e4llspress b\u00f6rja nysta i vad som h\u00e4nder p\u00e5 spanska skolor skulle de bli totalt s\u00f6nderstressade. F\u00f6r i j\u00e4mf\u00f6relse med Sverige \u00e4r det skr\u00e4mmande saker som h\u00e4nder h\u00e4r.<br \/>\nEn naken ung kvinnlig elev ligger p\u00e5 en brits med gr\u00e4dde \u00f6ver hela kroppen medan elever slickar kroppen ren fr\u00e5n gr\u00e4dde. \u201dOm vi inte fick iskallt vatten \u00f6ver oss s\u00e5 tvingades vi till att sjunga eller skrika. Eller s\u00e5 blev vi slagna\u201d ber\u00e4ttar elever vid en skola.<br \/>\nIskalla duschar eller att sv\u00e4lja s\u00e5 mycket alkoholhaltiga drycker p\u00e5 s\u00e5 kort tid som m\u00f6jligt ing\u00e5r i nollningar f\u00f6ljt av att dricka \u00e4ttika eller duschtv\u00e5l och att f\u00e5 reng\u00f6ra toaletter med tandborste. <\/p>\n<p>Nollningar eller \u201dnovatadas\u201d h\u00e5ller p\u00e5 hela l\u00e4s\u00e5ret \u00e4ven om det \u00e4r mest vanligt f\u00f6rekommande i b\u00f6rjan p\u00e5 h\u00f6stterminen. I h\u00f6st har \u00e4mnet kommit upp till debatt p\u00e5 allvar och h\u00f6gskolor och universitet har best\u00e4mt sig f\u00f6r att utrota fenomenet. Olika manifest har presenterats som beskriver nollning som n\u00e5got \u201doacceptabelt\u201d som inneb\u00e4r f\u00f6rnedring och brott mot den personliga friheten, integriteten och v\u00e4rdigheten. I f\u00f6rsta hand drabbas svaga elever.<\/p>\n<p>Bakom manifestet st\u00e5r f\u00f6r\u00e4ldrar, utbildningsinstitutioner, r\u00e4ttsv\u00e4sende och politiker. \u201dM\u00e5let \u00e4r att utrota en verklighet som har blivit en tradition som kr\u00e4nker elever\u201d s\u00e4ger bitr\u00e4dande rektorn Ana Garc\u00eda-Mina Freire vid universitetet i Comilla.<\/p>\n<p>Korruption \u00e4r ocks\u00e5 en verklighet som har blivit en tradition. F\u00f6r att Spanien ska komma \u00e5t den kr\u00e4vs ocks\u00e5 ett manifest. Att samtliga politiker, privatpersoner, n\u00e4ringsliv, bankfolk och r\u00e4ttsv\u00e4sende skriver under. Men det \u00e4r en utopi.<\/p>\n<p>\u2026. f\u00f6r \u00f6vrigt anser jag att priserna p\u00e5 betalmotorv\u00e4gen Autopista del la Costa del Sol AP-7 b\u00f6r s\u00e4nkas!<\/p>\n","protected":false},"excerpt":{"rendered":"<p>Det b\u00f6rjar ljusna efter att Spanien gick in dimman 2007. Inte sedan 2005 har arbetsl\u00f6sheten backat s\u00e5 mycket som under det tredje kvartalet i \u00e5r. Samtidigt rapporteras det om en tillv\u00e4xt p\u00e5 0,1 procent. Visserligen knappt synlig, men \u00e4nd\u00e5. Spanien har tagit steget ur recession. Av Ola Josefsson M\u00e1lagas ekonomer \u00e4r positiva och s\u00e4ger att [&hellip;]<\/p>\n","protected":false},"author":8,"featured_media":4017,"comment_status":"open","ping_status":"open","sticky":false,"template":"","format":"standard","meta":{"_et_pb_use_builder":"","_et_pb_old_content":"","_et_gb_content_width":"","footnotes":""},"categories":[4,36],"tags":[],"class_list":["post-4016","post","type-post","status-publish","format-standard","has-post-thumbnail","hentry","category-artiklar","category-spanien-just-nu"],"yoast_head":"<!-- This site is optimized with the Yoast SEO Premium plugin v26.2 (Yoast SEO v27.5) - https:\/\/yoast.com\/product\/yoast-seo-premium-wordpress\/ -->\n<title>Spanien just nu \u2013 ur recession - Svenska Magasinet<\/title>\n<meta name=\"robots\" content=\"noindex, follow, max-snippet:-1, max-image-preview:large, max-video-preview:-1\" \/>\n<meta property=\"og:locale\" content=\"sv_SE\" \/>\n<meta property=\"og:type\" content=\"article\" \/>\n<meta property=\"og:title\" content=\"Spanien just nu \u2013 ur recession\" \/>\n<meta property=\"og:description\" content=\"Det b\u00f6rjar ljusna efter att Spanien gick in dimman 2007. Inte sedan 2005 har arbetsl\u00f6sheten backat s\u00e5 mycket som under det tredje kvartalet i \u00e5r. Samtidigt rapporteras det om en tillv\u00e4xt p\u00e5 0,1 procent. Visserligen knappt synlig, men \u00e4nd\u00e5. Spanien har tagit steget ur recession. Av Ola Josefsson M\u00e1lagas ekonomer \u00e4r positiva och s\u00e4ger att [&hellip;]\" \/>\n<meta property=\"og:url\" content=\"https:\/\/lightweb.dev\/l\/svm-temp\/artiklar\/spanien-just-nu-ur-recession\/\" \/>\n<meta property=\"og:site_name\" content=\"Svenska Magasinet\" \/>\n<meta property=\"article:publisher\" content=\"https:\/\/www.facebook.com\/svenskamagasinet\" \/>\n<meta property=\"article:published_time\" content=\"2013-11-11T23:00:00+00:00\" \/>\n<meta property=\"og:image\" content=\"https:\/\/lightweb.dev\/l\/svm-temp\/wp-content\/uploads\/2022\/04\/spanien-just-nu-ur-recession.png\" \/>\n\t<meta property=\"og:image:width\" content=\"280\" \/>\n\t<meta property=\"og:image:height\" content=\"419\" \/>\n\t<meta property=\"og:image:type\" content=\"image\/png\" \/>\n<meta name=\"author\" content=\"Redaktionen SvM\" \/>\n<meta name=\"twitter:card\" content=\"summary_large_image\" \/>\n<meta name=\"twitter:creator\" content=\"@SvenskaMagasine\" \/>\n<meta name=\"twitter:site\" content=\"@SvenskaMagasine\" \/>\n<script type=\"application\/ld+json\" class=\"yoast-schema-graph\">{\"@context\":\"https:\\\/\\\/schema.org\",\"@graph\":[{\"@type\":\"Article\",\"@id\":\"https:\\\/\\\/lightweb.dev\\\/l\\\/svm-temp\\\/artiklar\\\/spanien-just-nu-ur-recession\\\/#article\",\"isPartOf\":{\"@id\":\"https:\\\/\\\/lightweb.dev\\\/l\\\/svm-temp\\\/artiklar\\\/spanien-just-nu-ur-recession\\\/\"},\"author\":{\"name\":\"Redaktionen SvM\",\"@id\":\"https:\\\/\\\/lightweb.dev\\\/l\\\/svm-temp\\\/#\\\/schema\\\/person\\\/206a3bda5b607b0c25e1749191e4d837\"},\"headline\":\"Spanien just nu \u2013 ur recession\",\"datePublished\":\"2013-11-11T23:00:00+00:00\",\"mainEntityOfPage\":{\"@id\":\"https:\\\/\\\/lightweb.dev\\\/l\\\/svm-temp\\\/artiklar\\\/spanien-just-nu-ur-recession\\\/\"},\"wordCount\":902,\"commentCount\":0,\"publisher\":{\"@id\":\"https:\\\/\\\/lightweb.dev\\\/l\\\/svm-temp\\\/#organization\"},\"image\":{\"@id\":\"https:\\\/\\\/lightweb.dev\\\/l\\\/svm-temp\\\/artiklar\\\/spanien-just-nu-ur-recession\\\/#primaryimage\"},\"thumbnailUrl\":\"https:\\\/\\\/lightweb.dev\\\/l\\\/svm-temp\\\/wp-content\\\/uploads\\\/2022\\\/04\\\/spanien-just-nu-ur-recession.png\",\"articleSection\":[\"Artiklar\",\"Spanien just nu\"],\"inLanguage\":\"sv-SE\"},{\"@type\":\"WebPage\",\"@id\":\"https:\\\/\\\/lightweb.dev\\\/l\\\/svm-temp\\\/artiklar\\\/spanien-just-nu-ur-recession\\\/\",\"url\":\"https:\\\/\\\/lightweb.dev\\\/l\\\/svm-temp\\\/artiklar\\\/spanien-just-nu-ur-recession\\\/\",\"name\":\"Spanien just nu \u2013 ur recession - Svenska Magasinet\",\"isPartOf\":{\"@id\":\"https:\\\/\\\/lightweb.dev\\\/l\\\/svm-temp\\\/#website\"},\"primaryImageOfPage\":{\"@id\":\"https:\\\/\\\/lightweb.dev\\\/l\\\/svm-temp\\\/artiklar\\\/spanien-just-nu-ur-recession\\\/#primaryimage\"},\"image\":{\"@id\":\"https:\\\/\\\/lightweb.dev\\\/l\\\/svm-temp\\\/artiklar\\\/spanien-just-nu-ur-recession\\\/#primaryimage\"},\"thumbnailUrl\":\"https:\\\/\\\/lightweb.dev\\\/l\\\/svm-temp\\\/wp-content\\\/uploads\\\/2022\\\/04\\\/spanien-just-nu-ur-recession.png\",\"datePublished\":\"2013-11-11T23:00:00+00:00\",\"breadcrumb\":{\"@id\":\"https:\\\/\\\/lightweb.dev\\\/l\\\/svm-temp\\\/artiklar\\\/spanien-just-nu-ur-recession\\\/#breadcrumb\"},\"inLanguage\":\"sv-SE\",\"potentialAction\":[{\"@type\":\"ReadAction\",\"target\":[\"https:\\\/\\\/lightweb.dev\\\/l\\\/svm-temp\\\/artiklar\\\/spanien-just-nu-ur-recession\\\/\"]}]},{\"@type\":\"ImageObject\",\"inLanguage\":\"sv-SE\",\"@id\":\"https:\\\/\\\/lightweb.dev\\\/l\\\/svm-temp\\\/artiklar\\\/spanien-just-nu-ur-recession\\\/#primaryimage\",\"url\":\"https:\\\/\\\/lightweb.dev\\\/l\\\/svm-temp\\\/wp-content\\\/uploads\\\/2022\\\/04\\\/spanien-just-nu-ur-recession.png\",\"contentUrl\":\"https:\\\/\\\/lightweb.dev\\\/l\\\/svm-temp\\\/wp-content\\\/uploads\\\/2022\\\/04\\\/spanien-just-nu-ur-recession.png\",\"width\":280,\"height\":419},{\"@type\":\"BreadcrumbList\",\"@id\":\"https:\\\/\\\/lightweb.dev\\\/l\\\/svm-temp\\\/artiklar\\\/spanien-just-nu-ur-recession\\\/#breadcrumb\",\"itemListElement\":[{\"@type\":\"ListItem\",\"position\":1,\"name\":\"Hem\",\"item\":\"https:\\\/\\\/lightweb.dev\\\/l\\\/svm-temp\\\/\"},{\"@type\":\"ListItem\",\"position\":2,\"name\":\"Spanien just nu \u2013 ur recession\"}]},{\"@type\":\"WebSite\",\"@id\":\"https:\\\/\\\/lightweb.dev\\\/l\\\/svm-temp\\\/#website\",\"url\":\"https:\\\/\\\/lightweb.dev\\\/l\\\/svm-temp\\\/\",\"name\":\"Svenska Magasinet\",\"description\":\"Dina Spanska nyheter p&aring; Svenska\",\"publisher\":{\"@id\":\"https:\\\/\\\/lightweb.dev\\\/l\\\/svm-temp\\\/#organization\"},\"potentialAction\":[{\"@type\":\"SearchAction\",\"target\":{\"@type\":\"EntryPoint\",\"urlTemplate\":\"https:\\\/\\\/lightweb.dev\\\/l\\\/svm-temp\\\/?s={search_term_string}\"},\"query-input\":{\"@type\":\"PropertyValueSpecification\",\"valueRequired\":true,\"valueName\":\"search_term_string\"}}],\"inLanguage\":\"sv-SE\"},{\"@type\":\"Organization\",\"@id\":\"https:\\\/\\\/lightweb.dev\\\/l\\\/svm-temp\\\/#organization\",\"name\":\"Melkerson y Nott SL\",\"alternateName\":\"Svenska Magasinet\",\"url\":\"https:\\\/\\\/lightweb.dev\\\/l\\\/svm-temp\\\/\",\"logo\":{\"@type\":\"ImageObject\",\"inLanguage\":\"sv-SE\",\"@id\":\"https:\\\/\\\/lightweb.dev\\\/l\\\/svm-temp\\\/#\\\/schema\\\/logo\\\/image\\\/\",\"url\":\"https:\\\/\\\/lightweb.dev\\\/l\\\/svm-temp\\\/wp-content\\\/uploads\\\/2025\\\/02\\\/SvM-logo-Xtra-Centrerad-SVART.png\",\"contentUrl\":\"https:\\\/\\\/lightweb.dev\\\/l\\\/svm-temp\\\/wp-content\\\/uploads\\\/2025\\\/02\\\/SvM-logo-Xtra-Centrerad-SVART.png\",\"width\":300,\"height\":99,\"caption\":\"Melkerson y Nott SL\"},\"image\":{\"@id\":\"https:\\\/\\\/lightweb.dev\\\/l\\\/svm-temp\\\/#\\\/schema\\\/logo\\\/image\\\/\"},\"sameAs\":[\"https:\\\/\\\/www.facebook.com\\\/svenskamagasinet\",\"https:\\\/\\\/x.com\\\/SvenskaMagasine\"]},{\"@type\":\"Person\",\"@id\":\"https:\\\/\\\/lightweb.dev\\\/l\\\/svm-temp\\\/#\\\/schema\\\/person\\\/206a3bda5b607b0c25e1749191e4d837\",\"name\":\"Redaktionen SvM\",\"description\":\"Redaktionen\",\"sameAs\":[\"https:\\\/\\\/lightweb.dev\\\/l\\\/svm-temp\"],\"url\":\"https:\\\/\\\/lightweb.dev\\\/l\\\/svm-temp\\\/reporter\\\/redaktionen\\\/\"}]}<\/script>\n<!-- \/ Yoast SEO Premium plugin. -->","yoast_head_json":{"title":"Spanien just nu \u2013 ur recession - Svenska Magasinet","robots":{"index":"noindex","follow":"follow","max-snippet":"max-snippet:-1","max-image-preview":"max-image-preview:large","max-video-preview":"max-video-preview:-1"},"og_locale":"sv_SE","og_type":"article","og_title":"Spanien just nu \u2013 ur recession","og_description":"Det b\u00f6rjar ljusna efter att Spanien gick in dimman 2007. Inte sedan 2005 har arbetsl\u00f6sheten backat s\u00e5 mycket som under det tredje kvartalet i \u00e5r. Samtidigt rapporteras det om en tillv\u00e4xt p\u00e5 0,1 procent. Visserligen knappt synlig, men \u00e4nd\u00e5. Spanien har tagit steget ur recession. Av Ola Josefsson M\u00e1lagas ekonomer \u00e4r positiva och s\u00e4ger att [&hellip;]","og_url":"https:\/\/lightweb.dev\/l\/svm-temp\/artiklar\/spanien-just-nu-ur-recession\/","og_site_name":"Svenska Magasinet","article_publisher":"https:\/\/www.facebook.com\/svenskamagasinet","article_published_time":"2013-11-11T23:00:00+00:00","og_image":[{"width":280,"height":419,"url":"https:\/\/lightweb.dev\/l\/svm-temp\/wp-content\/uploads\/2022\/04\/spanien-just-nu-ur-recession.png","type":"image\/png"}],"author":"Redaktionen SvM","twitter_card":"summary_large_image","twitter_creator":"@SvenskaMagasine","twitter_site":"@SvenskaMagasine","schema":{"@context":"https:\/\/schema.org","@graph":[{"@type":"Article","@id":"https:\/\/lightweb.dev\/l\/svm-temp\/artiklar\/spanien-just-nu-ur-recession\/#article","isPartOf":{"@id":"https:\/\/lightweb.dev\/l\/svm-temp\/artiklar\/spanien-just-nu-ur-recession\/"},"author":{"name":"Redaktionen SvM","@id":"https:\/\/lightweb.dev\/l\/svm-temp\/#\/schema\/person\/206a3bda5b607b0c25e1749191e4d837"},"headline":"Spanien just nu \u2013 ur recession","datePublished":"2013-11-11T23:00:00+00:00","mainEntityOfPage":{"@id":"https:\/\/lightweb.dev\/l\/svm-temp\/artiklar\/spanien-just-nu-ur-recession\/"},"wordCount":902,"commentCount":0,"publisher":{"@id":"https:\/\/lightweb.dev\/l\/svm-temp\/#organization"},"image":{"@id":"https:\/\/lightweb.dev\/l\/svm-temp\/artiklar\/spanien-just-nu-ur-recession\/#primaryimage"},"thumbnailUrl":"https:\/\/lightweb.dev\/l\/svm-temp\/wp-content\/uploads\/2022\/04\/spanien-just-nu-ur-recession.png","articleSection":["Artiklar","Spanien just nu"],"inLanguage":"sv-SE"},{"@type":"WebPage","@id":"https:\/\/lightweb.dev\/l\/svm-temp\/artiklar\/spanien-just-nu-ur-recession\/","url":"https:\/\/lightweb.dev\/l\/svm-temp\/artiklar\/spanien-just-nu-ur-recession\/","name":"Spanien just nu \u2013 ur recession - Svenska Magasinet","isPartOf":{"@id":"https:\/\/lightweb.dev\/l\/svm-temp\/#website"},"primaryImageOfPage":{"@id":"https:\/\/lightweb.dev\/l\/svm-temp\/artiklar\/spanien-just-nu-ur-recession\/#primaryimage"},"image":{"@id":"https:\/\/lightweb.dev\/l\/svm-temp\/artiklar\/spanien-just-nu-ur-recession\/#primaryimage"},"thumbnailUrl":"https:\/\/lightweb.dev\/l\/svm-temp\/wp-content\/uploads\/2022\/04\/spanien-just-nu-ur-recession.png","datePublished":"2013-11-11T23:00:00+00:00","breadcrumb":{"@id":"https:\/\/lightweb.dev\/l\/svm-temp\/artiklar\/spanien-just-nu-ur-recession\/#breadcrumb"},"inLanguage":"sv-SE","potentialAction":[{"@type":"ReadAction","target":["https:\/\/lightweb.dev\/l\/svm-temp\/artiklar\/spanien-just-nu-ur-recession\/"]}]},{"@type":"ImageObject","inLanguage":"sv-SE","@id":"https:\/\/lightweb.dev\/l\/svm-temp\/artiklar\/spanien-just-nu-ur-recession\/#primaryimage","url":"https:\/\/lightweb.dev\/l\/svm-temp\/wp-content\/uploads\/2022\/04\/spanien-just-nu-ur-recession.png","contentUrl":"https:\/\/lightweb.dev\/l\/svm-temp\/wp-content\/uploads\/2022\/04\/spanien-just-nu-ur-recession.png","width":280,"height":419},{"@type":"BreadcrumbList","@id":"https:\/\/lightweb.dev\/l\/svm-temp\/artiklar\/spanien-just-nu-ur-recession\/#breadcrumb","itemListElement":[{"@type":"ListItem","position":1,"name":"Hem","item":"https:\/\/lightweb.dev\/l\/svm-temp\/"},{"@type":"ListItem","position":2,"name":"Spanien just nu \u2013 ur recession"}]},{"@type":"WebSite","@id":"https:\/\/lightweb.dev\/l\/svm-temp\/#website","url":"https:\/\/lightweb.dev\/l\/svm-temp\/","name":"Svenska Magasinet","description":"Dina Spanska nyheter p&aring; Svenska","publisher":{"@id":"https:\/\/lightweb.dev\/l\/svm-temp\/#organization"},"potentialAction":[{"@type":"SearchAction","target":{"@type":"EntryPoint","urlTemplate":"https:\/\/lightweb.dev\/l\/svm-temp\/?s={search_term_string}"},"query-input":{"@type":"PropertyValueSpecification","valueRequired":true,"valueName":"search_term_string"}}],"inLanguage":"sv-SE"},{"@type":"Organization","@id":"https:\/\/lightweb.dev\/l\/svm-temp\/#organization","name":"Melkerson y Nott SL","alternateName":"Svenska Magasinet","url":"https:\/\/lightweb.dev\/l\/svm-temp\/","logo":{"@type":"ImageObject","inLanguage":"sv-SE","@id":"https:\/\/lightweb.dev\/l\/svm-temp\/#\/schema\/logo\/image\/","url":"https:\/\/lightweb.dev\/l\/svm-temp\/wp-content\/uploads\/2025\/02\/SvM-logo-Xtra-Centrerad-SVART.png","contentUrl":"https:\/\/lightweb.dev\/l\/svm-temp\/wp-content\/uploads\/2025\/02\/SvM-logo-Xtra-Centrerad-SVART.png","width":300,"height":99,"caption":"Melkerson y Nott SL"},"image":{"@id":"https:\/\/lightweb.dev\/l\/svm-temp\/#\/schema\/logo\/image\/"},"sameAs":["https:\/\/www.facebook.com\/svenskamagasinet","https:\/\/x.com\/SvenskaMagasine"]},{"@type":"Person","@id":"https:\/\/lightweb.dev\/l\/svm-temp\/#\/schema\/person\/206a3bda5b607b0c25e1749191e4d837","name":"Redaktionen SvM","description":"Redaktionen","sameAs":["https:\/\/lightweb.dev\/l\/svm-temp"],"url":"https:\/\/lightweb.dev\/l\/svm-temp\/reporter\/redaktionen\/"}]}},"_links":{"self":[{"href":"https:\/\/lightweb.dev\/l\/svm-temp\/wp-json\/wp\/v2\/posts\/4016","targetHints":{"allow":["GET"]}}],"collection":[{"href":"https:\/\/lightweb.dev\/l\/svm-temp\/wp-json\/wp\/v2\/posts"}],"about":[{"href":"https:\/\/lightweb.dev\/l\/svm-temp\/wp-json\/wp\/v2\/types\/post"}],"author":[{"embeddable":true,"href":"https:\/\/lightweb.dev\/l\/svm-temp\/wp-json\/wp\/v2\/users\/8"}],"replies":[{"embeddable":true,"href":"https:\/\/lightweb.dev\/l\/svm-temp\/wp-json\/wp\/v2\/comments?post=4016"}],"version-history":[{"count":0,"href":"https:\/\/lightweb.dev\/l\/svm-temp\/wp-json\/wp\/v2\/posts\/4016\/revisions"}],"wp:featuredmedia":[{"embeddable":true,"href":"https:\/\/lightweb.dev\/l\/svm-temp\/wp-json\/wp\/v2\/media\/4017"}],"wp:attachment":[{"href":"https:\/\/lightweb.dev\/l\/svm-temp\/wp-json\/wp\/v2\/media?parent=4016"}],"wp:term":[{"taxonomy":"category","embeddable":true,"href":"https:\/\/lightweb.dev\/l\/svm-temp\/wp-json\/wp\/v2\/categories?post=4016"},{"taxonomy":"post_tag","embeddable":true,"href":"https:\/\/lightweb.dev\/l\/svm-temp\/wp-json\/wp\/v2\/tags?post=4016"}],"curies":[{"name":"wp","href":"https:\/\/api.w.org\/{rel}","templated":true}]}}