{"id":4020,"date":"2013-11-12T00:00:00","date_gmt":"2013-11-11T23:00:00","guid":{"rendered":"https:\/\/lightweb.dev\/l\/svm-temp\/temporar-utstallning-med-velazquez-visar-konstens-guldsekel\/"},"modified":"2013-11-12T00:00:00","modified_gmt":"2013-11-11T23:00:00","slug":"temporar-utstallning-med-velazquez-visar-konstens-guldsekel","status":"publish","type":"post","link":"https:\/\/lightweb.dev\/l\/svm-temp\/artiklar\/temporar-utstallning-med-velazquez-visar-konstens-guldsekel\/","title":{"rendered":"Tempor\u00e4r utst\u00e4llning med Vel\u00e1zquez visar konstens guldsekel"},"content":{"rendered":"<p> Museo del Prado i Madrid satsar p\u00e5 en tempor\u00e4r utst\u00e4llning med den store m\u00e4staren Vel\u00e1zquez. Den s\u00e4tter fokus p\u00e5 de sista \u00e5ren av hans karri\u00e4r. F\u00f6r resen\u00e4rer som f\u00f6ljer med p\u00e5 Svenska Magasinets Madridresa i slutet p\u00e5 november v\u00e4ntar en fascinerande konstutst\u00e4llning i Spanien hj\u00e4rta. Av Ola Josefsson<\/p>\n<p>Mitten av 1600-talet. Spanien genomlider en mycket allvarlig ekonomisk kris. Landet st\u00e5r p\u00e5 randen till konkurs. Kung Felipe IV ing\u00e5r sitt andra \u00e4ktenskap med sin systerdotter Mariana av \u00d6sterrike 1649. Han \u00e4r 49 \u00e5r, hon \u00e4r 15. \u00c5tta \u00e5r senare f\u00f6ds en tronf\u00f6ljare, Felipe Pr\u00f3spero, som senare avlider, bara tre \u00e5r gammal.<\/p>\n<p>Kung Felipe IV upplever sv\u00e5righeter under sin regeringstid. De interna upploppen i Katalonien, krigen mot Frankrike och England samt Portugals kamp f\u00f6r sj\u00e4lvst\u00e4ndighet. Spanien var krigstr\u00f6tt och fattigt och krav restes att kungen borde abdikera.<\/p>\n<p>Mitt under denna kris s\u00e5 blomstrar kulturen och konsten. Det \u00e4r i denna komplexa milj\u00f6 som Sevilla-sonen Vel\u00e1zquez lyckas bli en av de st\u00f6rsta genier som konsthistorien har sk\u00e5dat och fick motta utm\u00e4rkelsen \u201dOrden de Santiago\u201d.<br \/>\nKung Felipe IV var ingen av Spaniens mest lyckade monarker men han var en av de mest kunniga n\u00e4r det g\u00e4ller konst. Han ins\u00e5g Vel\u00e1zquez storhet och tillsammans skapade de en enorm konstskatt som vi kan njuta av idag. Vel\u00e1zquez fick monopolst\u00e4llning av kungen och kontrollerade n\u00e4stan all konst f\u00f6rutom Rubens.<\/p>\n<p>Det \u00e4r s\u00e4llan som konsten och politiken kom att ligga s\u00e5 n\u00e4ra varandra som under den h\u00e4r epoken som kallas \u201dSiglo de Oro\u201d, guldseklet. Konflikter l\u00f6stes med hj\u00e4lp av konst, nya f\u00f6rbindelser ingicks n\u00e4r konsten bytte \u00e4gare. <\/p>\n<p>N\u00e4r kungens \u00e4ldsta dotter Mar\u00eda Teresa ville gifta sig med \u00e4rkehertigen Leopoldo Guillermo ordnade kungen med att ett portr\u00e4tt skickades till Wien. Men den franske kungen, Luis XIV, hann f\u00f6re. N\u00e4r han fick se portr\u00e4ttm\u00e5lningen ville han ha Mar\u00eda Teresa. S\u00e5 blev det. Och n\u00e4r drottning Kristina av Sverige ville f\u00f6rb\u00e4ttra kontakterna med Spaniens kung Felipe IV skickade hon \u201dAdam &#038; Eva\u201d, en m\u00e5lning av Durero.<\/p>\n<p>Pradomuseet i Madrid visar genom en tempor\u00e4r utst\u00e4llning hur hovm\u00e5laren Diego de Vel\u00e1zquez arbetade under kung Felipe IV och vilket inflytande han hade p\u00e5 andra konstn\u00e4rer. Den tempor\u00e4ra utst\u00e4llningen invigdes den 7 oktober av drottning Do\u00f1a Sof\u00eda och \u00d6sterrikes president. Utst\u00e4llningen t\u00e4cker de sista elva \u00e5ren av Vel\u00e1zquez g\u00e4rning, 1649 till 1660.<\/p>\n<p>Vi kan vara tacksamma \u00f6ver att den spanske monarken Felipe IV lyckades \u00f6vertala Vel\u00e1zquez att \u00e5terv\u00e4nda fr\u00e5n Rom och flytta till Madrid. Konstn\u00e4ren levde ett bekv\u00e4mt och behagligt liv i Italien med sin \u00e4lskarinna som hade gett honom en son. Kyrkan betalade tillr\u00e4ckligt och Vel\u00e1zquez hade inte br\u00e5ttom tillbaka.<br \/>\nKonstn\u00e4ren vek sig f\u00f6r kungens \u00f6nskan att f\u00e5 se den stora m\u00e4staren i Madrid. Kung Felipe IV hade ing\u00e5tt \u00e4ktenskap med Mariana av \u00d6sterrike. Det var allts\u00e5 ett stort behov av en duktig konstn\u00e4r som kunde f\u00f6reviga paret p\u00e5 en m\u00e5lning.<\/p>\n<p>Diego de Vel\u00e1zquez \u00e5terv\u00e4nde till Madrid 1651 och blev hovm\u00e5lare. Fram till sin d\u00f6d 1660 kom Sevillasonen att revolutionera portr\u00e4ttm\u00e5lningskonsten. Hans f\u00f6rsta m\u00e5lningar var religi\u00f6sa och historiska. Nu kom n\u00e5got nytt, n\u00e5got mycket mera, eller mer komplex. Det var ber\u00e4ttelser med en st\u00e4nk av filosofisk sammans\u00e4ttning som exempelvis Las Meninas, hovfr\u00f6knarna, fr\u00e5n 1656.<\/p>\n<p>Vackra Museo del Prado, denna kulturskatt som ligger i Spaniens hj\u00e4rta Madrid, visar den tempor\u00e4ra utst\u00e4llningen \u201dVel\u00e1zquez y la familia de Felipe IV\u201d fram till den 9 februari. Utst\u00e4llningen \u00e4r sammanst\u00e4lld av Javier Port\u00fas, chefskonservator p\u00e5 Prado f\u00f6r den spanska perioden fram till 1700-talet, och sponsrad av stiftelsen Fundaci\u00f3n AXA. Utst\u00e4llningen visar Vel\u00e1zquez sagolika arbete och vilket inflytande han hade \u00f6ver sv\u00e4rsonen Juan Bautista Mart\u00ednez del Mazo och Juan Carre\u00f1o de Miranda.<\/p>\n<p>M\u00e5lningarna visar hur prinsar och prinsessor gifta sig med sina kusiner f\u00f6r att bibeh\u00e5lla eller skapa allians mellan kungahusen utan en tanke p\u00e5 hur portr\u00e4tten skulle komma att se ut. P\u00e5 den h\u00e4r tiden var portr\u00e4ttm\u00e5lningar endast f\u00f6r familjen.<br \/>\nKontakterna mellan husen Habsburg i Madrid och Wien hade b\u00f6rjat avta \u00e4ven om kejsar Leopoldo I kr\u00e4vde st\u00e4ndiga portr\u00e4ttm\u00e5lningar p\u00e5 hans sl\u00e4ktingar i Spanien. Tv\u00e5 av dessa m\u00e5lningar, p\u00e5 kejsarens sl\u00e4kting Felipe Pr\u00f3spero och infanta Margarita som kejsaren senare gifte sig med finns med vid den tempor\u00e4ra utst\u00e4llningen i Prado.<br \/>\n  N\u00e4r Vel\u00e1zquez inledde sitt arbete med att m\u00e5la f\u00f6r kung Felipe IV och hans familj innebar det ett problem f\u00f6r honom. Han gjorde portr\u00e4ttm\u00e5lningar av mogna m\u00e4n, kvinnor och barn, det handlade om m\u00f6rka till klara toner d\u00e4r konstn\u00e4ren g\u00f6r betraktaren uppm\u00e4rksam p\u00e5 detaljer.<br \/>\nKungligheterna gifte sig med varandra och det blev inavel. N\u00e5got Vel\u00e1zquez \u00e5terskapade i konsten. Som betraktare av konsten ser du detta i ansiktena, alla ser likadana ut, de har alla samma egenskaper. Konstn\u00e4ren str\u00e4vade efter att exponera sm\u00e5 egenheter som exempelvis munnar och hakor.<br \/>\nVel\u00e1zquezs \u00e4r en av de stora m\u00e4starna, en trollkarl i f\u00e4rg som med penseldrag skapade en k\u00e4nsla av illusioner. Sensuella m\u00e5lningar rika p\u00e5 detaljer och han skapade djupsinniga och mystiska utrymmen menar konstexperter.<\/p>\n<p>Prados direkt\u00f6r Miguel Zugaza gl\u00e4ds \u00e5t att museet \u00e4r Vel\u00e1zquez \u201dhem\u201d n\u00e4r det g\u00e4ller de stora m\u00e4sterverken som h\u00e4nger p\u00e5 v\u00e4ggarna i vackra Prado. Det \u00e4r inte konstigt att museet ibland kallas f\u00f6r \u201dCasa de Vel\u00e1zquez\u201d, h\u00e4r h\u00e4nger den store m\u00e4starens fr\u00e4msta m\u00e5lningarna samlades p\u00e5 ett och samma st\u00e4lle.<br \/>\nDen f\u00f6rsta delen av den tempor\u00e4ra utst\u00e4llningen i Pradomuseet visar n\u00e5gra av de konstverk som Vel\u00e1zquez gjorde i Rom p\u00e5 uppdrag av hans beskyddare, p\u00e5ve Inocencio X. Konstverken beskrivs som m\u00e4sterverk av den samlade expertisen.<br \/>\nEn annan m\u00e5lning visar Mariana av \u00d6sterrike och Mar\u00eda Teresa, infanta Margarita, och ytterligare en annan m\u00e5lning f\u00f6rest\u00e4ller familjen Vel\u00e1zquez m\u00e5lad av sv\u00e4rsonen Mart\u00ednez del Mazo som l\u00e4t sig inspireras av Las meninas, hovfr\u00f6knarna.<\/p>\n<p>F\u00f6rutom den tempor\u00e4ra utst\u00e4llningen s\u00e5 gl\u00f6m inte att bes\u00f6ka sal 12 i edificio de Villanueva d\u00e4r m\u00e4sterverket Las meninas h\u00e4nger. Det \u00e4r bekr\u00e4ftelsen p\u00e5 att 1600-talet var Siglo de Oro, Guldseklet, inom spansk konst.<br \/>\nTrevlig Madridresa!<\/p>\n<p>Fakta: Vel\u00e1zquez y la familia de Felipe IV (1650-1680)<br \/>\nDen tempor\u00e4ra utst\u00e4llningen visas i Edificio Jer\u00f3nimos i Pradomuseet i Madrid. H\u00e4r visas 29 m\u00e5lningar av Diego de Vel\u00e1zquez och hans eftertr\u00e4dare, sv\u00e4rsonen Juan Bautista Mart\u00ednez del Mazo och Juan Carre\u00f1o de Miranda. Utst\u00e4llningen varar fram till den 9 februari 2014.<\/p>\n","protected":false},"excerpt":{"rendered":"<p>Museo del Prado i Madrid satsar p\u00e5 en tempor\u00e4r utst\u00e4llning med den store m\u00e4staren Vel\u00e1zquez. Den s\u00e4tter fokus p\u00e5 de sista \u00e5ren av hans karri\u00e4r. F\u00f6r resen\u00e4rer som f\u00f6ljer med p\u00e5 Svenska Magasinets Madridresa i slutet p\u00e5 november v\u00e4ntar en fascinerande konstutst\u00e4llning i Spanien hj\u00e4rta. Av Ola Josefsson Mitten av 1600-talet. Spanien genomlider en mycket [&hellip;]<\/p>\n","protected":false},"author":8,"featured_media":4021,"comment_status":"open","ping_status":"open","sticky":false,"template":"","format":"standard","meta":{"_et_pb_use_builder":"","_et_pb_old_content":"","_et_gb_content_width":"","footnotes":""},"categories":[4,45],"tags":[],"class_list":["post-4020","post","type-post","status-publish","format-standard","has-post-thumbnail","hentry","category-artiklar","category-kultur"],"yoast_head":"<!-- This site is optimized with the Yoast SEO Premium plugin v26.2 (Yoast SEO v27.5) - https:\/\/yoast.com\/product\/yoast-seo-premium-wordpress\/ -->\n<title>Tempor\u00e4r utst\u00e4llning med Vel\u00e1zquez visar konstens guldsekel - Svenska Magasinet<\/title>\n<meta name=\"robots\" content=\"noindex, follow, max-snippet:-1, max-image-preview:large, max-video-preview:-1\" \/>\n<meta property=\"og:locale\" content=\"sv_SE\" \/>\n<meta property=\"og:type\" content=\"article\" \/>\n<meta property=\"og:title\" content=\"Tempor\u00e4r utst\u00e4llning med Vel\u00e1zquez visar konstens guldsekel\" \/>\n<meta property=\"og:description\" content=\"Museo del Prado i Madrid satsar p\u00e5 en tempor\u00e4r utst\u00e4llning med den store m\u00e4staren Vel\u00e1zquez. Den s\u00e4tter fokus p\u00e5 de sista \u00e5ren av hans karri\u00e4r. F\u00f6r resen\u00e4rer som f\u00f6ljer med p\u00e5 Svenska Magasinets Madridresa i slutet p\u00e5 november v\u00e4ntar en fascinerande konstutst\u00e4llning i Spanien hj\u00e4rta. Av Ola Josefsson Mitten av 1600-talet. Spanien genomlider en mycket [&hellip;]\" \/>\n<meta property=\"og:url\" content=\"https:\/\/lightweb.dev\/l\/svm-temp\/artiklar\/temporar-utstallning-med-velazquez-visar-konstens-guldsekel\/\" \/>\n<meta property=\"og:site_name\" content=\"Svenska Magasinet\" \/>\n<meta property=\"article:publisher\" content=\"https:\/\/www.facebook.com\/svenskamagasinet\" \/>\n<meta property=\"article:published_time\" content=\"2013-11-11T23:00:00+00:00\" \/>\n<meta property=\"og:image\" content=\"https:\/\/lightweb.dev\/l\/svm-temp\/wp-content\/uploads\/2022\/04\/temporr-utstllning-med-velzquez-visar-konstens-guldsekel.png\" \/>\n\t<meta property=\"og:image:width\" content=\"280\" \/>\n\t<meta property=\"og:image:height\" content=\"439\" \/>\n\t<meta property=\"og:image:type\" content=\"image\/png\" \/>\n<meta name=\"author\" content=\"Redaktionen SvM\" \/>\n<meta name=\"twitter:card\" content=\"summary_large_image\" \/>\n<meta name=\"twitter:creator\" content=\"@SvenskaMagasine\" \/>\n<meta name=\"twitter:site\" content=\"@SvenskaMagasine\" \/>\n<script type=\"application\/ld+json\" class=\"yoast-schema-graph\">{\"@context\":\"https:\\\/\\\/schema.org\",\"@graph\":[{\"@type\":\"Article\",\"@id\":\"https:\\\/\\\/lightweb.dev\\\/l\\\/svm-temp\\\/artiklar\\\/temporar-utstallning-med-velazquez-visar-konstens-guldsekel\\\/#article\",\"isPartOf\":{\"@id\":\"https:\\\/\\\/lightweb.dev\\\/l\\\/svm-temp\\\/artiklar\\\/temporar-utstallning-med-velazquez-visar-konstens-guldsekel\\\/\"},\"author\":{\"name\":\"Redaktionen SvM\",\"@id\":\"https:\\\/\\\/lightweb.dev\\\/l\\\/svm-temp\\\/#\\\/schema\\\/person\\\/206a3bda5b607b0c25e1749191e4d837\"},\"headline\":\"Tempor\u00e4r utst\u00e4llning med Vel\u00e1zquez visar konstens guldsekel\",\"datePublished\":\"2013-11-11T23:00:00+00:00\",\"mainEntityOfPage\":{\"@id\":\"https:\\\/\\\/lightweb.dev\\\/l\\\/svm-temp\\\/artiklar\\\/temporar-utstallning-med-velazquez-visar-konstens-guldsekel\\\/\"},\"wordCount\":1208,\"commentCount\":0,\"publisher\":{\"@id\":\"https:\\\/\\\/lightweb.dev\\\/l\\\/svm-temp\\\/#organization\"},\"image\":{\"@id\":\"https:\\\/\\\/lightweb.dev\\\/l\\\/svm-temp\\\/artiklar\\\/temporar-utstallning-med-velazquez-visar-konstens-guldsekel\\\/#primaryimage\"},\"thumbnailUrl\":\"https:\\\/\\\/lightweb.dev\\\/l\\\/svm-temp\\\/wp-content\\\/uploads\\\/2022\\\/04\\\/temporr-utstllning-med-velzquez-visar-konstens-guldsekel.png\",\"articleSection\":[\"Artiklar\",\"Kultur &amp; historia\"],\"inLanguage\":\"sv-SE\"},{\"@type\":\"WebPage\",\"@id\":\"https:\\\/\\\/lightweb.dev\\\/l\\\/svm-temp\\\/artiklar\\\/temporar-utstallning-med-velazquez-visar-konstens-guldsekel\\\/\",\"url\":\"https:\\\/\\\/lightweb.dev\\\/l\\\/svm-temp\\\/artiklar\\\/temporar-utstallning-med-velazquez-visar-konstens-guldsekel\\\/\",\"name\":\"Tempor\u00e4r utst\u00e4llning med Vel\u00e1zquez visar konstens guldsekel - Svenska Magasinet\",\"isPartOf\":{\"@id\":\"https:\\\/\\\/lightweb.dev\\\/l\\\/svm-temp\\\/#website\"},\"primaryImageOfPage\":{\"@id\":\"https:\\\/\\\/lightweb.dev\\\/l\\\/svm-temp\\\/artiklar\\\/temporar-utstallning-med-velazquez-visar-konstens-guldsekel\\\/#primaryimage\"},\"image\":{\"@id\":\"https:\\\/\\\/lightweb.dev\\\/l\\\/svm-temp\\\/artiklar\\\/temporar-utstallning-med-velazquez-visar-konstens-guldsekel\\\/#primaryimage\"},\"thumbnailUrl\":\"https:\\\/\\\/lightweb.dev\\\/l\\\/svm-temp\\\/wp-content\\\/uploads\\\/2022\\\/04\\\/temporr-utstllning-med-velzquez-visar-konstens-guldsekel.png\",\"datePublished\":\"2013-11-11T23:00:00+00:00\",\"breadcrumb\":{\"@id\":\"https:\\\/\\\/lightweb.dev\\\/l\\\/svm-temp\\\/artiklar\\\/temporar-utstallning-med-velazquez-visar-konstens-guldsekel\\\/#breadcrumb\"},\"inLanguage\":\"sv-SE\",\"potentialAction\":[{\"@type\":\"ReadAction\",\"target\":[\"https:\\\/\\\/lightweb.dev\\\/l\\\/svm-temp\\\/artiklar\\\/temporar-utstallning-med-velazquez-visar-konstens-guldsekel\\\/\"]}]},{\"@type\":\"ImageObject\",\"inLanguage\":\"sv-SE\",\"@id\":\"https:\\\/\\\/lightweb.dev\\\/l\\\/svm-temp\\\/artiklar\\\/temporar-utstallning-med-velazquez-visar-konstens-guldsekel\\\/#primaryimage\",\"url\":\"https:\\\/\\\/lightweb.dev\\\/l\\\/svm-temp\\\/wp-content\\\/uploads\\\/2022\\\/04\\\/temporr-utstllning-med-velzquez-visar-konstens-guldsekel.png\",\"contentUrl\":\"https:\\\/\\\/lightweb.dev\\\/l\\\/svm-temp\\\/wp-content\\\/uploads\\\/2022\\\/04\\\/temporr-utstllning-med-velzquez-visar-konstens-guldsekel.png\",\"width\":280,\"height\":439},{\"@type\":\"BreadcrumbList\",\"@id\":\"https:\\\/\\\/lightweb.dev\\\/l\\\/svm-temp\\\/artiklar\\\/temporar-utstallning-med-velazquez-visar-konstens-guldsekel\\\/#breadcrumb\",\"itemListElement\":[{\"@type\":\"ListItem\",\"position\":1,\"name\":\"Hem\",\"item\":\"https:\\\/\\\/lightweb.dev\\\/l\\\/svm-temp\\\/\"},{\"@type\":\"ListItem\",\"position\":2,\"name\":\"Tempor\u00e4r utst\u00e4llning med Vel\u00e1zquez visar konstens guldsekel\"}]},{\"@type\":\"WebSite\",\"@id\":\"https:\\\/\\\/lightweb.dev\\\/l\\\/svm-temp\\\/#website\",\"url\":\"https:\\\/\\\/lightweb.dev\\\/l\\\/svm-temp\\\/\",\"name\":\"Svenska Magasinet\",\"description\":\"Dina Spanska nyheter p&aring; Svenska\",\"publisher\":{\"@id\":\"https:\\\/\\\/lightweb.dev\\\/l\\\/svm-temp\\\/#organization\"},\"potentialAction\":[{\"@type\":\"SearchAction\",\"target\":{\"@type\":\"EntryPoint\",\"urlTemplate\":\"https:\\\/\\\/lightweb.dev\\\/l\\\/svm-temp\\\/?s={search_term_string}\"},\"query-input\":{\"@type\":\"PropertyValueSpecification\",\"valueRequired\":true,\"valueName\":\"search_term_string\"}}],\"inLanguage\":\"sv-SE\"},{\"@type\":\"Organization\",\"@id\":\"https:\\\/\\\/lightweb.dev\\\/l\\\/svm-temp\\\/#organization\",\"name\":\"Melkerson y Nott SL\",\"alternateName\":\"Svenska Magasinet\",\"url\":\"https:\\\/\\\/lightweb.dev\\\/l\\\/svm-temp\\\/\",\"logo\":{\"@type\":\"ImageObject\",\"inLanguage\":\"sv-SE\",\"@id\":\"https:\\\/\\\/lightweb.dev\\\/l\\\/svm-temp\\\/#\\\/schema\\\/logo\\\/image\\\/\",\"url\":\"https:\\\/\\\/lightweb.dev\\\/l\\\/svm-temp\\\/wp-content\\\/uploads\\\/2025\\\/02\\\/SvM-logo-Xtra-Centrerad-SVART.png\",\"contentUrl\":\"https:\\\/\\\/lightweb.dev\\\/l\\\/svm-temp\\\/wp-content\\\/uploads\\\/2025\\\/02\\\/SvM-logo-Xtra-Centrerad-SVART.png\",\"width\":300,\"height\":99,\"caption\":\"Melkerson y Nott SL\"},\"image\":{\"@id\":\"https:\\\/\\\/lightweb.dev\\\/l\\\/svm-temp\\\/#\\\/schema\\\/logo\\\/image\\\/\"},\"sameAs\":[\"https:\\\/\\\/www.facebook.com\\\/svenskamagasinet\",\"https:\\\/\\\/x.com\\\/SvenskaMagasine\"]},{\"@type\":\"Person\",\"@id\":\"https:\\\/\\\/lightweb.dev\\\/l\\\/svm-temp\\\/#\\\/schema\\\/person\\\/206a3bda5b607b0c25e1749191e4d837\",\"name\":\"Redaktionen SvM\",\"description\":\"Redaktionen\",\"sameAs\":[\"https:\\\/\\\/lightweb.dev\\\/l\\\/svm-temp\"],\"url\":\"https:\\\/\\\/lightweb.dev\\\/l\\\/svm-temp\\\/reporter\\\/redaktionen\\\/\"}]}<\/script>\n<!-- \/ Yoast SEO Premium plugin. -->","yoast_head_json":{"title":"Tempor\u00e4r utst\u00e4llning med Vel\u00e1zquez visar konstens guldsekel - Svenska Magasinet","robots":{"index":"noindex","follow":"follow","max-snippet":"max-snippet:-1","max-image-preview":"max-image-preview:large","max-video-preview":"max-video-preview:-1"},"og_locale":"sv_SE","og_type":"article","og_title":"Tempor\u00e4r utst\u00e4llning med Vel\u00e1zquez visar konstens guldsekel","og_description":"Museo del Prado i Madrid satsar p\u00e5 en tempor\u00e4r utst\u00e4llning med den store m\u00e4staren Vel\u00e1zquez. Den s\u00e4tter fokus p\u00e5 de sista \u00e5ren av hans karri\u00e4r. F\u00f6r resen\u00e4rer som f\u00f6ljer med p\u00e5 Svenska Magasinets Madridresa i slutet p\u00e5 november v\u00e4ntar en fascinerande konstutst\u00e4llning i Spanien hj\u00e4rta. Av Ola Josefsson Mitten av 1600-talet. Spanien genomlider en mycket [&hellip;]","og_url":"https:\/\/lightweb.dev\/l\/svm-temp\/artiklar\/temporar-utstallning-med-velazquez-visar-konstens-guldsekel\/","og_site_name":"Svenska Magasinet","article_publisher":"https:\/\/www.facebook.com\/svenskamagasinet","article_published_time":"2013-11-11T23:00:00+00:00","og_image":[{"width":280,"height":439,"url":"https:\/\/lightweb.dev\/l\/svm-temp\/wp-content\/uploads\/2022\/04\/temporr-utstllning-med-velzquez-visar-konstens-guldsekel.png","type":"image\/png"}],"author":"Redaktionen SvM","twitter_card":"summary_large_image","twitter_creator":"@SvenskaMagasine","twitter_site":"@SvenskaMagasine","schema":{"@context":"https:\/\/schema.org","@graph":[{"@type":"Article","@id":"https:\/\/lightweb.dev\/l\/svm-temp\/artiklar\/temporar-utstallning-med-velazquez-visar-konstens-guldsekel\/#article","isPartOf":{"@id":"https:\/\/lightweb.dev\/l\/svm-temp\/artiklar\/temporar-utstallning-med-velazquez-visar-konstens-guldsekel\/"},"author":{"name":"Redaktionen SvM","@id":"https:\/\/lightweb.dev\/l\/svm-temp\/#\/schema\/person\/206a3bda5b607b0c25e1749191e4d837"},"headline":"Tempor\u00e4r utst\u00e4llning med Vel\u00e1zquez visar konstens guldsekel","datePublished":"2013-11-11T23:00:00+00:00","mainEntityOfPage":{"@id":"https:\/\/lightweb.dev\/l\/svm-temp\/artiklar\/temporar-utstallning-med-velazquez-visar-konstens-guldsekel\/"},"wordCount":1208,"commentCount":0,"publisher":{"@id":"https:\/\/lightweb.dev\/l\/svm-temp\/#organization"},"image":{"@id":"https:\/\/lightweb.dev\/l\/svm-temp\/artiklar\/temporar-utstallning-med-velazquez-visar-konstens-guldsekel\/#primaryimage"},"thumbnailUrl":"https:\/\/lightweb.dev\/l\/svm-temp\/wp-content\/uploads\/2022\/04\/temporr-utstllning-med-velzquez-visar-konstens-guldsekel.png","articleSection":["Artiklar","Kultur &amp; historia"],"inLanguage":"sv-SE"},{"@type":"WebPage","@id":"https:\/\/lightweb.dev\/l\/svm-temp\/artiklar\/temporar-utstallning-med-velazquez-visar-konstens-guldsekel\/","url":"https:\/\/lightweb.dev\/l\/svm-temp\/artiklar\/temporar-utstallning-med-velazquez-visar-konstens-guldsekel\/","name":"Tempor\u00e4r utst\u00e4llning med Vel\u00e1zquez visar konstens guldsekel - Svenska Magasinet","isPartOf":{"@id":"https:\/\/lightweb.dev\/l\/svm-temp\/#website"},"primaryImageOfPage":{"@id":"https:\/\/lightweb.dev\/l\/svm-temp\/artiklar\/temporar-utstallning-med-velazquez-visar-konstens-guldsekel\/#primaryimage"},"image":{"@id":"https:\/\/lightweb.dev\/l\/svm-temp\/artiklar\/temporar-utstallning-med-velazquez-visar-konstens-guldsekel\/#primaryimage"},"thumbnailUrl":"https:\/\/lightweb.dev\/l\/svm-temp\/wp-content\/uploads\/2022\/04\/temporr-utstllning-med-velzquez-visar-konstens-guldsekel.png","datePublished":"2013-11-11T23:00:00+00:00","breadcrumb":{"@id":"https:\/\/lightweb.dev\/l\/svm-temp\/artiklar\/temporar-utstallning-med-velazquez-visar-konstens-guldsekel\/#breadcrumb"},"inLanguage":"sv-SE","potentialAction":[{"@type":"ReadAction","target":["https:\/\/lightweb.dev\/l\/svm-temp\/artiklar\/temporar-utstallning-med-velazquez-visar-konstens-guldsekel\/"]}]},{"@type":"ImageObject","inLanguage":"sv-SE","@id":"https:\/\/lightweb.dev\/l\/svm-temp\/artiklar\/temporar-utstallning-med-velazquez-visar-konstens-guldsekel\/#primaryimage","url":"https:\/\/lightweb.dev\/l\/svm-temp\/wp-content\/uploads\/2022\/04\/temporr-utstllning-med-velzquez-visar-konstens-guldsekel.png","contentUrl":"https:\/\/lightweb.dev\/l\/svm-temp\/wp-content\/uploads\/2022\/04\/temporr-utstllning-med-velzquez-visar-konstens-guldsekel.png","width":280,"height":439},{"@type":"BreadcrumbList","@id":"https:\/\/lightweb.dev\/l\/svm-temp\/artiklar\/temporar-utstallning-med-velazquez-visar-konstens-guldsekel\/#breadcrumb","itemListElement":[{"@type":"ListItem","position":1,"name":"Hem","item":"https:\/\/lightweb.dev\/l\/svm-temp\/"},{"@type":"ListItem","position":2,"name":"Tempor\u00e4r utst\u00e4llning med Vel\u00e1zquez visar konstens guldsekel"}]},{"@type":"WebSite","@id":"https:\/\/lightweb.dev\/l\/svm-temp\/#website","url":"https:\/\/lightweb.dev\/l\/svm-temp\/","name":"Svenska Magasinet","description":"Dina Spanska nyheter p&aring; Svenska","publisher":{"@id":"https:\/\/lightweb.dev\/l\/svm-temp\/#organization"},"potentialAction":[{"@type":"SearchAction","target":{"@type":"EntryPoint","urlTemplate":"https:\/\/lightweb.dev\/l\/svm-temp\/?s={search_term_string}"},"query-input":{"@type":"PropertyValueSpecification","valueRequired":true,"valueName":"search_term_string"}}],"inLanguage":"sv-SE"},{"@type":"Organization","@id":"https:\/\/lightweb.dev\/l\/svm-temp\/#organization","name":"Melkerson y Nott SL","alternateName":"Svenska Magasinet","url":"https:\/\/lightweb.dev\/l\/svm-temp\/","logo":{"@type":"ImageObject","inLanguage":"sv-SE","@id":"https:\/\/lightweb.dev\/l\/svm-temp\/#\/schema\/logo\/image\/","url":"https:\/\/lightweb.dev\/l\/svm-temp\/wp-content\/uploads\/2025\/02\/SvM-logo-Xtra-Centrerad-SVART.png","contentUrl":"https:\/\/lightweb.dev\/l\/svm-temp\/wp-content\/uploads\/2025\/02\/SvM-logo-Xtra-Centrerad-SVART.png","width":300,"height":99,"caption":"Melkerson y Nott SL"},"image":{"@id":"https:\/\/lightweb.dev\/l\/svm-temp\/#\/schema\/logo\/image\/"},"sameAs":["https:\/\/www.facebook.com\/svenskamagasinet","https:\/\/x.com\/SvenskaMagasine"]},{"@type":"Person","@id":"https:\/\/lightweb.dev\/l\/svm-temp\/#\/schema\/person\/206a3bda5b607b0c25e1749191e4d837","name":"Redaktionen SvM","description":"Redaktionen","sameAs":["https:\/\/lightweb.dev\/l\/svm-temp"],"url":"https:\/\/lightweb.dev\/l\/svm-temp\/reporter\/redaktionen\/"}]}},"_links":{"self":[{"href":"https:\/\/lightweb.dev\/l\/svm-temp\/wp-json\/wp\/v2\/posts\/4020","targetHints":{"allow":["GET"]}}],"collection":[{"href":"https:\/\/lightweb.dev\/l\/svm-temp\/wp-json\/wp\/v2\/posts"}],"about":[{"href":"https:\/\/lightweb.dev\/l\/svm-temp\/wp-json\/wp\/v2\/types\/post"}],"author":[{"embeddable":true,"href":"https:\/\/lightweb.dev\/l\/svm-temp\/wp-json\/wp\/v2\/users\/8"}],"replies":[{"embeddable":true,"href":"https:\/\/lightweb.dev\/l\/svm-temp\/wp-json\/wp\/v2\/comments?post=4020"}],"version-history":[{"count":0,"href":"https:\/\/lightweb.dev\/l\/svm-temp\/wp-json\/wp\/v2\/posts\/4020\/revisions"}],"wp:featuredmedia":[{"embeddable":true,"href":"https:\/\/lightweb.dev\/l\/svm-temp\/wp-json\/wp\/v2\/media\/4021"}],"wp:attachment":[{"href":"https:\/\/lightweb.dev\/l\/svm-temp\/wp-json\/wp\/v2\/media?parent=4020"}],"wp:term":[{"taxonomy":"category","embeddable":true,"href":"https:\/\/lightweb.dev\/l\/svm-temp\/wp-json\/wp\/v2\/categories?post=4020"},{"taxonomy":"post_tag","embeddable":true,"href":"https:\/\/lightweb.dev\/l\/svm-temp\/wp-json\/wp\/v2\/tags?post=4020"}],"curies":[{"name":"wp","href":"https:\/\/api.w.org\/{rel}","templated":true}]}}