{"id":4028,"date":"2013-11-11T00:00:00","date_gmt":"2013-11-10T23:00:00","guid":{"rendered":"https:\/\/lightweb.dev\/l\/svm-temp\/cest-la-vies-spelar-pa-vara-fem-sinnen\/"},"modified":"2013-11-11T00:00:00","modified_gmt":"2013-11-10T23:00:00","slug":"cest-la-vies-spelar-pa-vara-fem-sinnen","status":"publish","type":"post","link":"https:\/\/lightweb.dev\/l\/svm-temp\/artiklar\/cest-la-vies-spelar-pa-vara-fem-sinnen\/","title":{"rendered":"C\u00b4est la vies spelar p\u00e5 v\u00e5ra fem sinnen"},"content":{"rendered":"<p> Dennis Broberg och hans ryska hustru Natalie har \u00f6ppnat en ny sp\u00e4nnande restaurang i centrala San Pedro. H\u00e4r erbjuds en internationell kreativ meny och det \u00e4r \u00f6ppet f\u00f6r frukost, lunch och middag vilken serveras fr\u00e5n kl. 19.00. Mycket uppskattat av m\u00e5nga skandinaviska g\u00e4ster som g\u00e4rna \u00e4ter tidigt. Det bjuds p\u00e5 levande musik onsdagar och l\u00f6rdagar.<\/p>\n<p>Ett stort utbud av cocktails och h\u00e4rliga fruktdrinkar serveras hela dagen av den trevliga och mycket serviceinriktade personalen. C\u00b4est la vie tar nu emot bokningar inf\u00f6r jul och ny\u00e5r, \u00e4ven f\u00f6r st\u00f6rre grupper och f\u00f6retag.<\/p>\n<p>C\u00b4est la vies koncept spelar p\u00e5 v\u00e5ra fem sinnen: Syn &#8211; Njut av storstadsk\u00e4nslan inne i restaurangen med konst p\u00e5 cement v\u00e4ggar, skylite, modern design eller utomhus p\u00e5 terrassen med mer gr\u00e4s och tr\u00e4 milj\u00f6.<\/p>\n<p>H\u00f6rsel &#8211; Musiken \u00e4r speciellt utvald f\u00f6r att passa alla tider p\u00e5 dygnet och ge g\u00e4sterna en chans att varva ner och ladda om.<br \/>\nSmak &#8211; Kreativ gastronomi med personlig touch, h\u00e4lsosamt och smakrikt.<br \/>\nLukt &#8211; doftljus hj\u00e4lper till att varva ner och olika r\u00f6kelser t\u00e4nds emellan\u00e5t p\u00e5 terrassen f\u00f6r att skapa atmosf\u00e4r.<\/p>\n<p>Ber\u00f6ra &#8211; M\u00e5nga \u00e5tervunna produkter har anv\u00e4nts i restaurangen bl a de h\u00e4rliga terrass m\u00f6blerna, specialgjorda i Spanien, en underbar k\u00e4nsla att ge n\u00e5got som kastats bort ett andra liv.<\/p>\n<p>G\u00f6r ett bes\u00f6k hos C\u00b4est la vie p\u00e5 huvudgatan i San Pedro, snett mitt emot apoteket.<br \/>\nTel 952 783 394<\/p>\n","protected":false},"excerpt":{"rendered":"<p>Dennis Broberg och hans ryska hustru Natalie har \u00f6ppnat en ny sp\u00e4nnande restaurang i centrala San Pedro. H\u00e4r erbjuds en internationell kreativ meny och det \u00e4r \u00f6ppet f\u00f6r frukost, lunch och middag vilken serveras fr\u00e5n kl. 19.00. Mycket uppskattat av m\u00e5nga skandinaviska g\u00e4ster som g\u00e4rna \u00e4ter tidigt. Det bjuds p\u00e5 levande musik onsdagar och l\u00f6rdagar. [&hellip;]<\/p>\n","protected":false},"author":8,"featured_media":4029,"comment_status":"open","ping_status":"open","sticky":false,"template":"","format":"standard","meta":{"_et_pb_use_builder":"","_et_pb_old_content":"","_et_gb_content_width":"","footnotes":""},"categories":[396,4],"tags":[],"class_list":["post-4028","post","type-post","status-publish","format-standard","has-post-thumbnail","hentry","category-arkiv-artiklar","category-artiklar"],"yoast_head":"<!-- This site is optimized with the Yoast SEO Premium plugin v26.2 (Yoast SEO v27.5) - https:\/\/yoast.com\/product\/yoast-seo-premium-wordpress\/ -->\n<title>C\u00b4est la vies spelar p\u00e5 v\u00e5ra fem sinnen - Svenska Magasinet<\/title>\n<meta name=\"robots\" content=\"noindex, follow, max-snippet:-1, max-image-preview:large, max-video-preview:-1\" \/>\n<meta property=\"og:locale\" content=\"sv_SE\" \/>\n<meta property=\"og:type\" content=\"article\" \/>\n<meta property=\"og:title\" content=\"C\u00b4est la vies spelar p\u00e5 v\u00e5ra fem sinnen\" \/>\n<meta property=\"og:description\" content=\"Dennis Broberg och hans ryska hustru Natalie har \u00f6ppnat en ny sp\u00e4nnande restaurang i centrala San Pedro. H\u00e4r erbjuds en internationell kreativ meny och det \u00e4r \u00f6ppet f\u00f6r frukost, lunch och middag vilken serveras fr\u00e5n kl. 19.00. Mycket uppskattat av m\u00e5nga skandinaviska g\u00e4ster som g\u00e4rna \u00e4ter tidigt. Det bjuds p\u00e5 levande musik onsdagar och l\u00f6rdagar. [&hellip;]\" \/>\n<meta property=\"og:url\" content=\"https:\/\/lightweb.dev\/l\/svm-temp\/artiklar\/cest-la-vies-spelar-pa-vara-fem-sinnen\/\" \/>\n<meta property=\"og:site_name\" content=\"Svenska Magasinet\" \/>\n<meta property=\"article:publisher\" content=\"https:\/\/www.facebook.com\/svenskamagasinet\" \/>\n<meta property=\"article:published_time\" content=\"2013-11-10T23:00:00+00:00\" \/>\n<meta property=\"og:image\" content=\"https:\/\/lightweb.dev\/l\/svm-temp\/wp-content\/uploads\/2022\/04\/c-est-la-vies-spelar-p-vra-fem-sinnen.png\" \/>\n\t<meta property=\"og:image:width\" content=\"299\" \/>\n\t<meta property=\"og:image:height\" content=\"200\" \/>\n\t<meta property=\"og:image:type\" content=\"image\/png\" \/>\n<meta name=\"author\" content=\"Redaktionen SvM\" \/>\n<meta name=\"twitter:card\" content=\"summary_large_image\" \/>\n<meta name=\"twitter:creator\" content=\"@SvenskaMagasine\" \/>\n<meta name=\"twitter:site\" content=\"@SvenskaMagasine\" \/>\n<script type=\"application\/ld+json\" class=\"yoast-schema-graph\">{\"@context\":\"https:\\\/\\\/schema.org\",\"@graph\":[{\"@type\":\"Article\",\"@id\":\"https:\\\/\\\/lightweb.dev\\\/l\\\/svm-temp\\\/artiklar\\\/cest-la-vies-spelar-pa-vara-fem-sinnen\\\/#article\",\"isPartOf\":{\"@id\":\"https:\\\/\\\/lightweb.dev\\\/l\\\/svm-temp\\\/artiklar\\\/cest-la-vies-spelar-pa-vara-fem-sinnen\\\/\"},\"author\":{\"name\":\"Redaktionen SvM\",\"@id\":\"https:\\\/\\\/lightweb.dev\\\/l\\\/svm-temp\\\/#\\\/schema\\\/person\\\/206a3bda5b607b0c25e1749191e4d837\"},\"headline\":\"C\u00b4est la vies spelar p\u00e5 v\u00e5ra fem sinnen\",\"datePublished\":\"2013-11-10T23:00:00+00:00\",\"mainEntityOfPage\":{\"@id\":\"https:\\\/\\\/lightweb.dev\\\/l\\\/svm-temp\\\/artiklar\\\/cest-la-vies-spelar-pa-vara-fem-sinnen\\\/\"},\"wordCount\":274,\"commentCount\":0,\"publisher\":{\"@id\":\"https:\\\/\\\/lightweb.dev\\\/l\\\/svm-temp\\\/#organization\"},\"image\":{\"@id\":\"https:\\\/\\\/lightweb.dev\\\/l\\\/svm-temp\\\/artiklar\\\/cest-la-vies-spelar-pa-vara-fem-sinnen\\\/#primaryimage\"},\"thumbnailUrl\":\"https:\\\/\\\/lightweb.dev\\\/l\\\/svm-temp\\\/wp-content\\\/uploads\\\/2022\\\/04\\\/c-est-la-vies-spelar-p-vra-fem-sinnen.png\",\"articleSection\":[\"Arkiv\",\"Artiklar\"],\"inLanguage\":\"sv-SE\"},{\"@type\":\"WebPage\",\"@id\":\"https:\\\/\\\/lightweb.dev\\\/l\\\/svm-temp\\\/artiklar\\\/cest-la-vies-spelar-pa-vara-fem-sinnen\\\/\",\"url\":\"https:\\\/\\\/lightweb.dev\\\/l\\\/svm-temp\\\/artiklar\\\/cest-la-vies-spelar-pa-vara-fem-sinnen\\\/\",\"name\":\"C\u00b4est la vies spelar p\u00e5 v\u00e5ra fem sinnen - Svenska Magasinet\",\"isPartOf\":{\"@id\":\"https:\\\/\\\/lightweb.dev\\\/l\\\/svm-temp\\\/#website\"},\"primaryImageOfPage\":{\"@id\":\"https:\\\/\\\/lightweb.dev\\\/l\\\/svm-temp\\\/artiklar\\\/cest-la-vies-spelar-pa-vara-fem-sinnen\\\/#primaryimage\"},\"image\":{\"@id\":\"https:\\\/\\\/lightweb.dev\\\/l\\\/svm-temp\\\/artiklar\\\/cest-la-vies-spelar-pa-vara-fem-sinnen\\\/#primaryimage\"},\"thumbnailUrl\":\"https:\\\/\\\/lightweb.dev\\\/l\\\/svm-temp\\\/wp-content\\\/uploads\\\/2022\\\/04\\\/c-est-la-vies-spelar-p-vra-fem-sinnen.png\",\"datePublished\":\"2013-11-10T23:00:00+00:00\",\"breadcrumb\":{\"@id\":\"https:\\\/\\\/lightweb.dev\\\/l\\\/svm-temp\\\/artiklar\\\/cest-la-vies-spelar-pa-vara-fem-sinnen\\\/#breadcrumb\"},\"inLanguage\":\"sv-SE\",\"potentialAction\":[{\"@type\":\"ReadAction\",\"target\":[\"https:\\\/\\\/lightweb.dev\\\/l\\\/svm-temp\\\/artiklar\\\/cest-la-vies-spelar-pa-vara-fem-sinnen\\\/\"]}]},{\"@type\":\"ImageObject\",\"inLanguage\":\"sv-SE\",\"@id\":\"https:\\\/\\\/lightweb.dev\\\/l\\\/svm-temp\\\/artiklar\\\/cest-la-vies-spelar-pa-vara-fem-sinnen\\\/#primaryimage\",\"url\":\"https:\\\/\\\/lightweb.dev\\\/l\\\/svm-temp\\\/wp-content\\\/uploads\\\/2022\\\/04\\\/c-est-la-vies-spelar-p-vra-fem-sinnen.png\",\"contentUrl\":\"https:\\\/\\\/lightweb.dev\\\/l\\\/svm-temp\\\/wp-content\\\/uploads\\\/2022\\\/04\\\/c-est-la-vies-spelar-p-vra-fem-sinnen.png\",\"width\":299,\"height\":200},{\"@type\":\"BreadcrumbList\",\"@id\":\"https:\\\/\\\/lightweb.dev\\\/l\\\/svm-temp\\\/artiklar\\\/cest-la-vies-spelar-pa-vara-fem-sinnen\\\/#breadcrumb\",\"itemListElement\":[{\"@type\":\"ListItem\",\"position\":1,\"name\":\"Hem\",\"item\":\"https:\\\/\\\/lightweb.dev\\\/l\\\/svm-temp\\\/\"},{\"@type\":\"ListItem\",\"position\":2,\"name\":\"C\u00b4est la vies spelar p\u00e5 v\u00e5ra fem sinnen\"}]},{\"@type\":\"WebSite\",\"@id\":\"https:\\\/\\\/lightweb.dev\\\/l\\\/svm-temp\\\/#website\",\"url\":\"https:\\\/\\\/lightweb.dev\\\/l\\\/svm-temp\\\/\",\"name\":\"Svenska Magasinet\",\"description\":\"Dina Spanska nyheter p&aring; Svenska\",\"publisher\":{\"@id\":\"https:\\\/\\\/lightweb.dev\\\/l\\\/svm-temp\\\/#organization\"},\"potentialAction\":[{\"@type\":\"SearchAction\",\"target\":{\"@type\":\"EntryPoint\",\"urlTemplate\":\"https:\\\/\\\/lightweb.dev\\\/l\\\/svm-temp\\\/?s={search_term_string}\"},\"query-input\":{\"@type\":\"PropertyValueSpecification\",\"valueRequired\":true,\"valueName\":\"search_term_string\"}}],\"inLanguage\":\"sv-SE\"},{\"@type\":\"Organization\",\"@id\":\"https:\\\/\\\/lightweb.dev\\\/l\\\/svm-temp\\\/#organization\",\"name\":\"Melkerson y Nott SL\",\"alternateName\":\"Svenska Magasinet\",\"url\":\"https:\\\/\\\/lightweb.dev\\\/l\\\/svm-temp\\\/\",\"logo\":{\"@type\":\"ImageObject\",\"inLanguage\":\"sv-SE\",\"@id\":\"https:\\\/\\\/lightweb.dev\\\/l\\\/svm-temp\\\/#\\\/schema\\\/logo\\\/image\\\/\",\"url\":\"https:\\\/\\\/lightweb.dev\\\/l\\\/svm-temp\\\/wp-content\\\/uploads\\\/2025\\\/02\\\/SvM-logo-Xtra-Centrerad-SVART.png\",\"contentUrl\":\"https:\\\/\\\/lightweb.dev\\\/l\\\/svm-temp\\\/wp-content\\\/uploads\\\/2025\\\/02\\\/SvM-logo-Xtra-Centrerad-SVART.png\",\"width\":300,\"height\":99,\"caption\":\"Melkerson y Nott SL\"},\"image\":{\"@id\":\"https:\\\/\\\/lightweb.dev\\\/l\\\/svm-temp\\\/#\\\/schema\\\/logo\\\/image\\\/\"},\"sameAs\":[\"https:\\\/\\\/www.facebook.com\\\/svenskamagasinet\",\"https:\\\/\\\/x.com\\\/SvenskaMagasine\"]},{\"@type\":\"Person\",\"@id\":\"https:\\\/\\\/lightweb.dev\\\/l\\\/svm-temp\\\/#\\\/schema\\\/person\\\/206a3bda5b607b0c25e1749191e4d837\",\"name\":\"Redaktionen SvM\",\"description\":\"Redaktionen\",\"sameAs\":[\"https:\\\/\\\/lightweb.dev\\\/l\\\/svm-temp\"],\"url\":\"https:\\\/\\\/lightweb.dev\\\/l\\\/svm-temp\\\/reporter\\\/redaktionen\\\/\"}]}<\/script>\n<!-- \/ Yoast SEO Premium plugin. -->","yoast_head_json":{"title":"C\u00b4est la vies spelar p\u00e5 v\u00e5ra fem sinnen - Svenska Magasinet","robots":{"index":"noindex","follow":"follow","max-snippet":"max-snippet:-1","max-image-preview":"max-image-preview:large","max-video-preview":"max-video-preview:-1"},"og_locale":"sv_SE","og_type":"article","og_title":"C\u00b4est la vies spelar p\u00e5 v\u00e5ra fem sinnen","og_description":"Dennis Broberg och hans ryska hustru Natalie har \u00f6ppnat en ny sp\u00e4nnande restaurang i centrala San Pedro. H\u00e4r erbjuds en internationell kreativ meny och det \u00e4r \u00f6ppet f\u00f6r frukost, lunch och middag vilken serveras fr\u00e5n kl. 19.00. Mycket uppskattat av m\u00e5nga skandinaviska g\u00e4ster som g\u00e4rna \u00e4ter tidigt. Det bjuds p\u00e5 levande musik onsdagar och l\u00f6rdagar. [&hellip;]","og_url":"https:\/\/lightweb.dev\/l\/svm-temp\/artiklar\/cest-la-vies-spelar-pa-vara-fem-sinnen\/","og_site_name":"Svenska Magasinet","article_publisher":"https:\/\/www.facebook.com\/svenskamagasinet","article_published_time":"2013-11-10T23:00:00+00:00","og_image":[{"width":299,"height":200,"url":"https:\/\/lightweb.dev\/l\/svm-temp\/wp-content\/uploads\/2022\/04\/c-est-la-vies-spelar-p-vra-fem-sinnen.png","type":"image\/png"}],"author":"Redaktionen SvM","twitter_card":"summary_large_image","twitter_creator":"@SvenskaMagasine","twitter_site":"@SvenskaMagasine","schema":{"@context":"https:\/\/schema.org","@graph":[{"@type":"Article","@id":"https:\/\/lightweb.dev\/l\/svm-temp\/artiklar\/cest-la-vies-spelar-pa-vara-fem-sinnen\/#article","isPartOf":{"@id":"https:\/\/lightweb.dev\/l\/svm-temp\/artiklar\/cest-la-vies-spelar-pa-vara-fem-sinnen\/"},"author":{"name":"Redaktionen SvM","@id":"https:\/\/lightweb.dev\/l\/svm-temp\/#\/schema\/person\/206a3bda5b607b0c25e1749191e4d837"},"headline":"C\u00b4est la vies spelar p\u00e5 v\u00e5ra fem sinnen","datePublished":"2013-11-10T23:00:00+00:00","mainEntityOfPage":{"@id":"https:\/\/lightweb.dev\/l\/svm-temp\/artiklar\/cest-la-vies-spelar-pa-vara-fem-sinnen\/"},"wordCount":274,"commentCount":0,"publisher":{"@id":"https:\/\/lightweb.dev\/l\/svm-temp\/#organization"},"image":{"@id":"https:\/\/lightweb.dev\/l\/svm-temp\/artiklar\/cest-la-vies-spelar-pa-vara-fem-sinnen\/#primaryimage"},"thumbnailUrl":"https:\/\/lightweb.dev\/l\/svm-temp\/wp-content\/uploads\/2022\/04\/c-est-la-vies-spelar-p-vra-fem-sinnen.png","articleSection":["Arkiv","Artiklar"],"inLanguage":"sv-SE"},{"@type":"WebPage","@id":"https:\/\/lightweb.dev\/l\/svm-temp\/artiklar\/cest-la-vies-spelar-pa-vara-fem-sinnen\/","url":"https:\/\/lightweb.dev\/l\/svm-temp\/artiklar\/cest-la-vies-spelar-pa-vara-fem-sinnen\/","name":"C\u00b4est la vies spelar p\u00e5 v\u00e5ra fem sinnen - Svenska Magasinet","isPartOf":{"@id":"https:\/\/lightweb.dev\/l\/svm-temp\/#website"},"primaryImageOfPage":{"@id":"https:\/\/lightweb.dev\/l\/svm-temp\/artiklar\/cest-la-vies-spelar-pa-vara-fem-sinnen\/#primaryimage"},"image":{"@id":"https:\/\/lightweb.dev\/l\/svm-temp\/artiklar\/cest-la-vies-spelar-pa-vara-fem-sinnen\/#primaryimage"},"thumbnailUrl":"https:\/\/lightweb.dev\/l\/svm-temp\/wp-content\/uploads\/2022\/04\/c-est-la-vies-spelar-p-vra-fem-sinnen.png","datePublished":"2013-11-10T23:00:00+00:00","breadcrumb":{"@id":"https:\/\/lightweb.dev\/l\/svm-temp\/artiklar\/cest-la-vies-spelar-pa-vara-fem-sinnen\/#breadcrumb"},"inLanguage":"sv-SE","potentialAction":[{"@type":"ReadAction","target":["https:\/\/lightweb.dev\/l\/svm-temp\/artiklar\/cest-la-vies-spelar-pa-vara-fem-sinnen\/"]}]},{"@type":"ImageObject","inLanguage":"sv-SE","@id":"https:\/\/lightweb.dev\/l\/svm-temp\/artiklar\/cest-la-vies-spelar-pa-vara-fem-sinnen\/#primaryimage","url":"https:\/\/lightweb.dev\/l\/svm-temp\/wp-content\/uploads\/2022\/04\/c-est-la-vies-spelar-p-vra-fem-sinnen.png","contentUrl":"https:\/\/lightweb.dev\/l\/svm-temp\/wp-content\/uploads\/2022\/04\/c-est-la-vies-spelar-p-vra-fem-sinnen.png","width":299,"height":200},{"@type":"BreadcrumbList","@id":"https:\/\/lightweb.dev\/l\/svm-temp\/artiklar\/cest-la-vies-spelar-pa-vara-fem-sinnen\/#breadcrumb","itemListElement":[{"@type":"ListItem","position":1,"name":"Hem","item":"https:\/\/lightweb.dev\/l\/svm-temp\/"},{"@type":"ListItem","position":2,"name":"C\u00b4est la vies spelar p\u00e5 v\u00e5ra fem sinnen"}]},{"@type":"WebSite","@id":"https:\/\/lightweb.dev\/l\/svm-temp\/#website","url":"https:\/\/lightweb.dev\/l\/svm-temp\/","name":"Svenska Magasinet","description":"Dina Spanska nyheter p&aring; Svenska","publisher":{"@id":"https:\/\/lightweb.dev\/l\/svm-temp\/#organization"},"potentialAction":[{"@type":"SearchAction","target":{"@type":"EntryPoint","urlTemplate":"https:\/\/lightweb.dev\/l\/svm-temp\/?s={search_term_string}"},"query-input":{"@type":"PropertyValueSpecification","valueRequired":true,"valueName":"search_term_string"}}],"inLanguage":"sv-SE"},{"@type":"Organization","@id":"https:\/\/lightweb.dev\/l\/svm-temp\/#organization","name":"Melkerson y Nott SL","alternateName":"Svenska Magasinet","url":"https:\/\/lightweb.dev\/l\/svm-temp\/","logo":{"@type":"ImageObject","inLanguage":"sv-SE","@id":"https:\/\/lightweb.dev\/l\/svm-temp\/#\/schema\/logo\/image\/","url":"https:\/\/lightweb.dev\/l\/svm-temp\/wp-content\/uploads\/2025\/02\/SvM-logo-Xtra-Centrerad-SVART.png","contentUrl":"https:\/\/lightweb.dev\/l\/svm-temp\/wp-content\/uploads\/2025\/02\/SvM-logo-Xtra-Centrerad-SVART.png","width":300,"height":99,"caption":"Melkerson y Nott SL"},"image":{"@id":"https:\/\/lightweb.dev\/l\/svm-temp\/#\/schema\/logo\/image\/"},"sameAs":["https:\/\/www.facebook.com\/svenskamagasinet","https:\/\/x.com\/SvenskaMagasine"]},{"@type":"Person","@id":"https:\/\/lightweb.dev\/l\/svm-temp\/#\/schema\/person\/206a3bda5b607b0c25e1749191e4d837","name":"Redaktionen SvM","description":"Redaktionen","sameAs":["https:\/\/lightweb.dev\/l\/svm-temp"],"url":"https:\/\/lightweb.dev\/l\/svm-temp\/reporter\/redaktionen\/"}]}},"_links":{"self":[{"href":"https:\/\/lightweb.dev\/l\/svm-temp\/wp-json\/wp\/v2\/posts\/4028","targetHints":{"allow":["GET"]}}],"collection":[{"href":"https:\/\/lightweb.dev\/l\/svm-temp\/wp-json\/wp\/v2\/posts"}],"about":[{"href":"https:\/\/lightweb.dev\/l\/svm-temp\/wp-json\/wp\/v2\/types\/post"}],"author":[{"embeddable":true,"href":"https:\/\/lightweb.dev\/l\/svm-temp\/wp-json\/wp\/v2\/users\/8"}],"replies":[{"embeddable":true,"href":"https:\/\/lightweb.dev\/l\/svm-temp\/wp-json\/wp\/v2\/comments?post=4028"}],"version-history":[{"count":0,"href":"https:\/\/lightweb.dev\/l\/svm-temp\/wp-json\/wp\/v2\/posts\/4028\/revisions"}],"wp:featuredmedia":[{"embeddable":true,"href":"https:\/\/lightweb.dev\/l\/svm-temp\/wp-json\/wp\/v2\/media\/4029"}],"wp:attachment":[{"href":"https:\/\/lightweb.dev\/l\/svm-temp\/wp-json\/wp\/v2\/media?parent=4028"}],"wp:term":[{"taxonomy":"category","embeddable":true,"href":"https:\/\/lightweb.dev\/l\/svm-temp\/wp-json\/wp\/v2\/categories?post=4028"},{"taxonomy":"post_tag","embeddable":true,"href":"https:\/\/lightweb.dev\/l\/svm-temp\/wp-json\/wp\/v2\/tags?post=4028"}],"curies":[{"name":"wp","href":"https:\/\/api.w.org\/{rel}","templated":true}]}}