{"id":4040,"date":"2013-11-11T00:00:00","date_gmt":"2013-11-10T23:00:00","guid":{"rendered":"https:\/\/lightweb.dev\/l\/svm-temp\/ewalds-matbutik-kul-att-handla\/"},"modified":"2013-11-11T00:00:00","modified_gmt":"2013-11-10T23:00:00","slug":"ewalds-matbutik-kul-att-handla","status":"publish","type":"post","link":"https:\/\/lightweb.dev\/l\/svm-temp\/artiklar\/ewalds-matbutik-kul-att-handla\/","title":{"rendered":"Ewalds Matbutik \u2013 kul att handla"},"content":{"rendered":"<p> En allt v\u00e4xande skara skandinaver har med gl\u00e4dje hittat Ewalds matbutik i Los Boliches, Fuengirola. I Los Boliches bor tusentals skandinaver som nu kan handla i sin egen n\u00e4rbutik. Butikens \u00e4garinna Annika Wikstr\u00f6m svarar p\u00e5 fr\u00e5gan om butikens ideologi: \u201cVi finns h\u00e4r f\u00f6r att Du skall kunna \u00e4ta god och sund skandinavisk vardagsmat och enkelt hitta ingredienser till fredagsmyset och festmaten\u201d. <\/p>\n<p>Ewalds \u00e4r en tr\u00e4ffpunkt f\u00f6r skandinaver som l\u00e4ngtar efter mat hemifr\u00e5n. \u00c4ven filmj\u00f6lk och k\u00e4rnmj\u00f6lk f\u00e5r vi tv\u00e5 g\u00e5nger i veckan. Annika fors\u00e4tter: \u201cVi tar hem och s\u00e4ljer det som vi sj\u00e4lva vill laga och \u00e4ta. Vi kollar inneh\u00e5llet och framf\u00f6r allt hur det smakar!\u201d<\/p>\n<p>Ewalds bageri har alltid erbjudit hembakat artesanbr\u00f6d utan tillsats\u00e4mnen. Butikens andre \u00e4gare, maken Ewald ber\u00e4ttar: \u201cJag \u00e4r sj\u00e4lv v\u00e4ldigt m\u00e5n om vilket br\u00f6d jag \u00e4ter och det \u00e4r en av orsakerna till att vi valt att inte s\u00e4lja r\u00e5frysta produkter\u201d. Du hittar sj\u00e4lvfallet ocks\u00e5 ett stort sortiment importerat br\u00f6d fr\u00e5n Skandinavien i butiken. En annan favorit \u00e4r Ewalds ber\u00f6mda danska Wienerbr\u00f6d\/Spandauers och dessa gigantiska l\u00e4ckra bakverk finns dagsf\u00e4rska varje morgon.<\/p>\n<p>Ett speciellt omn\u00e4mnande f\u00e5r fiskkonserver och sillprodukter kommer fr\u00e5n de mest k\u00e4nda leverant\u00f6rerna i Sverige, Danmark, Norge och Finland. Sj\u00e4lvfallet finner du ocks\u00e5 lyxr\u00e4kor, kr\u00e4ftor och f\u00e4rsk gravlax i v\u00e5rt sortiment.<\/p>\n<p>Ewalds Catering erbjuder dagligen f\u00e4rska matr\u00e4tter: Janssons frestelse, k\u00e5ldolmar, f\u00e4rsk gravlax, skinkgrat\u00e4ng och varmr\u00f6kt lax. Till festen kan du ocks\u00e5 best\u00e4lla hemmagjorda hallon- eller jordgubbst\u00e5rtor.<\/p>\n<p>Julen \u00e4r i ant\u00e5gande och till advent handlar ni julgl\u00f6gg och pepparkakor hos Ewalds. Alla skandinaviska juldelikatesser kan best\u00e4llas redan nu, i god tid f\u00f6re julruschen.<\/p>\n<p>Annika och Ewald \u00f6nskar alla v\u00e4lkomna att ha kul och handla i Ewalds Matbutik, Avenida Nuestro Padre Jes\u00fas Cautivo, Los Boliches, Fuengirola. Tel 952 666 239.<\/p>\n","protected":false},"excerpt":{"rendered":"<p>En allt v\u00e4xande skara skandinaver har med gl\u00e4dje hittat Ewalds matbutik i Los Boliches, Fuengirola. I Los Boliches bor tusentals skandinaver som nu kan handla i sin egen n\u00e4rbutik. Butikens \u00e4garinna Annika Wikstr\u00f6m svarar p\u00e5 fr\u00e5gan om butikens ideologi: \u201cVi finns h\u00e4r f\u00f6r att Du skall kunna \u00e4ta god och sund skandinavisk vardagsmat och enkelt [&hellip;]<\/p>\n","protected":false},"author":8,"featured_media":4041,"comment_status":"open","ping_status":"open","sticky":false,"template":"","format":"standard","meta":{"_et_pb_use_builder":"","_et_pb_old_content":"","_et_gb_content_width":"","footnotes":""},"categories":[396,4],"tags":[],"class_list":["post-4040","post","type-post","status-publish","format-standard","has-post-thumbnail","hentry","category-arkiv-artiklar","category-artiklar"],"yoast_head":"<!-- This site is optimized with the Yoast SEO Premium plugin v26.2 (Yoast SEO v27.5) - https:\/\/yoast.com\/product\/yoast-seo-premium-wordpress\/ -->\n<title>Ewalds Matbutik \u2013 kul att handla - Svenska Magasinet<\/title>\n<meta name=\"robots\" content=\"noindex, follow, max-snippet:-1, max-image-preview:large, max-video-preview:-1\" \/>\n<meta property=\"og:locale\" content=\"sv_SE\" \/>\n<meta property=\"og:type\" content=\"article\" \/>\n<meta property=\"og:title\" content=\"Ewalds Matbutik \u2013 kul att handla\" \/>\n<meta property=\"og:description\" content=\"En allt v\u00e4xande skara skandinaver har med gl\u00e4dje hittat Ewalds matbutik i Los Boliches, Fuengirola. I Los Boliches bor tusentals skandinaver som nu kan handla i sin egen n\u00e4rbutik. Butikens \u00e4garinna Annika Wikstr\u00f6m svarar p\u00e5 fr\u00e5gan om butikens ideologi: \u201cVi finns h\u00e4r f\u00f6r att Du skall kunna \u00e4ta god och sund skandinavisk vardagsmat och enkelt [&hellip;]\" \/>\n<meta property=\"og:url\" content=\"https:\/\/lightweb.dev\/l\/svm-temp\/artiklar\/ewalds-matbutik-kul-att-handla\/\" \/>\n<meta property=\"og:site_name\" content=\"Svenska Magasinet\" \/>\n<meta property=\"article:publisher\" content=\"https:\/\/www.facebook.com\/svenskamagasinet\" \/>\n<meta property=\"article:published_time\" content=\"2013-11-10T23:00:00+00:00\" \/>\n<meta property=\"og:image\" content=\"https:\/\/lightweb.dev\/l\/svm-temp\/wp-content\/uploads\/2022\/04\/ewalds-matbutik-kul-att-handla.png\" \/>\n\t<meta property=\"og:image:width\" content=\"280\" \/>\n\t<meta property=\"og:image:height\" content=\"210\" \/>\n\t<meta property=\"og:image:type\" content=\"image\/png\" \/>\n<meta name=\"author\" content=\"Redaktionen SvM\" \/>\n<meta name=\"twitter:card\" content=\"summary_large_image\" \/>\n<meta name=\"twitter:creator\" content=\"@SvenskaMagasine\" \/>\n<meta name=\"twitter:site\" content=\"@SvenskaMagasine\" \/>\n<script type=\"application\/ld+json\" class=\"yoast-schema-graph\">{\"@context\":\"https:\\\/\\\/schema.org\",\"@graph\":[{\"@type\":\"Article\",\"@id\":\"https:\\\/\\\/lightweb.dev\\\/l\\\/svm-temp\\\/artiklar\\\/ewalds-matbutik-kul-att-handla\\\/#article\",\"isPartOf\":{\"@id\":\"https:\\\/\\\/lightweb.dev\\\/l\\\/svm-temp\\\/artiklar\\\/ewalds-matbutik-kul-att-handla\\\/\"},\"author\":{\"name\":\"Redaktionen SvM\",\"@id\":\"https:\\\/\\\/lightweb.dev\\\/l\\\/svm-temp\\\/#\\\/schema\\\/person\\\/206a3bda5b607b0c25e1749191e4d837\"},\"headline\":\"Ewalds Matbutik \u2013 kul att handla\",\"datePublished\":\"2013-11-10T23:00:00+00:00\",\"mainEntityOfPage\":{\"@id\":\"https:\\\/\\\/lightweb.dev\\\/l\\\/svm-temp\\\/artiklar\\\/ewalds-matbutik-kul-att-handla\\\/\"},\"wordCount\":348,\"commentCount\":0,\"publisher\":{\"@id\":\"https:\\\/\\\/lightweb.dev\\\/l\\\/svm-temp\\\/#organization\"},\"image\":{\"@id\":\"https:\\\/\\\/lightweb.dev\\\/l\\\/svm-temp\\\/artiklar\\\/ewalds-matbutik-kul-att-handla\\\/#primaryimage\"},\"thumbnailUrl\":\"https:\\\/\\\/lightweb.dev\\\/l\\\/svm-temp\\\/wp-content\\\/uploads\\\/2022\\\/04\\\/ewalds-matbutik-kul-att-handla.png\",\"articleSection\":[\"Arkiv\",\"Artiklar\"],\"inLanguage\":\"sv-SE\"},{\"@type\":\"WebPage\",\"@id\":\"https:\\\/\\\/lightweb.dev\\\/l\\\/svm-temp\\\/artiklar\\\/ewalds-matbutik-kul-att-handla\\\/\",\"url\":\"https:\\\/\\\/lightweb.dev\\\/l\\\/svm-temp\\\/artiklar\\\/ewalds-matbutik-kul-att-handla\\\/\",\"name\":\"Ewalds Matbutik \u2013 kul att handla - Svenska Magasinet\",\"isPartOf\":{\"@id\":\"https:\\\/\\\/lightweb.dev\\\/l\\\/svm-temp\\\/#website\"},\"primaryImageOfPage\":{\"@id\":\"https:\\\/\\\/lightweb.dev\\\/l\\\/svm-temp\\\/artiklar\\\/ewalds-matbutik-kul-att-handla\\\/#primaryimage\"},\"image\":{\"@id\":\"https:\\\/\\\/lightweb.dev\\\/l\\\/svm-temp\\\/artiklar\\\/ewalds-matbutik-kul-att-handla\\\/#primaryimage\"},\"thumbnailUrl\":\"https:\\\/\\\/lightweb.dev\\\/l\\\/svm-temp\\\/wp-content\\\/uploads\\\/2022\\\/04\\\/ewalds-matbutik-kul-att-handla.png\",\"datePublished\":\"2013-11-10T23:00:00+00:00\",\"breadcrumb\":{\"@id\":\"https:\\\/\\\/lightweb.dev\\\/l\\\/svm-temp\\\/artiklar\\\/ewalds-matbutik-kul-att-handla\\\/#breadcrumb\"},\"inLanguage\":\"sv-SE\",\"potentialAction\":[{\"@type\":\"ReadAction\",\"target\":[\"https:\\\/\\\/lightweb.dev\\\/l\\\/svm-temp\\\/artiklar\\\/ewalds-matbutik-kul-att-handla\\\/\"]}]},{\"@type\":\"ImageObject\",\"inLanguage\":\"sv-SE\",\"@id\":\"https:\\\/\\\/lightweb.dev\\\/l\\\/svm-temp\\\/artiklar\\\/ewalds-matbutik-kul-att-handla\\\/#primaryimage\",\"url\":\"https:\\\/\\\/lightweb.dev\\\/l\\\/svm-temp\\\/wp-content\\\/uploads\\\/2022\\\/04\\\/ewalds-matbutik-kul-att-handla.png\",\"contentUrl\":\"https:\\\/\\\/lightweb.dev\\\/l\\\/svm-temp\\\/wp-content\\\/uploads\\\/2022\\\/04\\\/ewalds-matbutik-kul-att-handla.png\",\"width\":280,\"height\":210},{\"@type\":\"BreadcrumbList\",\"@id\":\"https:\\\/\\\/lightweb.dev\\\/l\\\/svm-temp\\\/artiklar\\\/ewalds-matbutik-kul-att-handla\\\/#breadcrumb\",\"itemListElement\":[{\"@type\":\"ListItem\",\"position\":1,\"name\":\"Hem\",\"item\":\"https:\\\/\\\/lightweb.dev\\\/l\\\/svm-temp\\\/\"},{\"@type\":\"ListItem\",\"position\":2,\"name\":\"Ewalds Matbutik \u2013 kul att handla\"}]},{\"@type\":\"WebSite\",\"@id\":\"https:\\\/\\\/lightweb.dev\\\/l\\\/svm-temp\\\/#website\",\"url\":\"https:\\\/\\\/lightweb.dev\\\/l\\\/svm-temp\\\/\",\"name\":\"Svenska Magasinet\",\"description\":\"Dina Spanska nyheter p&aring; Svenska\",\"publisher\":{\"@id\":\"https:\\\/\\\/lightweb.dev\\\/l\\\/svm-temp\\\/#organization\"},\"potentialAction\":[{\"@type\":\"SearchAction\",\"target\":{\"@type\":\"EntryPoint\",\"urlTemplate\":\"https:\\\/\\\/lightweb.dev\\\/l\\\/svm-temp\\\/?s={search_term_string}\"},\"query-input\":{\"@type\":\"PropertyValueSpecification\",\"valueRequired\":true,\"valueName\":\"search_term_string\"}}],\"inLanguage\":\"sv-SE\"},{\"@type\":\"Organization\",\"@id\":\"https:\\\/\\\/lightweb.dev\\\/l\\\/svm-temp\\\/#organization\",\"name\":\"Melkerson y Nott SL\",\"alternateName\":\"Svenska Magasinet\",\"url\":\"https:\\\/\\\/lightweb.dev\\\/l\\\/svm-temp\\\/\",\"logo\":{\"@type\":\"ImageObject\",\"inLanguage\":\"sv-SE\",\"@id\":\"https:\\\/\\\/lightweb.dev\\\/l\\\/svm-temp\\\/#\\\/schema\\\/logo\\\/image\\\/\",\"url\":\"https:\\\/\\\/lightweb.dev\\\/l\\\/svm-temp\\\/wp-content\\\/uploads\\\/2025\\\/02\\\/SvM-logo-Xtra-Centrerad-SVART.png\",\"contentUrl\":\"https:\\\/\\\/lightweb.dev\\\/l\\\/svm-temp\\\/wp-content\\\/uploads\\\/2025\\\/02\\\/SvM-logo-Xtra-Centrerad-SVART.png\",\"width\":300,\"height\":99,\"caption\":\"Melkerson y Nott SL\"},\"image\":{\"@id\":\"https:\\\/\\\/lightweb.dev\\\/l\\\/svm-temp\\\/#\\\/schema\\\/logo\\\/image\\\/\"},\"sameAs\":[\"https:\\\/\\\/www.facebook.com\\\/svenskamagasinet\",\"https:\\\/\\\/x.com\\\/SvenskaMagasine\"]},{\"@type\":\"Person\",\"@id\":\"https:\\\/\\\/lightweb.dev\\\/l\\\/svm-temp\\\/#\\\/schema\\\/person\\\/206a3bda5b607b0c25e1749191e4d837\",\"name\":\"Redaktionen SvM\",\"description\":\"Redaktionen\",\"sameAs\":[\"https:\\\/\\\/lightweb.dev\\\/l\\\/svm-temp\"],\"url\":\"https:\\\/\\\/lightweb.dev\\\/l\\\/svm-temp\\\/reporter\\\/redaktionen\\\/\"}]}<\/script>\n<!-- \/ Yoast SEO Premium plugin. -->","yoast_head_json":{"title":"Ewalds Matbutik \u2013 kul att handla - Svenska Magasinet","robots":{"index":"noindex","follow":"follow","max-snippet":"max-snippet:-1","max-image-preview":"max-image-preview:large","max-video-preview":"max-video-preview:-1"},"og_locale":"sv_SE","og_type":"article","og_title":"Ewalds Matbutik \u2013 kul att handla","og_description":"En allt v\u00e4xande skara skandinaver har med gl\u00e4dje hittat Ewalds matbutik i Los Boliches, Fuengirola. I Los Boliches bor tusentals skandinaver som nu kan handla i sin egen n\u00e4rbutik. Butikens \u00e4garinna Annika Wikstr\u00f6m svarar p\u00e5 fr\u00e5gan om butikens ideologi: \u201cVi finns h\u00e4r f\u00f6r att Du skall kunna \u00e4ta god och sund skandinavisk vardagsmat och enkelt [&hellip;]","og_url":"https:\/\/lightweb.dev\/l\/svm-temp\/artiklar\/ewalds-matbutik-kul-att-handla\/","og_site_name":"Svenska Magasinet","article_publisher":"https:\/\/www.facebook.com\/svenskamagasinet","article_published_time":"2013-11-10T23:00:00+00:00","og_image":[{"width":280,"height":210,"url":"https:\/\/lightweb.dev\/l\/svm-temp\/wp-content\/uploads\/2022\/04\/ewalds-matbutik-kul-att-handla.png","type":"image\/png"}],"author":"Redaktionen SvM","twitter_card":"summary_large_image","twitter_creator":"@SvenskaMagasine","twitter_site":"@SvenskaMagasine","schema":{"@context":"https:\/\/schema.org","@graph":[{"@type":"Article","@id":"https:\/\/lightweb.dev\/l\/svm-temp\/artiklar\/ewalds-matbutik-kul-att-handla\/#article","isPartOf":{"@id":"https:\/\/lightweb.dev\/l\/svm-temp\/artiklar\/ewalds-matbutik-kul-att-handla\/"},"author":{"name":"Redaktionen SvM","@id":"https:\/\/lightweb.dev\/l\/svm-temp\/#\/schema\/person\/206a3bda5b607b0c25e1749191e4d837"},"headline":"Ewalds Matbutik \u2013 kul att handla","datePublished":"2013-11-10T23:00:00+00:00","mainEntityOfPage":{"@id":"https:\/\/lightweb.dev\/l\/svm-temp\/artiklar\/ewalds-matbutik-kul-att-handla\/"},"wordCount":348,"commentCount":0,"publisher":{"@id":"https:\/\/lightweb.dev\/l\/svm-temp\/#organization"},"image":{"@id":"https:\/\/lightweb.dev\/l\/svm-temp\/artiklar\/ewalds-matbutik-kul-att-handla\/#primaryimage"},"thumbnailUrl":"https:\/\/lightweb.dev\/l\/svm-temp\/wp-content\/uploads\/2022\/04\/ewalds-matbutik-kul-att-handla.png","articleSection":["Arkiv","Artiklar"],"inLanguage":"sv-SE"},{"@type":"WebPage","@id":"https:\/\/lightweb.dev\/l\/svm-temp\/artiklar\/ewalds-matbutik-kul-att-handla\/","url":"https:\/\/lightweb.dev\/l\/svm-temp\/artiklar\/ewalds-matbutik-kul-att-handla\/","name":"Ewalds Matbutik \u2013 kul att handla - Svenska Magasinet","isPartOf":{"@id":"https:\/\/lightweb.dev\/l\/svm-temp\/#website"},"primaryImageOfPage":{"@id":"https:\/\/lightweb.dev\/l\/svm-temp\/artiklar\/ewalds-matbutik-kul-att-handla\/#primaryimage"},"image":{"@id":"https:\/\/lightweb.dev\/l\/svm-temp\/artiklar\/ewalds-matbutik-kul-att-handla\/#primaryimage"},"thumbnailUrl":"https:\/\/lightweb.dev\/l\/svm-temp\/wp-content\/uploads\/2022\/04\/ewalds-matbutik-kul-att-handla.png","datePublished":"2013-11-10T23:00:00+00:00","breadcrumb":{"@id":"https:\/\/lightweb.dev\/l\/svm-temp\/artiklar\/ewalds-matbutik-kul-att-handla\/#breadcrumb"},"inLanguage":"sv-SE","potentialAction":[{"@type":"ReadAction","target":["https:\/\/lightweb.dev\/l\/svm-temp\/artiklar\/ewalds-matbutik-kul-att-handla\/"]}]},{"@type":"ImageObject","inLanguage":"sv-SE","@id":"https:\/\/lightweb.dev\/l\/svm-temp\/artiklar\/ewalds-matbutik-kul-att-handla\/#primaryimage","url":"https:\/\/lightweb.dev\/l\/svm-temp\/wp-content\/uploads\/2022\/04\/ewalds-matbutik-kul-att-handla.png","contentUrl":"https:\/\/lightweb.dev\/l\/svm-temp\/wp-content\/uploads\/2022\/04\/ewalds-matbutik-kul-att-handla.png","width":280,"height":210},{"@type":"BreadcrumbList","@id":"https:\/\/lightweb.dev\/l\/svm-temp\/artiklar\/ewalds-matbutik-kul-att-handla\/#breadcrumb","itemListElement":[{"@type":"ListItem","position":1,"name":"Hem","item":"https:\/\/lightweb.dev\/l\/svm-temp\/"},{"@type":"ListItem","position":2,"name":"Ewalds Matbutik \u2013 kul att handla"}]},{"@type":"WebSite","@id":"https:\/\/lightweb.dev\/l\/svm-temp\/#website","url":"https:\/\/lightweb.dev\/l\/svm-temp\/","name":"Svenska Magasinet","description":"Dina Spanska nyheter p&aring; Svenska","publisher":{"@id":"https:\/\/lightweb.dev\/l\/svm-temp\/#organization"},"potentialAction":[{"@type":"SearchAction","target":{"@type":"EntryPoint","urlTemplate":"https:\/\/lightweb.dev\/l\/svm-temp\/?s={search_term_string}"},"query-input":{"@type":"PropertyValueSpecification","valueRequired":true,"valueName":"search_term_string"}}],"inLanguage":"sv-SE"},{"@type":"Organization","@id":"https:\/\/lightweb.dev\/l\/svm-temp\/#organization","name":"Melkerson y Nott SL","alternateName":"Svenska Magasinet","url":"https:\/\/lightweb.dev\/l\/svm-temp\/","logo":{"@type":"ImageObject","inLanguage":"sv-SE","@id":"https:\/\/lightweb.dev\/l\/svm-temp\/#\/schema\/logo\/image\/","url":"https:\/\/lightweb.dev\/l\/svm-temp\/wp-content\/uploads\/2025\/02\/SvM-logo-Xtra-Centrerad-SVART.png","contentUrl":"https:\/\/lightweb.dev\/l\/svm-temp\/wp-content\/uploads\/2025\/02\/SvM-logo-Xtra-Centrerad-SVART.png","width":300,"height":99,"caption":"Melkerson y Nott SL"},"image":{"@id":"https:\/\/lightweb.dev\/l\/svm-temp\/#\/schema\/logo\/image\/"},"sameAs":["https:\/\/www.facebook.com\/svenskamagasinet","https:\/\/x.com\/SvenskaMagasine"]},{"@type":"Person","@id":"https:\/\/lightweb.dev\/l\/svm-temp\/#\/schema\/person\/206a3bda5b607b0c25e1749191e4d837","name":"Redaktionen SvM","description":"Redaktionen","sameAs":["https:\/\/lightweb.dev\/l\/svm-temp"],"url":"https:\/\/lightweb.dev\/l\/svm-temp\/reporter\/redaktionen\/"}]}},"_links":{"self":[{"href":"https:\/\/lightweb.dev\/l\/svm-temp\/wp-json\/wp\/v2\/posts\/4040","targetHints":{"allow":["GET"]}}],"collection":[{"href":"https:\/\/lightweb.dev\/l\/svm-temp\/wp-json\/wp\/v2\/posts"}],"about":[{"href":"https:\/\/lightweb.dev\/l\/svm-temp\/wp-json\/wp\/v2\/types\/post"}],"author":[{"embeddable":true,"href":"https:\/\/lightweb.dev\/l\/svm-temp\/wp-json\/wp\/v2\/users\/8"}],"replies":[{"embeddable":true,"href":"https:\/\/lightweb.dev\/l\/svm-temp\/wp-json\/wp\/v2\/comments?post=4040"}],"version-history":[{"count":0,"href":"https:\/\/lightweb.dev\/l\/svm-temp\/wp-json\/wp\/v2\/posts\/4040\/revisions"}],"wp:featuredmedia":[{"embeddable":true,"href":"https:\/\/lightweb.dev\/l\/svm-temp\/wp-json\/wp\/v2\/media\/4041"}],"wp:attachment":[{"href":"https:\/\/lightweb.dev\/l\/svm-temp\/wp-json\/wp\/v2\/media?parent=4040"}],"wp:term":[{"taxonomy":"category","embeddable":true,"href":"https:\/\/lightweb.dev\/l\/svm-temp\/wp-json\/wp\/v2\/categories?post=4040"},{"taxonomy":"post_tag","embeddable":true,"href":"https:\/\/lightweb.dev\/l\/svm-temp\/wp-json\/wp\/v2\/tags?post=4040"}],"curies":[{"name":"wp","href":"https:\/\/api.w.org\/{rel}","templated":true}]}}