{"id":4048,"date":"2013-11-07T00:00:00","date_gmt":"2013-11-06T23:00:00","guid":{"rendered":"https:\/\/lightweb.dev\/l\/svm-temp\/lotta-osting-ett-yttre-och-inre-aventyr\/"},"modified":"2013-11-07T00:00:00","modified_gmt":"2013-11-06T23:00:00","slug":"lotta-osting-ett-yttre-och-inre-aventyr","status":"publish","type":"post","link":"https:\/\/lightweb.dev\/l\/svm-temp\/artiklar\/lotta-osting-ett-yttre-och-inre-aventyr\/","title":{"rendered":"Lotta \u00d6sting &#8211; Ett yttre och inre \u00e4ventyr"},"content":{"rendered":"<p> I somras \u00e5kte jag till Los Cabos vid Stilla Havets kust i Mexico f\u00f6r en m\u00e5nads intensiv l\u00e4rarutbildning i Naam-Yoga.Vi steg upp klockan 05.00 f\u00f6r tv\u00e5 timmars meditation innan frukost och sedan f\u00f6ljde teoretiska och praktiska lektioner till solen gick ned. Den inre resan tog sin b\u00f6rjan. Naam-yoga \u00e4r en unik blandning av visdom fr\u00e5n \u00f6st (Yoga) och v\u00e4st (Kabbalah). Genom att sjunga Mantran, b\u00f6ner p\u00e5 ur\u00e5ldriga heliga spr\u00e5k, och samtidigt g\u00f6ra yogar\u00f6relser  och Mudras, handgester, s\u00e5 masseras hj\u00e4rnan b\u00e5de av vibrationer och koordination. Naam-Yoga \u00e4r yoga f\u00f6r hj\u00e4rnan!<br \/>\nF\u00f6r att slutligen ta kontrollen \u00f6ver v\u00e5ra tankar anv\u00e4nder vi oss av andnings\u00f6vningar. Den som  beh\u00e4rskar sin andning beh\u00e4rskar livet sj\u00e4lvt! Med andningen kan vi styra tankarna och d\u00e4rmed k\u00e4nslorna, nervsystemet, hormoner frig\u00f6rs och till sist blodets kemiska balans.<\/p>\n<p>Alla dessa komponenter: Yogar\u00f6relser, Mantran, Mudras samt andnings\u00f6vningar har tillsammans en oerh\u00f6rt kraftfull helande effekt. Genom att vi l\u00f6ser upp blockeringar fysiskt, emotionellt och mentalt s\u00e5 f\u00e5r v\u00e5r egen helande energi fritt fram att hela oss inifr\u00e5n.<\/p>\n<p>V\u00e4lkomna att pr\u00f6va: torsdagar 18.00 &#8211; 19.30 &#8211; det \u00e4r gratis f\u00f6rsta g\u00e5ngen!<\/p>\n<p>Ring till Lotta \u00d6sting tel 617 22 00 31. Leg naprapat och akupunkt\u00f6r samt naam-yoga l\u00e4rare.<\/p>\n","protected":false},"excerpt":{"rendered":"<p>I somras \u00e5kte jag till Los Cabos vid Stilla Havets kust i Mexico f\u00f6r en m\u00e5nads intensiv l\u00e4rarutbildning i Naam-Yoga.Vi steg upp klockan 05.00 f\u00f6r tv\u00e5 timmars meditation innan frukost och sedan f\u00f6ljde teoretiska och praktiska lektioner till solen gick ned. Den inre resan tog sin b\u00f6rjan. Naam-yoga \u00e4r en unik blandning av visdom fr\u00e5n [&hellip;]<\/p>\n","protected":false},"author":8,"featured_media":0,"comment_status":"open","ping_status":"open","sticky":false,"template":"","format":"standard","meta":{"_et_pb_use_builder":"","_et_pb_old_content":"","_et_gb_content_width":"","footnotes":""},"categories":[396,4],"tags":[],"class_list":["post-4048","post","type-post","status-publish","format-standard","hentry","category-arkiv-artiklar","category-artiklar"],"yoast_head":"<!-- This site is optimized with the Yoast SEO Premium plugin v26.2 (Yoast SEO v27.5) - https:\/\/yoast.com\/product\/yoast-seo-premium-wordpress\/ -->\n<title>Lotta \u00d6sting - Ett yttre och inre \u00e4ventyr - Svenska Magasinet<\/title>\n<meta name=\"robots\" content=\"noindex, follow, max-snippet:-1, max-image-preview:large, max-video-preview:-1\" \/>\n<meta property=\"og:locale\" content=\"sv_SE\" \/>\n<meta property=\"og:type\" content=\"article\" \/>\n<meta property=\"og:title\" content=\"Lotta \u00d6sting - Ett yttre och inre \u00e4ventyr\" \/>\n<meta property=\"og:description\" content=\"I somras \u00e5kte jag till Los Cabos vid Stilla Havets kust i Mexico f\u00f6r en m\u00e5nads intensiv l\u00e4rarutbildning i Naam-Yoga.Vi steg upp klockan 05.00 f\u00f6r tv\u00e5 timmars meditation innan frukost och sedan f\u00f6ljde teoretiska och praktiska lektioner till solen gick ned. Den inre resan tog sin b\u00f6rjan. Naam-yoga \u00e4r en unik blandning av visdom fr\u00e5n [&hellip;]\" \/>\n<meta property=\"og:url\" content=\"https:\/\/lightweb.dev\/l\/svm-temp\/artiklar\/lotta-osting-ett-yttre-och-inre-aventyr\/\" \/>\n<meta property=\"og:site_name\" content=\"Svenska Magasinet\" \/>\n<meta property=\"article:publisher\" content=\"https:\/\/www.facebook.com\/svenskamagasinet\" \/>\n<meta property=\"article:published_time\" content=\"2013-11-06T23:00:00+00:00\" \/>\n<meta name=\"author\" content=\"Redaktionen SvM\" \/>\n<meta name=\"twitter:card\" content=\"summary_large_image\" \/>\n<meta name=\"twitter:creator\" content=\"@SvenskaMagasine\" \/>\n<meta name=\"twitter:site\" content=\"@SvenskaMagasine\" \/>\n<script type=\"application\/ld+json\" class=\"yoast-schema-graph\">{\"@context\":\"https:\\\/\\\/schema.org\",\"@graph\":[{\"@type\":\"Article\",\"@id\":\"https:\\\/\\\/lightweb.dev\\\/l\\\/svm-temp\\\/artiklar\\\/lotta-osting-ett-yttre-och-inre-aventyr\\\/#article\",\"isPartOf\":{\"@id\":\"https:\\\/\\\/lightweb.dev\\\/l\\\/svm-temp\\\/artiklar\\\/lotta-osting-ett-yttre-och-inre-aventyr\\\/\"},\"author\":{\"name\":\"Redaktionen SvM\",\"@id\":\"https:\\\/\\\/lightweb.dev\\\/l\\\/svm-temp\\\/#\\\/schema\\\/person\\\/206a3bda5b607b0c25e1749191e4d837\"},\"headline\":\"Lotta \u00d6sting &#8211; Ett yttre och inre \u00e4ventyr\",\"datePublished\":\"2013-11-06T23:00:00+00:00\",\"mainEntityOfPage\":{\"@id\":\"https:\\\/\\\/lightweb.dev\\\/l\\\/svm-temp\\\/artiklar\\\/lotta-osting-ett-yttre-och-inre-aventyr\\\/\"},\"wordCount\":236,\"commentCount\":0,\"publisher\":{\"@id\":\"https:\\\/\\\/lightweb.dev\\\/l\\\/svm-temp\\\/#organization\"},\"articleSection\":[\"Arkiv\",\"Artiklar\"],\"inLanguage\":\"sv-SE\"},{\"@type\":\"WebPage\",\"@id\":\"https:\\\/\\\/lightweb.dev\\\/l\\\/svm-temp\\\/artiklar\\\/lotta-osting-ett-yttre-och-inre-aventyr\\\/\",\"url\":\"https:\\\/\\\/lightweb.dev\\\/l\\\/svm-temp\\\/artiklar\\\/lotta-osting-ett-yttre-och-inre-aventyr\\\/\",\"name\":\"Lotta \u00d6sting - Ett yttre och inre \u00e4ventyr - Svenska Magasinet\",\"isPartOf\":{\"@id\":\"https:\\\/\\\/lightweb.dev\\\/l\\\/svm-temp\\\/#website\"},\"datePublished\":\"2013-11-06T23:00:00+00:00\",\"breadcrumb\":{\"@id\":\"https:\\\/\\\/lightweb.dev\\\/l\\\/svm-temp\\\/artiklar\\\/lotta-osting-ett-yttre-och-inre-aventyr\\\/#breadcrumb\"},\"inLanguage\":\"sv-SE\",\"potentialAction\":[{\"@type\":\"ReadAction\",\"target\":[\"https:\\\/\\\/lightweb.dev\\\/l\\\/svm-temp\\\/artiklar\\\/lotta-osting-ett-yttre-och-inre-aventyr\\\/\"]}]},{\"@type\":\"BreadcrumbList\",\"@id\":\"https:\\\/\\\/lightweb.dev\\\/l\\\/svm-temp\\\/artiklar\\\/lotta-osting-ett-yttre-och-inre-aventyr\\\/#breadcrumb\",\"itemListElement\":[{\"@type\":\"ListItem\",\"position\":1,\"name\":\"Hem\",\"item\":\"https:\\\/\\\/lightweb.dev\\\/l\\\/svm-temp\\\/\"},{\"@type\":\"ListItem\",\"position\":2,\"name\":\"Lotta \u00d6sting &#8211; Ett yttre och inre \u00e4ventyr\"}]},{\"@type\":\"WebSite\",\"@id\":\"https:\\\/\\\/lightweb.dev\\\/l\\\/svm-temp\\\/#website\",\"url\":\"https:\\\/\\\/lightweb.dev\\\/l\\\/svm-temp\\\/\",\"name\":\"Svenska Magasinet\",\"description\":\"Dina Spanska nyheter p&aring; Svenska\",\"publisher\":{\"@id\":\"https:\\\/\\\/lightweb.dev\\\/l\\\/svm-temp\\\/#organization\"},\"potentialAction\":[{\"@type\":\"SearchAction\",\"target\":{\"@type\":\"EntryPoint\",\"urlTemplate\":\"https:\\\/\\\/lightweb.dev\\\/l\\\/svm-temp\\\/?s={search_term_string}\"},\"query-input\":{\"@type\":\"PropertyValueSpecification\",\"valueRequired\":true,\"valueName\":\"search_term_string\"}}],\"inLanguage\":\"sv-SE\"},{\"@type\":\"Organization\",\"@id\":\"https:\\\/\\\/lightweb.dev\\\/l\\\/svm-temp\\\/#organization\",\"name\":\"Melkerson y Nott SL\",\"alternateName\":\"Svenska Magasinet\",\"url\":\"https:\\\/\\\/lightweb.dev\\\/l\\\/svm-temp\\\/\",\"logo\":{\"@type\":\"ImageObject\",\"inLanguage\":\"sv-SE\",\"@id\":\"https:\\\/\\\/lightweb.dev\\\/l\\\/svm-temp\\\/#\\\/schema\\\/logo\\\/image\\\/\",\"url\":\"https:\\\/\\\/lightweb.dev\\\/l\\\/svm-temp\\\/wp-content\\\/uploads\\\/2025\\\/02\\\/SvM-logo-Xtra-Centrerad-SVART.png\",\"contentUrl\":\"https:\\\/\\\/lightweb.dev\\\/l\\\/svm-temp\\\/wp-content\\\/uploads\\\/2025\\\/02\\\/SvM-logo-Xtra-Centrerad-SVART.png\",\"width\":300,\"height\":99,\"caption\":\"Melkerson y Nott SL\"},\"image\":{\"@id\":\"https:\\\/\\\/lightweb.dev\\\/l\\\/svm-temp\\\/#\\\/schema\\\/logo\\\/image\\\/\"},\"sameAs\":[\"https:\\\/\\\/www.facebook.com\\\/svenskamagasinet\",\"https:\\\/\\\/x.com\\\/SvenskaMagasine\"]},{\"@type\":\"Person\",\"@id\":\"https:\\\/\\\/lightweb.dev\\\/l\\\/svm-temp\\\/#\\\/schema\\\/person\\\/206a3bda5b607b0c25e1749191e4d837\",\"name\":\"Redaktionen SvM\",\"description\":\"Redaktionen\",\"sameAs\":[\"https:\\\/\\\/lightweb.dev\\\/l\\\/svm-temp\"],\"url\":\"https:\\\/\\\/lightweb.dev\\\/l\\\/svm-temp\\\/reporter\\\/redaktionen\\\/\"}]}<\/script>\n<!-- \/ Yoast SEO Premium plugin. -->","yoast_head_json":{"title":"Lotta \u00d6sting - Ett yttre och inre \u00e4ventyr - Svenska Magasinet","robots":{"index":"noindex","follow":"follow","max-snippet":"max-snippet:-1","max-image-preview":"max-image-preview:large","max-video-preview":"max-video-preview:-1"},"og_locale":"sv_SE","og_type":"article","og_title":"Lotta \u00d6sting - Ett yttre och inre \u00e4ventyr","og_description":"I somras \u00e5kte jag till Los Cabos vid Stilla Havets kust i Mexico f\u00f6r en m\u00e5nads intensiv l\u00e4rarutbildning i Naam-Yoga.Vi steg upp klockan 05.00 f\u00f6r tv\u00e5 timmars meditation innan frukost och sedan f\u00f6ljde teoretiska och praktiska lektioner till solen gick ned. Den inre resan tog sin b\u00f6rjan. Naam-yoga \u00e4r en unik blandning av visdom fr\u00e5n [&hellip;]","og_url":"https:\/\/lightweb.dev\/l\/svm-temp\/artiklar\/lotta-osting-ett-yttre-och-inre-aventyr\/","og_site_name":"Svenska Magasinet","article_publisher":"https:\/\/www.facebook.com\/svenskamagasinet","article_published_time":"2013-11-06T23:00:00+00:00","author":"Redaktionen SvM","twitter_card":"summary_large_image","twitter_creator":"@SvenskaMagasine","twitter_site":"@SvenskaMagasine","schema":{"@context":"https:\/\/schema.org","@graph":[{"@type":"Article","@id":"https:\/\/lightweb.dev\/l\/svm-temp\/artiklar\/lotta-osting-ett-yttre-och-inre-aventyr\/#article","isPartOf":{"@id":"https:\/\/lightweb.dev\/l\/svm-temp\/artiklar\/lotta-osting-ett-yttre-och-inre-aventyr\/"},"author":{"name":"Redaktionen SvM","@id":"https:\/\/lightweb.dev\/l\/svm-temp\/#\/schema\/person\/206a3bda5b607b0c25e1749191e4d837"},"headline":"Lotta \u00d6sting &#8211; Ett yttre och inre \u00e4ventyr","datePublished":"2013-11-06T23:00:00+00:00","mainEntityOfPage":{"@id":"https:\/\/lightweb.dev\/l\/svm-temp\/artiklar\/lotta-osting-ett-yttre-och-inre-aventyr\/"},"wordCount":236,"commentCount":0,"publisher":{"@id":"https:\/\/lightweb.dev\/l\/svm-temp\/#organization"},"articleSection":["Arkiv","Artiklar"],"inLanguage":"sv-SE"},{"@type":"WebPage","@id":"https:\/\/lightweb.dev\/l\/svm-temp\/artiklar\/lotta-osting-ett-yttre-och-inre-aventyr\/","url":"https:\/\/lightweb.dev\/l\/svm-temp\/artiklar\/lotta-osting-ett-yttre-och-inre-aventyr\/","name":"Lotta \u00d6sting - Ett yttre och inre \u00e4ventyr - Svenska Magasinet","isPartOf":{"@id":"https:\/\/lightweb.dev\/l\/svm-temp\/#website"},"datePublished":"2013-11-06T23:00:00+00:00","breadcrumb":{"@id":"https:\/\/lightweb.dev\/l\/svm-temp\/artiklar\/lotta-osting-ett-yttre-och-inre-aventyr\/#breadcrumb"},"inLanguage":"sv-SE","potentialAction":[{"@type":"ReadAction","target":["https:\/\/lightweb.dev\/l\/svm-temp\/artiklar\/lotta-osting-ett-yttre-och-inre-aventyr\/"]}]},{"@type":"BreadcrumbList","@id":"https:\/\/lightweb.dev\/l\/svm-temp\/artiklar\/lotta-osting-ett-yttre-och-inre-aventyr\/#breadcrumb","itemListElement":[{"@type":"ListItem","position":1,"name":"Hem","item":"https:\/\/lightweb.dev\/l\/svm-temp\/"},{"@type":"ListItem","position":2,"name":"Lotta \u00d6sting &#8211; Ett yttre och inre \u00e4ventyr"}]},{"@type":"WebSite","@id":"https:\/\/lightweb.dev\/l\/svm-temp\/#website","url":"https:\/\/lightweb.dev\/l\/svm-temp\/","name":"Svenska Magasinet","description":"Dina Spanska nyheter p&aring; Svenska","publisher":{"@id":"https:\/\/lightweb.dev\/l\/svm-temp\/#organization"},"potentialAction":[{"@type":"SearchAction","target":{"@type":"EntryPoint","urlTemplate":"https:\/\/lightweb.dev\/l\/svm-temp\/?s={search_term_string}"},"query-input":{"@type":"PropertyValueSpecification","valueRequired":true,"valueName":"search_term_string"}}],"inLanguage":"sv-SE"},{"@type":"Organization","@id":"https:\/\/lightweb.dev\/l\/svm-temp\/#organization","name":"Melkerson y Nott SL","alternateName":"Svenska Magasinet","url":"https:\/\/lightweb.dev\/l\/svm-temp\/","logo":{"@type":"ImageObject","inLanguage":"sv-SE","@id":"https:\/\/lightweb.dev\/l\/svm-temp\/#\/schema\/logo\/image\/","url":"https:\/\/lightweb.dev\/l\/svm-temp\/wp-content\/uploads\/2025\/02\/SvM-logo-Xtra-Centrerad-SVART.png","contentUrl":"https:\/\/lightweb.dev\/l\/svm-temp\/wp-content\/uploads\/2025\/02\/SvM-logo-Xtra-Centrerad-SVART.png","width":300,"height":99,"caption":"Melkerson y Nott SL"},"image":{"@id":"https:\/\/lightweb.dev\/l\/svm-temp\/#\/schema\/logo\/image\/"},"sameAs":["https:\/\/www.facebook.com\/svenskamagasinet","https:\/\/x.com\/SvenskaMagasine"]},{"@type":"Person","@id":"https:\/\/lightweb.dev\/l\/svm-temp\/#\/schema\/person\/206a3bda5b607b0c25e1749191e4d837","name":"Redaktionen SvM","description":"Redaktionen","sameAs":["https:\/\/lightweb.dev\/l\/svm-temp"],"url":"https:\/\/lightweb.dev\/l\/svm-temp\/reporter\/redaktionen\/"}]}},"_links":{"self":[{"href":"https:\/\/lightweb.dev\/l\/svm-temp\/wp-json\/wp\/v2\/posts\/4048","targetHints":{"allow":["GET"]}}],"collection":[{"href":"https:\/\/lightweb.dev\/l\/svm-temp\/wp-json\/wp\/v2\/posts"}],"about":[{"href":"https:\/\/lightweb.dev\/l\/svm-temp\/wp-json\/wp\/v2\/types\/post"}],"author":[{"embeddable":true,"href":"https:\/\/lightweb.dev\/l\/svm-temp\/wp-json\/wp\/v2\/users\/8"}],"replies":[{"embeddable":true,"href":"https:\/\/lightweb.dev\/l\/svm-temp\/wp-json\/wp\/v2\/comments?post=4048"}],"version-history":[{"count":0,"href":"https:\/\/lightweb.dev\/l\/svm-temp\/wp-json\/wp\/v2\/posts\/4048\/revisions"}],"wp:attachment":[{"href":"https:\/\/lightweb.dev\/l\/svm-temp\/wp-json\/wp\/v2\/media?parent=4048"}],"wp:term":[{"taxonomy":"category","embeddable":true,"href":"https:\/\/lightweb.dev\/l\/svm-temp\/wp-json\/wp\/v2\/categories?post=4048"},{"taxonomy":"post_tag","embeddable":true,"href":"https:\/\/lightweb.dev\/l\/svm-temp\/wp-json\/wp\/v2\/tags?post=4048"}],"curies":[{"name":"wp","href":"https:\/\/api.w.org\/{rel}","templated":true}]}}