{"id":4049,"date":"2013-10-30T00:00:00","date_gmt":"2013-10-29T23:00:00","guid":{"rendered":"https:\/\/lightweb.dev\/l\/svm-temp\/res-med-till-meknes-och-marocko\/"},"modified":"2013-10-30T00:00:00","modified_gmt":"2013-10-29T23:00:00","slug":"res-med-till-meknes-och-marocko","status":"publish","type":"post","link":"https:\/\/lightweb.dev\/l\/svm-temp\/artiklar\/res-med-till-meknes-och-marocko\/","title":{"rendered":"Res med till Meknes och Marocko"},"content":{"rendered":"<p> Marockoresan \u00e4r mellan den 12 till 16 november med guiden Siv B. Ling och vi bes\u00f6ker Chefchaouen, Meknes, Volubilis, Fes, Rabat och Tanger under fyra n\u00e4tter och fem dagar med buss. Programtext: Siv B. Ling<\/p>\n<p>Upplev \u201dden g\u00e5tfulla staden\u201d Fes, Marockos  kulturella centrum, som tj\u00e4nstgjort som landets huvudstad l\u00e4ngre \u00e4n n\u00e5gon annan stad och \u00e4r Marockos \u00e4ldsta kungastad. I Meknes bor vi 2 n\u00e4tter p\u00e5 ett av de trivsammaste hotell jag vet, hotell Transatlantique, (60 km fr\u00e5n Fes).<\/p>\n<p>Fr\u00e5n hotellet har vi en fantastisk utsikt \u00f6ver Meknes medina och ringmur. Under resan bes\u00f6ker vi ruinerna efter den romerska handelsstaden Vouloubilis. I den kungliga huvudstaden Rabat g\u00f6r vi stadsrundtur och \u00e4ter gemensam lunch innan vi forts\u00e4tter till Tanger d\u00e4r vi har sista \u00f6vernattningen. Under hela resan har vi gemensamma luncher som ing\u00e5r,  vi tycker det \u00e4r viktigt att komma till dukade bord n\u00e4r  man reser, ist\u00e4llet f\u00f6r att beh\u00f6va leta efter restauranger p\u00e5 fr\u00e4mmande platser och l\u00e4sa menuer som man kanske inte f\u00f6rst\u00e5r.<\/p>\n<p>Det \u00e4r ocks\u00e5 viktigt att dagsetapperna med buss inte blir f\u00f6r l\u00e5nga, fr\u00e5n den nya hamnen utanf\u00f6r Tanger k\u00f6r vi 60 km  den f\u00f6rsta dagen och stannar i den charmiga staden  Chefchaouen d\u00e4r gemensam lunch v\u00e4ntar.<\/p>\n<p>Vi \u00e4gnar sedan hela eftermiddagen till att utforska staden och har tid p\u00e5 egen hand f\u00f6r eventuell shopping. N\u00e4sta dags bussresa \u00e4r totalt 202 km mellan Chefchaouen och Meknes, och 4:de dagens bussetapp \u00e4r 138 km Meknes \u2013 Rabat och slutligen Rabat \u2013 Tanger 278 km p\u00e5 motorv\u00e4g efter lunch.<\/p>\n<p>Dag 1-  12\/11\/2013 (tisdag) : Costa del Sol \u2013 Algeciras &#8211; Tanger Port Med \u2013 Chefchaouen<br \/>\nVi samlar upp med bussen utefter Costa del Sol till hamnstaden Algeciras d\u00e4r vi tar f\u00e4rjan \u00f6ver Gibraltarsundet till den nya hamnen i Nordafrika, Tanger Med.  Fr\u00e5n hamnen forts\u00e4tter vi med buss (ca 60 km) upp i Rifbergen med sitt storslagna landskap, till en av nordmarockos mest charmerande och pittoreska st\u00e4der, Chefchaouen som \u00e4r bel\u00e4gen \u00f6ver 600 m \u00f6 h.<br \/>\nH\u00e4r \u00e4ter vi dagens lunch p\u00e5 en typisk marokansk restaurang innan vi g\u00f6r en gemensam promenad f\u00f6r att beundra den natursk\u00f6na vy som staden bjuder p\u00e5. Vi bes\u00f6ker inga monument, men vi ser ist\u00e4llet hur m\u00e4nniskorna lever i dessa sm\u00e5 bergsbyar. Tiden skruvas flera \u00e5rhundranden tillbaka. Vi ser barn till och fr\u00e5n koranskolan, tv\u00e4tterskor, \u00e5snor med gasflaskor p\u00e5 ryggen f\u00f6r leverans till de bl\u00e5m\u00e5lade husen, det gemensamma bageriet och mycket annat. Vi har ocks\u00e5 fri tid p\u00e5 egen hand, kanske vi vill sitta p\u00e5 en av de m\u00e5nga utekaf\u00e9 som finns p\u00e5 torget, eller g\u00e5 in i Medinan f\u00f6r att handla. Middag och \u00f6vernattning p\u00e5 hotel el Parador i centrum.<\/p>\n<p>Dag 2. 13\/11\/2013  (onsdag): Chefchaouen \u2013 Vouloubilis &#8211; Meknes<br \/>\nEfter frukost p\u00e5 hotellet forts\u00e4tter vi ca 200 km till den 2.000 \u00e5riga romerska handelsstaden Vouloubilis, som idag \u00e4r en ruinstad med resterna av capitolium, basilikan, badanl\u00e4ggningar, pelarg\u00e5ngar, framgr\u00e4vda stenlagda gator d\u00e4r man ser sp\u00e5r efter hjul som rullade fram h\u00e4r f\u00f6r 2.000 \u00e5r sedan,  en imponerande triumfb\u00e5ge och m\u00e5nga vackra mosaikgolv i bostadshusen.  Vi g\u00f6r ett uppeh\u00e5ll och beundrar ruinerna innan vi forts\u00e4tter 38 km till Meknes. D\u00e4r  \u00e4ter vi p\u00e5 en restaurang som ligger vid Place al Hedime, framf\u00f6r Marockos vackraste port, Bab Al Mansour.<br \/>\nEfter den gemensamma lunchen tittar vi p\u00e5 stadens sev\u00e4rdheter, bl a Moulay Ismails, (den blodige sultanen) grav, Ville Imperiale, slottsomr\u00e5det med den enorma bass\u00e4ngen och stallarna med plats f\u00f6r 12.000 h\u00e4star.<\/p>\n<p>Meknes som \u00e4r den fj\u00e4rde av Marockos kungast\u00e4der blomstrade upp i slutet av 1600-talet, d\u00e5 som huvudstad f\u00f6r den m\u00e4ktige sultanen Moulay Ismail, bror och eftertr\u00e4dare till den f\u00f6rste sultanen av alaouiternas \u00e4tt, (den nuvarande kungadynastin i Marocko).  I Meknes l\u00e4t denna sultan bygga upp ett palats som skulle \u00f6vertr\u00e4ffa tidigare h\u00e4rskares palats, som f\u00f6rebild hade han Versailles i Frankrike. Middag och \u00f6vernattning p\u00e5 det trivsamma hotell Transatlantique med en vacker tr\u00e4dg\u00e5rd och som har en fantastisk utsikt \u00f6ver medinan och ringmuren.<\/p>\n<p>Dag 3. 14\/11\/2013 (torsdag) : Meknes-Fes-Meknes<br \/>\nEfter frukost \u00e5ker vi ca 60 km till Fes, Marockos kulturella centrum. D\u00e4r b\u00f6rjar vi med en panoramatur med bussen s\u00e5 att vi kan se Marockos st\u00f6rsta Medina fr\u00e5n ovan, vi stannar ocks\u00e5 framf\u00f6r det kungliga slottet f\u00f6r att beundra de sju portarna i brons, (senare bes\u00f6ker vi hantverksboden d\u00e4r de tillverkats). Den st\u00f6rre delen av bes\u00f6ket \u00e4gnar vi \u00e5t Medinan som \u00e4r en labyrint med smala gator och gr\u00e4nder, h\u00e4r ligger t ex Karouianmosk\u00e9n som byggdes f\u00f6r \u00f6ver tusen \u00e5r sedan, och som genom alla \u00e5rhundraden varit h\u00f6gborgen f\u00f6r teologiska studier i Marocko, vi kommer att tr\u00e4ngas med en st\u00e4ndig str\u00f6m av m\u00e4nniskor, ett gatuliv som \u00e4r of\u00f6r\u00e4ndrat sedan mer \u00e4n 1000 \u00e5r. Lunchen som best\u00e5r av Marokanska specialiteter \u00e4ter vi inne i Medinan. Middag och \u00f6vernattning p\u00e5 hotell Transatlantique, Meknes<br \/>\n  Dag  4. 15\/11\/2013 (fredag) : Meknes\/Rabat\/Tanger<br \/>\nFrukost p\u00e5 hotellet innan vi \u00e5ker ca 138 km till den Kungliga huvudstaden Rabat d\u00e4r vi g\u00f6r en stadsrundtur och bl a bes\u00f6ker borgg\u00e5rden med det kungliga slottet, Tour Hassan, Muhammed V:s Mausoleum och de vackra Chellahs tr\u00e4dg\u00e5rdar, d\u00e4r det en g\u00e5ng l\u00e5g en punisk koloni. Dagens lunch \u00e4ter vi i Rabat innan vi forts\u00e4tter norrut till Tanger (278 km). Middag och \u00f6vernattning p\u00e5 hotell Rembrandt i Tanger.<\/p>\n<p>Dag 5-16\/11\/2013 (l\u00f6rdag): Tanger-Algeciras.<br \/>\nFrukost p\u00e5 hotellet innan vi b\u00f6rjar v\u00e5r panoramarundtur med buss i Tanger, d\u00e5 vi bl annat \u00e5ker ut till Herkulesgrotterna. Vi g\u00e5r sedan genom Tangers sp\u00e4nnande Kasbah och Medina, d\u00e4r vi ocks\u00e5 \u00e4ter lunch innan vi \u00e5ker en mycket vacker v\u00e4g utefter Afrikas nordkust d\u00e4r vi f\u00f6ljer Gibraltarsundet till den nya hamnen Port Med Tanger d\u00e4r vi tar f\u00e4rja till  Algeciras.<br \/>\nFr\u00e5n Algeciras k\u00f6r vi tillbaka till Costa del Sol.<\/p>\n<p>PRIS:  544.00 Euros per person i dubbelrum. Till\u00e4gg f\u00f6r enkelrum: 72.00 Euros<br \/>\nI priset ing\u00e5r: Buss Costa del Sol\/Algeciras\/Costa del Sol   + buss i Marocko<br \/>\nF\u00e4rjbiljetter Algeciras \u2013 Tanger Med \u2013 Algeciras<br \/>\n4 n\u00e4tter p\u00e5 3*** och 4**** hotel med middag + 5 luncher p\u00e5 restauranger<br \/>\nSvensk guide under hela resan, Siv Ling<br \/>\nEntr\u00e9er till de monument som st\u00e5r i programmet<br \/>\nMarokansk guide d\u00e4r det \u00e4r obligatoriskt.<br \/>\nIng\u00e5r ej i priset: Dricka till maten och dricks.<\/p>\n","protected":false},"excerpt":{"rendered":"<p>Marockoresan \u00e4r mellan den 12 till 16 november med guiden Siv B. Ling och vi bes\u00f6ker Chefchaouen, Meknes, Volubilis, Fes, Rabat och Tanger under fyra n\u00e4tter och fem dagar med buss. Programtext: Siv B. Ling Upplev \u201dden g\u00e5tfulla staden\u201d Fes, Marockos kulturella centrum, som tj\u00e4nstgjort som landets huvudstad l\u00e4ngre \u00e4n n\u00e5gon annan stad och \u00e4r [&hellip;]<\/p>\n","protected":false},"author":8,"featured_media":4050,"comment_status":"open","ping_status":"open","sticky":false,"template":"","format":"standard","meta":{"_et_pb_use_builder":"","_et_pb_old_content":"","_et_gb_content_width":"","footnotes":""},"categories":[4,45],"tags":[],"class_list":["post-4049","post","type-post","status-publish","format-standard","has-post-thumbnail","hentry","category-artiklar","category-kultur"],"yoast_head":"<!-- This site is optimized with the Yoast SEO Premium plugin v26.2 (Yoast SEO v27.5) - https:\/\/yoast.com\/product\/yoast-seo-premium-wordpress\/ -->\n<title>Res med till Meknes och Marocko - Svenska Magasinet<\/title>\n<meta name=\"robots\" content=\"noindex, follow, max-snippet:-1, max-image-preview:large, max-video-preview:-1\" \/>\n<meta property=\"og:locale\" content=\"sv_SE\" \/>\n<meta property=\"og:type\" content=\"article\" \/>\n<meta property=\"og:title\" content=\"Res med till Meknes och Marocko\" \/>\n<meta property=\"og:description\" content=\"Marockoresan \u00e4r mellan den 12 till 16 november med guiden Siv B. Ling och vi bes\u00f6ker Chefchaouen, Meknes, Volubilis, Fes, Rabat och Tanger under fyra n\u00e4tter och fem dagar med buss. Programtext: Siv B. Ling Upplev \u201dden g\u00e5tfulla staden\u201d Fes, Marockos kulturella centrum, som tj\u00e4nstgjort som landets huvudstad l\u00e4ngre \u00e4n n\u00e5gon annan stad och \u00e4r [&hellip;]\" \/>\n<meta property=\"og:url\" content=\"https:\/\/lightweb.dev\/l\/svm-temp\/artiklar\/res-med-till-meknes-och-marocko\/\" \/>\n<meta property=\"og:site_name\" content=\"Svenska Magasinet\" \/>\n<meta property=\"article:publisher\" content=\"https:\/\/www.facebook.com\/svenskamagasinet\" \/>\n<meta property=\"article:published_time\" content=\"2013-10-29T23:00:00+00:00\" \/>\n<meta property=\"og:image\" content=\"https:\/\/lightweb.dev\/l\/svm-temp\/wp-content\/uploads\/2022\/04\/res-med-till-meknes-och-marocko.png\" \/>\n\t<meta property=\"og:image:width\" content=\"303\" \/>\n\t<meta property=\"og:image:height\" content=\"200\" \/>\n\t<meta property=\"og:image:type\" content=\"image\/png\" \/>\n<meta name=\"author\" content=\"Redaktionen SvM\" \/>\n<meta name=\"twitter:card\" content=\"summary_large_image\" \/>\n<meta name=\"twitter:creator\" content=\"@SvenskaMagasine\" \/>\n<meta name=\"twitter:site\" content=\"@SvenskaMagasine\" \/>\n<script type=\"application\/ld+json\" class=\"yoast-schema-graph\">{\"@context\":\"https:\\\/\\\/schema.org\",\"@graph\":[{\"@type\":\"Article\",\"@id\":\"https:\\\/\\\/lightweb.dev\\\/l\\\/svm-temp\\\/artiklar\\\/res-med-till-meknes-och-marocko\\\/#article\",\"isPartOf\":{\"@id\":\"https:\\\/\\\/lightweb.dev\\\/l\\\/svm-temp\\\/artiklar\\\/res-med-till-meknes-och-marocko\\\/\"},\"author\":{\"name\":\"Redaktionen SvM\",\"@id\":\"https:\\\/\\\/lightweb.dev\\\/l\\\/svm-temp\\\/#\\\/schema\\\/person\\\/206a3bda5b607b0c25e1749191e4d837\"},\"headline\":\"Res med till Meknes och Marocko\",\"datePublished\":\"2013-10-29T23:00:00+00:00\",\"mainEntityOfPage\":{\"@id\":\"https:\\\/\\\/lightweb.dev\\\/l\\\/svm-temp\\\/artiklar\\\/res-med-till-meknes-och-marocko\\\/\"},\"wordCount\":1111,\"commentCount\":0,\"publisher\":{\"@id\":\"https:\\\/\\\/lightweb.dev\\\/l\\\/svm-temp\\\/#organization\"},\"image\":{\"@id\":\"https:\\\/\\\/lightweb.dev\\\/l\\\/svm-temp\\\/artiklar\\\/res-med-till-meknes-och-marocko\\\/#primaryimage\"},\"thumbnailUrl\":\"https:\\\/\\\/lightweb.dev\\\/l\\\/svm-temp\\\/wp-content\\\/uploads\\\/2022\\\/04\\\/res-med-till-meknes-och-marocko.png\",\"articleSection\":[\"Artiklar\",\"Kultur &amp; historia\"],\"inLanguage\":\"sv-SE\"},{\"@type\":\"WebPage\",\"@id\":\"https:\\\/\\\/lightweb.dev\\\/l\\\/svm-temp\\\/artiklar\\\/res-med-till-meknes-och-marocko\\\/\",\"url\":\"https:\\\/\\\/lightweb.dev\\\/l\\\/svm-temp\\\/artiklar\\\/res-med-till-meknes-och-marocko\\\/\",\"name\":\"Res med till Meknes och Marocko - Svenska Magasinet\",\"isPartOf\":{\"@id\":\"https:\\\/\\\/lightweb.dev\\\/l\\\/svm-temp\\\/#website\"},\"primaryImageOfPage\":{\"@id\":\"https:\\\/\\\/lightweb.dev\\\/l\\\/svm-temp\\\/artiklar\\\/res-med-till-meknes-och-marocko\\\/#primaryimage\"},\"image\":{\"@id\":\"https:\\\/\\\/lightweb.dev\\\/l\\\/svm-temp\\\/artiklar\\\/res-med-till-meknes-och-marocko\\\/#primaryimage\"},\"thumbnailUrl\":\"https:\\\/\\\/lightweb.dev\\\/l\\\/svm-temp\\\/wp-content\\\/uploads\\\/2022\\\/04\\\/res-med-till-meknes-och-marocko.png\",\"datePublished\":\"2013-10-29T23:00:00+00:00\",\"breadcrumb\":{\"@id\":\"https:\\\/\\\/lightweb.dev\\\/l\\\/svm-temp\\\/artiklar\\\/res-med-till-meknes-och-marocko\\\/#breadcrumb\"},\"inLanguage\":\"sv-SE\",\"potentialAction\":[{\"@type\":\"ReadAction\",\"target\":[\"https:\\\/\\\/lightweb.dev\\\/l\\\/svm-temp\\\/artiklar\\\/res-med-till-meknes-och-marocko\\\/\"]}]},{\"@type\":\"ImageObject\",\"inLanguage\":\"sv-SE\",\"@id\":\"https:\\\/\\\/lightweb.dev\\\/l\\\/svm-temp\\\/artiklar\\\/res-med-till-meknes-och-marocko\\\/#primaryimage\",\"url\":\"https:\\\/\\\/lightweb.dev\\\/l\\\/svm-temp\\\/wp-content\\\/uploads\\\/2022\\\/04\\\/res-med-till-meknes-och-marocko.png\",\"contentUrl\":\"https:\\\/\\\/lightweb.dev\\\/l\\\/svm-temp\\\/wp-content\\\/uploads\\\/2022\\\/04\\\/res-med-till-meknes-och-marocko.png\",\"width\":303,\"height\":200},{\"@type\":\"BreadcrumbList\",\"@id\":\"https:\\\/\\\/lightweb.dev\\\/l\\\/svm-temp\\\/artiklar\\\/res-med-till-meknes-och-marocko\\\/#breadcrumb\",\"itemListElement\":[{\"@type\":\"ListItem\",\"position\":1,\"name\":\"Hem\",\"item\":\"https:\\\/\\\/lightweb.dev\\\/l\\\/svm-temp\\\/\"},{\"@type\":\"ListItem\",\"position\":2,\"name\":\"Res med till Meknes och Marocko\"}]},{\"@type\":\"WebSite\",\"@id\":\"https:\\\/\\\/lightweb.dev\\\/l\\\/svm-temp\\\/#website\",\"url\":\"https:\\\/\\\/lightweb.dev\\\/l\\\/svm-temp\\\/\",\"name\":\"Svenska Magasinet\",\"description\":\"Dina Spanska nyheter p&aring; Svenska\",\"publisher\":{\"@id\":\"https:\\\/\\\/lightweb.dev\\\/l\\\/svm-temp\\\/#organization\"},\"potentialAction\":[{\"@type\":\"SearchAction\",\"target\":{\"@type\":\"EntryPoint\",\"urlTemplate\":\"https:\\\/\\\/lightweb.dev\\\/l\\\/svm-temp\\\/?s={search_term_string}\"},\"query-input\":{\"@type\":\"PropertyValueSpecification\",\"valueRequired\":true,\"valueName\":\"search_term_string\"}}],\"inLanguage\":\"sv-SE\"},{\"@type\":\"Organization\",\"@id\":\"https:\\\/\\\/lightweb.dev\\\/l\\\/svm-temp\\\/#organization\",\"name\":\"Melkerson y Nott SL\",\"alternateName\":\"Svenska Magasinet\",\"url\":\"https:\\\/\\\/lightweb.dev\\\/l\\\/svm-temp\\\/\",\"logo\":{\"@type\":\"ImageObject\",\"inLanguage\":\"sv-SE\",\"@id\":\"https:\\\/\\\/lightweb.dev\\\/l\\\/svm-temp\\\/#\\\/schema\\\/logo\\\/image\\\/\",\"url\":\"https:\\\/\\\/lightweb.dev\\\/l\\\/svm-temp\\\/wp-content\\\/uploads\\\/2025\\\/02\\\/SvM-logo-Xtra-Centrerad-SVART.png\",\"contentUrl\":\"https:\\\/\\\/lightweb.dev\\\/l\\\/svm-temp\\\/wp-content\\\/uploads\\\/2025\\\/02\\\/SvM-logo-Xtra-Centrerad-SVART.png\",\"width\":300,\"height\":99,\"caption\":\"Melkerson y Nott SL\"},\"image\":{\"@id\":\"https:\\\/\\\/lightweb.dev\\\/l\\\/svm-temp\\\/#\\\/schema\\\/logo\\\/image\\\/\"},\"sameAs\":[\"https:\\\/\\\/www.facebook.com\\\/svenskamagasinet\",\"https:\\\/\\\/x.com\\\/SvenskaMagasine\"]},{\"@type\":\"Person\",\"@id\":\"https:\\\/\\\/lightweb.dev\\\/l\\\/svm-temp\\\/#\\\/schema\\\/person\\\/206a3bda5b607b0c25e1749191e4d837\",\"name\":\"Redaktionen SvM\",\"description\":\"Redaktionen\",\"sameAs\":[\"https:\\\/\\\/lightweb.dev\\\/l\\\/svm-temp\"],\"url\":\"https:\\\/\\\/lightweb.dev\\\/l\\\/svm-temp\\\/reporter\\\/redaktionen\\\/\"}]}<\/script>\n<!-- \/ Yoast SEO Premium plugin. -->","yoast_head_json":{"title":"Res med till Meknes och Marocko - Svenska Magasinet","robots":{"index":"noindex","follow":"follow","max-snippet":"max-snippet:-1","max-image-preview":"max-image-preview:large","max-video-preview":"max-video-preview:-1"},"og_locale":"sv_SE","og_type":"article","og_title":"Res med till Meknes och Marocko","og_description":"Marockoresan \u00e4r mellan den 12 till 16 november med guiden Siv B. Ling och vi bes\u00f6ker Chefchaouen, Meknes, Volubilis, Fes, Rabat och Tanger under fyra n\u00e4tter och fem dagar med buss. Programtext: Siv B. Ling Upplev \u201dden g\u00e5tfulla staden\u201d Fes, Marockos kulturella centrum, som tj\u00e4nstgjort som landets huvudstad l\u00e4ngre \u00e4n n\u00e5gon annan stad och \u00e4r [&hellip;]","og_url":"https:\/\/lightweb.dev\/l\/svm-temp\/artiklar\/res-med-till-meknes-och-marocko\/","og_site_name":"Svenska Magasinet","article_publisher":"https:\/\/www.facebook.com\/svenskamagasinet","article_published_time":"2013-10-29T23:00:00+00:00","og_image":[{"width":303,"height":200,"url":"https:\/\/lightweb.dev\/l\/svm-temp\/wp-content\/uploads\/2022\/04\/res-med-till-meknes-och-marocko.png","type":"image\/png"}],"author":"Redaktionen SvM","twitter_card":"summary_large_image","twitter_creator":"@SvenskaMagasine","twitter_site":"@SvenskaMagasine","schema":{"@context":"https:\/\/schema.org","@graph":[{"@type":"Article","@id":"https:\/\/lightweb.dev\/l\/svm-temp\/artiklar\/res-med-till-meknes-och-marocko\/#article","isPartOf":{"@id":"https:\/\/lightweb.dev\/l\/svm-temp\/artiklar\/res-med-till-meknes-och-marocko\/"},"author":{"name":"Redaktionen SvM","@id":"https:\/\/lightweb.dev\/l\/svm-temp\/#\/schema\/person\/206a3bda5b607b0c25e1749191e4d837"},"headline":"Res med till Meknes och Marocko","datePublished":"2013-10-29T23:00:00+00:00","mainEntityOfPage":{"@id":"https:\/\/lightweb.dev\/l\/svm-temp\/artiklar\/res-med-till-meknes-och-marocko\/"},"wordCount":1111,"commentCount":0,"publisher":{"@id":"https:\/\/lightweb.dev\/l\/svm-temp\/#organization"},"image":{"@id":"https:\/\/lightweb.dev\/l\/svm-temp\/artiklar\/res-med-till-meknes-och-marocko\/#primaryimage"},"thumbnailUrl":"https:\/\/lightweb.dev\/l\/svm-temp\/wp-content\/uploads\/2022\/04\/res-med-till-meknes-och-marocko.png","articleSection":["Artiklar","Kultur &amp; historia"],"inLanguage":"sv-SE"},{"@type":"WebPage","@id":"https:\/\/lightweb.dev\/l\/svm-temp\/artiklar\/res-med-till-meknes-och-marocko\/","url":"https:\/\/lightweb.dev\/l\/svm-temp\/artiklar\/res-med-till-meknes-och-marocko\/","name":"Res med till Meknes och Marocko - Svenska Magasinet","isPartOf":{"@id":"https:\/\/lightweb.dev\/l\/svm-temp\/#website"},"primaryImageOfPage":{"@id":"https:\/\/lightweb.dev\/l\/svm-temp\/artiklar\/res-med-till-meknes-och-marocko\/#primaryimage"},"image":{"@id":"https:\/\/lightweb.dev\/l\/svm-temp\/artiklar\/res-med-till-meknes-och-marocko\/#primaryimage"},"thumbnailUrl":"https:\/\/lightweb.dev\/l\/svm-temp\/wp-content\/uploads\/2022\/04\/res-med-till-meknes-och-marocko.png","datePublished":"2013-10-29T23:00:00+00:00","breadcrumb":{"@id":"https:\/\/lightweb.dev\/l\/svm-temp\/artiklar\/res-med-till-meknes-och-marocko\/#breadcrumb"},"inLanguage":"sv-SE","potentialAction":[{"@type":"ReadAction","target":["https:\/\/lightweb.dev\/l\/svm-temp\/artiklar\/res-med-till-meknes-och-marocko\/"]}]},{"@type":"ImageObject","inLanguage":"sv-SE","@id":"https:\/\/lightweb.dev\/l\/svm-temp\/artiklar\/res-med-till-meknes-och-marocko\/#primaryimage","url":"https:\/\/lightweb.dev\/l\/svm-temp\/wp-content\/uploads\/2022\/04\/res-med-till-meknes-och-marocko.png","contentUrl":"https:\/\/lightweb.dev\/l\/svm-temp\/wp-content\/uploads\/2022\/04\/res-med-till-meknes-och-marocko.png","width":303,"height":200},{"@type":"BreadcrumbList","@id":"https:\/\/lightweb.dev\/l\/svm-temp\/artiklar\/res-med-till-meknes-och-marocko\/#breadcrumb","itemListElement":[{"@type":"ListItem","position":1,"name":"Hem","item":"https:\/\/lightweb.dev\/l\/svm-temp\/"},{"@type":"ListItem","position":2,"name":"Res med till Meknes och Marocko"}]},{"@type":"WebSite","@id":"https:\/\/lightweb.dev\/l\/svm-temp\/#website","url":"https:\/\/lightweb.dev\/l\/svm-temp\/","name":"Svenska Magasinet","description":"Dina Spanska nyheter p&aring; Svenska","publisher":{"@id":"https:\/\/lightweb.dev\/l\/svm-temp\/#organization"},"potentialAction":[{"@type":"SearchAction","target":{"@type":"EntryPoint","urlTemplate":"https:\/\/lightweb.dev\/l\/svm-temp\/?s={search_term_string}"},"query-input":{"@type":"PropertyValueSpecification","valueRequired":true,"valueName":"search_term_string"}}],"inLanguage":"sv-SE"},{"@type":"Organization","@id":"https:\/\/lightweb.dev\/l\/svm-temp\/#organization","name":"Melkerson y Nott SL","alternateName":"Svenska Magasinet","url":"https:\/\/lightweb.dev\/l\/svm-temp\/","logo":{"@type":"ImageObject","inLanguage":"sv-SE","@id":"https:\/\/lightweb.dev\/l\/svm-temp\/#\/schema\/logo\/image\/","url":"https:\/\/lightweb.dev\/l\/svm-temp\/wp-content\/uploads\/2025\/02\/SvM-logo-Xtra-Centrerad-SVART.png","contentUrl":"https:\/\/lightweb.dev\/l\/svm-temp\/wp-content\/uploads\/2025\/02\/SvM-logo-Xtra-Centrerad-SVART.png","width":300,"height":99,"caption":"Melkerson y Nott SL"},"image":{"@id":"https:\/\/lightweb.dev\/l\/svm-temp\/#\/schema\/logo\/image\/"},"sameAs":["https:\/\/www.facebook.com\/svenskamagasinet","https:\/\/x.com\/SvenskaMagasine"]},{"@type":"Person","@id":"https:\/\/lightweb.dev\/l\/svm-temp\/#\/schema\/person\/206a3bda5b607b0c25e1749191e4d837","name":"Redaktionen SvM","description":"Redaktionen","sameAs":["https:\/\/lightweb.dev\/l\/svm-temp"],"url":"https:\/\/lightweb.dev\/l\/svm-temp\/reporter\/redaktionen\/"}]}},"_links":{"self":[{"href":"https:\/\/lightweb.dev\/l\/svm-temp\/wp-json\/wp\/v2\/posts\/4049","targetHints":{"allow":["GET"]}}],"collection":[{"href":"https:\/\/lightweb.dev\/l\/svm-temp\/wp-json\/wp\/v2\/posts"}],"about":[{"href":"https:\/\/lightweb.dev\/l\/svm-temp\/wp-json\/wp\/v2\/types\/post"}],"author":[{"embeddable":true,"href":"https:\/\/lightweb.dev\/l\/svm-temp\/wp-json\/wp\/v2\/users\/8"}],"replies":[{"embeddable":true,"href":"https:\/\/lightweb.dev\/l\/svm-temp\/wp-json\/wp\/v2\/comments?post=4049"}],"version-history":[{"count":0,"href":"https:\/\/lightweb.dev\/l\/svm-temp\/wp-json\/wp\/v2\/posts\/4049\/revisions"}],"wp:featuredmedia":[{"embeddable":true,"href":"https:\/\/lightweb.dev\/l\/svm-temp\/wp-json\/wp\/v2\/media\/4050"}],"wp:attachment":[{"href":"https:\/\/lightweb.dev\/l\/svm-temp\/wp-json\/wp\/v2\/media?parent=4049"}],"wp:term":[{"taxonomy":"category","embeddable":true,"href":"https:\/\/lightweb.dev\/l\/svm-temp\/wp-json\/wp\/v2\/categories?post=4049"},{"taxonomy":"post_tag","embeddable":true,"href":"https:\/\/lightweb.dev\/l\/svm-temp\/wp-json\/wp\/v2\/tags?post=4049"}],"curies":[{"name":"wp","href":"https:\/\/api.w.org\/{rel}","templated":true}]}}