{"id":4053,"date":"2013-10-14T00:00:00","date_gmt":"2013-10-13T22:00:00","guid":{"rendered":"https:\/\/lightweb.dev\/l\/svm-temp\/hans-g-svenskheten\/"},"modified":"2013-10-14T00:00:00","modified_gmt":"2013-10-13T22:00:00","slug":"hans-g-svenskheten","status":"publish","type":"post","link":"https:\/\/lightweb.dev\/l\/svm-temp\/artiklar\/hans-g-svenskheten\/","title":{"rendered":"Hans G: Svenskheten"},"content":{"rendered":"<p> Det finns f\u00e5 ord som g\u00f6r mig s\u00e5 irriterad som uttrycket &#8221;svenskhet&#8221;. Eller franskhet, norskhet och alla andra &#8221;het&#8221; f\u00f6r den delen. Det \u00e4r ett ord som av n\u00e5gon underlig anledning ofta f\u00f6rknippas med n\u00e5gon sorts positiv &#8221;nationalism, i sj\u00e4lva verket \u00e4r det ju bara en pseudonym f\u00f6r rasism och andra fobier. Av Hans G<\/p>\n<p>F\u00f6r ett tag sedan gick till exempel ledaren f\u00f6r det obskyra partiet SverigeDemokraterna ut och sade att &#8221;skilja kristenhet fr\u00e5n svenskhet eller svenskhet fr\u00e5n kristenhet \u00e4r lika om\u00f6jligt som att plocka \u00e4ggen ur sockerkakan&#8221;.  S\u00e5 nu har vi en &#8221;het&#8221; till. Och jag som trodde att den s\u00e5 kallade &#8221;kristenheten&#8221; i ett sekulariserat samh\u00e4lle som det svenska mer eller mindre spelat ut sin roll.<\/p>\n<p>Men det \u00e4r klart, utan att ha svartrockarna p\u00e5 sin sida \u00e4r det sv\u00e5rt att ideligen tjata om samh\u00e4llets &#8221;islamisering&#8221; som verkar vara den mannens favorituttryck. Men, men, i den senaste v\u00e4ljarm\u00e4tningen hamnar SD p\u00e5 omkring 19 procent. Det p\u00e5minner om hur det var i b\u00f6rjan av 40-talet. D\u00e5 fanns det v\u00e4l en 20, 25 procent som var nazistsympatis\u00f6rer. Men dom kr\u00f6p tillbaks under stenarna n\u00e4r krigslyckan v\u00e4nde f\u00f6r korpralen. S\u00e5 det \u00e4r v\u00e4l bara att v\u00e4nta och se.<\/p>\n<p>N\u00e4r svenskheten \u00e4r som v\u00e4rst yttrar den sig som en total fobi mot omv\u00e4rlden. Inget \u00e4r s\u00e5 bra som Sverige, oavsett vilket omr\u00e5de som g\u00e4ller. Det finns knappast n\u00e5got folkslag p\u00e5 jorden som \u00e4r s\u00e5 sj\u00e4lvgoda som &#8221;riktiga&#8221; svenskar. Engelsm\u00e4n kan vara jobbiga, det medges, men dom har ju trots allt sitt gamla imperium att sitta och gn\u00f6la om. V\u00e5rt &#8221;imperium&#8221; stendog med Kalle Dussin och det var ju n\u00e5gra \u00e5r sedan. Men visst har &#8221;riktiga&#8221; svenskar en massa saker att yvas \u00f6ver. Som Folkhem, Folkh\u00e4lsa och Folktandv\u00e5rd.<\/p>\n<p>Det \u00e4r mycket Folk och lite M\u00e4nniska men den bristen r\u00e4ttades till med Rasbiologiska Institutet. M\u00e5nga kanske tror att det var Hitler som kom upp med begreppet underm\u00e5liga m\u00e4nniskor. Icke sa Nicke, det \u00e4r ett genuint svenskt p\u00e5hitt. Institutet startades redan 1921 och \u00e4r d\u00e4rmed v\u00e4rldens \u00e4ldsta, statligt sanktionerade institut f\u00f6r kartl\u00e4ggning av raser. Verksamheten, som inriktades sig p\u00e5 att kartl\u00e4gga och unders\u00f6ka alla som inte var l\u00e5nga, blonda och bl\u00e5\u00f6gda, allts\u00e5 \u00e4kta nordbor, p\u00e5gick till 1956 d\u00e5 den fick en annan inriktning. Cirka 100.000 &#8221;svenskar&#8221; unders\u00f6ktes och klassades som mer eller mindre degenererade. Med andra ord minderv\u00e4rdiga. Men s\u00e5 \u00e5terstod den stora fr\u00e5gan.<\/p>\n<p>Vad skulle man g\u00f6ra \u00e5t alla de h\u00e4r v\u00e4rdel\u00f6sa personerna s\u00e5 att deras blod och arvsanlag inte smittade ner den friska och v\u00e4lartade svenska rasen?<\/p>\n<p>Ivrigt p\u00e5hejade av \u00e4kta paret Alva och Gunnar Myrdal och med deras bok &#8221;Kris i befolkningsfr\u00e5gan som tillhygge stiftades en ny lag av de framsynta m\u00e4nnen i regeringen. Lagen om tv\u00e5ngssterilisering. H\u00e4r g\u00e4llde det att sopa rent framf\u00f6r d\u00f6rren.<\/p>\n<p>S\u00e5 mellan mitten av 30-talet och mitten av 50-talet steriliserades 63.000 personer i Folkhemmet. 30.000, flest kvinnor, tvingades till operationen. Det r\u00e4ckte med att en l\u00e4kare best\u00e4mde att personen i fr\u00e5ga var promisku\u00f6s eller verkade ha tattarblod i \u00e5drorna s\u00e5 kom kniven fram. Var det n\u00e5gon k\u00e4rring som trilskades s\u00e5 lj\u00f6g man f\u00f6r dem och sa att det bara handlade om en enkel blindtarmsoperation. Jag menar, blindtarm eller \u00e4ggledare har ju ingen betydelse f\u00f6r s\u00e5dant patrask. Det vet man ju hur s\u00e5dana m\u00e4nniskor \u00e4r, lata oduglingar som bara ligger samh\u00e4llet till last. Ungef\u00e4r som v\u00e5ra dagars flyktingar enligt SverigeDemokraterna.<\/p>\n<p>Jaja men, det finns mycket som &#8221;riktiga&#8221; svenskar har att yva sig \u00f6ver och det fina i kr\u00e5ks\u00e5ngen \u00e4r ju att det inte \u00e4r s\u00e5 l\u00e4nge sedan, en trettio, fyrtio \u00e5r bara. H\u00e4r pratar vi om &#8221;modern&#8221; tid, ingen kan komma dragandes med att s\u00e5 gjorde man p\u00e5 den tiden. &#8221;Riktiga&#8221; svenskar var framsynta helt enkelt.<\/p>\n<p>Nog om detta. Nu \u00e4r det nya bollar och nya tider. Svenskheten frodas och har lagt p\u00e5 sig ett antal kilo.<br \/>\n&#8221;jag \u00e4r s\u00e5 j-a glad att jag \u00e4r svensk&#8221; som Monica Z sj\u00f6ng en g\u00e5ng i tiden.<\/p>\n<p>Saludos amigas\/amigos<br \/>\nM\u00e5 v\u00e4l och ta hand om er.<\/p>\n","protected":false},"excerpt":{"rendered":"<p>Det finns f\u00e5 ord som g\u00f6r mig s\u00e5 irriterad som uttrycket &#8221;svenskhet&#8221;. Eller franskhet, norskhet och alla andra &#8221;het&#8221; f\u00f6r den delen. Det \u00e4r ett ord som av n\u00e5gon underlig anledning ofta f\u00f6rknippas med n\u00e5gon sorts positiv &#8221;nationalism, i sj\u00e4lva verket \u00e4r det ju bara en pseudonym f\u00f6r rasism och andra fobier. Av Hans G [&hellip;]<\/p>\n","protected":false},"author":8,"featured_media":4054,"comment_status":"open","ping_status":"open","sticky":false,"template":"","format":"standard","meta":{"_et_pb_use_builder":"","_et_pb_old_content":"","_et_gb_content_width":"","footnotes":""},"categories":[396,4],"tags":[],"class_list":["post-4053","post","type-post","status-publish","format-standard","has-post-thumbnail","hentry","category-arkiv-artiklar","category-artiklar"],"yoast_head":"<!-- This site is optimized with the Yoast SEO Premium plugin v26.2 (Yoast SEO v27.5) - https:\/\/yoast.com\/product\/yoast-seo-premium-wordpress\/ -->\n<title>Hans G: Svenskheten - Svenska Magasinet<\/title>\n<meta name=\"robots\" content=\"noindex, follow, max-snippet:-1, max-image-preview:large, max-video-preview:-1\" \/>\n<meta property=\"og:locale\" content=\"sv_SE\" \/>\n<meta property=\"og:type\" content=\"article\" \/>\n<meta property=\"og:title\" content=\"Hans G: Svenskheten\" \/>\n<meta property=\"og:description\" content=\"Det finns f\u00e5 ord som g\u00f6r mig s\u00e5 irriterad som uttrycket &#8221;svenskhet&#8221;. Eller franskhet, norskhet och alla andra &#8221;het&#8221; f\u00f6r den delen. Det \u00e4r ett ord som av n\u00e5gon underlig anledning ofta f\u00f6rknippas med n\u00e5gon sorts positiv &#8221;nationalism, i sj\u00e4lva verket \u00e4r det ju bara en pseudonym f\u00f6r rasism och andra fobier. Av Hans G [&hellip;]\" \/>\n<meta property=\"og:url\" content=\"https:\/\/lightweb.dev\/l\/svm-temp\/artiklar\/hans-g-svenskheten\/\" \/>\n<meta property=\"og:site_name\" content=\"Svenska Magasinet\" \/>\n<meta property=\"article:publisher\" content=\"https:\/\/www.facebook.com\/svenskamagasinet\" \/>\n<meta property=\"article:published_time\" content=\"2013-10-13T22:00:00+00:00\" \/>\n<meta property=\"og:image\" content=\"https:\/\/lightweb.dev\/l\/svm-temp\/wp-content\/uploads\/2022\/04\/hans-g-svenskheten.png\" \/>\n\t<meta property=\"og:image:width\" content=\"280\" \/>\n\t<meta property=\"og:image:height\" content=\"291\" \/>\n\t<meta property=\"og:image:type\" content=\"image\/png\" \/>\n<meta name=\"author\" content=\"Redaktionen SvM\" \/>\n<meta name=\"twitter:card\" content=\"summary_large_image\" \/>\n<meta name=\"twitter:creator\" content=\"@SvenskaMagasine\" \/>\n<meta name=\"twitter:site\" content=\"@SvenskaMagasine\" \/>\n<script type=\"application\/ld+json\" class=\"yoast-schema-graph\">{\"@context\":\"https:\\\/\\\/schema.org\",\"@graph\":[{\"@type\":\"Article\",\"@id\":\"https:\\\/\\\/lightweb.dev\\\/l\\\/svm-temp\\\/artiklar\\\/hans-g-svenskheten\\\/#article\",\"isPartOf\":{\"@id\":\"https:\\\/\\\/lightweb.dev\\\/l\\\/svm-temp\\\/artiklar\\\/hans-g-svenskheten\\\/\"},\"author\":{\"name\":\"Redaktionen SvM\",\"@id\":\"https:\\\/\\\/lightweb.dev\\\/l\\\/svm-temp\\\/#\\\/schema\\\/person\\\/206a3bda5b607b0c25e1749191e4d837\"},\"headline\":\"Hans G: Svenskheten\",\"datePublished\":\"2013-10-13T22:00:00+00:00\",\"mainEntityOfPage\":{\"@id\":\"https:\\\/\\\/lightweb.dev\\\/l\\\/svm-temp\\\/artiklar\\\/hans-g-svenskheten\\\/\"},\"wordCount\":746,\"commentCount\":0,\"publisher\":{\"@id\":\"https:\\\/\\\/lightweb.dev\\\/l\\\/svm-temp\\\/#organization\"},\"image\":{\"@id\":\"https:\\\/\\\/lightweb.dev\\\/l\\\/svm-temp\\\/artiklar\\\/hans-g-svenskheten\\\/#primaryimage\"},\"thumbnailUrl\":\"https:\\\/\\\/lightweb.dev\\\/l\\\/svm-temp\\\/wp-content\\\/uploads\\\/2022\\\/04\\\/hans-g-svenskheten.png\",\"articleSection\":[\"Arkiv\",\"Artiklar\"],\"inLanguage\":\"sv-SE\"},{\"@type\":\"WebPage\",\"@id\":\"https:\\\/\\\/lightweb.dev\\\/l\\\/svm-temp\\\/artiklar\\\/hans-g-svenskheten\\\/\",\"url\":\"https:\\\/\\\/lightweb.dev\\\/l\\\/svm-temp\\\/artiklar\\\/hans-g-svenskheten\\\/\",\"name\":\"Hans G: Svenskheten - Svenska Magasinet\",\"isPartOf\":{\"@id\":\"https:\\\/\\\/lightweb.dev\\\/l\\\/svm-temp\\\/#website\"},\"primaryImageOfPage\":{\"@id\":\"https:\\\/\\\/lightweb.dev\\\/l\\\/svm-temp\\\/artiklar\\\/hans-g-svenskheten\\\/#primaryimage\"},\"image\":{\"@id\":\"https:\\\/\\\/lightweb.dev\\\/l\\\/svm-temp\\\/artiklar\\\/hans-g-svenskheten\\\/#primaryimage\"},\"thumbnailUrl\":\"https:\\\/\\\/lightweb.dev\\\/l\\\/svm-temp\\\/wp-content\\\/uploads\\\/2022\\\/04\\\/hans-g-svenskheten.png\",\"datePublished\":\"2013-10-13T22:00:00+00:00\",\"breadcrumb\":{\"@id\":\"https:\\\/\\\/lightweb.dev\\\/l\\\/svm-temp\\\/artiklar\\\/hans-g-svenskheten\\\/#breadcrumb\"},\"inLanguage\":\"sv-SE\",\"potentialAction\":[{\"@type\":\"ReadAction\",\"target\":[\"https:\\\/\\\/lightweb.dev\\\/l\\\/svm-temp\\\/artiklar\\\/hans-g-svenskheten\\\/\"]}]},{\"@type\":\"ImageObject\",\"inLanguage\":\"sv-SE\",\"@id\":\"https:\\\/\\\/lightweb.dev\\\/l\\\/svm-temp\\\/artiklar\\\/hans-g-svenskheten\\\/#primaryimage\",\"url\":\"https:\\\/\\\/lightweb.dev\\\/l\\\/svm-temp\\\/wp-content\\\/uploads\\\/2022\\\/04\\\/hans-g-svenskheten.png\",\"contentUrl\":\"https:\\\/\\\/lightweb.dev\\\/l\\\/svm-temp\\\/wp-content\\\/uploads\\\/2022\\\/04\\\/hans-g-svenskheten.png\",\"width\":280,\"height\":291},{\"@type\":\"BreadcrumbList\",\"@id\":\"https:\\\/\\\/lightweb.dev\\\/l\\\/svm-temp\\\/artiklar\\\/hans-g-svenskheten\\\/#breadcrumb\",\"itemListElement\":[{\"@type\":\"ListItem\",\"position\":1,\"name\":\"Hem\",\"item\":\"https:\\\/\\\/lightweb.dev\\\/l\\\/svm-temp\\\/\"},{\"@type\":\"ListItem\",\"position\":2,\"name\":\"Hans G: Svenskheten\"}]},{\"@type\":\"WebSite\",\"@id\":\"https:\\\/\\\/lightweb.dev\\\/l\\\/svm-temp\\\/#website\",\"url\":\"https:\\\/\\\/lightweb.dev\\\/l\\\/svm-temp\\\/\",\"name\":\"Svenska Magasinet\",\"description\":\"Dina Spanska nyheter p&aring; Svenska\",\"publisher\":{\"@id\":\"https:\\\/\\\/lightweb.dev\\\/l\\\/svm-temp\\\/#organization\"},\"potentialAction\":[{\"@type\":\"SearchAction\",\"target\":{\"@type\":\"EntryPoint\",\"urlTemplate\":\"https:\\\/\\\/lightweb.dev\\\/l\\\/svm-temp\\\/?s={search_term_string}\"},\"query-input\":{\"@type\":\"PropertyValueSpecification\",\"valueRequired\":true,\"valueName\":\"search_term_string\"}}],\"inLanguage\":\"sv-SE\"},{\"@type\":\"Organization\",\"@id\":\"https:\\\/\\\/lightweb.dev\\\/l\\\/svm-temp\\\/#organization\",\"name\":\"Melkerson y Nott SL\",\"alternateName\":\"Svenska Magasinet\",\"url\":\"https:\\\/\\\/lightweb.dev\\\/l\\\/svm-temp\\\/\",\"logo\":{\"@type\":\"ImageObject\",\"inLanguage\":\"sv-SE\",\"@id\":\"https:\\\/\\\/lightweb.dev\\\/l\\\/svm-temp\\\/#\\\/schema\\\/logo\\\/image\\\/\",\"url\":\"https:\\\/\\\/lightweb.dev\\\/l\\\/svm-temp\\\/wp-content\\\/uploads\\\/2025\\\/02\\\/SvM-logo-Xtra-Centrerad-SVART.png\",\"contentUrl\":\"https:\\\/\\\/lightweb.dev\\\/l\\\/svm-temp\\\/wp-content\\\/uploads\\\/2025\\\/02\\\/SvM-logo-Xtra-Centrerad-SVART.png\",\"width\":300,\"height\":99,\"caption\":\"Melkerson y Nott SL\"},\"image\":{\"@id\":\"https:\\\/\\\/lightweb.dev\\\/l\\\/svm-temp\\\/#\\\/schema\\\/logo\\\/image\\\/\"},\"sameAs\":[\"https:\\\/\\\/www.facebook.com\\\/svenskamagasinet\",\"https:\\\/\\\/x.com\\\/SvenskaMagasine\"]},{\"@type\":\"Person\",\"@id\":\"https:\\\/\\\/lightweb.dev\\\/l\\\/svm-temp\\\/#\\\/schema\\\/person\\\/206a3bda5b607b0c25e1749191e4d837\",\"name\":\"Redaktionen SvM\",\"description\":\"Redaktionen\",\"sameAs\":[\"https:\\\/\\\/lightweb.dev\\\/l\\\/svm-temp\"],\"url\":\"https:\\\/\\\/lightweb.dev\\\/l\\\/svm-temp\\\/reporter\\\/redaktionen\\\/\"}]}<\/script>\n<!-- \/ Yoast SEO Premium plugin. -->","yoast_head_json":{"title":"Hans G: Svenskheten - Svenska Magasinet","robots":{"index":"noindex","follow":"follow","max-snippet":"max-snippet:-1","max-image-preview":"max-image-preview:large","max-video-preview":"max-video-preview:-1"},"og_locale":"sv_SE","og_type":"article","og_title":"Hans G: Svenskheten","og_description":"Det finns f\u00e5 ord som g\u00f6r mig s\u00e5 irriterad som uttrycket &#8221;svenskhet&#8221;. Eller franskhet, norskhet och alla andra &#8221;het&#8221; f\u00f6r den delen. Det \u00e4r ett ord som av n\u00e5gon underlig anledning ofta f\u00f6rknippas med n\u00e5gon sorts positiv &#8221;nationalism, i sj\u00e4lva verket \u00e4r det ju bara en pseudonym f\u00f6r rasism och andra fobier. Av Hans G [&hellip;]","og_url":"https:\/\/lightweb.dev\/l\/svm-temp\/artiklar\/hans-g-svenskheten\/","og_site_name":"Svenska Magasinet","article_publisher":"https:\/\/www.facebook.com\/svenskamagasinet","article_published_time":"2013-10-13T22:00:00+00:00","og_image":[{"width":280,"height":291,"url":"https:\/\/lightweb.dev\/l\/svm-temp\/wp-content\/uploads\/2022\/04\/hans-g-svenskheten.png","type":"image\/png"}],"author":"Redaktionen SvM","twitter_card":"summary_large_image","twitter_creator":"@SvenskaMagasine","twitter_site":"@SvenskaMagasine","schema":{"@context":"https:\/\/schema.org","@graph":[{"@type":"Article","@id":"https:\/\/lightweb.dev\/l\/svm-temp\/artiklar\/hans-g-svenskheten\/#article","isPartOf":{"@id":"https:\/\/lightweb.dev\/l\/svm-temp\/artiklar\/hans-g-svenskheten\/"},"author":{"name":"Redaktionen SvM","@id":"https:\/\/lightweb.dev\/l\/svm-temp\/#\/schema\/person\/206a3bda5b607b0c25e1749191e4d837"},"headline":"Hans G: Svenskheten","datePublished":"2013-10-13T22:00:00+00:00","mainEntityOfPage":{"@id":"https:\/\/lightweb.dev\/l\/svm-temp\/artiklar\/hans-g-svenskheten\/"},"wordCount":746,"commentCount":0,"publisher":{"@id":"https:\/\/lightweb.dev\/l\/svm-temp\/#organization"},"image":{"@id":"https:\/\/lightweb.dev\/l\/svm-temp\/artiklar\/hans-g-svenskheten\/#primaryimage"},"thumbnailUrl":"https:\/\/lightweb.dev\/l\/svm-temp\/wp-content\/uploads\/2022\/04\/hans-g-svenskheten.png","articleSection":["Arkiv","Artiklar"],"inLanguage":"sv-SE"},{"@type":"WebPage","@id":"https:\/\/lightweb.dev\/l\/svm-temp\/artiklar\/hans-g-svenskheten\/","url":"https:\/\/lightweb.dev\/l\/svm-temp\/artiklar\/hans-g-svenskheten\/","name":"Hans G: Svenskheten - Svenska Magasinet","isPartOf":{"@id":"https:\/\/lightweb.dev\/l\/svm-temp\/#website"},"primaryImageOfPage":{"@id":"https:\/\/lightweb.dev\/l\/svm-temp\/artiklar\/hans-g-svenskheten\/#primaryimage"},"image":{"@id":"https:\/\/lightweb.dev\/l\/svm-temp\/artiklar\/hans-g-svenskheten\/#primaryimage"},"thumbnailUrl":"https:\/\/lightweb.dev\/l\/svm-temp\/wp-content\/uploads\/2022\/04\/hans-g-svenskheten.png","datePublished":"2013-10-13T22:00:00+00:00","breadcrumb":{"@id":"https:\/\/lightweb.dev\/l\/svm-temp\/artiklar\/hans-g-svenskheten\/#breadcrumb"},"inLanguage":"sv-SE","potentialAction":[{"@type":"ReadAction","target":["https:\/\/lightweb.dev\/l\/svm-temp\/artiklar\/hans-g-svenskheten\/"]}]},{"@type":"ImageObject","inLanguage":"sv-SE","@id":"https:\/\/lightweb.dev\/l\/svm-temp\/artiklar\/hans-g-svenskheten\/#primaryimage","url":"https:\/\/lightweb.dev\/l\/svm-temp\/wp-content\/uploads\/2022\/04\/hans-g-svenskheten.png","contentUrl":"https:\/\/lightweb.dev\/l\/svm-temp\/wp-content\/uploads\/2022\/04\/hans-g-svenskheten.png","width":280,"height":291},{"@type":"BreadcrumbList","@id":"https:\/\/lightweb.dev\/l\/svm-temp\/artiklar\/hans-g-svenskheten\/#breadcrumb","itemListElement":[{"@type":"ListItem","position":1,"name":"Hem","item":"https:\/\/lightweb.dev\/l\/svm-temp\/"},{"@type":"ListItem","position":2,"name":"Hans G: Svenskheten"}]},{"@type":"WebSite","@id":"https:\/\/lightweb.dev\/l\/svm-temp\/#website","url":"https:\/\/lightweb.dev\/l\/svm-temp\/","name":"Svenska Magasinet","description":"Dina Spanska nyheter p&aring; Svenska","publisher":{"@id":"https:\/\/lightweb.dev\/l\/svm-temp\/#organization"},"potentialAction":[{"@type":"SearchAction","target":{"@type":"EntryPoint","urlTemplate":"https:\/\/lightweb.dev\/l\/svm-temp\/?s={search_term_string}"},"query-input":{"@type":"PropertyValueSpecification","valueRequired":true,"valueName":"search_term_string"}}],"inLanguage":"sv-SE"},{"@type":"Organization","@id":"https:\/\/lightweb.dev\/l\/svm-temp\/#organization","name":"Melkerson y Nott SL","alternateName":"Svenska Magasinet","url":"https:\/\/lightweb.dev\/l\/svm-temp\/","logo":{"@type":"ImageObject","inLanguage":"sv-SE","@id":"https:\/\/lightweb.dev\/l\/svm-temp\/#\/schema\/logo\/image\/","url":"https:\/\/lightweb.dev\/l\/svm-temp\/wp-content\/uploads\/2025\/02\/SvM-logo-Xtra-Centrerad-SVART.png","contentUrl":"https:\/\/lightweb.dev\/l\/svm-temp\/wp-content\/uploads\/2025\/02\/SvM-logo-Xtra-Centrerad-SVART.png","width":300,"height":99,"caption":"Melkerson y Nott SL"},"image":{"@id":"https:\/\/lightweb.dev\/l\/svm-temp\/#\/schema\/logo\/image\/"},"sameAs":["https:\/\/www.facebook.com\/svenskamagasinet","https:\/\/x.com\/SvenskaMagasine"]},{"@type":"Person","@id":"https:\/\/lightweb.dev\/l\/svm-temp\/#\/schema\/person\/206a3bda5b607b0c25e1749191e4d837","name":"Redaktionen SvM","description":"Redaktionen","sameAs":["https:\/\/lightweb.dev\/l\/svm-temp"],"url":"https:\/\/lightweb.dev\/l\/svm-temp\/reporter\/redaktionen\/"}]}},"_links":{"self":[{"href":"https:\/\/lightweb.dev\/l\/svm-temp\/wp-json\/wp\/v2\/posts\/4053","targetHints":{"allow":["GET"]}}],"collection":[{"href":"https:\/\/lightweb.dev\/l\/svm-temp\/wp-json\/wp\/v2\/posts"}],"about":[{"href":"https:\/\/lightweb.dev\/l\/svm-temp\/wp-json\/wp\/v2\/types\/post"}],"author":[{"embeddable":true,"href":"https:\/\/lightweb.dev\/l\/svm-temp\/wp-json\/wp\/v2\/users\/8"}],"replies":[{"embeddable":true,"href":"https:\/\/lightweb.dev\/l\/svm-temp\/wp-json\/wp\/v2\/comments?post=4053"}],"version-history":[{"count":0,"href":"https:\/\/lightweb.dev\/l\/svm-temp\/wp-json\/wp\/v2\/posts\/4053\/revisions"}],"wp:featuredmedia":[{"embeddable":true,"href":"https:\/\/lightweb.dev\/l\/svm-temp\/wp-json\/wp\/v2\/media\/4054"}],"wp:attachment":[{"href":"https:\/\/lightweb.dev\/l\/svm-temp\/wp-json\/wp\/v2\/media?parent=4053"}],"wp:term":[{"taxonomy":"category","embeddable":true,"href":"https:\/\/lightweb.dev\/l\/svm-temp\/wp-json\/wp\/v2\/categories?post=4053"},{"taxonomy":"post_tag","embeddable":true,"href":"https:\/\/lightweb.dev\/l\/svm-temp\/wp-json\/wp\/v2\/tags?post=4053"}],"curies":[{"name":"wp","href":"https:\/\/api.w.org\/{rel}","templated":true}]}}