{"id":4057,"date":"2013-10-14T00:00:00","date_gmt":"2013-10-13T22:00:00","guid":{"rendered":"https:\/\/lightweb.dev\/l\/svm-temp\/advokatspalten-vad-ska-man-tanka-pa-nar-man-koper-ett-foretag-i-spanien\/"},"modified":"2013-10-14T00:00:00","modified_gmt":"2013-10-13T22:00:00","slug":"advokatspalten-vad-ska-man-tanka-pa-nar-man-koper-ett-foretag-i-spanien","status":"publish","type":"post","link":"https:\/\/lightweb.dev\/l\/svm-temp\/artiklar\/advokatspalten-vad-ska-man-tanka-pa-nar-man-koper-ett-foretag-i-spanien\/","title":{"rendered":"Advokatspalten: Vad ska man t\u00e4nka p\u00e5 n\u00e4r man k\u00f6per ett f\u00f6retag i Spanien?"},"content":{"rendered":"<p> Hej! Jag har sett en annons p\u00e5 en befintlig restaurangr\u00f6relse till salu i Marbella, som vi skulle vara intresserade av att k\u00f6pa. Jag och min hustru t\u00e4nkte driva verksamheten tillsammans. Vad ska vi t\u00e4nka p\u00e5 vad g\u00e4ller k\u00f6pet?  Av Jessica Kamph<\/p>\n<p>Svar: Oavsett vilken typ av r\u00f6relse man ska k\u00f6pa; restaurangr\u00f6relse, h\u00e5rsalong, fastighetsbolag osv, finns det vissa generella h\u00e5llpunkter att t\u00e4nka p\u00e5.<\/p>\n<p>F\u00f6rst m\u00e5ste ni ta reda p\u00e5 vad som ing\u00e5r i aff\u00e4ren: K\u00f6per ni endast sj\u00e4lva verksamheten (s.k. traspaso) eller ett bolag? Ska ni ta \u00f6ver befintligt hyresavtal, befintliga inventarier, anst\u00e4llda i bolaget etc.?<\/p>\n<p>Det finns i Spanien, precis som i Sverige, ett flertal olika bolagsformer, vilka vi inte skall g\u00e5 n\u00e4rmare in p\u00e5 h\u00e4r. De vanligaste bolagsformerna \u00e4r aut\u00f3nomo (ung. enskild firma) eller sociedad limitada (motsvarar ungef\u00e4r ett svensk aktiebolag). Att bilda ett bolag kan vara lite mer omst\u00e4ndligt \u00e4n i Sverige, framf\u00f6rallt tar det l\u00e4ngre tid, bl.a. m\u00e5ste alla handlingar undertecknas inf\u00f6r notarius publicus och sedan registreras hos Registro Mercantil (ung. Bolagsverket). Alla handlingar \u00e4r givetvis p\u00e5 spanska.<\/p>\n<p>Om man ska k\u00f6pa ett redan befintligt bolag, \u00e4r det bl.a. viktigt att kontrollera bolagets r\u00e4kenskaper, vilka tillg\u00e5ngar och skulder som finns bokf\u00f6rda, att bolaget uppfyllt alla sina skyldigheter hos myndigheterna, att verksamheten innehar alla tillst\u00e5nd som kr\u00e4vs och om det finns befintliga avtal som f\u00f6rpliktigar bolaget f\u00f6r framtiden.<\/p>\n<p>Transaktionen vid k\u00f6p av aktier eller andelar i ett spanskt bolag m\u00e5ste ske inf\u00f6r notarius publicus och uppfylla de formkrav som kr\u00e4vs enligt spansk r\u00e4tt. Dessutom m\u00e5ste administrador (st\u00e4llf\u00f6retr\u00e4daren), d.v.s. den som representerar och har r\u00e4tt att teckna firman, \u00e4ndras. Detta m\u00e5ste ocks\u00e5 ske inf\u00f6r notarius publicus och sedan registreras hos Registro Mercantil. Som vid alla andra transaktioner i Spanien m\u00e5ste man inneha ett s.k. NIE-nummer. Registrering m\u00e5ste ocks\u00e5 ske hos spanska f\u00f6rs\u00e4kringskassan f\u00f6r att kunna ta ut l\u00f6n och ev. registrering av \u00f6vriga anst\u00e4llda. <\/p>\n<p>Sammanfattningsvis s\u00e5 \u00e4r det en hel del fr\u00e5gor som beh\u00f6ver utredas innan ni kan besluta om verksamheten ni sett \u00e4r r\u00e4tt f\u00f6r er. Det \u00e4r alltid att rekommendera att kontakta en advokat eller r\u00e5dgivare f\u00f6r att g\u00f6ra en komplett analys av er situation innan ni g\u00e5r vidare med k\u00f6pet.<\/p>\n<p>Vi p\u00e5 Advokatfirman G\u00f6ran Rise innehar kompetens b\u00e5de inom svensk och spansk juridik och kan hj\u00e4lpa er genom hela processen p\u00e5 ert eget spr\u00e5k. Detta \u00e4r sj\u00e4lvklart en extra trygghet n\u00e4r man som svensk vill etablera sig i Spanien.<\/p>\n","protected":false},"excerpt":{"rendered":"<p>Hej! Jag har sett en annons p\u00e5 en befintlig restaurangr\u00f6relse till salu i Marbella, som vi skulle vara intresserade av att k\u00f6pa. Jag och min hustru t\u00e4nkte driva verksamheten tillsammans. Vad ska vi t\u00e4nka p\u00e5 vad g\u00e4ller k\u00f6pet? Av Jessica Kamph Svar: Oavsett vilken typ av r\u00f6relse man ska k\u00f6pa; restaurangr\u00f6relse, h\u00e5rsalong, fastighetsbolag osv, finns [&hellip;]<\/p>\n","protected":false},"author":8,"featured_media":4058,"comment_status":"open","ping_status":"open","sticky":false,"template":"","format":"standard","meta":{"_et_pb_use_builder":"","_et_pb_old_content":"","_et_gb_content_width":"","footnotes":""},"categories":[396,4],"tags":[],"class_list":["post-4057","post","type-post","status-publish","format-standard","has-post-thumbnail","hentry","category-arkiv-artiklar","category-artiklar"],"yoast_head":"<!-- This site is optimized with the Yoast SEO Premium plugin v26.2 (Yoast SEO v28.2) - https:\/\/yoast.com\/product\/yoast-seo-premium-wordpress\/ -->\n<title>Advokatspalten: Vad ska man t\u00e4nka p\u00e5 n\u00e4r man k\u00f6per ett f\u00f6retag i Spanien? - Svenska Magasinet<\/title>\n<meta name=\"robots\" content=\"noindex, follow, max-snippet:-1, max-image-preview:large, max-video-preview:-1\" \/>\n<meta property=\"og:locale\" content=\"sv_SE\" \/>\n<meta property=\"og:type\" content=\"article\" \/>\n<meta property=\"og:title\" content=\"Advokatspalten: Vad ska man t\u00e4nka p\u00e5 n\u00e4r man k\u00f6per ett f\u00f6retag i Spanien?\" \/>\n<meta property=\"og:description\" content=\"Hej! Jag har sett en annons p\u00e5 en befintlig restaurangr\u00f6relse till salu i Marbella, som vi skulle vara intresserade av att k\u00f6pa. Jag och min hustru t\u00e4nkte driva verksamheten tillsammans. Vad ska vi t\u00e4nka p\u00e5 vad g\u00e4ller k\u00f6pet? Av Jessica Kamph Svar: Oavsett vilken typ av r\u00f6relse man ska k\u00f6pa; restaurangr\u00f6relse, h\u00e5rsalong, fastighetsbolag osv, finns [&hellip;]\" \/>\n<meta property=\"og:url\" content=\"https:\/\/lightweb.dev\/l\/svm-temp\/artiklar\/advokatspalten-vad-ska-man-tanka-pa-nar-man-koper-ett-foretag-i-spanien\/\" \/>\n<meta property=\"og:site_name\" content=\"Svenska Magasinet\" \/>\n<meta property=\"article:publisher\" content=\"https:\/\/www.facebook.com\/svenskamagasinet\" \/>\n<meta property=\"article:published_time\" content=\"2013-10-13T22:00:00+00:00\" \/>\n<meta property=\"og:image\" content=\"https:\/\/lightweb.dev\/l\/svm-temp\/wp-content\/uploads\/2022\/04\/advokatspalten-vad-ska-man-tnka-p-nr-man-kper-ett-fretag-i-spanien.png\" \/>\n\t<meta property=\"og:image:width\" content=\"280\" \/>\n\t<meta property=\"og:image:height\" content=\"420\" \/>\n\t<meta property=\"og:image:type\" content=\"image\/png\" \/>\n<meta name=\"author\" content=\"Redaktionen SvM\" \/>\n<meta name=\"twitter:card\" content=\"summary_large_image\" \/>\n<meta name=\"twitter:creator\" content=\"@SvenskaMagasine\" \/>\n<meta name=\"twitter:site\" content=\"@SvenskaMagasine\" \/>\n<script type=\"application\/ld+json\" class=\"yoast-schema-graph\">{\"@context\":\"https:\\\/\\\/schema.org\",\"@graph\":[{\"@type\":\"Article\",\"@id\":\"https:\\\/\\\/lightweb.dev\\\/l\\\/svm-temp\\\/artiklar\\\/advokatspalten-vad-ska-man-tanka-pa-nar-man-koper-ett-foretag-i-spanien\\\/#article\",\"isPartOf\":{\"@id\":\"https:\\\/\\\/lightweb.dev\\\/l\\\/svm-temp\\\/artiklar\\\/advokatspalten-vad-ska-man-tanka-pa-nar-man-koper-ett-foretag-i-spanien\\\/\"},\"author\":{\"name\":\"Redaktionen SvM\",\"@id\":\"https:\\\/\\\/lightweb.dev\\\/l\\\/svm-temp\\\/#\\\/schema\\\/person\\\/206a3bda5b607b0c25e1749191e4d837\"},\"headline\":\"Advokatspalten: Vad ska man t\u00e4nka p\u00e5 n\u00e4r man k\u00f6per ett f\u00f6retag i Spanien?\",\"datePublished\":\"2013-10-13T22:00:00+00:00\",\"mainEntityOfPage\":{\"@id\":\"https:\\\/\\\/lightweb.dev\\\/l\\\/svm-temp\\\/artiklar\\\/advokatspalten-vad-ska-man-tanka-pa-nar-man-koper-ett-foretag-i-spanien\\\/\"},\"wordCount\":486,\"commentCount\":0,\"publisher\":{\"@id\":\"https:\\\/\\\/lightweb.dev\\\/l\\\/svm-temp\\\/#organization\"},\"image\":{\"@id\":\"https:\\\/\\\/lightweb.dev\\\/l\\\/svm-temp\\\/artiklar\\\/advokatspalten-vad-ska-man-tanka-pa-nar-man-koper-ett-foretag-i-spanien\\\/#primaryimage\"},\"thumbnailUrl\":\"https:\\\/\\\/lightweb.dev\\\/l\\\/svm-temp\\\/wp-content\\\/uploads\\\/2022\\\/04\\\/advokatspalten-vad-ska-man-tnka-p-nr-man-kper-ett-fretag-i-spanien.png\",\"articleSection\":[\"Arkiv\",\"Artiklar\"],\"inLanguage\":\"sv-SE\"},{\"@type\":\"WebPage\",\"@id\":\"https:\\\/\\\/lightweb.dev\\\/l\\\/svm-temp\\\/artiklar\\\/advokatspalten-vad-ska-man-tanka-pa-nar-man-koper-ett-foretag-i-spanien\\\/\",\"url\":\"https:\\\/\\\/lightweb.dev\\\/l\\\/svm-temp\\\/artiklar\\\/advokatspalten-vad-ska-man-tanka-pa-nar-man-koper-ett-foretag-i-spanien\\\/\",\"name\":\"Advokatspalten: Vad ska man t\u00e4nka p\u00e5 n\u00e4r man k\u00f6per ett f\u00f6retag i Spanien? - Svenska Magasinet\",\"isPartOf\":{\"@id\":\"https:\\\/\\\/lightweb.dev\\\/l\\\/svm-temp\\\/#website\"},\"primaryImageOfPage\":{\"@id\":\"https:\\\/\\\/lightweb.dev\\\/l\\\/svm-temp\\\/artiklar\\\/advokatspalten-vad-ska-man-tanka-pa-nar-man-koper-ett-foretag-i-spanien\\\/#primaryimage\"},\"image\":{\"@id\":\"https:\\\/\\\/lightweb.dev\\\/l\\\/svm-temp\\\/artiklar\\\/advokatspalten-vad-ska-man-tanka-pa-nar-man-koper-ett-foretag-i-spanien\\\/#primaryimage\"},\"thumbnailUrl\":\"https:\\\/\\\/lightweb.dev\\\/l\\\/svm-temp\\\/wp-content\\\/uploads\\\/2022\\\/04\\\/advokatspalten-vad-ska-man-tnka-p-nr-man-kper-ett-fretag-i-spanien.png\",\"datePublished\":\"2013-10-13T22:00:00+00:00\",\"breadcrumb\":{\"@id\":\"https:\\\/\\\/lightweb.dev\\\/l\\\/svm-temp\\\/artiklar\\\/advokatspalten-vad-ska-man-tanka-pa-nar-man-koper-ett-foretag-i-spanien\\\/#breadcrumb\"},\"inLanguage\":\"sv-SE\",\"potentialAction\":[{\"@type\":\"ReadAction\",\"target\":[\"https:\\\/\\\/lightweb.dev\\\/l\\\/svm-temp\\\/artiklar\\\/advokatspalten-vad-ska-man-tanka-pa-nar-man-koper-ett-foretag-i-spanien\\\/\"]}]},{\"@type\":\"ImageObject\",\"inLanguage\":\"sv-SE\",\"@id\":\"https:\\\/\\\/lightweb.dev\\\/l\\\/svm-temp\\\/artiklar\\\/advokatspalten-vad-ska-man-tanka-pa-nar-man-koper-ett-foretag-i-spanien\\\/#primaryimage\",\"url\":\"https:\\\/\\\/lightweb.dev\\\/l\\\/svm-temp\\\/wp-content\\\/uploads\\\/2022\\\/04\\\/advokatspalten-vad-ska-man-tnka-p-nr-man-kper-ett-fretag-i-spanien.png\",\"contentUrl\":\"https:\\\/\\\/lightweb.dev\\\/l\\\/svm-temp\\\/wp-content\\\/uploads\\\/2022\\\/04\\\/advokatspalten-vad-ska-man-tnka-p-nr-man-kper-ett-fretag-i-spanien.png\",\"width\":280,\"height\":420},{\"@type\":\"BreadcrumbList\",\"@id\":\"https:\\\/\\\/lightweb.dev\\\/l\\\/svm-temp\\\/artiklar\\\/advokatspalten-vad-ska-man-tanka-pa-nar-man-koper-ett-foretag-i-spanien\\\/#breadcrumb\",\"itemListElement\":[{\"@type\":\"ListItem\",\"position\":1,\"name\":\"Hem\",\"item\":\"https:\\\/\\\/lightweb.dev\\\/l\\\/svm-temp\\\/\"},{\"@type\":\"ListItem\",\"position\":2,\"name\":\"Advokatspalten: Vad ska man t\u00e4nka p\u00e5 n\u00e4r man k\u00f6per ett f\u00f6retag i Spanien?\"}]},{\"@type\":\"WebSite\",\"@id\":\"https:\\\/\\\/lightweb.dev\\\/l\\\/svm-temp\\\/#website\",\"url\":\"https:\\\/\\\/lightweb.dev\\\/l\\\/svm-temp\\\/\",\"name\":\"Svenska Magasinet\",\"description\":\"Dina Spanska nyheter p&aring; Svenska\",\"publisher\":{\"@id\":\"https:\\\/\\\/lightweb.dev\\\/l\\\/svm-temp\\\/#organization\"},\"potentialAction\":[{\"@type\":\"SearchAction\",\"target\":{\"@type\":\"EntryPoint\",\"urlTemplate\":\"https:\\\/\\\/lightweb.dev\\\/l\\\/svm-temp\\\/?s={search_term_string}\"},\"query-input\":{\"@type\":\"PropertyValueSpecification\",\"valueRequired\":true,\"valueName\":\"search_term_string\"}}],\"inLanguage\":\"sv-SE\"},{\"@type\":\"Organization\",\"@id\":\"https:\\\/\\\/lightweb.dev\\\/l\\\/svm-temp\\\/#organization\",\"name\":\"Melkerson y Nott SL\",\"alternateName\":\"Svenska Magasinet\",\"url\":\"https:\\\/\\\/lightweb.dev\\\/l\\\/svm-temp\\\/\",\"logo\":{\"@type\":\"ImageObject\",\"inLanguage\":\"sv-SE\",\"@id\":\"https:\\\/\\\/lightweb.dev\\\/l\\\/svm-temp\\\/#\\\/schema\\\/logo\\\/image\\\/\",\"url\":\"https:\\\/\\\/lightweb.dev\\\/l\\\/svm-temp\\\/wp-content\\\/uploads\\\/2025\\\/02\\\/SvM-logo-Xtra-Centrerad-SVART.png\",\"contentUrl\":\"https:\\\/\\\/lightweb.dev\\\/l\\\/svm-temp\\\/wp-content\\\/uploads\\\/2025\\\/02\\\/SvM-logo-Xtra-Centrerad-SVART.png\",\"width\":300,\"height\":99,\"caption\":\"Melkerson y Nott SL\"},\"image\":{\"@id\":\"https:\\\/\\\/lightweb.dev\\\/l\\\/svm-temp\\\/#\\\/schema\\\/logo\\\/image\\\/\"},\"sameAs\":[\"https:\\\/\\\/www.facebook.com\\\/svenskamagasinet\",\"https:\\\/\\\/x.com\\\/SvenskaMagasine\"]},{\"@type\":\"Person\",\"@id\":\"https:\\\/\\\/lightweb.dev\\\/l\\\/svm-temp\\\/#\\\/schema\\\/person\\\/206a3bda5b607b0c25e1749191e4d837\",\"name\":\"Redaktionen SvM\",\"description\":\"Redaktionen\",\"sameAs\":[\"https:\\\/\\\/lightweb.dev\\\/l\\\/svm-temp\"],\"url\":\"https:\\\/\\\/lightweb.dev\\\/l\\\/svm-temp\\\/reporter\\\/redaktionen\\\/\"}]}<\/script>\n<!-- \/ Yoast SEO Premium plugin. -->","yoast_head_json":{"title":"Advokatspalten: Vad ska man t\u00e4nka p\u00e5 n\u00e4r man k\u00f6per ett f\u00f6retag i Spanien? - Svenska Magasinet","robots":{"index":"noindex","follow":"follow","max-snippet":"max-snippet:-1","max-image-preview":"max-image-preview:large","max-video-preview":"max-video-preview:-1"},"og_locale":"sv_SE","og_type":"article","og_title":"Advokatspalten: Vad ska man t\u00e4nka p\u00e5 n\u00e4r man k\u00f6per ett f\u00f6retag i Spanien?","og_description":"Hej! Jag har sett en annons p\u00e5 en befintlig restaurangr\u00f6relse till salu i Marbella, som vi skulle vara intresserade av att k\u00f6pa. Jag och min hustru t\u00e4nkte driva verksamheten tillsammans. Vad ska vi t\u00e4nka p\u00e5 vad g\u00e4ller k\u00f6pet? Av Jessica Kamph Svar: Oavsett vilken typ av r\u00f6relse man ska k\u00f6pa; restaurangr\u00f6relse, h\u00e5rsalong, fastighetsbolag osv, finns [&hellip;]","og_url":"https:\/\/lightweb.dev\/l\/svm-temp\/artiklar\/advokatspalten-vad-ska-man-tanka-pa-nar-man-koper-ett-foretag-i-spanien\/","og_site_name":"Svenska Magasinet","article_publisher":"https:\/\/www.facebook.com\/svenskamagasinet","article_published_time":"2013-10-13T22:00:00+00:00","og_image":[{"width":280,"height":420,"url":"https:\/\/lightweb.dev\/l\/svm-temp\/wp-content\/uploads\/2022\/04\/advokatspalten-vad-ska-man-tnka-p-nr-man-kper-ett-fretag-i-spanien.png","type":"image\/png"}],"author":"Redaktionen SvM","twitter_card":"summary_large_image","twitter_creator":"@SvenskaMagasine","twitter_site":"@SvenskaMagasine","schema":{"@context":"https:\/\/schema.org","@graph":[{"@type":"Article","@id":"https:\/\/lightweb.dev\/l\/svm-temp\/artiklar\/advokatspalten-vad-ska-man-tanka-pa-nar-man-koper-ett-foretag-i-spanien\/#article","isPartOf":{"@id":"https:\/\/lightweb.dev\/l\/svm-temp\/artiklar\/advokatspalten-vad-ska-man-tanka-pa-nar-man-koper-ett-foretag-i-spanien\/"},"author":{"name":"Redaktionen SvM","@id":"https:\/\/lightweb.dev\/l\/svm-temp\/#\/schema\/person\/206a3bda5b607b0c25e1749191e4d837"},"headline":"Advokatspalten: Vad ska man t\u00e4nka p\u00e5 n\u00e4r man k\u00f6per ett f\u00f6retag i Spanien?","datePublished":"2013-10-13T22:00:00+00:00","mainEntityOfPage":{"@id":"https:\/\/lightweb.dev\/l\/svm-temp\/artiklar\/advokatspalten-vad-ska-man-tanka-pa-nar-man-koper-ett-foretag-i-spanien\/"},"wordCount":486,"commentCount":0,"publisher":{"@id":"https:\/\/lightweb.dev\/l\/svm-temp\/#organization"},"image":{"@id":"https:\/\/lightweb.dev\/l\/svm-temp\/artiklar\/advokatspalten-vad-ska-man-tanka-pa-nar-man-koper-ett-foretag-i-spanien\/#primaryimage"},"thumbnailUrl":"https:\/\/lightweb.dev\/l\/svm-temp\/wp-content\/uploads\/2022\/04\/advokatspalten-vad-ska-man-tnka-p-nr-man-kper-ett-fretag-i-spanien.png","articleSection":["Arkiv","Artiklar"],"inLanguage":"sv-SE"},{"@type":"WebPage","@id":"https:\/\/lightweb.dev\/l\/svm-temp\/artiklar\/advokatspalten-vad-ska-man-tanka-pa-nar-man-koper-ett-foretag-i-spanien\/","url":"https:\/\/lightweb.dev\/l\/svm-temp\/artiklar\/advokatspalten-vad-ska-man-tanka-pa-nar-man-koper-ett-foretag-i-spanien\/","name":"Advokatspalten: Vad ska man t\u00e4nka p\u00e5 n\u00e4r man k\u00f6per ett f\u00f6retag i Spanien? - Svenska Magasinet","isPartOf":{"@id":"https:\/\/lightweb.dev\/l\/svm-temp\/#website"},"primaryImageOfPage":{"@id":"https:\/\/lightweb.dev\/l\/svm-temp\/artiklar\/advokatspalten-vad-ska-man-tanka-pa-nar-man-koper-ett-foretag-i-spanien\/#primaryimage"},"image":{"@id":"https:\/\/lightweb.dev\/l\/svm-temp\/artiklar\/advokatspalten-vad-ska-man-tanka-pa-nar-man-koper-ett-foretag-i-spanien\/#primaryimage"},"thumbnailUrl":"https:\/\/lightweb.dev\/l\/svm-temp\/wp-content\/uploads\/2022\/04\/advokatspalten-vad-ska-man-tnka-p-nr-man-kper-ett-fretag-i-spanien.png","datePublished":"2013-10-13T22:00:00+00:00","breadcrumb":{"@id":"https:\/\/lightweb.dev\/l\/svm-temp\/artiklar\/advokatspalten-vad-ska-man-tanka-pa-nar-man-koper-ett-foretag-i-spanien\/#breadcrumb"},"inLanguage":"sv-SE","potentialAction":[{"@type":"ReadAction","target":["https:\/\/lightweb.dev\/l\/svm-temp\/artiklar\/advokatspalten-vad-ska-man-tanka-pa-nar-man-koper-ett-foretag-i-spanien\/"]}]},{"@type":"ImageObject","inLanguage":"sv-SE","@id":"https:\/\/lightweb.dev\/l\/svm-temp\/artiklar\/advokatspalten-vad-ska-man-tanka-pa-nar-man-koper-ett-foretag-i-spanien\/#primaryimage","url":"https:\/\/lightweb.dev\/l\/svm-temp\/wp-content\/uploads\/2022\/04\/advokatspalten-vad-ska-man-tnka-p-nr-man-kper-ett-fretag-i-spanien.png","contentUrl":"https:\/\/lightweb.dev\/l\/svm-temp\/wp-content\/uploads\/2022\/04\/advokatspalten-vad-ska-man-tnka-p-nr-man-kper-ett-fretag-i-spanien.png","width":280,"height":420},{"@type":"BreadcrumbList","@id":"https:\/\/lightweb.dev\/l\/svm-temp\/artiklar\/advokatspalten-vad-ska-man-tanka-pa-nar-man-koper-ett-foretag-i-spanien\/#breadcrumb","itemListElement":[{"@type":"ListItem","position":1,"name":"Hem","item":"https:\/\/lightweb.dev\/l\/svm-temp\/"},{"@type":"ListItem","position":2,"name":"Advokatspalten: Vad ska man t\u00e4nka p\u00e5 n\u00e4r man k\u00f6per ett f\u00f6retag i Spanien?"}]},{"@type":"WebSite","@id":"https:\/\/lightweb.dev\/l\/svm-temp\/#website","url":"https:\/\/lightweb.dev\/l\/svm-temp\/","name":"Svenska Magasinet","description":"Dina Spanska nyheter p&aring; Svenska","publisher":{"@id":"https:\/\/lightweb.dev\/l\/svm-temp\/#organization"},"potentialAction":[{"@type":"SearchAction","target":{"@type":"EntryPoint","urlTemplate":"https:\/\/lightweb.dev\/l\/svm-temp\/?s={search_term_string}"},"query-input":{"@type":"PropertyValueSpecification","valueRequired":true,"valueName":"search_term_string"}}],"inLanguage":"sv-SE"},{"@type":"Organization","@id":"https:\/\/lightweb.dev\/l\/svm-temp\/#organization","name":"Melkerson y Nott SL","alternateName":"Svenska Magasinet","url":"https:\/\/lightweb.dev\/l\/svm-temp\/","logo":{"@type":"ImageObject","inLanguage":"sv-SE","@id":"https:\/\/lightweb.dev\/l\/svm-temp\/#\/schema\/logo\/image\/","url":"https:\/\/lightweb.dev\/l\/svm-temp\/wp-content\/uploads\/2025\/02\/SvM-logo-Xtra-Centrerad-SVART.png","contentUrl":"https:\/\/lightweb.dev\/l\/svm-temp\/wp-content\/uploads\/2025\/02\/SvM-logo-Xtra-Centrerad-SVART.png","width":300,"height":99,"caption":"Melkerson y Nott SL"},"image":{"@id":"https:\/\/lightweb.dev\/l\/svm-temp\/#\/schema\/logo\/image\/"},"sameAs":["https:\/\/www.facebook.com\/svenskamagasinet","https:\/\/x.com\/SvenskaMagasine"]},{"@type":"Person","@id":"https:\/\/lightweb.dev\/l\/svm-temp\/#\/schema\/person\/206a3bda5b607b0c25e1749191e4d837","name":"Redaktionen SvM","description":"Redaktionen","sameAs":["https:\/\/lightweb.dev\/l\/svm-temp"],"url":"https:\/\/lightweb.dev\/l\/svm-temp\/reporter\/redaktionen\/"}]}},"_links":{"self":[{"href":"https:\/\/lightweb.dev\/l\/svm-temp\/wp-json\/wp\/v2\/posts\/4057","targetHints":{"allow":["GET"]}}],"collection":[{"href":"https:\/\/lightweb.dev\/l\/svm-temp\/wp-json\/wp\/v2\/posts"}],"about":[{"href":"https:\/\/lightweb.dev\/l\/svm-temp\/wp-json\/wp\/v2\/types\/post"}],"author":[{"embeddable":true,"href":"https:\/\/lightweb.dev\/l\/svm-temp\/wp-json\/wp\/v2\/users\/8"}],"replies":[{"embeddable":true,"href":"https:\/\/lightweb.dev\/l\/svm-temp\/wp-json\/wp\/v2\/comments?post=4057"}],"version-history":[{"count":0,"href":"https:\/\/lightweb.dev\/l\/svm-temp\/wp-json\/wp\/v2\/posts\/4057\/revisions"}],"wp:featuredmedia":[{"embeddable":true,"href":"https:\/\/lightweb.dev\/l\/svm-temp\/wp-json\/wp\/v2\/media\/4058"}],"wp:attachment":[{"href":"https:\/\/lightweb.dev\/l\/svm-temp\/wp-json\/wp\/v2\/media?parent=4057"}],"wp:term":[{"taxonomy":"category","embeddable":true,"href":"https:\/\/lightweb.dev\/l\/svm-temp\/wp-json\/wp\/v2\/categories?post=4057"},{"taxonomy":"post_tag","embeddable":true,"href":"https:\/\/lightweb.dev\/l\/svm-temp\/wp-json\/wp\/v2\/tags?post=4057"}],"curies":[{"name":"wp","href":"https:\/\/api.w.org\/{rel}","templated":true}]}}