{"id":4081,"date":"2013-10-10T00:00:00","date_gmt":"2013-10-09T22:00:00","guid":{"rendered":"https:\/\/lightweb.dev\/l\/svm-temp\/statistik-pa-langden-och-tvaren\/"},"modified":"2013-10-10T00:00:00","modified_gmt":"2013-10-09T22:00:00","slug":"statistik-pa-langden-och-tvaren","status":"publish","type":"post","link":"https:\/\/lightweb.dev\/l\/svm-temp\/artiklar\/statistik-pa-langden-och-tvaren\/","title":{"rendered":"Statistik p\u00e5 l\u00e4ngden och tv\u00e4ren"},"content":{"rendered":"<p> I USA reviderade man nyligen upp BNP f\u00f6r andra kvartalet rej\u00e4lt till 2,5 procent j\u00e4mf\u00f6rt med samma period i fjol. D\u00e4rmed \u00f6vertr\u00e4ffades analytikernas prognoser p\u00e5 2,2 procent och den ursprungliga snabbprognosen p\u00e5 1,7 procent kom p\u00e5 skam. Det inneb\u00e4r att den amerikanska ekonomin v\u00e4xte dubbelt s\u00e5 snabbt under \u00e5rets andra kvartal som under det f\u00f6rsta. Av Jesper Hertz, Chief Representative Nordea Bank S.A.<\/p>\n<p>De fr\u00e4msta orsakerna var en f\u00f6rv\u00e5nansv\u00e4rt stark uppg\u00e5ng p\u00e5 bostadsmarknaden och en ov\u00e4ntat stor \u00f6kning f\u00f6r f\u00f6retagens investeringar: antalet nystartade husbyggen steg med 12,9 procent under andra kvartalet \u2013 fj\u00e4rde kvartalet i rad med en tv\u00e5siffrig \u00f6kning \u2013 och f\u00f6retagens investeringar tog ett rej\u00e4lt skutt p\u00e5 16,1 procent. Dessutom var lageroms\u00e4ttningen i detaljhandeln betydligt st\u00f6rre \u00e4n vad man tidigare v\u00e4ntat, vilket tyder p\u00e5 h\u00f6gre konsumtion.<\/p>\n<p>BNP-rapporten speglar ocks\u00e5 att underskottet i den amerikanska handelsbalansen har minskat m\u00e4rkbart. I juni uppgick underskottet till 34,5 miljarder dollar, den l\u00e4gsta niv\u00e5n sedan 2009, j\u00e4mf\u00f6rt med 43,7 miljarder dollar i maj. Den f\u00f6rsta prognosen f\u00f6r juli ligger dock p\u00e5 39,1 miljarder. Det fr\u00e4msta sk\u00e4let till den stora nedg\u00e5ngen tros vara minskad efterfr\u00e5gan p\u00e5 importerad olja till f\u00f6ljd av \u00f6kad utvinning av skiffergas och skifferolja genom hydraulisk spr\u00e4ckning (fracking) och andra innovationer p\u00e5 energiomr\u00e5det.<\/p>\n<p>USA:s tillv\u00e4xt under andra kvartalet kan ocks\u00e5 ha gynnats av att man anammat en ny metod f\u00f6r att ber\u00e4kna BNP. Numera ing\u00e5r det ber\u00e4knade v\u00e4rdet p\u00e5 olika varor och tj\u00e4nster som tidigare inte funnits med i ekvationen (till exempel produktionskostnader inom television, film och musik, forskning och utveckling, med mera). Tanken \u00e4r att BNP h\u00e4danefter ska f\u00e5nga in de allt viktigare immateriella tillg\u00e5ngarna i ekonomin ist\u00e4llet f\u00f6r att ensidigt fokusera p\u00e5 industri- och jordbruksproduktionen. Den h\u00e4r f\u00f6r\u00e4ndringen kan f\u00e5 USA:s ekonomi att v\u00e4xa med hela 370 miljarder dollar.<\/p>\n<p>Stora orosmoln<br \/>\nDet \u00e4r fortfarande inte s\u00e4kert om den amerikanska ekonomin kan forts\u00e4tta att v\u00e4xa i samma takt som den verkade g\u00f6ra under andra kvartalet i \u00e5r. Om kommande statistik, s\u00e4rskilt f\u00f6r syssels\u00e4ttningen och arbetsl\u00f6sheten, bekr\u00e4ftar att s\u00e5 \u00e4r fallet, drar Federal Reserve sannolikt ned p\u00e5 sina obligationsk\u00f6p. Det \u00e4r sv\u00e5rt att fastst\u00e4lla hur mycket dessa st\u00f6dk\u00f6p har stimulerat tillv\u00e4xten i USA, men en neddragning kan destabilisera ekonomin.<\/p>\n<p>Men finns det stora orosmoln vid horisonten. Det aktuella geopolitiska l\u00e4get har pressat upp oljepriset och ett eventuellt milit\u00e4rt ingripande i Syrien kommer att medf\u00f6ra stora kostnader.<\/p>\n<p>Dessutom kvarst\u00e5r den p\u00e5 intet s\u00e4tt oviktiga fr\u00e5gan om det amerikanska finansdepartementets skuldtak p\u00e5 16,7 biljoner dollar. USA ber\u00e4knas n\u00e5 skuldtaket i mitten av oktober och sedan kan staten inte l\u00e4ngre l\u00e5na pengar och d\u00e4rmed inte klara sina betalningar. F\u00f6r att l\u00f6sa denna fr\u00e5ga kr\u00e4vs en \u00f6verenskommelse mellan republikanerna och demokraterna. Att inte g\u00f6ra n\u00e5gonting har f\u00f6rst\u00e5s sitt pris, men de kompromisser som kanske m\u00e5ste g\u00f6ras f\u00f6r att h\u00f6ja taket kan ocks\u00e5 straffa sig.<\/p>\n<p>Den amerikanska ekonomin klarade de budgetnedsk\u00e4rningar som kr\u00e4vdes f\u00f6r att undvika budgetstupet i januari, men det \u00e4r l\u00e5ngt ifr\u00e5n s\u00e4kert att ekonomin fixar skivan en g\u00e5ng till.<\/p>\n","protected":false},"excerpt":{"rendered":"<p>I USA reviderade man nyligen upp BNP f\u00f6r andra kvartalet rej\u00e4lt till 2,5 procent j\u00e4mf\u00f6rt med samma period i fjol. D\u00e4rmed \u00f6vertr\u00e4ffades analytikernas prognoser p\u00e5 2,2 procent och den ursprungliga snabbprognosen p\u00e5 1,7 procent kom p\u00e5 skam. Det inneb\u00e4r att den amerikanska ekonomin v\u00e4xte dubbelt s\u00e5 snabbt under \u00e5rets andra kvartal som under det f\u00f6rsta. [&hellip;]<\/p>\n","protected":false},"author":8,"featured_media":4082,"comment_status":"open","ping_status":"open","sticky":false,"template":"","format":"standard","meta":{"_et_pb_use_builder":"","_et_pb_old_content":"","_et_gb_content_width":"","footnotes":""},"categories":[4,398],"tags":[],"class_list":["post-4081","post","type-post","status-publish","format-standard","has-post-thumbnail","hentry","category-artiklar","category-naringsliv"],"yoast_head":"<!-- This site is optimized with the Yoast SEO Premium plugin v26.2 (Yoast SEO v27.5) - https:\/\/yoast.com\/product\/yoast-seo-premium-wordpress\/ -->\n<title>Statistik p\u00e5 l\u00e4ngden och tv\u00e4ren - Svenska Magasinet<\/title>\n<meta name=\"robots\" content=\"noindex, follow, max-snippet:-1, max-image-preview:large, max-video-preview:-1\" \/>\n<meta property=\"og:locale\" content=\"sv_SE\" \/>\n<meta property=\"og:type\" content=\"article\" \/>\n<meta property=\"og:title\" content=\"Statistik p\u00e5 l\u00e4ngden och tv\u00e4ren\" \/>\n<meta property=\"og:description\" content=\"I USA reviderade man nyligen upp BNP f\u00f6r andra kvartalet rej\u00e4lt till 2,5 procent j\u00e4mf\u00f6rt med samma period i fjol. D\u00e4rmed \u00f6vertr\u00e4ffades analytikernas prognoser p\u00e5 2,2 procent och den ursprungliga snabbprognosen p\u00e5 1,7 procent kom p\u00e5 skam. Det inneb\u00e4r att den amerikanska ekonomin v\u00e4xte dubbelt s\u00e5 snabbt under \u00e5rets andra kvartal som under det f\u00f6rsta. [&hellip;]\" \/>\n<meta property=\"og:url\" content=\"https:\/\/lightweb.dev\/l\/svm-temp\/artiklar\/statistik-pa-langden-och-tvaren\/\" \/>\n<meta property=\"og:site_name\" content=\"Svenska Magasinet\" \/>\n<meta property=\"article:publisher\" content=\"https:\/\/www.facebook.com\/svenskamagasinet\" \/>\n<meta property=\"article:published_time\" content=\"2013-10-09T22:00:00+00:00\" \/>\n<meta property=\"og:image\" content=\"https:\/\/lightweb.dev\/l\/svm-temp\/wp-content\/uploads\/2022\/04\/statistik-p-lngden-och-tvren.png\" \/>\n\t<meta property=\"og:image:width\" content=\"280\" \/>\n\t<meta property=\"og:image:height\" content=\"351\" \/>\n\t<meta property=\"og:image:type\" content=\"image\/png\" \/>\n<meta name=\"author\" content=\"Redaktionen SvM\" \/>\n<meta name=\"twitter:card\" content=\"summary_large_image\" \/>\n<meta name=\"twitter:creator\" content=\"@SvenskaMagasine\" \/>\n<meta name=\"twitter:site\" content=\"@SvenskaMagasine\" \/>\n<script type=\"application\/ld+json\" class=\"yoast-schema-graph\">{\"@context\":\"https:\\\/\\\/schema.org\",\"@graph\":[{\"@type\":\"Article\",\"@id\":\"https:\\\/\\\/lightweb.dev\\\/l\\\/svm-temp\\\/artiklar\\\/statistik-pa-langden-och-tvaren\\\/#article\",\"isPartOf\":{\"@id\":\"https:\\\/\\\/lightweb.dev\\\/l\\\/svm-temp\\\/artiklar\\\/statistik-pa-langden-och-tvaren\\\/\"},\"author\":{\"name\":\"Redaktionen SvM\",\"@id\":\"https:\\\/\\\/lightweb.dev\\\/l\\\/svm-temp\\\/#\\\/schema\\\/person\\\/206a3bda5b607b0c25e1749191e4d837\"},\"headline\":\"Statistik p\u00e5 l\u00e4ngden och tv\u00e4ren\",\"datePublished\":\"2013-10-09T22:00:00+00:00\",\"mainEntityOfPage\":{\"@id\":\"https:\\\/\\\/lightweb.dev\\\/l\\\/svm-temp\\\/artiklar\\\/statistik-pa-langden-och-tvaren\\\/\"},\"wordCount\":582,\"commentCount\":0,\"publisher\":{\"@id\":\"https:\\\/\\\/lightweb.dev\\\/l\\\/svm-temp\\\/#organization\"},\"image\":{\"@id\":\"https:\\\/\\\/lightweb.dev\\\/l\\\/svm-temp\\\/artiklar\\\/statistik-pa-langden-och-tvaren\\\/#primaryimage\"},\"thumbnailUrl\":\"https:\\\/\\\/lightweb.dev\\\/l\\\/svm-temp\\\/wp-content\\\/uploads\\\/2022\\\/04\\\/statistik-p-lngden-och-tvren.png\",\"articleSection\":[\"Artiklar\",\"N\u00e4ringsliv\"],\"inLanguage\":\"sv-SE\"},{\"@type\":\"WebPage\",\"@id\":\"https:\\\/\\\/lightweb.dev\\\/l\\\/svm-temp\\\/artiklar\\\/statistik-pa-langden-och-tvaren\\\/\",\"url\":\"https:\\\/\\\/lightweb.dev\\\/l\\\/svm-temp\\\/artiklar\\\/statistik-pa-langden-och-tvaren\\\/\",\"name\":\"Statistik p\u00e5 l\u00e4ngden och tv\u00e4ren - Svenska Magasinet\",\"isPartOf\":{\"@id\":\"https:\\\/\\\/lightweb.dev\\\/l\\\/svm-temp\\\/#website\"},\"primaryImageOfPage\":{\"@id\":\"https:\\\/\\\/lightweb.dev\\\/l\\\/svm-temp\\\/artiklar\\\/statistik-pa-langden-och-tvaren\\\/#primaryimage\"},\"image\":{\"@id\":\"https:\\\/\\\/lightweb.dev\\\/l\\\/svm-temp\\\/artiklar\\\/statistik-pa-langden-och-tvaren\\\/#primaryimage\"},\"thumbnailUrl\":\"https:\\\/\\\/lightweb.dev\\\/l\\\/svm-temp\\\/wp-content\\\/uploads\\\/2022\\\/04\\\/statistik-p-lngden-och-tvren.png\",\"datePublished\":\"2013-10-09T22:00:00+00:00\",\"breadcrumb\":{\"@id\":\"https:\\\/\\\/lightweb.dev\\\/l\\\/svm-temp\\\/artiklar\\\/statistik-pa-langden-och-tvaren\\\/#breadcrumb\"},\"inLanguage\":\"sv-SE\",\"potentialAction\":[{\"@type\":\"ReadAction\",\"target\":[\"https:\\\/\\\/lightweb.dev\\\/l\\\/svm-temp\\\/artiklar\\\/statistik-pa-langden-och-tvaren\\\/\"]}]},{\"@type\":\"ImageObject\",\"inLanguage\":\"sv-SE\",\"@id\":\"https:\\\/\\\/lightweb.dev\\\/l\\\/svm-temp\\\/artiklar\\\/statistik-pa-langden-och-tvaren\\\/#primaryimage\",\"url\":\"https:\\\/\\\/lightweb.dev\\\/l\\\/svm-temp\\\/wp-content\\\/uploads\\\/2022\\\/04\\\/statistik-p-lngden-och-tvren.png\",\"contentUrl\":\"https:\\\/\\\/lightweb.dev\\\/l\\\/svm-temp\\\/wp-content\\\/uploads\\\/2022\\\/04\\\/statistik-p-lngden-och-tvren.png\",\"width\":280,\"height\":351},{\"@type\":\"BreadcrumbList\",\"@id\":\"https:\\\/\\\/lightweb.dev\\\/l\\\/svm-temp\\\/artiklar\\\/statistik-pa-langden-och-tvaren\\\/#breadcrumb\",\"itemListElement\":[{\"@type\":\"ListItem\",\"position\":1,\"name\":\"Hem\",\"item\":\"https:\\\/\\\/lightweb.dev\\\/l\\\/svm-temp\\\/\"},{\"@type\":\"ListItem\",\"position\":2,\"name\":\"Statistik p\u00e5 l\u00e4ngden och tv\u00e4ren\"}]},{\"@type\":\"WebSite\",\"@id\":\"https:\\\/\\\/lightweb.dev\\\/l\\\/svm-temp\\\/#website\",\"url\":\"https:\\\/\\\/lightweb.dev\\\/l\\\/svm-temp\\\/\",\"name\":\"Svenska Magasinet\",\"description\":\"Dina Spanska nyheter p&aring; Svenska\",\"publisher\":{\"@id\":\"https:\\\/\\\/lightweb.dev\\\/l\\\/svm-temp\\\/#organization\"},\"potentialAction\":[{\"@type\":\"SearchAction\",\"target\":{\"@type\":\"EntryPoint\",\"urlTemplate\":\"https:\\\/\\\/lightweb.dev\\\/l\\\/svm-temp\\\/?s={search_term_string}\"},\"query-input\":{\"@type\":\"PropertyValueSpecification\",\"valueRequired\":true,\"valueName\":\"search_term_string\"}}],\"inLanguage\":\"sv-SE\"},{\"@type\":\"Organization\",\"@id\":\"https:\\\/\\\/lightweb.dev\\\/l\\\/svm-temp\\\/#organization\",\"name\":\"Melkerson y Nott SL\",\"alternateName\":\"Svenska Magasinet\",\"url\":\"https:\\\/\\\/lightweb.dev\\\/l\\\/svm-temp\\\/\",\"logo\":{\"@type\":\"ImageObject\",\"inLanguage\":\"sv-SE\",\"@id\":\"https:\\\/\\\/lightweb.dev\\\/l\\\/svm-temp\\\/#\\\/schema\\\/logo\\\/image\\\/\",\"url\":\"https:\\\/\\\/lightweb.dev\\\/l\\\/svm-temp\\\/wp-content\\\/uploads\\\/2025\\\/02\\\/SvM-logo-Xtra-Centrerad-SVART.png\",\"contentUrl\":\"https:\\\/\\\/lightweb.dev\\\/l\\\/svm-temp\\\/wp-content\\\/uploads\\\/2025\\\/02\\\/SvM-logo-Xtra-Centrerad-SVART.png\",\"width\":300,\"height\":99,\"caption\":\"Melkerson y Nott SL\"},\"image\":{\"@id\":\"https:\\\/\\\/lightweb.dev\\\/l\\\/svm-temp\\\/#\\\/schema\\\/logo\\\/image\\\/\"},\"sameAs\":[\"https:\\\/\\\/www.facebook.com\\\/svenskamagasinet\",\"https:\\\/\\\/x.com\\\/SvenskaMagasine\"]},{\"@type\":\"Person\",\"@id\":\"https:\\\/\\\/lightweb.dev\\\/l\\\/svm-temp\\\/#\\\/schema\\\/person\\\/206a3bda5b607b0c25e1749191e4d837\",\"name\":\"Redaktionen SvM\",\"description\":\"Redaktionen\",\"sameAs\":[\"https:\\\/\\\/lightweb.dev\\\/l\\\/svm-temp\"],\"url\":\"https:\\\/\\\/lightweb.dev\\\/l\\\/svm-temp\\\/reporter\\\/redaktionen\\\/\"}]}<\/script>\n<!-- \/ Yoast SEO Premium plugin. -->","yoast_head_json":{"title":"Statistik p\u00e5 l\u00e4ngden och tv\u00e4ren - Svenska Magasinet","robots":{"index":"noindex","follow":"follow","max-snippet":"max-snippet:-1","max-image-preview":"max-image-preview:large","max-video-preview":"max-video-preview:-1"},"og_locale":"sv_SE","og_type":"article","og_title":"Statistik p\u00e5 l\u00e4ngden och tv\u00e4ren","og_description":"I USA reviderade man nyligen upp BNP f\u00f6r andra kvartalet rej\u00e4lt till 2,5 procent j\u00e4mf\u00f6rt med samma period i fjol. D\u00e4rmed \u00f6vertr\u00e4ffades analytikernas prognoser p\u00e5 2,2 procent och den ursprungliga snabbprognosen p\u00e5 1,7 procent kom p\u00e5 skam. Det inneb\u00e4r att den amerikanska ekonomin v\u00e4xte dubbelt s\u00e5 snabbt under \u00e5rets andra kvartal som under det f\u00f6rsta. [&hellip;]","og_url":"https:\/\/lightweb.dev\/l\/svm-temp\/artiklar\/statistik-pa-langden-och-tvaren\/","og_site_name":"Svenska Magasinet","article_publisher":"https:\/\/www.facebook.com\/svenskamagasinet","article_published_time":"2013-10-09T22:00:00+00:00","og_image":[{"width":280,"height":351,"url":"https:\/\/lightweb.dev\/l\/svm-temp\/wp-content\/uploads\/2022\/04\/statistik-p-lngden-och-tvren.png","type":"image\/png"}],"author":"Redaktionen SvM","twitter_card":"summary_large_image","twitter_creator":"@SvenskaMagasine","twitter_site":"@SvenskaMagasine","schema":{"@context":"https:\/\/schema.org","@graph":[{"@type":"Article","@id":"https:\/\/lightweb.dev\/l\/svm-temp\/artiklar\/statistik-pa-langden-och-tvaren\/#article","isPartOf":{"@id":"https:\/\/lightweb.dev\/l\/svm-temp\/artiklar\/statistik-pa-langden-och-tvaren\/"},"author":{"name":"Redaktionen SvM","@id":"https:\/\/lightweb.dev\/l\/svm-temp\/#\/schema\/person\/206a3bda5b607b0c25e1749191e4d837"},"headline":"Statistik p\u00e5 l\u00e4ngden och tv\u00e4ren","datePublished":"2013-10-09T22:00:00+00:00","mainEntityOfPage":{"@id":"https:\/\/lightweb.dev\/l\/svm-temp\/artiklar\/statistik-pa-langden-och-tvaren\/"},"wordCount":582,"commentCount":0,"publisher":{"@id":"https:\/\/lightweb.dev\/l\/svm-temp\/#organization"},"image":{"@id":"https:\/\/lightweb.dev\/l\/svm-temp\/artiklar\/statistik-pa-langden-och-tvaren\/#primaryimage"},"thumbnailUrl":"https:\/\/lightweb.dev\/l\/svm-temp\/wp-content\/uploads\/2022\/04\/statistik-p-lngden-och-tvren.png","articleSection":["Artiklar","N\u00e4ringsliv"],"inLanguage":"sv-SE"},{"@type":"WebPage","@id":"https:\/\/lightweb.dev\/l\/svm-temp\/artiklar\/statistik-pa-langden-och-tvaren\/","url":"https:\/\/lightweb.dev\/l\/svm-temp\/artiklar\/statistik-pa-langden-och-tvaren\/","name":"Statistik p\u00e5 l\u00e4ngden och tv\u00e4ren - Svenska Magasinet","isPartOf":{"@id":"https:\/\/lightweb.dev\/l\/svm-temp\/#website"},"primaryImageOfPage":{"@id":"https:\/\/lightweb.dev\/l\/svm-temp\/artiklar\/statistik-pa-langden-och-tvaren\/#primaryimage"},"image":{"@id":"https:\/\/lightweb.dev\/l\/svm-temp\/artiklar\/statistik-pa-langden-och-tvaren\/#primaryimage"},"thumbnailUrl":"https:\/\/lightweb.dev\/l\/svm-temp\/wp-content\/uploads\/2022\/04\/statistik-p-lngden-och-tvren.png","datePublished":"2013-10-09T22:00:00+00:00","breadcrumb":{"@id":"https:\/\/lightweb.dev\/l\/svm-temp\/artiklar\/statistik-pa-langden-och-tvaren\/#breadcrumb"},"inLanguage":"sv-SE","potentialAction":[{"@type":"ReadAction","target":["https:\/\/lightweb.dev\/l\/svm-temp\/artiklar\/statistik-pa-langden-och-tvaren\/"]}]},{"@type":"ImageObject","inLanguage":"sv-SE","@id":"https:\/\/lightweb.dev\/l\/svm-temp\/artiklar\/statistik-pa-langden-och-tvaren\/#primaryimage","url":"https:\/\/lightweb.dev\/l\/svm-temp\/wp-content\/uploads\/2022\/04\/statistik-p-lngden-och-tvren.png","contentUrl":"https:\/\/lightweb.dev\/l\/svm-temp\/wp-content\/uploads\/2022\/04\/statistik-p-lngden-och-tvren.png","width":280,"height":351},{"@type":"BreadcrumbList","@id":"https:\/\/lightweb.dev\/l\/svm-temp\/artiklar\/statistik-pa-langden-och-tvaren\/#breadcrumb","itemListElement":[{"@type":"ListItem","position":1,"name":"Hem","item":"https:\/\/lightweb.dev\/l\/svm-temp\/"},{"@type":"ListItem","position":2,"name":"Statistik p\u00e5 l\u00e4ngden och tv\u00e4ren"}]},{"@type":"WebSite","@id":"https:\/\/lightweb.dev\/l\/svm-temp\/#website","url":"https:\/\/lightweb.dev\/l\/svm-temp\/","name":"Svenska Magasinet","description":"Dina Spanska nyheter p&aring; Svenska","publisher":{"@id":"https:\/\/lightweb.dev\/l\/svm-temp\/#organization"},"potentialAction":[{"@type":"SearchAction","target":{"@type":"EntryPoint","urlTemplate":"https:\/\/lightweb.dev\/l\/svm-temp\/?s={search_term_string}"},"query-input":{"@type":"PropertyValueSpecification","valueRequired":true,"valueName":"search_term_string"}}],"inLanguage":"sv-SE"},{"@type":"Organization","@id":"https:\/\/lightweb.dev\/l\/svm-temp\/#organization","name":"Melkerson y Nott SL","alternateName":"Svenska Magasinet","url":"https:\/\/lightweb.dev\/l\/svm-temp\/","logo":{"@type":"ImageObject","inLanguage":"sv-SE","@id":"https:\/\/lightweb.dev\/l\/svm-temp\/#\/schema\/logo\/image\/","url":"https:\/\/lightweb.dev\/l\/svm-temp\/wp-content\/uploads\/2025\/02\/SvM-logo-Xtra-Centrerad-SVART.png","contentUrl":"https:\/\/lightweb.dev\/l\/svm-temp\/wp-content\/uploads\/2025\/02\/SvM-logo-Xtra-Centrerad-SVART.png","width":300,"height":99,"caption":"Melkerson y Nott SL"},"image":{"@id":"https:\/\/lightweb.dev\/l\/svm-temp\/#\/schema\/logo\/image\/"},"sameAs":["https:\/\/www.facebook.com\/svenskamagasinet","https:\/\/x.com\/SvenskaMagasine"]},{"@type":"Person","@id":"https:\/\/lightweb.dev\/l\/svm-temp\/#\/schema\/person\/206a3bda5b607b0c25e1749191e4d837","name":"Redaktionen SvM","description":"Redaktionen","sameAs":["https:\/\/lightweb.dev\/l\/svm-temp"],"url":"https:\/\/lightweb.dev\/l\/svm-temp\/reporter\/redaktionen\/"}]}},"_links":{"self":[{"href":"https:\/\/lightweb.dev\/l\/svm-temp\/wp-json\/wp\/v2\/posts\/4081","targetHints":{"allow":["GET"]}}],"collection":[{"href":"https:\/\/lightweb.dev\/l\/svm-temp\/wp-json\/wp\/v2\/posts"}],"about":[{"href":"https:\/\/lightweb.dev\/l\/svm-temp\/wp-json\/wp\/v2\/types\/post"}],"author":[{"embeddable":true,"href":"https:\/\/lightweb.dev\/l\/svm-temp\/wp-json\/wp\/v2\/users\/8"}],"replies":[{"embeddable":true,"href":"https:\/\/lightweb.dev\/l\/svm-temp\/wp-json\/wp\/v2\/comments?post=4081"}],"version-history":[{"count":0,"href":"https:\/\/lightweb.dev\/l\/svm-temp\/wp-json\/wp\/v2\/posts\/4081\/revisions"}],"wp:featuredmedia":[{"embeddable":true,"href":"https:\/\/lightweb.dev\/l\/svm-temp\/wp-json\/wp\/v2\/media\/4082"}],"wp:attachment":[{"href":"https:\/\/lightweb.dev\/l\/svm-temp\/wp-json\/wp\/v2\/media?parent=4081"}],"wp:term":[{"taxonomy":"category","embeddable":true,"href":"https:\/\/lightweb.dev\/l\/svm-temp\/wp-json\/wp\/v2\/categories?post=4081"},{"taxonomy":"post_tag","embeddable":true,"href":"https:\/\/lightweb.dev\/l\/svm-temp\/wp-json\/wp\/v2\/tags?post=4081"}],"curies":[{"name":"wp","href":"https:\/\/api.w.org\/{rel}","templated":true}]}}