{"id":4083,"date":"2013-10-10T00:00:00","date_gmt":"2013-10-09T22:00:00","guid":{"rendered":"https:\/\/lightweb.dev\/l\/svm-temp\/efter-14-ar-borjar-myndigheter-tillampa-pool-lagar-15-pooler-har-stangts\/"},"modified":"2013-10-10T00:00:00","modified_gmt":"2013-10-09T22:00:00","slug":"efter-14-ar-borjar-myndigheter-tillampa-pool-lagar-15-pooler-har-stangts","status":"publish","type":"post","link":"https:\/\/lightweb.dev\/l\/svm-temp\/artiklar\/efter-14-ar-borjar-myndigheter-tillampa-pool-lagar-15-pooler-har-stangts\/","title":{"rendered":"Efter 14 \u00e5r b\u00f6rjar myndigheter till\u00e4mpa pool-lagar &#8211; 15 pooler har st\u00e4ngts"},"content":{"rendered":"<p> Hittills i \u00e5r har 15 pooler st\u00e4ngts av myndigheterna enbart i Mijas kommun. Regler som g\u00e4ller pooler i urbanisationer eller comunidader har satt myror i huvudet p\u00e5 m\u00e5nga. Det \u00e4r regionalregeringen Junta de Andalucia och kommunerna som har b\u00f6rjat att praktisera lagar som sj\u00f6sattes 1999. Av Ola Josefsson<\/p>\n<p>Det \u00e4r regionalregeringen och kommunerna som inspekterar pooler f\u00f6r att se om urbanisationerna uppfyller villkoren f\u00f6r sk\u00f6tsel och anv\u00e4ndning. Mijas kommun tycks vara den kommun p\u00e5 Solkusten som g\u00e5r tuffast fram i att reglerna fr\u00e5n 1999 ska f\u00f6ljas.<br \/>\nI kommunen som \u00e4r 147 kvadratkilometer stor har hundratals pooler i s\u00e5 kallade urbanisationer eller comunidades. F\u00f6r n\u00e5gra m\u00e5nader sedan inledde kommunen en s\u00e4rskild kampanj f\u00f6r att urbanisationer skulle anpassa sig till den befintliga gemenskapslagstiftningen fr\u00e5n 1999. Nu hotar kommuner med att st\u00e4nga alla pooler som inte f\u00f6ljer regelverket f\u00f6re p\u00e5sk 2014.<\/p>\n<p>Reglerna \u00f6vervakas av tv\u00e5 f\u00f6rvaltningar. Dels regionalregeringen som ska se till att poolerna bland annat \u00e4r utrustade med vattenm\u00e4tare och en bok d\u00e4r byte av reningsfilter, dosering av klor och desinfektion bokf\u00f6rs. P\u00e5 kommunens ansvarsomr\u00e5de ligger det att se till att st\u00f6rre pooler har badvakt sommartid, att det finns offentlig toalett samt dusch i anslutning till poolen och att poolomr\u00e5det \u00e4r inh\u00e4gnat.<br \/>\n&#8211; Om inte reglerna f\u00f6ljs kommer vi inte bara att st\u00e4nga poolen, vi t\u00f6mmer \u00e4ven poolen p\u00e5 vatten, s\u00e4ger Manuel Navarro vid enheten Urbanismo vid Mijas kommun.<\/p>\n<p>D\u00e4rf\u00f6r har Mijas kommun nu inlett en kampanj f\u00f6r noggrann kontroll i syfte att underl\u00e4tta \u00f6versynen av anl\u00e4ggningarna f\u00f6r allm\u00e4nheten. Under de senaste m\u00e5naderna har femton bass\u00e4nger enbart i Mijas kommun st\u00e4ngts.<br \/>\n&#8211; De har st\u00e4ngts p\u00e5 grund av allvarliga brister och allt bottnar i den politiska f\u00f6rsummelse som tidigare r\u00e5tt i Mijas, s\u00e4ger Navarro i en intervju i Diario SUR.<\/p>\n<p>Svenskar har kontaktat Svenska Magasinet och beskriver situationen som ett \u201dkolossalt problem\u201d. En av flera som reagerat \u00e4r Birgit \u00c5slund och Willy Wirstr\u00f6m. Deras comunidad eller community \u201dMijas Green\u201d best\u00e5r av 26 \u00e4gare. De tvingas bygga om den gemensamma swimmingpoolen p\u00e5 15 x 5 meter, installera ytterligare en dusch och bygga toalett.<br \/>\n&#8211; Vi m\u00e5ste \u00e4ven g\u00f6ra entr\u00e9n handikappanpassad. Kommunens har inspekterat poolomr\u00e5det och n\u00e5gon form av straff eller b\u00f6ter kommer att utf\u00e4rdas om vi inte anpassar oss till lagen, s\u00e4ger Birgit \u00c5slund till Svenska Magasinet.<\/p>\n<p>Hon bor tillsammans med Willy i ett omr\u00e5de p\u00e5 Costa del Sol som uppf\u00f6rdes 1989. I byggnaden finns trappor ned till samtligas entr\u00e9er och det \u00e4r trappor inomhus.<br \/>\n&#8211; S\u00e5 \u00e4ven om huvudentr\u00e9n gjordes handikappv\u00e4nlig har l\u00e4genheterna trappor. Betr\u00e4ffande toaletten utomhus kommer den aldrig att anv\u00e4ndas av \u00e4garna eller deras g\u00e4ster d\u00e5 alla bor n\u00e4ra poolen och har n\u00e4ra hem vid behov. En dusch finns redan bredvid poolen.<\/p>\n<p>&#8211; S\u00e5vitt jag vet stiftade EU 1990 en lag om duschar och s\u00e4kerhetsanordningar och det \u00e4r v\u00e4l denna lag som Junta de Andalucia refererar till. Menade EU att lagen skulle till\u00e4mpas retroaktivt, fr\u00e5gar sig Birgit som anser att detta \u00e4r en orimlig lag som drabbar otroligt m\u00e5nga i Andalusien.<\/p>\n<p>Nu planeras en \u00f6verklagan av beslutet.<br \/>\n&#8211; Jag skulle vilja se att m\u00e5ngfalden av urbanisationer g\u00e5r samman och \u00f6verklagar beslutet. Jag kan f\u00f6rst\u00e5 att nybyggnationer m\u00e5ste ta h\u00e4nsyn till lagen men kan man verkligen retroaktivt kr\u00e4va dess till\u00e4mpning.<br \/>\n  M\u00e5nga f\u00f6reningarna har ekonomiska sv\u00e5righeter och den nya lagen kommer som ett dr\u00e5pslag. Det handlar om utgifter p\u00e5 mellan 30.000 till 40.000 euro n\u00e4r pool ska f\u00e5 trappor, staket vilket g\u00f6r att stora delar av tr\u00e4dg\u00e5rden ocks\u00e5 m\u00e5ste g\u00f6ras om.<br \/>\n&#8211; I v\u00e5rt fall h\u00e4r i Mijas Green b\u00f6rjar t\u00f6mning av pool i januari. Slutsumman blir runt 40.000 euro n\u00e4r alla krav \u00e4r uppfyllda, ber\u00e4ttar Birgit \u00c5slund.<\/p>\n<p>G\u00e5r det att \u00f6verklaga till n\u00e5gon statlig myndighet eller EU fr\u00e5gar sig nu flera.<br \/>\n&#8211; Jag har varit inne p\u00e5 att skriva till v\u00e5r borgm\u00e4stare. Jag tror vi m\u00e5ste g\u00e5 h\u00f6gre upp och be dem mjuka upp reglerna eller inf\u00f6ra \u00f6verg\u00e5ngsregler. Som det nu \u00e4r skr\u00e4ms residenta turister iv\u00e4g, s\u00e4ger Hans Lundstr\u00f6m som \u00e4r president i Urbanisationen La Cornisa i Calahonda.<\/p>\n<p>La Cornisa \u00e4r en urbanisation med ett 15-tal svenska familjer, lika m\u00e5nga norrm\u00e4n och finl\u00e4ndare, majoriteten \u00e4r britter. Vi har brottats med detta i nio m\u00e5nader, ber\u00e4ttar Hans Lundstr\u00f6m.<br \/>\nHandikappv\u00e4nliga ramper, toaletter och andra f\u00f6rb\u00e4ttringar m\u00e5ste g\u00f6ras vid omr\u00e5dets fyra pooler. I januari inleddes arbetena med tv\u00e5 mindre pooler.<br \/>\n&#8211; Vi b\u00f6rjade d\u00e4r f\u00f6r att f\u00e5 lite erfarenhet. Men det blev problem fr\u00e5n starten.<\/p>\n<p>Hans ber\u00e4ttar om att det finns tv\u00e5 olika tillst\u00e5nd att s\u00f6ka n\u00e4r det g\u00e4ller byggnation; ett f\u00f6r mindre byggprojekt och ett f\u00f6r st\u00f6rre byggprojekt.<br \/>\n&#8211; Vi trodde att det r\u00e4ckte med ett enkelt tillst\u00e5nd som tar cirka 14 dagar att f\u00e5. N\u00e4r vi v\u00e4l kom ig\u00e5ng kom polisen och stoppade allt. Sedan februari st\u00e5r allt arbete stilla och de sm\u00e5 poolerna har st\u00e4ngts och f\u00e5r inte amv\u00e4ndas.<\/p>\n<p>Urbanisationen La Cornisa beh\u00f6vde tillst\u00e5nd f\u00f6r ett st\u00f6rre byggprojekt n\u00e4r poolomr\u00e5det skulle byggas om f\u00f6r att anpassas till de nya lagarna.<br \/>\n&#8211; Nu har vi skickat cirka 150 sidor uppgifter till Mijas som de har bett att f\u00e5. Sedan kommer krav p\u00e5 ytterligare uppgifter. Vi har skaffat oss en advokat. Men advokaten s\u00e4ger bara att vi ska forts\u00e4tta att besvara fr\u00e5gorna fr\u00e5n kommunen. Det har blivit en never ending story&#8230;<br \/>\nOch kostnaderna rakar i h\u00f6jden. Hans Lundstr\u00f6m ber\u00e4ttar att det finns 149 bostads\u00e4gare i urbanisationen. Kostnaden f\u00f6r att \u00e5tg\u00e4rda poolomr\u00e5det ligger just nu p\u00e5 8.000 SEK per bostads\u00e4gare.<br \/>\n&#8211; Hittills, men den landar kanske p\u00e5 n\u00e4rmare 12.000 SEK. Kostnaden \u00e4r ett problem d\u00e5 en del sl\u00e4par efter med att betala till urbanisationen.<\/p>\n<p>Om poolerna \u00e4r st\u00f6rre \u00e4n 200 kvadratmeter ska det \u00e4ven finnas badvakt d\u00e5 poolen \u00e4r \u00f6ppen. Och tv\u00e5 av poolerna p\u00e5 La Cornisa \u00e4r st\u00f6rre \u00e4n 200 kvadratmeter.<br \/>\n&#8211; Vi t\u00e4nker nu reducera storleken p\u00e5 v\u00e5ra tv\u00e5 st\u00f6rre pooler och vi har anlitat en arkitekt. Allt detta inneb\u00e4r \u00f6kade kostnader. Alternativet \u00e4r att ha tv\u00e5 badvakter vilket leder till att \u00e5rsavgiften m\u00e5ste h\u00f6jas.<br \/>\nLa Cornisa har funnits i drygt 20 \u00e5r och poolomr\u00e5det har inte varit utrustat med toaletter d\u00e5 alla har n\u00e4ra till sina bost\u00e4der.<br \/>\n&#8211; Jag tycker att man skulle kunna g\u00f6ra n\u00e5gon form av \u00f6verg\u00e5ngsbest\u00e4mmelser f\u00f6r \u00e4ldre urbanisationer. Nu drar det iv\u00e4g mot mer utgifter, s\u00e4ger Hans Lundstr\u00f6m.<\/p>\n","protected":false},"excerpt":{"rendered":"<p>Hittills i \u00e5r har 15 pooler st\u00e4ngts av myndigheterna enbart i Mijas kommun. Regler som g\u00e4ller pooler i urbanisationer eller comunidader har satt myror i huvudet p\u00e5 m\u00e5nga. Det \u00e4r regionalregeringen Junta de Andalucia och kommunerna som har b\u00f6rjat att praktisera lagar som sj\u00f6sattes 1999. Av Ola Josefsson Det \u00e4r regionalregeringen och kommunerna som inspekterar [&hellip;]<\/p>\n","protected":false},"author":8,"featured_media":4084,"comment_status":"open","ping_status":"open","sticky":false,"template":"","format":"standard","meta":{"_et_pb_use_builder":"","_et_pb_old_content":"","_et_gb_content_width":"","footnotes":""},"categories":[4,37],"tags":[],"class_list":["post-4083","post","type-post","status-publish","format-standard","has-post-thumbnail","hentry","category-artiklar","category-hem-bostad"],"yoast_head":"<!-- This site is optimized with the Yoast SEO Premium plugin v26.2 (Yoast SEO v27.5) - https:\/\/yoast.com\/product\/yoast-seo-premium-wordpress\/ -->\n<title>Efter 14 \u00e5r b\u00f6rjar myndigheter till\u00e4mpa pool-lagar - 15 pooler har st\u00e4ngts - Svenska Magasinet<\/title>\n<meta name=\"robots\" content=\"noindex, follow, max-snippet:-1, max-image-preview:large, max-video-preview:-1\" \/>\n<meta property=\"og:locale\" content=\"sv_SE\" \/>\n<meta property=\"og:type\" content=\"article\" \/>\n<meta property=\"og:title\" content=\"Efter 14 \u00e5r b\u00f6rjar myndigheter till\u00e4mpa pool-lagar - 15 pooler har st\u00e4ngts\" \/>\n<meta property=\"og:description\" content=\"Hittills i \u00e5r har 15 pooler st\u00e4ngts av myndigheterna enbart i Mijas kommun. Regler som g\u00e4ller pooler i urbanisationer eller comunidader har satt myror i huvudet p\u00e5 m\u00e5nga. Det \u00e4r regionalregeringen Junta de Andalucia och kommunerna som har b\u00f6rjat att praktisera lagar som sj\u00f6sattes 1999. Av Ola Josefsson Det \u00e4r regionalregeringen och kommunerna som inspekterar [&hellip;]\" \/>\n<meta property=\"og:url\" content=\"https:\/\/lightweb.dev\/l\/svm-temp\/artiklar\/efter-14-ar-borjar-myndigheter-tillampa-pool-lagar-15-pooler-har-stangts\/\" \/>\n<meta property=\"og:site_name\" content=\"Svenska Magasinet\" \/>\n<meta property=\"article:publisher\" content=\"https:\/\/www.facebook.com\/svenskamagasinet\" \/>\n<meta property=\"article:published_time\" content=\"2013-10-09T22:00:00+00:00\" \/>\n<meta property=\"og:image\" content=\"https:\/\/lightweb.dev\/l\/svm-temp\/wp-content\/uploads\/2022\/04\/efter-14-r-brjar-myndigheter-tillmpa-pool-lagar-15-pooler-har-stngts.png\" \/>\n\t<meta property=\"og:image:width\" content=\"299\" \/>\n\t<meta property=\"og:image:height\" content=\"200\" \/>\n\t<meta property=\"og:image:type\" content=\"image\/png\" \/>\n<meta name=\"author\" content=\"Redaktionen SvM\" \/>\n<meta name=\"twitter:card\" content=\"summary_large_image\" \/>\n<meta name=\"twitter:creator\" content=\"@SvenskaMagasine\" \/>\n<meta name=\"twitter:site\" content=\"@SvenskaMagasine\" \/>\n<script type=\"application\/ld+json\" class=\"yoast-schema-graph\">{\"@context\":\"https:\\\/\\\/schema.org\",\"@graph\":[{\"@type\":\"Article\",\"@id\":\"https:\\\/\\\/lightweb.dev\\\/l\\\/svm-temp\\\/artiklar\\\/efter-14-ar-borjar-myndigheter-tillampa-pool-lagar-15-pooler-har-stangts\\\/#article\",\"isPartOf\":{\"@id\":\"https:\\\/\\\/lightweb.dev\\\/l\\\/svm-temp\\\/artiklar\\\/efter-14-ar-borjar-myndigheter-tillampa-pool-lagar-15-pooler-har-stangts\\\/\"},\"author\":{\"name\":\"Redaktionen SvM\",\"@id\":\"https:\\\/\\\/lightweb.dev\\\/l\\\/svm-temp\\\/#\\\/schema\\\/person\\\/206a3bda5b607b0c25e1749191e4d837\"},\"headline\":\"Efter 14 \u00e5r b\u00f6rjar myndigheter till\u00e4mpa pool-lagar &#8211; 15 pooler har st\u00e4ngts\",\"datePublished\":\"2013-10-09T22:00:00+00:00\",\"mainEntityOfPage\":{\"@id\":\"https:\\\/\\\/lightweb.dev\\\/l\\\/svm-temp\\\/artiklar\\\/efter-14-ar-borjar-myndigheter-tillampa-pool-lagar-15-pooler-har-stangts\\\/\"},\"wordCount\":1196,\"commentCount\":0,\"publisher\":{\"@id\":\"https:\\\/\\\/lightweb.dev\\\/l\\\/svm-temp\\\/#organization\"},\"image\":{\"@id\":\"https:\\\/\\\/lightweb.dev\\\/l\\\/svm-temp\\\/artiklar\\\/efter-14-ar-borjar-myndigheter-tillampa-pool-lagar-15-pooler-har-stangts\\\/#primaryimage\"},\"thumbnailUrl\":\"https:\\\/\\\/lightweb.dev\\\/l\\\/svm-temp\\\/wp-content\\\/uploads\\\/2022\\\/04\\\/efter-14-r-brjar-myndigheter-tillmpa-pool-lagar-15-pooler-har-stngts.png\",\"articleSection\":[\"Artiklar\",\"Hem &amp; bostad\"],\"inLanguage\":\"sv-SE\"},{\"@type\":\"WebPage\",\"@id\":\"https:\\\/\\\/lightweb.dev\\\/l\\\/svm-temp\\\/artiklar\\\/efter-14-ar-borjar-myndigheter-tillampa-pool-lagar-15-pooler-har-stangts\\\/\",\"url\":\"https:\\\/\\\/lightweb.dev\\\/l\\\/svm-temp\\\/artiklar\\\/efter-14-ar-borjar-myndigheter-tillampa-pool-lagar-15-pooler-har-stangts\\\/\",\"name\":\"Efter 14 \u00e5r b\u00f6rjar myndigheter till\u00e4mpa pool-lagar - 15 pooler har st\u00e4ngts - Svenska Magasinet\",\"isPartOf\":{\"@id\":\"https:\\\/\\\/lightweb.dev\\\/l\\\/svm-temp\\\/#website\"},\"primaryImageOfPage\":{\"@id\":\"https:\\\/\\\/lightweb.dev\\\/l\\\/svm-temp\\\/artiklar\\\/efter-14-ar-borjar-myndigheter-tillampa-pool-lagar-15-pooler-har-stangts\\\/#primaryimage\"},\"image\":{\"@id\":\"https:\\\/\\\/lightweb.dev\\\/l\\\/svm-temp\\\/artiklar\\\/efter-14-ar-borjar-myndigheter-tillampa-pool-lagar-15-pooler-har-stangts\\\/#primaryimage\"},\"thumbnailUrl\":\"https:\\\/\\\/lightweb.dev\\\/l\\\/svm-temp\\\/wp-content\\\/uploads\\\/2022\\\/04\\\/efter-14-r-brjar-myndigheter-tillmpa-pool-lagar-15-pooler-har-stngts.png\",\"datePublished\":\"2013-10-09T22:00:00+00:00\",\"breadcrumb\":{\"@id\":\"https:\\\/\\\/lightweb.dev\\\/l\\\/svm-temp\\\/artiklar\\\/efter-14-ar-borjar-myndigheter-tillampa-pool-lagar-15-pooler-har-stangts\\\/#breadcrumb\"},\"inLanguage\":\"sv-SE\",\"potentialAction\":[{\"@type\":\"ReadAction\",\"target\":[\"https:\\\/\\\/lightweb.dev\\\/l\\\/svm-temp\\\/artiklar\\\/efter-14-ar-borjar-myndigheter-tillampa-pool-lagar-15-pooler-har-stangts\\\/\"]}]},{\"@type\":\"ImageObject\",\"inLanguage\":\"sv-SE\",\"@id\":\"https:\\\/\\\/lightweb.dev\\\/l\\\/svm-temp\\\/artiklar\\\/efter-14-ar-borjar-myndigheter-tillampa-pool-lagar-15-pooler-har-stangts\\\/#primaryimage\",\"url\":\"https:\\\/\\\/lightweb.dev\\\/l\\\/svm-temp\\\/wp-content\\\/uploads\\\/2022\\\/04\\\/efter-14-r-brjar-myndigheter-tillmpa-pool-lagar-15-pooler-har-stngts.png\",\"contentUrl\":\"https:\\\/\\\/lightweb.dev\\\/l\\\/svm-temp\\\/wp-content\\\/uploads\\\/2022\\\/04\\\/efter-14-r-brjar-myndigheter-tillmpa-pool-lagar-15-pooler-har-stngts.png\",\"width\":299,\"height\":200},{\"@type\":\"BreadcrumbList\",\"@id\":\"https:\\\/\\\/lightweb.dev\\\/l\\\/svm-temp\\\/artiklar\\\/efter-14-ar-borjar-myndigheter-tillampa-pool-lagar-15-pooler-har-stangts\\\/#breadcrumb\",\"itemListElement\":[{\"@type\":\"ListItem\",\"position\":1,\"name\":\"Hem\",\"item\":\"https:\\\/\\\/lightweb.dev\\\/l\\\/svm-temp\\\/\"},{\"@type\":\"ListItem\",\"position\":2,\"name\":\"Efter 14 \u00e5r b\u00f6rjar myndigheter till\u00e4mpa pool-lagar &#8211; 15 pooler har st\u00e4ngts\"}]},{\"@type\":\"WebSite\",\"@id\":\"https:\\\/\\\/lightweb.dev\\\/l\\\/svm-temp\\\/#website\",\"url\":\"https:\\\/\\\/lightweb.dev\\\/l\\\/svm-temp\\\/\",\"name\":\"Svenska Magasinet\",\"description\":\"Dina Spanska nyheter p&aring; Svenska\",\"publisher\":{\"@id\":\"https:\\\/\\\/lightweb.dev\\\/l\\\/svm-temp\\\/#organization\"},\"potentialAction\":[{\"@type\":\"SearchAction\",\"target\":{\"@type\":\"EntryPoint\",\"urlTemplate\":\"https:\\\/\\\/lightweb.dev\\\/l\\\/svm-temp\\\/?s={search_term_string}\"},\"query-input\":{\"@type\":\"PropertyValueSpecification\",\"valueRequired\":true,\"valueName\":\"search_term_string\"}}],\"inLanguage\":\"sv-SE\"},{\"@type\":\"Organization\",\"@id\":\"https:\\\/\\\/lightweb.dev\\\/l\\\/svm-temp\\\/#organization\",\"name\":\"Melkerson y Nott SL\",\"alternateName\":\"Svenska Magasinet\",\"url\":\"https:\\\/\\\/lightweb.dev\\\/l\\\/svm-temp\\\/\",\"logo\":{\"@type\":\"ImageObject\",\"inLanguage\":\"sv-SE\",\"@id\":\"https:\\\/\\\/lightweb.dev\\\/l\\\/svm-temp\\\/#\\\/schema\\\/logo\\\/image\\\/\",\"url\":\"https:\\\/\\\/lightweb.dev\\\/l\\\/svm-temp\\\/wp-content\\\/uploads\\\/2025\\\/02\\\/SvM-logo-Xtra-Centrerad-SVART.png\",\"contentUrl\":\"https:\\\/\\\/lightweb.dev\\\/l\\\/svm-temp\\\/wp-content\\\/uploads\\\/2025\\\/02\\\/SvM-logo-Xtra-Centrerad-SVART.png\",\"width\":300,\"height\":99,\"caption\":\"Melkerson y Nott SL\"},\"image\":{\"@id\":\"https:\\\/\\\/lightweb.dev\\\/l\\\/svm-temp\\\/#\\\/schema\\\/logo\\\/image\\\/\"},\"sameAs\":[\"https:\\\/\\\/www.facebook.com\\\/svenskamagasinet\",\"https:\\\/\\\/x.com\\\/SvenskaMagasine\"]},{\"@type\":\"Person\",\"@id\":\"https:\\\/\\\/lightweb.dev\\\/l\\\/svm-temp\\\/#\\\/schema\\\/person\\\/206a3bda5b607b0c25e1749191e4d837\",\"name\":\"Redaktionen SvM\",\"description\":\"Redaktionen\",\"sameAs\":[\"https:\\\/\\\/lightweb.dev\\\/l\\\/svm-temp\"],\"url\":\"https:\\\/\\\/lightweb.dev\\\/l\\\/svm-temp\\\/reporter\\\/redaktionen\\\/\"}]}<\/script>\n<!-- \/ Yoast SEO Premium plugin. -->","yoast_head_json":{"title":"Efter 14 \u00e5r b\u00f6rjar myndigheter till\u00e4mpa pool-lagar - 15 pooler har st\u00e4ngts - Svenska Magasinet","robots":{"index":"noindex","follow":"follow","max-snippet":"max-snippet:-1","max-image-preview":"max-image-preview:large","max-video-preview":"max-video-preview:-1"},"og_locale":"sv_SE","og_type":"article","og_title":"Efter 14 \u00e5r b\u00f6rjar myndigheter till\u00e4mpa pool-lagar - 15 pooler har st\u00e4ngts","og_description":"Hittills i \u00e5r har 15 pooler st\u00e4ngts av myndigheterna enbart i Mijas kommun. Regler som g\u00e4ller pooler i urbanisationer eller comunidader har satt myror i huvudet p\u00e5 m\u00e5nga. Det \u00e4r regionalregeringen Junta de Andalucia och kommunerna som har b\u00f6rjat att praktisera lagar som sj\u00f6sattes 1999. Av Ola Josefsson Det \u00e4r regionalregeringen och kommunerna som inspekterar [&hellip;]","og_url":"https:\/\/lightweb.dev\/l\/svm-temp\/artiklar\/efter-14-ar-borjar-myndigheter-tillampa-pool-lagar-15-pooler-har-stangts\/","og_site_name":"Svenska Magasinet","article_publisher":"https:\/\/www.facebook.com\/svenskamagasinet","article_published_time":"2013-10-09T22:00:00+00:00","og_image":[{"width":299,"height":200,"url":"https:\/\/lightweb.dev\/l\/svm-temp\/wp-content\/uploads\/2022\/04\/efter-14-r-brjar-myndigheter-tillmpa-pool-lagar-15-pooler-har-stngts.png","type":"image\/png"}],"author":"Redaktionen SvM","twitter_card":"summary_large_image","twitter_creator":"@SvenskaMagasine","twitter_site":"@SvenskaMagasine","schema":{"@context":"https:\/\/schema.org","@graph":[{"@type":"Article","@id":"https:\/\/lightweb.dev\/l\/svm-temp\/artiklar\/efter-14-ar-borjar-myndigheter-tillampa-pool-lagar-15-pooler-har-stangts\/#article","isPartOf":{"@id":"https:\/\/lightweb.dev\/l\/svm-temp\/artiklar\/efter-14-ar-borjar-myndigheter-tillampa-pool-lagar-15-pooler-har-stangts\/"},"author":{"name":"Redaktionen SvM","@id":"https:\/\/lightweb.dev\/l\/svm-temp\/#\/schema\/person\/206a3bda5b607b0c25e1749191e4d837"},"headline":"Efter 14 \u00e5r b\u00f6rjar myndigheter till\u00e4mpa pool-lagar &#8211; 15 pooler har st\u00e4ngts","datePublished":"2013-10-09T22:00:00+00:00","mainEntityOfPage":{"@id":"https:\/\/lightweb.dev\/l\/svm-temp\/artiklar\/efter-14-ar-borjar-myndigheter-tillampa-pool-lagar-15-pooler-har-stangts\/"},"wordCount":1196,"commentCount":0,"publisher":{"@id":"https:\/\/lightweb.dev\/l\/svm-temp\/#organization"},"image":{"@id":"https:\/\/lightweb.dev\/l\/svm-temp\/artiklar\/efter-14-ar-borjar-myndigheter-tillampa-pool-lagar-15-pooler-har-stangts\/#primaryimage"},"thumbnailUrl":"https:\/\/lightweb.dev\/l\/svm-temp\/wp-content\/uploads\/2022\/04\/efter-14-r-brjar-myndigheter-tillmpa-pool-lagar-15-pooler-har-stngts.png","articleSection":["Artiklar","Hem &amp; bostad"],"inLanguage":"sv-SE"},{"@type":"WebPage","@id":"https:\/\/lightweb.dev\/l\/svm-temp\/artiklar\/efter-14-ar-borjar-myndigheter-tillampa-pool-lagar-15-pooler-har-stangts\/","url":"https:\/\/lightweb.dev\/l\/svm-temp\/artiklar\/efter-14-ar-borjar-myndigheter-tillampa-pool-lagar-15-pooler-har-stangts\/","name":"Efter 14 \u00e5r b\u00f6rjar myndigheter till\u00e4mpa pool-lagar - 15 pooler har st\u00e4ngts - Svenska Magasinet","isPartOf":{"@id":"https:\/\/lightweb.dev\/l\/svm-temp\/#website"},"primaryImageOfPage":{"@id":"https:\/\/lightweb.dev\/l\/svm-temp\/artiklar\/efter-14-ar-borjar-myndigheter-tillampa-pool-lagar-15-pooler-har-stangts\/#primaryimage"},"image":{"@id":"https:\/\/lightweb.dev\/l\/svm-temp\/artiklar\/efter-14-ar-borjar-myndigheter-tillampa-pool-lagar-15-pooler-har-stangts\/#primaryimage"},"thumbnailUrl":"https:\/\/lightweb.dev\/l\/svm-temp\/wp-content\/uploads\/2022\/04\/efter-14-r-brjar-myndigheter-tillmpa-pool-lagar-15-pooler-har-stngts.png","datePublished":"2013-10-09T22:00:00+00:00","breadcrumb":{"@id":"https:\/\/lightweb.dev\/l\/svm-temp\/artiklar\/efter-14-ar-borjar-myndigheter-tillampa-pool-lagar-15-pooler-har-stangts\/#breadcrumb"},"inLanguage":"sv-SE","potentialAction":[{"@type":"ReadAction","target":["https:\/\/lightweb.dev\/l\/svm-temp\/artiklar\/efter-14-ar-borjar-myndigheter-tillampa-pool-lagar-15-pooler-har-stangts\/"]}]},{"@type":"ImageObject","inLanguage":"sv-SE","@id":"https:\/\/lightweb.dev\/l\/svm-temp\/artiklar\/efter-14-ar-borjar-myndigheter-tillampa-pool-lagar-15-pooler-har-stangts\/#primaryimage","url":"https:\/\/lightweb.dev\/l\/svm-temp\/wp-content\/uploads\/2022\/04\/efter-14-r-brjar-myndigheter-tillmpa-pool-lagar-15-pooler-har-stngts.png","contentUrl":"https:\/\/lightweb.dev\/l\/svm-temp\/wp-content\/uploads\/2022\/04\/efter-14-r-brjar-myndigheter-tillmpa-pool-lagar-15-pooler-har-stngts.png","width":299,"height":200},{"@type":"BreadcrumbList","@id":"https:\/\/lightweb.dev\/l\/svm-temp\/artiklar\/efter-14-ar-borjar-myndigheter-tillampa-pool-lagar-15-pooler-har-stangts\/#breadcrumb","itemListElement":[{"@type":"ListItem","position":1,"name":"Hem","item":"https:\/\/lightweb.dev\/l\/svm-temp\/"},{"@type":"ListItem","position":2,"name":"Efter 14 \u00e5r b\u00f6rjar myndigheter till\u00e4mpa pool-lagar &#8211; 15 pooler har st\u00e4ngts"}]},{"@type":"WebSite","@id":"https:\/\/lightweb.dev\/l\/svm-temp\/#website","url":"https:\/\/lightweb.dev\/l\/svm-temp\/","name":"Svenska Magasinet","description":"Dina Spanska nyheter p&aring; Svenska","publisher":{"@id":"https:\/\/lightweb.dev\/l\/svm-temp\/#organization"},"potentialAction":[{"@type":"SearchAction","target":{"@type":"EntryPoint","urlTemplate":"https:\/\/lightweb.dev\/l\/svm-temp\/?s={search_term_string}"},"query-input":{"@type":"PropertyValueSpecification","valueRequired":true,"valueName":"search_term_string"}}],"inLanguage":"sv-SE"},{"@type":"Organization","@id":"https:\/\/lightweb.dev\/l\/svm-temp\/#organization","name":"Melkerson y Nott SL","alternateName":"Svenska Magasinet","url":"https:\/\/lightweb.dev\/l\/svm-temp\/","logo":{"@type":"ImageObject","inLanguage":"sv-SE","@id":"https:\/\/lightweb.dev\/l\/svm-temp\/#\/schema\/logo\/image\/","url":"https:\/\/lightweb.dev\/l\/svm-temp\/wp-content\/uploads\/2025\/02\/SvM-logo-Xtra-Centrerad-SVART.png","contentUrl":"https:\/\/lightweb.dev\/l\/svm-temp\/wp-content\/uploads\/2025\/02\/SvM-logo-Xtra-Centrerad-SVART.png","width":300,"height":99,"caption":"Melkerson y Nott SL"},"image":{"@id":"https:\/\/lightweb.dev\/l\/svm-temp\/#\/schema\/logo\/image\/"},"sameAs":["https:\/\/www.facebook.com\/svenskamagasinet","https:\/\/x.com\/SvenskaMagasine"]},{"@type":"Person","@id":"https:\/\/lightweb.dev\/l\/svm-temp\/#\/schema\/person\/206a3bda5b607b0c25e1749191e4d837","name":"Redaktionen SvM","description":"Redaktionen","sameAs":["https:\/\/lightweb.dev\/l\/svm-temp"],"url":"https:\/\/lightweb.dev\/l\/svm-temp\/reporter\/redaktionen\/"}]}},"_links":{"self":[{"href":"https:\/\/lightweb.dev\/l\/svm-temp\/wp-json\/wp\/v2\/posts\/4083","targetHints":{"allow":["GET"]}}],"collection":[{"href":"https:\/\/lightweb.dev\/l\/svm-temp\/wp-json\/wp\/v2\/posts"}],"about":[{"href":"https:\/\/lightweb.dev\/l\/svm-temp\/wp-json\/wp\/v2\/types\/post"}],"author":[{"embeddable":true,"href":"https:\/\/lightweb.dev\/l\/svm-temp\/wp-json\/wp\/v2\/users\/8"}],"replies":[{"embeddable":true,"href":"https:\/\/lightweb.dev\/l\/svm-temp\/wp-json\/wp\/v2\/comments?post=4083"}],"version-history":[{"count":0,"href":"https:\/\/lightweb.dev\/l\/svm-temp\/wp-json\/wp\/v2\/posts\/4083\/revisions"}],"wp:featuredmedia":[{"embeddable":true,"href":"https:\/\/lightweb.dev\/l\/svm-temp\/wp-json\/wp\/v2\/media\/4084"}],"wp:attachment":[{"href":"https:\/\/lightweb.dev\/l\/svm-temp\/wp-json\/wp\/v2\/media?parent=4083"}],"wp:term":[{"taxonomy":"category","embeddable":true,"href":"https:\/\/lightweb.dev\/l\/svm-temp\/wp-json\/wp\/v2\/categories?post=4083"},{"taxonomy":"post_tag","embeddable":true,"href":"https:\/\/lightweb.dev\/l\/svm-temp\/wp-json\/wp\/v2\/tags?post=4083"}],"curies":[{"name":"wp","href":"https:\/\/api.w.org\/{rel}","templated":true}]}}