{"id":4089,"date":"2013-09-18T00:00:00","date_gmt":"2013-09-17T22:00:00","guid":{"rendered":"https:\/\/lightweb.dev\/l\/svm-temp\/fraga-advokaten-vad-galler-om-man-ger-bort-sitt-hus-som-gava-till-sina-barn\/"},"modified":"2013-09-18T00:00:00","modified_gmt":"2013-09-17T22:00:00","slug":"fraga-advokaten-vad-galler-om-man-ger-bort-sitt-hus-som-gava-till-sina-barn","status":"publish","type":"post","link":"https:\/\/lightweb.dev\/l\/svm-temp\/artiklar\/fraga-advokaten-vad-galler-om-man-ger-bort-sitt-hus-som-gava-till-sina-barn\/","title":{"rendered":"Fr\u00e5ga advokaten: Vad g\u00e4ller om man ger bort sitt hus som g\u00e5va till sina barn?"},"content":{"rendered":"<p> Vi \u00e4r ett svenskt sambopar som sedan 15 \u00e5r tillbaka \u00e4ger ett hus med h\u00e4lften vardera i Spanien, d\u00e4r vi vistas under vinterhalv\u00e5ret. Vi har tv\u00e5 gemensamma barn och en av oss hade ett barn fr\u00e5n ett tidigare f\u00f6rh\u00e5llande. Den senaste tiden har vi funderat kring m\u00f6jligheterna att ge bort fastigheten till ett av v\u00e5ra gemensamma barn. Vilka konsekvenser skulle en s\u00e5dan g\u00e5va inneb\u00e4ra? Av Jonas Nordgren, bitr\u00e4dande jurist vid Advokatfirman G\u00f6ran Rise<\/p>\n<p>Konsekvenserna av att Ni ger bort fastigheten i Spanien till ett av Era barn p\u00e5verkas fr\u00e4mst av svenska arvsregler, spanska skatteregler och spansk fastighetsr\u00e4tt, d\u00e5 g\u00e5votagaren skall s\u00f6ka lagfart p\u00e5 fastigheten.<br \/>\nG\u00e5vor kommer att bed\u00f6mmas med utg\u00e5ngspunkt fr\u00e5n den lag som till\u00e4mpas p\u00e5 arvet efter Er. Eftersom Ni \u00e4r svenska medborgare till\u00e4mpas svensk arvsr\u00e4tt.<br \/>\nDet \u00e4r till\u00e5tet att ge bort egendom enligt svensk r\u00e4tt, dock p\u00e5verkar gjorda g\u00e5vor den framtida f\u00f6rdelningen av arvet efter Er. I vissa fall kan en g\u00e5va \u00e4ven inneb\u00e4ra \u00e5terbetalningsskyldighet f\u00f6r g\u00e5votagaren.<\/p>\n<p>Utg\u00e5ngspunkten \u00e4r att en g\u00e5va till en br\u00f6starvinge \u00e4r f\u00f6rskott p\u00e5 arv. Detta inneb\u00e4r att g\u00e5vans v\u00e4rde vid g\u00e5votillf\u00e4llet kommer att avr\u00e4knas fr\u00e5n g\u00e5votagarens arvslott vid ett framtida arvskifte. G\u00e5van p\u00e5verkar d\u00e4rigenom f\u00f6rdelningen av arvet vid givarens bortg\u00e5ng.<\/p>\n<p>Br\u00f6starvinge har alltid r\u00e4tt till sin laglott efter sina f\u00f6r\u00e4ldrar. Laglotten utg\u00f6r h\u00e4lften av arvslotten. Laglotten begr\u00e4nsar d\u00e4rigenom m\u00f6jligheten f\u00f6r en f\u00f6r\u00e4lder att f\u00f6rfoga \u00f6ver sin kvarl\u00e5tenskap genom testamentariska f\u00f6rordnanden och \u00e4ven genom vissa g\u00e5vor. Har g\u00e5vor eller liknande \u00f6verf\u00f6ringar av egendom skett som g\u00f6r att laglotten kr\u00e4nks, kan br\u00f6starvingen under vissa f\u00f6ruts\u00e4ttningar kr\u00e4va \u00e5terg\u00e5ng av g\u00e5van eller ers\u00e4ttning fr\u00e5n g\u00e5votagaren. Det \u00e4r d\u00e4rf\u00f6r viktigt att innan en g\u00e5va sker utreda vilka konsekvenserna blir, s\u00e5 att g\u00e5vans syfte inte f\u00f6rfelas.<\/p>\n<p>En mottagen g\u00e5va kan ing\u00e5 i en bodelning vid en \u00e4ktenskapsskillnad, eller i ett arvskifte, n\u00e4r g\u00e5votagaren g\u00e5r bort. G\u00e5van kan d\u00e4rigenom tillfalla g\u00e5votagarens makes &#8211; eller makas &#8211; sl\u00e4kt, vilket kanske inte var den ursprungliga g\u00e5vogivarens avsikt. Detta g\u00e5r att undvika genom att g\u00e5vobrevet utformas p\u00e5 ett s\u00e4rskilt vis.<\/p>\n<p>Om Ni ger bort fastigheten som g\u00e5va skall spansk g\u00e5voskatt betalas av mottagaren. Motsvarande skattesats g\u00e4ller om fastigheten \u00f6verf\u00f6rs genom arv. G\u00e5vo- och arvsskatt utg\u00e5r oavsett om Ni \u00e4r residenta i Sverige eller i Spanien.<\/p>\n<p>I Sverige utg\u00e5r ingen g\u00e5voskatt. Dock skall spansk skatt erl\u00e4ggas, d\u00e5 fastigheten \u00e4r bel\u00e4gen i Spanien.  En genomg\u00e5ng av skattekonsekvenserna m\u00e5ste d\u00e4rf\u00f6r g\u00f6ras innan g\u00e5van genomf\u00f6rs.<br \/>\nSammanfattningsvis beh\u00f6ver Ni r\u00e5dgivning inom svensk arvs- och g\u00e5vor\u00e4tt och spansk skatter\u00e4tt f\u00f6r att en g\u00e5va skall kunna genomf\u00f6ras p\u00e5 b\u00e4sta vis och motsvara Era \u00f6nskem\u00e5l.<\/p>\n<p>V\u00e5r advokatbyr\u00e5 har arbetat med dessa fr\u00e5gor under m\u00e5nga \u00e5r.<\/p>\n","protected":false},"excerpt":{"rendered":"<p>Vi \u00e4r ett svenskt sambopar som sedan 15 \u00e5r tillbaka \u00e4ger ett hus med h\u00e4lften vardera i Spanien, d\u00e4r vi vistas under vinterhalv\u00e5ret. Vi har tv\u00e5 gemensamma barn och en av oss hade ett barn fr\u00e5n ett tidigare f\u00f6rh\u00e5llande. Den senaste tiden har vi funderat kring m\u00f6jligheterna att ge bort fastigheten till ett av v\u00e5ra [&hellip;]<\/p>\n","protected":false},"author":8,"featured_media":4090,"comment_status":"open","ping_status":"open","sticky":false,"template":"","format":"standard","meta":{"_et_pb_use_builder":"","_et_pb_old_content":"","_et_gb_content_width":"","footnotes":""},"categories":[396,4],"tags":[],"class_list":["post-4089","post","type-post","status-publish","format-standard","has-post-thumbnail","hentry","category-arkiv-artiklar","category-artiklar"],"yoast_head":"<!-- This site is optimized with the Yoast SEO Premium plugin v26.2 (Yoast SEO v27.5) - https:\/\/yoast.com\/product\/yoast-seo-premium-wordpress\/ -->\n<title>Fr\u00e5ga advokaten: Vad g\u00e4ller om man ger bort sitt hus som g\u00e5va till sina barn? - Svenska Magasinet<\/title>\n<meta name=\"robots\" content=\"noindex, follow, max-snippet:-1, max-image-preview:large, max-video-preview:-1\" \/>\n<meta property=\"og:locale\" content=\"sv_SE\" \/>\n<meta property=\"og:type\" content=\"article\" \/>\n<meta property=\"og:title\" content=\"Fr\u00e5ga advokaten: Vad g\u00e4ller om man ger bort sitt hus som g\u00e5va till sina barn?\" \/>\n<meta property=\"og:description\" content=\"Vi \u00e4r ett svenskt sambopar som sedan 15 \u00e5r tillbaka \u00e4ger ett hus med h\u00e4lften vardera i Spanien, d\u00e4r vi vistas under vinterhalv\u00e5ret. Vi har tv\u00e5 gemensamma barn och en av oss hade ett barn fr\u00e5n ett tidigare f\u00f6rh\u00e5llande. Den senaste tiden har vi funderat kring m\u00f6jligheterna att ge bort fastigheten till ett av v\u00e5ra [&hellip;]\" \/>\n<meta property=\"og:url\" content=\"https:\/\/lightweb.dev\/l\/svm-temp\/artiklar\/fraga-advokaten-vad-galler-om-man-ger-bort-sitt-hus-som-gava-till-sina-barn\/\" \/>\n<meta property=\"og:site_name\" content=\"Svenska Magasinet\" \/>\n<meta property=\"article:publisher\" content=\"https:\/\/www.facebook.com\/svenskamagasinet\" \/>\n<meta property=\"article:published_time\" content=\"2013-09-17T22:00:00+00:00\" \/>\n<meta property=\"og:image\" content=\"https:\/\/lightweb.dev\/l\/svm-temp\/wp-content\/uploads\/2022\/04\/frga-advokaten-vad-gller-om-man-ger-bort-sitt-hus-som-gva-till-sina-barn.png\" \/>\n\t<meta property=\"og:image:width\" content=\"280\" \/>\n\t<meta property=\"og:image:height\" content=\"395\" \/>\n\t<meta property=\"og:image:type\" content=\"image\/png\" \/>\n<meta name=\"author\" content=\"Redaktionen SvM\" \/>\n<meta name=\"twitter:card\" content=\"summary_large_image\" \/>\n<meta name=\"twitter:creator\" content=\"@SvenskaMagasine\" \/>\n<meta name=\"twitter:site\" content=\"@SvenskaMagasine\" \/>\n<script type=\"application\/ld+json\" class=\"yoast-schema-graph\">{\"@context\":\"https:\\\/\\\/schema.org\",\"@graph\":[{\"@type\":\"Article\",\"@id\":\"https:\\\/\\\/lightweb.dev\\\/l\\\/svm-temp\\\/artiklar\\\/fraga-advokaten-vad-galler-om-man-ger-bort-sitt-hus-som-gava-till-sina-barn\\\/#article\",\"isPartOf\":{\"@id\":\"https:\\\/\\\/lightweb.dev\\\/l\\\/svm-temp\\\/artiklar\\\/fraga-advokaten-vad-galler-om-man-ger-bort-sitt-hus-som-gava-till-sina-barn\\\/\"},\"author\":{\"name\":\"Redaktionen SvM\",\"@id\":\"https:\\\/\\\/lightweb.dev\\\/l\\\/svm-temp\\\/#\\\/schema\\\/person\\\/206a3bda5b607b0c25e1749191e4d837\"},\"headline\":\"Fr\u00e5ga advokaten: Vad g\u00e4ller om man ger bort sitt hus som g\u00e5va till sina barn?\",\"datePublished\":\"2013-09-17T22:00:00+00:00\",\"mainEntityOfPage\":{\"@id\":\"https:\\\/\\\/lightweb.dev\\\/l\\\/svm-temp\\\/artiklar\\\/fraga-advokaten-vad-galler-om-man-ger-bort-sitt-hus-som-gava-till-sina-barn\\\/\"},\"wordCount\":568,\"commentCount\":1,\"publisher\":{\"@id\":\"https:\\\/\\\/lightweb.dev\\\/l\\\/svm-temp\\\/#organization\"},\"image\":{\"@id\":\"https:\\\/\\\/lightweb.dev\\\/l\\\/svm-temp\\\/artiklar\\\/fraga-advokaten-vad-galler-om-man-ger-bort-sitt-hus-som-gava-till-sina-barn\\\/#primaryimage\"},\"thumbnailUrl\":\"https:\\\/\\\/lightweb.dev\\\/l\\\/svm-temp\\\/wp-content\\\/uploads\\\/2022\\\/04\\\/frga-advokaten-vad-gller-om-man-ger-bort-sitt-hus-som-gva-till-sina-barn.png\",\"articleSection\":[\"Arkiv\",\"Artiklar\"],\"inLanguage\":\"sv-SE\"},{\"@type\":\"WebPage\",\"@id\":\"https:\\\/\\\/lightweb.dev\\\/l\\\/svm-temp\\\/artiklar\\\/fraga-advokaten-vad-galler-om-man-ger-bort-sitt-hus-som-gava-till-sina-barn\\\/\",\"url\":\"https:\\\/\\\/lightweb.dev\\\/l\\\/svm-temp\\\/artiklar\\\/fraga-advokaten-vad-galler-om-man-ger-bort-sitt-hus-som-gava-till-sina-barn\\\/\",\"name\":\"Fr\u00e5ga advokaten: Vad g\u00e4ller om man ger bort sitt hus som g\u00e5va till sina barn? - Svenska Magasinet\",\"isPartOf\":{\"@id\":\"https:\\\/\\\/lightweb.dev\\\/l\\\/svm-temp\\\/#website\"},\"primaryImageOfPage\":{\"@id\":\"https:\\\/\\\/lightweb.dev\\\/l\\\/svm-temp\\\/artiklar\\\/fraga-advokaten-vad-galler-om-man-ger-bort-sitt-hus-som-gava-till-sina-barn\\\/#primaryimage\"},\"image\":{\"@id\":\"https:\\\/\\\/lightweb.dev\\\/l\\\/svm-temp\\\/artiklar\\\/fraga-advokaten-vad-galler-om-man-ger-bort-sitt-hus-som-gava-till-sina-barn\\\/#primaryimage\"},\"thumbnailUrl\":\"https:\\\/\\\/lightweb.dev\\\/l\\\/svm-temp\\\/wp-content\\\/uploads\\\/2022\\\/04\\\/frga-advokaten-vad-gller-om-man-ger-bort-sitt-hus-som-gva-till-sina-barn.png\",\"datePublished\":\"2013-09-17T22:00:00+00:00\",\"breadcrumb\":{\"@id\":\"https:\\\/\\\/lightweb.dev\\\/l\\\/svm-temp\\\/artiklar\\\/fraga-advokaten-vad-galler-om-man-ger-bort-sitt-hus-som-gava-till-sina-barn\\\/#breadcrumb\"},\"inLanguage\":\"sv-SE\",\"potentialAction\":[{\"@type\":\"ReadAction\",\"target\":[\"https:\\\/\\\/lightweb.dev\\\/l\\\/svm-temp\\\/artiklar\\\/fraga-advokaten-vad-galler-om-man-ger-bort-sitt-hus-som-gava-till-sina-barn\\\/\"]}]},{\"@type\":\"ImageObject\",\"inLanguage\":\"sv-SE\",\"@id\":\"https:\\\/\\\/lightweb.dev\\\/l\\\/svm-temp\\\/artiklar\\\/fraga-advokaten-vad-galler-om-man-ger-bort-sitt-hus-som-gava-till-sina-barn\\\/#primaryimage\",\"url\":\"https:\\\/\\\/lightweb.dev\\\/l\\\/svm-temp\\\/wp-content\\\/uploads\\\/2022\\\/04\\\/frga-advokaten-vad-gller-om-man-ger-bort-sitt-hus-som-gva-till-sina-barn.png\",\"contentUrl\":\"https:\\\/\\\/lightweb.dev\\\/l\\\/svm-temp\\\/wp-content\\\/uploads\\\/2022\\\/04\\\/frga-advokaten-vad-gller-om-man-ger-bort-sitt-hus-som-gva-till-sina-barn.png\",\"width\":280,\"height\":395},{\"@type\":\"BreadcrumbList\",\"@id\":\"https:\\\/\\\/lightweb.dev\\\/l\\\/svm-temp\\\/artiklar\\\/fraga-advokaten-vad-galler-om-man-ger-bort-sitt-hus-som-gava-till-sina-barn\\\/#breadcrumb\",\"itemListElement\":[{\"@type\":\"ListItem\",\"position\":1,\"name\":\"Hem\",\"item\":\"https:\\\/\\\/lightweb.dev\\\/l\\\/svm-temp\\\/\"},{\"@type\":\"ListItem\",\"position\":2,\"name\":\"Fr\u00e5ga advokaten: Vad g\u00e4ller om man ger bort sitt hus som g\u00e5va till sina barn?\"}]},{\"@type\":\"WebSite\",\"@id\":\"https:\\\/\\\/lightweb.dev\\\/l\\\/svm-temp\\\/#website\",\"url\":\"https:\\\/\\\/lightweb.dev\\\/l\\\/svm-temp\\\/\",\"name\":\"Svenska Magasinet\",\"description\":\"Dina Spanska nyheter p&aring; Svenska\",\"publisher\":{\"@id\":\"https:\\\/\\\/lightweb.dev\\\/l\\\/svm-temp\\\/#organization\"},\"potentialAction\":[{\"@type\":\"SearchAction\",\"target\":{\"@type\":\"EntryPoint\",\"urlTemplate\":\"https:\\\/\\\/lightweb.dev\\\/l\\\/svm-temp\\\/?s={search_term_string}\"},\"query-input\":{\"@type\":\"PropertyValueSpecification\",\"valueRequired\":true,\"valueName\":\"search_term_string\"}}],\"inLanguage\":\"sv-SE\"},{\"@type\":\"Organization\",\"@id\":\"https:\\\/\\\/lightweb.dev\\\/l\\\/svm-temp\\\/#organization\",\"name\":\"Melkerson y Nott SL\",\"alternateName\":\"Svenska Magasinet\",\"url\":\"https:\\\/\\\/lightweb.dev\\\/l\\\/svm-temp\\\/\",\"logo\":{\"@type\":\"ImageObject\",\"inLanguage\":\"sv-SE\",\"@id\":\"https:\\\/\\\/lightweb.dev\\\/l\\\/svm-temp\\\/#\\\/schema\\\/logo\\\/image\\\/\",\"url\":\"https:\\\/\\\/lightweb.dev\\\/l\\\/svm-temp\\\/wp-content\\\/uploads\\\/2025\\\/02\\\/SvM-logo-Xtra-Centrerad-SVART.png\",\"contentUrl\":\"https:\\\/\\\/lightweb.dev\\\/l\\\/svm-temp\\\/wp-content\\\/uploads\\\/2025\\\/02\\\/SvM-logo-Xtra-Centrerad-SVART.png\",\"width\":300,\"height\":99,\"caption\":\"Melkerson y Nott SL\"},\"image\":{\"@id\":\"https:\\\/\\\/lightweb.dev\\\/l\\\/svm-temp\\\/#\\\/schema\\\/logo\\\/image\\\/\"},\"sameAs\":[\"https:\\\/\\\/www.facebook.com\\\/svenskamagasinet\",\"https:\\\/\\\/x.com\\\/SvenskaMagasine\"]},{\"@type\":\"Person\",\"@id\":\"https:\\\/\\\/lightweb.dev\\\/l\\\/svm-temp\\\/#\\\/schema\\\/person\\\/206a3bda5b607b0c25e1749191e4d837\",\"name\":\"Redaktionen SvM\",\"description\":\"Redaktionen\",\"sameAs\":[\"https:\\\/\\\/lightweb.dev\\\/l\\\/svm-temp\"],\"url\":\"https:\\\/\\\/lightweb.dev\\\/l\\\/svm-temp\\\/reporter\\\/redaktionen\\\/\"}]}<\/script>\n<!-- \/ Yoast SEO Premium plugin. -->","yoast_head_json":{"title":"Fr\u00e5ga advokaten: Vad g\u00e4ller om man ger bort sitt hus som g\u00e5va till sina barn? - Svenska Magasinet","robots":{"index":"noindex","follow":"follow","max-snippet":"max-snippet:-1","max-image-preview":"max-image-preview:large","max-video-preview":"max-video-preview:-1"},"og_locale":"sv_SE","og_type":"article","og_title":"Fr\u00e5ga advokaten: Vad g\u00e4ller om man ger bort sitt hus som g\u00e5va till sina barn?","og_description":"Vi \u00e4r ett svenskt sambopar som sedan 15 \u00e5r tillbaka \u00e4ger ett hus med h\u00e4lften vardera i Spanien, d\u00e4r vi vistas under vinterhalv\u00e5ret. Vi har tv\u00e5 gemensamma barn och en av oss hade ett barn fr\u00e5n ett tidigare f\u00f6rh\u00e5llande. Den senaste tiden har vi funderat kring m\u00f6jligheterna att ge bort fastigheten till ett av v\u00e5ra [&hellip;]","og_url":"https:\/\/lightweb.dev\/l\/svm-temp\/artiklar\/fraga-advokaten-vad-galler-om-man-ger-bort-sitt-hus-som-gava-till-sina-barn\/","og_site_name":"Svenska Magasinet","article_publisher":"https:\/\/www.facebook.com\/svenskamagasinet","article_published_time":"2013-09-17T22:00:00+00:00","og_image":[{"width":280,"height":395,"url":"https:\/\/lightweb.dev\/l\/svm-temp\/wp-content\/uploads\/2022\/04\/frga-advokaten-vad-gller-om-man-ger-bort-sitt-hus-som-gva-till-sina-barn.png","type":"image\/png"}],"author":"Redaktionen SvM","twitter_card":"summary_large_image","twitter_creator":"@SvenskaMagasine","twitter_site":"@SvenskaMagasine","schema":{"@context":"https:\/\/schema.org","@graph":[{"@type":"Article","@id":"https:\/\/lightweb.dev\/l\/svm-temp\/artiklar\/fraga-advokaten-vad-galler-om-man-ger-bort-sitt-hus-som-gava-till-sina-barn\/#article","isPartOf":{"@id":"https:\/\/lightweb.dev\/l\/svm-temp\/artiklar\/fraga-advokaten-vad-galler-om-man-ger-bort-sitt-hus-som-gava-till-sina-barn\/"},"author":{"name":"Redaktionen SvM","@id":"https:\/\/lightweb.dev\/l\/svm-temp\/#\/schema\/person\/206a3bda5b607b0c25e1749191e4d837"},"headline":"Fr\u00e5ga advokaten: Vad g\u00e4ller om man ger bort sitt hus som g\u00e5va till sina barn?","datePublished":"2013-09-17T22:00:00+00:00","mainEntityOfPage":{"@id":"https:\/\/lightweb.dev\/l\/svm-temp\/artiklar\/fraga-advokaten-vad-galler-om-man-ger-bort-sitt-hus-som-gava-till-sina-barn\/"},"wordCount":568,"commentCount":1,"publisher":{"@id":"https:\/\/lightweb.dev\/l\/svm-temp\/#organization"},"image":{"@id":"https:\/\/lightweb.dev\/l\/svm-temp\/artiklar\/fraga-advokaten-vad-galler-om-man-ger-bort-sitt-hus-som-gava-till-sina-barn\/#primaryimage"},"thumbnailUrl":"https:\/\/lightweb.dev\/l\/svm-temp\/wp-content\/uploads\/2022\/04\/frga-advokaten-vad-gller-om-man-ger-bort-sitt-hus-som-gva-till-sina-barn.png","articleSection":["Arkiv","Artiklar"],"inLanguage":"sv-SE"},{"@type":"WebPage","@id":"https:\/\/lightweb.dev\/l\/svm-temp\/artiklar\/fraga-advokaten-vad-galler-om-man-ger-bort-sitt-hus-som-gava-till-sina-barn\/","url":"https:\/\/lightweb.dev\/l\/svm-temp\/artiklar\/fraga-advokaten-vad-galler-om-man-ger-bort-sitt-hus-som-gava-till-sina-barn\/","name":"Fr\u00e5ga advokaten: Vad g\u00e4ller om man ger bort sitt hus som g\u00e5va till sina barn? - Svenska Magasinet","isPartOf":{"@id":"https:\/\/lightweb.dev\/l\/svm-temp\/#website"},"primaryImageOfPage":{"@id":"https:\/\/lightweb.dev\/l\/svm-temp\/artiklar\/fraga-advokaten-vad-galler-om-man-ger-bort-sitt-hus-som-gava-till-sina-barn\/#primaryimage"},"image":{"@id":"https:\/\/lightweb.dev\/l\/svm-temp\/artiklar\/fraga-advokaten-vad-galler-om-man-ger-bort-sitt-hus-som-gava-till-sina-barn\/#primaryimage"},"thumbnailUrl":"https:\/\/lightweb.dev\/l\/svm-temp\/wp-content\/uploads\/2022\/04\/frga-advokaten-vad-gller-om-man-ger-bort-sitt-hus-som-gva-till-sina-barn.png","datePublished":"2013-09-17T22:00:00+00:00","breadcrumb":{"@id":"https:\/\/lightweb.dev\/l\/svm-temp\/artiklar\/fraga-advokaten-vad-galler-om-man-ger-bort-sitt-hus-som-gava-till-sina-barn\/#breadcrumb"},"inLanguage":"sv-SE","potentialAction":[{"@type":"ReadAction","target":["https:\/\/lightweb.dev\/l\/svm-temp\/artiklar\/fraga-advokaten-vad-galler-om-man-ger-bort-sitt-hus-som-gava-till-sina-barn\/"]}]},{"@type":"ImageObject","inLanguage":"sv-SE","@id":"https:\/\/lightweb.dev\/l\/svm-temp\/artiklar\/fraga-advokaten-vad-galler-om-man-ger-bort-sitt-hus-som-gava-till-sina-barn\/#primaryimage","url":"https:\/\/lightweb.dev\/l\/svm-temp\/wp-content\/uploads\/2022\/04\/frga-advokaten-vad-gller-om-man-ger-bort-sitt-hus-som-gva-till-sina-barn.png","contentUrl":"https:\/\/lightweb.dev\/l\/svm-temp\/wp-content\/uploads\/2022\/04\/frga-advokaten-vad-gller-om-man-ger-bort-sitt-hus-som-gva-till-sina-barn.png","width":280,"height":395},{"@type":"BreadcrumbList","@id":"https:\/\/lightweb.dev\/l\/svm-temp\/artiklar\/fraga-advokaten-vad-galler-om-man-ger-bort-sitt-hus-som-gava-till-sina-barn\/#breadcrumb","itemListElement":[{"@type":"ListItem","position":1,"name":"Hem","item":"https:\/\/lightweb.dev\/l\/svm-temp\/"},{"@type":"ListItem","position":2,"name":"Fr\u00e5ga advokaten: Vad g\u00e4ller om man ger bort sitt hus som g\u00e5va till sina barn?"}]},{"@type":"WebSite","@id":"https:\/\/lightweb.dev\/l\/svm-temp\/#website","url":"https:\/\/lightweb.dev\/l\/svm-temp\/","name":"Svenska Magasinet","description":"Dina Spanska nyheter p&aring; Svenska","publisher":{"@id":"https:\/\/lightweb.dev\/l\/svm-temp\/#organization"},"potentialAction":[{"@type":"SearchAction","target":{"@type":"EntryPoint","urlTemplate":"https:\/\/lightweb.dev\/l\/svm-temp\/?s={search_term_string}"},"query-input":{"@type":"PropertyValueSpecification","valueRequired":true,"valueName":"search_term_string"}}],"inLanguage":"sv-SE"},{"@type":"Organization","@id":"https:\/\/lightweb.dev\/l\/svm-temp\/#organization","name":"Melkerson y Nott SL","alternateName":"Svenska Magasinet","url":"https:\/\/lightweb.dev\/l\/svm-temp\/","logo":{"@type":"ImageObject","inLanguage":"sv-SE","@id":"https:\/\/lightweb.dev\/l\/svm-temp\/#\/schema\/logo\/image\/","url":"https:\/\/lightweb.dev\/l\/svm-temp\/wp-content\/uploads\/2025\/02\/SvM-logo-Xtra-Centrerad-SVART.png","contentUrl":"https:\/\/lightweb.dev\/l\/svm-temp\/wp-content\/uploads\/2025\/02\/SvM-logo-Xtra-Centrerad-SVART.png","width":300,"height":99,"caption":"Melkerson y Nott SL"},"image":{"@id":"https:\/\/lightweb.dev\/l\/svm-temp\/#\/schema\/logo\/image\/"},"sameAs":["https:\/\/www.facebook.com\/svenskamagasinet","https:\/\/x.com\/SvenskaMagasine"]},{"@type":"Person","@id":"https:\/\/lightweb.dev\/l\/svm-temp\/#\/schema\/person\/206a3bda5b607b0c25e1749191e4d837","name":"Redaktionen SvM","description":"Redaktionen","sameAs":["https:\/\/lightweb.dev\/l\/svm-temp"],"url":"https:\/\/lightweb.dev\/l\/svm-temp\/reporter\/redaktionen\/"}]}},"_links":{"self":[{"href":"https:\/\/lightweb.dev\/l\/svm-temp\/wp-json\/wp\/v2\/posts\/4089","targetHints":{"allow":["GET"]}}],"collection":[{"href":"https:\/\/lightweb.dev\/l\/svm-temp\/wp-json\/wp\/v2\/posts"}],"about":[{"href":"https:\/\/lightweb.dev\/l\/svm-temp\/wp-json\/wp\/v2\/types\/post"}],"author":[{"embeddable":true,"href":"https:\/\/lightweb.dev\/l\/svm-temp\/wp-json\/wp\/v2\/users\/8"}],"replies":[{"embeddable":true,"href":"https:\/\/lightweb.dev\/l\/svm-temp\/wp-json\/wp\/v2\/comments?post=4089"}],"version-history":[{"count":0,"href":"https:\/\/lightweb.dev\/l\/svm-temp\/wp-json\/wp\/v2\/posts\/4089\/revisions"}],"wp:featuredmedia":[{"embeddable":true,"href":"https:\/\/lightweb.dev\/l\/svm-temp\/wp-json\/wp\/v2\/media\/4090"}],"wp:attachment":[{"href":"https:\/\/lightweb.dev\/l\/svm-temp\/wp-json\/wp\/v2\/media?parent=4089"}],"wp:term":[{"taxonomy":"category","embeddable":true,"href":"https:\/\/lightweb.dev\/l\/svm-temp\/wp-json\/wp\/v2\/categories?post=4089"},{"taxonomy":"post_tag","embeddable":true,"href":"https:\/\/lightweb.dev\/l\/svm-temp\/wp-json\/wp\/v2\/tags?post=4089"}],"curies":[{"name":"wp","href":"https:\/\/api.w.org\/{rel}","templated":true}]}}