{"id":4093,"date":"2013-09-12T00:00:00","date_gmt":"2013-09-11T22:00:00","guid":{"rendered":"https:\/\/lightweb.dev\/l\/svm-temp\/specsavers-rekommenderar-arlig-syntest-for-barn\/"},"modified":"2013-09-12T00:00:00","modified_gmt":"2013-09-11T22:00:00","slug":"specsavers-rekommenderar-arlig-syntest-for-barn","status":"publish","type":"post","link":"https:\/\/lightweb.dev\/l\/svm-temp\/artiklar\/specsavers-rekommenderar-arlig-syntest-for-barn\/","title":{"rendered":"Specsavers rekommenderar &#8211; \u00c5rlig syntest f\u00f6r barn!"},"content":{"rendered":"<p> Skolorna har b\u00f6rjat och det \u00e4r viktigt att t\u00e4nka p\u00e5 ert barns synf\u00f6rm\u00e5ga s\u00e5v\u00e4l som l\u00e4seb\u00f6cker, skolkl\u00e4der och annan n\u00f6dv\u00e4ndig utrustning. Unders\u00f6kningar visar att ett av fyra barn har synproblem som inte uppt\u00e4ckts och som kan p\u00e5verka barnets inl\u00e4rningsf\u00f6rm\u00e5ga. Alla optiker rekommenderar en \u00e5rlig syntest f\u00f6r barn fr\u00e5n 3 \u00e5rs \u00e5lder. En unders\u00f6kning som Specsavers gjort i Fuengirola, visar att 92 % av f\u00f6r\u00e4ldrar med barn i \u00e5ldern 6 till 12 \u00e5r, anser att d\u00e5lig syn p\u00e5verkar barnens prestationer i skolan. Men endast 42 % har tagit med barnen till en optiker f\u00f6r syntest. Experterna anser att m\u00e5nga inl\u00e4rningssv\u00e5righeter kan bero p\u00e5 synen och det \u00e4r d\u00e4rf\u00f6r ytterst viktigt att barnen genomg\u00e5r regelbunden syntest och att de anv\u00e4nder glas\u00f6gonom de beh\u00f6ver det.<\/p>\n<p>Ett exempel \u00e4r Megan vars mamma uppt\u00e4ckte n\u00e4r hon var 4 \u00e5r att hennes \u00f6gon pekade in\u00e5t. Megans mamma har sj\u00e4lv haft lazy-eye och f\u00f6rstod att det var viktigt f\u00f6r Megan att f\u00e5 detta kontrollerat omg\u00e5ende. En f\u00f6rsta test konstaterade att Megan var n\u00e4rsynt och beh\u00f6vde glas\u00f6gon.<\/p>\n<p>Megans mamma var inte helt \u00f6vertygad utan ytterligare en test gjordes, denna g\u00e5ng hos Specsavers i Fuengirola. D\u00e4r f\u00f6rklarade optikern att Megans h\u00f6gra \u00f6ga kompenserade f\u00f6r det v\u00e4nstra \u00f6gat vilket resulterade i att \u00f6gonen pekade in\u00e5t. Glas\u00f6gon provades ut f\u00f6r att korrigera problemet. Eftersom Megan har en tvilling syster, Chloe, rekommenderade optikern att testa \u00e4ven hennes \u00f6gon. Det konstaterades att Chloe hade ett lazy-eye, vilket kunde ha f\u00f6rblivit ouppt\u00e4ckt utan optikerns rekommendation. \u00c4ven Chloe har nu glas\u00f6gon fr\u00e5n Specsavers och hon valde rosa Disney b\u00e5gar som hon \u00e4r mycket stolt \u00f6ver och med gl\u00e4dje visar alla sina v\u00e4nner i skolan. Nu de vill ocks\u00e5 ha glas\u00f6gon, precis som Chloe och Megan.<\/p>\n<p>Regelbunden syntest f\u00f6r barn \u00e4r minst lika viktigt som f\u00f6r vuxna, f\u00f6r att undvika permanent skador p\u00e5 \u00f6gonen och p\u00e5verka det viktiga skolarbetet. Det finns tv\u00e5 Specsavers Opticas butiker p\u00e5 Costa del Sol, i Marbella och i Fuengirola och  de erbjuder gratis syntest f\u00f6r barn och glas\u00f6gon 2 f\u00f6r 1 fr\u00e5n 50 euro inklusive solglas\u00f6gon.<\/p>\n<p>Specsavers har \u00e4ven butiker p\u00e5 Costa Blanca och Mallorca. F\u00f6r mer information bes\u00f6k www.specsavers.es<\/p>\n","protected":false},"excerpt":{"rendered":"<p>Skolorna har b\u00f6rjat och det \u00e4r viktigt att t\u00e4nka p\u00e5 ert barns synf\u00f6rm\u00e5ga s\u00e5v\u00e4l som l\u00e4seb\u00f6cker, skolkl\u00e4der och annan n\u00f6dv\u00e4ndig utrustning. Unders\u00f6kningar visar att ett av fyra barn har synproblem som inte uppt\u00e4ckts och som kan p\u00e5verka barnets inl\u00e4rningsf\u00f6rm\u00e5ga. Alla optiker rekommenderar en \u00e5rlig syntest f\u00f6r barn fr\u00e5n 3 \u00e5rs \u00e5lder. En unders\u00f6kning som Specsavers [&hellip;]<\/p>\n","protected":false},"author":8,"featured_media":4094,"comment_status":"open","ping_status":"open","sticky":false,"template":"","format":"standard","meta":{"_et_pb_use_builder":"","_et_pb_old_content":"","_et_gb_content_width":"","footnotes":""},"categories":[396,4],"tags":[],"class_list":["post-4093","post","type-post","status-publish","format-standard","has-post-thumbnail","hentry","category-arkiv-artiklar","category-artiklar"],"yoast_head":"<!-- This site is optimized with the Yoast SEO Premium plugin v26.2 (Yoast SEO v27.5) - https:\/\/yoast.com\/product\/yoast-seo-premium-wordpress\/ -->\n<title>Specsavers rekommenderar - \u00c5rlig syntest f\u00f6r barn! - Svenska Magasinet<\/title>\n<meta name=\"robots\" content=\"noindex, follow, max-snippet:-1, max-image-preview:large, max-video-preview:-1\" \/>\n<meta property=\"og:locale\" content=\"sv_SE\" \/>\n<meta property=\"og:type\" content=\"article\" \/>\n<meta property=\"og:title\" content=\"Specsavers rekommenderar - \u00c5rlig syntest f\u00f6r barn!\" \/>\n<meta property=\"og:description\" content=\"Skolorna har b\u00f6rjat och det \u00e4r viktigt att t\u00e4nka p\u00e5 ert barns synf\u00f6rm\u00e5ga s\u00e5v\u00e4l som l\u00e4seb\u00f6cker, skolkl\u00e4der och annan n\u00f6dv\u00e4ndig utrustning. Unders\u00f6kningar visar att ett av fyra barn har synproblem som inte uppt\u00e4ckts och som kan p\u00e5verka barnets inl\u00e4rningsf\u00f6rm\u00e5ga. Alla optiker rekommenderar en \u00e5rlig syntest f\u00f6r barn fr\u00e5n 3 \u00e5rs \u00e5lder. En unders\u00f6kning som Specsavers [&hellip;]\" \/>\n<meta property=\"og:url\" content=\"https:\/\/lightweb.dev\/l\/svm-temp\/artiklar\/specsavers-rekommenderar-arlig-syntest-for-barn\/\" \/>\n<meta property=\"og:site_name\" content=\"Svenska Magasinet\" \/>\n<meta property=\"article:publisher\" content=\"https:\/\/www.facebook.com\/svenskamagasinet\" \/>\n<meta property=\"article:published_time\" content=\"2013-09-11T22:00:00+00:00\" \/>\n<meta property=\"og:image\" content=\"https:\/\/lightweb.dev\/l\/svm-temp\/wp-content\/uploads\/2022\/04\/specsavers-rekommenderar-rlig-syntest-fr-barn.png\" \/>\n\t<meta property=\"og:image:width\" content=\"280\" \/>\n\t<meta property=\"og:image:height\" content=\"392\" \/>\n\t<meta property=\"og:image:type\" content=\"image\/png\" \/>\n<meta name=\"author\" content=\"Redaktionen SvM\" \/>\n<meta name=\"twitter:card\" content=\"summary_large_image\" \/>\n<meta name=\"twitter:creator\" content=\"@SvenskaMagasine\" \/>\n<meta name=\"twitter:site\" content=\"@SvenskaMagasine\" \/>\n<script type=\"application\/ld+json\" class=\"yoast-schema-graph\">{\"@context\":\"https:\\\/\\\/schema.org\",\"@graph\":[{\"@type\":\"Article\",\"@id\":\"https:\\\/\\\/lightweb.dev\\\/l\\\/svm-temp\\\/artiklar\\\/specsavers-rekommenderar-arlig-syntest-for-barn\\\/#article\",\"isPartOf\":{\"@id\":\"https:\\\/\\\/lightweb.dev\\\/l\\\/svm-temp\\\/artiklar\\\/specsavers-rekommenderar-arlig-syntest-for-barn\\\/\"},\"author\":{\"name\":\"Redaktionen SvM\",\"@id\":\"https:\\\/\\\/lightweb.dev\\\/l\\\/svm-temp\\\/#\\\/schema\\\/person\\\/206a3bda5b607b0c25e1749191e4d837\"},\"headline\":\"Specsavers rekommenderar &#8211; \u00c5rlig syntest f\u00f6r barn!\",\"datePublished\":\"2013-09-11T22:00:00+00:00\",\"mainEntityOfPage\":{\"@id\":\"https:\\\/\\\/lightweb.dev\\\/l\\\/svm-temp\\\/artiklar\\\/specsavers-rekommenderar-arlig-syntest-for-barn\\\/\"},\"wordCount\":421,\"commentCount\":0,\"publisher\":{\"@id\":\"https:\\\/\\\/lightweb.dev\\\/l\\\/svm-temp\\\/#organization\"},\"image\":{\"@id\":\"https:\\\/\\\/lightweb.dev\\\/l\\\/svm-temp\\\/artiklar\\\/specsavers-rekommenderar-arlig-syntest-for-barn\\\/#primaryimage\"},\"thumbnailUrl\":\"https:\\\/\\\/lightweb.dev\\\/l\\\/svm-temp\\\/wp-content\\\/uploads\\\/2022\\\/04\\\/specsavers-rekommenderar-rlig-syntest-fr-barn.png\",\"articleSection\":[\"Arkiv\",\"Artiklar\"],\"inLanguage\":\"sv-SE\"},{\"@type\":\"WebPage\",\"@id\":\"https:\\\/\\\/lightweb.dev\\\/l\\\/svm-temp\\\/artiklar\\\/specsavers-rekommenderar-arlig-syntest-for-barn\\\/\",\"url\":\"https:\\\/\\\/lightweb.dev\\\/l\\\/svm-temp\\\/artiklar\\\/specsavers-rekommenderar-arlig-syntest-for-barn\\\/\",\"name\":\"Specsavers rekommenderar - \u00c5rlig syntest f\u00f6r barn! - Svenska Magasinet\",\"isPartOf\":{\"@id\":\"https:\\\/\\\/lightweb.dev\\\/l\\\/svm-temp\\\/#website\"},\"primaryImageOfPage\":{\"@id\":\"https:\\\/\\\/lightweb.dev\\\/l\\\/svm-temp\\\/artiklar\\\/specsavers-rekommenderar-arlig-syntest-for-barn\\\/#primaryimage\"},\"image\":{\"@id\":\"https:\\\/\\\/lightweb.dev\\\/l\\\/svm-temp\\\/artiklar\\\/specsavers-rekommenderar-arlig-syntest-for-barn\\\/#primaryimage\"},\"thumbnailUrl\":\"https:\\\/\\\/lightweb.dev\\\/l\\\/svm-temp\\\/wp-content\\\/uploads\\\/2022\\\/04\\\/specsavers-rekommenderar-rlig-syntest-fr-barn.png\",\"datePublished\":\"2013-09-11T22:00:00+00:00\",\"breadcrumb\":{\"@id\":\"https:\\\/\\\/lightweb.dev\\\/l\\\/svm-temp\\\/artiklar\\\/specsavers-rekommenderar-arlig-syntest-for-barn\\\/#breadcrumb\"},\"inLanguage\":\"sv-SE\",\"potentialAction\":[{\"@type\":\"ReadAction\",\"target\":[\"https:\\\/\\\/lightweb.dev\\\/l\\\/svm-temp\\\/artiklar\\\/specsavers-rekommenderar-arlig-syntest-for-barn\\\/\"]}]},{\"@type\":\"ImageObject\",\"inLanguage\":\"sv-SE\",\"@id\":\"https:\\\/\\\/lightweb.dev\\\/l\\\/svm-temp\\\/artiklar\\\/specsavers-rekommenderar-arlig-syntest-for-barn\\\/#primaryimage\",\"url\":\"https:\\\/\\\/lightweb.dev\\\/l\\\/svm-temp\\\/wp-content\\\/uploads\\\/2022\\\/04\\\/specsavers-rekommenderar-rlig-syntest-fr-barn.png\",\"contentUrl\":\"https:\\\/\\\/lightweb.dev\\\/l\\\/svm-temp\\\/wp-content\\\/uploads\\\/2022\\\/04\\\/specsavers-rekommenderar-rlig-syntest-fr-barn.png\",\"width\":280,\"height\":392},{\"@type\":\"BreadcrumbList\",\"@id\":\"https:\\\/\\\/lightweb.dev\\\/l\\\/svm-temp\\\/artiklar\\\/specsavers-rekommenderar-arlig-syntest-for-barn\\\/#breadcrumb\",\"itemListElement\":[{\"@type\":\"ListItem\",\"position\":1,\"name\":\"Hem\",\"item\":\"https:\\\/\\\/lightweb.dev\\\/l\\\/svm-temp\\\/\"},{\"@type\":\"ListItem\",\"position\":2,\"name\":\"Specsavers rekommenderar &#8211; \u00c5rlig syntest f\u00f6r barn!\"}]},{\"@type\":\"WebSite\",\"@id\":\"https:\\\/\\\/lightweb.dev\\\/l\\\/svm-temp\\\/#website\",\"url\":\"https:\\\/\\\/lightweb.dev\\\/l\\\/svm-temp\\\/\",\"name\":\"Svenska Magasinet\",\"description\":\"Dina Spanska nyheter p&aring; Svenska\",\"publisher\":{\"@id\":\"https:\\\/\\\/lightweb.dev\\\/l\\\/svm-temp\\\/#organization\"},\"potentialAction\":[{\"@type\":\"SearchAction\",\"target\":{\"@type\":\"EntryPoint\",\"urlTemplate\":\"https:\\\/\\\/lightweb.dev\\\/l\\\/svm-temp\\\/?s={search_term_string}\"},\"query-input\":{\"@type\":\"PropertyValueSpecification\",\"valueRequired\":true,\"valueName\":\"search_term_string\"}}],\"inLanguage\":\"sv-SE\"},{\"@type\":\"Organization\",\"@id\":\"https:\\\/\\\/lightweb.dev\\\/l\\\/svm-temp\\\/#organization\",\"name\":\"Melkerson y Nott SL\",\"alternateName\":\"Svenska Magasinet\",\"url\":\"https:\\\/\\\/lightweb.dev\\\/l\\\/svm-temp\\\/\",\"logo\":{\"@type\":\"ImageObject\",\"inLanguage\":\"sv-SE\",\"@id\":\"https:\\\/\\\/lightweb.dev\\\/l\\\/svm-temp\\\/#\\\/schema\\\/logo\\\/image\\\/\",\"url\":\"https:\\\/\\\/lightweb.dev\\\/l\\\/svm-temp\\\/wp-content\\\/uploads\\\/2025\\\/02\\\/SvM-logo-Xtra-Centrerad-SVART.png\",\"contentUrl\":\"https:\\\/\\\/lightweb.dev\\\/l\\\/svm-temp\\\/wp-content\\\/uploads\\\/2025\\\/02\\\/SvM-logo-Xtra-Centrerad-SVART.png\",\"width\":300,\"height\":99,\"caption\":\"Melkerson y Nott SL\"},\"image\":{\"@id\":\"https:\\\/\\\/lightweb.dev\\\/l\\\/svm-temp\\\/#\\\/schema\\\/logo\\\/image\\\/\"},\"sameAs\":[\"https:\\\/\\\/www.facebook.com\\\/svenskamagasinet\",\"https:\\\/\\\/x.com\\\/SvenskaMagasine\"]},{\"@type\":\"Person\",\"@id\":\"https:\\\/\\\/lightweb.dev\\\/l\\\/svm-temp\\\/#\\\/schema\\\/person\\\/206a3bda5b607b0c25e1749191e4d837\",\"name\":\"Redaktionen SvM\",\"description\":\"Redaktionen\",\"sameAs\":[\"https:\\\/\\\/lightweb.dev\\\/l\\\/svm-temp\"],\"url\":\"https:\\\/\\\/lightweb.dev\\\/l\\\/svm-temp\\\/reporter\\\/redaktionen\\\/\"}]}<\/script>\n<!-- \/ Yoast SEO Premium plugin. -->","yoast_head_json":{"title":"Specsavers rekommenderar - \u00c5rlig syntest f\u00f6r barn! - Svenska Magasinet","robots":{"index":"noindex","follow":"follow","max-snippet":"max-snippet:-1","max-image-preview":"max-image-preview:large","max-video-preview":"max-video-preview:-1"},"og_locale":"sv_SE","og_type":"article","og_title":"Specsavers rekommenderar - \u00c5rlig syntest f\u00f6r barn!","og_description":"Skolorna har b\u00f6rjat och det \u00e4r viktigt att t\u00e4nka p\u00e5 ert barns synf\u00f6rm\u00e5ga s\u00e5v\u00e4l som l\u00e4seb\u00f6cker, skolkl\u00e4der och annan n\u00f6dv\u00e4ndig utrustning. Unders\u00f6kningar visar att ett av fyra barn har synproblem som inte uppt\u00e4ckts och som kan p\u00e5verka barnets inl\u00e4rningsf\u00f6rm\u00e5ga. Alla optiker rekommenderar en \u00e5rlig syntest f\u00f6r barn fr\u00e5n 3 \u00e5rs \u00e5lder. En unders\u00f6kning som Specsavers [&hellip;]","og_url":"https:\/\/lightweb.dev\/l\/svm-temp\/artiklar\/specsavers-rekommenderar-arlig-syntest-for-barn\/","og_site_name":"Svenska Magasinet","article_publisher":"https:\/\/www.facebook.com\/svenskamagasinet","article_published_time":"2013-09-11T22:00:00+00:00","og_image":[{"width":280,"height":392,"url":"https:\/\/lightweb.dev\/l\/svm-temp\/wp-content\/uploads\/2022\/04\/specsavers-rekommenderar-rlig-syntest-fr-barn.png","type":"image\/png"}],"author":"Redaktionen SvM","twitter_card":"summary_large_image","twitter_creator":"@SvenskaMagasine","twitter_site":"@SvenskaMagasine","schema":{"@context":"https:\/\/schema.org","@graph":[{"@type":"Article","@id":"https:\/\/lightweb.dev\/l\/svm-temp\/artiklar\/specsavers-rekommenderar-arlig-syntest-for-barn\/#article","isPartOf":{"@id":"https:\/\/lightweb.dev\/l\/svm-temp\/artiklar\/specsavers-rekommenderar-arlig-syntest-for-barn\/"},"author":{"name":"Redaktionen SvM","@id":"https:\/\/lightweb.dev\/l\/svm-temp\/#\/schema\/person\/206a3bda5b607b0c25e1749191e4d837"},"headline":"Specsavers rekommenderar &#8211; \u00c5rlig syntest f\u00f6r barn!","datePublished":"2013-09-11T22:00:00+00:00","mainEntityOfPage":{"@id":"https:\/\/lightweb.dev\/l\/svm-temp\/artiklar\/specsavers-rekommenderar-arlig-syntest-for-barn\/"},"wordCount":421,"commentCount":0,"publisher":{"@id":"https:\/\/lightweb.dev\/l\/svm-temp\/#organization"},"image":{"@id":"https:\/\/lightweb.dev\/l\/svm-temp\/artiklar\/specsavers-rekommenderar-arlig-syntest-for-barn\/#primaryimage"},"thumbnailUrl":"https:\/\/lightweb.dev\/l\/svm-temp\/wp-content\/uploads\/2022\/04\/specsavers-rekommenderar-rlig-syntest-fr-barn.png","articleSection":["Arkiv","Artiklar"],"inLanguage":"sv-SE"},{"@type":"WebPage","@id":"https:\/\/lightweb.dev\/l\/svm-temp\/artiklar\/specsavers-rekommenderar-arlig-syntest-for-barn\/","url":"https:\/\/lightweb.dev\/l\/svm-temp\/artiklar\/specsavers-rekommenderar-arlig-syntest-for-barn\/","name":"Specsavers rekommenderar - \u00c5rlig syntest f\u00f6r barn! - Svenska Magasinet","isPartOf":{"@id":"https:\/\/lightweb.dev\/l\/svm-temp\/#website"},"primaryImageOfPage":{"@id":"https:\/\/lightweb.dev\/l\/svm-temp\/artiklar\/specsavers-rekommenderar-arlig-syntest-for-barn\/#primaryimage"},"image":{"@id":"https:\/\/lightweb.dev\/l\/svm-temp\/artiklar\/specsavers-rekommenderar-arlig-syntest-for-barn\/#primaryimage"},"thumbnailUrl":"https:\/\/lightweb.dev\/l\/svm-temp\/wp-content\/uploads\/2022\/04\/specsavers-rekommenderar-rlig-syntest-fr-barn.png","datePublished":"2013-09-11T22:00:00+00:00","breadcrumb":{"@id":"https:\/\/lightweb.dev\/l\/svm-temp\/artiklar\/specsavers-rekommenderar-arlig-syntest-for-barn\/#breadcrumb"},"inLanguage":"sv-SE","potentialAction":[{"@type":"ReadAction","target":["https:\/\/lightweb.dev\/l\/svm-temp\/artiklar\/specsavers-rekommenderar-arlig-syntest-for-barn\/"]}]},{"@type":"ImageObject","inLanguage":"sv-SE","@id":"https:\/\/lightweb.dev\/l\/svm-temp\/artiklar\/specsavers-rekommenderar-arlig-syntest-for-barn\/#primaryimage","url":"https:\/\/lightweb.dev\/l\/svm-temp\/wp-content\/uploads\/2022\/04\/specsavers-rekommenderar-rlig-syntest-fr-barn.png","contentUrl":"https:\/\/lightweb.dev\/l\/svm-temp\/wp-content\/uploads\/2022\/04\/specsavers-rekommenderar-rlig-syntest-fr-barn.png","width":280,"height":392},{"@type":"BreadcrumbList","@id":"https:\/\/lightweb.dev\/l\/svm-temp\/artiklar\/specsavers-rekommenderar-arlig-syntest-for-barn\/#breadcrumb","itemListElement":[{"@type":"ListItem","position":1,"name":"Hem","item":"https:\/\/lightweb.dev\/l\/svm-temp\/"},{"@type":"ListItem","position":2,"name":"Specsavers rekommenderar &#8211; \u00c5rlig syntest f\u00f6r barn!"}]},{"@type":"WebSite","@id":"https:\/\/lightweb.dev\/l\/svm-temp\/#website","url":"https:\/\/lightweb.dev\/l\/svm-temp\/","name":"Svenska Magasinet","description":"Dina Spanska nyheter p&aring; Svenska","publisher":{"@id":"https:\/\/lightweb.dev\/l\/svm-temp\/#organization"},"potentialAction":[{"@type":"SearchAction","target":{"@type":"EntryPoint","urlTemplate":"https:\/\/lightweb.dev\/l\/svm-temp\/?s={search_term_string}"},"query-input":{"@type":"PropertyValueSpecification","valueRequired":true,"valueName":"search_term_string"}}],"inLanguage":"sv-SE"},{"@type":"Organization","@id":"https:\/\/lightweb.dev\/l\/svm-temp\/#organization","name":"Melkerson y Nott SL","alternateName":"Svenska Magasinet","url":"https:\/\/lightweb.dev\/l\/svm-temp\/","logo":{"@type":"ImageObject","inLanguage":"sv-SE","@id":"https:\/\/lightweb.dev\/l\/svm-temp\/#\/schema\/logo\/image\/","url":"https:\/\/lightweb.dev\/l\/svm-temp\/wp-content\/uploads\/2025\/02\/SvM-logo-Xtra-Centrerad-SVART.png","contentUrl":"https:\/\/lightweb.dev\/l\/svm-temp\/wp-content\/uploads\/2025\/02\/SvM-logo-Xtra-Centrerad-SVART.png","width":300,"height":99,"caption":"Melkerson y Nott SL"},"image":{"@id":"https:\/\/lightweb.dev\/l\/svm-temp\/#\/schema\/logo\/image\/"},"sameAs":["https:\/\/www.facebook.com\/svenskamagasinet","https:\/\/x.com\/SvenskaMagasine"]},{"@type":"Person","@id":"https:\/\/lightweb.dev\/l\/svm-temp\/#\/schema\/person\/206a3bda5b607b0c25e1749191e4d837","name":"Redaktionen SvM","description":"Redaktionen","sameAs":["https:\/\/lightweb.dev\/l\/svm-temp"],"url":"https:\/\/lightweb.dev\/l\/svm-temp\/reporter\/redaktionen\/"}]}},"_links":{"self":[{"href":"https:\/\/lightweb.dev\/l\/svm-temp\/wp-json\/wp\/v2\/posts\/4093","targetHints":{"allow":["GET"]}}],"collection":[{"href":"https:\/\/lightweb.dev\/l\/svm-temp\/wp-json\/wp\/v2\/posts"}],"about":[{"href":"https:\/\/lightweb.dev\/l\/svm-temp\/wp-json\/wp\/v2\/types\/post"}],"author":[{"embeddable":true,"href":"https:\/\/lightweb.dev\/l\/svm-temp\/wp-json\/wp\/v2\/users\/8"}],"replies":[{"embeddable":true,"href":"https:\/\/lightweb.dev\/l\/svm-temp\/wp-json\/wp\/v2\/comments?post=4093"}],"version-history":[{"count":0,"href":"https:\/\/lightweb.dev\/l\/svm-temp\/wp-json\/wp\/v2\/posts\/4093\/revisions"}],"wp:featuredmedia":[{"embeddable":true,"href":"https:\/\/lightweb.dev\/l\/svm-temp\/wp-json\/wp\/v2\/media\/4094"}],"wp:attachment":[{"href":"https:\/\/lightweb.dev\/l\/svm-temp\/wp-json\/wp\/v2\/media?parent=4093"}],"wp:term":[{"taxonomy":"category","embeddable":true,"href":"https:\/\/lightweb.dev\/l\/svm-temp\/wp-json\/wp\/v2\/categories?post=4093"},{"taxonomy":"post_tag","embeddable":true,"href":"https:\/\/lightweb.dev\/l\/svm-temp\/wp-json\/wp\/v2\/tags?post=4093"}],"curies":[{"name":"wp","href":"https:\/\/api.w.org\/{rel}","templated":true}]}}