{"id":4103,"date":"2013-09-11T00:00:00","date_gmt":"2013-09-10T22:00:00","guid":{"rendered":"https:\/\/lightweb.dev\/l\/svm-temp\/hans-g-the-silly-season\/"},"modified":"2013-09-11T00:00:00","modified_gmt":"2013-09-10T22:00:00","slug":"hans-g-the-silly-season","status":"publish","type":"post","link":"https:\/\/lightweb.dev\/l\/svm-temp\/artiklar\/hans-g-the-silly-season\/","title":{"rendered":"Hans G: The Silly Season"},"content":{"rendered":"<p> Efter ett litet v\u00e4rmeuppeh\u00e5ll blir allt som vanligt. Ni som varit hemma i Sverige och gottat er \u00e5t den svenska sommaren \u00e4r v\u00e4lkomna tillbaka. Vi andra som varit kvar p\u00e5 Costa del Sol kan bara konstatera att vi \u00e5terigen klarat av v\u00e4rmen. S\u00e5 d\u00e4r ja, det k\u00e4ndes sk\u00f6nt att vara lite v\u00e4nlig. Av Hans G<\/p>\n<p>I juli och augusti brukar det ju inte h\u00e4nda s\u00e4rskilt mycket, i England kallar man till och med perioden f\u00f6r &#8221;The Silly Season&#8221; vilket egentligen betyder att all sk\u00f6ns politiker blir fotograferade i baddr\u00e4kt. Alla utom Merkel som inte kan simma. Men i \u00e5r har den ena sensationen avl\u00f6st den andra. Den riktigt stora nyheten f\u00f6rst.<\/p>\n<p>Krisen \u00e4r d\u00f6d!!<br \/>\nL\u00e4nge levde den men nu har den g\u00e5tt till de s\u00e4lla jaktmarkerna. D\u00e4r sitter den och r\u00f6ker fredspipa med Manitou, Uncas och Skinnstrumpa.<br \/>\nOch inte nog med det. Jag vet ocks\u00e5 exakt n\u00e4r &#8221;krisen&#8221; tog steget ner i graven. Det var s\u00f6ndagen den 30 juni som d\u00f6dsbudet kom. Det definitiva beskedet kom lite senare men d\u00f6den intr\u00e4ffade den h\u00e4r dagen.<br \/>\nHur vet jag nu detta, s\u00e5 exakt p\u00e5 dagen?<br \/>\nNej, jag har inte \u00e4gnat mig \u00e5t astrologi eller sp\u00e5tt i kaffesump. Det \u00e4r mycket enklare \u00e4n s\u00e5, bara man lyssnar till dem som vet. Och dom \u00e4r m\u00e5nga.<\/p>\n<p>30 juni var n\u00e4mligen sista dagen f\u00f6r andra kvartalet. Och f\u00f6r andra kvartalet i rad visade Europa plus USA lite tillv\u00e4xt i ekonomin. Utom Grekland men det r\u00e4knas liksom inte l\u00e4ngre. Man kan inte ta folk p\u00e5 allvar som tycker att det \u00e4r kul att kasta tallrikar i huvudet p\u00e5 varandra som avslutning p\u00e5 en fest.<br \/>\nVisserligen var tillv\u00e4xten liten, 0,2 procent eller s\u00e5, men det r\u00e4cker. Om detta fenomen upprepar sig tv\u00e5 kvartal i rad s\u00e5 \u00e4r det banne mig ingen kris. Det vet varenda ekonom som kan stava till BNP. Det \u00e4r bara synd att alla arbetsl\u00f6sa inte k\u00e4nner till detta faktum.<br \/>\nKrisen \u00e4r inte mer. Ungef\u00e4r som den &#8221;norska bl\u00e5&#8221;.<\/p>\n<p>Och s\u00e5 har Mariano &#8221;ahoj med R framf\u00f6r&#8221; slagit till igen.Mannen som \u00e4r k\u00e4nd f\u00f6r att h\u00e5lla k\u00e4ften g\u00f6r just det. H\u00e5ller k\u00e4ften. S\u00e5 att ist\u00e4llet f\u00f6r att svara p\u00e5 fr\u00e5gor om korruption och svarta pengar s\u00e5 har han p\u00e5 klassiskt spanskt maner dragit ig\u00e5ng en fr\u00e5ga som garanterat s\u00e4tter spanjorernas blod i svallning och f\u00e5r dem att gl\u00f6mma allt annat.<\/p>\n<p>Gibraltar.<br \/>\nDet h\u00e4nder var tionde \u00e5r ungef\u00e4r att Klippan hamnar p\u00e5 l\u00f6psedlarna och spanjorerna blir lika f\u00f6rbannade varje g\u00e5ng. Och visst lyckades &#8221;ahoj med R framf\u00f6r&#8221; den h\u00e4r g\u00e5ngen ocks\u00e5. Borta fr\u00e5n f\u00f6rsta sidor och TV var allt prat om svarta pengar och korruption.<br \/>\nVad \u00e4r s\u00e5nt j\u00e4mf\u00f6rt med att Gibraltanerna tippat en massa sten i vattnet och kallar det f\u00f6r naturv\u00e5rd. Spanjorerna \u00e4r f\u00f6rbannade f\u00f6r att det g\u00f6r att dom inte kan fiska s\u00e5 mycket dom vill.<br \/>\nSom gr\u00e4dde p\u00e5 moset har regeringen kommit upp med en radda briljanta ideer. Ingen visste att det doldes s\u00e5 mycket kreativitet bland det g\u00e4nget.<br \/>\nBland annat skall man noggrant granska personer som bor i Gibraltar men har hus i Spanien. Att det \u00e4r fr\u00e5ga om skattefusk \u00e4r ju sj\u00e4lvklart.<\/p>\n<p>Men, den b\u00e4sta iden av dem alla \u00e4r att Spanien hotar med att ta en avgift av alla som bes\u00f6ker Gibraltar. S\u00e5 d\u00e4r en 50 Euro per skalle anses lagom. Och det \u00e4r klart, man f\u00e5r ju betala f\u00f6r att g\u00e5 p\u00e5 zoo och det \u00e4r v\u00e4l ungef\u00e4r det som Gibraltar \u00e4r idag. Det finns ju snart fler apor som kl\u00e4nger omkring i berget \u00e4n det finns fast boende.<br \/>\nS\u00e4ga vad man vill om Mariano &#8221;ahoj med R framf\u00f6r&#8221; men han har sina ljusa stunder n\u00e4r han kikar fram ur dimman.<\/p>\n<p>F\u00f6r \u00f6vrigt anser jag att IMF och V\u00e4rldsbanken borde f\u00f6rst\u00f6ras. <\/p>\n<p>Saludos amigas\/amigos.<br \/>\nM\u00e5 v\u00e4l och ta hand om er.<\/p>\n","protected":false},"excerpt":{"rendered":"<p>Efter ett litet v\u00e4rmeuppeh\u00e5ll blir allt som vanligt. Ni som varit hemma i Sverige och gottat er \u00e5t den svenska sommaren \u00e4r v\u00e4lkomna tillbaka. Vi andra som varit kvar p\u00e5 Costa del Sol kan bara konstatera att vi \u00e5terigen klarat av v\u00e4rmen. S\u00e5 d\u00e4r ja, det k\u00e4ndes sk\u00f6nt att vara lite v\u00e4nlig. Av Hans G [&hellip;]<\/p>\n","protected":false},"author":8,"featured_media":4104,"comment_status":"open","ping_status":"open","sticky":false,"template":"","format":"standard","meta":{"_et_pb_use_builder":"","_et_pb_old_content":"","_et_gb_content_width":"","footnotes":""},"categories":[396,4],"tags":[],"class_list":["post-4103","post","type-post","status-publish","format-standard","has-post-thumbnail","hentry","category-arkiv-artiklar","category-artiklar"],"yoast_head":"<!-- This site is optimized with the Yoast SEO Premium plugin v26.2 (Yoast SEO v27.5) - https:\/\/yoast.com\/product\/yoast-seo-premium-wordpress\/ -->\n<title>Hans G: The Silly Season - Svenska Magasinet<\/title>\n<meta name=\"robots\" content=\"noindex, follow, max-snippet:-1, max-image-preview:large, max-video-preview:-1\" \/>\n<meta property=\"og:locale\" content=\"sv_SE\" \/>\n<meta property=\"og:type\" content=\"article\" \/>\n<meta property=\"og:title\" content=\"Hans G: The Silly Season\" \/>\n<meta property=\"og:description\" content=\"Efter ett litet v\u00e4rmeuppeh\u00e5ll blir allt som vanligt. Ni som varit hemma i Sverige och gottat er \u00e5t den svenska sommaren \u00e4r v\u00e4lkomna tillbaka. Vi andra som varit kvar p\u00e5 Costa del Sol kan bara konstatera att vi \u00e5terigen klarat av v\u00e4rmen. S\u00e5 d\u00e4r ja, det k\u00e4ndes sk\u00f6nt att vara lite v\u00e4nlig. Av Hans G [&hellip;]\" \/>\n<meta property=\"og:url\" content=\"https:\/\/lightweb.dev\/l\/svm-temp\/artiklar\/hans-g-the-silly-season\/\" \/>\n<meta property=\"og:site_name\" content=\"Svenska Magasinet\" \/>\n<meta property=\"article:publisher\" content=\"https:\/\/www.facebook.com\/svenskamagasinet\" \/>\n<meta property=\"article:published_time\" content=\"2013-09-10T22:00:00+00:00\" \/>\n<meta property=\"og:image\" content=\"https:\/\/lightweb.dev\/l\/svm-temp\/wp-content\/uploads\/2022\/04\/hans-g-the-silly-season.png\" \/>\n\t<meta property=\"og:image:width\" content=\"280\" \/>\n\t<meta property=\"og:image:height\" content=\"291\" \/>\n\t<meta property=\"og:image:type\" content=\"image\/png\" \/>\n<meta name=\"author\" content=\"Redaktionen SvM\" \/>\n<meta name=\"twitter:card\" content=\"summary_large_image\" \/>\n<meta name=\"twitter:creator\" content=\"@SvenskaMagasine\" \/>\n<meta name=\"twitter:site\" content=\"@SvenskaMagasine\" \/>\n<script type=\"application\/ld+json\" class=\"yoast-schema-graph\">{\"@context\":\"https:\\\/\\\/schema.org\",\"@graph\":[{\"@type\":\"Article\",\"@id\":\"https:\\\/\\\/lightweb.dev\\\/l\\\/svm-temp\\\/artiklar\\\/hans-g-the-silly-season\\\/#article\",\"isPartOf\":{\"@id\":\"https:\\\/\\\/lightweb.dev\\\/l\\\/svm-temp\\\/artiklar\\\/hans-g-the-silly-season\\\/\"},\"author\":{\"name\":\"Redaktionen SvM\",\"@id\":\"https:\\\/\\\/lightweb.dev\\\/l\\\/svm-temp\\\/#\\\/schema\\\/person\\\/206a3bda5b607b0c25e1749191e4d837\"},\"headline\":\"Hans G: The Silly Season\",\"datePublished\":\"2013-09-10T22:00:00+00:00\",\"mainEntityOfPage\":{\"@id\":\"https:\\\/\\\/lightweb.dev\\\/l\\\/svm-temp\\\/artiklar\\\/hans-g-the-silly-season\\\/\"},\"wordCount\":720,\"commentCount\":0,\"publisher\":{\"@id\":\"https:\\\/\\\/lightweb.dev\\\/l\\\/svm-temp\\\/#organization\"},\"image\":{\"@id\":\"https:\\\/\\\/lightweb.dev\\\/l\\\/svm-temp\\\/artiklar\\\/hans-g-the-silly-season\\\/#primaryimage\"},\"thumbnailUrl\":\"https:\\\/\\\/lightweb.dev\\\/l\\\/svm-temp\\\/wp-content\\\/uploads\\\/2022\\\/04\\\/hans-g-the-silly-season.png\",\"articleSection\":[\"Arkiv\",\"Artiklar\"],\"inLanguage\":\"sv-SE\"},{\"@type\":\"WebPage\",\"@id\":\"https:\\\/\\\/lightweb.dev\\\/l\\\/svm-temp\\\/artiklar\\\/hans-g-the-silly-season\\\/\",\"url\":\"https:\\\/\\\/lightweb.dev\\\/l\\\/svm-temp\\\/artiklar\\\/hans-g-the-silly-season\\\/\",\"name\":\"Hans G: The Silly Season - Svenska Magasinet\",\"isPartOf\":{\"@id\":\"https:\\\/\\\/lightweb.dev\\\/l\\\/svm-temp\\\/#website\"},\"primaryImageOfPage\":{\"@id\":\"https:\\\/\\\/lightweb.dev\\\/l\\\/svm-temp\\\/artiklar\\\/hans-g-the-silly-season\\\/#primaryimage\"},\"image\":{\"@id\":\"https:\\\/\\\/lightweb.dev\\\/l\\\/svm-temp\\\/artiklar\\\/hans-g-the-silly-season\\\/#primaryimage\"},\"thumbnailUrl\":\"https:\\\/\\\/lightweb.dev\\\/l\\\/svm-temp\\\/wp-content\\\/uploads\\\/2022\\\/04\\\/hans-g-the-silly-season.png\",\"datePublished\":\"2013-09-10T22:00:00+00:00\",\"breadcrumb\":{\"@id\":\"https:\\\/\\\/lightweb.dev\\\/l\\\/svm-temp\\\/artiklar\\\/hans-g-the-silly-season\\\/#breadcrumb\"},\"inLanguage\":\"sv-SE\",\"potentialAction\":[{\"@type\":\"ReadAction\",\"target\":[\"https:\\\/\\\/lightweb.dev\\\/l\\\/svm-temp\\\/artiklar\\\/hans-g-the-silly-season\\\/\"]}]},{\"@type\":\"ImageObject\",\"inLanguage\":\"sv-SE\",\"@id\":\"https:\\\/\\\/lightweb.dev\\\/l\\\/svm-temp\\\/artiklar\\\/hans-g-the-silly-season\\\/#primaryimage\",\"url\":\"https:\\\/\\\/lightweb.dev\\\/l\\\/svm-temp\\\/wp-content\\\/uploads\\\/2022\\\/04\\\/hans-g-the-silly-season.png\",\"contentUrl\":\"https:\\\/\\\/lightweb.dev\\\/l\\\/svm-temp\\\/wp-content\\\/uploads\\\/2022\\\/04\\\/hans-g-the-silly-season.png\",\"width\":280,\"height\":291},{\"@type\":\"BreadcrumbList\",\"@id\":\"https:\\\/\\\/lightweb.dev\\\/l\\\/svm-temp\\\/artiklar\\\/hans-g-the-silly-season\\\/#breadcrumb\",\"itemListElement\":[{\"@type\":\"ListItem\",\"position\":1,\"name\":\"Hem\",\"item\":\"https:\\\/\\\/lightweb.dev\\\/l\\\/svm-temp\\\/\"},{\"@type\":\"ListItem\",\"position\":2,\"name\":\"Hans G: The Silly Season\"}]},{\"@type\":\"WebSite\",\"@id\":\"https:\\\/\\\/lightweb.dev\\\/l\\\/svm-temp\\\/#website\",\"url\":\"https:\\\/\\\/lightweb.dev\\\/l\\\/svm-temp\\\/\",\"name\":\"Svenska Magasinet\",\"description\":\"Dina Spanska nyheter p&aring; Svenska\",\"publisher\":{\"@id\":\"https:\\\/\\\/lightweb.dev\\\/l\\\/svm-temp\\\/#organization\"},\"potentialAction\":[{\"@type\":\"SearchAction\",\"target\":{\"@type\":\"EntryPoint\",\"urlTemplate\":\"https:\\\/\\\/lightweb.dev\\\/l\\\/svm-temp\\\/?s={search_term_string}\"},\"query-input\":{\"@type\":\"PropertyValueSpecification\",\"valueRequired\":true,\"valueName\":\"search_term_string\"}}],\"inLanguage\":\"sv-SE\"},{\"@type\":\"Organization\",\"@id\":\"https:\\\/\\\/lightweb.dev\\\/l\\\/svm-temp\\\/#organization\",\"name\":\"Melkerson y Nott SL\",\"alternateName\":\"Svenska Magasinet\",\"url\":\"https:\\\/\\\/lightweb.dev\\\/l\\\/svm-temp\\\/\",\"logo\":{\"@type\":\"ImageObject\",\"inLanguage\":\"sv-SE\",\"@id\":\"https:\\\/\\\/lightweb.dev\\\/l\\\/svm-temp\\\/#\\\/schema\\\/logo\\\/image\\\/\",\"url\":\"https:\\\/\\\/lightweb.dev\\\/l\\\/svm-temp\\\/wp-content\\\/uploads\\\/2025\\\/02\\\/SvM-logo-Xtra-Centrerad-SVART.png\",\"contentUrl\":\"https:\\\/\\\/lightweb.dev\\\/l\\\/svm-temp\\\/wp-content\\\/uploads\\\/2025\\\/02\\\/SvM-logo-Xtra-Centrerad-SVART.png\",\"width\":300,\"height\":99,\"caption\":\"Melkerson y Nott SL\"},\"image\":{\"@id\":\"https:\\\/\\\/lightweb.dev\\\/l\\\/svm-temp\\\/#\\\/schema\\\/logo\\\/image\\\/\"},\"sameAs\":[\"https:\\\/\\\/www.facebook.com\\\/svenskamagasinet\",\"https:\\\/\\\/x.com\\\/SvenskaMagasine\"]},{\"@type\":\"Person\",\"@id\":\"https:\\\/\\\/lightweb.dev\\\/l\\\/svm-temp\\\/#\\\/schema\\\/person\\\/206a3bda5b607b0c25e1749191e4d837\",\"name\":\"Redaktionen SvM\",\"description\":\"Redaktionen\",\"sameAs\":[\"https:\\\/\\\/lightweb.dev\\\/l\\\/svm-temp\"],\"url\":\"https:\\\/\\\/lightweb.dev\\\/l\\\/svm-temp\\\/reporter\\\/redaktionen\\\/\"}]}<\/script>\n<!-- \/ Yoast SEO Premium plugin. -->","yoast_head_json":{"title":"Hans G: The Silly Season - Svenska Magasinet","robots":{"index":"noindex","follow":"follow","max-snippet":"max-snippet:-1","max-image-preview":"max-image-preview:large","max-video-preview":"max-video-preview:-1"},"og_locale":"sv_SE","og_type":"article","og_title":"Hans G: The Silly Season","og_description":"Efter ett litet v\u00e4rmeuppeh\u00e5ll blir allt som vanligt. Ni som varit hemma i Sverige och gottat er \u00e5t den svenska sommaren \u00e4r v\u00e4lkomna tillbaka. Vi andra som varit kvar p\u00e5 Costa del Sol kan bara konstatera att vi \u00e5terigen klarat av v\u00e4rmen. S\u00e5 d\u00e4r ja, det k\u00e4ndes sk\u00f6nt att vara lite v\u00e4nlig. Av Hans G [&hellip;]","og_url":"https:\/\/lightweb.dev\/l\/svm-temp\/artiklar\/hans-g-the-silly-season\/","og_site_name":"Svenska Magasinet","article_publisher":"https:\/\/www.facebook.com\/svenskamagasinet","article_published_time":"2013-09-10T22:00:00+00:00","og_image":[{"width":280,"height":291,"url":"https:\/\/lightweb.dev\/l\/svm-temp\/wp-content\/uploads\/2022\/04\/hans-g-the-silly-season.png","type":"image\/png"}],"author":"Redaktionen SvM","twitter_card":"summary_large_image","twitter_creator":"@SvenskaMagasine","twitter_site":"@SvenskaMagasine","schema":{"@context":"https:\/\/schema.org","@graph":[{"@type":"Article","@id":"https:\/\/lightweb.dev\/l\/svm-temp\/artiklar\/hans-g-the-silly-season\/#article","isPartOf":{"@id":"https:\/\/lightweb.dev\/l\/svm-temp\/artiklar\/hans-g-the-silly-season\/"},"author":{"name":"Redaktionen SvM","@id":"https:\/\/lightweb.dev\/l\/svm-temp\/#\/schema\/person\/206a3bda5b607b0c25e1749191e4d837"},"headline":"Hans G: The Silly Season","datePublished":"2013-09-10T22:00:00+00:00","mainEntityOfPage":{"@id":"https:\/\/lightweb.dev\/l\/svm-temp\/artiklar\/hans-g-the-silly-season\/"},"wordCount":720,"commentCount":0,"publisher":{"@id":"https:\/\/lightweb.dev\/l\/svm-temp\/#organization"},"image":{"@id":"https:\/\/lightweb.dev\/l\/svm-temp\/artiklar\/hans-g-the-silly-season\/#primaryimage"},"thumbnailUrl":"https:\/\/lightweb.dev\/l\/svm-temp\/wp-content\/uploads\/2022\/04\/hans-g-the-silly-season.png","articleSection":["Arkiv","Artiklar"],"inLanguage":"sv-SE"},{"@type":"WebPage","@id":"https:\/\/lightweb.dev\/l\/svm-temp\/artiklar\/hans-g-the-silly-season\/","url":"https:\/\/lightweb.dev\/l\/svm-temp\/artiklar\/hans-g-the-silly-season\/","name":"Hans G: The Silly Season - Svenska Magasinet","isPartOf":{"@id":"https:\/\/lightweb.dev\/l\/svm-temp\/#website"},"primaryImageOfPage":{"@id":"https:\/\/lightweb.dev\/l\/svm-temp\/artiklar\/hans-g-the-silly-season\/#primaryimage"},"image":{"@id":"https:\/\/lightweb.dev\/l\/svm-temp\/artiklar\/hans-g-the-silly-season\/#primaryimage"},"thumbnailUrl":"https:\/\/lightweb.dev\/l\/svm-temp\/wp-content\/uploads\/2022\/04\/hans-g-the-silly-season.png","datePublished":"2013-09-10T22:00:00+00:00","breadcrumb":{"@id":"https:\/\/lightweb.dev\/l\/svm-temp\/artiklar\/hans-g-the-silly-season\/#breadcrumb"},"inLanguage":"sv-SE","potentialAction":[{"@type":"ReadAction","target":["https:\/\/lightweb.dev\/l\/svm-temp\/artiklar\/hans-g-the-silly-season\/"]}]},{"@type":"ImageObject","inLanguage":"sv-SE","@id":"https:\/\/lightweb.dev\/l\/svm-temp\/artiklar\/hans-g-the-silly-season\/#primaryimage","url":"https:\/\/lightweb.dev\/l\/svm-temp\/wp-content\/uploads\/2022\/04\/hans-g-the-silly-season.png","contentUrl":"https:\/\/lightweb.dev\/l\/svm-temp\/wp-content\/uploads\/2022\/04\/hans-g-the-silly-season.png","width":280,"height":291},{"@type":"BreadcrumbList","@id":"https:\/\/lightweb.dev\/l\/svm-temp\/artiklar\/hans-g-the-silly-season\/#breadcrumb","itemListElement":[{"@type":"ListItem","position":1,"name":"Hem","item":"https:\/\/lightweb.dev\/l\/svm-temp\/"},{"@type":"ListItem","position":2,"name":"Hans G: The Silly Season"}]},{"@type":"WebSite","@id":"https:\/\/lightweb.dev\/l\/svm-temp\/#website","url":"https:\/\/lightweb.dev\/l\/svm-temp\/","name":"Svenska Magasinet","description":"Dina Spanska nyheter p&aring; Svenska","publisher":{"@id":"https:\/\/lightweb.dev\/l\/svm-temp\/#organization"},"potentialAction":[{"@type":"SearchAction","target":{"@type":"EntryPoint","urlTemplate":"https:\/\/lightweb.dev\/l\/svm-temp\/?s={search_term_string}"},"query-input":{"@type":"PropertyValueSpecification","valueRequired":true,"valueName":"search_term_string"}}],"inLanguage":"sv-SE"},{"@type":"Organization","@id":"https:\/\/lightweb.dev\/l\/svm-temp\/#organization","name":"Melkerson y Nott SL","alternateName":"Svenska Magasinet","url":"https:\/\/lightweb.dev\/l\/svm-temp\/","logo":{"@type":"ImageObject","inLanguage":"sv-SE","@id":"https:\/\/lightweb.dev\/l\/svm-temp\/#\/schema\/logo\/image\/","url":"https:\/\/lightweb.dev\/l\/svm-temp\/wp-content\/uploads\/2025\/02\/SvM-logo-Xtra-Centrerad-SVART.png","contentUrl":"https:\/\/lightweb.dev\/l\/svm-temp\/wp-content\/uploads\/2025\/02\/SvM-logo-Xtra-Centrerad-SVART.png","width":300,"height":99,"caption":"Melkerson y Nott SL"},"image":{"@id":"https:\/\/lightweb.dev\/l\/svm-temp\/#\/schema\/logo\/image\/"},"sameAs":["https:\/\/www.facebook.com\/svenskamagasinet","https:\/\/x.com\/SvenskaMagasine"]},{"@type":"Person","@id":"https:\/\/lightweb.dev\/l\/svm-temp\/#\/schema\/person\/206a3bda5b607b0c25e1749191e4d837","name":"Redaktionen SvM","description":"Redaktionen","sameAs":["https:\/\/lightweb.dev\/l\/svm-temp"],"url":"https:\/\/lightweb.dev\/l\/svm-temp\/reporter\/redaktionen\/"}]}},"_links":{"self":[{"href":"https:\/\/lightweb.dev\/l\/svm-temp\/wp-json\/wp\/v2\/posts\/4103","targetHints":{"allow":["GET"]}}],"collection":[{"href":"https:\/\/lightweb.dev\/l\/svm-temp\/wp-json\/wp\/v2\/posts"}],"about":[{"href":"https:\/\/lightweb.dev\/l\/svm-temp\/wp-json\/wp\/v2\/types\/post"}],"author":[{"embeddable":true,"href":"https:\/\/lightweb.dev\/l\/svm-temp\/wp-json\/wp\/v2\/users\/8"}],"replies":[{"embeddable":true,"href":"https:\/\/lightweb.dev\/l\/svm-temp\/wp-json\/wp\/v2\/comments?post=4103"}],"version-history":[{"count":0,"href":"https:\/\/lightweb.dev\/l\/svm-temp\/wp-json\/wp\/v2\/posts\/4103\/revisions"}],"wp:featuredmedia":[{"embeddable":true,"href":"https:\/\/lightweb.dev\/l\/svm-temp\/wp-json\/wp\/v2\/media\/4104"}],"wp:attachment":[{"href":"https:\/\/lightweb.dev\/l\/svm-temp\/wp-json\/wp\/v2\/media?parent=4103"}],"wp:term":[{"taxonomy":"category","embeddable":true,"href":"https:\/\/lightweb.dev\/l\/svm-temp\/wp-json\/wp\/v2\/categories?post=4103"},{"taxonomy":"post_tag","embeddable":true,"href":"https:\/\/lightweb.dev\/l\/svm-temp\/wp-json\/wp\/v2\/tags?post=4103"}],"curies":[{"name":"wp","href":"https:\/\/api.w.org\/{rel}","templated":true}]}}