{"id":4107,"date":"2013-09-11T00:00:00","date_gmt":"2013-09-10T22:00:00","guid":{"rendered":"https:\/\/lightweb.dev\/l\/svm-temp\/nyhet-for-er-som-letar-bostad-pa-costa-del-sol\/"},"modified":"2013-09-11T00:00:00","modified_gmt":"2013-09-10T22:00:00","slug":"nyhet-for-er-som-letar-bostad-pa-costa-del-sol","status":"publish","type":"post","link":"https:\/\/lightweb.dev\/l\/svm-temp\/artiklar\/nyhet-for-er-som-letar-bostad-pa-costa-del-sol\/","title":{"rendered":"Nyhet f\u00f6r er som letar bostad p\u00e5 Costa del Sol"},"content":{"rendered":"<p> Nu finns det en komplett s\u00f6kmotorn f\u00f6r bost\u00e4der p\u00e5 Costa del Sol. Vi bakom Homenet Spain, b\u00f6rjade som spekulanter p\u00e5 fastigheter.  Efter att ha blivit totalt f\u00f6rvirrad av de m\u00e5nga olika m\u00e4klarfirmor som m\u00e5nga g\u00e5nger listar samma fastigheter till salu fast till olika pris, s\u00e5g vi en m\u00f6jlighet till f\u00f6rb\u00e4ttring i marknaden.<\/p>\n<p>Vi beslutade att sammanf\u00f6ra alla fastigheter p\u00e5 en och samma j\u00e4mf\u00f6rande hemsida, ta bort upprepningar av samma fastighet och p\u00e5 s\u00e5 vis ge er som spekulanter en exakt bild av vad som finns till salu inom ert s\u00f6kkriterium. Homenet Spain \u00e4r utvecklat med tanke p\u00e5 k\u00f6paren och ni kan h\u00e4r g\u00f6ra anv\u00e4ndbara j\u00e4mf\u00f6relser mellan liknande fastigheter och \u00e4ven titta p\u00e5 vad man f\u00e5r f\u00f6r samma pengar i ett annat omr\u00e5de.<\/p>\n<p>Vi har skapat filter som ger er m\u00f6jlighet att leta efter exakt det ni s\u00f6ker efter och all information p\u00e5 hemsidan \u00e4r helt oberoende och korrekt. Ni kan \u00e4ven spara s\u00f6kkriterier och f\u00e5 meddelande om n\u00e4r nya fastigheter kommer ut p\u00e5 marknaden. Homenet Spain garanterar att ni spar tid, pengar och on\u00f6digt kr\u00e5ngel.<\/p>\n<p>Vi har sj\u00e4lvst\u00e4ndiga fastighetsexperter som kan marknaden och hela k\u00f6pproceduren utan och innan. N\u00e4r du kontaktar oss hj\u00e4lper vi er att genomf\u00f6ra hela k\u00f6pet fr\u00e5n b\u00f6rjan till slut. Det \u00e4r mycket enkelt, vi t\u00e4nker som en intresserad k\u00f6pare och fr\u00e5gar vad det egentligen \u00e4r som just denna spekulant vill ha?<\/p>\n<p>Homenet Spain h\u00e4lsar alla v\u00e4lkomna att bes\u00f6ka deras fina hemsida. S\u00f6k bland fastigheter p\u00e5 Costa del Sol, fr\u00e5n Fuengirola, Mijas till Sotogrande. Enjoy &#8211; vi tror inte att ni blir besvikna. Soliga h\u00e4lsningar fr\u00e5n Diana Taylor, direkt\u00f6r p\u00e5 Homenet Spain.<\/p>\n<p>www.homenetspain.com<\/p>\n","protected":false},"excerpt":{"rendered":"<p>Nu finns det en komplett s\u00f6kmotorn f\u00f6r bost\u00e4der p\u00e5 Costa del Sol. Vi bakom Homenet Spain, b\u00f6rjade som spekulanter p\u00e5 fastigheter. Efter att ha blivit totalt f\u00f6rvirrad av de m\u00e5nga olika m\u00e4klarfirmor som m\u00e5nga g\u00e5nger listar samma fastigheter till salu fast till olika pris, s\u00e5g vi en m\u00f6jlighet till f\u00f6rb\u00e4ttring i marknaden. Vi beslutade att [&hellip;]<\/p>\n","protected":false},"author":8,"featured_media":0,"comment_status":"open","ping_status":"open","sticky":false,"template":"","format":"standard","meta":{"_et_pb_use_builder":"","_et_pb_old_content":"","_et_gb_content_width":"","footnotes":""},"categories":[396,4],"tags":[],"class_list":["post-4107","post","type-post","status-publish","format-standard","hentry","category-arkiv-artiklar","category-artiklar"],"yoast_head":"<!-- This site is optimized with the Yoast SEO Premium plugin v26.2 (Yoast SEO v27.5) - https:\/\/yoast.com\/product\/yoast-seo-premium-wordpress\/ -->\n<title>Nyhet f\u00f6r er som letar bostad p\u00e5 Costa del Sol - Svenska Magasinet<\/title>\n<meta name=\"robots\" content=\"noindex, follow, max-snippet:-1, max-image-preview:large, max-video-preview:-1\" \/>\n<meta property=\"og:locale\" content=\"sv_SE\" \/>\n<meta property=\"og:type\" content=\"article\" \/>\n<meta property=\"og:title\" content=\"Nyhet f\u00f6r er som letar bostad p\u00e5 Costa del Sol\" \/>\n<meta property=\"og:description\" content=\"Nu finns det en komplett s\u00f6kmotorn f\u00f6r bost\u00e4der p\u00e5 Costa del Sol. Vi bakom Homenet Spain, b\u00f6rjade som spekulanter p\u00e5 fastigheter. Efter att ha blivit totalt f\u00f6rvirrad av de m\u00e5nga olika m\u00e4klarfirmor som m\u00e5nga g\u00e5nger listar samma fastigheter till salu fast till olika pris, s\u00e5g vi en m\u00f6jlighet till f\u00f6rb\u00e4ttring i marknaden. Vi beslutade att [&hellip;]\" \/>\n<meta property=\"og:url\" content=\"https:\/\/lightweb.dev\/l\/svm-temp\/artiklar\/nyhet-for-er-som-letar-bostad-pa-costa-del-sol\/\" \/>\n<meta property=\"og:site_name\" content=\"Svenska Magasinet\" \/>\n<meta property=\"article:publisher\" content=\"https:\/\/www.facebook.com\/svenskamagasinet\" \/>\n<meta property=\"article:published_time\" content=\"2013-09-10T22:00:00+00:00\" \/>\n<meta name=\"author\" content=\"Redaktionen SvM\" \/>\n<meta name=\"twitter:card\" content=\"summary_large_image\" \/>\n<meta name=\"twitter:creator\" content=\"@SvenskaMagasine\" \/>\n<meta name=\"twitter:site\" content=\"@SvenskaMagasine\" \/>\n<script type=\"application\/ld+json\" class=\"yoast-schema-graph\">{\"@context\":\"https:\\\/\\\/schema.org\",\"@graph\":[{\"@type\":\"Article\",\"@id\":\"https:\\\/\\\/lightweb.dev\\\/l\\\/svm-temp\\\/artiklar\\\/nyhet-for-er-som-letar-bostad-pa-costa-del-sol\\\/#article\",\"isPartOf\":{\"@id\":\"https:\\\/\\\/lightweb.dev\\\/l\\\/svm-temp\\\/artiklar\\\/nyhet-for-er-som-letar-bostad-pa-costa-del-sol\\\/\"},\"author\":{\"name\":\"Redaktionen SvM\",\"@id\":\"https:\\\/\\\/lightweb.dev\\\/l\\\/svm-temp\\\/#\\\/schema\\\/person\\\/206a3bda5b607b0c25e1749191e4d837\"},\"headline\":\"Nyhet f\u00f6r er som letar bostad p\u00e5 Costa del Sol\",\"datePublished\":\"2013-09-10T22:00:00+00:00\",\"mainEntityOfPage\":{\"@id\":\"https:\\\/\\\/lightweb.dev\\\/l\\\/svm-temp\\\/artiklar\\\/nyhet-for-er-som-letar-bostad-pa-costa-del-sol\\\/\"},\"wordCount\":331,\"commentCount\":0,\"publisher\":{\"@id\":\"https:\\\/\\\/lightweb.dev\\\/l\\\/svm-temp\\\/#organization\"},\"articleSection\":[\"Arkiv\",\"Artiklar\"],\"inLanguage\":\"sv-SE\"},{\"@type\":\"WebPage\",\"@id\":\"https:\\\/\\\/lightweb.dev\\\/l\\\/svm-temp\\\/artiklar\\\/nyhet-for-er-som-letar-bostad-pa-costa-del-sol\\\/\",\"url\":\"https:\\\/\\\/lightweb.dev\\\/l\\\/svm-temp\\\/artiklar\\\/nyhet-for-er-som-letar-bostad-pa-costa-del-sol\\\/\",\"name\":\"Nyhet f\u00f6r er som letar bostad p\u00e5 Costa del Sol - Svenska Magasinet\",\"isPartOf\":{\"@id\":\"https:\\\/\\\/lightweb.dev\\\/l\\\/svm-temp\\\/#website\"},\"datePublished\":\"2013-09-10T22:00:00+00:00\",\"breadcrumb\":{\"@id\":\"https:\\\/\\\/lightweb.dev\\\/l\\\/svm-temp\\\/artiklar\\\/nyhet-for-er-som-letar-bostad-pa-costa-del-sol\\\/#breadcrumb\"},\"inLanguage\":\"sv-SE\",\"potentialAction\":[{\"@type\":\"ReadAction\",\"target\":[\"https:\\\/\\\/lightweb.dev\\\/l\\\/svm-temp\\\/artiklar\\\/nyhet-for-er-som-letar-bostad-pa-costa-del-sol\\\/\"]}]},{\"@type\":\"BreadcrumbList\",\"@id\":\"https:\\\/\\\/lightweb.dev\\\/l\\\/svm-temp\\\/artiklar\\\/nyhet-for-er-som-letar-bostad-pa-costa-del-sol\\\/#breadcrumb\",\"itemListElement\":[{\"@type\":\"ListItem\",\"position\":1,\"name\":\"Hem\",\"item\":\"https:\\\/\\\/lightweb.dev\\\/l\\\/svm-temp\\\/\"},{\"@type\":\"ListItem\",\"position\":2,\"name\":\"Nyhet f\u00f6r er som letar bostad p\u00e5 Costa del Sol\"}]},{\"@type\":\"WebSite\",\"@id\":\"https:\\\/\\\/lightweb.dev\\\/l\\\/svm-temp\\\/#website\",\"url\":\"https:\\\/\\\/lightweb.dev\\\/l\\\/svm-temp\\\/\",\"name\":\"Svenska Magasinet\",\"description\":\"Dina Spanska nyheter p&aring; Svenska\",\"publisher\":{\"@id\":\"https:\\\/\\\/lightweb.dev\\\/l\\\/svm-temp\\\/#organization\"},\"potentialAction\":[{\"@type\":\"SearchAction\",\"target\":{\"@type\":\"EntryPoint\",\"urlTemplate\":\"https:\\\/\\\/lightweb.dev\\\/l\\\/svm-temp\\\/?s={search_term_string}\"},\"query-input\":{\"@type\":\"PropertyValueSpecification\",\"valueRequired\":true,\"valueName\":\"search_term_string\"}}],\"inLanguage\":\"sv-SE\"},{\"@type\":\"Organization\",\"@id\":\"https:\\\/\\\/lightweb.dev\\\/l\\\/svm-temp\\\/#organization\",\"name\":\"Melkerson y Nott SL\",\"alternateName\":\"Svenska Magasinet\",\"url\":\"https:\\\/\\\/lightweb.dev\\\/l\\\/svm-temp\\\/\",\"logo\":{\"@type\":\"ImageObject\",\"inLanguage\":\"sv-SE\",\"@id\":\"https:\\\/\\\/lightweb.dev\\\/l\\\/svm-temp\\\/#\\\/schema\\\/logo\\\/image\\\/\",\"url\":\"https:\\\/\\\/lightweb.dev\\\/l\\\/svm-temp\\\/wp-content\\\/uploads\\\/2025\\\/02\\\/SvM-logo-Xtra-Centrerad-SVART.png\",\"contentUrl\":\"https:\\\/\\\/lightweb.dev\\\/l\\\/svm-temp\\\/wp-content\\\/uploads\\\/2025\\\/02\\\/SvM-logo-Xtra-Centrerad-SVART.png\",\"width\":300,\"height\":99,\"caption\":\"Melkerson y Nott SL\"},\"image\":{\"@id\":\"https:\\\/\\\/lightweb.dev\\\/l\\\/svm-temp\\\/#\\\/schema\\\/logo\\\/image\\\/\"},\"sameAs\":[\"https:\\\/\\\/www.facebook.com\\\/svenskamagasinet\",\"https:\\\/\\\/x.com\\\/SvenskaMagasine\"]},{\"@type\":\"Person\",\"@id\":\"https:\\\/\\\/lightweb.dev\\\/l\\\/svm-temp\\\/#\\\/schema\\\/person\\\/206a3bda5b607b0c25e1749191e4d837\",\"name\":\"Redaktionen SvM\",\"description\":\"Redaktionen\",\"sameAs\":[\"https:\\\/\\\/lightweb.dev\\\/l\\\/svm-temp\"],\"url\":\"https:\\\/\\\/lightweb.dev\\\/l\\\/svm-temp\\\/reporter\\\/redaktionen\\\/\"}]}<\/script>\n<!-- \/ Yoast SEO Premium plugin. -->","yoast_head_json":{"title":"Nyhet f\u00f6r er som letar bostad p\u00e5 Costa del Sol - Svenska Magasinet","robots":{"index":"noindex","follow":"follow","max-snippet":"max-snippet:-1","max-image-preview":"max-image-preview:large","max-video-preview":"max-video-preview:-1"},"og_locale":"sv_SE","og_type":"article","og_title":"Nyhet f\u00f6r er som letar bostad p\u00e5 Costa del Sol","og_description":"Nu finns det en komplett s\u00f6kmotorn f\u00f6r bost\u00e4der p\u00e5 Costa del Sol. Vi bakom Homenet Spain, b\u00f6rjade som spekulanter p\u00e5 fastigheter. Efter att ha blivit totalt f\u00f6rvirrad av de m\u00e5nga olika m\u00e4klarfirmor som m\u00e5nga g\u00e5nger listar samma fastigheter till salu fast till olika pris, s\u00e5g vi en m\u00f6jlighet till f\u00f6rb\u00e4ttring i marknaden. Vi beslutade att [&hellip;]","og_url":"https:\/\/lightweb.dev\/l\/svm-temp\/artiklar\/nyhet-for-er-som-letar-bostad-pa-costa-del-sol\/","og_site_name":"Svenska Magasinet","article_publisher":"https:\/\/www.facebook.com\/svenskamagasinet","article_published_time":"2013-09-10T22:00:00+00:00","author":"Redaktionen SvM","twitter_card":"summary_large_image","twitter_creator":"@SvenskaMagasine","twitter_site":"@SvenskaMagasine","schema":{"@context":"https:\/\/schema.org","@graph":[{"@type":"Article","@id":"https:\/\/lightweb.dev\/l\/svm-temp\/artiklar\/nyhet-for-er-som-letar-bostad-pa-costa-del-sol\/#article","isPartOf":{"@id":"https:\/\/lightweb.dev\/l\/svm-temp\/artiklar\/nyhet-for-er-som-letar-bostad-pa-costa-del-sol\/"},"author":{"name":"Redaktionen SvM","@id":"https:\/\/lightweb.dev\/l\/svm-temp\/#\/schema\/person\/206a3bda5b607b0c25e1749191e4d837"},"headline":"Nyhet f\u00f6r er som letar bostad p\u00e5 Costa del Sol","datePublished":"2013-09-10T22:00:00+00:00","mainEntityOfPage":{"@id":"https:\/\/lightweb.dev\/l\/svm-temp\/artiklar\/nyhet-for-er-som-letar-bostad-pa-costa-del-sol\/"},"wordCount":331,"commentCount":0,"publisher":{"@id":"https:\/\/lightweb.dev\/l\/svm-temp\/#organization"},"articleSection":["Arkiv","Artiklar"],"inLanguage":"sv-SE"},{"@type":"WebPage","@id":"https:\/\/lightweb.dev\/l\/svm-temp\/artiklar\/nyhet-for-er-som-letar-bostad-pa-costa-del-sol\/","url":"https:\/\/lightweb.dev\/l\/svm-temp\/artiklar\/nyhet-for-er-som-letar-bostad-pa-costa-del-sol\/","name":"Nyhet f\u00f6r er som letar bostad p\u00e5 Costa del Sol - Svenska Magasinet","isPartOf":{"@id":"https:\/\/lightweb.dev\/l\/svm-temp\/#website"},"datePublished":"2013-09-10T22:00:00+00:00","breadcrumb":{"@id":"https:\/\/lightweb.dev\/l\/svm-temp\/artiklar\/nyhet-for-er-som-letar-bostad-pa-costa-del-sol\/#breadcrumb"},"inLanguage":"sv-SE","potentialAction":[{"@type":"ReadAction","target":["https:\/\/lightweb.dev\/l\/svm-temp\/artiklar\/nyhet-for-er-som-letar-bostad-pa-costa-del-sol\/"]}]},{"@type":"BreadcrumbList","@id":"https:\/\/lightweb.dev\/l\/svm-temp\/artiklar\/nyhet-for-er-som-letar-bostad-pa-costa-del-sol\/#breadcrumb","itemListElement":[{"@type":"ListItem","position":1,"name":"Hem","item":"https:\/\/lightweb.dev\/l\/svm-temp\/"},{"@type":"ListItem","position":2,"name":"Nyhet f\u00f6r er som letar bostad p\u00e5 Costa del Sol"}]},{"@type":"WebSite","@id":"https:\/\/lightweb.dev\/l\/svm-temp\/#website","url":"https:\/\/lightweb.dev\/l\/svm-temp\/","name":"Svenska Magasinet","description":"Dina Spanska nyheter p&aring; Svenska","publisher":{"@id":"https:\/\/lightweb.dev\/l\/svm-temp\/#organization"},"potentialAction":[{"@type":"SearchAction","target":{"@type":"EntryPoint","urlTemplate":"https:\/\/lightweb.dev\/l\/svm-temp\/?s={search_term_string}"},"query-input":{"@type":"PropertyValueSpecification","valueRequired":true,"valueName":"search_term_string"}}],"inLanguage":"sv-SE"},{"@type":"Organization","@id":"https:\/\/lightweb.dev\/l\/svm-temp\/#organization","name":"Melkerson y Nott SL","alternateName":"Svenska Magasinet","url":"https:\/\/lightweb.dev\/l\/svm-temp\/","logo":{"@type":"ImageObject","inLanguage":"sv-SE","@id":"https:\/\/lightweb.dev\/l\/svm-temp\/#\/schema\/logo\/image\/","url":"https:\/\/lightweb.dev\/l\/svm-temp\/wp-content\/uploads\/2025\/02\/SvM-logo-Xtra-Centrerad-SVART.png","contentUrl":"https:\/\/lightweb.dev\/l\/svm-temp\/wp-content\/uploads\/2025\/02\/SvM-logo-Xtra-Centrerad-SVART.png","width":300,"height":99,"caption":"Melkerson y Nott SL"},"image":{"@id":"https:\/\/lightweb.dev\/l\/svm-temp\/#\/schema\/logo\/image\/"},"sameAs":["https:\/\/www.facebook.com\/svenskamagasinet","https:\/\/x.com\/SvenskaMagasine"]},{"@type":"Person","@id":"https:\/\/lightweb.dev\/l\/svm-temp\/#\/schema\/person\/206a3bda5b607b0c25e1749191e4d837","name":"Redaktionen SvM","description":"Redaktionen","sameAs":["https:\/\/lightweb.dev\/l\/svm-temp"],"url":"https:\/\/lightweb.dev\/l\/svm-temp\/reporter\/redaktionen\/"}]}},"_links":{"self":[{"href":"https:\/\/lightweb.dev\/l\/svm-temp\/wp-json\/wp\/v2\/posts\/4107","targetHints":{"allow":["GET"]}}],"collection":[{"href":"https:\/\/lightweb.dev\/l\/svm-temp\/wp-json\/wp\/v2\/posts"}],"about":[{"href":"https:\/\/lightweb.dev\/l\/svm-temp\/wp-json\/wp\/v2\/types\/post"}],"author":[{"embeddable":true,"href":"https:\/\/lightweb.dev\/l\/svm-temp\/wp-json\/wp\/v2\/users\/8"}],"replies":[{"embeddable":true,"href":"https:\/\/lightweb.dev\/l\/svm-temp\/wp-json\/wp\/v2\/comments?post=4107"}],"version-history":[{"count":0,"href":"https:\/\/lightweb.dev\/l\/svm-temp\/wp-json\/wp\/v2\/posts\/4107\/revisions"}],"wp:attachment":[{"href":"https:\/\/lightweb.dev\/l\/svm-temp\/wp-json\/wp\/v2\/media?parent=4107"}],"wp:term":[{"taxonomy":"category","embeddable":true,"href":"https:\/\/lightweb.dev\/l\/svm-temp\/wp-json\/wp\/v2\/categories?post=4107"},{"taxonomy":"post_tag","embeddable":true,"href":"https:\/\/lightweb.dev\/l\/svm-temp\/wp-json\/wp\/v2\/tags?post=4107"}],"curies":[{"name":"wp","href":"https:\/\/api.w.org\/{rel}","templated":true}]}}