{"id":4114,"date":"2013-09-10T00:00:00","date_gmt":"2013-09-09T22:00:00","guid":{"rendered":"https:\/\/lightweb.dev\/l\/svm-temp\/svt-vill-stoppa-olagliga-iptv-leverantorer\/"},"modified":"2013-09-10T00:00:00","modified_gmt":"2013-09-09T22:00:00","slug":"svt-vill-stoppa-olagliga-iptv-leverantorer","status":"publish","type":"post","link":"https:\/\/lightweb.dev\/l\/svm-temp\/artiklar\/svt-vill-stoppa-olagliga-iptv-leverantorer\/","title":{"rendered":"SVT vill stoppa olagliga IPTV-leverant\u00f6rer"},"content":{"rendered":"<p> \u201dVi l\u00e5ser upp tv-kanaler\u201d, \u201dTV utan gr\u00e4nser\u201d, \u201dNu kan du se alla svenska, danska och norska tv-kanaler helt lagligt i Spanien\u201d. Budskapen trummas ut \u00f6ver den spanska Solkusten via annonser p\u00e5 webbplatser och i f\u00f6reningslivet. Nu har de nordiska tv-bolagen tr\u00f6ttnat. Av Ola Josefsson<\/p>\n<p>IPTV-leverant\u00f6rer vidares\u00e4nder nordiska kanaler som SVT1 och SVT2 i Spanien helt utan tillst\u00e5nd fr\u00e5n Sveriges Television och de \u00f6vriga nordiska tv-bolagen. N\u00e5got som Svenska Magasinet ber\u00e4ttat om i n\u00e4tupplagan tidigare i somras. IPTV-leverant\u00f6rer p\u00e5st\u00e5r att de har tillst\u00e5nd och att deras verksamhet \u00e4r laglig.<br \/>\n&#8211; Det hela bygger p\u00e5 en stor l\u00f6gn. Det som de sysslar med \u00e4r helt olagligt, s\u00e4ger Riffa H\u00e4nninen, tidigare kanalchef p\u00e5 SVT World och den som samordnar SVT:s anstr\u00e4ngningar att f\u00e5 stopp p\u00e5 IPTV-leverant\u00f6rerna i Spanien.<\/p>\n<p>Svenska Magasinet har talat med IPTV-leverant\u00f6rer som s\u00e4ger att de \u00e4r lagliga och att de \u00e4ven betalar in avgifter f\u00f6r att vidareuts\u00e4nda tv-signaler till nordiska hush\u00e5ll i Spanien?<br \/>\n&#8211; De har inte betalat in n\u00e5gra avgifter till SVT. Kanske har de betalat in till den spanska motsvarigheten till Stim, SGAE, med huvudkontor i Madrid. Men det \u00e4r inte det saken handlar om. Den springande punkten \u00e4r att vi inte har r\u00e4tt att s\u00e4lja hela kanaler till Spanien.<\/p>\n<p>Riffa H\u00e4nninen har god k\u00e4nnedom om den olagliga verksamheten i Spanien. F\u00f6r n\u00e5gra \u00e5r sedan g\u00e4llde det illegal kabel-tv. Spanska jurister kopplades in den g\u00e5ngen f\u00f6r att f\u00e5 stopp p\u00e5 de olagliga s\u00e4ndningarna i bland annat Nerja och Torrevieja-omr\u00e5det. Nu v\u00e4ntar n\u00e4sta kamp mot en illegal verksamhet.<br \/>\n&#8211; Den g\u00e5ngen anlitade vi ett spanskt f\u00f6retag f\u00f6r att f\u00e5 stopp p\u00e5 vidareuts\u00e4ndningar i kabel-tv. De blev skrajja den g\u00e5ngen och slutade. Nu ska vi k\u00f6ra n\u00e4sta race, s\u00e4ger Riffa H\u00e4nninen till Svenska Magasinet.<\/p>\n<p>Nu handlar det om IPTV-leverant\u00f6rer som vidares\u00e4nder nordiska kanaler som SVT1 och SVT2 i Spanien helt utan tillst\u00e5nd fr\u00e5n Sveriges Television och de \u00f6vriga nordiska tv-bolagen.<br \/>\n&#8211; Det mest danskar som erbjuder Box-TV. De samarbetar med \u00e5terf\u00f6rs\u00e4ljare som tidigare har arbetat \u00e5t SVT. Nu jobbar de \u00e5t Box-tv. Bakom Box-TV st\u00e5r Danelca med adress i Benalm\u00e1dena.<\/p>\n<p>Riffa H\u00e4nninen och teamet p\u00e5 SVT World har gjort en stort arbete f\u00f6r att kartl\u00e4gga f\u00f6retag, \u00e5terf\u00f6rs\u00e4ljare och installat\u00f6rer p\u00e5 den spanska Solkusten.<br \/>\n&#8211; Vi har gjort en sammanst\u00e4llning som vi har l\u00e4mnat \u00f6ver till v\u00e5ra jurister. Sveriges Television har tillsammans med Danmarks Radio \u00f6verl\u00e4mnat \u00e4rendet till UBO, Union of Broadcasting med krav att den otill\u00e5tna vidares\u00e4ndningen m\u00e5ste upph\u00f6ra.<\/p>\n<p>Riffa H\u00e4nninen bekr\u00e4ftar f\u00f6r Svenska Magasinet att SVT World efter IPTV-leverant\u00f6rernas int\u00e5g p\u00e5 den spanska marknaden har f\u00f6rlorat m\u00e5nga abonennter. Efter pressmeddelandet om att SVT World ska ta krafttag mot IPTV-leverant\u00f6rerna  kom hundratals abonennter tillbaka.<\/p>\n<p>Det var i maj som SVT World s\u00e4nde ut ett pressmeddelande efter att det hade kommit till deras k\u00e4nnedom att representanter f\u00f6r diverse IPTV-leverant\u00f6rer g\u00e5t ut med felaktig information att SVT Worlds s\u00e4ndningar skulle upph\u00f6ra vid \u00e5rsskiftet 2013\/2014. N\u00e5got som SVT World dementerade.<\/p>\n<p>IP-TV eller streaming \u00e4r lagligt i Sverige. D\u00e4remot \u00e4r det inte lagligt att skicka signalen vidare till utlandet. F\u00f6r IPTV-leverant\u00f6rer handlar det om stora int\u00e4kter fr\u00e5n tusentals kunder runt om i Europa. En person insatt i branschen s\u00e4ger till Svenska Magasinet att det handlar om \u201dj\u00e4ttepengar\u201d.<\/p>\n<p>F\u00f6rutom olagliga IPTV-leverant\u00f6rer finns det f\u00f6retag som s\u00e4ljer VPN-tj\u00e4nster som g\u00f6r att man kommer f\u00f6rbi geoblockeringar.<br \/>\n&#8211; Dessa \u00e4r sv\u00e5rare att komma \u00e5t, \u00e4ven om detta inte heller \u00e4r lagligt. Ett av de f\u00f6retag som s\u00e4ljer VPN-tj\u00e4nster verkade tidigare i \u00c5kersberga, i dag finns de p\u00e5 Teneriffa.<\/p>\n<p>Det \u00e4r inte bara svensk tv som tar krafttag mot IPTV-leverant\u00f6rer. \u00c4ven brittiska BBC har tr\u00f6ttnat liksom Sky som har begr\u00e4nsat s\u00e4ndningarna utanf\u00f6r Storbritannien.<\/p>\n<p>Riffa H\u00e4nninen har nyligen g\u00e5tt i pension och slutat som kanalchef vid SVT World.<br \/>\n&#8211; Min m\u00e5ls\u00e4ttning har hela tiden varit att f\u00e5 SVT till worldwide vilket den har blivit. S\u00e5 nu kan jag sluta och g\u00e5 i pension.<\/p>\n<p>Riffa forts\u00e4tter dock som samordnare i SVT:s m\u00e5ls\u00e4ttning att f\u00e5 stopp p\u00e5 de olagliga s\u00e4ndningarna till Spanien. Sofie Modin tar \u00f6ver som kanalchef p\u00e5 SVT World efter Riffa. Sofie \u00e4r i nul\u00e4get f\u00f6r\u00e4ldraledig.<br \/>\n  \u201dDet \u00e5ligger v\u00e5ra kunder att betala tv-licensen\u201d<\/p>\n<p>Box-TV \u00e4r ett av flera f\u00f6retag p\u00e5 Solkusten som \u00e4r s\u00e5 kallad IPTV-leverant\u00f6r. Box-TV har flera \u00e5terf\u00f6rs\u00e4ljare. Bakom Box-TV st\u00e5r svensk\u00e4gda TD Sat &#038; Sound och dansk\u00e4gda Danelca.<\/p>\n<p>Enligt Riffa H\u00e4nninen p\u00e5 SVT World \u00e4r Box-TV ett av de f\u00f6retag som blivit kontaktade av Union of Broadcasters (UBO) danska advokatbyr\u00e5 p\u00e5 uppdrag av Danmarks Radio och Sveriges Television.<\/p>\n<p>N\u00e4r Svenska Magasinet n\u00e5r \u00e4garen Nicolai Aarestrup p\u00e5 Danelca S.C. S\u00e5 nekar han till att man blivit kontaktade av advokat.<br \/>\n&#8211; Det st\u00e4mmer inte i st\u00e4llet har vi samarbete med Danmarks radio. Vi har inte h\u00f6rt n\u00e5got.<\/p>\n<p>Inte heller Thomas Davidsson p\u00e5 TD Sat &#038; Sound har h\u00f6rt n\u00e5got fr\u00e5n n\u00e5gon advokat. Nicolai Aarestrup och Thomas Davidsson beskriver marknaden av iptv som en djungel med flera oseri\u00f6sa f\u00f6retag som varken g\u00f6r r\u00e4tt f\u00f6r sig, betalar moms eller skatt.<br \/>\n&#8211; Betalar du f\u00f6r deras tj\u00e4nster hamnar pengarna p\u00e5 ett konto i Polen. Det \u00e4r f\u00f6retag som varken betalar skatt eller moms i Spanien, menar Thomas Davidsson.<\/p>\n<p>Betalar ni avgift till Danmarks Radio eller SVT World f\u00f6r att f\u00e5 leverera deras signaler till hus\u00e5ll p\u00e5 Solkusten?<br \/>\n&#8211; Vi har kontrakt med spanska kulturdepartementet. Det har tagit oss tv\u00e5 \u00e5r f\u00f6r att f\u00e5 tillst\u00e5nd att levererare iptv h\u00e4r. Vi har betalat licens till EGEDA f\u00f6r att f\u00e5 leverare iptv- i Spanien. EGEDA \u00e4r den myndighet man betalar till f\u00f6r att f\u00e5 s\u00e4nda ut signaler. D\u00e4remot har vi inte lov att s\u00e4nda ut spanska kanaler, f\u00f6rklarar Nicolai Aarestrup.<\/p>\n<p>Han betonar att det sedan \u00e5ligger f\u00f6retagets kunder att betala tv-licens i exempelvis Sverige. Kunderna \u00e4r sj\u00e4lva skyldiga att betala tv-licensen.<br \/>\n&#8211; Vi betalar f\u00f6r de licenser och tillst\u00e5nd som vi beh\u00f6ver i Spanien. Sedan \u00e4r det upp till kunderna att sj\u00e4lva betala tv-licensen i de nordiska l\u00e4nderna.<\/p>\n<p>Nicolai Aarestrup reagerar p\u00e5 att man fr\u00e5n SVT:s sida g\u00e5r ut och s\u00e4ger att all iptv \u00e4r f\u00f6rbjudet.<br \/>\n&#8211; Det finns i Sverige och Danmark. Enbart i Danmark finns det 160.000 hush\u00e5ll som kan se svensk tv via iptv.<br \/>\nNicolai Aarestrup h\u00e4nvisar till DR Sydeuropa \u201dsom har g\u00e5tt igenom allt. Det vi g\u00f6r \u00e4r lagligt och DR Sydeuropa rekommenderar oss\u201d.<\/p>\n<p>Tidigare kunder av SVT World har l\u00e4mnat kanalen eftersom de menar att inneh\u00e5llet \u00e4r f\u00f6r d\u00e5ligt.<br \/>\n&#8211; Man ska bara inte j\u00e4mf\u00f6ra SVT World med SVT1 och SVT2. Det \u00e4r helt olika utbud, menar Thomas Davidsson. Tv-tittarna har tr\u00f6ttnat p\u00e5 SVT Worlds d\u00e5liga utbud.<\/p>\n","protected":false},"excerpt":{"rendered":"<p>\u201dVi l\u00e5ser upp tv-kanaler\u201d, \u201dTV utan gr\u00e4nser\u201d, \u201dNu kan du se alla svenska, danska och norska tv-kanaler helt lagligt i Spanien\u201d. Budskapen trummas ut \u00f6ver den spanska Solkusten via annonser p\u00e5 webbplatser och i f\u00f6reningslivet. Nu har de nordiska tv-bolagen tr\u00f6ttnat. Av Ola Josefsson IPTV-leverant\u00f6rer vidares\u00e4nder nordiska kanaler som SVT1 och SVT2 i Spanien helt [&hellip;]<\/p>\n","protected":false},"author":8,"featured_media":4115,"comment_status":"open","ping_status":"open","sticky":false,"template":"","format":"standard","meta":{"_et_pb_use_builder":"","_et_pb_old_content":"","_et_gb_content_width":"","footnotes":""},"categories":[396,4],"tags":[],"class_list":["post-4114","post","type-post","status-publish","format-standard","has-post-thumbnail","hentry","category-arkiv-artiklar","category-artiklar"],"yoast_head":"<!-- This site is optimized with the Yoast SEO Premium plugin v26.2 (Yoast SEO v27.5) - https:\/\/yoast.com\/product\/yoast-seo-premium-wordpress\/ -->\n<title>SVT vill stoppa olagliga IPTV-leverant\u00f6rer - Svenska Magasinet<\/title>\n<meta name=\"robots\" content=\"noindex, follow, max-snippet:-1, max-image-preview:large, max-video-preview:-1\" \/>\n<meta property=\"og:locale\" content=\"sv_SE\" \/>\n<meta property=\"og:type\" content=\"article\" \/>\n<meta property=\"og:title\" content=\"SVT vill stoppa olagliga IPTV-leverant\u00f6rer\" \/>\n<meta property=\"og:description\" content=\"\u201dVi l\u00e5ser upp tv-kanaler\u201d, \u201dTV utan gr\u00e4nser\u201d, \u201dNu kan du se alla svenska, danska och norska tv-kanaler helt lagligt i Spanien\u201d. Budskapen trummas ut \u00f6ver den spanska Solkusten via annonser p\u00e5 webbplatser och i f\u00f6reningslivet. Nu har de nordiska tv-bolagen tr\u00f6ttnat. Av Ola Josefsson IPTV-leverant\u00f6rer vidares\u00e4nder nordiska kanaler som SVT1 och SVT2 i Spanien helt [&hellip;]\" \/>\n<meta property=\"og:url\" content=\"https:\/\/lightweb.dev\/l\/svm-temp\/artiklar\/svt-vill-stoppa-olagliga-iptv-leverantorer\/\" \/>\n<meta property=\"og:site_name\" content=\"Svenska Magasinet\" \/>\n<meta property=\"article:publisher\" content=\"https:\/\/www.facebook.com\/svenskamagasinet\" \/>\n<meta property=\"article:published_time\" content=\"2013-09-09T22:00:00+00:00\" \/>\n<meta property=\"og:image\" content=\"https:\/\/lightweb.dev\/l\/svm-temp\/wp-content\/uploads\/2022\/04\/svt-vill-stoppa-olagliga-iptv-leverantrer.png\" \/>\n\t<meta property=\"og:image:width\" content=\"298\" \/>\n\t<meta property=\"og:image:height\" content=\"200\" \/>\n\t<meta property=\"og:image:type\" content=\"image\/png\" \/>\n<meta name=\"author\" content=\"Redaktionen SvM\" \/>\n<meta name=\"twitter:card\" content=\"summary_large_image\" \/>\n<meta name=\"twitter:creator\" content=\"@SvenskaMagasine\" \/>\n<meta name=\"twitter:site\" content=\"@SvenskaMagasine\" \/>\n<script type=\"application\/ld+json\" class=\"yoast-schema-graph\">{\"@context\":\"https:\\\/\\\/schema.org\",\"@graph\":[{\"@type\":\"Article\",\"@id\":\"https:\\\/\\\/lightweb.dev\\\/l\\\/svm-temp\\\/artiklar\\\/svt-vill-stoppa-olagliga-iptv-leverantorer\\\/#article\",\"isPartOf\":{\"@id\":\"https:\\\/\\\/lightweb.dev\\\/l\\\/svm-temp\\\/artiklar\\\/svt-vill-stoppa-olagliga-iptv-leverantorer\\\/\"},\"author\":{\"name\":\"Redaktionen SvM\",\"@id\":\"https:\\\/\\\/lightweb.dev\\\/l\\\/svm-temp\\\/#\\\/schema\\\/person\\\/206a3bda5b607b0c25e1749191e4d837\"},\"headline\":\"SVT vill stoppa olagliga IPTV-leverant\u00f6rer\",\"datePublished\":\"2013-09-09T22:00:00+00:00\",\"mainEntityOfPage\":{\"@id\":\"https:\\\/\\\/lightweb.dev\\\/l\\\/svm-temp\\\/artiklar\\\/svt-vill-stoppa-olagliga-iptv-leverantorer\\\/\"},\"wordCount\":1256,\"commentCount\":0,\"publisher\":{\"@id\":\"https:\\\/\\\/lightweb.dev\\\/l\\\/svm-temp\\\/#organization\"},\"image\":{\"@id\":\"https:\\\/\\\/lightweb.dev\\\/l\\\/svm-temp\\\/artiklar\\\/svt-vill-stoppa-olagliga-iptv-leverantorer\\\/#primaryimage\"},\"thumbnailUrl\":\"https:\\\/\\\/lightweb.dev\\\/l\\\/svm-temp\\\/wp-content\\\/uploads\\\/2022\\\/04\\\/svt-vill-stoppa-olagliga-iptv-leverantrer.png\",\"articleSection\":[\"Arkiv\",\"Artiklar\"],\"inLanguage\":\"sv-SE\"},{\"@type\":\"WebPage\",\"@id\":\"https:\\\/\\\/lightweb.dev\\\/l\\\/svm-temp\\\/artiklar\\\/svt-vill-stoppa-olagliga-iptv-leverantorer\\\/\",\"url\":\"https:\\\/\\\/lightweb.dev\\\/l\\\/svm-temp\\\/artiklar\\\/svt-vill-stoppa-olagliga-iptv-leverantorer\\\/\",\"name\":\"SVT vill stoppa olagliga IPTV-leverant\u00f6rer - Svenska Magasinet\",\"isPartOf\":{\"@id\":\"https:\\\/\\\/lightweb.dev\\\/l\\\/svm-temp\\\/#website\"},\"primaryImageOfPage\":{\"@id\":\"https:\\\/\\\/lightweb.dev\\\/l\\\/svm-temp\\\/artiklar\\\/svt-vill-stoppa-olagliga-iptv-leverantorer\\\/#primaryimage\"},\"image\":{\"@id\":\"https:\\\/\\\/lightweb.dev\\\/l\\\/svm-temp\\\/artiklar\\\/svt-vill-stoppa-olagliga-iptv-leverantorer\\\/#primaryimage\"},\"thumbnailUrl\":\"https:\\\/\\\/lightweb.dev\\\/l\\\/svm-temp\\\/wp-content\\\/uploads\\\/2022\\\/04\\\/svt-vill-stoppa-olagliga-iptv-leverantrer.png\",\"datePublished\":\"2013-09-09T22:00:00+00:00\",\"breadcrumb\":{\"@id\":\"https:\\\/\\\/lightweb.dev\\\/l\\\/svm-temp\\\/artiklar\\\/svt-vill-stoppa-olagliga-iptv-leverantorer\\\/#breadcrumb\"},\"inLanguage\":\"sv-SE\",\"potentialAction\":[{\"@type\":\"ReadAction\",\"target\":[\"https:\\\/\\\/lightweb.dev\\\/l\\\/svm-temp\\\/artiklar\\\/svt-vill-stoppa-olagliga-iptv-leverantorer\\\/\"]}]},{\"@type\":\"ImageObject\",\"inLanguage\":\"sv-SE\",\"@id\":\"https:\\\/\\\/lightweb.dev\\\/l\\\/svm-temp\\\/artiklar\\\/svt-vill-stoppa-olagliga-iptv-leverantorer\\\/#primaryimage\",\"url\":\"https:\\\/\\\/lightweb.dev\\\/l\\\/svm-temp\\\/wp-content\\\/uploads\\\/2022\\\/04\\\/svt-vill-stoppa-olagliga-iptv-leverantrer.png\",\"contentUrl\":\"https:\\\/\\\/lightweb.dev\\\/l\\\/svm-temp\\\/wp-content\\\/uploads\\\/2022\\\/04\\\/svt-vill-stoppa-olagliga-iptv-leverantrer.png\",\"width\":298,\"height\":200},{\"@type\":\"BreadcrumbList\",\"@id\":\"https:\\\/\\\/lightweb.dev\\\/l\\\/svm-temp\\\/artiklar\\\/svt-vill-stoppa-olagliga-iptv-leverantorer\\\/#breadcrumb\",\"itemListElement\":[{\"@type\":\"ListItem\",\"position\":1,\"name\":\"Hem\",\"item\":\"https:\\\/\\\/lightweb.dev\\\/l\\\/svm-temp\\\/\"},{\"@type\":\"ListItem\",\"position\":2,\"name\":\"SVT vill stoppa olagliga IPTV-leverant\u00f6rer\"}]},{\"@type\":\"WebSite\",\"@id\":\"https:\\\/\\\/lightweb.dev\\\/l\\\/svm-temp\\\/#website\",\"url\":\"https:\\\/\\\/lightweb.dev\\\/l\\\/svm-temp\\\/\",\"name\":\"Svenska Magasinet\",\"description\":\"Dina Spanska nyheter p&aring; Svenska\",\"publisher\":{\"@id\":\"https:\\\/\\\/lightweb.dev\\\/l\\\/svm-temp\\\/#organization\"},\"potentialAction\":[{\"@type\":\"SearchAction\",\"target\":{\"@type\":\"EntryPoint\",\"urlTemplate\":\"https:\\\/\\\/lightweb.dev\\\/l\\\/svm-temp\\\/?s={search_term_string}\"},\"query-input\":{\"@type\":\"PropertyValueSpecification\",\"valueRequired\":true,\"valueName\":\"search_term_string\"}}],\"inLanguage\":\"sv-SE\"},{\"@type\":\"Organization\",\"@id\":\"https:\\\/\\\/lightweb.dev\\\/l\\\/svm-temp\\\/#organization\",\"name\":\"Melkerson y Nott SL\",\"alternateName\":\"Svenska Magasinet\",\"url\":\"https:\\\/\\\/lightweb.dev\\\/l\\\/svm-temp\\\/\",\"logo\":{\"@type\":\"ImageObject\",\"inLanguage\":\"sv-SE\",\"@id\":\"https:\\\/\\\/lightweb.dev\\\/l\\\/svm-temp\\\/#\\\/schema\\\/logo\\\/image\\\/\",\"url\":\"https:\\\/\\\/lightweb.dev\\\/l\\\/svm-temp\\\/wp-content\\\/uploads\\\/2025\\\/02\\\/SvM-logo-Xtra-Centrerad-SVART.png\",\"contentUrl\":\"https:\\\/\\\/lightweb.dev\\\/l\\\/svm-temp\\\/wp-content\\\/uploads\\\/2025\\\/02\\\/SvM-logo-Xtra-Centrerad-SVART.png\",\"width\":300,\"height\":99,\"caption\":\"Melkerson y Nott SL\"},\"image\":{\"@id\":\"https:\\\/\\\/lightweb.dev\\\/l\\\/svm-temp\\\/#\\\/schema\\\/logo\\\/image\\\/\"},\"sameAs\":[\"https:\\\/\\\/www.facebook.com\\\/svenskamagasinet\",\"https:\\\/\\\/x.com\\\/SvenskaMagasine\"]},{\"@type\":\"Person\",\"@id\":\"https:\\\/\\\/lightweb.dev\\\/l\\\/svm-temp\\\/#\\\/schema\\\/person\\\/206a3bda5b607b0c25e1749191e4d837\",\"name\":\"Redaktionen SvM\",\"description\":\"Redaktionen\",\"sameAs\":[\"https:\\\/\\\/lightweb.dev\\\/l\\\/svm-temp\"],\"url\":\"https:\\\/\\\/lightweb.dev\\\/l\\\/svm-temp\\\/reporter\\\/redaktionen\\\/\"}]}<\/script>\n<!-- \/ Yoast SEO Premium plugin. -->","yoast_head_json":{"title":"SVT vill stoppa olagliga IPTV-leverant\u00f6rer - Svenska Magasinet","robots":{"index":"noindex","follow":"follow","max-snippet":"max-snippet:-1","max-image-preview":"max-image-preview:large","max-video-preview":"max-video-preview:-1"},"og_locale":"sv_SE","og_type":"article","og_title":"SVT vill stoppa olagliga IPTV-leverant\u00f6rer","og_description":"\u201dVi l\u00e5ser upp tv-kanaler\u201d, \u201dTV utan gr\u00e4nser\u201d, \u201dNu kan du se alla svenska, danska och norska tv-kanaler helt lagligt i Spanien\u201d. Budskapen trummas ut \u00f6ver den spanska Solkusten via annonser p\u00e5 webbplatser och i f\u00f6reningslivet. Nu har de nordiska tv-bolagen tr\u00f6ttnat. Av Ola Josefsson IPTV-leverant\u00f6rer vidares\u00e4nder nordiska kanaler som SVT1 och SVT2 i Spanien helt [&hellip;]","og_url":"https:\/\/lightweb.dev\/l\/svm-temp\/artiklar\/svt-vill-stoppa-olagliga-iptv-leverantorer\/","og_site_name":"Svenska Magasinet","article_publisher":"https:\/\/www.facebook.com\/svenskamagasinet","article_published_time":"2013-09-09T22:00:00+00:00","og_image":[{"width":298,"height":200,"url":"https:\/\/lightweb.dev\/l\/svm-temp\/wp-content\/uploads\/2022\/04\/svt-vill-stoppa-olagliga-iptv-leverantrer.png","type":"image\/png"}],"author":"Redaktionen SvM","twitter_card":"summary_large_image","twitter_creator":"@SvenskaMagasine","twitter_site":"@SvenskaMagasine","schema":{"@context":"https:\/\/schema.org","@graph":[{"@type":"Article","@id":"https:\/\/lightweb.dev\/l\/svm-temp\/artiklar\/svt-vill-stoppa-olagliga-iptv-leverantorer\/#article","isPartOf":{"@id":"https:\/\/lightweb.dev\/l\/svm-temp\/artiklar\/svt-vill-stoppa-olagliga-iptv-leverantorer\/"},"author":{"name":"Redaktionen SvM","@id":"https:\/\/lightweb.dev\/l\/svm-temp\/#\/schema\/person\/206a3bda5b607b0c25e1749191e4d837"},"headline":"SVT vill stoppa olagliga IPTV-leverant\u00f6rer","datePublished":"2013-09-09T22:00:00+00:00","mainEntityOfPage":{"@id":"https:\/\/lightweb.dev\/l\/svm-temp\/artiklar\/svt-vill-stoppa-olagliga-iptv-leverantorer\/"},"wordCount":1256,"commentCount":0,"publisher":{"@id":"https:\/\/lightweb.dev\/l\/svm-temp\/#organization"},"image":{"@id":"https:\/\/lightweb.dev\/l\/svm-temp\/artiklar\/svt-vill-stoppa-olagliga-iptv-leverantorer\/#primaryimage"},"thumbnailUrl":"https:\/\/lightweb.dev\/l\/svm-temp\/wp-content\/uploads\/2022\/04\/svt-vill-stoppa-olagliga-iptv-leverantrer.png","articleSection":["Arkiv","Artiklar"],"inLanguage":"sv-SE"},{"@type":"WebPage","@id":"https:\/\/lightweb.dev\/l\/svm-temp\/artiklar\/svt-vill-stoppa-olagliga-iptv-leverantorer\/","url":"https:\/\/lightweb.dev\/l\/svm-temp\/artiklar\/svt-vill-stoppa-olagliga-iptv-leverantorer\/","name":"SVT vill stoppa olagliga IPTV-leverant\u00f6rer - Svenska Magasinet","isPartOf":{"@id":"https:\/\/lightweb.dev\/l\/svm-temp\/#website"},"primaryImageOfPage":{"@id":"https:\/\/lightweb.dev\/l\/svm-temp\/artiklar\/svt-vill-stoppa-olagliga-iptv-leverantorer\/#primaryimage"},"image":{"@id":"https:\/\/lightweb.dev\/l\/svm-temp\/artiklar\/svt-vill-stoppa-olagliga-iptv-leverantorer\/#primaryimage"},"thumbnailUrl":"https:\/\/lightweb.dev\/l\/svm-temp\/wp-content\/uploads\/2022\/04\/svt-vill-stoppa-olagliga-iptv-leverantrer.png","datePublished":"2013-09-09T22:00:00+00:00","breadcrumb":{"@id":"https:\/\/lightweb.dev\/l\/svm-temp\/artiklar\/svt-vill-stoppa-olagliga-iptv-leverantorer\/#breadcrumb"},"inLanguage":"sv-SE","potentialAction":[{"@type":"ReadAction","target":["https:\/\/lightweb.dev\/l\/svm-temp\/artiklar\/svt-vill-stoppa-olagliga-iptv-leverantorer\/"]}]},{"@type":"ImageObject","inLanguage":"sv-SE","@id":"https:\/\/lightweb.dev\/l\/svm-temp\/artiklar\/svt-vill-stoppa-olagliga-iptv-leverantorer\/#primaryimage","url":"https:\/\/lightweb.dev\/l\/svm-temp\/wp-content\/uploads\/2022\/04\/svt-vill-stoppa-olagliga-iptv-leverantrer.png","contentUrl":"https:\/\/lightweb.dev\/l\/svm-temp\/wp-content\/uploads\/2022\/04\/svt-vill-stoppa-olagliga-iptv-leverantrer.png","width":298,"height":200},{"@type":"BreadcrumbList","@id":"https:\/\/lightweb.dev\/l\/svm-temp\/artiklar\/svt-vill-stoppa-olagliga-iptv-leverantorer\/#breadcrumb","itemListElement":[{"@type":"ListItem","position":1,"name":"Hem","item":"https:\/\/lightweb.dev\/l\/svm-temp\/"},{"@type":"ListItem","position":2,"name":"SVT vill stoppa olagliga IPTV-leverant\u00f6rer"}]},{"@type":"WebSite","@id":"https:\/\/lightweb.dev\/l\/svm-temp\/#website","url":"https:\/\/lightweb.dev\/l\/svm-temp\/","name":"Svenska Magasinet","description":"Dina Spanska nyheter p&aring; Svenska","publisher":{"@id":"https:\/\/lightweb.dev\/l\/svm-temp\/#organization"},"potentialAction":[{"@type":"SearchAction","target":{"@type":"EntryPoint","urlTemplate":"https:\/\/lightweb.dev\/l\/svm-temp\/?s={search_term_string}"},"query-input":{"@type":"PropertyValueSpecification","valueRequired":true,"valueName":"search_term_string"}}],"inLanguage":"sv-SE"},{"@type":"Organization","@id":"https:\/\/lightweb.dev\/l\/svm-temp\/#organization","name":"Melkerson y Nott SL","alternateName":"Svenska Magasinet","url":"https:\/\/lightweb.dev\/l\/svm-temp\/","logo":{"@type":"ImageObject","inLanguage":"sv-SE","@id":"https:\/\/lightweb.dev\/l\/svm-temp\/#\/schema\/logo\/image\/","url":"https:\/\/lightweb.dev\/l\/svm-temp\/wp-content\/uploads\/2025\/02\/SvM-logo-Xtra-Centrerad-SVART.png","contentUrl":"https:\/\/lightweb.dev\/l\/svm-temp\/wp-content\/uploads\/2025\/02\/SvM-logo-Xtra-Centrerad-SVART.png","width":300,"height":99,"caption":"Melkerson y Nott SL"},"image":{"@id":"https:\/\/lightweb.dev\/l\/svm-temp\/#\/schema\/logo\/image\/"},"sameAs":["https:\/\/www.facebook.com\/svenskamagasinet","https:\/\/x.com\/SvenskaMagasine"]},{"@type":"Person","@id":"https:\/\/lightweb.dev\/l\/svm-temp\/#\/schema\/person\/206a3bda5b607b0c25e1749191e4d837","name":"Redaktionen SvM","description":"Redaktionen","sameAs":["https:\/\/lightweb.dev\/l\/svm-temp"],"url":"https:\/\/lightweb.dev\/l\/svm-temp\/reporter\/redaktionen\/"}]}},"_links":{"self":[{"href":"https:\/\/lightweb.dev\/l\/svm-temp\/wp-json\/wp\/v2\/posts\/4114","targetHints":{"allow":["GET"]}}],"collection":[{"href":"https:\/\/lightweb.dev\/l\/svm-temp\/wp-json\/wp\/v2\/posts"}],"about":[{"href":"https:\/\/lightweb.dev\/l\/svm-temp\/wp-json\/wp\/v2\/types\/post"}],"author":[{"embeddable":true,"href":"https:\/\/lightweb.dev\/l\/svm-temp\/wp-json\/wp\/v2\/users\/8"}],"replies":[{"embeddable":true,"href":"https:\/\/lightweb.dev\/l\/svm-temp\/wp-json\/wp\/v2\/comments?post=4114"}],"version-history":[{"count":0,"href":"https:\/\/lightweb.dev\/l\/svm-temp\/wp-json\/wp\/v2\/posts\/4114\/revisions"}],"wp:featuredmedia":[{"embeddable":true,"href":"https:\/\/lightweb.dev\/l\/svm-temp\/wp-json\/wp\/v2\/media\/4115"}],"wp:attachment":[{"href":"https:\/\/lightweb.dev\/l\/svm-temp\/wp-json\/wp\/v2\/media?parent=4114"}],"wp:term":[{"taxonomy":"category","embeddable":true,"href":"https:\/\/lightweb.dev\/l\/svm-temp\/wp-json\/wp\/v2\/categories?post=4114"},{"taxonomy":"post_tag","embeddable":true,"href":"https:\/\/lightweb.dev\/l\/svm-temp\/wp-json\/wp\/v2\/tags?post=4114"}],"curies":[{"name":"wp","href":"https:\/\/api.w.org\/{rel}","templated":true}]}}