{"id":4118,"date":"2013-09-10T00:00:00","date_gmt":"2013-09-09T22:00:00","guid":{"rendered":"https:\/\/lightweb.dev\/l\/svm-temp\/hilma-af-klint-malade-for-eftervarlden-69-ar-efter-hennes-dod-halls-utstallning-i-malaga\/"},"modified":"2013-09-10T00:00:00","modified_gmt":"2013-09-09T22:00:00","slug":"hilma-af-klint-malade-for-eftervarlden-69-ar-efter-hennes-dod-halls-utstallning-i-malaga","status":"publish","type":"post","link":"https:\/\/lightweb.dev\/l\/svm-temp\/artiklar\/hilma-af-klint-malade-for-eftervarlden-69-ar-efter-hennes-dod-halls-utstallning-i-malaga\/","title":{"rendered":"Hilma af Klint m\u00e5lade f\u00f6r efterv\u00e4rlden &#8211; 69 \u00e5r efter hennes d\u00f6d h\u00e5lls utst\u00e4llning i M\u00e1laga"},"content":{"rendered":"<p> Det skrivs historia p\u00e5 Picassomuseet i M\u00e1laga i h\u00f6st. F\u00f6r f\u00f6rsta g\u00e5ngen visas konstverk av en svensk artist. En tempor\u00e4r utst\u00e4llning som tidigare har visats p\u00e5 Moderna Museet i Stockholm kommer till M\u00e1laga. Och Picassomuseet g\u00f6r en storsatsning mot den svenska publiken och f\u00f6r barn och ungdom. Av Ola Josefsson<\/p>\n<p>Konst av Hilma af Klint (1862-1944), antroposof och pionj\u00e4r inom abstrakt m\u00e5leri, visas p\u00e5 Picassomuseet i M\u00e1laga mellan den 21 oktober till 9 februari 2014.<\/p>\n<p>185.000 bes\u00f6kare kom till utst\u00e4llningen \u201dHilma af Klint \u2013 En abstrakt pionj\u00e4r\u201d p\u00e5 Moderna museet i Stockholm. En utst\u00e4llning som gav eko i hela konstv\u00e4rlden. I en artikel i Wall Street Journal menar konsthistorikern Julia Voss att svenskan f\u00f6regick abstrakta pionj\u00e4rer som Kandinsky och Malevitj.<br \/>\n\u201dKonsthistorien m\u00e5ste skrivas om\u201d, s\u00e4ger Voss till tidningen.<\/p>\n<p>Historiskt finns det bel\u00e4gg f\u00f6r att Hilma af Klint utf\u00f6rde sina abstrakta verk f\u00f6re de internationella storheterna \u00e4ven om hon inte fanns representerad vid den stora utst\u00e4llning om abstrakt konst som nyligen visats p\u00e5 Museum of Modern Art i New York.<br \/>\nDet f\u00f6rklaras med att af Klint \u201dm\u00e5lade isolerad och inte st\u00e4llde ut sina verk eller deltog i offentliga diskussioner under den tiden\u201d. Det \u00e4r os\u00e4kert om den svenska konstn\u00e4ren \u201ds\u00e5g sina m\u00e5lningar som konstverk\u201d menar kuratorn Leah Dickerman.<\/p>\n<p>I sommar har utst\u00e4llningen visats p\u00e5 Hamburger Bahnhof i Berlin. Nu v\u00e4ntar M\u00e1laga d\u00e4r Picassomuseet har f\u00f6rberett ett program, skr\u00e4ddarsytt f\u00f6r den svenska publiken p\u00e5 Costa del Sol. H\u00e4r finns en av v\u00e4rldens st\u00f6rsta kolonier av utlandssvenskar och museet g\u00f6r en storsatsning mot den svenskas publiken.<\/p>\n<p>Hilma af Klint skapade \u00f6ver tusen konstverk under sin aktiva tid. 227 st\u00f6rre och mindre akvareller och oljor kommer till M\u00e1laga. Den svenska konstn\u00e4ren inledde i b\u00f6rjan av nittonhundratalet ett unikt arbete och r\u00e4knas till pionj\u00e4rerna inom abstrakt konst. Andra konstkritiker beskriver henne som radikal.<br \/>\nHon var f\u00f6re sin tid och skapade g\u00e5tfulla pj\u00e4ser som skulle representera en verklighet bortom den synliga. Konstverken imponerar med sin form, konsistens och med en rik symbolik som f\u00e5r betraktaren att fundera \u00f6ver livets stora fr\u00e5gor. <\/p>\n<p>Hilma af Klint skapade en konst som balanserade i olika kompositioner, ofta geometriska. Hon hittade samband mellan det andliga och det materiella, det stora och det lilla, ljus och m\u00f6rker, det feminina och det maskulina. F\u00f6r att g\u00f6ra detta anv\u00e4nde Hilma af Klint symboler som skulle styra betraktaren \u00e5t ett visst h\u00e5ll.<\/p>\n<p>Konstverken \u00e4r ett resultat av en stark konstn\u00e4rlig bildning sprungit ur en stark kreativ personlighet. Hilma af Klint beskrivs med en outtr\u00f6ttlig andlig rastl\u00f6shet. Hennes konst \u00e5terspeglar ocks\u00e5 den tid vid f\u00f6rra sekelskiftet d\u00e5 v\u00e4stv\u00e4rlden \u00f6verraskades av vetenskapliga framsteg. Hon ville visa att det finns n\u00e5got bortom det materiella. Hennes systematiska m\u00e5lningar \u00e4r visuella representationer av komplexa filosofiska id\u00e9er.<\/p>\n<p>  Hon beskrivs som svenska 1900-talsm\u00e5leriets st\u00f6rsta doldis, en som varken s\u00f6kte g\u00f6ra karri\u00e4r eller ber\u00f6mmelse. Hennes konstn\u00e4rskap \u00e4r omg\u00e4rdat av mystik och f\u00f6rst efter 1986 blev hon k\u00e4nd. Till skillnad fr\u00e5n andra personligheter som i den akademiska konsthistorien betraktas som pionj\u00e4rer inom abstrakt konst s\u00e5 hade Hilma af Klint best\u00e4mt att hennes konst skulle visas f\u00f6rst tjugo \u00e5r efter hennes d\u00f6d. Det var hennes uttryckliga \u00f6nskan enligt det testamente hon l\u00e4mnade efter sig. Hon m\u00e5lade f\u00f6r efterv\u00e4rlden.<\/p>\n<p>Men det skulle ta ytterligare tjugo \u00e5r innan hennes konst visades. F\u00f6rst 1986 h\u00f6lls den f\u00f6rsta utst\u00e4llningen med hennes abstrakta verk i Los Angeles, en utst\u00e4llning som kom att bli hennes internationella genombrott. D\u00e5 hade hon varit d\u00f6d i 42 \u00e5r. af Klint \u00e4r en f\u00f6r m\u00e5nga ok\u00e4nd gigant i den svenska konsthistorien menar konstkritiker.<br \/>\n\u201dMin far f\u00f6rs\u00f6kte donera samlingen till Moderna museet i slutet av 60-talet, men de ville inte ha den\u201d, har hennes \u00e4ttling Johan af Klint som \u00e4r ordf\u00f6rande f\u00f6r stiftelsen Hilma af Klints verk tidigare ber\u00e4ttat i Dagens Nyheter.<\/p>\n<p>Utst\u00e4llningen \u00e4r ett resultat av grundlig forskning kring hela hennes arbete som kan liknas vid en j\u00e4ttelik konstskatt som omfattar \u00f6ver tusen m\u00e5lningar och dagboksanteckningar motsvarande \u00f6ver 10.000 sidor. L\u00e5dor som har varit st\u00e4ngda i \u00e5rtionden har \u00f6ppnats.<br \/>\nUtst\u00e4llningen arrangeras av Moderna Museet i Stockholm i samarbete med Hamburger Bahnhof i Berl\u00edn, Museo Picasso M\u00e1laga och Louisiana Museum of Modern Art, Humlebaek. Iris M\u00fcller-Westerman assisterad av Jo Widoff har sammanst\u00e4llt utst\u00e4llningen.<\/p>\n<p>I samband med M\u00e1laga-utst\u00e4llningen till\u00e4gnad den svenska konstn\u00e4ren Hilma af Klint kommer Picassomuseet att erbjuda guidade turer och utbildningar p\u00e5 svenska och engelska f\u00f6r den skandinaviska kolonin d\u00e4r bes\u00f6karna f\u00e5r en inblick i hennes arbete.<br \/>\nIntr\u00e4de till den tempor\u00e4ra utst\u00e4llningen kostar 4,50 euro per person. Det g\u00e5r ocks\u00e5 att kombinera ett bes\u00f6k med praktiskt arbete i museets verkstad. Dessa lektioner b\u00f6rjar med resonemang och diskussioner kring n\u00e5gra utvalda verk av Hilma af Klint. Dessa bes\u00f6k kostar 30 euro per person. I priset ing\u00e5r intr\u00e4de till den tillf\u00e4lliga utst\u00e4llningen och kursmaterial. Hilma av Klints intresse f\u00f6r botanik, natur och landskap \u00e4r utg\u00e5ngspunkten f\u00f6r denna lektion.<\/p>\n<p>F\u00f6r svenska skolbarn och ungdomar finns en dagskurs som kostar fem euro per elev. Kursen handlar om att hitta v\u00e4gen fr\u00e5n det verkliga till det abstrakta. Under lektionen f\u00e5r barn och ungdomar v\u00e4gledning i att utf\u00f6ra akvarellm\u00e5lning eller teckning. H\u00e4r ing\u00e5r \u00e4ven arbetet med reproduktionen av en bild f\u00f6r att skapa ett abstrakt konstverk. Dessa lektioner h\u00e5lls p\u00e5 svenska, engelska och spanska.<\/p>\n<p>Fakta\/Hilma af Klint<br \/>\nF\u00f6ddesa 26 oktober 1862 p\u00e5 Karlbergs slott avled 21 oktober 1944, 81 \u00e5r gammal.<br \/>\nKring 18-\u00e5rs\u00e5ldern b\u00f6rjade af Klint att studera vid Tekniska skolan i Stockholm, sedermera Konstfack, d\u00e4r hon utbildades i portr\u00e4ttm\u00e5leri. 1882 och 1887 studerade hon vid Konstakademien i Stockholm. Efter avslutade studier f\u00f6rs\u00f6rjde hon sig som portr\u00e4tt- och landskapsm\u00e5lare i sin atelj\u00e9 p\u00e5 Hamngatan 5 i Stockholm.<br \/>\nRunt 1907 b\u00f6rjade hon m\u00e5la i abstrakt form. D\u00e4rmed skapade hon allts\u00e5 abstrakta m\u00e5lningar f\u00f6re giganter som Kandinsky, Mondrian och Malevich.<br \/>\nNyligen utkom boken \u201dThe legacy of Hilma af Klint\u201d av Moderna Museet. Det \u00e4r en reproduktion av Hilma af Klints anteckningsbok &#8221;Blumen, moose und flechten&#8221; &#8211; blommor mossor och lavar. Dessutom ing\u00e5r nio texter av samtida konstn\u00e4rer som f\u00f6rh\u00e5ller sig Hilma af Klint.<br \/>\nDet \u00e4r ocks\u00e5 ett av hennes verk som utg\u00f6r det officiella svenska bidraget till \u00e5rets konstbiennal i Venedig.<\/p>\n","protected":false},"excerpt":{"rendered":"<p>Det skrivs historia p\u00e5 Picassomuseet i M\u00e1laga i h\u00f6st. F\u00f6r f\u00f6rsta g\u00e5ngen visas konstverk av en svensk artist. En tempor\u00e4r utst\u00e4llning som tidigare har visats p\u00e5 Moderna Museet i Stockholm kommer till M\u00e1laga. Och Picassomuseet g\u00f6r en storsatsning mot den svenska publiken och f\u00f6r barn och ungdom. Av Ola Josefsson Konst av Hilma af Klint [&hellip;]<\/p>\n","protected":false},"author":8,"featured_media":4119,"comment_status":"open","ping_status":"open","sticky":false,"template":"","format":"standard","meta":{"_et_pb_use_builder":"","_et_pb_old_content":"","_et_gb_content_width":"","footnotes":""},"categories":[4,45],"tags":[],"class_list":["post-4118","post","type-post","status-publish","format-standard","has-post-thumbnail","hentry","category-artiklar","category-kultur"],"yoast_head":"<!-- This site is optimized with the Yoast SEO Premium plugin v26.2 (Yoast SEO v27.5) - https:\/\/yoast.com\/product\/yoast-seo-premium-wordpress\/ -->\n<title>Hilma af Klint m\u00e5lade f\u00f6r efterv\u00e4rlden - 69 \u00e5r efter hennes d\u00f6d h\u00e5lls utst\u00e4llning i M\u00e1laga - Svenska Magasinet<\/title>\n<meta name=\"robots\" content=\"noindex, follow, max-snippet:-1, max-image-preview:large, max-video-preview:-1\" \/>\n<meta property=\"og:locale\" content=\"sv_SE\" \/>\n<meta property=\"og:type\" content=\"article\" \/>\n<meta property=\"og:title\" content=\"Hilma af Klint m\u00e5lade f\u00f6r efterv\u00e4rlden - 69 \u00e5r efter hennes d\u00f6d h\u00e5lls utst\u00e4llning i M\u00e1laga\" \/>\n<meta property=\"og:description\" content=\"Det skrivs historia p\u00e5 Picassomuseet i M\u00e1laga i h\u00f6st. F\u00f6r f\u00f6rsta g\u00e5ngen visas konstverk av en svensk artist. En tempor\u00e4r utst\u00e4llning som tidigare har visats p\u00e5 Moderna Museet i Stockholm kommer till M\u00e1laga. Och Picassomuseet g\u00f6r en storsatsning mot den svenska publiken och f\u00f6r barn och ungdom. Av Ola Josefsson Konst av Hilma af Klint [&hellip;]\" \/>\n<meta property=\"og:url\" content=\"https:\/\/lightweb.dev\/l\/svm-temp\/artiklar\/hilma-af-klint-malade-for-eftervarlden-69-ar-efter-hennes-dod-halls-utstallning-i-malaga\/\" \/>\n<meta property=\"og:site_name\" content=\"Svenska Magasinet\" \/>\n<meta property=\"article:publisher\" content=\"https:\/\/www.facebook.com\/svenskamagasinet\" \/>\n<meta property=\"article:published_time\" content=\"2013-09-09T22:00:00+00:00\" \/>\n<meta property=\"og:image\" content=\"https:\/\/lightweb.dev\/l\/svm-temp\/wp-content\/uploads\/2022\/04\/hilma-af-klint-mlade-fr-eftervrlden-69-r-efter-hennes-dd-hlls-utstllning-i-mlaga.png\" \/>\n\t<meta property=\"og:image:width\" content=\"280\" \/>\n\t<meta property=\"og:image:height\" content=\"369\" \/>\n\t<meta property=\"og:image:type\" content=\"image\/png\" \/>\n<meta name=\"author\" content=\"Redaktionen SvM\" \/>\n<meta name=\"twitter:card\" content=\"summary_large_image\" \/>\n<meta name=\"twitter:creator\" content=\"@SvenskaMagasine\" \/>\n<meta name=\"twitter:site\" content=\"@SvenskaMagasine\" \/>\n<script type=\"application\/ld+json\" class=\"yoast-schema-graph\">{\"@context\":\"https:\\\/\\\/schema.org\",\"@graph\":[{\"@type\":\"Article\",\"@id\":\"https:\\\/\\\/lightweb.dev\\\/l\\\/svm-temp\\\/artiklar\\\/hilma-af-klint-malade-for-eftervarlden-69-ar-efter-hennes-dod-halls-utstallning-i-malaga\\\/#article\",\"isPartOf\":{\"@id\":\"https:\\\/\\\/lightweb.dev\\\/l\\\/svm-temp\\\/artiklar\\\/hilma-af-klint-malade-for-eftervarlden-69-ar-efter-hennes-dod-halls-utstallning-i-malaga\\\/\"},\"author\":{\"name\":\"Redaktionen SvM\",\"@id\":\"https:\\\/\\\/lightweb.dev\\\/l\\\/svm-temp\\\/#\\\/schema\\\/person\\\/206a3bda5b607b0c25e1749191e4d837\"},\"headline\":\"Hilma af Klint m\u00e5lade f\u00f6r efterv\u00e4rlden &#8211; 69 \u00e5r efter hennes d\u00f6d h\u00e5lls utst\u00e4llning i M\u00e1laga\",\"datePublished\":\"2013-09-09T22:00:00+00:00\",\"mainEntityOfPage\":{\"@id\":\"https:\\\/\\\/lightweb.dev\\\/l\\\/svm-temp\\\/artiklar\\\/hilma-af-klint-malade-for-eftervarlden-69-ar-efter-hennes-dod-halls-utstallning-i-malaga\\\/\"},\"wordCount\":1169,\"commentCount\":0,\"publisher\":{\"@id\":\"https:\\\/\\\/lightweb.dev\\\/l\\\/svm-temp\\\/#organization\"},\"image\":{\"@id\":\"https:\\\/\\\/lightweb.dev\\\/l\\\/svm-temp\\\/artiklar\\\/hilma-af-klint-malade-for-eftervarlden-69-ar-efter-hennes-dod-halls-utstallning-i-malaga\\\/#primaryimage\"},\"thumbnailUrl\":\"https:\\\/\\\/lightweb.dev\\\/l\\\/svm-temp\\\/wp-content\\\/uploads\\\/2022\\\/04\\\/hilma-af-klint-mlade-fr-eftervrlden-69-r-efter-hennes-dd-hlls-utstllning-i-mlaga.png\",\"articleSection\":[\"Artiklar\",\"Kultur &amp; historia\"],\"inLanguage\":\"sv-SE\"},{\"@type\":\"WebPage\",\"@id\":\"https:\\\/\\\/lightweb.dev\\\/l\\\/svm-temp\\\/artiklar\\\/hilma-af-klint-malade-for-eftervarlden-69-ar-efter-hennes-dod-halls-utstallning-i-malaga\\\/\",\"url\":\"https:\\\/\\\/lightweb.dev\\\/l\\\/svm-temp\\\/artiklar\\\/hilma-af-klint-malade-for-eftervarlden-69-ar-efter-hennes-dod-halls-utstallning-i-malaga\\\/\",\"name\":\"Hilma af Klint m\u00e5lade f\u00f6r efterv\u00e4rlden - 69 \u00e5r efter hennes d\u00f6d h\u00e5lls utst\u00e4llning i M\u00e1laga - Svenska Magasinet\",\"isPartOf\":{\"@id\":\"https:\\\/\\\/lightweb.dev\\\/l\\\/svm-temp\\\/#website\"},\"primaryImageOfPage\":{\"@id\":\"https:\\\/\\\/lightweb.dev\\\/l\\\/svm-temp\\\/artiklar\\\/hilma-af-klint-malade-for-eftervarlden-69-ar-efter-hennes-dod-halls-utstallning-i-malaga\\\/#primaryimage\"},\"image\":{\"@id\":\"https:\\\/\\\/lightweb.dev\\\/l\\\/svm-temp\\\/artiklar\\\/hilma-af-klint-malade-for-eftervarlden-69-ar-efter-hennes-dod-halls-utstallning-i-malaga\\\/#primaryimage\"},\"thumbnailUrl\":\"https:\\\/\\\/lightweb.dev\\\/l\\\/svm-temp\\\/wp-content\\\/uploads\\\/2022\\\/04\\\/hilma-af-klint-mlade-fr-eftervrlden-69-r-efter-hennes-dd-hlls-utstllning-i-mlaga.png\",\"datePublished\":\"2013-09-09T22:00:00+00:00\",\"breadcrumb\":{\"@id\":\"https:\\\/\\\/lightweb.dev\\\/l\\\/svm-temp\\\/artiklar\\\/hilma-af-klint-malade-for-eftervarlden-69-ar-efter-hennes-dod-halls-utstallning-i-malaga\\\/#breadcrumb\"},\"inLanguage\":\"sv-SE\",\"potentialAction\":[{\"@type\":\"ReadAction\",\"target\":[\"https:\\\/\\\/lightweb.dev\\\/l\\\/svm-temp\\\/artiklar\\\/hilma-af-klint-malade-for-eftervarlden-69-ar-efter-hennes-dod-halls-utstallning-i-malaga\\\/\"]}]},{\"@type\":\"ImageObject\",\"inLanguage\":\"sv-SE\",\"@id\":\"https:\\\/\\\/lightweb.dev\\\/l\\\/svm-temp\\\/artiklar\\\/hilma-af-klint-malade-for-eftervarlden-69-ar-efter-hennes-dod-halls-utstallning-i-malaga\\\/#primaryimage\",\"url\":\"https:\\\/\\\/lightweb.dev\\\/l\\\/svm-temp\\\/wp-content\\\/uploads\\\/2022\\\/04\\\/hilma-af-klint-mlade-fr-eftervrlden-69-r-efter-hennes-dd-hlls-utstllning-i-mlaga.png\",\"contentUrl\":\"https:\\\/\\\/lightweb.dev\\\/l\\\/svm-temp\\\/wp-content\\\/uploads\\\/2022\\\/04\\\/hilma-af-klint-mlade-fr-eftervrlden-69-r-efter-hennes-dd-hlls-utstllning-i-mlaga.png\",\"width\":280,\"height\":369},{\"@type\":\"BreadcrumbList\",\"@id\":\"https:\\\/\\\/lightweb.dev\\\/l\\\/svm-temp\\\/artiklar\\\/hilma-af-klint-malade-for-eftervarlden-69-ar-efter-hennes-dod-halls-utstallning-i-malaga\\\/#breadcrumb\",\"itemListElement\":[{\"@type\":\"ListItem\",\"position\":1,\"name\":\"Hem\",\"item\":\"https:\\\/\\\/lightweb.dev\\\/l\\\/svm-temp\\\/\"},{\"@type\":\"ListItem\",\"position\":2,\"name\":\"Hilma af Klint m\u00e5lade f\u00f6r efterv\u00e4rlden &#8211; 69 \u00e5r efter hennes d\u00f6d h\u00e5lls utst\u00e4llning i M\u00e1laga\"}]},{\"@type\":\"WebSite\",\"@id\":\"https:\\\/\\\/lightweb.dev\\\/l\\\/svm-temp\\\/#website\",\"url\":\"https:\\\/\\\/lightweb.dev\\\/l\\\/svm-temp\\\/\",\"name\":\"Svenska Magasinet\",\"description\":\"Dina Spanska nyheter p&aring; Svenska\",\"publisher\":{\"@id\":\"https:\\\/\\\/lightweb.dev\\\/l\\\/svm-temp\\\/#organization\"},\"potentialAction\":[{\"@type\":\"SearchAction\",\"target\":{\"@type\":\"EntryPoint\",\"urlTemplate\":\"https:\\\/\\\/lightweb.dev\\\/l\\\/svm-temp\\\/?s={search_term_string}\"},\"query-input\":{\"@type\":\"PropertyValueSpecification\",\"valueRequired\":true,\"valueName\":\"search_term_string\"}}],\"inLanguage\":\"sv-SE\"},{\"@type\":\"Organization\",\"@id\":\"https:\\\/\\\/lightweb.dev\\\/l\\\/svm-temp\\\/#organization\",\"name\":\"Melkerson y Nott SL\",\"alternateName\":\"Svenska Magasinet\",\"url\":\"https:\\\/\\\/lightweb.dev\\\/l\\\/svm-temp\\\/\",\"logo\":{\"@type\":\"ImageObject\",\"inLanguage\":\"sv-SE\",\"@id\":\"https:\\\/\\\/lightweb.dev\\\/l\\\/svm-temp\\\/#\\\/schema\\\/logo\\\/image\\\/\",\"url\":\"https:\\\/\\\/lightweb.dev\\\/l\\\/svm-temp\\\/wp-content\\\/uploads\\\/2025\\\/02\\\/SvM-logo-Xtra-Centrerad-SVART.png\",\"contentUrl\":\"https:\\\/\\\/lightweb.dev\\\/l\\\/svm-temp\\\/wp-content\\\/uploads\\\/2025\\\/02\\\/SvM-logo-Xtra-Centrerad-SVART.png\",\"width\":300,\"height\":99,\"caption\":\"Melkerson y Nott SL\"},\"image\":{\"@id\":\"https:\\\/\\\/lightweb.dev\\\/l\\\/svm-temp\\\/#\\\/schema\\\/logo\\\/image\\\/\"},\"sameAs\":[\"https:\\\/\\\/www.facebook.com\\\/svenskamagasinet\",\"https:\\\/\\\/x.com\\\/SvenskaMagasine\"]},{\"@type\":\"Person\",\"@id\":\"https:\\\/\\\/lightweb.dev\\\/l\\\/svm-temp\\\/#\\\/schema\\\/person\\\/206a3bda5b607b0c25e1749191e4d837\",\"name\":\"Redaktionen SvM\",\"description\":\"Redaktionen\",\"sameAs\":[\"https:\\\/\\\/lightweb.dev\\\/l\\\/svm-temp\"],\"url\":\"https:\\\/\\\/lightweb.dev\\\/l\\\/svm-temp\\\/reporter\\\/redaktionen\\\/\"}]}<\/script>\n<!-- \/ Yoast SEO Premium plugin. -->","yoast_head_json":{"title":"Hilma af Klint m\u00e5lade f\u00f6r efterv\u00e4rlden - 69 \u00e5r efter hennes d\u00f6d h\u00e5lls utst\u00e4llning i M\u00e1laga - Svenska Magasinet","robots":{"index":"noindex","follow":"follow","max-snippet":"max-snippet:-1","max-image-preview":"max-image-preview:large","max-video-preview":"max-video-preview:-1"},"og_locale":"sv_SE","og_type":"article","og_title":"Hilma af Klint m\u00e5lade f\u00f6r efterv\u00e4rlden - 69 \u00e5r efter hennes d\u00f6d h\u00e5lls utst\u00e4llning i M\u00e1laga","og_description":"Det skrivs historia p\u00e5 Picassomuseet i M\u00e1laga i h\u00f6st. F\u00f6r f\u00f6rsta g\u00e5ngen visas konstverk av en svensk artist. En tempor\u00e4r utst\u00e4llning som tidigare har visats p\u00e5 Moderna Museet i Stockholm kommer till M\u00e1laga. Och Picassomuseet g\u00f6r en storsatsning mot den svenska publiken och f\u00f6r barn och ungdom. Av Ola Josefsson Konst av Hilma af Klint [&hellip;]","og_url":"https:\/\/lightweb.dev\/l\/svm-temp\/artiklar\/hilma-af-klint-malade-for-eftervarlden-69-ar-efter-hennes-dod-halls-utstallning-i-malaga\/","og_site_name":"Svenska Magasinet","article_publisher":"https:\/\/www.facebook.com\/svenskamagasinet","article_published_time":"2013-09-09T22:00:00+00:00","og_image":[{"width":280,"height":369,"url":"https:\/\/lightweb.dev\/l\/svm-temp\/wp-content\/uploads\/2022\/04\/hilma-af-klint-mlade-fr-eftervrlden-69-r-efter-hennes-dd-hlls-utstllning-i-mlaga.png","type":"image\/png"}],"author":"Redaktionen SvM","twitter_card":"summary_large_image","twitter_creator":"@SvenskaMagasine","twitter_site":"@SvenskaMagasine","schema":{"@context":"https:\/\/schema.org","@graph":[{"@type":"Article","@id":"https:\/\/lightweb.dev\/l\/svm-temp\/artiklar\/hilma-af-klint-malade-for-eftervarlden-69-ar-efter-hennes-dod-halls-utstallning-i-malaga\/#article","isPartOf":{"@id":"https:\/\/lightweb.dev\/l\/svm-temp\/artiklar\/hilma-af-klint-malade-for-eftervarlden-69-ar-efter-hennes-dod-halls-utstallning-i-malaga\/"},"author":{"name":"Redaktionen SvM","@id":"https:\/\/lightweb.dev\/l\/svm-temp\/#\/schema\/person\/206a3bda5b607b0c25e1749191e4d837"},"headline":"Hilma af Klint m\u00e5lade f\u00f6r efterv\u00e4rlden &#8211; 69 \u00e5r efter hennes d\u00f6d h\u00e5lls utst\u00e4llning i M\u00e1laga","datePublished":"2013-09-09T22:00:00+00:00","mainEntityOfPage":{"@id":"https:\/\/lightweb.dev\/l\/svm-temp\/artiklar\/hilma-af-klint-malade-for-eftervarlden-69-ar-efter-hennes-dod-halls-utstallning-i-malaga\/"},"wordCount":1169,"commentCount":0,"publisher":{"@id":"https:\/\/lightweb.dev\/l\/svm-temp\/#organization"},"image":{"@id":"https:\/\/lightweb.dev\/l\/svm-temp\/artiklar\/hilma-af-klint-malade-for-eftervarlden-69-ar-efter-hennes-dod-halls-utstallning-i-malaga\/#primaryimage"},"thumbnailUrl":"https:\/\/lightweb.dev\/l\/svm-temp\/wp-content\/uploads\/2022\/04\/hilma-af-klint-mlade-fr-eftervrlden-69-r-efter-hennes-dd-hlls-utstllning-i-mlaga.png","articleSection":["Artiklar","Kultur &amp; historia"],"inLanguage":"sv-SE"},{"@type":"WebPage","@id":"https:\/\/lightweb.dev\/l\/svm-temp\/artiklar\/hilma-af-klint-malade-for-eftervarlden-69-ar-efter-hennes-dod-halls-utstallning-i-malaga\/","url":"https:\/\/lightweb.dev\/l\/svm-temp\/artiklar\/hilma-af-klint-malade-for-eftervarlden-69-ar-efter-hennes-dod-halls-utstallning-i-malaga\/","name":"Hilma af Klint m\u00e5lade f\u00f6r efterv\u00e4rlden - 69 \u00e5r efter hennes d\u00f6d h\u00e5lls utst\u00e4llning i M\u00e1laga - Svenska Magasinet","isPartOf":{"@id":"https:\/\/lightweb.dev\/l\/svm-temp\/#website"},"primaryImageOfPage":{"@id":"https:\/\/lightweb.dev\/l\/svm-temp\/artiklar\/hilma-af-klint-malade-for-eftervarlden-69-ar-efter-hennes-dod-halls-utstallning-i-malaga\/#primaryimage"},"image":{"@id":"https:\/\/lightweb.dev\/l\/svm-temp\/artiklar\/hilma-af-klint-malade-for-eftervarlden-69-ar-efter-hennes-dod-halls-utstallning-i-malaga\/#primaryimage"},"thumbnailUrl":"https:\/\/lightweb.dev\/l\/svm-temp\/wp-content\/uploads\/2022\/04\/hilma-af-klint-mlade-fr-eftervrlden-69-r-efter-hennes-dd-hlls-utstllning-i-mlaga.png","datePublished":"2013-09-09T22:00:00+00:00","breadcrumb":{"@id":"https:\/\/lightweb.dev\/l\/svm-temp\/artiklar\/hilma-af-klint-malade-for-eftervarlden-69-ar-efter-hennes-dod-halls-utstallning-i-malaga\/#breadcrumb"},"inLanguage":"sv-SE","potentialAction":[{"@type":"ReadAction","target":["https:\/\/lightweb.dev\/l\/svm-temp\/artiklar\/hilma-af-klint-malade-for-eftervarlden-69-ar-efter-hennes-dod-halls-utstallning-i-malaga\/"]}]},{"@type":"ImageObject","inLanguage":"sv-SE","@id":"https:\/\/lightweb.dev\/l\/svm-temp\/artiklar\/hilma-af-klint-malade-for-eftervarlden-69-ar-efter-hennes-dod-halls-utstallning-i-malaga\/#primaryimage","url":"https:\/\/lightweb.dev\/l\/svm-temp\/wp-content\/uploads\/2022\/04\/hilma-af-klint-mlade-fr-eftervrlden-69-r-efter-hennes-dd-hlls-utstllning-i-mlaga.png","contentUrl":"https:\/\/lightweb.dev\/l\/svm-temp\/wp-content\/uploads\/2022\/04\/hilma-af-klint-mlade-fr-eftervrlden-69-r-efter-hennes-dd-hlls-utstllning-i-mlaga.png","width":280,"height":369},{"@type":"BreadcrumbList","@id":"https:\/\/lightweb.dev\/l\/svm-temp\/artiklar\/hilma-af-klint-malade-for-eftervarlden-69-ar-efter-hennes-dod-halls-utstallning-i-malaga\/#breadcrumb","itemListElement":[{"@type":"ListItem","position":1,"name":"Hem","item":"https:\/\/lightweb.dev\/l\/svm-temp\/"},{"@type":"ListItem","position":2,"name":"Hilma af Klint m\u00e5lade f\u00f6r efterv\u00e4rlden &#8211; 69 \u00e5r efter hennes d\u00f6d h\u00e5lls utst\u00e4llning i M\u00e1laga"}]},{"@type":"WebSite","@id":"https:\/\/lightweb.dev\/l\/svm-temp\/#website","url":"https:\/\/lightweb.dev\/l\/svm-temp\/","name":"Svenska Magasinet","description":"Dina Spanska nyheter p&aring; Svenska","publisher":{"@id":"https:\/\/lightweb.dev\/l\/svm-temp\/#organization"},"potentialAction":[{"@type":"SearchAction","target":{"@type":"EntryPoint","urlTemplate":"https:\/\/lightweb.dev\/l\/svm-temp\/?s={search_term_string}"},"query-input":{"@type":"PropertyValueSpecification","valueRequired":true,"valueName":"search_term_string"}}],"inLanguage":"sv-SE"},{"@type":"Organization","@id":"https:\/\/lightweb.dev\/l\/svm-temp\/#organization","name":"Melkerson y Nott SL","alternateName":"Svenska Magasinet","url":"https:\/\/lightweb.dev\/l\/svm-temp\/","logo":{"@type":"ImageObject","inLanguage":"sv-SE","@id":"https:\/\/lightweb.dev\/l\/svm-temp\/#\/schema\/logo\/image\/","url":"https:\/\/lightweb.dev\/l\/svm-temp\/wp-content\/uploads\/2025\/02\/SvM-logo-Xtra-Centrerad-SVART.png","contentUrl":"https:\/\/lightweb.dev\/l\/svm-temp\/wp-content\/uploads\/2025\/02\/SvM-logo-Xtra-Centrerad-SVART.png","width":300,"height":99,"caption":"Melkerson y Nott SL"},"image":{"@id":"https:\/\/lightweb.dev\/l\/svm-temp\/#\/schema\/logo\/image\/"},"sameAs":["https:\/\/www.facebook.com\/svenskamagasinet","https:\/\/x.com\/SvenskaMagasine"]},{"@type":"Person","@id":"https:\/\/lightweb.dev\/l\/svm-temp\/#\/schema\/person\/206a3bda5b607b0c25e1749191e4d837","name":"Redaktionen SvM","description":"Redaktionen","sameAs":["https:\/\/lightweb.dev\/l\/svm-temp"],"url":"https:\/\/lightweb.dev\/l\/svm-temp\/reporter\/redaktionen\/"}]}},"_links":{"self":[{"href":"https:\/\/lightweb.dev\/l\/svm-temp\/wp-json\/wp\/v2\/posts\/4118","targetHints":{"allow":["GET"]}}],"collection":[{"href":"https:\/\/lightweb.dev\/l\/svm-temp\/wp-json\/wp\/v2\/posts"}],"about":[{"href":"https:\/\/lightweb.dev\/l\/svm-temp\/wp-json\/wp\/v2\/types\/post"}],"author":[{"embeddable":true,"href":"https:\/\/lightweb.dev\/l\/svm-temp\/wp-json\/wp\/v2\/users\/8"}],"replies":[{"embeddable":true,"href":"https:\/\/lightweb.dev\/l\/svm-temp\/wp-json\/wp\/v2\/comments?post=4118"}],"version-history":[{"count":0,"href":"https:\/\/lightweb.dev\/l\/svm-temp\/wp-json\/wp\/v2\/posts\/4118\/revisions"}],"wp:featuredmedia":[{"embeddable":true,"href":"https:\/\/lightweb.dev\/l\/svm-temp\/wp-json\/wp\/v2\/media\/4119"}],"wp:attachment":[{"href":"https:\/\/lightweb.dev\/l\/svm-temp\/wp-json\/wp\/v2\/media?parent=4118"}],"wp:term":[{"taxonomy":"category","embeddable":true,"href":"https:\/\/lightweb.dev\/l\/svm-temp\/wp-json\/wp\/v2\/categories?post=4118"},{"taxonomy":"post_tag","embeddable":true,"href":"https:\/\/lightweb.dev\/l\/svm-temp\/wp-json\/wp\/v2\/tags?post=4118"}],"curies":[{"name":"wp","href":"https:\/\/api.w.org\/{rel}","templated":true}]}}