{"id":4120,"date":"2013-09-10T00:00:00","date_gmt":"2013-09-09T22:00:00","guid":{"rendered":"https:\/\/lightweb.dev\/l\/svm-temp\/halla-dar-bjorn-simonsson-vd-for-fair-media-international-ab\/"},"modified":"2013-09-10T00:00:00","modified_gmt":"2013-09-09T22:00:00","slug":"halla-dar-bjorn-simonsson-vd-for-fair-media-international-ab","status":"publish","type":"post","link":"https:\/\/lightweb.dev\/l\/svm-temp\/artiklar\/halla-dar-bjorn-simonsson-vd-for-fair-media-international-ab\/","title":{"rendered":"Hall\u00e5 d\u00e4r! &#8211; Bj\u00f6rn Simonsson, VD f\u00f6r Fair Media International AB"},"content":{"rendered":"<p> I h\u00f6st firar Fair Media tv\u00e5siffrigt med utst\u00e4llningarna K\u00f6pa Hus utomlands i Sverige. Hur k\u00e4nns det? Av Ola Josefsson<\/p>\n<p>&#8211; Fantastiskt roligt att fylla tio \u00e5r! I synnerhet med tanke p\u00e5 att marknaden \u00e4r tillbaks med full swing. Nu \u00e4r vi tillbaks p\u00e5 gamla rekordsiffror vad g\u00e4ller antal utst\u00e4llare och bes\u00f6kare. Det \u00e4r ocks\u00e5 en speciell k\u00e4nsla att vi fortfarande finns kvar efter tio \u00e5r. Och inte bara vi utan i stort s\u00e4tt alla de 13 utst\u00e4llare som var med p\u00e5 den f\u00f6rsta m\u00e4ssan \u00e4r fortfarande med som utst\u00e4llare.<\/p>\n<p>Hur \u00e4r intresset just nu i Sverige f\u00f6r utlandsk\u00f6p?<br \/>\n&#8211; Intresset f\u00f6r k\u00f6p utomlands ligger p\u00e5 topp, alla lampor lyser gr\u00f6nt: Vi lever i frysbox, svenskarna \u00e4lskar att resa, vi har r\u00e5d, valutan \u00e4r urstark, den inhemska (l\u00e4s svenska) fastighetsmarknaden \u00e4r \u00e4r stark vilket ger bel\u00e5ningsm\u00f6jligheter, det \u00e4r l\u00e5ga r\u00e4ntor och f\u00f6rm\u00e5nliga gynnsamma priser i Euroland. Nej det kan faktiskt inte bli b\u00e4ttre!<\/p>\n<p>Vilka l\u00e4nder lockar mest?<br \/>\n&#8211; Spanien, Portugal och Turkiet g\u00e5r starkast. Thailand, Malta, Frankrike, italien, USA, samt Cyperna rullar p\u00e5. Uppstickare \u00e4r Kroatien, \u00d6sterrike, Lettland.<\/p>\n<p>Hur ser det ut om tio \u00e5r?<br \/>\n&#8211; Om tio \u00e5r kommer de som k\u00f6pt nu att vara n\u00f6jda och glada. Resten retar sig p\u00e5 att man inte kom till skott. Efterfr\u00e5gan internationellt \u00e4r tillbaks d\u00e5 ekonomierna i \u00f6vriga europa har \u00e5terh\u00e4mtat sig. Det har skapat h\u00f6gre fastighetspriser samt en betydligt starkare euro. R\u00f6rligheten mellan l\u00e4nder vad g\u00e4ller m\u00e4nniskor och kapital har \u00f6kat i omfattning. Fair Media \u00e4r still going strong&#8230;<\/p>\n<p>Efter tio \u00e5r m\u00e5ste ni vara ett v\u00e4l sammansvetsat team?<br \/>\n&#8211; Vi \u00e4r som en familj d\u00e4r alla k\u00e4nner alla. Med omkring \u00e5tta m\u00e4ssor om \u00e5ret k\u00e4nns det som att vi \u00e4r \u201don the road\u201d. Vi \u00e4r ett v\u00e4l inarbetat team b\u00e5de vi som jobbar med m\u00e4ssan och de som medverkar som utst\u00e4llare. Det \u00e4r trivsamt och trevligt f\u00f6r alla, en sk\u00f6n st\u00e4mning och det finns plats f\u00f6r ett eller annat garv.<\/p>\n<p>Faktaruta<br \/>\n21-22 september, Malm\u00f6 M\u00e4ssan<br \/>\n5-6 oktober, Svenska M\u00e4ssan i G\u00f6teborg<br \/>\n26-27 okt Wanha Satama i Helsingfors.<br \/>\n2014<br \/>\n1-2 februari, Stockholm<br \/>\n22-23 februari, G\u00f6teborg<br \/>\n15-16 mars, Malm\u00f6<\/p>\n","protected":false},"excerpt":{"rendered":"<p>I h\u00f6st firar Fair Media tv\u00e5siffrigt med utst\u00e4llningarna K\u00f6pa Hus utomlands i Sverige. Hur k\u00e4nns det? Av Ola Josefsson &#8211; Fantastiskt roligt att fylla tio \u00e5r! I synnerhet med tanke p\u00e5 att marknaden \u00e4r tillbaks med full swing. Nu \u00e4r vi tillbaks p\u00e5 gamla rekordsiffror vad g\u00e4ller antal utst\u00e4llare och bes\u00f6kare. Det \u00e4r ocks\u00e5 en [&hellip;]<\/p>\n","protected":false},"author":8,"featured_media":4121,"comment_status":"open","ping_status":"open","sticky":false,"template":"","format":"standard","meta":{"_et_pb_use_builder":"","_et_pb_old_content":"","_et_gb_content_width":"","footnotes":""},"categories":[4,37],"tags":[],"class_list":["post-4120","post","type-post","status-publish","format-standard","has-post-thumbnail","hentry","category-artiklar","category-hem-bostad"],"yoast_head":"<!-- This site is optimized with the Yoast SEO Premium plugin v26.2 (Yoast SEO v27.5) - https:\/\/yoast.com\/product\/yoast-seo-premium-wordpress\/ -->\n<title>Hall\u00e5 d\u00e4r! - Bj\u00f6rn Simonsson, VD f\u00f6r Fair Media International AB - Svenska Magasinet<\/title>\n<meta name=\"robots\" content=\"noindex, follow, max-snippet:-1, max-image-preview:large, max-video-preview:-1\" \/>\n<meta property=\"og:locale\" content=\"sv_SE\" \/>\n<meta property=\"og:type\" content=\"article\" \/>\n<meta property=\"og:title\" content=\"Hall\u00e5 d\u00e4r! - Bj\u00f6rn Simonsson, VD f\u00f6r Fair Media International AB\" \/>\n<meta property=\"og:description\" content=\"I h\u00f6st firar Fair Media tv\u00e5siffrigt med utst\u00e4llningarna K\u00f6pa Hus utomlands i Sverige. Hur k\u00e4nns det? Av Ola Josefsson &#8211; Fantastiskt roligt att fylla tio \u00e5r! I synnerhet med tanke p\u00e5 att marknaden \u00e4r tillbaks med full swing. Nu \u00e4r vi tillbaks p\u00e5 gamla rekordsiffror vad g\u00e4ller antal utst\u00e4llare och bes\u00f6kare. Det \u00e4r ocks\u00e5 en [&hellip;]\" \/>\n<meta property=\"og:url\" content=\"https:\/\/lightweb.dev\/l\/svm-temp\/artiklar\/halla-dar-bjorn-simonsson-vd-for-fair-media-international-ab\/\" \/>\n<meta property=\"og:site_name\" content=\"Svenska Magasinet\" \/>\n<meta property=\"article:publisher\" content=\"https:\/\/www.facebook.com\/svenskamagasinet\" \/>\n<meta property=\"article:published_time\" content=\"2013-09-09T22:00:00+00:00\" \/>\n<meta property=\"og:image\" content=\"https:\/\/lightweb.dev\/l\/svm-temp\/wp-content\/uploads\/2022\/04\/hall-dr-bjrn-simonsson-vd-fr-fair-media-international-ab.png\" \/>\n\t<meta property=\"og:image:width\" content=\"299\" \/>\n\t<meta property=\"og:image:height\" content=\"200\" \/>\n\t<meta property=\"og:image:type\" content=\"image\/png\" \/>\n<meta name=\"author\" content=\"Redaktionen SvM\" \/>\n<meta name=\"twitter:card\" content=\"summary_large_image\" \/>\n<meta name=\"twitter:creator\" content=\"@SvenskaMagasine\" \/>\n<meta name=\"twitter:site\" content=\"@SvenskaMagasine\" \/>\n<script type=\"application\/ld+json\" class=\"yoast-schema-graph\">{\"@context\":\"https:\\\/\\\/schema.org\",\"@graph\":[{\"@type\":\"Article\",\"@id\":\"https:\\\/\\\/lightweb.dev\\\/l\\\/svm-temp\\\/artiklar\\\/halla-dar-bjorn-simonsson-vd-for-fair-media-international-ab\\\/#article\",\"isPartOf\":{\"@id\":\"https:\\\/\\\/lightweb.dev\\\/l\\\/svm-temp\\\/artiklar\\\/halla-dar-bjorn-simonsson-vd-for-fair-media-international-ab\\\/\"},\"author\":{\"name\":\"Redaktionen SvM\",\"@id\":\"https:\\\/\\\/lightweb.dev\\\/l\\\/svm-temp\\\/#\\\/schema\\\/person\\\/206a3bda5b607b0c25e1749191e4d837\"},\"headline\":\"Hall\u00e5 d\u00e4r! &#8211; Bj\u00f6rn Simonsson, VD f\u00f6r Fair Media International AB\",\"datePublished\":\"2013-09-09T22:00:00+00:00\",\"mainEntityOfPage\":{\"@id\":\"https:\\\/\\\/lightweb.dev\\\/l\\\/svm-temp\\\/artiklar\\\/halla-dar-bjorn-simonsson-vd-for-fair-media-international-ab\\\/\"},\"wordCount\":416,\"commentCount\":0,\"publisher\":{\"@id\":\"https:\\\/\\\/lightweb.dev\\\/l\\\/svm-temp\\\/#organization\"},\"image\":{\"@id\":\"https:\\\/\\\/lightweb.dev\\\/l\\\/svm-temp\\\/artiklar\\\/halla-dar-bjorn-simonsson-vd-for-fair-media-international-ab\\\/#primaryimage\"},\"thumbnailUrl\":\"https:\\\/\\\/lightweb.dev\\\/l\\\/svm-temp\\\/wp-content\\\/uploads\\\/2022\\\/04\\\/hall-dr-bjrn-simonsson-vd-fr-fair-media-international-ab.png\",\"articleSection\":[\"Artiklar\",\"Hem &amp; bostad\"],\"inLanguage\":\"sv-SE\"},{\"@type\":\"WebPage\",\"@id\":\"https:\\\/\\\/lightweb.dev\\\/l\\\/svm-temp\\\/artiklar\\\/halla-dar-bjorn-simonsson-vd-for-fair-media-international-ab\\\/\",\"url\":\"https:\\\/\\\/lightweb.dev\\\/l\\\/svm-temp\\\/artiklar\\\/halla-dar-bjorn-simonsson-vd-for-fair-media-international-ab\\\/\",\"name\":\"Hall\u00e5 d\u00e4r! - Bj\u00f6rn Simonsson, VD f\u00f6r Fair Media International AB - Svenska Magasinet\",\"isPartOf\":{\"@id\":\"https:\\\/\\\/lightweb.dev\\\/l\\\/svm-temp\\\/#website\"},\"primaryImageOfPage\":{\"@id\":\"https:\\\/\\\/lightweb.dev\\\/l\\\/svm-temp\\\/artiklar\\\/halla-dar-bjorn-simonsson-vd-for-fair-media-international-ab\\\/#primaryimage\"},\"image\":{\"@id\":\"https:\\\/\\\/lightweb.dev\\\/l\\\/svm-temp\\\/artiklar\\\/halla-dar-bjorn-simonsson-vd-for-fair-media-international-ab\\\/#primaryimage\"},\"thumbnailUrl\":\"https:\\\/\\\/lightweb.dev\\\/l\\\/svm-temp\\\/wp-content\\\/uploads\\\/2022\\\/04\\\/hall-dr-bjrn-simonsson-vd-fr-fair-media-international-ab.png\",\"datePublished\":\"2013-09-09T22:00:00+00:00\",\"breadcrumb\":{\"@id\":\"https:\\\/\\\/lightweb.dev\\\/l\\\/svm-temp\\\/artiklar\\\/halla-dar-bjorn-simonsson-vd-for-fair-media-international-ab\\\/#breadcrumb\"},\"inLanguage\":\"sv-SE\",\"potentialAction\":[{\"@type\":\"ReadAction\",\"target\":[\"https:\\\/\\\/lightweb.dev\\\/l\\\/svm-temp\\\/artiklar\\\/halla-dar-bjorn-simonsson-vd-for-fair-media-international-ab\\\/\"]}]},{\"@type\":\"ImageObject\",\"inLanguage\":\"sv-SE\",\"@id\":\"https:\\\/\\\/lightweb.dev\\\/l\\\/svm-temp\\\/artiklar\\\/halla-dar-bjorn-simonsson-vd-for-fair-media-international-ab\\\/#primaryimage\",\"url\":\"https:\\\/\\\/lightweb.dev\\\/l\\\/svm-temp\\\/wp-content\\\/uploads\\\/2022\\\/04\\\/hall-dr-bjrn-simonsson-vd-fr-fair-media-international-ab.png\",\"contentUrl\":\"https:\\\/\\\/lightweb.dev\\\/l\\\/svm-temp\\\/wp-content\\\/uploads\\\/2022\\\/04\\\/hall-dr-bjrn-simonsson-vd-fr-fair-media-international-ab.png\",\"width\":299,\"height\":200},{\"@type\":\"BreadcrumbList\",\"@id\":\"https:\\\/\\\/lightweb.dev\\\/l\\\/svm-temp\\\/artiklar\\\/halla-dar-bjorn-simonsson-vd-for-fair-media-international-ab\\\/#breadcrumb\",\"itemListElement\":[{\"@type\":\"ListItem\",\"position\":1,\"name\":\"Hem\",\"item\":\"https:\\\/\\\/lightweb.dev\\\/l\\\/svm-temp\\\/\"},{\"@type\":\"ListItem\",\"position\":2,\"name\":\"Hall\u00e5 d\u00e4r! &#8211; Bj\u00f6rn Simonsson, VD f\u00f6r Fair Media International AB\"}]},{\"@type\":\"WebSite\",\"@id\":\"https:\\\/\\\/lightweb.dev\\\/l\\\/svm-temp\\\/#website\",\"url\":\"https:\\\/\\\/lightweb.dev\\\/l\\\/svm-temp\\\/\",\"name\":\"Svenska Magasinet\",\"description\":\"Dina Spanska nyheter p&aring; Svenska\",\"publisher\":{\"@id\":\"https:\\\/\\\/lightweb.dev\\\/l\\\/svm-temp\\\/#organization\"},\"potentialAction\":[{\"@type\":\"SearchAction\",\"target\":{\"@type\":\"EntryPoint\",\"urlTemplate\":\"https:\\\/\\\/lightweb.dev\\\/l\\\/svm-temp\\\/?s={search_term_string}\"},\"query-input\":{\"@type\":\"PropertyValueSpecification\",\"valueRequired\":true,\"valueName\":\"search_term_string\"}}],\"inLanguage\":\"sv-SE\"},{\"@type\":\"Organization\",\"@id\":\"https:\\\/\\\/lightweb.dev\\\/l\\\/svm-temp\\\/#organization\",\"name\":\"Melkerson y Nott SL\",\"alternateName\":\"Svenska Magasinet\",\"url\":\"https:\\\/\\\/lightweb.dev\\\/l\\\/svm-temp\\\/\",\"logo\":{\"@type\":\"ImageObject\",\"inLanguage\":\"sv-SE\",\"@id\":\"https:\\\/\\\/lightweb.dev\\\/l\\\/svm-temp\\\/#\\\/schema\\\/logo\\\/image\\\/\",\"url\":\"https:\\\/\\\/lightweb.dev\\\/l\\\/svm-temp\\\/wp-content\\\/uploads\\\/2025\\\/02\\\/SvM-logo-Xtra-Centrerad-SVART.png\",\"contentUrl\":\"https:\\\/\\\/lightweb.dev\\\/l\\\/svm-temp\\\/wp-content\\\/uploads\\\/2025\\\/02\\\/SvM-logo-Xtra-Centrerad-SVART.png\",\"width\":300,\"height\":99,\"caption\":\"Melkerson y Nott SL\"},\"image\":{\"@id\":\"https:\\\/\\\/lightweb.dev\\\/l\\\/svm-temp\\\/#\\\/schema\\\/logo\\\/image\\\/\"},\"sameAs\":[\"https:\\\/\\\/www.facebook.com\\\/svenskamagasinet\",\"https:\\\/\\\/x.com\\\/SvenskaMagasine\"]},{\"@type\":\"Person\",\"@id\":\"https:\\\/\\\/lightweb.dev\\\/l\\\/svm-temp\\\/#\\\/schema\\\/person\\\/206a3bda5b607b0c25e1749191e4d837\",\"name\":\"Redaktionen SvM\",\"description\":\"Redaktionen\",\"sameAs\":[\"https:\\\/\\\/lightweb.dev\\\/l\\\/svm-temp\"],\"url\":\"https:\\\/\\\/lightweb.dev\\\/l\\\/svm-temp\\\/reporter\\\/redaktionen\\\/\"}]}<\/script>\n<!-- \/ Yoast SEO Premium plugin. -->","yoast_head_json":{"title":"Hall\u00e5 d\u00e4r! - Bj\u00f6rn Simonsson, VD f\u00f6r Fair Media International AB - Svenska Magasinet","robots":{"index":"noindex","follow":"follow","max-snippet":"max-snippet:-1","max-image-preview":"max-image-preview:large","max-video-preview":"max-video-preview:-1"},"og_locale":"sv_SE","og_type":"article","og_title":"Hall\u00e5 d\u00e4r! - Bj\u00f6rn Simonsson, VD f\u00f6r Fair Media International AB","og_description":"I h\u00f6st firar Fair Media tv\u00e5siffrigt med utst\u00e4llningarna K\u00f6pa Hus utomlands i Sverige. Hur k\u00e4nns det? Av Ola Josefsson &#8211; Fantastiskt roligt att fylla tio \u00e5r! I synnerhet med tanke p\u00e5 att marknaden \u00e4r tillbaks med full swing. Nu \u00e4r vi tillbaks p\u00e5 gamla rekordsiffror vad g\u00e4ller antal utst\u00e4llare och bes\u00f6kare. Det \u00e4r ocks\u00e5 en [&hellip;]","og_url":"https:\/\/lightweb.dev\/l\/svm-temp\/artiklar\/halla-dar-bjorn-simonsson-vd-for-fair-media-international-ab\/","og_site_name":"Svenska Magasinet","article_publisher":"https:\/\/www.facebook.com\/svenskamagasinet","article_published_time":"2013-09-09T22:00:00+00:00","og_image":[{"width":299,"height":200,"url":"https:\/\/lightweb.dev\/l\/svm-temp\/wp-content\/uploads\/2022\/04\/hall-dr-bjrn-simonsson-vd-fr-fair-media-international-ab.png","type":"image\/png"}],"author":"Redaktionen SvM","twitter_card":"summary_large_image","twitter_creator":"@SvenskaMagasine","twitter_site":"@SvenskaMagasine","schema":{"@context":"https:\/\/schema.org","@graph":[{"@type":"Article","@id":"https:\/\/lightweb.dev\/l\/svm-temp\/artiklar\/halla-dar-bjorn-simonsson-vd-for-fair-media-international-ab\/#article","isPartOf":{"@id":"https:\/\/lightweb.dev\/l\/svm-temp\/artiklar\/halla-dar-bjorn-simonsson-vd-for-fair-media-international-ab\/"},"author":{"name":"Redaktionen SvM","@id":"https:\/\/lightweb.dev\/l\/svm-temp\/#\/schema\/person\/206a3bda5b607b0c25e1749191e4d837"},"headline":"Hall\u00e5 d\u00e4r! &#8211; Bj\u00f6rn Simonsson, VD f\u00f6r Fair Media International AB","datePublished":"2013-09-09T22:00:00+00:00","mainEntityOfPage":{"@id":"https:\/\/lightweb.dev\/l\/svm-temp\/artiklar\/halla-dar-bjorn-simonsson-vd-for-fair-media-international-ab\/"},"wordCount":416,"commentCount":0,"publisher":{"@id":"https:\/\/lightweb.dev\/l\/svm-temp\/#organization"},"image":{"@id":"https:\/\/lightweb.dev\/l\/svm-temp\/artiklar\/halla-dar-bjorn-simonsson-vd-for-fair-media-international-ab\/#primaryimage"},"thumbnailUrl":"https:\/\/lightweb.dev\/l\/svm-temp\/wp-content\/uploads\/2022\/04\/hall-dr-bjrn-simonsson-vd-fr-fair-media-international-ab.png","articleSection":["Artiklar","Hem &amp; bostad"],"inLanguage":"sv-SE"},{"@type":"WebPage","@id":"https:\/\/lightweb.dev\/l\/svm-temp\/artiklar\/halla-dar-bjorn-simonsson-vd-for-fair-media-international-ab\/","url":"https:\/\/lightweb.dev\/l\/svm-temp\/artiklar\/halla-dar-bjorn-simonsson-vd-for-fair-media-international-ab\/","name":"Hall\u00e5 d\u00e4r! - Bj\u00f6rn Simonsson, VD f\u00f6r Fair Media International AB - Svenska Magasinet","isPartOf":{"@id":"https:\/\/lightweb.dev\/l\/svm-temp\/#website"},"primaryImageOfPage":{"@id":"https:\/\/lightweb.dev\/l\/svm-temp\/artiklar\/halla-dar-bjorn-simonsson-vd-for-fair-media-international-ab\/#primaryimage"},"image":{"@id":"https:\/\/lightweb.dev\/l\/svm-temp\/artiklar\/halla-dar-bjorn-simonsson-vd-for-fair-media-international-ab\/#primaryimage"},"thumbnailUrl":"https:\/\/lightweb.dev\/l\/svm-temp\/wp-content\/uploads\/2022\/04\/hall-dr-bjrn-simonsson-vd-fr-fair-media-international-ab.png","datePublished":"2013-09-09T22:00:00+00:00","breadcrumb":{"@id":"https:\/\/lightweb.dev\/l\/svm-temp\/artiklar\/halla-dar-bjorn-simonsson-vd-for-fair-media-international-ab\/#breadcrumb"},"inLanguage":"sv-SE","potentialAction":[{"@type":"ReadAction","target":["https:\/\/lightweb.dev\/l\/svm-temp\/artiklar\/halla-dar-bjorn-simonsson-vd-for-fair-media-international-ab\/"]}]},{"@type":"ImageObject","inLanguage":"sv-SE","@id":"https:\/\/lightweb.dev\/l\/svm-temp\/artiklar\/halla-dar-bjorn-simonsson-vd-for-fair-media-international-ab\/#primaryimage","url":"https:\/\/lightweb.dev\/l\/svm-temp\/wp-content\/uploads\/2022\/04\/hall-dr-bjrn-simonsson-vd-fr-fair-media-international-ab.png","contentUrl":"https:\/\/lightweb.dev\/l\/svm-temp\/wp-content\/uploads\/2022\/04\/hall-dr-bjrn-simonsson-vd-fr-fair-media-international-ab.png","width":299,"height":200},{"@type":"BreadcrumbList","@id":"https:\/\/lightweb.dev\/l\/svm-temp\/artiklar\/halla-dar-bjorn-simonsson-vd-for-fair-media-international-ab\/#breadcrumb","itemListElement":[{"@type":"ListItem","position":1,"name":"Hem","item":"https:\/\/lightweb.dev\/l\/svm-temp\/"},{"@type":"ListItem","position":2,"name":"Hall\u00e5 d\u00e4r! &#8211; Bj\u00f6rn Simonsson, VD f\u00f6r Fair Media International AB"}]},{"@type":"WebSite","@id":"https:\/\/lightweb.dev\/l\/svm-temp\/#website","url":"https:\/\/lightweb.dev\/l\/svm-temp\/","name":"Svenska Magasinet","description":"Dina Spanska nyheter p&aring; Svenska","publisher":{"@id":"https:\/\/lightweb.dev\/l\/svm-temp\/#organization"},"potentialAction":[{"@type":"SearchAction","target":{"@type":"EntryPoint","urlTemplate":"https:\/\/lightweb.dev\/l\/svm-temp\/?s={search_term_string}"},"query-input":{"@type":"PropertyValueSpecification","valueRequired":true,"valueName":"search_term_string"}}],"inLanguage":"sv-SE"},{"@type":"Organization","@id":"https:\/\/lightweb.dev\/l\/svm-temp\/#organization","name":"Melkerson y Nott SL","alternateName":"Svenska Magasinet","url":"https:\/\/lightweb.dev\/l\/svm-temp\/","logo":{"@type":"ImageObject","inLanguage":"sv-SE","@id":"https:\/\/lightweb.dev\/l\/svm-temp\/#\/schema\/logo\/image\/","url":"https:\/\/lightweb.dev\/l\/svm-temp\/wp-content\/uploads\/2025\/02\/SvM-logo-Xtra-Centrerad-SVART.png","contentUrl":"https:\/\/lightweb.dev\/l\/svm-temp\/wp-content\/uploads\/2025\/02\/SvM-logo-Xtra-Centrerad-SVART.png","width":300,"height":99,"caption":"Melkerson y Nott SL"},"image":{"@id":"https:\/\/lightweb.dev\/l\/svm-temp\/#\/schema\/logo\/image\/"},"sameAs":["https:\/\/www.facebook.com\/svenskamagasinet","https:\/\/x.com\/SvenskaMagasine"]},{"@type":"Person","@id":"https:\/\/lightweb.dev\/l\/svm-temp\/#\/schema\/person\/206a3bda5b607b0c25e1749191e4d837","name":"Redaktionen SvM","description":"Redaktionen","sameAs":["https:\/\/lightweb.dev\/l\/svm-temp"],"url":"https:\/\/lightweb.dev\/l\/svm-temp\/reporter\/redaktionen\/"}]}},"_links":{"self":[{"href":"https:\/\/lightweb.dev\/l\/svm-temp\/wp-json\/wp\/v2\/posts\/4120","targetHints":{"allow":["GET"]}}],"collection":[{"href":"https:\/\/lightweb.dev\/l\/svm-temp\/wp-json\/wp\/v2\/posts"}],"about":[{"href":"https:\/\/lightweb.dev\/l\/svm-temp\/wp-json\/wp\/v2\/types\/post"}],"author":[{"embeddable":true,"href":"https:\/\/lightweb.dev\/l\/svm-temp\/wp-json\/wp\/v2\/users\/8"}],"replies":[{"embeddable":true,"href":"https:\/\/lightweb.dev\/l\/svm-temp\/wp-json\/wp\/v2\/comments?post=4120"}],"version-history":[{"count":0,"href":"https:\/\/lightweb.dev\/l\/svm-temp\/wp-json\/wp\/v2\/posts\/4120\/revisions"}],"wp:featuredmedia":[{"embeddable":true,"href":"https:\/\/lightweb.dev\/l\/svm-temp\/wp-json\/wp\/v2\/media\/4121"}],"wp:attachment":[{"href":"https:\/\/lightweb.dev\/l\/svm-temp\/wp-json\/wp\/v2\/media?parent=4120"}],"wp:term":[{"taxonomy":"category","embeddable":true,"href":"https:\/\/lightweb.dev\/l\/svm-temp\/wp-json\/wp\/v2\/categories?post=4120"},{"taxonomy":"post_tag","embeddable":true,"href":"https:\/\/lightweb.dev\/l\/svm-temp\/wp-json\/wp\/v2\/tags?post=4120"}],"curies":[{"name":"wp","href":"https:\/\/api.w.org\/{rel}","templated":true}]}}