{"id":4132,"date":"2013-08-07T00:00:00","date_gmt":"2013-08-06T22:00:00","guid":{"rendered":"https:\/\/lightweb.dev\/l\/svm-temp\/svenska-magasinets-vin-och-kulturresa-till-la-rioja-och-ribera-del-duero\/"},"modified":"2013-08-07T00:00:00","modified_gmt":"2013-08-06T22:00:00","slug":"svenska-magasinets-vin-och-kulturresa-till-la-rioja-och-ribera-del-duero","status":"publish","type":"post","link":"https:\/\/lightweb.dev\/l\/svm-temp\/artiklar\/svenska-magasinets-vin-och-kulturresa-till-la-rioja-och-ribera-del-duero\/","title":{"rendered":"Svenska Magasinets vin och kulturresa till La Rioja och Ribera del Duero"},"content":{"rendered":"<p> Fyra n\u00e4tter och fem dagar fyllda med vin och spansk historia. F\u00f6lj med p\u00e5 Svenska Magasinets Vin &#038; Kulturresa i samarbete med guiden Siv B. Ling mellan den 25 till 29 oktober. Resan inneh\u00e5ller flera bes\u00f6k p\u00e5 vinbodegor med provsmakningar i tv\u00e5 av Spaniens mest presigefyllda vinomr\u00e5den, Ribera de Duero och den v\u00e4rldsber\u00f6mda vinregionen La Rioja &#8211; namnet kommer fr\u00e5n Rio-oja, en biflod till floden Ebro som flyter genom omr\u00e5det. Det s\u00e4gs att vin har odlats i Rioja l\u00e4ngre \u00e4n i Bordeaux. Redan romarna s\u00e5g de goda odlingsm\u00f6jligheterna f\u00f6r vin i det Riojanska landskapet. Programtext: Siv B. Ling<\/p>\n<p>Vi upplever det f\u00e4rgsprakande landskapet med sina pittoreska byar och vi f\u00e4rdas ibland p\u00e5 de gamla pilgrimsv\u00e4garna som leder till Sankt Jakobs grav i Galicien. Precis som pilgrimerna g\u00f6r vi ett uppeh\u00e5ll i Santo Domingo de la Calzada f\u00f6r att bes\u00f6ka katedralen som har en mycket s\u00e4regen historia. Vi bor tre n\u00e4tter i Logro\u00f1o som ligger i hj\u00e4rtat av den v\u00e4rldsber\u00f6mda vinregionen La Rioja. Under resan har vi olika kulturella inslag, som museer, kyrkor, kloster, medeltida borgar, st\u00e4der och byar.<\/p>\n<p>Dag 1, 25 okt. M\u00e1laga-Madrid-Medinaceli-Soria-Logro\u00f1o<br \/>\nVi reser klockan 9 fr\u00e5n M\u00e1lagas centralstation Maria Zambrano med h\u00f6ghastigshetst\u00e5get AVE. T\u00e5get \u00e4r framme i Madrid klockan 11.50. H\u00e4rifr\u00e5n forts\u00e4tter vi med buss till Medinaceli d\u00e4r vi \u00e4ter lunch innan vi forts\u00e4tter via Soria mot Logro\u00f1o. Vi hinner med att g\u00f6ra resans f\u00f6rsta Bodegabes\u00f6k p\u00e5 Bodegas Corral i Navarrete med provsmakning innan vi kommer fram till v\u00e5rt centralt bel\u00e4gna hotell Carlton Rioja. H\u00e4r ska vi stanna i tre n\u00e4tter. Middag och \u00f6vernattning p\u00e5 hotellet.<\/p>\n<p>Dag 2, 26 okt. Logro\u00f1o<br \/>\nSmakupplevelsernas dag! Efter frukost p\u00e5 hotellet \u00e5ker vi till Briones, (40 km) d\u00e4r vi b\u00f6rjar med att bes\u00f6ka Museo del Vino med provsmakning. N\u00e4sta stop blir i Haro (ca 10 km) d\u00e4r vi bes\u00f6ker Bodegas Bilbainas. I dag \u00e4ter vi lunch p\u00e5 ett typiskt meson i Santo Domingo de la Calzada som \u00e4r bel\u00e4gen p\u00e5 den gamla pilgrimsv\u00e4gen som leder till aposteln Jakob den \u00e4ldres grav i Galicien.<br \/>\nEfter lunch bes\u00f6ker vi stadens katedral som har en mycket s\u00e4regen historia. Under eftermiddagen \u00e5ker vi tillbaka till Logro\u00f1o f\u00f6r att bes\u00f6ka dagens sista bodega, Bodegas Franco Espa\u00f1ola som \u00f6ppnar klockan 18. Efter bodegabes\u00f6ket \u00e4r det dags att g\u00f6ra en tapasronda, p\u00e5 Logro\u00f1os mest k\u00e4nda g\u00e5gata, Calle del Laurel, ett popul\u00e4rt n\u00f6je bland stadens  inv\u00e5nare, h\u00e4r ligger tapasbarerna t\u00e4tt, man kan g\u00e5 fr\u00e5n bar till bar f\u00f6r att  prova olika tapas. Det finns ocks\u00e5 mesones om man hellre vill \u00e4ta p\u00e5  restaurang. \u00d6vernattning p\u00e5 hotell Carlton Rioja i Logro\u00f1o.<\/p>\n<p>Dag 3, 27 okt. Logro\u00f1o<br \/>\nEfter frukost p\u00e5 hotellet \u00e5ker vi till Badar\u00e1n (ca 36 km), h\u00e4r bes\u00f6ker vi Bodega Moreno Pe\u00f1a Efter rundvisning med provsmakning forts\u00e4tter vi till San Mill\u00e1n de la Cogolla (ca 6.5 km) d\u00e4r vi ska bes\u00f6ka det medeltida klostret San Mill\u00e1n Yuso och l\u00e4ra k\u00e4nna dess sp\u00e4nnande historia. Dagens lunch \u00e4ter vi p\u00e5 Hosteler\u00eda Monasterio San Mill\u00e1n. Dagens sista Bodega \u00e4r Bodegas Onta\u00f1on innan vi \u00e5ker tillbaka till hotellet. Middag och \u00f6vernattning p\u00e5 hotell Carlton Rioja i Logro\u00f1o.<\/p>\n<p>Dag 4, 28 okt. Logro\u00f1o \u2013 Burgos-Pe\u00f1afiel<br \/>\nFrukost p\u00e5 hotellet och avf\u00e4rd med buss 135 km till Burgos, staden som en g\u00e5ng var Kastiliens huvudstad. H\u00e4r finns bl a en av den gotiska konstens sk\u00f6naste smycke, katedralen som vi ska bes\u00f6ka med el Cid Campeadors gravmonument. Efter bes\u00f6ket i katedralen \u00e4ter vi lunch p\u00e5 ett meson i centrum. Efter lunchen forts\u00e4tter vi 140 km till Quintanilla de On\u00e9simo d\u00e4r vi bes\u00f6ker Bodegas Arzuaga med provsmakning innan vi  forts\u00e4tter till Pe\u00f1afiel ca 22 km d\u00e4r vi har middag och \u00f6vernattning p\u00e5 hotell Ribera del Duero 3***.<\/p>\n<p>Dag 5, 29 okt. Pe\u00f1afiel-Madrid-M\u00e1laga<br \/>\nFrukost p\u00e5 hotellet innan vi bes\u00f6ker den medeltida borgen, d\u00e4r ligger stadens vinmuseum som vi ocks\u00e5 bes\u00f6ker och provsmakar fyra olika viner.<br \/>\nLunchen \u00e4ter vi p\u00e5 ett f\u00f6r trakten typiskt meson innan vi forts\u00e4tter s\u00f6derut till Madrid (ca 190 km) och Atochastationen. AVE-t\u00e5get avg\u00e5r kl 18.35 fr\u00e5n Madrid med ankomst Malaga kl 21.25.<br \/>\n  Pris per person i dubbelrum fr\u00e5n Madrid: 625.00 \u20ac<br \/>\nPris per person i dubbelrum fr\u00e5n Malaga: 695.00 \u20ac<br \/>\nEnkelrumstill\u00e4gg: 125.00 \u20ac<\/p>\n<p>I priset ing\u00e5r:<br \/>\nAVE-t\u00e5get  M\u00e1laga-Madrid-M\u00e1laga<br \/>\nTv\u00e5 n\u00e4tter p\u00e5 fyrstj\u00e4rnigt hotell med frukost och middag<br \/>\nEn natt p\u00e5 fyrstj\u00e4rnigt hotell med frukost<br \/>\nEn natt p\u00e5 trestj\u00e4rnigt hotell med frukost och middag<br \/>\nFem luncher p\u00e5 lokala restauranter d\u00e4r vin och vatten ing\u00e5r.<br \/>\nAirkonditionsbuss under hela resan fr\u00e5n och till Madrid<br \/>\nEntre\u00e9r till de bodegor som n\u00e4mns i programmet<br \/>\nEntre\u00e9r till de monument som n\u00e4mns i programmet<br \/>\nSkandinavisk guide under hela resan: Siv B. Ling<br \/>\nResef\u00f6rs\u00e4kring<\/p>\n<p>Anm\u00e4lan kan g\u00f6ras hos Ruta\/Solar, Resebyr\u00e5, Pasaje La Pandereta s\/n, 29640, Fuengirola<br \/>\nTfn: +34 952 479 954 eller +34 952 479 958, e-mail: fuengirola@rutasolar.com<br \/>\nEventuella fr\u00e5gor kan ocks\u00e5 g\u00f6ras till Siv Ling, tfn: +34 609 577 162, e-mail: siv.ling@telefonica.net<\/p>\n<p>H\u00e4r \u00e4r fler resor som guiden Siv Ling arrangerar:<br \/>\n2013<br \/>\n25-29 oktober, vinresa till Rioja och Ribera del Duero<br \/>\n12-16 november, Marocko, nyhet, 4 n\u00e4tter\/5 dagar, Chefchauen-Meknes-Fes-Rabat, Tanger, med buss fr\u00e5n Costa del Sol.<br \/>\n22-25 november, Siv Ling och Svenska Magasinets traditionella Madridresa<\/p>\n<p>2014<br \/>\n17-18 februari, Marocko, tv\u00e5 dagar, Ceuta-Tetaouan-Chefchaouen-Tanger<br \/>\n19-24 mars, Marocko &#8211; Casablanca &#8211; Marrakech &#8211; Casablanca  med flyg<br \/>\n6-12 april, Barcelona med flyg<br \/>\n22-29 april, pilgrimsresa till Santiago de Compostela, Portugiskiska leden<\/p>\n","protected":false},"excerpt":{"rendered":"<p>Fyra n\u00e4tter och fem dagar fyllda med vin och spansk historia. F\u00f6lj med p\u00e5 Svenska Magasinets Vin &#038; Kulturresa i samarbete med guiden Siv B. Ling mellan den 25 till 29 oktober. Resan inneh\u00e5ller flera bes\u00f6k p\u00e5 vinbodegor med provsmakningar i tv\u00e5 av Spaniens mest presigefyllda vinomr\u00e5den, Ribera de Duero och den v\u00e4rldsber\u00f6mda vinregionen La [&hellip;]<\/p>\n","protected":false},"author":8,"featured_media":4133,"comment_status":"open","ping_status":"open","sticky":false,"template":"","format":"standard","meta":{"_et_pb_use_builder":"","_et_pb_old_content":"","_et_gb_content_width":"","footnotes":""},"categories":[4,45],"tags":[],"class_list":["post-4132","post","type-post","status-publish","format-standard","has-post-thumbnail","hentry","category-artiklar","category-kultur"],"yoast_head":"<!-- This site is optimized with the Yoast SEO Premium plugin v26.2 (Yoast SEO v27.5) - https:\/\/yoast.com\/product\/yoast-seo-premium-wordpress\/ -->\n<title>Svenska Magasinets vin och kulturresa till La Rioja och Ribera del Duero - Svenska Magasinet<\/title>\n<meta name=\"robots\" content=\"noindex, follow, max-snippet:-1, max-image-preview:large, max-video-preview:-1\" \/>\n<meta property=\"og:locale\" content=\"sv_SE\" \/>\n<meta property=\"og:type\" content=\"article\" \/>\n<meta property=\"og:title\" content=\"Svenska Magasinets vin och kulturresa till La Rioja och Ribera del Duero\" \/>\n<meta property=\"og:description\" content=\"Fyra n\u00e4tter och fem dagar fyllda med vin och spansk historia. F\u00f6lj med p\u00e5 Svenska Magasinets Vin &#038; Kulturresa i samarbete med guiden Siv B. Ling mellan den 25 till 29 oktober. Resan inneh\u00e5ller flera bes\u00f6k p\u00e5 vinbodegor med provsmakningar i tv\u00e5 av Spaniens mest presigefyllda vinomr\u00e5den, Ribera de Duero och den v\u00e4rldsber\u00f6mda vinregionen La [&hellip;]\" \/>\n<meta property=\"og:url\" content=\"https:\/\/lightweb.dev\/l\/svm-temp\/artiklar\/svenska-magasinets-vin-och-kulturresa-till-la-rioja-och-ribera-del-duero\/\" \/>\n<meta property=\"og:site_name\" content=\"Svenska Magasinet\" \/>\n<meta property=\"article:publisher\" content=\"https:\/\/www.facebook.com\/svenskamagasinet\" \/>\n<meta property=\"article:published_time\" content=\"2013-08-06T22:00:00+00:00\" \/>\n<meta property=\"og:image\" content=\"https:\/\/lightweb.dev\/l\/svm-temp\/wp-content\/uploads\/2022\/04\/svenska-magasinets-vin-och-kulturresa-till-la-rioja-och-ribera-del-duero.png\" \/>\n\t<meta property=\"og:image:width\" content=\"301\" \/>\n\t<meta property=\"og:image:height\" content=\"200\" \/>\n\t<meta property=\"og:image:type\" content=\"image\/png\" \/>\n<meta name=\"author\" content=\"Redaktionen SvM\" \/>\n<meta name=\"twitter:card\" content=\"summary_large_image\" \/>\n<meta name=\"twitter:creator\" content=\"@SvenskaMagasine\" \/>\n<meta name=\"twitter:site\" content=\"@SvenskaMagasine\" \/>\n<script type=\"application\/ld+json\" class=\"yoast-schema-graph\">{\"@context\":\"https:\\\/\\\/schema.org\",\"@graph\":[{\"@type\":\"Article\",\"@id\":\"https:\\\/\\\/lightweb.dev\\\/l\\\/svm-temp\\\/artiklar\\\/svenska-magasinets-vin-och-kulturresa-till-la-rioja-och-ribera-del-duero\\\/#article\",\"isPartOf\":{\"@id\":\"https:\\\/\\\/lightweb.dev\\\/l\\\/svm-temp\\\/artiklar\\\/svenska-magasinets-vin-och-kulturresa-till-la-rioja-och-ribera-del-duero\\\/\"},\"author\":{\"name\":\"Redaktionen SvM\",\"@id\":\"https:\\\/\\\/lightweb.dev\\\/l\\\/svm-temp\\\/#\\\/schema\\\/person\\\/206a3bda5b607b0c25e1749191e4d837\"},\"headline\":\"Svenska Magasinets vin och kulturresa till La Rioja och Ribera del Duero\",\"datePublished\":\"2013-08-06T22:00:00+00:00\",\"mainEntityOfPage\":{\"@id\":\"https:\\\/\\\/lightweb.dev\\\/l\\\/svm-temp\\\/artiklar\\\/svenska-magasinets-vin-och-kulturresa-till-la-rioja-och-ribera-del-duero\\\/\"},\"wordCount\":979,\"commentCount\":0,\"publisher\":{\"@id\":\"https:\\\/\\\/lightweb.dev\\\/l\\\/svm-temp\\\/#organization\"},\"image\":{\"@id\":\"https:\\\/\\\/lightweb.dev\\\/l\\\/svm-temp\\\/artiklar\\\/svenska-magasinets-vin-och-kulturresa-till-la-rioja-och-ribera-del-duero\\\/#primaryimage\"},\"thumbnailUrl\":\"https:\\\/\\\/lightweb.dev\\\/l\\\/svm-temp\\\/wp-content\\\/uploads\\\/2022\\\/04\\\/svenska-magasinets-vin-och-kulturresa-till-la-rioja-och-ribera-del-duero.png\",\"articleSection\":[\"Artiklar\",\"Kultur &amp; historia\"],\"inLanguage\":\"sv-SE\"},{\"@type\":\"WebPage\",\"@id\":\"https:\\\/\\\/lightweb.dev\\\/l\\\/svm-temp\\\/artiklar\\\/svenska-magasinets-vin-och-kulturresa-till-la-rioja-och-ribera-del-duero\\\/\",\"url\":\"https:\\\/\\\/lightweb.dev\\\/l\\\/svm-temp\\\/artiklar\\\/svenska-magasinets-vin-och-kulturresa-till-la-rioja-och-ribera-del-duero\\\/\",\"name\":\"Svenska Magasinets vin och kulturresa till La Rioja och Ribera del Duero - Svenska Magasinet\",\"isPartOf\":{\"@id\":\"https:\\\/\\\/lightweb.dev\\\/l\\\/svm-temp\\\/#website\"},\"primaryImageOfPage\":{\"@id\":\"https:\\\/\\\/lightweb.dev\\\/l\\\/svm-temp\\\/artiklar\\\/svenska-magasinets-vin-och-kulturresa-till-la-rioja-och-ribera-del-duero\\\/#primaryimage\"},\"image\":{\"@id\":\"https:\\\/\\\/lightweb.dev\\\/l\\\/svm-temp\\\/artiklar\\\/svenska-magasinets-vin-och-kulturresa-till-la-rioja-och-ribera-del-duero\\\/#primaryimage\"},\"thumbnailUrl\":\"https:\\\/\\\/lightweb.dev\\\/l\\\/svm-temp\\\/wp-content\\\/uploads\\\/2022\\\/04\\\/svenska-magasinets-vin-och-kulturresa-till-la-rioja-och-ribera-del-duero.png\",\"datePublished\":\"2013-08-06T22:00:00+00:00\",\"breadcrumb\":{\"@id\":\"https:\\\/\\\/lightweb.dev\\\/l\\\/svm-temp\\\/artiklar\\\/svenska-magasinets-vin-och-kulturresa-till-la-rioja-och-ribera-del-duero\\\/#breadcrumb\"},\"inLanguage\":\"sv-SE\",\"potentialAction\":[{\"@type\":\"ReadAction\",\"target\":[\"https:\\\/\\\/lightweb.dev\\\/l\\\/svm-temp\\\/artiklar\\\/svenska-magasinets-vin-och-kulturresa-till-la-rioja-och-ribera-del-duero\\\/\"]}]},{\"@type\":\"ImageObject\",\"inLanguage\":\"sv-SE\",\"@id\":\"https:\\\/\\\/lightweb.dev\\\/l\\\/svm-temp\\\/artiklar\\\/svenska-magasinets-vin-och-kulturresa-till-la-rioja-och-ribera-del-duero\\\/#primaryimage\",\"url\":\"https:\\\/\\\/lightweb.dev\\\/l\\\/svm-temp\\\/wp-content\\\/uploads\\\/2022\\\/04\\\/svenska-magasinets-vin-och-kulturresa-till-la-rioja-och-ribera-del-duero.png\",\"contentUrl\":\"https:\\\/\\\/lightweb.dev\\\/l\\\/svm-temp\\\/wp-content\\\/uploads\\\/2022\\\/04\\\/svenska-magasinets-vin-och-kulturresa-till-la-rioja-och-ribera-del-duero.png\",\"width\":301,\"height\":200},{\"@type\":\"BreadcrumbList\",\"@id\":\"https:\\\/\\\/lightweb.dev\\\/l\\\/svm-temp\\\/artiklar\\\/svenska-magasinets-vin-och-kulturresa-till-la-rioja-och-ribera-del-duero\\\/#breadcrumb\",\"itemListElement\":[{\"@type\":\"ListItem\",\"position\":1,\"name\":\"Hem\",\"item\":\"https:\\\/\\\/lightweb.dev\\\/l\\\/svm-temp\\\/\"},{\"@type\":\"ListItem\",\"position\":2,\"name\":\"Svenska Magasinets vin och kulturresa till La Rioja och Ribera del Duero\"}]},{\"@type\":\"WebSite\",\"@id\":\"https:\\\/\\\/lightweb.dev\\\/l\\\/svm-temp\\\/#website\",\"url\":\"https:\\\/\\\/lightweb.dev\\\/l\\\/svm-temp\\\/\",\"name\":\"Svenska Magasinet\",\"description\":\"Dina Spanska nyheter p&aring; Svenska\",\"publisher\":{\"@id\":\"https:\\\/\\\/lightweb.dev\\\/l\\\/svm-temp\\\/#organization\"},\"potentialAction\":[{\"@type\":\"SearchAction\",\"target\":{\"@type\":\"EntryPoint\",\"urlTemplate\":\"https:\\\/\\\/lightweb.dev\\\/l\\\/svm-temp\\\/?s={search_term_string}\"},\"query-input\":{\"@type\":\"PropertyValueSpecification\",\"valueRequired\":true,\"valueName\":\"search_term_string\"}}],\"inLanguage\":\"sv-SE\"},{\"@type\":\"Organization\",\"@id\":\"https:\\\/\\\/lightweb.dev\\\/l\\\/svm-temp\\\/#organization\",\"name\":\"Melkerson y Nott SL\",\"alternateName\":\"Svenska Magasinet\",\"url\":\"https:\\\/\\\/lightweb.dev\\\/l\\\/svm-temp\\\/\",\"logo\":{\"@type\":\"ImageObject\",\"inLanguage\":\"sv-SE\",\"@id\":\"https:\\\/\\\/lightweb.dev\\\/l\\\/svm-temp\\\/#\\\/schema\\\/logo\\\/image\\\/\",\"url\":\"https:\\\/\\\/lightweb.dev\\\/l\\\/svm-temp\\\/wp-content\\\/uploads\\\/2025\\\/02\\\/SvM-logo-Xtra-Centrerad-SVART.png\",\"contentUrl\":\"https:\\\/\\\/lightweb.dev\\\/l\\\/svm-temp\\\/wp-content\\\/uploads\\\/2025\\\/02\\\/SvM-logo-Xtra-Centrerad-SVART.png\",\"width\":300,\"height\":99,\"caption\":\"Melkerson y Nott SL\"},\"image\":{\"@id\":\"https:\\\/\\\/lightweb.dev\\\/l\\\/svm-temp\\\/#\\\/schema\\\/logo\\\/image\\\/\"},\"sameAs\":[\"https:\\\/\\\/www.facebook.com\\\/svenskamagasinet\",\"https:\\\/\\\/x.com\\\/SvenskaMagasine\"]},{\"@type\":\"Person\",\"@id\":\"https:\\\/\\\/lightweb.dev\\\/l\\\/svm-temp\\\/#\\\/schema\\\/person\\\/206a3bda5b607b0c25e1749191e4d837\",\"name\":\"Redaktionen SvM\",\"description\":\"Redaktionen\",\"sameAs\":[\"https:\\\/\\\/lightweb.dev\\\/l\\\/svm-temp\"],\"url\":\"https:\\\/\\\/lightweb.dev\\\/l\\\/svm-temp\\\/reporter\\\/redaktionen\\\/\"}]}<\/script>\n<!-- \/ Yoast SEO Premium plugin. -->","yoast_head_json":{"title":"Svenska Magasinets vin och kulturresa till La Rioja och Ribera del Duero - Svenska Magasinet","robots":{"index":"noindex","follow":"follow","max-snippet":"max-snippet:-1","max-image-preview":"max-image-preview:large","max-video-preview":"max-video-preview:-1"},"og_locale":"sv_SE","og_type":"article","og_title":"Svenska Magasinets vin och kulturresa till La Rioja och Ribera del Duero","og_description":"Fyra n\u00e4tter och fem dagar fyllda med vin och spansk historia. F\u00f6lj med p\u00e5 Svenska Magasinets Vin &#038; Kulturresa i samarbete med guiden Siv B. Ling mellan den 25 till 29 oktober. Resan inneh\u00e5ller flera bes\u00f6k p\u00e5 vinbodegor med provsmakningar i tv\u00e5 av Spaniens mest presigefyllda vinomr\u00e5den, Ribera de Duero och den v\u00e4rldsber\u00f6mda vinregionen La [&hellip;]","og_url":"https:\/\/lightweb.dev\/l\/svm-temp\/artiklar\/svenska-magasinets-vin-och-kulturresa-till-la-rioja-och-ribera-del-duero\/","og_site_name":"Svenska Magasinet","article_publisher":"https:\/\/www.facebook.com\/svenskamagasinet","article_published_time":"2013-08-06T22:00:00+00:00","og_image":[{"width":301,"height":200,"url":"https:\/\/lightweb.dev\/l\/svm-temp\/wp-content\/uploads\/2022\/04\/svenska-magasinets-vin-och-kulturresa-till-la-rioja-och-ribera-del-duero.png","type":"image\/png"}],"author":"Redaktionen SvM","twitter_card":"summary_large_image","twitter_creator":"@SvenskaMagasine","twitter_site":"@SvenskaMagasine","schema":{"@context":"https:\/\/schema.org","@graph":[{"@type":"Article","@id":"https:\/\/lightweb.dev\/l\/svm-temp\/artiklar\/svenska-magasinets-vin-och-kulturresa-till-la-rioja-och-ribera-del-duero\/#article","isPartOf":{"@id":"https:\/\/lightweb.dev\/l\/svm-temp\/artiklar\/svenska-magasinets-vin-och-kulturresa-till-la-rioja-och-ribera-del-duero\/"},"author":{"name":"Redaktionen SvM","@id":"https:\/\/lightweb.dev\/l\/svm-temp\/#\/schema\/person\/206a3bda5b607b0c25e1749191e4d837"},"headline":"Svenska Magasinets vin och kulturresa till La Rioja och Ribera del Duero","datePublished":"2013-08-06T22:00:00+00:00","mainEntityOfPage":{"@id":"https:\/\/lightweb.dev\/l\/svm-temp\/artiklar\/svenska-magasinets-vin-och-kulturresa-till-la-rioja-och-ribera-del-duero\/"},"wordCount":979,"commentCount":0,"publisher":{"@id":"https:\/\/lightweb.dev\/l\/svm-temp\/#organization"},"image":{"@id":"https:\/\/lightweb.dev\/l\/svm-temp\/artiklar\/svenska-magasinets-vin-och-kulturresa-till-la-rioja-och-ribera-del-duero\/#primaryimage"},"thumbnailUrl":"https:\/\/lightweb.dev\/l\/svm-temp\/wp-content\/uploads\/2022\/04\/svenska-magasinets-vin-och-kulturresa-till-la-rioja-och-ribera-del-duero.png","articleSection":["Artiklar","Kultur &amp; historia"],"inLanguage":"sv-SE"},{"@type":"WebPage","@id":"https:\/\/lightweb.dev\/l\/svm-temp\/artiklar\/svenska-magasinets-vin-och-kulturresa-till-la-rioja-och-ribera-del-duero\/","url":"https:\/\/lightweb.dev\/l\/svm-temp\/artiklar\/svenska-magasinets-vin-och-kulturresa-till-la-rioja-och-ribera-del-duero\/","name":"Svenska Magasinets vin och kulturresa till La Rioja och Ribera del Duero - Svenska Magasinet","isPartOf":{"@id":"https:\/\/lightweb.dev\/l\/svm-temp\/#website"},"primaryImageOfPage":{"@id":"https:\/\/lightweb.dev\/l\/svm-temp\/artiklar\/svenska-magasinets-vin-och-kulturresa-till-la-rioja-och-ribera-del-duero\/#primaryimage"},"image":{"@id":"https:\/\/lightweb.dev\/l\/svm-temp\/artiklar\/svenska-magasinets-vin-och-kulturresa-till-la-rioja-och-ribera-del-duero\/#primaryimage"},"thumbnailUrl":"https:\/\/lightweb.dev\/l\/svm-temp\/wp-content\/uploads\/2022\/04\/svenska-magasinets-vin-och-kulturresa-till-la-rioja-och-ribera-del-duero.png","datePublished":"2013-08-06T22:00:00+00:00","breadcrumb":{"@id":"https:\/\/lightweb.dev\/l\/svm-temp\/artiklar\/svenska-magasinets-vin-och-kulturresa-till-la-rioja-och-ribera-del-duero\/#breadcrumb"},"inLanguage":"sv-SE","potentialAction":[{"@type":"ReadAction","target":["https:\/\/lightweb.dev\/l\/svm-temp\/artiklar\/svenska-magasinets-vin-och-kulturresa-till-la-rioja-och-ribera-del-duero\/"]}]},{"@type":"ImageObject","inLanguage":"sv-SE","@id":"https:\/\/lightweb.dev\/l\/svm-temp\/artiklar\/svenska-magasinets-vin-och-kulturresa-till-la-rioja-och-ribera-del-duero\/#primaryimage","url":"https:\/\/lightweb.dev\/l\/svm-temp\/wp-content\/uploads\/2022\/04\/svenska-magasinets-vin-och-kulturresa-till-la-rioja-och-ribera-del-duero.png","contentUrl":"https:\/\/lightweb.dev\/l\/svm-temp\/wp-content\/uploads\/2022\/04\/svenska-magasinets-vin-och-kulturresa-till-la-rioja-och-ribera-del-duero.png","width":301,"height":200},{"@type":"BreadcrumbList","@id":"https:\/\/lightweb.dev\/l\/svm-temp\/artiklar\/svenska-magasinets-vin-och-kulturresa-till-la-rioja-och-ribera-del-duero\/#breadcrumb","itemListElement":[{"@type":"ListItem","position":1,"name":"Hem","item":"https:\/\/lightweb.dev\/l\/svm-temp\/"},{"@type":"ListItem","position":2,"name":"Svenska Magasinets vin och kulturresa till La Rioja och Ribera del Duero"}]},{"@type":"WebSite","@id":"https:\/\/lightweb.dev\/l\/svm-temp\/#website","url":"https:\/\/lightweb.dev\/l\/svm-temp\/","name":"Svenska Magasinet","description":"Dina Spanska nyheter p&aring; Svenska","publisher":{"@id":"https:\/\/lightweb.dev\/l\/svm-temp\/#organization"},"potentialAction":[{"@type":"SearchAction","target":{"@type":"EntryPoint","urlTemplate":"https:\/\/lightweb.dev\/l\/svm-temp\/?s={search_term_string}"},"query-input":{"@type":"PropertyValueSpecification","valueRequired":true,"valueName":"search_term_string"}}],"inLanguage":"sv-SE"},{"@type":"Organization","@id":"https:\/\/lightweb.dev\/l\/svm-temp\/#organization","name":"Melkerson y Nott SL","alternateName":"Svenska Magasinet","url":"https:\/\/lightweb.dev\/l\/svm-temp\/","logo":{"@type":"ImageObject","inLanguage":"sv-SE","@id":"https:\/\/lightweb.dev\/l\/svm-temp\/#\/schema\/logo\/image\/","url":"https:\/\/lightweb.dev\/l\/svm-temp\/wp-content\/uploads\/2025\/02\/SvM-logo-Xtra-Centrerad-SVART.png","contentUrl":"https:\/\/lightweb.dev\/l\/svm-temp\/wp-content\/uploads\/2025\/02\/SvM-logo-Xtra-Centrerad-SVART.png","width":300,"height":99,"caption":"Melkerson y Nott SL"},"image":{"@id":"https:\/\/lightweb.dev\/l\/svm-temp\/#\/schema\/logo\/image\/"},"sameAs":["https:\/\/www.facebook.com\/svenskamagasinet","https:\/\/x.com\/SvenskaMagasine"]},{"@type":"Person","@id":"https:\/\/lightweb.dev\/l\/svm-temp\/#\/schema\/person\/206a3bda5b607b0c25e1749191e4d837","name":"Redaktionen SvM","description":"Redaktionen","sameAs":["https:\/\/lightweb.dev\/l\/svm-temp"],"url":"https:\/\/lightweb.dev\/l\/svm-temp\/reporter\/redaktionen\/"}]}},"_links":{"self":[{"href":"https:\/\/lightweb.dev\/l\/svm-temp\/wp-json\/wp\/v2\/posts\/4132","targetHints":{"allow":["GET"]}}],"collection":[{"href":"https:\/\/lightweb.dev\/l\/svm-temp\/wp-json\/wp\/v2\/posts"}],"about":[{"href":"https:\/\/lightweb.dev\/l\/svm-temp\/wp-json\/wp\/v2\/types\/post"}],"author":[{"embeddable":true,"href":"https:\/\/lightweb.dev\/l\/svm-temp\/wp-json\/wp\/v2\/users\/8"}],"replies":[{"embeddable":true,"href":"https:\/\/lightweb.dev\/l\/svm-temp\/wp-json\/wp\/v2\/comments?post=4132"}],"version-history":[{"count":0,"href":"https:\/\/lightweb.dev\/l\/svm-temp\/wp-json\/wp\/v2\/posts\/4132\/revisions"}],"wp:featuredmedia":[{"embeddable":true,"href":"https:\/\/lightweb.dev\/l\/svm-temp\/wp-json\/wp\/v2\/media\/4133"}],"wp:attachment":[{"href":"https:\/\/lightweb.dev\/l\/svm-temp\/wp-json\/wp\/v2\/media?parent=4132"}],"wp:term":[{"taxonomy":"category","embeddable":true,"href":"https:\/\/lightweb.dev\/l\/svm-temp\/wp-json\/wp\/v2\/categories?post=4132"},{"taxonomy":"post_tag","embeddable":true,"href":"https:\/\/lightweb.dev\/l\/svm-temp\/wp-json\/wp\/v2\/tags?post=4132"}],"curies":[{"name":"wp","href":"https:\/\/api.w.org\/{rel}","templated":true}]}}